{"id":15529,"date":"2019-02-14T07:23:10","date_gmt":"2019-02-14T10:23:10","guid":{"rendered":"http:\/\/noticiasemdestaque.com\/cd\/?p=15529"},"modified":"2019-02-14T07:23:10","modified_gmt":"2019-02-14T10:23:10","slug":"ministra-da-agricultura-visita-cariri-para-conhecer-criacoes-de-caprinos","status":"publish","type":"post","link":"https:\/\/noticiasemdestaque.com\/cd\/?p=15529","title":{"rendered":"Ministra da Agricultura visita Cariri para conhecer cria\u00e7\u00f5es de caprinos"},"content":{"rendered":"<p><a href=\"https:\/\/noticiasemdestaque.com\/cd\/wp-content\/uploads\/2019\/02\/timthumb.jpg\"><img fetchpriority=\"high\" decoding=\"async\" class=\"alignnone size-full wp-image-15530\" src=\"https:\/\/noticiasemdestaque.com\/cd\/wp-content\/uploads\/2019\/02\/timthumb.jpg\" alt=\"\" width=\"547\" height=\"398\" srcset=\"https:\/\/noticiasemdestaque.com\/cd\/wp-content\/uploads\/2019\/02\/timthumb.jpg 547w, https:\/\/noticiasemdestaque.com\/cd\/wp-content\/uploads\/2019\/02\/timthumb-300x218.jpg 300w\" sizes=\"(max-width: 547px) 100vw, 547px\" \/><\/a><\/p>\n<p>A ministra da Agricultura, Pecu\u00e1ria e Abastecimento, Tereza Cristina, vai percorrer quatro estados do Nordeste (Piau\u00ed, Cear\u00e1, Rio Grande do Norte e Para\u00edba), a partir desta quinta-feira (14), para conhecer de perto projetos que t\u00eam apoio do minist\u00e9rio na regi\u00e3o, de produ\u00e7\u00e3o de frutas, flores, camar\u00f5es e pescado, al\u00e9m da caprinocultura e da produ\u00e7\u00e3o de aves e ovos. Ela tamb\u00e9m vai obter informa\u00e7\u00f5es sobre a quest\u00e3o fundi\u00e1ria na regi\u00e3o.<\/p>\n<p>A viagem, que vai at\u00e9 domingo (17), faz parte do Plano de A\u00e7\u00e3o do Minist\u00e9rio da Agricultura (Mapa) para o Nordeste, voltado \u00e0 gera\u00e7\u00e3o de emprego e renda. O Mapa quer reunir todos os dados dispon\u00edveis sobre os projetos voltados \u00e0 agricultura familiar, \u00e0 pesca e \u00e0 aquicultura, os assuntos fundi\u00e1rios e as demandas do Servi\u00e7o Florestal, entre outros, que estavam sendo coordenados por outras \u00e1reas do governo. A proposta \u00e9 reunir esfor\u00e7os por microrregi\u00f5es para acelerar os projetos com os recursos dispon\u00edveis. O secret\u00e1rio da Agricultura Familiar e Cooperativismo, Fernando Schwanke, vai acompanhar a ministra nas visitas t\u00e9cnicas.<\/p>\n<p>Ser\u00e1 feito um cruzamento de dados dispon\u00edveis na Embrapa, no Incra e outros \u00f3rg\u00e3os sobre tipos de solo, disponibilidade de \u00e1gua, exist\u00eancia e conserva\u00e7\u00e3o de estradas, com o objetivo de aprofundar as a\u00e7\u00f5es para atender as realidades do semi\u00e1rido. O uso de imagens de sat\u00e9lite (sistemas de georreferenciamento) ser\u00e1 uma das ferramentas de destaque nos projetos do Mapa.<\/p>\n<p><strong><a href=\"http:\/\/caririligado.com.br\/wp-content\/uploads\/2019\/02\/courocabra.jpg\"><img decoding=\"async\" class=\"alignleft size-medium wp-image-99187\" src=\"http:\/\/caririligado.com.br\/wp-content\/uploads\/2019\/02\/courocabra-300x169.jpg\" alt=\"\" width=\"300\" height=\"169\" \/><\/a>A\u00e7\u00facar e couro de cabra<\/strong><\/p>\n<p>No s\u00e1bado (16), Tereza Cristina viajar\u00e1 para a Para\u00edba e ir\u00e1 \u00e0 Usina Japungu, no munic\u00edpio de Santa Rita, integrante de um grupo de cinco usinas processadoras de a\u00e7\u00facar e \u00e1lcool (anidro e hidratado). Depois, a ministra ir\u00e1 se reunir com lideran\u00e7as dos produtores. No fim da tarde, a ministra viajar\u00e1 para Campina Grande (PB), e de l\u00e1 se deslocar\u00e1 a Cabaceiras (PB).<\/p>\n<p>No domingo (17), o encerramento das visitas t\u00e9cnicas ser\u00e1 na Cooperativa dos Curtidores e Artes\u00e3os em Couro Arteza, de Cabaceiras. Fundada h\u00e1 14 anos, a cooperativa trabalha a pele dos caprinos usando processo de curtimento vegetal, um dos melhores do pa\u00eds, que praticamente n\u00e3o gera odor. A cooperativa tamb\u00e9m processa couros de origem bovina (10% da sua produ\u00e7\u00e3o). A ministra tamb\u00e9m vai conhecer a Cooperativa dos Caprinobovinocultores de Cabaceiras e Regi\u00e3o antes de regressar a Bras\u00edlia.<\/p>\n","protected":false},"excerpt":{"rendered":"<p>A ministra da Agricultura, Pecu\u00e1ria e Abastecimento, Tereza Cristina, vai percorrer quatro estados do Nordeste (Piau\u00ed, Cear\u00e1, Rio Grande do Norte e Para\u00edba), a partir desta quinta-feira (14), para conhecer de perto projetos que t\u00eam apoio do minist\u00e9rio na regi\u00e3o, de produ\u00e7\u00e3o de frutas, flores, camar\u00f5es e pescado, al\u00e9m da caprinocultura e da produ\u00e7\u00e3o de aves e ovos. Ela tamb\u00e9m vai obter informa\u00e7\u00f5es sobre a quest\u00e3o fundi\u00e1ria na regi\u00e3o. A viagem, que vai at\u00e9 domingo (17), faz parte do Plano de A\u00e7\u00e3o do Minist\u00e9rio da Agricultura (Mapa) para o Nordeste, voltado \u00e0 gera\u00e7\u00e3o de emprego e renda. O Mapa quer reunir todos os dados dispon\u00edveis sobre os projetos voltados \u00e0 agricultura familiar, \u00e0 pesca e \u00e0 aquicultura, os assuntos fundi\u00e1rios e as demandas do Servi\u00e7o Florestal, entre outros, que estavam sendo coordenados por outras \u00e1reas do governo. A proposta \u00e9 reunir esfor\u00e7os por microrregi\u00f5es para acelerar os projetos com os recursos dispon\u00edveis. O secret\u00e1rio da Agricultura Familiar e Cooperativismo, Fernando Schwanke, vai acompanhar a ministra nas visitas t\u00e9cnicas. Ser\u00e1 feito um cruzamento de dados dispon\u00edveis na Embrapa, no Incra e outros \u00f3rg\u00e3os sobre tipos de solo, disponibilidade de \u00e1gua, exist\u00eancia e conserva\u00e7\u00e3o de estradas, com o objetivo de aprofundar as a\u00e7\u00f5es para atender as realidades do semi\u00e1rido. O uso de imagens de sat\u00e9lite (sistemas de georreferenciamento) ser\u00e1 uma das ferramentas de destaque nos projetos do Mapa. A\u00e7\u00facar e couro de cabra No s\u00e1bado (16), Tereza Cristina viajar\u00e1 para a Para\u00edba e ir\u00e1 \u00e0 Usina Japungu, no munic\u00edpio de Santa Rita, integrante de um grupo de cinco usinas processadoras de a\u00e7\u00facar e \u00e1lcool (anidro e hidratado). Depois, a ministra ir\u00e1 se reunir com lideran\u00e7as dos produtores. No fim da tarde, a ministra viajar\u00e1 para Campina Grande (PB), e de l\u00e1 se deslocar\u00e1 a Cabaceiras (PB). No domingo (17), o encerramento das visitas t\u00e9cnicas ser\u00e1 na Cooperativa dos Curtidores e Artes\u00e3os em Couro Arteza, de Cabaceiras. Fundada h\u00e1 14 anos, a cooperativa trabalha a pele dos caprinos usando processo de curtimento vegetal, um dos melhores do pa\u00eds, que praticamente n\u00e3o gera odor. A cooperativa tamb\u00e9m processa couros de origem bovina (10% da sua produ\u00e7\u00e3o). A ministra tamb\u00e9m vai conhecer a Cooperativa dos Caprinobovinocultores de Cabaceiras e Regi\u00e3o antes de regressar a Bras\u00edlia.<\/p>\n","protected":false},"author":2,"featured_media":15530,"comment_status":"closed","ping_status":"open","sticky":false,"template":"","format":"standard","meta":{"_eb_attr":"","_jetpack_memberships_contains_paid_content":false,"footnotes":""},"categories":[4],"tags":[],"class_list":["post-15529","post","type-post","status-publish","format-standard","has-post-thumbnail","hentry","category-politica"],"yoast_head":"<!-- This site is optimized with the Yoast SEO plugin v26.5 - https:\/\/yoast.com\/wordpress\/plugins\/seo\/ -->\n<title>Ministra da Agricultura visita Cariri para conhecer cria\u00e7\u00f5es de caprinos - Not&iacute;cias em Destaque<\/title>\n<meta name=\"robots\" content=\"index, follow, max-snippet:-1, max-image-preview:large, max-video-preview:-1\" \/>\n<link rel=\"canonical\" href=\"https:\/\/noticiasemdestaque.com\/cd\/?p=15529\" \/>\n<meta property=\"og:locale\" content=\"pt_BR\" \/>\n<meta property=\"og:type\" content=\"article\" \/>\n<meta property=\"og:title\" content=\"Ministra da Agricultura visita Cariri para conhecer cria\u00e7\u00f5es de caprinos - Not&iacute;cias em Destaque\" \/>\n<meta property=\"og:description\" content=\"A ministra da Agricultura, Pecu\u00e1ria e Abastecimento, Tereza Cristina, vai percorrer quatro estados do Nordeste (Piau\u00ed, Cear\u00e1, Rio Grande do Norte e Para\u00edba), a partir desta quinta-feira (14), para conhecer de perto projetos que t\u00eam apoio do minist\u00e9rio na regi\u00e3o, de produ\u00e7\u00e3o de frutas, flores, camar\u00f5es e pescado, al\u00e9m da caprinocultura e da produ\u00e7\u00e3o de aves e ovos. Ela tamb\u00e9m vai obter informa\u00e7\u00f5es sobre a quest\u00e3o fundi\u00e1ria na regi\u00e3o. A viagem, que vai at\u00e9 domingo (17), faz parte do Plano de A\u00e7\u00e3o do Minist\u00e9rio da Agricultura (Mapa) para o Nordeste, voltado \u00e0 gera\u00e7\u00e3o de emprego e renda. O Mapa quer reunir todos os dados dispon\u00edveis sobre os projetos voltados \u00e0 agricultura familiar, \u00e0 pesca e \u00e0 aquicultura, os assuntos fundi\u00e1rios e as demandas do Servi\u00e7o Florestal, entre outros, que estavam sendo coordenados por outras \u00e1reas do governo. A proposta \u00e9 reunir esfor\u00e7os por microrregi\u00f5es para acelerar os projetos com os recursos dispon\u00edveis. O secret\u00e1rio da Agricultura Familiar e Cooperativismo, Fernando Schwanke, vai acompanhar a ministra nas visitas t\u00e9cnicas. Ser\u00e1 feito um cruzamento de dados dispon\u00edveis na Embrapa, no Incra e outros \u00f3rg\u00e3os sobre tipos de solo, disponibilidade de \u00e1gua, exist\u00eancia e conserva\u00e7\u00e3o de estradas, com o objetivo de aprofundar as a\u00e7\u00f5es para atender as realidades do semi\u00e1rido. O uso de imagens de sat\u00e9lite (sistemas de georreferenciamento) ser\u00e1 uma das ferramentas de destaque nos projetos do Mapa. A\u00e7\u00facar e couro de cabra No s\u00e1bado (16), Tereza Cristina viajar\u00e1 para a Para\u00edba e ir\u00e1 \u00e0 Usina Japungu, no munic\u00edpio de Santa Rita, integrante de um grupo de cinco usinas processadoras de a\u00e7\u00facar e \u00e1lcool (anidro e hidratado). Depois, a ministra ir\u00e1 se reunir com lideran\u00e7as dos produtores. No fim da tarde, a ministra viajar\u00e1 para Campina Grande (PB), e de l\u00e1 se deslocar\u00e1 a Cabaceiras (PB). No domingo (17), o encerramento das visitas t\u00e9cnicas ser\u00e1 na Cooperativa dos Curtidores e Artes\u00e3os em Couro Arteza, de Cabaceiras. Fundada h\u00e1 14 anos, a cooperativa trabalha a pele dos caprinos usando processo de curtimento vegetal, um dos melhores do pa\u00eds, que praticamente n\u00e3o gera odor. A cooperativa tamb\u00e9m processa couros de origem bovina (10% da sua produ\u00e7\u00e3o). A ministra tamb\u00e9m vai conhecer a Cooperativa dos Caprinobovinocultores de Cabaceiras e Regi\u00e3o antes de regressar a Bras\u00edlia.\" \/>\n<meta property=\"og:url\" content=\"https:\/\/noticiasemdestaque.com\/cd\/?p=15529\" \/>\n<meta property=\"og:site_name\" content=\"Not&iacute;cias em Destaque\" \/>\n<meta property=\"article:published_time\" content=\"2019-02-14T10:23:10+00:00\" \/>\n<meta property=\"og:image\" content=\"https:\/\/noticiasemdestaque.com\/cd\/wp-content\/uploads\/2019\/02\/timthumb.jpg\" \/>\n\t<meta property=\"og:image:width\" content=\"547\" \/>\n\t<meta property=\"og:image:height\" content=\"398\" \/>\n\t<meta property=\"og:image:type\" content=\"image\/jpeg\" \/>\n<meta name=\"author\" content=\"Not\u00edcias em Destaque\" \/>\n<meta name=\"twitter:card\" content=\"summary_large_image\" \/>\n<meta name=\"twitter:label1\" content=\"Escrito por\" \/>\n\t<meta name=\"twitter:data1\" content=\"Not\u00edcias em Destaque\" \/>\n\t<meta name=\"twitter:label2\" content=\"Est. tempo de leitura\" \/>\n\t<meta name=\"twitter:data2\" content=\"2 minutos\" \/>\n<script type=\"application\/ld+json\" class=\"yoast-schema-graph\">{\"@context\":\"https:\/\/schema.org\",\"@graph\":[{\"@type\":\"Article\",\"@id\":\"https:\/\/noticiasemdestaque.com\/cd\/?p=15529#article\",\"isPartOf\":{\"@id\":\"https:\/\/noticiasemdestaque.com\/cd\/?p=15529\"},\"author\":{\"name\":\"Not\u00edcias em Destaque\",\"@id\":\"https:\/\/noticiasemdestaque.com\/cd\/#\/schema\/person\/47f7d4f55eec17c6b2ca036c5500f6ce\"},\"headline\":\"Ministra da Agricultura visita Cariri para conhecer cria\u00e7\u00f5es de caprinos\",\"datePublished\":\"2019-02-14T10:23:10+00:00\",\"mainEntityOfPage\":{\"@id\":\"https:\/\/noticiasemdestaque.com\/cd\/?p=15529\"},\"wordCount\":416,\"publisher\":{\"@id\":\"https:\/\/noticiasemdestaque.com\/cd\/#organization\"},\"image\":{\"@id\":\"https:\/\/noticiasemdestaque.com\/cd\/?p=15529#primaryimage\"},\"thumbnailUrl\":\"https:\/\/noticiasemdestaque.com\/cd\/wp-content\/uploads\/2019\/02\/timthumb.jpg\",\"articleSection\":[\"Pol\u00edtica\"],\"inLanguage\":\"pt-BR\"},{\"@type\":\"WebPage\",\"@id\":\"https:\/\/noticiasemdestaque.com\/cd\/?p=15529\",\"url\":\"https:\/\/noticiasemdestaque.com\/cd\/?p=15529\",\"name\":\"Ministra da Agricultura visita Cariri para conhecer cria\u00e7\u00f5es de caprinos - Not&iacute;cias em Destaque\",\"isPartOf\":{\"@id\":\"https:\/\/noticiasemdestaque.com\/cd\/#website\"},\"primaryImageOfPage\":{\"@id\":\"https:\/\/noticiasemdestaque.com\/cd\/?p=15529#primaryimage\"},\"image\":{\"@id\":\"https:\/\/noticiasemdestaque.com\/cd\/?p=15529#primaryimage\"},\"thumbnailUrl\":\"https:\/\/noticiasemdestaque.com\/cd\/wp-content\/uploads\/2019\/02\/timthumb.jpg\",\"datePublished\":\"2019-02-14T10:23:10+00:00\",\"breadcrumb\":{\"@id\":\"https:\/\/noticiasemdestaque.com\/cd\/?p=15529#breadcrumb\"},\"inLanguage\":\"pt-BR\",\"potentialAction\":[{\"@type\":\"ReadAction\",\"target\":[\"https:\/\/noticiasemdestaque.com\/cd\/?p=15529\"]}]},{\"@type\":\"ImageObject\",\"inLanguage\":\"pt-BR\",\"@id\":\"https:\/\/noticiasemdestaque.com\/cd\/?p=15529#primaryimage\",\"url\":\"https:\/\/noticiasemdestaque.com\/cd\/wp-content\/uploads\/2019\/02\/timthumb.jpg\",\"contentUrl\":\"https:\/\/noticiasemdestaque.com\/cd\/wp-content\/uploads\/2019\/02\/timthumb.jpg\",\"width\":547,\"height\":398},{\"@type\":\"BreadcrumbList\",\"@id\":\"https:\/\/noticiasemdestaque.com\/cd\/?p=15529#breadcrumb\",\"itemListElement\":[{\"@type\":\"ListItem\",\"position\":1,\"name\":\"In\u00edcio\",\"item\":\"https:\/\/noticiasemdestaque.com\/cd\/\"},{\"@type\":\"ListItem\",\"position\":2,\"name\":\"Ministra da Agricultura visita Cariri para conhecer cria\u00e7\u00f5es de caprinos\"}]},{\"@type\":\"WebSite\",\"@id\":\"https:\/\/noticiasemdestaque.com\/cd\/#website\",\"url\":\"https:\/\/noticiasemdestaque.com\/cd\/\",\"name\":\"Not&iacute;cias em Destaque\",\"description\":\"\",\"publisher\":{\"@id\":\"https:\/\/noticiasemdestaque.com\/cd\/#organization\"},\"potentialAction\":[{\"@type\":\"SearchAction\",\"target\":{\"@type\":\"EntryPoint\",\"urlTemplate\":\"https:\/\/noticiasemdestaque.com\/cd\/?s={search_term_string}\"},\"query-input\":{\"@type\":\"PropertyValueSpecification\",\"valueRequired\":true,\"valueName\":\"search_term_string\"}}],\"inLanguage\":\"pt-BR\"},{\"@type\":\"Organization\",\"@id\":\"https:\/\/noticiasemdestaque.com\/cd\/#organization\",\"name\":\"Not\u00edcias em Destaque\",\"url\":\"https:\/\/noticiasemdestaque.com\/cd\/\",\"logo\":{\"@type\":\"ImageObject\",\"inLanguage\":\"pt-BR\",\"@id\":\"https:\/\/noticiasemdestaque.com\/cd\/#\/schema\/logo\/image\/\",\"url\":\"https:\/\/noticiasemdestaque.com\/cd\/wp-content\/uploads\/2022\/05\/imagem-base-noticiasemdestaque.png\",\"contentUrl\":\"https:\/\/noticiasemdestaque.com\/cd\/wp-content\/uploads\/2022\/05\/imagem-base-noticiasemdestaque.png\",\"width\":1200,\"height\":630,\"caption\":\"Not\u00edcias em Destaque\"},\"image\":{\"@id\":\"https:\/\/noticiasemdestaque.com\/cd\/#\/schema\/logo\/image\/\"}},{\"@type\":\"Person\",\"@id\":\"https:\/\/noticiasemdestaque.com\/cd\/#\/schema\/person\/47f7d4f55eec17c6b2ca036c5500f6ce\",\"name\":\"Not\u00edcias em Destaque\",\"url\":\"https:\/\/noticiasemdestaque.com\/cd\/?author=2\"}]}<\/script>\n<!-- \/ Yoast SEO plugin. -->","yoast_head_json":{"title":"Ministra da Agricultura visita Cariri para conhecer cria\u00e7\u00f5es de caprinos - Not&iacute;cias em Destaque","robots":{"index":"index","follow":"follow","max-snippet":"max-snippet:-1","max-image-preview":"max-image-preview:large","max-video-preview":"max-video-preview:-1"},"canonical":"https:\/\/noticiasemdestaque.com\/cd\/?p=15529","og_locale":"pt_BR","og_type":"article","og_title":"Ministra da Agricultura visita Cariri para conhecer cria\u00e7\u00f5es de caprinos - Not&iacute;cias em Destaque","og_description":"A ministra da Agricultura, Pecu\u00e1ria e Abastecimento, Tereza Cristina, vai percorrer quatro estados do Nordeste (Piau\u00ed, Cear\u00e1, Rio Grande do Norte e Para\u00edba), a partir desta quinta-feira (14), para conhecer de perto projetos que t\u00eam apoio do minist\u00e9rio na regi\u00e3o, de produ\u00e7\u00e3o de frutas, flores, camar\u00f5es e pescado, al\u00e9m da caprinocultura e da produ\u00e7\u00e3o de aves e ovos. Ela tamb\u00e9m vai obter informa\u00e7\u00f5es sobre a quest\u00e3o fundi\u00e1ria na regi\u00e3o. A viagem, que vai at\u00e9 domingo (17), faz parte do Plano de A\u00e7\u00e3o do Minist\u00e9rio da Agricultura (Mapa) para o Nordeste, voltado \u00e0 gera\u00e7\u00e3o de emprego e renda. O Mapa quer reunir todos os dados dispon\u00edveis sobre os projetos voltados \u00e0 agricultura familiar, \u00e0 pesca e \u00e0 aquicultura, os assuntos fundi\u00e1rios e as demandas do Servi\u00e7o Florestal, entre outros, que estavam sendo coordenados por outras \u00e1reas do governo. A proposta \u00e9 reunir esfor\u00e7os por microrregi\u00f5es para acelerar os projetos com os recursos dispon\u00edveis. O secret\u00e1rio da Agricultura Familiar e Cooperativismo, Fernando Schwanke, vai acompanhar a ministra nas visitas t\u00e9cnicas. Ser\u00e1 feito um cruzamento de dados dispon\u00edveis na Embrapa, no Incra e outros \u00f3rg\u00e3os sobre tipos de solo, disponibilidade de \u00e1gua, exist\u00eancia e conserva\u00e7\u00e3o de estradas, com o objetivo de aprofundar as a\u00e7\u00f5es para atender as realidades do semi\u00e1rido. O uso de imagens de sat\u00e9lite (sistemas de georreferenciamento) ser\u00e1 uma das ferramentas de destaque nos projetos do Mapa. A\u00e7\u00facar e couro de cabra No s\u00e1bado (16), Tereza Cristina viajar\u00e1 para a Para\u00edba e ir\u00e1 \u00e0 Usina Japungu, no munic\u00edpio de Santa Rita, integrante de um grupo de cinco usinas processadoras de a\u00e7\u00facar e \u00e1lcool (anidro e hidratado). Depois, a ministra ir\u00e1 se reunir com lideran\u00e7as dos produtores. No fim da tarde, a ministra viajar\u00e1 para Campina Grande (PB), e de l\u00e1 se deslocar\u00e1 a Cabaceiras (PB). No domingo (17), o encerramento das visitas t\u00e9cnicas ser\u00e1 na Cooperativa dos Curtidores e Artes\u00e3os em Couro Arteza, de Cabaceiras. Fundada h\u00e1 14 anos, a cooperativa trabalha a pele dos caprinos usando processo de curtimento vegetal, um dos melhores do pa\u00eds, que praticamente n\u00e3o gera odor. A cooperativa tamb\u00e9m processa couros de origem bovina (10% da sua produ\u00e7\u00e3o). A ministra tamb\u00e9m vai conhecer a Cooperativa dos Caprinobovinocultores de Cabaceiras e Regi\u00e3o antes de regressar a Bras\u00edlia.","og_url":"https:\/\/noticiasemdestaque.com\/cd\/?p=15529","og_site_name":"Not&iacute;cias em Destaque","article_published_time":"2019-02-14T10:23:10+00:00","og_image":[{"width":547,"height":398,"url":"https:\/\/noticiasemdestaque.com\/cd\/wp-content\/uploads\/2019\/02\/timthumb.jpg","type":"image\/jpeg"}],"author":"Not\u00edcias em Destaque","twitter_card":"summary_large_image","twitter_misc":{"Escrito por":"Not\u00edcias em Destaque","Est. tempo de leitura":"2 minutos"},"schema":{"@context":"https:\/\/schema.org","@graph":[{"@type":"Article","@id":"https:\/\/noticiasemdestaque.com\/cd\/?p=15529#article","isPartOf":{"@id":"https:\/\/noticiasemdestaque.com\/cd\/?p=15529"},"author":{"name":"Not\u00edcias em Destaque","@id":"https:\/\/noticiasemdestaque.com\/cd\/#\/schema\/person\/47f7d4f55eec17c6b2ca036c5500f6ce"},"headline":"Ministra da Agricultura visita Cariri para conhecer cria\u00e7\u00f5es de caprinos","datePublished":"2019-02-14T10:23:10+00:00","mainEntityOfPage":{"@id":"https:\/\/noticiasemdestaque.com\/cd\/?p=15529"},"wordCount":416,"publisher":{"@id":"https:\/\/noticiasemdestaque.com\/cd\/#organization"},"image":{"@id":"https:\/\/noticiasemdestaque.com\/cd\/?p=15529#primaryimage"},"thumbnailUrl":"https:\/\/noticiasemdestaque.com\/cd\/wp-content\/uploads\/2019\/02\/timthumb.jpg","articleSection":["Pol\u00edtica"],"inLanguage":"pt-BR"},{"@type":"WebPage","@id":"https:\/\/noticiasemdestaque.com\/cd\/?p=15529","url":"https:\/\/noticiasemdestaque.com\/cd\/?p=15529","name":"Ministra da Agricultura visita Cariri para conhecer cria\u00e7\u00f5es de caprinos - Not&iacute;cias em Destaque","isPartOf":{"@id":"https:\/\/noticiasemdestaque.com\/cd\/#website"},"primaryImageOfPage":{"@id":"https:\/\/noticiasemdestaque.com\/cd\/?p=15529#primaryimage"},"image":{"@id":"https:\/\/noticiasemdestaque.com\/cd\/?p=15529#primaryimage"},"thumbnailUrl":"https:\/\/noticiasemdestaque.com\/cd\/wp-content\/uploads\/2019\/02\/timthumb.jpg","datePublished":"2019-02-14T10:23:10+00:00","breadcrumb":{"@id":"https:\/\/noticiasemdestaque.com\/cd\/?p=15529#breadcrumb"},"inLanguage":"pt-BR","potentialAction":[{"@type":"ReadAction","target":["https:\/\/noticiasemdestaque.com\/cd\/?p=15529"]}]},{"@type":"ImageObject","inLanguage":"pt-BR","@id":"https:\/\/noticiasemdestaque.com\/cd\/?p=15529#primaryimage","url":"https:\/\/noticiasemdestaque.com\/cd\/wp-content\/uploads\/2019\/02\/timthumb.jpg","contentUrl":"https:\/\/noticiasemdestaque.com\/cd\/wp-content\/uploads\/2019\/02\/timthumb.jpg","width":547,"height":398},{"@type":"BreadcrumbList","@id":"https:\/\/noticiasemdestaque.com\/cd\/?p=15529#breadcrumb","itemListElement":[{"@type":"ListItem","position":1,"name":"In\u00edcio","item":"https:\/\/noticiasemdestaque.com\/cd\/"},{"@type":"ListItem","position":2,"name":"Ministra da Agricultura visita Cariri para conhecer cria\u00e7\u00f5es de caprinos"}]},{"@type":"WebSite","@id":"https:\/\/noticiasemdestaque.com\/cd\/#website","url":"https:\/\/noticiasemdestaque.com\/cd\/","name":"Not&iacute;cias em Destaque","description":"","publisher":{"@id":"https:\/\/noticiasemdestaque.com\/cd\/#organization"},"potentialAction":[{"@type":"SearchAction","target":{"@type":"EntryPoint","urlTemplate":"https:\/\/noticiasemdestaque.com\/cd\/?s={search_term_string}"},"query-input":{"@type":"PropertyValueSpecification","valueRequired":true,"valueName":"search_term_string"}}],"inLanguage":"pt-BR"},{"@type":"Organization","@id":"https:\/\/noticiasemdestaque.com\/cd\/#organization","name":"Not\u00edcias em Destaque","url":"https:\/\/noticiasemdestaque.com\/cd\/","logo":{"@type":"ImageObject","inLanguage":"pt-BR","@id":"https:\/\/noticiasemdestaque.com\/cd\/#\/schema\/logo\/image\/","url":"https:\/\/noticiasemdestaque.com\/cd\/wp-content\/uploads\/2022\/05\/imagem-base-noticiasemdestaque.png","contentUrl":"https:\/\/noticiasemdestaque.com\/cd\/wp-content\/uploads\/2022\/05\/imagem-base-noticiasemdestaque.png","width":1200,"height":630,"caption":"Not\u00edcias em Destaque"},"image":{"@id":"https:\/\/noticiasemdestaque.com\/cd\/#\/schema\/logo\/image\/"}},{"@type":"Person","@id":"https:\/\/noticiasemdestaque.com\/cd\/#\/schema\/person\/47f7d4f55eec17c6b2ca036c5500f6ce","name":"Not\u00edcias em Destaque","url":"https:\/\/noticiasemdestaque.com\/cd\/?author=2"}]}},"jetpack_featured_media_url":"https:\/\/noticiasemdestaque.com\/cd\/wp-content\/uploads\/2019\/02\/timthumb.jpg","jetpack_sharing_enabled":true,"_links":{"self":[{"href":"https:\/\/noticiasemdestaque.com\/cd\/index.php?rest_route=\/wp\/v2\/posts\/15529","targetHints":{"allow":["GET"]}}],"collection":[{"href":"https:\/\/noticiasemdestaque.com\/cd\/index.php?rest_route=\/wp\/v2\/posts"}],"about":[{"href":"https:\/\/noticiasemdestaque.com\/cd\/index.php?rest_route=\/wp\/v2\/types\/post"}],"author":[{"embeddable":true,"href":"https:\/\/noticiasemdestaque.com\/cd\/index.php?rest_route=\/wp\/v2\/users\/2"}],"replies":[{"embeddable":true,"href":"https:\/\/noticiasemdestaque.com\/cd\/index.php?rest_route=%2Fwp%2Fv2%2Fcomments&post=15529"}],"version-history":[{"count":1,"href":"https:\/\/noticiasemdestaque.com\/cd\/index.php?rest_route=\/wp\/v2\/posts\/15529\/revisions"}],"predecessor-version":[{"id":15531,"href":"https:\/\/noticiasemdestaque.com\/cd\/index.php?rest_route=\/wp\/v2\/posts\/15529\/revisions\/15531"}],"wp:featuredmedia":[{"embeddable":true,"href":"https:\/\/noticiasemdestaque.com\/cd\/index.php?rest_route=\/wp\/v2\/media\/15530"}],"wp:attachment":[{"href":"https:\/\/noticiasemdestaque.com\/cd\/index.php?rest_route=%2Fwp%2Fv2%2Fmedia&parent=15529"}],"wp:term":[{"taxonomy":"category","embeddable":true,"href":"https:\/\/noticiasemdestaque.com\/cd\/index.php?rest_route=%2Fwp%2Fv2%2Fcategories&post=15529"},{"taxonomy":"post_tag","embeddable":true,"href":"https:\/\/noticiasemdestaque.com\/cd\/index.php?rest_route=%2Fwp%2Fv2%2Ftags&post=15529"}],"curies":[{"name":"wp","href":"https:\/\/api.w.org\/{rel}","templated":true}]}}