{"id":15526,"date":"2019-02-14T07:13:44","date_gmt":"2019-02-14T10:13:44","guid":{"rendered":"http:\/\/noticiasemdestaque.com\/cd\/?p=15526"},"modified":"2019-02-14T07:13:44","modified_gmt":"2019-02-14T10:13:44","slug":"rodovias-da-paraiba-terao-aumento-de-115-radares-de-velocidade-e-contrato-custara-r-59-milhoes","status":"publish","type":"post","link":"https:\/\/noticiasemdestaque.com\/cd\/?p=15526","title":{"rendered":"Rodovias da Para\u00edba ter\u00e3o aumento de 115 radares de velocidade e contrato custar\u00e1 R$ 59 milh\u00f5es"},"content":{"rendered":"<p class=\" tm_nativeauto\"><a href=\"https:\/\/noticiasemdestaque.com\/cd\/wp-content\/uploads\/2019\/02\/radar2.jpg\"><img fetchpriority=\"high\" decoding=\"async\" class=\"alignnone size-full wp-image-15527\" src=\"https:\/\/noticiasemdestaque.com\/cd\/wp-content\/uploads\/2019\/02\/radar2.jpg\" alt=\"\" width=\"876\" height=\"585\" srcset=\"https:\/\/noticiasemdestaque.com\/cd\/wp-content\/uploads\/2019\/02\/radar2.jpg 876w, https:\/\/noticiasemdestaque.com\/cd\/wp-content\/uploads\/2019\/02\/radar2-300x200.jpg 300w, https:\/\/noticiasemdestaque.com\/cd\/wp-content\/uploads\/2019\/02\/radar2-768x513.jpg 768w, https:\/\/noticiasemdestaque.com\/cd\/wp-content\/uploads\/2019\/02\/radar2-480x320.jpg 480w\" sizes=\"(max-width: 876px) 100vw, 876px\" \/><\/a><\/p>\n<p class=\" tm_nativeauto\">As rodovias da Para\u00edba receber\u00e3o 115 novos radares nos pr\u00f3ximos meses. A previs\u00e3o, segundo o\u00a0Departamento Nacional de Infraestrutura de Transporte (DNIT), \u00e9 de que at\u00e9 junho de 2019 todos os equipamentos sejam instalados. A empresa que ganhou a licita\u00e7\u00e3o e est\u00e1 respons\u00e1vel pelo novo contrato \u00e9 a\u00a0Fiscal Tecnologia e Automa\u00e7\u00e3o LTDA (Fiscaltech). O contrato que j\u00e1 est\u00e1 em vigor vai custar R$ 59.384.650,04.<\/p>\n<p>De acordo com informa\u00e7\u00f5es obtidas pelo ClickPB, a\u00a0previs\u00e3o atual \u00e9 de instala\u00e7\u00e3o de 186 equipamentos na malha rodovi\u00e1ria federal da Para\u00edba, sendo 71 substitui\u00e7\u00f5es de equipamentos antigos e 115 em novos pontos previstos. Atualmente, 30 equipamentos est\u00e3o em instala\u00e7\u00e3o na regi\u00e3o de Sousa, Cajazeiras, Uira\u00fana, Juazeirinho e Pombal.<\/p>\n<p>De acordo com DNIT, a mudan\u00e7a de empresa foi feita ap\u00f3s o t\u00e9rmino do contrato antigo, que operou at\u00e9 janeiro deste ano.\u00a0\u201cO\u00a0cons\u00f3rcio Data Traffic-Mobit, que operava um total de 71 equipamentos eletr\u00f4nicos de velocidade, instalados nas rodovias federais da Para\u00edba, dos quais 32 eram radares fixos e 39 barreiras eletr\u00f4nicas, se encontrava em seu terceiro contrato emergencial, que expirou em 14\/01\/2019\u201d, informou o DNIT.<\/p>\n<p>Ainda segundo o \u00f3rg\u00e3o, \u201cos\u00a0equipamentos pertenciam \u00e0\u00a0empresa contratada, e o DNIT remunerava-a pela disponibiliza\u00e7\u00e3o e opera\u00e7\u00e3o dos mesmos. Logo, com o t\u00e9rmino do contrato, a empresa iniciou o recolhimento de seus equipamentos, atendendo \u00e0 uma exig\u00eancia contratual\u201d, explicou o \u00f3rg\u00e3o.\u00a0A licita\u00e7\u00e3o que sagrou vencedora a\u00a0Fiscaltech\u00a0ocorreu em 29\/05\/2017 pela modalidade preg\u00e3o eletr\u00f4nico.<\/p>\n<p class=\" aBigClassNameToAvoidCollisionInText\">Ap\u00f3s a instala\u00e7\u00e3o dos equipamentos na regi\u00e3o de Sousa, Cajazeiras, Uira\u00fana, Juazeirinho e Pombal, a empresa prosseguir\u00e1 para a regi\u00e3o de Campina Grande e entorno. Paralelo a isso, h\u00e1 uma segunda equipe se mobilizando para substituir os equipamentos na regi\u00e3o metropolitana de Jo\u00e3o Pessoa, bem como para instala\u00e7\u00e3o dos novos equipamentos em novos locais. O cronograma em vigor, segundo o DNIT, indica que todos os equipamentos estar\u00e3o instalados at\u00e9 julho deste ano.<\/p>\n<p>As notifica\u00e7\u00f5es come\u00e7am ap\u00f3s a aferi\u00e7\u00e3o dos primeiros equipamentos. \u201cAt\u00e9 o presente momento j\u00e1 temos equipamentos aferidos em 16 locais diferentes, e estamos apenas no aguardo do registro do Laudo pelo IPEM (Instituto Nacional de Pesos e Medidas) para coloc\u00e1-los em opera\u00e7\u00e3o, o que deve ocorrer at\u00e9 esta quinta-feira (14\/02)\u201d, informou o DNIT.<\/p>\n<p>Fonte: ClickPB<\/p>\n","protected":false},"excerpt":{"rendered":"<p>As rodovias da Para\u00edba receber\u00e3o 115 novos radares nos pr\u00f3ximos meses. A previs\u00e3o, segundo o\u00a0Departamento Nacional de Infraestrutura de Transporte (DNIT), \u00e9 de que at\u00e9 junho de 2019 todos os equipamentos sejam instalados. A empresa que ganhou a licita\u00e7\u00e3o e est\u00e1 respons\u00e1vel pelo novo contrato \u00e9 a\u00a0Fiscal Tecnologia e Automa\u00e7\u00e3o LTDA (Fiscaltech). O contrato que j\u00e1 est\u00e1 em vigor vai custar R$ 59.384.650,04. De acordo com informa\u00e7\u00f5es obtidas pelo ClickPB, a\u00a0previs\u00e3o atual \u00e9 de instala\u00e7\u00e3o de 186 equipamentos na malha rodovi\u00e1ria federal da Para\u00edba, sendo 71 substitui\u00e7\u00f5es de equipamentos antigos e 115 em novos pontos previstos. Atualmente, 30 equipamentos est\u00e3o em instala\u00e7\u00e3o na regi\u00e3o de Sousa, Cajazeiras, Uira\u00fana, Juazeirinho e Pombal. De acordo com DNIT, a mudan\u00e7a de empresa foi feita ap\u00f3s o t\u00e9rmino do contrato antigo, que operou at\u00e9 janeiro deste ano.\u00a0\u201cO\u00a0cons\u00f3rcio Data Traffic-Mobit, que operava um total de 71 equipamentos eletr\u00f4nicos de velocidade, instalados nas rodovias federais da Para\u00edba, dos quais 32 eram radares fixos e 39 barreiras eletr\u00f4nicas, se encontrava em seu terceiro contrato emergencial, que expirou em 14\/01\/2019\u201d, informou o DNIT. Ainda segundo o \u00f3rg\u00e3o, \u201cos\u00a0equipamentos pertenciam \u00e0\u00a0empresa contratada, e o DNIT remunerava-a pela disponibiliza\u00e7\u00e3o e opera\u00e7\u00e3o dos mesmos. Logo, com o t\u00e9rmino do contrato, a empresa iniciou o recolhimento de seus equipamentos, atendendo \u00e0 uma exig\u00eancia contratual\u201d, explicou o \u00f3rg\u00e3o.\u00a0A licita\u00e7\u00e3o que sagrou vencedora a\u00a0Fiscaltech\u00a0ocorreu em 29\/05\/2017 pela modalidade preg\u00e3o eletr\u00f4nico. Ap\u00f3s a instala\u00e7\u00e3o dos equipamentos na regi\u00e3o de Sousa, Cajazeiras, Uira\u00fana, Juazeirinho e Pombal, a empresa prosseguir\u00e1 para a regi\u00e3o de Campina Grande e entorno. Paralelo a isso, h\u00e1 uma segunda equipe se mobilizando para substituir os equipamentos na regi\u00e3o metropolitana de Jo\u00e3o Pessoa, bem como para instala\u00e7\u00e3o dos novos equipamentos em novos locais. O cronograma em vigor, segundo o DNIT, indica que todos os equipamentos estar\u00e3o instalados at\u00e9 julho deste ano. As notifica\u00e7\u00f5es come\u00e7am ap\u00f3s a aferi\u00e7\u00e3o dos primeiros equipamentos. \u201cAt\u00e9 o presente momento j\u00e1 temos equipamentos aferidos em 16 locais diferentes, e estamos apenas no aguardo do registro do Laudo pelo IPEM (Instituto Nacional de Pesos e Medidas) para coloc\u00e1-los em opera\u00e7\u00e3o, o que deve ocorrer at\u00e9 esta quinta-feira (14\/02)\u201d, informou o DNIT. Fonte: ClickPB<\/p>\n","protected":false},"author":2,"featured_media":15527,"comment_status":"closed","ping_status":"open","sticky":false,"template":"","format":"standard","meta":{"_eb_attr":"","_jetpack_memberships_contains_paid_content":false,"footnotes":""},"categories":[12],"tags":[],"class_list":["post-15526","post","type-post","status-publish","format-standard","has-post-thumbnail","hentry","category-geral"],"yoast_head":"<!-- This site is optimized with the Yoast SEO plugin v26.5 - https:\/\/yoast.com\/wordpress\/plugins\/seo\/ -->\n<title>Rodovias da Para\u00edba ter\u00e3o aumento de 115 radares de velocidade e contrato custar\u00e1 R$ 59 milh\u00f5es - Not&iacute;cias em Destaque<\/title>\n<meta name=\"robots\" content=\"index, follow, max-snippet:-1, max-image-preview:large, max-video-preview:-1\" \/>\n<link rel=\"canonical\" href=\"https:\/\/noticiasemdestaque.com\/cd\/?p=15526\" \/>\n<meta property=\"og:locale\" content=\"pt_BR\" \/>\n<meta property=\"og:type\" content=\"article\" \/>\n<meta property=\"og:title\" content=\"Rodovias da Para\u00edba ter\u00e3o aumento de 115 radares de velocidade e contrato custar\u00e1 R$ 59 milh\u00f5es - Not&iacute;cias em Destaque\" \/>\n<meta property=\"og:description\" content=\"As rodovias da Para\u00edba receber\u00e3o 115 novos radares nos pr\u00f3ximos meses. A previs\u00e3o, segundo o\u00a0Departamento Nacional de Infraestrutura de Transporte (DNIT), \u00e9 de que at\u00e9 junho de 2019 todos os equipamentos sejam instalados. A empresa que ganhou a licita\u00e7\u00e3o e est\u00e1 respons\u00e1vel pelo novo contrato \u00e9 a\u00a0Fiscal Tecnologia e Automa\u00e7\u00e3o LTDA (Fiscaltech). O contrato que j\u00e1 est\u00e1 em vigor vai custar R$ 59.384.650,04. De acordo com informa\u00e7\u00f5es obtidas pelo ClickPB, a\u00a0previs\u00e3o atual \u00e9 de instala\u00e7\u00e3o de 186 equipamentos na malha rodovi\u00e1ria federal da Para\u00edba, sendo 71 substitui\u00e7\u00f5es de equipamentos antigos e 115 em novos pontos previstos. Atualmente, 30 equipamentos est\u00e3o em instala\u00e7\u00e3o na regi\u00e3o de Sousa, Cajazeiras, Uira\u00fana, Juazeirinho e Pombal. De acordo com DNIT, a mudan\u00e7a de empresa foi feita ap\u00f3s o t\u00e9rmino do contrato antigo, que operou at\u00e9 janeiro deste ano.\u00a0\u201cO\u00a0cons\u00f3rcio Data Traffic-Mobit, que operava um total de 71 equipamentos eletr\u00f4nicos de velocidade, instalados nas rodovias federais da Para\u00edba, dos quais 32 eram radares fixos e 39 barreiras eletr\u00f4nicas, se encontrava em seu terceiro contrato emergencial, que expirou em 14\/01\/2019\u201d, informou o DNIT. Ainda segundo o \u00f3rg\u00e3o, \u201cos\u00a0equipamentos pertenciam \u00e0\u00a0empresa contratada, e o DNIT remunerava-a pela disponibiliza\u00e7\u00e3o e opera\u00e7\u00e3o dos mesmos. Logo, com o t\u00e9rmino do contrato, a empresa iniciou o recolhimento de seus equipamentos, atendendo \u00e0 uma exig\u00eancia contratual\u201d, explicou o \u00f3rg\u00e3o.\u00a0A licita\u00e7\u00e3o que sagrou vencedora a\u00a0Fiscaltech\u00a0ocorreu em 29\/05\/2017 pela modalidade preg\u00e3o eletr\u00f4nico. Ap\u00f3s a instala\u00e7\u00e3o dos equipamentos na regi\u00e3o de Sousa, Cajazeiras, Uira\u00fana, Juazeirinho e Pombal, a empresa prosseguir\u00e1 para a regi\u00e3o de Campina Grande e entorno. Paralelo a isso, h\u00e1 uma segunda equipe se mobilizando para substituir os equipamentos na regi\u00e3o metropolitana de Jo\u00e3o Pessoa, bem como para instala\u00e7\u00e3o dos novos equipamentos em novos locais. O cronograma em vigor, segundo o DNIT, indica que todos os equipamentos estar\u00e3o instalados at\u00e9 julho deste ano. As notifica\u00e7\u00f5es come\u00e7am ap\u00f3s a aferi\u00e7\u00e3o dos primeiros equipamentos. \u201cAt\u00e9 o presente momento j\u00e1 temos equipamentos aferidos em 16 locais diferentes, e estamos apenas no aguardo do registro do Laudo pelo IPEM (Instituto Nacional de Pesos e Medidas) para coloc\u00e1-los em opera\u00e7\u00e3o, o que deve ocorrer at\u00e9 esta quinta-feira (14\/02)\u201d, informou o DNIT. Fonte: ClickPB\" \/>\n<meta property=\"og:url\" content=\"https:\/\/noticiasemdestaque.com\/cd\/?p=15526\" \/>\n<meta property=\"og:site_name\" content=\"Not&iacute;cias em Destaque\" \/>\n<meta property=\"article:published_time\" content=\"2019-02-14T10:13:44+00:00\" \/>\n<meta property=\"og:image\" content=\"https:\/\/noticiasemdestaque.com\/cd\/wp-content\/uploads\/2019\/02\/radar2.jpg\" \/>\n\t<meta property=\"og:image:width\" content=\"876\" \/>\n\t<meta property=\"og:image:height\" content=\"585\" \/>\n\t<meta property=\"og:image:type\" content=\"image\/jpeg\" \/>\n<meta name=\"author\" content=\"Not\u00edcias em Destaque\" \/>\n<meta name=\"twitter:card\" content=\"summary_large_image\" \/>\n<meta name=\"twitter:label1\" content=\"Escrito por\" \/>\n\t<meta name=\"twitter:data1\" content=\"Not\u00edcias em Destaque\" \/>\n\t<meta name=\"twitter:label2\" content=\"Est. tempo de leitura\" \/>\n\t<meta name=\"twitter:data2\" content=\"2 minutos\" \/>\n<script type=\"application\/ld+json\" class=\"yoast-schema-graph\">{\"@context\":\"https:\/\/schema.org\",\"@graph\":[{\"@type\":\"Article\",\"@id\":\"https:\/\/noticiasemdestaque.com\/cd\/?p=15526#article\",\"isPartOf\":{\"@id\":\"https:\/\/noticiasemdestaque.com\/cd\/?p=15526\"},\"author\":{\"name\":\"Not\u00edcias em Destaque\",\"@id\":\"https:\/\/noticiasemdestaque.com\/cd\/#\/schema\/person\/47f7d4f55eec17c6b2ca036c5500f6ce\"},\"headline\":\"Rodovias da Para\u00edba ter\u00e3o aumento de 115 radares de velocidade e contrato custar\u00e1 R$ 59 milh\u00f5es\",\"datePublished\":\"2019-02-14T10:13:44+00:00\",\"mainEntityOfPage\":{\"@id\":\"https:\/\/noticiasemdestaque.com\/cd\/?p=15526\"},\"wordCount\":409,\"publisher\":{\"@id\":\"https:\/\/noticiasemdestaque.com\/cd\/#organization\"},\"image\":{\"@id\":\"https:\/\/noticiasemdestaque.com\/cd\/?p=15526#primaryimage\"},\"thumbnailUrl\":\"https:\/\/noticiasemdestaque.com\/cd\/wp-content\/uploads\/2019\/02\/radar2.jpg\",\"articleSection\":[\"Geral\"],\"inLanguage\":\"pt-BR\"},{\"@type\":\"WebPage\",\"@id\":\"https:\/\/noticiasemdestaque.com\/cd\/?p=15526\",\"url\":\"https:\/\/noticiasemdestaque.com\/cd\/?p=15526\",\"name\":\"Rodovias da Para\u00edba ter\u00e3o aumento de 115 radares de velocidade e contrato custar\u00e1 R$ 59 milh\u00f5es - Not&iacute;cias em Destaque\",\"isPartOf\":{\"@id\":\"https:\/\/noticiasemdestaque.com\/cd\/#website\"},\"primaryImageOfPage\":{\"@id\":\"https:\/\/noticiasemdestaque.com\/cd\/?p=15526#primaryimage\"},\"image\":{\"@id\":\"https:\/\/noticiasemdestaque.com\/cd\/?p=15526#primaryimage\"},\"thumbnailUrl\":\"https:\/\/noticiasemdestaque.com\/cd\/wp-content\/uploads\/2019\/02\/radar2.jpg\",\"datePublished\":\"2019-02-14T10:13:44+00:00\",\"breadcrumb\":{\"@id\":\"https:\/\/noticiasemdestaque.com\/cd\/?p=15526#breadcrumb\"},\"inLanguage\":\"pt-BR\",\"potentialAction\":[{\"@type\":\"ReadAction\",\"target\":[\"https:\/\/noticiasemdestaque.com\/cd\/?p=15526\"]}]},{\"@type\":\"ImageObject\",\"inLanguage\":\"pt-BR\",\"@id\":\"https:\/\/noticiasemdestaque.com\/cd\/?p=15526#primaryimage\",\"url\":\"https:\/\/noticiasemdestaque.com\/cd\/wp-content\/uploads\/2019\/02\/radar2.jpg\",\"contentUrl\":\"https:\/\/noticiasemdestaque.com\/cd\/wp-content\/uploads\/2019\/02\/radar2.jpg\",\"width\":876,\"height\":585},{\"@type\":\"BreadcrumbList\",\"@id\":\"https:\/\/noticiasemdestaque.com\/cd\/?p=15526#breadcrumb\",\"itemListElement\":[{\"@type\":\"ListItem\",\"position\":1,\"name\":\"In\u00edcio\",\"item\":\"https:\/\/noticiasemdestaque.com\/cd\/\"},{\"@type\":\"ListItem\",\"position\":2,\"name\":\"Rodovias da Para\u00edba ter\u00e3o aumento de 115 radares de velocidade e contrato custar\u00e1 R$ 59 milh\u00f5es\"}]},{\"@type\":\"WebSite\",\"@id\":\"https:\/\/noticiasemdestaque.com\/cd\/#website\",\"url\":\"https:\/\/noticiasemdestaque.com\/cd\/\",\"name\":\"Not&iacute;cias em Destaque\",\"description\":\"\",\"publisher\":{\"@id\":\"https:\/\/noticiasemdestaque.com\/cd\/#organization\"},\"potentialAction\":[{\"@type\":\"SearchAction\",\"target\":{\"@type\":\"EntryPoint\",\"urlTemplate\":\"https:\/\/noticiasemdestaque.com\/cd\/?s={search_term_string}\"},\"query-input\":{\"@type\":\"PropertyValueSpecification\",\"valueRequired\":true,\"valueName\":\"search_term_string\"}}],\"inLanguage\":\"pt-BR\"},{\"@type\":\"Organization\",\"@id\":\"https:\/\/noticiasemdestaque.com\/cd\/#organization\",\"name\":\"Not\u00edcias em Destaque\",\"url\":\"https:\/\/noticiasemdestaque.com\/cd\/\",\"logo\":{\"@type\":\"ImageObject\",\"inLanguage\":\"pt-BR\",\"@id\":\"https:\/\/noticiasemdestaque.com\/cd\/#\/schema\/logo\/image\/\",\"url\":\"https:\/\/noticiasemdestaque.com\/cd\/wp-content\/uploads\/2022\/05\/imagem-base-noticiasemdestaque.png\",\"contentUrl\":\"https:\/\/noticiasemdestaque.com\/cd\/wp-content\/uploads\/2022\/05\/imagem-base-noticiasemdestaque.png\",\"width\":1200,\"height\":630,\"caption\":\"Not\u00edcias em Destaque\"},\"image\":{\"@id\":\"https:\/\/noticiasemdestaque.com\/cd\/#\/schema\/logo\/image\/\"}},{\"@type\":\"Person\",\"@id\":\"https:\/\/noticiasemdestaque.com\/cd\/#\/schema\/person\/47f7d4f55eec17c6b2ca036c5500f6ce\",\"name\":\"Not\u00edcias em Destaque\",\"url\":\"https:\/\/noticiasemdestaque.com\/cd\/?author=2\"}]}<\/script>\n<!-- \/ Yoast SEO plugin. -->","yoast_head_json":{"title":"Rodovias da Para\u00edba ter\u00e3o aumento de 115 radares de velocidade e contrato custar\u00e1 R$ 59 milh\u00f5es - Not&iacute;cias em Destaque","robots":{"index":"index","follow":"follow","max-snippet":"max-snippet:-1","max-image-preview":"max-image-preview:large","max-video-preview":"max-video-preview:-1"},"canonical":"https:\/\/noticiasemdestaque.com\/cd\/?p=15526","og_locale":"pt_BR","og_type":"article","og_title":"Rodovias da Para\u00edba ter\u00e3o aumento de 115 radares de velocidade e contrato custar\u00e1 R$ 59 milh\u00f5es - Not&iacute;cias em Destaque","og_description":"As rodovias da Para\u00edba receber\u00e3o 115 novos radares nos pr\u00f3ximos meses. A previs\u00e3o, segundo o\u00a0Departamento Nacional de Infraestrutura de Transporte (DNIT), \u00e9 de que at\u00e9 junho de 2019 todos os equipamentos sejam instalados. A empresa que ganhou a licita\u00e7\u00e3o e est\u00e1 respons\u00e1vel pelo novo contrato \u00e9 a\u00a0Fiscal Tecnologia e Automa\u00e7\u00e3o LTDA (Fiscaltech). O contrato que j\u00e1 est\u00e1 em vigor vai custar R$ 59.384.650,04. De acordo com informa\u00e7\u00f5es obtidas pelo ClickPB, a\u00a0previs\u00e3o atual \u00e9 de instala\u00e7\u00e3o de 186 equipamentos na malha rodovi\u00e1ria federal da Para\u00edba, sendo 71 substitui\u00e7\u00f5es de equipamentos antigos e 115 em novos pontos previstos. Atualmente, 30 equipamentos est\u00e3o em instala\u00e7\u00e3o na regi\u00e3o de Sousa, Cajazeiras, Uira\u00fana, Juazeirinho e Pombal. De acordo com DNIT, a mudan\u00e7a de empresa foi feita ap\u00f3s o t\u00e9rmino do contrato antigo, que operou at\u00e9 janeiro deste ano.\u00a0\u201cO\u00a0cons\u00f3rcio Data Traffic-Mobit, que operava um total de 71 equipamentos eletr\u00f4nicos de velocidade, instalados nas rodovias federais da Para\u00edba, dos quais 32 eram radares fixos e 39 barreiras eletr\u00f4nicas, se encontrava em seu terceiro contrato emergencial, que expirou em 14\/01\/2019\u201d, informou o DNIT. Ainda segundo o \u00f3rg\u00e3o, \u201cos\u00a0equipamentos pertenciam \u00e0\u00a0empresa contratada, e o DNIT remunerava-a pela disponibiliza\u00e7\u00e3o e opera\u00e7\u00e3o dos mesmos. Logo, com o t\u00e9rmino do contrato, a empresa iniciou o recolhimento de seus equipamentos, atendendo \u00e0 uma exig\u00eancia contratual\u201d, explicou o \u00f3rg\u00e3o.\u00a0A licita\u00e7\u00e3o que sagrou vencedora a\u00a0Fiscaltech\u00a0ocorreu em 29\/05\/2017 pela modalidade preg\u00e3o eletr\u00f4nico. Ap\u00f3s a instala\u00e7\u00e3o dos equipamentos na regi\u00e3o de Sousa, Cajazeiras, Uira\u00fana, Juazeirinho e Pombal, a empresa prosseguir\u00e1 para a regi\u00e3o de Campina Grande e entorno. Paralelo a isso, h\u00e1 uma segunda equipe se mobilizando para substituir os equipamentos na regi\u00e3o metropolitana de Jo\u00e3o Pessoa, bem como para instala\u00e7\u00e3o dos novos equipamentos em novos locais. O cronograma em vigor, segundo o DNIT, indica que todos os equipamentos estar\u00e3o instalados at\u00e9 julho deste ano. As notifica\u00e7\u00f5es come\u00e7am ap\u00f3s a aferi\u00e7\u00e3o dos primeiros equipamentos. \u201cAt\u00e9 o presente momento j\u00e1 temos equipamentos aferidos em 16 locais diferentes, e estamos apenas no aguardo do registro do Laudo pelo IPEM (Instituto Nacional de Pesos e Medidas) para coloc\u00e1-los em opera\u00e7\u00e3o, o que deve ocorrer at\u00e9 esta quinta-feira (14\/02)\u201d, informou o DNIT. Fonte: ClickPB","og_url":"https:\/\/noticiasemdestaque.com\/cd\/?p=15526","og_site_name":"Not&iacute;cias em Destaque","article_published_time":"2019-02-14T10:13:44+00:00","og_image":[{"width":876,"height":585,"url":"https:\/\/noticiasemdestaque.com\/cd\/wp-content\/uploads\/2019\/02\/radar2.jpg","type":"image\/jpeg"}],"author":"Not\u00edcias em Destaque","twitter_card":"summary_large_image","twitter_misc":{"Escrito por":"Not\u00edcias em Destaque","Est. tempo de leitura":"2 minutos"},"schema":{"@context":"https:\/\/schema.org","@graph":[{"@type":"Article","@id":"https:\/\/noticiasemdestaque.com\/cd\/?p=15526#article","isPartOf":{"@id":"https:\/\/noticiasemdestaque.com\/cd\/?p=15526"},"author":{"name":"Not\u00edcias em Destaque","@id":"https:\/\/noticiasemdestaque.com\/cd\/#\/schema\/person\/47f7d4f55eec17c6b2ca036c5500f6ce"},"headline":"Rodovias da Para\u00edba ter\u00e3o aumento de 115 radares de velocidade e contrato custar\u00e1 R$ 59 milh\u00f5es","datePublished":"2019-02-14T10:13:44+00:00","mainEntityOfPage":{"@id":"https:\/\/noticiasemdestaque.com\/cd\/?p=15526"},"wordCount":409,"publisher":{"@id":"https:\/\/noticiasemdestaque.com\/cd\/#organization"},"image":{"@id":"https:\/\/noticiasemdestaque.com\/cd\/?p=15526#primaryimage"},"thumbnailUrl":"https:\/\/noticiasemdestaque.com\/cd\/wp-content\/uploads\/2019\/02\/radar2.jpg","articleSection":["Geral"],"inLanguage":"pt-BR"},{"@type":"WebPage","@id":"https:\/\/noticiasemdestaque.com\/cd\/?p=15526","url":"https:\/\/noticiasemdestaque.com\/cd\/?p=15526","name":"Rodovias da Para\u00edba ter\u00e3o aumento de 115 radares de velocidade e contrato custar\u00e1 R$ 59 milh\u00f5es - Not&iacute;cias em Destaque","isPartOf":{"@id":"https:\/\/noticiasemdestaque.com\/cd\/#website"},"primaryImageOfPage":{"@id":"https:\/\/noticiasemdestaque.com\/cd\/?p=15526#primaryimage"},"image":{"@id":"https:\/\/noticiasemdestaque.com\/cd\/?p=15526#primaryimage"},"thumbnailUrl":"https:\/\/noticiasemdestaque.com\/cd\/wp-content\/uploads\/2019\/02\/radar2.jpg","datePublished":"2019-02-14T10:13:44+00:00","breadcrumb":{"@id":"https:\/\/noticiasemdestaque.com\/cd\/?p=15526#breadcrumb"},"inLanguage":"pt-BR","potentialAction":[{"@type":"ReadAction","target":["https:\/\/noticiasemdestaque.com\/cd\/?p=15526"]}]},{"@type":"ImageObject","inLanguage":"pt-BR","@id":"https:\/\/noticiasemdestaque.com\/cd\/?p=15526#primaryimage","url":"https:\/\/noticiasemdestaque.com\/cd\/wp-content\/uploads\/2019\/02\/radar2.jpg","contentUrl":"https:\/\/noticiasemdestaque.com\/cd\/wp-content\/uploads\/2019\/02\/radar2.jpg","width":876,"height":585},{"@type":"BreadcrumbList","@id":"https:\/\/noticiasemdestaque.com\/cd\/?p=15526#breadcrumb","itemListElement":[{"@type":"ListItem","position":1,"name":"In\u00edcio","item":"https:\/\/noticiasemdestaque.com\/cd\/"},{"@type":"ListItem","position":2,"name":"Rodovias da Para\u00edba ter\u00e3o aumento de 115 radares de velocidade e contrato custar\u00e1 R$ 59 milh\u00f5es"}]},{"@type":"WebSite","@id":"https:\/\/noticiasemdestaque.com\/cd\/#website","url":"https:\/\/noticiasemdestaque.com\/cd\/","name":"Not&iacute;cias em Destaque","description":"","publisher":{"@id":"https:\/\/noticiasemdestaque.com\/cd\/#organization"},"potentialAction":[{"@type":"SearchAction","target":{"@type":"EntryPoint","urlTemplate":"https:\/\/noticiasemdestaque.com\/cd\/?s={search_term_string}"},"query-input":{"@type":"PropertyValueSpecification","valueRequired":true,"valueName":"search_term_string"}}],"inLanguage":"pt-BR"},{"@type":"Organization","@id":"https:\/\/noticiasemdestaque.com\/cd\/#organization","name":"Not\u00edcias em Destaque","url":"https:\/\/noticiasemdestaque.com\/cd\/","logo":{"@type":"ImageObject","inLanguage":"pt-BR","@id":"https:\/\/noticiasemdestaque.com\/cd\/#\/schema\/logo\/image\/","url":"https:\/\/noticiasemdestaque.com\/cd\/wp-content\/uploads\/2022\/05\/imagem-base-noticiasemdestaque.png","contentUrl":"https:\/\/noticiasemdestaque.com\/cd\/wp-content\/uploads\/2022\/05\/imagem-base-noticiasemdestaque.png","width":1200,"height":630,"caption":"Not\u00edcias em Destaque"},"image":{"@id":"https:\/\/noticiasemdestaque.com\/cd\/#\/schema\/logo\/image\/"}},{"@type":"Person","@id":"https:\/\/noticiasemdestaque.com\/cd\/#\/schema\/person\/47f7d4f55eec17c6b2ca036c5500f6ce","name":"Not\u00edcias em Destaque","url":"https:\/\/noticiasemdestaque.com\/cd\/?author=2"}]}},"jetpack_featured_media_url":"https:\/\/noticiasemdestaque.com\/cd\/wp-content\/uploads\/2019\/02\/radar2.jpg","jetpack_sharing_enabled":true,"_links":{"self":[{"href":"https:\/\/noticiasemdestaque.com\/cd\/index.php?rest_route=\/wp\/v2\/posts\/15526","targetHints":{"allow":["GET"]}}],"collection":[{"href":"https:\/\/noticiasemdestaque.com\/cd\/index.php?rest_route=\/wp\/v2\/posts"}],"about":[{"href":"https:\/\/noticiasemdestaque.com\/cd\/index.php?rest_route=\/wp\/v2\/types\/post"}],"author":[{"embeddable":true,"href":"https:\/\/noticiasemdestaque.com\/cd\/index.php?rest_route=\/wp\/v2\/users\/2"}],"replies":[{"embeddable":true,"href":"https:\/\/noticiasemdestaque.com\/cd\/index.php?rest_route=%2Fwp%2Fv2%2Fcomments&post=15526"}],"version-history":[{"count":1,"href":"https:\/\/noticiasemdestaque.com\/cd\/index.php?rest_route=\/wp\/v2\/posts\/15526\/revisions"}],"predecessor-version":[{"id":15528,"href":"https:\/\/noticiasemdestaque.com\/cd\/index.php?rest_route=\/wp\/v2\/posts\/15526\/revisions\/15528"}],"wp:featuredmedia":[{"embeddable":true,"href":"https:\/\/noticiasemdestaque.com\/cd\/index.php?rest_route=\/wp\/v2\/media\/15527"}],"wp:attachment":[{"href":"https:\/\/noticiasemdestaque.com\/cd\/index.php?rest_route=%2Fwp%2Fv2%2Fmedia&parent=15526"}],"wp:term":[{"taxonomy":"category","embeddable":true,"href":"https:\/\/noticiasemdestaque.com\/cd\/index.php?rest_route=%2Fwp%2Fv2%2Fcategories&post=15526"},{"taxonomy":"post_tag","embeddable":true,"href":"https:\/\/noticiasemdestaque.com\/cd\/index.php?rest_route=%2Fwp%2Fv2%2Ftags&post=15526"}],"curies":[{"name":"wp","href":"https:\/\/api.w.org\/{rel}","templated":true}]}}