{"id":15524,"date":"2019-02-14T07:08:36","date_gmt":"2019-02-14T10:08:36","guid":{"rendered":"http:\/\/noticiasemdestaque.com\/cd\/?p=15524"},"modified":"2019-02-14T07:08:36","modified_gmt":"2019-02-14T10:08:36","slug":"oms-alerta-para-possivel-3a-onda-de-surto-de-febre-amarela-no-brasil","status":"publish","type":"post","link":"https:\/\/noticiasemdestaque.com\/cd\/?p=15524","title":{"rendered":"OMS alerta para poss\u00edvel 3\u00aa onda de surto de febre amarela no Brasil"},"content":{"rendered":"<div class=\"noticiacorpo\">\n<p><a href=\"https:\/\/noticiasemdestaque.com\/cd\/wp-content\/uploads\/2018\/01\/febre-amarela.jpg\"><img fetchpriority=\"high\" decoding=\"async\" class=\"alignnone size-full wp-image-7688\" src=\"https:\/\/noticiasemdestaque.com\/cd\/wp-content\/uploads\/2018\/01\/febre-amarela.jpg\" alt=\"\" width=\"1000\" height=\"666\" srcset=\"https:\/\/noticiasemdestaque.com\/cd\/wp-content\/uploads\/2018\/01\/febre-amarela.jpg 1000w, https:\/\/noticiasemdestaque.com\/cd\/wp-content\/uploads\/2018\/01\/febre-amarela-300x200.jpg 300w, https:\/\/noticiasemdestaque.com\/cd\/wp-content\/uploads\/2018\/01\/febre-amarela-768x511.jpg 768w, https:\/\/noticiasemdestaque.com\/cd\/wp-content\/uploads\/2018\/01\/febre-amarela-480x320.jpg 480w\" sizes=\"(max-width: 1000px) 100vw, 1000px\" \/><\/a><\/p>\n<p>Com pelo menos 36 casos de febre amarela confirmados em humanos no per\u00edodo entre dezembro de 2018 e janeiro deste ano, o Brasil poderia estar vivendo uma terceira onda de surto da doen\u00e7a. O alerta foi divulgado esta semana pela Organiza\u00e7\u00e3o Mundial da Sa\u00fade (OMS). O pa\u00eds registra ainda, segundo a entidade, oito mortes confirmadas por febre amarela no mesmo per\u00edodo.<\/p>\n<p class=\" tm_nativeauto\">Os casos se concentram em 11 munic\u00edpios de dois estados. Em S\u00e3o Paulo, foram confirmadas infec\u00e7\u00f5es em Eldorado (16 casos), Jacupiranga (1), Iporanga (7), Cananeia (3), Cajati (2), Pariquera-A\u00e7u (1), Sete Barras (1), Vargem (1) e Serra Negra (1). No Paran\u00e1, dois casos foram confirmados em Antonina e Adrian\u00f3polis. O local de infec\u00e7\u00e3o de um \u00faltimo caso confirmado ainda est\u00e1 sob investiga\u00e7\u00e3o.<\/p>\n<p>Ainda de acordo com a OMS, entre os casos confirmados em humanos, 89% deles foram identificados em homens com m\u00e9dia de idade de 43 anos e pelo menos 64% dos infectados s\u00e3o trabalhadores rurais.<\/p>\n<p class=\" aBigClassNameToAvoidCollisionInText\">\u201cEmbora seja muito cedo para determinar se este ano apresentar\u00e1 os altos n\u00fameros de casos em humanos observados ao longo dos dois \u00faltimos grandes picos sazonais [o primeiro entre 2016 e 2017 e o segundo entre 2017 e 2018], h\u00e1 indica\u00e7\u00f5es de que a transmiss\u00e3o do v\u00edrus continua a se espalhar em dire\u00e7\u00e3o ao sul e em \u00e1reas com baixa imunidade populacional\u201d, destacou a entidade, por meio de comunicado.<\/p>\n<div id=\"sas_45111\"><\/div>\n<div id=\"video\"><\/div>\n<h2>N\u00fameros<\/h2>\n<p>Dados da OMS apontam que, na primeira onda de febre amarela, entre 2016 e 2017, foram confirmados 778 casos em humanos e 262 mortes. J\u00e1 na segunda onda, entre 2017 e 2018, foram contabilizados 1.376 casos em humanos e 483 mortes. O per\u00edodo classificado como sazonal para o aparecimento ou aumento de casos da doen\u00e7a no Brasil geralmente ocorre entre dezembro e maio.<\/p>\n<h2>Vacina<\/h2>\n<p>A orienta\u00e7\u00e3o da entidade, enviada a todos os estados-membros no \u00faltimo dia 25, \u00e9 que os esfor\u00e7os para vacina\u00e7\u00e3o em \u00e1reas consideradas de risco sejam mantidos e que viajantes sejam orientados e imunizados pelo menos dez dias antes de visitar o local onde a dose \u00e9 recomendada.<\/p>\n<p>\u201cA OMS recomenda a vacina\u00e7\u00e3o de viajantes internacionais com idade acima de 9 meses e que estiverem se dirigindo ao Brasil\u201d, destacou a nota.<\/p>\n<p>A dose \u00e9 indicada para todas as pessoas que visitam os estados do Acre, Amap\u00e1, Amazonas, Bahia, Esp\u00edrito Santo, Goi\u00e1s, Maranh\u00e3o, Mato Grosso, Mato Grosso do Sul, Minas Gerais, Par\u00e1, Paran\u00e1, Piau\u00ed, Rio de Janeiro, Rio Grande do Sul, Rond\u00f4nia, Roraima, Tocantins, Santa Catarina e S\u00e3o Paulo, al\u00e9m do Distrito Federal.<\/p>\n<\/div>\n<p class=\"noticia_fonte\">Fonte: Agencia Brasil<\/p>\n","protected":false},"excerpt":{"rendered":"<p>Com pelo menos 36 casos de febre amarela confirmados em humanos no per\u00edodo entre dezembro de 2018 e janeiro deste ano, o Brasil poderia estar vivendo uma terceira onda de surto da doen\u00e7a. O alerta foi divulgado esta semana pela Organiza\u00e7\u00e3o Mundial da Sa\u00fade (OMS). O pa\u00eds registra ainda, segundo a entidade, oito mortes confirmadas por febre amarela no mesmo per\u00edodo. Os casos se concentram em 11 munic\u00edpios de dois estados. Em S\u00e3o Paulo, foram confirmadas infec\u00e7\u00f5es em Eldorado (16 casos), Jacupiranga (1), Iporanga (7), Cananeia (3), Cajati (2), Pariquera-A\u00e7u (1), Sete Barras (1), Vargem (1) e Serra Negra (1). No Paran\u00e1, dois casos foram confirmados em Antonina e Adrian\u00f3polis. O local de infec\u00e7\u00e3o de um \u00faltimo caso confirmado ainda est\u00e1 sob investiga\u00e7\u00e3o. Ainda de acordo com a OMS, entre os casos confirmados em humanos, 89% deles foram identificados em homens com m\u00e9dia de idade de 43 anos e pelo menos 64% dos infectados s\u00e3o trabalhadores rurais. \u201cEmbora seja muito cedo para determinar se este ano apresentar\u00e1 os altos n\u00fameros de casos em humanos observados ao longo dos dois \u00faltimos grandes picos sazonais [o primeiro entre 2016 e 2017 e o segundo entre 2017 e 2018], h\u00e1 indica\u00e7\u00f5es de que a transmiss\u00e3o do v\u00edrus continua a se espalhar em dire\u00e7\u00e3o ao sul e em \u00e1reas com baixa imunidade populacional\u201d, destacou a entidade, por meio de comunicado. N\u00fameros Dados da OMS apontam que, na primeira onda de febre amarela, entre 2016 e 2017, foram confirmados 778 casos em humanos e 262 mortes. J\u00e1 na segunda onda, entre 2017 e 2018, foram contabilizados 1.376 casos em humanos e 483 mortes. O per\u00edodo classificado como sazonal para o aparecimento ou aumento de casos da doen\u00e7a no Brasil geralmente ocorre entre dezembro e maio. Vacina A orienta\u00e7\u00e3o da entidade, enviada a todos os estados-membros no \u00faltimo dia 25, \u00e9 que os esfor\u00e7os para vacina\u00e7\u00e3o em \u00e1reas consideradas de risco sejam mantidos e que viajantes sejam orientados e imunizados pelo menos dez dias antes de visitar o local onde a dose \u00e9 recomendada. \u201cA OMS recomenda a vacina\u00e7\u00e3o de viajantes internacionais com idade acima de 9 meses e que estiverem se dirigindo ao Brasil\u201d, destacou a nota. A dose \u00e9 indicada para todas as pessoas que visitam os estados do Acre, Amap\u00e1, Amazonas, Bahia, Esp\u00edrito Santo, Goi\u00e1s, Maranh\u00e3o, Mato Grosso, Mato Grosso do Sul, Minas Gerais, Par\u00e1, Paran\u00e1, Piau\u00ed, Rio de Janeiro, Rio Grande do Sul, Rond\u00f4nia, Roraima, Tocantins, Santa Catarina e S\u00e3o Paulo, al\u00e9m do Distrito Federal. Fonte: Agencia Brasil<\/p>\n","protected":false},"author":2,"featured_media":7688,"comment_status":"closed","ping_status":"open","sticky":false,"template":"","format":"standard","meta":{"_eb_attr":"","_jetpack_memberships_contains_paid_content":false,"footnotes":""},"categories":[8],"tags":[],"class_list":["post-15524","post","type-post","status-publish","format-standard","has-post-thumbnail","hentry","category-saude"],"yoast_head":"<!-- This site is optimized with the Yoast SEO plugin v26.5 - https:\/\/yoast.com\/wordpress\/plugins\/seo\/ -->\n<title>OMS alerta para poss\u00edvel 3\u00aa onda de surto de febre amarela no Brasil - Not&iacute;cias em Destaque<\/title>\n<meta name=\"robots\" content=\"index, follow, max-snippet:-1, max-image-preview:large, max-video-preview:-1\" \/>\n<link rel=\"canonical\" href=\"https:\/\/noticiasemdestaque.com\/cd\/?p=15524\" \/>\n<meta property=\"og:locale\" content=\"pt_BR\" \/>\n<meta property=\"og:type\" content=\"article\" \/>\n<meta property=\"og:title\" content=\"OMS alerta para poss\u00edvel 3\u00aa onda de surto de febre amarela no Brasil - Not&iacute;cias em Destaque\" \/>\n<meta property=\"og:description\" content=\"Com pelo menos 36 casos de febre amarela confirmados em humanos no per\u00edodo entre dezembro de 2018 e janeiro deste ano, o Brasil poderia estar vivendo uma terceira onda de surto da doen\u00e7a. O alerta foi divulgado esta semana pela Organiza\u00e7\u00e3o Mundial da Sa\u00fade (OMS). O pa\u00eds registra ainda, segundo a entidade, oito mortes confirmadas por febre amarela no mesmo per\u00edodo. Os casos se concentram em 11 munic\u00edpios de dois estados. Em S\u00e3o Paulo, foram confirmadas infec\u00e7\u00f5es em Eldorado (16 casos), Jacupiranga (1), Iporanga (7), Cananeia (3), Cajati (2), Pariquera-A\u00e7u (1), Sete Barras (1), Vargem (1) e Serra Negra (1). No Paran\u00e1, dois casos foram confirmados em Antonina e Adrian\u00f3polis. O local de infec\u00e7\u00e3o de um \u00faltimo caso confirmado ainda est\u00e1 sob investiga\u00e7\u00e3o. Ainda de acordo com a OMS, entre os casos confirmados em humanos, 89% deles foram identificados em homens com m\u00e9dia de idade de 43 anos e pelo menos 64% dos infectados s\u00e3o trabalhadores rurais. \u201cEmbora seja muito cedo para determinar se este ano apresentar\u00e1 os altos n\u00fameros de casos em humanos observados ao longo dos dois \u00faltimos grandes picos sazonais [o primeiro entre 2016 e 2017 e o segundo entre 2017 e 2018], h\u00e1 indica\u00e7\u00f5es de que a transmiss\u00e3o do v\u00edrus continua a se espalhar em dire\u00e7\u00e3o ao sul e em \u00e1reas com baixa imunidade populacional\u201d, destacou a entidade, por meio de comunicado. N\u00fameros Dados da OMS apontam que, na primeira onda de febre amarela, entre 2016 e 2017, foram confirmados 778 casos em humanos e 262 mortes. J\u00e1 na segunda onda, entre 2017 e 2018, foram contabilizados 1.376 casos em humanos e 483 mortes. O per\u00edodo classificado como sazonal para o aparecimento ou aumento de casos da doen\u00e7a no Brasil geralmente ocorre entre dezembro e maio. Vacina A orienta\u00e7\u00e3o da entidade, enviada a todos os estados-membros no \u00faltimo dia 25, \u00e9 que os esfor\u00e7os para vacina\u00e7\u00e3o em \u00e1reas consideradas de risco sejam mantidos e que viajantes sejam orientados e imunizados pelo menos dez dias antes de visitar o local onde a dose \u00e9 recomendada. \u201cA OMS recomenda a vacina\u00e7\u00e3o de viajantes internacionais com idade acima de 9 meses e que estiverem se dirigindo ao Brasil\u201d, destacou a nota. A dose \u00e9 indicada para todas as pessoas que visitam os estados do Acre, Amap\u00e1, Amazonas, Bahia, Esp\u00edrito Santo, Goi\u00e1s, Maranh\u00e3o, Mato Grosso, Mato Grosso do Sul, Minas Gerais, Par\u00e1, Paran\u00e1, Piau\u00ed, Rio de Janeiro, Rio Grande do Sul, Rond\u00f4nia, Roraima, Tocantins, Santa Catarina e S\u00e3o Paulo, al\u00e9m do Distrito Federal. Fonte: Agencia Brasil\" \/>\n<meta property=\"og:url\" content=\"https:\/\/noticiasemdestaque.com\/cd\/?p=15524\" \/>\n<meta property=\"og:site_name\" content=\"Not&iacute;cias em Destaque\" \/>\n<meta property=\"article:published_time\" content=\"2019-02-14T10:08:36+00:00\" \/>\n<meta property=\"og:image\" content=\"https:\/\/noticiasemdestaque.com\/cd\/wp-content\/uploads\/2018\/01\/febre-amarela.jpg\" \/>\n\t<meta property=\"og:image:width\" content=\"1000\" \/>\n\t<meta property=\"og:image:height\" content=\"666\" \/>\n\t<meta property=\"og:image:type\" content=\"image\/jpeg\" \/>\n<meta name=\"author\" content=\"Not\u00edcias em Destaque\" \/>\n<meta name=\"twitter:card\" content=\"summary_large_image\" \/>\n<meta name=\"twitter:label1\" content=\"Escrito por\" \/>\n\t<meta name=\"twitter:data1\" content=\"Not\u00edcias em Destaque\" \/>\n\t<meta name=\"twitter:label2\" content=\"Est. tempo de leitura\" \/>\n\t<meta name=\"twitter:data2\" content=\"2 minutos\" \/>\n<script type=\"application\/ld+json\" class=\"yoast-schema-graph\">{\"@context\":\"https:\/\/schema.org\",\"@graph\":[{\"@type\":\"Article\",\"@id\":\"https:\/\/noticiasemdestaque.com\/cd\/?p=15524#article\",\"isPartOf\":{\"@id\":\"https:\/\/noticiasemdestaque.com\/cd\/?p=15524\"},\"author\":{\"name\":\"Not\u00edcias em Destaque\",\"@id\":\"https:\/\/noticiasemdestaque.com\/cd\/#\/schema\/person\/47f7d4f55eec17c6b2ca036c5500f6ce\"},\"headline\":\"OMS alerta para poss\u00edvel 3\u00aa onda de surto de febre amarela no Brasil\",\"datePublished\":\"2019-02-14T10:08:36+00:00\",\"mainEntityOfPage\":{\"@id\":\"https:\/\/noticiasemdestaque.com\/cd\/?p=15524\"},\"wordCount\":430,\"publisher\":{\"@id\":\"https:\/\/noticiasemdestaque.com\/cd\/#organization\"},\"image\":{\"@id\":\"https:\/\/noticiasemdestaque.com\/cd\/?p=15524#primaryimage\"},\"thumbnailUrl\":\"https:\/\/noticiasemdestaque.com\/cd\/wp-content\/uploads\/2018\/01\/febre-amarela.jpg\",\"articleSection\":[\"Sa\u00fade\"],\"inLanguage\":\"pt-BR\"},{\"@type\":\"WebPage\",\"@id\":\"https:\/\/noticiasemdestaque.com\/cd\/?p=15524\",\"url\":\"https:\/\/noticiasemdestaque.com\/cd\/?p=15524\",\"name\":\"OMS alerta para poss\u00edvel 3\u00aa onda de surto de febre amarela no Brasil - Not&iacute;cias em Destaque\",\"isPartOf\":{\"@id\":\"https:\/\/noticiasemdestaque.com\/cd\/#website\"},\"primaryImageOfPage\":{\"@id\":\"https:\/\/noticiasemdestaque.com\/cd\/?p=15524#primaryimage\"},\"image\":{\"@id\":\"https:\/\/noticiasemdestaque.com\/cd\/?p=15524#primaryimage\"},\"thumbnailUrl\":\"https:\/\/noticiasemdestaque.com\/cd\/wp-content\/uploads\/2018\/01\/febre-amarela.jpg\",\"datePublished\":\"2019-02-14T10:08:36+00:00\",\"breadcrumb\":{\"@id\":\"https:\/\/noticiasemdestaque.com\/cd\/?p=15524#breadcrumb\"},\"inLanguage\":\"pt-BR\",\"potentialAction\":[{\"@type\":\"ReadAction\",\"target\":[\"https:\/\/noticiasemdestaque.com\/cd\/?p=15524\"]}]},{\"@type\":\"ImageObject\",\"inLanguage\":\"pt-BR\",\"@id\":\"https:\/\/noticiasemdestaque.com\/cd\/?p=15524#primaryimage\",\"url\":\"https:\/\/noticiasemdestaque.com\/cd\/wp-content\/uploads\/2018\/01\/febre-amarela.jpg\",\"contentUrl\":\"https:\/\/noticiasemdestaque.com\/cd\/wp-content\/uploads\/2018\/01\/febre-amarela.jpg\",\"width\":1000,\"height\":666},{\"@type\":\"BreadcrumbList\",\"@id\":\"https:\/\/noticiasemdestaque.com\/cd\/?p=15524#breadcrumb\",\"itemListElement\":[{\"@type\":\"ListItem\",\"position\":1,\"name\":\"In\u00edcio\",\"item\":\"https:\/\/noticiasemdestaque.com\/cd\/\"},{\"@type\":\"ListItem\",\"position\":2,\"name\":\"OMS alerta para poss\u00edvel 3\u00aa onda de surto de febre amarela no Brasil\"}]},{\"@type\":\"WebSite\",\"@id\":\"https:\/\/noticiasemdestaque.com\/cd\/#website\",\"url\":\"https:\/\/noticiasemdestaque.com\/cd\/\",\"name\":\"Not&iacute;cias em Destaque\",\"description\":\"\",\"publisher\":{\"@id\":\"https:\/\/noticiasemdestaque.com\/cd\/#organization\"},\"potentialAction\":[{\"@type\":\"SearchAction\",\"target\":{\"@type\":\"EntryPoint\",\"urlTemplate\":\"https:\/\/noticiasemdestaque.com\/cd\/?s={search_term_string}\"},\"query-input\":{\"@type\":\"PropertyValueSpecification\",\"valueRequired\":true,\"valueName\":\"search_term_string\"}}],\"inLanguage\":\"pt-BR\"},{\"@type\":\"Organization\",\"@id\":\"https:\/\/noticiasemdestaque.com\/cd\/#organization\",\"name\":\"Not\u00edcias em Destaque\",\"url\":\"https:\/\/noticiasemdestaque.com\/cd\/\",\"logo\":{\"@type\":\"ImageObject\",\"inLanguage\":\"pt-BR\",\"@id\":\"https:\/\/noticiasemdestaque.com\/cd\/#\/schema\/logo\/image\/\",\"url\":\"https:\/\/noticiasemdestaque.com\/cd\/wp-content\/uploads\/2022\/05\/imagem-base-noticiasemdestaque.png\",\"contentUrl\":\"https:\/\/noticiasemdestaque.com\/cd\/wp-content\/uploads\/2022\/05\/imagem-base-noticiasemdestaque.png\",\"width\":1200,\"height\":630,\"caption\":\"Not\u00edcias em Destaque\"},\"image\":{\"@id\":\"https:\/\/noticiasemdestaque.com\/cd\/#\/schema\/logo\/image\/\"}},{\"@type\":\"Person\",\"@id\":\"https:\/\/noticiasemdestaque.com\/cd\/#\/schema\/person\/47f7d4f55eec17c6b2ca036c5500f6ce\",\"name\":\"Not\u00edcias em Destaque\",\"url\":\"https:\/\/noticiasemdestaque.com\/cd\/?author=2\"}]}<\/script>\n<!-- \/ Yoast SEO plugin. -->","yoast_head_json":{"title":"OMS alerta para poss\u00edvel 3\u00aa onda de surto de febre amarela no Brasil - Not&iacute;cias em Destaque","robots":{"index":"index","follow":"follow","max-snippet":"max-snippet:-1","max-image-preview":"max-image-preview:large","max-video-preview":"max-video-preview:-1"},"canonical":"https:\/\/noticiasemdestaque.com\/cd\/?p=15524","og_locale":"pt_BR","og_type":"article","og_title":"OMS alerta para poss\u00edvel 3\u00aa onda de surto de febre amarela no Brasil - Not&iacute;cias em Destaque","og_description":"Com pelo menos 36 casos de febre amarela confirmados em humanos no per\u00edodo entre dezembro de 2018 e janeiro deste ano, o Brasil poderia estar vivendo uma terceira onda de surto da doen\u00e7a. O alerta foi divulgado esta semana pela Organiza\u00e7\u00e3o Mundial da Sa\u00fade (OMS). O pa\u00eds registra ainda, segundo a entidade, oito mortes confirmadas por febre amarela no mesmo per\u00edodo. Os casos se concentram em 11 munic\u00edpios de dois estados. Em S\u00e3o Paulo, foram confirmadas infec\u00e7\u00f5es em Eldorado (16 casos), Jacupiranga (1), Iporanga (7), Cananeia (3), Cajati (2), Pariquera-A\u00e7u (1), Sete Barras (1), Vargem (1) e Serra Negra (1). No Paran\u00e1, dois casos foram confirmados em Antonina e Adrian\u00f3polis. O local de infec\u00e7\u00e3o de um \u00faltimo caso confirmado ainda est\u00e1 sob investiga\u00e7\u00e3o. Ainda de acordo com a OMS, entre os casos confirmados em humanos, 89% deles foram identificados em homens com m\u00e9dia de idade de 43 anos e pelo menos 64% dos infectados s\u00e3o trabalhadores rurais. \u201cEmbora seja muito cedo para determinar se este ano apresentar\u00e1 os altos n\u00fameros de casos em humanos observados ao longo dos dois \u00faltimos grandes picos sazonais [o primeiro entre 2016 e 2017 e o segundo entre 2017 e 2018], h\u00e1 indica\u00e7\u00f5es de que a transmiss\u00e3o do v\u00edrus continua a se espalhar em dire\u00e7\u00e3o ao sul e em \u00e1reas com baixa imunidade populacional\u201d, destacou a entidade, por meio de comunicado. N\u00fameros Dados da OMS apontam que, na primeira onda de febre amarela, entre 2016 e 2017, foram confirmados 778 casos em humanos e 262 mortes. J\u00e1 na segunda onda, entre 2017 e 2018, foram contabilizados 1.376 casos em humanos e 483 mortes. O per\u00edodo classificado como sazonal para o aparecimento ou aumento de casos da doen\u00e7a no Brasil geralmente ocorre entre dezembro e maio. Vacina A orienta\u00e7\u00e3o da entidade, enviada a todos os estados-membros no \u00faltimo dia 25, \u00e9 que os esfor\u00e7os para vacina\u00e7\u00e3o em \u00e1reas consideradas de risco sejam mantidos e que viajantes sejam orientados e imunizados pelo menos dez dias antes de visitar o local onde a dose \u00e9 recomendada. \u201cA OMS recomenda a vacina\u00e7\u00e3o de viajantes internacionais com idade acima de 9 meses e que estiverem se dirigindo ao Brasil\u201d, destacou a nota. A dose \u00e9 indicada para todas as pessoas que visitam os estados do Acre, Amap\u00e1, Amazonas, Bahia, Esp\u00edrito Santo, Goi\u00e1s, Maranh\u00e3o, Mato Grosso, Mato Grosso do Sul, Minas Gerais, Par\u00e1, Paran\u00e1, Piau\u00ed, Rio de Janeiro, Rio Grande do Sul, Rond\u00f4nia, Roraima, Tocantins, Santa Catarina e S\u00e3o Paulo, al\u00e9m do Distrito Federal. Fonte: Agencia Brasil","og_url":"https:\/\/noticiasemdestaque.com\/cd\/?p=15524","og_site_name":"Not&iacute;cias em Destaque","article_published_time":"2019-02-14T10:08:36+00:00","og_image":[{"width":1000,"height":666,"url":"https:\/\/noticiasemdestaque.com\/cd\/wp-content\/uploads\/2018\/01\/febre-amarela.jpg","type":"image\/jpeg"}],"author":"Not\u00edcias em Destaque","twitter_card":"summary_large_image","twitter_misc":{"Escrito por":"Not\u00edcias em Destaque","Est. tempo de leitura":"2 minutos"},"schema":{"@context":"https:\/\/schema.org","@graph":[{"@type":"Article","@id":"https:\/\/noticiasemdestaque.com\/cd\/?p=15524#article","isPartOf":{"@id":"https:\/\/noticiasemdestaque.com\/cd\/?p=15524"},"author":{"name":"Not\u00edcias em Destaque","@id":"https:\/\/noticiasemdestaque.com\/cd\/#\/schema\/person\/47f7d4f55eec17c6b2ca036c5500f6ce"},"headline":"OMS alerta para poss\u00edvel 3\u00aa onda de surto de febre amarela no Brasil","datePublished":"2019-02-14T10:08:36+00:00","mainEntityOfPage":{"@id":"https:\/\/noticiasemdestaque.com\/cd\/?p=15524"},"wordCount":430,"publisher":{"@id":"https:\/\/noticiasemdestaque.com\/cd\/#organization"},"image":{"@id":"https:\/\/noticiasemdestaque.com\/cd\/?p=15524#primaryimage"},"thumbnailUrl":"https:\/\/noticiasemdestaque.com\/cd\/wp-content\/uploads\/2018\/01\/febre-amarela.jpg","articleSection":["Sa\u00fade"],"inLanguage":"pt-BR"},{"@type":"WebPage","@id":"https:\/\/noticiasemdestaque.com\/cd\/?p=15524","url":"https:\/\/noticiasemdestaque.com\/cd\/?p=15524","name":"OMS alerta para poss\u00edvel 3\u00aa onda de surto de febre amarela no Brasil - Not&iacute;cias em Destaque","isPartOf":{"@id":"https:\/\/noticiasemdestaque.com\/cd\/#website"},"primaryImageOfPage":{"@id":"https:\/\/noticiasemdestaque.com\/cd\/?p=15524#primaryimage"},"image":{"@id":"https:\/\/noticiasemdestaque.com\/cd\/?p=15524#primaryimage"},"thumbnailUrl":"https:\/\/noticiasemdestaque.com\/cd\/wp-content\/uploads\/2018\/01\/febre-amarela.jpg","datePublished":"2019-02-14T10:08:36+00:00","breadcrumb":{"@id":"https:\/\/noticiasemdestaque.com\/cd\/?p=15524#breadcrumb"},"inLanguage":"pt-BR","potentialAction":[{"@type":"ReadAction","target":["https:\/\/noticiasemdestaque.com\/cd\/?p=15524"]}]},{"@type":"ImageObject","inLanguage":"pt-BR","@id":"https:\/\/noticiasemdestaque.com\/cd\/?p=15524#primaryimage","url":"https:\/\/noticiasemdestaque.com\/cd\/wp-content\/uploads\/2018\/01\/febre-amarela.jpg","contentUrl":"https:\/\/noticiasemdestaque.com\/cd\/wp-content\/uploads\/2018\/01\/febre-amarela.jpg","width":1000,"height":666},{"@type":"BreadcrumbList","@id":"https:\/\/noticiasemdestaque.com\/cd\/?p=15524#breadcrumb","itemListElement":[{"@type":"ListItem","position":1,"name":"In\u00edcio","item":"https:\/\/noticiasemdestaque.com\/cd\/"},{"@type":"ListItem","position":2,"name":"OMS alerta para poss\u00edvel 3\u00aa onda de surto de febre amarela no Brasil"}]},{"@type":"WebSite","@id":"https:\/\/noticiasemdestaque.com\/cd\/#website","url":"https:\/\/noticiasemdestaque.com\/cd\/","name":"Not&iacute;cias em Destaque","description":"","publisher":{"@id":"https:\/\/noticiasemdestaque.com\/cd\/#organization"},"potentialAction":[{"@type":"SearchAction","target":{"@type":"EntryPoint","urlTemplate":"https:\/\/noticiasemdestaque.com\/cd\/?s={search_term_string}"},"query-input":{"@type":"PropertyValueSpecification","valueRequired":true,"valueName":"search_term_string"}}],"inLanguage":"pt-BR"},{"@type":"Organization","@id":"https:\/\/noticiasemdestaque.com\/cd\/#organization","name":"Not\u00edcias em Destaque","url":"https:\/\/noticiasemdestaque.com\/cd\/","logo":{"@type":"ImageObject","inLanguage":"pt-BR","@id":"https:\/\/noticiasemdestaque.com\/cd\/#\/schema\/logo\/image\/","url":"https:\/\/noticiasemdestaque.com\/cd\/wp-content\/uploads\/2022\/05\/imagem-base-noticiasemdestaque.png","contentUrl":"https:\/\/noticiasemdestaque.com\/cd\/wp-content\/uploads\/2022\/05\/imagem-base-noticiasemdestaque.png","width":1200,"height":630,"caption":"Not\u00edcias em Destaque"},"image":{"@id":"https:\/\/noticiasemdestaque.com\/cd\/#\/schema\/logo\/image\/"}},{"@type":"Person","@id":"https:\/\/noticiasemdestaque.com\/cd\/#\/schema\/person\/47f7d4f55eec17c6b2ca036c5500f6ce","name":"Not\u00edcias em Destaque","url":"https:\/\/noticiasemdestaque.com\/cd\/?author=2"}]}},"jetpack_featured_media_url":"https:\/\/noticiasemdestaque.com\/cd\/wp-content\/uploads\/2018\/01\/febre-amarela.jpg","jetpack_sharing_enabled":true,"_links":{"self":[{"href":"https:\/\/noticiasemdestaque.com\/cd\/index.php?rest_route=\/wp\/v2\/posts\/15524","targetHints":{"allow":["GET"]}}],"collection":[{"href":"https:\/\/noticiasemdestaque.com\/cd\/index.php?rest_route=\/wp\/v2\/posts"}],"about":[{"href":"https:\/\/noticiasemdestaque.com\/cd\/index.php?rest_route=\/wp\/v2\/types\/post"}],"author":[{"embeddable":true,"href":"https:\/\/noticiasemdestaque.com\/cd\/index.php?rest_route=\/wp\/v2\/users\/2"}],"replies":[{"embeddable":true,"href":"https:\/\/noticiasemdestaque.com\/cd\/index.php?rest_route=%2Fwp%2Fv2%2Fcomments&post=15524"}],"version-history":[{"count":1,"href":"https:\/\/noticiasemdestaque.com\/cd\/index.php?rest_route=\/wp\/v2\/posts\/15524\/revisions"}],"predecessor-version":[{"id":15525,"href":"https:\/\/noticiasemdestaque.com\/cd\/index.php?rest_route=\/wp\/v2\/posts\/15524\/revisions\/15525"}],"wp:featuredmedia":[{"embeddable":true,"href":"https:\/\/noticiasemdestaque.com\/cd\/index.php?rest_route=\/wp\/v2\/media\/7688"}],"wp:attachment":[{"href":"https:\/\/noticiasemdestaque.com\/cd\/index.php?rest_route=%2Fwp%2Fv2%2Fmedia&parent=15524"}],"wp:term":[{"taxonomy":"category","embeddable":true,"href":"https:\/\/noticiasemdestaque.com\/cd\/index.php?rest_route=%2Fwp%2Fv2%2Fcategories&post=15524"},{"taxonomy":"post_tag","embeddable":true,"href":"https:\/\/noticiasemdestaque.com\/cd\/index.php?rest_route=%2Fwp%2Fv2%2Ftags&post=15524"}],"curies":[{"name":"wp","href":"https:\/\/api.w.org\/{rel}","templated":true}]}}