{"id":15520,"date":"2019-02-14T07:01:41","date_gmt":"2019-02-14T10:01:41","guid":{"rendered":"http:\/\/noticiasemdestaque.com\/cd\/?p=15520"},"modified":"2019-02-14T07:01:41","modified_gmt":"2019-02-14T10:01:41","slug":"campus-sume-da-ufcg-abre-inscricoes-para-o-pre-vestibular-solidario-2019","status":"publish","type":"post","link":"https:\/\/noticiasemdestaque.com\/cd\/?p=15520","title":{"rendered":"Campus Sum\u00e9 da UFCG abre inscri\u00e7\u00f5es para o Pr\u00e9-Vestibular Solid\u00e1rio 2019"},"content":{"rendered":"<p><a href=\"https:\/\/noticiasemdestaque.com\/cd\/wp-content\/uploads\/2017\/09\/1469103154411-programa-mais-bolsas-estudantes.jpg\"><img fetchpriority=\"high\" decoding=\"async\" class=\"alignnone size-full wp-image-3961\" src=\"https:\/\/noticiasemdestaque.com\/cd\/wp-content\/uploads\/2017\/09\/1469103154411-programa-mais-bolsas-estudantes.jpg\" alt=\"\" width=\"768\" height=\"512\" srcset=\"https:\/\/noticiasemdestaque.com\/cd\/wp-content\/uploads\/2017\/09\/1469103154411-programa-mais-bolsas-estudantes.jpg 768w, https:\/\/noticiasemdestaque.com\/cd\/wp-content\/uploads\/2017\/09\/1469103154411-programa-mais-bolsas-estudantes-300x200.jpg 300w, https:\/\/noticiasemdestaque.com\/cd\/wp-content\/uploads\/2017\/09\/1469103154411-programa-mais-bolsas-estudantes-480x320.jpg 480w\" sizes=\"(max-width: 768px) 100vw, 768px\" \/><\/a><\/p>\n<p>No per\u00edodo de 25 de fevereiro a 15 de mar\u00e7o, estar\u00e3o abertas as inscri\u00e7\u00f5es para o Curso Pr\u00e9-Vestibular Solid\u00e1rio no Centro de Desenvolvimento Sustent\u00e1vel do Semi\u00e1rido da Universidade Federal de Campina Grande, Campus Sum\u00e9.<\/p>\n<p>Ao todo, ser\u00e3o 50 vagas destinadas aos jovens e adultos da microrregi\u00e3o do Cariri Ocidental, que ser\u00e3o preenchidas por ordem de chegada.<\/p>\n<p>Podem se submeter \u00e0s vagas, jovens e adultos que tenham conclu\u00eddo ou est\u00e3o concluindo o Ensino M\u00e9dio em 2019, oriundos de escolas p\u00fablicas, bem como, alunos de escolas particulares, caso sejam bolsistas integrais.<\/p>\n<p>O in\u00edcio das atividades ser\u00e1 no dia 18 de mar\u00e7o e o t\u00e9rmino no dia 1 de novembro. As aulas ser\u00e3o ministradas no espa\u00e7o f\u00edsico do CDSA, no turno noturno, de segunda a sexta, das 18h30min \u00e0s 22h.<\/p>\n<p>&#8220;Convidamos jovens e adultos da cidade de Sum\u00e9 e cidades vizinhas para usufru\u00edrem dessa oportunidade de nivelamento de conhecimentos para a entrada na universidade&#8221;, destaca a professora Denise Xavier, coordenadora do Pr\u00e9-Vestibular Solid\u00e1rio no Campus Sum\u00e9.<\/p>\n<p>Para a inscri\u00e7\u00e3o, os jovens e adultos interessados devem comparecer\u00a0\u00e0 secretaria da Unidade Acad\u00eamica de Educa\u00e7\u00e3o do Campo &#8211; UAEDUC, nos seguintes hor\u00e1rios: de 8h \u00e0s 11h e de 14h \u00e0s 19h.<\/p>\n<p>Ser\u00e1 necess\u00e1ria a apresenta\u00e7\u00e3o de documento com foto e comprova\u00e7\u00e3o de conclus\u00e3o do ensino m\u00e9dio ou de que ir\u00e1 concluir em 2019, para ent\u00e3o ter acesso ao formul\u00e1rio.<\/p>\n<p>Fonte: Assimp CDSA\/UFCG<\/p>\n","protected":false},"excerpt":{"rendered":"<p>No per\u00edodo de 25 de fevereiro a 15 de mar\u00e7o, estar\u00e3o abertas as inscri\u00e7\u00f5es para o Curso Pr\u00e9-Vestibular Solid\u00e1rio no Centro de Desenvolvimento Sustent\u00e1vel do Semi\u00e1rido da Universidade Federal de Campina Grande, Campus Sum\u00e9. Ao todo, ser\u00e3o 50 vagas destinadas aos jovens e adultos da microrregi\u00e3o do Cariri Ocidental, que ser\u00e3o preenchidas por ordem de chegada. Podem se submeter \u00e0s vagas, jovens e adultos que tenham conclu\u00eddo ou est\u00e3o concluindo o Ensino M\u00e9dio em 2019, oriundos de escolas p\u00fablicas, bem como, alunos de escolas particulares, caso sejam bolsistas integrais. O in\u00edcio das atividades ser\u00e1 no dia 18 de mar\u00e7o e o t\u00e9rmino no dia 1 de novembro. As aulas ser\u00e3o ministradas no espa\u00e7o f\u00edsico do CDSA, no turno noturno, de segunda a sexta, das 18h30min \u00e0s 22h. &#8220;Convidamos jovens e adultos da cidade de Sum\u00e9 e cidades vizinhas para usufru\u00edrem dessa oportunidade de nivelamento de conhecimentos para a entrada na universidade&#8221;, destaca a professora Denise Xavier, coordenadora do Pr\u00e9-Vestibular Solid\u00e1rio no Campus Sum\u00e9. Para a inscri\u00e7\u00e3o, os jovens e adultos interessados devem comparecer\u00a0\u00e0 secretaria da Unidade Acad\u00eamica de Educa\u00e7\u00e3o do Campo &#8211; UAEDUC, nos seguintes hor\u00e1rios: de 8h \u00e0s 11h e de 14h \u00e0s 19h. Ser\u00e1 necess\u00e1ria a apresenta\u00e7\u00e3o de documento com foto e comprova\u00e7\u00e3o de conclus\u00e3o do ensino m\u00e9dio ou de que ir\u00e1 concluir em 2019, para ent\u00e3o ter acesso ao formul\u00e1rio. Fonte: Assimp CDSA\/UFCG<\/p>\n","protected":false},"author":2,"featured_media":3961,"comment_status":"closed","ping_status":"open","sticky":false,"template":"","format":"standard","meta":{"_eb_attr":"","_jetpack_memberships_contains_paid_content":false,"footnotes":""},"categories":[6],"tags":[],"class_list":["post-15520","post","type-post","status-publish","format-standard","has-post-thumbnail","hentry","category-educacao"],"yoast_head":"<!-- This site is optimized with the Yoast SEO plugin v26.5 - https:\/\/yoast.com\/wordpress\/plugins\/seo\/ -->\n<title>Campus Sum\u00e9 da UFCG abre inscri\u00e7\u00f5es para o Pr\u00e9-Vestibular Solid\u00e1rio 2019 - Not&iacute;cias em Destaque<\/title>\n<meta name=\"robots\" content=\"index, follow, max-snippet:-1, max-image-preview:large, max-video-preview:-1\" \/>\n<link rel=\"canonical\" href=\"https:\/\/noticiasemdestaque.com\/cd\/?p=15520\" \/>\n<meta property=\"og:locale\" content=\"pt_BR\" \/>\n<meta property=\"og:type\" content=\"article\" \/>\n<meta property=\"og:title\" content=\"Campus Sum\u00e9 da UFCG abre inscri\u00e7\u00f5es para o Pr\u00e9-Vestibular Solid\u00e1rio 2019 - Not&iacute;cias em Destaque\" \/>\n<meta property=\"og:description\" content=\"No per\u00edodo de 25 de fevereiro a 15 de mar\u00e7o, estar\u00e3o abertas as inscri\u00e7\u00f5es para o Curso Pr\u00e9-Vestibular Solid\u00e1rio no Centro de Desenvolvimento Sustent\u00e1vel do Semi\u00e1rido da Universidade Federal de Campina Grande, Campus Sum\u00e9. Ao todo, ser\u00e3o 50 vagas destinadas aos jovens e adultos da microrregi\u00e3o do Cariri Ocidental, que ser\u00e3o preenchidas por ordem de chegada. Podem se submeter \u00e0s vagas, jovens e adultos que tenham conclu\u00eddo ou est\u00e3o concluindo o Ensino M\u00e9dio em 2019, oriundos de escolas p\u00fablicas, bem como, alunos de escolas particulares, caso sejam bolsistas integrais. O in\u00edcio das atividades ser\u00e1 no dia 18 de mar\u00e7o e o t\u00e9rmino no dia 1 de novembro. As aulas ser\u00e3o ministradas no espa\u00e7o f\u00edsico do CDSA, no turno noturno, de segunda a sexta, das 18h30min \u00e0s 22h. &#8220;Convidamos jovens e adultos da cidade de Sum\u00e9 e cidades vizinhas para usufru\u00edrem dessa oportunidade de nivelamento de conhecimentos para a entrada na universidade&#8221;, destaca a professora Denise Xavier, coordenadora do Pr\u00e9-Vestibular Solid\u00e1rio no Campus Sum\u00e9. Para a inscri\u00e7\u00e3o, os jovens e adultos interessados devem comparecer\u00a0\u00e0 secretaria da Unidade Acad\u00eamica de Educa\u00e7\u00e3o do Campo &#8211; UAEDUC, nos seguintes hor\u00e1rios: de 8h \u00e0s 11h e de 14h \u00e0s 19h. Ser\u00e1 necess\u00e1ria a apresenta\u00e7\u00e3o de documento com foto e comprova\u00e7\u00e3o de conclus\u00e3o do ensino m\u00e9dio ou de que ir\u00e1 concluir em 2019, para ent\u00e3o ter acesso ao formul\u00e1rio. Fonte: Assimp CDSA\/UFCG\" \/>\n<meta property=\"og:url\" content=\"https:\/\/noticiasemdestaque.com\/cd\/?p=15520\" \/>\n<meta property=\"og:site_name\" content=\"Not&iacute;cias em Destaque\" \/>\n<meta property=\"article:published_time\" content=\"2019-02-14T10:01:41+00:00\" \/>\n<meta property=\"og:image\" content=\"https:\/\/noticiasemdestaque.com\/cd\/wp-content\/uploads\/2017\/09\/1469103154411-programa-mais-bolsas-estudantes.jpg\" \/>\n\t<meta property=\"og:image:width\" content=\"768\" \/>\n\t<meta property=\"og:image:height\" content=\"512\" \/>\n\t<meta property=\"og:image:type\" content=\"image\/jpeg\" \/>\n<meta name=\"author\" content=\"Not\u00edcias em Destaque\" \/>\n<meta name=\"twitter:card\" content=\"summary_large_image\" \/>\n<meta name=\"twitter:label1\" content=\"Escrito por\" \/>\n\t<meta name=\"twitter:data1\" content=\"Not\u00edcias em Destaque\" \/>\n\t<meta name=\"twitter:label2\" content=\"Est. tempo de leitura\" \/>\n\t<meta name=\"twitter:data2\" content=\"1 minuto\" \/>\n<script type=\"application\/ld+json\" class=\"yoast-schema-graph\">{\"@context\":\"https:\/\/schema.org\",\"@graph\":[{\"@type\":\"Article\",\"@id\":\"https:\/\/noticiasemdestaque.com\/cd\/?p=15520#article\",\"isPartOf\":{\"@id\":\"https:\/\/noticiasemdestaque.com\/cd\/?p=15520\"},\"author\":{\"name\":\"Not\u00edcias em Destaque\",\"@id\":\"https:\/\/noticiasemdestaque.com\/cd\/#\/schema\/person\/4a81fb71f77579d059c3045891fa1786\"},\"headline\":\"Campus Sum\u00e9 da UFCG abre inscri\u00e7\u00f5es para o Pr\u00e9-Vestibular Solid\u00e1rio 2019\",\"datePublished\":\"2019-02-14T10:01:41+00:00\",\"mainEntityOfPage\":{\"@id\":\"https:\/\/noticiasemdestaque.com\/cd\/?p=15520\"},\"wordCount\":269,\"publisher\":{\"@id\":\"https:\/\/noticiasemdestaque.com\/cd\/#organization\"},\"image\":{\"@id\":\"https:\/\/noticiasemdestaque.com\/cd\/?p=15520#primaryimage\"},\"thumbnailUrl\":\"https:\/\/noticiasemdestaque.com\/cd\/wp-content\/uploads\/2017\/09\/1469103154411-programa-mais-bolsas-estudantes.jpg\",\"articleSection\":[\"Educa\u00e7\u00e3o\"],\"inLanguage\":\"pt-BR\"},{\"@type\":\"WebPage\",\"@id\":\"https:\/\/noticiasemdestaque.com\/cd\/?p=15520\",\"url\":\"https:\/\/noticiasemdestaque.com\/cd\/?p=15520\",\"name\":\"Campus Sum\u00e9 da UFCG abre inscri\u00e7\u00f5es para o Pr\u00e9-Vestibular Solid\u00e1rio 2019 - Not&iacute;cias em Destaque\",\"isPartOf\":{\"@id\":\"https:\/\/noticiasemdestaque.com\/cd\/#website\"},\"primaryImageOfPage\":{\"@id\":\"https:\/\/noticiasemdestaque.com\/cd\/?p=15520#primaryimage\"},\"image\":{\"@id\":\"https:\/\/noticiasemdestaque.com\/cd\/?p=15520#primaryimage\"},\"thumbnailUrl\":\"https:\/\/noticiasemdestaque.com\/cd\/wp-content\/uploads\/2017\/09\/1469103154411-programa-mais-bolsas-estudantes.jpg\",\"datePublished\":\"2019-02-14T10:01:41+00:00\",\"breadcrumb\":{\"@id\":\"https:\/\/noticiasemdestaque.com\/cd\/?p=15520#breadcrumb\"},\"inLanguage\":\"pt-BR\",\"potentialAction\":[{\"@type\":\"ReadAction\",\"target\":[\"https:\/\/noticiasemdestaque.com\/cd\/?p=15520\"]}]},{\"@type\":\"ImageObject\",\"inLanguage\":\"pt-BR\",\"@id\":\"https:\/\/noticiasemdestaque.com\/cd\/?p=15520#primaryimage\",\"url\":\"https:\/\/noticiasemdestaque.com\/cd\/wp-content\/uploads\/2017\/09\/1469103154411-programa-mais-bolsas-estudantes.jpg\",\"contentUrl\":\"https:\/\/noticiasemdestaque.com\/cd\/wp-content\/uploads\/2017\/09\/1469103154411-programa-mais-bolsas-estudantes.jpg\",\"width\":768,\"height\":512},{\"@type\":\"BreadcrumbList\",\"@id\":\"https:\/\/noticiasemdestaque.com\/cd\/?p=15520#breadcrumb\",\"itemListElement\":[{\"@type\":\"ListItem\",\"position\":1,\"name\":\"In\u00edcio\",\"item\":\"https:\/\/noticiasemdestaque.com\/cd\/\"},{\"@type\":\"ListItem\",\"position\":2,\"name\":\"Campus Sum\u00e9 da UFCG abre inscri\u00e7\u00f5es para o Pr\u00e9-Vestibular Solid\u00e1rio 2019\"}]},{\"@type\":\"WebSite\",\"@id\":\"https:\/\/noticiasemdestaque.com\/cd\/#website\",\"url\":\"https:\/\/noticiasemdestaque.com\/cd\/\",\"name\":\"Not&iacute;cias em Destaque\",\"description\":\"\",\"publisher\":{\"@id\":\"https:\/\/noticiasemdestaque.com\/cd\/#organization\"},\"potentialAction\":[{\"@type\":\"SearchAction\",\"target\":{\"@type\":\"EntryPoint\",\"urlTemplate\":\"https:\/\/noticiasemdestaque.com\/cd\/?s={search_term_string}\"},\"query-input\":{\"@type\":\"PropertyValueSpecification\",\"valueRequired\":true,\"valueName\":\"search_term_string\"}}],\"inLanguage\":\"pt-BR\"},{\"@type\":\"Organization\",\"@id\":\"https:\/\/noticiasemdestaque.com\/cd\/#organization\",\"name\":\"Not\u00edcias em Destaque\",\"url\":\"https:\/\/noticiasemdestaque.com\/cd\/\",\"logo\":{\"@type\":\"ImageObject\",\"inLanguage\":\"pt-BR\",\"@id\":\"https:\/\/noticiasemdestaque.com\/cd\/#\/schema\/logo\/image\/\",\"url\":\"https:\/\/noticiasemdestaque.com\/cd\/wp-content\/uploads\/2022\/05\/imagem-base-noticiasemdestaque.png\",\"contentUrl\":\"https:\/\/noticiasemdestaque.com\/cd\/wp-content\/uploads\/2022\/05\/imagem-base-noticiasemdestaque.png\",\"width\":1200,\"height\":630,\"caption\":\"Not\u00edcias em Destaque\"},\"image\":{\"@id\":\"https:\/\/noticiasemdestaque.com\/cd\/#\/schema\/logo\/image\/\"}},{\"@type\":\"Person\",\"@id\":\"https:\/\/noticiasemdestaque.com\/cd\/#\/schema\/person\/4a81fb71f77579d059c3045891fa1786\",\"name\":\"Not\u00edcias em Destaque\",\"url\":\"https:\/\/noticiasemdestaque.com\/cd\/?author=2\"}]}<\/script>\n<!-- \/ Yoast SEO plugin. -->","yoast_head_json":{"title":"Campus Sum\u00e9 da UFCG abre inscri\u00e7\u00f5es para o Pr\u00e9-Vestibular Solid\u00e1rio 2019 - Not&iacute;cias em Destaque","robots":{"index":"index","follow":"follow","max-snippet":"max-snippet:-1","max-image-preview":"max-image-preview:large","max-video-preview":"max-video-preview:-1"},"canonical":"https:\/\/noticiasemdestaque.com\/cd\/?p=15520","og_locale":"pt_BR","og_type":"article","og_title":"Campus Sum\u00e9 da UFCG abre inscri\u00e7\u00f5es para o Pr\u00e9-Vestibular Solid\u00e1rio 2019 - Not&iacute;cias em Destaque","og_description":"No per\u00edodo de 25 de fevereiro a 15 de mar\u00e7o, estar\u00e3o abertas as inscri\u00e7\u00f5es para o Curso Pr\u00e9-Vestibular Solid\u00e1rio no Centro de Desenvolvimento Sustent\u00e1vel do Semi\u00e1rido da Universidade Federal de Campina Grande, Campus Sum\u00e9. Ao todo, ser\u00e3o 50 vagas destinadas aos jovens e adultos da microrregi\u00e3o do Cariri Ocidental, que ser\u00e3o preenchidas por ordem de chegada. Podem se submeter \u00e0s vagas, jovens e adultos que tenham conclu\u00eddo ou est\u00e3o concluindo o Ensino M\u00e9dio em 2019, oriundos de escolas p\u00fablicas, bem como, alunos de escolas particulares, caso sejam bolsistas integrais. O in\u00edcio das atividades ser\u00e1 no dia 18 de mar\u00e7o e o t\u00e9rmino no dia 1 de novembro. As aulas ser\u00e3o ministradas no espa\u00e7o f\u00edsico do CDSA, no turno noturno, de segunda a sexta, das 18h30min \u00e0s 22h. &#8220;Convidamos jovens e adultos da cidade de Sum\u00e9 e cidades vizinhas para usufru\u00edrem dessa oportunidade de nivelamento de conhecimentos para a entrada na universidade&#8221;, destaca a professora Denise Xavier, coordenadora do Pr\u00e9-Vestibular Solid\u00e1rio no Campus Sum\u00e9. Para a inscri\u00e7\u00e3o, os jovens e adultos interessados devem comparecer\u00a0\u00e0 secretaria da Unidade Acad\u00eamica de Educa\u00e7\u00e3o do Campo &#8211; UAEDUC, nos seguintes hor\u00e1rios: de 8h \u00e0s 11h e de 14h \u00e0s 19h. Ser\u00e1 necess\u00e1ria a apresenta\u00e7\u00e3o de documento com foto e comprova\u00e7\u00e3o de conclus\u00e3o do ensino m\u00e9dio ou de que ir\u00e1 concluir em 2019, para ent\u00e3o ter acesso ao formul\u00e1rio. Fonte: Assimp CDSA\/UFCG","og_url":"https:\/\/noticiasemdestaque.com\/cd\/?p=15520","og_site_name":"Not&iacute;cias em Destaque","article_published_time":"2019-02-14T10:01:41+00:00","og_image":[{"width":768,"height":512,"url":"https:\/\/noticiasemdestaque.com\/cd\/wp-content\/uploads\/2017\/09\/1469103154411-programa-mais-bolsas-estudantes.jpg","type":"image\/jpeg"}],"author":"Not\u00edcias em Destaque","twitter_card":"summary_large_image","twitter_misc":{"Escrito por":"Not\u00edcias em Destaque","Est. tempo de leitura":"1 minuto"},"schema":{"@context":"https:\/\/schema.org","@graph":[{"@type":"Article","@id":"https:\/\/noticiasemdestaque.com\/cd\/?p=15520#article","isPartOf":{"@id":"https:\/\/noticiasemdestaque.com\/cd\/?p=15520"},"author":{"name":"Not\u00edcias em Destaque","@id":"https:\/\/noticiasemdestaque.com\/cd\/#\/schema\/person\/4a81fb71f77579d059c3045891fa1786"},"headline":"Campus Sum\u00e9 da UFCG abre inscri\u00e7\u00f5es para o Pr\u00e9-Vestibular Solid\u00e1rio 2019","datePublished":"2019-02-14T10:01:41+00:00","mainEntityOfPage":{"@id":"https:\/\/noticiasemdestaque.com\/cd\/?p=15520"},"wordCount":269,"publisher":{"@id":"https:\/\/noticiasemdestaque.com\/cd\/#organization"},"image":{"@id":"https:\/\/noticiasemdestaque.com\/cd\/?p=15520#primaryimage"},"thumbnailUrl":"https:\/\/noticiasemdestaque.com\/cd\/wp-content\/uploads\/2017\/09\/1469103154411-programa-mais-bolsas-estudantes.jpg","articleSection":["Educa\u00e7\u00e3o"],"inLanguage":"pt-BR"},{"@type":"WebPage","@id":"https:\/\/noticiasemdestaque.com\/cd\/?p=15520","url":"https:\/\/noticiasemdestaque.com\/cd\/?p=15520","name":"Campus Sum\u00e9 da UFCG abre inscri\u00e7\u00f5es para o Pr\u00e9-Vestibular Solid\u00e1rio 2019 - Not&iacute;cias em Destaque","isPartOf":{"@id":"https:\/\/noticiasemdestaque.com\/cd\/#website"},"primaryImageOfPage":{"@id":"https:\/\/noticiasemdestaque.com\/cd\/?p=15520#primaryimage"},"image":{"@id":"https:\/\/noticiasemdestaque.com\/cd\/?p=15520#primaryimage"},"thumbnailUrl":"https:\/\/noticiasemdestaque.com\/cd\/wp-content\/uploads\/2017\/09\/1469103154411-programa-mais-bolsas-estudantes.jpg","datePublished":"2019-02-14T10:01:41+00:00","breadcrumb":{"@id":"https:\/\/noticiasemdestaque.com\/cd\/?p=15520#breadcrumb"},"inLanguage":"pt-BR","potentialAction":[{"@type":"ReadAction","target":["https:\/\/noticiasemdestaque.com\/cd\/?p=15520"]}]},{"@type":"ImageObject","inLanguage":"pt-BR","@id":"https:\/\/noticiasemdestaque.com\/cd\/?p=15520#primaryimage","url":"https:\/\/noticiasemdestaque.com\/cd\/wp-content\/uploads\/2017\/09\/1469103154411-programa-mais-bolsas-estudantes.jpg","contentUrl":"https:\/\/noticiasemdestaque.com\/cd\/wp-content\/uploads\/2017\/09\/1469103154411-programa-mais-bolsas-estudantes.jpg","width":768,"height":512},{"@type":"BreadcrumbList","@id":"https:\/\/noticiasemdestaque.com\/cd\/?p=15520#breadcrumb","itemListElement":[{"@type":"ListItem","position":1,"name":"In\u00edcio","item":"https:\/\/noticiasemdestaque.com\/cd\/"},{"@type":"ListItem","position":2,"name":"Campus Sum\u00e9 da UFCG abre inscri\u00e7\u00f5es para o Pr\u00e9-Vestibular Solid\u00e1rio 2019"}]},{"@type":"WebSite","@id":"https:\/\/noticiasemdestaque.com\/cd\/#website","url":"https:\/\/noticiasemdestaque.com\/cd\/","name":"Not&iacute;cias em Destaque","description":"","publisher":{"@id":"https:\/\/noticiasemdestaque.com\/cd\/#organization"},"potentialAction":[{"@type":"SearchAction","target":{"@type":"EntryPoint","urlTemplate":"https:\/\/noticiasemdestaque.com\/cd\/?s={search_term_string}"},"query-input":{"@type":"PropertyValueSpecification","valueRequired":true,"valueName":"search_term_string"}}],"inLanguage":"pt-BR"},{"@type":"Organization","@id":"https:\/\/noticiasemdestaque.com\/cd\/#organization","name":"Not\u00edcias em Destaque","url":"https:\/\/noticiasemdestaque.com\/cd\/","logo":{"@type":"ImageObject","inLanguage":"pt-BR","@id":"https:\/\/noticiasemdestaque.com\/cd\/#\/schema\/logo\/image\/","url":"https:\/\/noticiasemdestaque.com\/cd\/wp-content\/uploads\/2022\/05\/imagem-base-noticiasemdestaque.png","contentUrl":"https:\/\/noticiasemdestaque.com\/cd\/wp-content\/uploads\/2022\/05\/imagem-base-noticiasemdestaque.png","width":1200,"height":630,"caption":"Not\u00edcias em Destaque"},"image":{"@id":"https:\/\/noticiasemdestaque.com\/cd\/#\/schema\/logo\/image\/"}},{"@type":"Person","@id":"https:\/\/noticiasemdestaque.com\/cd\/#\/schema\/person\/4a81fb71f77579d059c3045891fa1786","name":"Not\u00edcias em Destaque","url":"https:\/\/noticiasemdestaque.com\/cd\/?author=2"}]}},"jetpack_featured_media_url":"https:\/\/noticiasemdestaque.com\/cd\/wp-content\/uploads\/2017\/09\/1469103154411-programa-mais-bolsas-estudantes.jpg","jetpack_sharing_enabled":true,"_links":{"self":[{"href":"https:\/\/noticiasemdestaque.com\/cd\/index.php?rest_route=\/wp\/v2\/posts\/15520","targetHints":{"allow":["GET"]}}],"collection":[{"href":"https:\/\/noticiasemdestaque.com\/cd\/index.php?rest_route=\/wp\/v2\/posts"}],"about":[{"href":"https:\/\/noticiasemdestaque.com\/cd\/index.php?rest_route=\/wp\/v2\/types\/post"}],"author":[{"embeddable":true,"href":"https:\/\/noticiasemdestaque.com\/cd\/index.php?rest_route=\/wp\/v2\/users\/2"}],"replies":[{"embeddable":true,"href":"https:\/\/noticiasemdestaque.com\/cd\/index.php?rest_route=%2Fwp%2Fv2%2Fcomments&post=15520"}],"version-history":[{"count":1,"href":"https:\/\/noticiasemdestaque.com\/cd\/index.php?rest_route=\/wp\/v2\/posts\/15520\/revisions"}],"predecessor-version":[{"id":15521,"href":"https:\/\/noticiasemdestaque.com\/cd\/index.php?rest_route=\/wp\/v2\/posts\/15520\/revisions\/15521"}],"wp:featuredmedia":[{"embeddable":true,"href":"https:\/\/noticiasemdestaque.com\/cd\/index.php?rest_route=\/wp\/v2\/media\/3961"}],"wp:attachment":[{"href":"https:\/\/noticiasemdestaque.com\/cd\/index.php?rest_route=%2Fwp%2Fv2%2Fmedia&parent=15520"}],"wp:term":[{"taxonomy":"category","embeddable":true,"href":"https:\/\/noticiasemdestaque.com\/cd\/index.php?rest_route=%2Fwp%2Fv2%2Fcategories&post=15520"},{"taxonomy":"post_tag","embeddable":true,"href":"https:\/\/noticiasemdestaque.com\/cd\/index.php?rest_route=%2Fwp%2Fv2%2Ftags&post=15520"}],"curies":[{"name":"wp","href":"https:\/\/api.w.org\/{rel}","templated":true}]}}