{"id":15516,"date":"2019-02-13T21:21:32","date_gmt":"2019-02-14T00:21:32","guid":{"rendered":"http:\/\/noticiasemdestaque.com\/cd\/?p=15516"},"modified":"2019-02-13T21:21:32","modified_gmt":"2019-02-14T00:21:32","slug":"prefeitura-de-monteiro-realiza-oitava-cerimonia-de-posse-de-concursados","status":"publish","type":"post","link":"https:\/\/noticiasemdestaque.com\/cd\/?p=15516","title":{"rendered":"Prefeitura de Monteiro realiza oitava cerim\u00f4nia de posse de concursados"},"content":{"rendered":"<p><a href=\"https:\/\/noticiasemdestaque.com\/cd\/wp-content\/uploads\/2019\/02\/Concursados-quinta-chamada2.jpg\"><img fetchpriority=\"high\" decoding=\"async\" class=\" wp-image-15517\" src=\"https:\/\/noticiasemdestaque.com\/cd\/wp-content\/uploads\/2019\/02\/Concursados-quinta-chamada2-1024x683.jpg\" alt=\"\" width=\"506\" height=\"337\" srcset=\"https:\/\/noticiasemdestaque.com\/cd\/wp-content\/uploads\/2019\/02\/Concursados-quinta-chamada2.jpg 1024w, https:\/\/noticiasemdestaque.com\/cd\/wp-content\/uploads\/2019\/02\/Concursados-quinta-chamada2-300x200.jpg 300w, https:\/\/noticiasemdestaque.com\/cd\/wp-content\/uploads\/2019\/02\/Concursados-quinta-chamada2-768x512.jpg 768w, https:\/\/noticiasemdestaque.com\/cd\/wp-content\/uploads\/2019\/02\/Concursados-quinta-chamada2-480x320.jpg 480w\" sizes=\"(max-width: 506px) 100vw, 506px\" \/><\/a><\/p>\n<p>A cada convoca\u00e7\u00e3o e posse de concursados, a atual gest\u00e3o bate mais um recorde como a administra\u00e7\u00e3o municipal que mais efetivou na hist\u00f3ria da cidade.<\/p>\n<p>No pr\u00f3ximo dia 20 ser\u00e1 realizada a oitava cerim\u00f4nia de posse de concursados. A solenidade acontecer\u00e1 na C\u00e2mara Municipal \u00e0s 09 horas, e contar\u00e1 com a presen\u00e7a da prefeita Anna Lorena, vice-prefeito Celecileno Alves, juntamente com secret\u00e1rios e vereadores.<\/p>\n<p>Os concursados assumir\u00e3o os seguintes cargos:<\/p>\n<p>Agente Comunit\u00e1rio de Sa\u00fade para os PSFs 07 e 03, Agente Municipal de Tr\u00e2nsito, Bombeiro Encanador, Gari, T\u00e9cnico Administrativo Plantonista \u2013 UPA, Cozinheira \u2013 UPA, Aux. deServi\u00e7os Diversos \u2013 UPA, Aux. de Consult\u00f3rio Dent\u00e1rio, T\u00e9cnico de Enfermagem Plantonista \u2013 UPA, R\u00e1dio Operador \u2013 SAMU, Condutor Socorrista Plantonista \u2013 SAMU,Bioqu\u00edmico, Fisioterapeuta, Enfermeiro Plantonista \u2013 UPA, Terapeuta Ocupacional, Condutor de Ve\u00edculo de Urg\u00eancia \u2013 UPA.<\/p>\n<p>\u201cPara n\u00f3s \u00e9 uma grande honra fazer parte de todas estas hist\u00f3rias, de lutas e conquistas de todos os que j\u00e1 foram empossados e os que ser\u00e3o nesta pr\u00f3xima semana. Nos felicitamos tamb\u00e9m com mais estes profissionais, que agora dedicar\u00e3o seu tempo e seu trabalho a nossa popula\u00e7\u00e3o\u201d \u2013 Prefeita Anna Lorena<\/p>\n","protected":false},"excerpt":{"rendered":"<p>A cada convoca\u00e7\u00e3o e posse de concursados, a atual gest\u00e3o bate mais um recorde como a administra\u00e7\u00e3o municipal que mais efetivou na hist\u00f3ria da cidade. No pr\u00f3ximo dia 20 ser\u00e1 realizada a oitava cerim\u00f4nia de posse de concursados. A solenidade acontecer\u00e1 na C\u00e2mara Municipal \u00e0s 09 horas, e contar\u00e1 com a presen\u00e7a da prefeita Anna Lorena, vice-prefeito Celecileno Alves, juntamente com secret\u00e1rios e vereadores. Os concursados assumir\u00e3o os seguintes cargos: Agente Comunit\u00e1rio de Sa\u00fade para os PSFs 07 e 03, Agente Municipal de Tr\u00e2nsito, Bombeiro Encanador, Gari, T\u00e9cnico Administrativo Plantonista \u2013 UPA, Cozinheira \u2013 UPA, Aux. deServi\u00e7os Diversos \u2013 UPA, Aux. de Consult\u00f3rio Dent\u00e1rio, T\u00e9cnico de Enfermagem Plantonista \u2013 UPA, R\u00e1dio Operador \u2013 SAMU, Condutor Socorrista Plantonista \u2013 SAMU,Bioqu\u00edmico, Fisioterapeuta, Enfermeiro Plantonista \u2013 UPA, Terapeuta Ocupacional, Condutor de Ve\u00edculo de Urg\u00eancia \u2013 UPA. \u201cPara n\u00f3s \u00e9 uma grande honra fazer parte de todas estas hist\u00f3rias, de lutas e conquistas de todos os que j\u00e1 foram empossados e os que ser\u00e3o nesta pr\u00f3xima semana. Nos felicitamos tamb\u00e9m com mais estes profissionais, que agora dedicar\u00e3o seu tempo e seu trabalho a nossa popula\u00e7\u00e3o\u201d \u2013 Prefeita Anna Lorena<\/p>\n","protected":false},"author":2,"featured_media":15517,"comment_status":"closed","ping_status":"open","sticky":false,"template":"","format":"standard","meta":{"_eb_attr":"","_jetpack_memberships_contains_paid_content":false,"footnotes":""},"categories":[3],"tags":[],"class_list":["post-15516","post","type-post","status-publish","format-standard","has-post-thumbnail","hentry","category-cidades"],"yoast_head":"<!-- This site is optimized with the Yoast SEO plugin v26.5 - https:\/\/yoast.com\/wordpress\/plugins\/seo\/ -->\n<title>Prefeitura de Monteiro realiza oitava cerim\u00f4nia de posse de concursados - Not&iacute;cias em Destaque<\/title>\n<meta name=\"robots\" content=\"index, follow, max-snippet:-1, max-image-preview:large, max-video-preview:-1\" \/>\n<link rel=\"canonical\" href=\"https:\/\/noticiasemdestaque.com\/cd\/?p=15516\" \/>\n<meta property=\"og:locale\" content=\"pt_BR\" \/>\n<meta property=\"og:type\" content=\"article\" \/>\n<meta property=\"og:title\" content=\"Prefeitura de Monteiro realiza oitava cerim\u00f4nia de posse de concursados - Not&iacute;cias em Destaque\" \/>\n<meta property=\"og:description\" content=\"A cada convoca\u00e7\u00e3o e posse de concursados, a atual gest\u00e3o bate mais um recorde como a administra\u00e7\u00e3o municipal que mais efetivou na hist\u00f3ria da cidade. No pr\u00f3ximo dia 20 ser\u00e1 realizada a oitava cerim\u00f4nia de posse de concursados. A solenidade acontecer\u00e1 na C\u00e2mara Municipal \u00e0s 09 horas, e contar\u00e1 com a presen\u00e7a da prefeita Anna Lorena, vice-prefeito Celecileno Alves, juntamente com secret\u00e1rios e vereadores. Os concursados assumir\u00e3o os seguintes cargos: Agente Comunit\u00e1rio de Sa\u00fade para os PSFs 07 e 03, Agente Municipal de Tr\u00e2nsito, Bombeiro Encanador, Gari, T\u00e9cnico Administrativo Plantonista \u2013 UPA, Cozinheira \u2013 UPA, Aux. deServi\u00e7os Diversos \u2013 UPA, Aux. de Consult\u00f3rio Dent\u00e1rio, T\u00e9cnico de Enfermagem Plantonista \u2013 UPA, R\u00e1dio Operador \u2013 SAMU, Condutor Socorrista Plantonista \u2013 SAMU,Bioqu\u00edmico, Fisioterapeuta, Enfermeiro Plantonista \u2013 UPA, Terapeuta Ocupacional, Condutor de Ve\u00edculo de Urg\u00eancia \u2013 UPA. \u201cPara n\u00f3s \u00e9 uma grande honra fazer parte de todas estas hist\u00f3rias, de lutas e conquistas de todos os que j\u00e1 foram empossados e os que ser\u00e3o nesta pr\u00f3xima semana. Nos felicitamos tamb\u00e9m com mais estes profissionais, que agora dedicar\u00e3o seu tempo e seu trabalho a nossa popula\u00e7\u00e3o\u201d \u2013 Prefeita Anna Lorena\" \/>\n<meta property=\"og:url\" content=\"https:\/\/noticiasemdestaque.com\/cd\/?p=15516\" \/>\n<meta property=\"og:site_name\" content=\"Not&iacute;cias em Destaque\" \/>\n<meta property=\"article:published_time\" content=\"2019-02-14T00:21:32+00:00\" \/>\n<meta property=\"og:image\" content=\"https:\/\/noticiasemdestaque.com\/cd\/wp-content\/uploads\/2019\/02\/Concursados-quinta-chamada2.jpg\" \/>\n\t<meta property=\"og:image:width\" content=\"1024\" \/>\n\t<meta property=\"og:image:height\" content=\"683\" \/>\n\t<meta property=\"og:image:type\" content=\"image\/jpeg\" \/>\n<meta name=\"author\" content=\"Not\u00edcias em Destaque\" \/>\n<meta name=\"twitter:card\" content=\"summary_large_image\" \/>\n<meta name=\"twitter:label1\" content=\"Escrito por\" \/>\n\t<meta name=\"twitter:data1\" content=\"Not\u00edcias em Destaque\" \/>\n\t<meta name=\"twitter:label2\" content=\"Est. tempo de leitura\" \/>\n\t<meta name=\"twitter:data2\" content=\"1 minuto\" \/>\n<script type=\"application\/ld+json\" class=\"yoast-schema-graph\">{\"@context\":\"https:\/\/schema.org\",\"@graph\":[{\"@type\":\"Article\",\"@id\":\"https:\/\/noticiasemdestaque.com\/cd\/?p=15516#article\",\"isPartOf\":{\"@id\":\"https:\/\/noticiasemdestaque.com\/cd\/?p=15516\"},\"author\":{\"name\":\"Not\u00edcias em Destaque\",\"@id\":\"https:\/\/noticiasemdestaque.com\/cd\/#\/schema\/person\/47f7d4f55eec17c6b2ca036c5500f6ce\"},\"headline\":\"Prefeitura de Monteiro realiza oitava cerim\u00f4nia de posse de concursados\",\"datePublished\":\"2019-02-14T00:21:32+00:00\",\"mainEntityOfPage\":{\"@id\":\"https:\/\/noticiasemdestaque.com\/cd\/?p=15516\"},\"wordCount\":212,\"publisher\":{\"@id\":\"https:\/\/noticiasemdestaque.com\/cd\/#organization\"},\"image\":{\"@id\":\"https:\/\/noticiasemdestaque.com\/cd\/?p=15516#primaryimage\"},\"thumbnailUrl\":\"https:\/\/noticiasemdestaque.com\/cd\/wp-content\/uploads\/2019\/02\/Concursados-quinta-chamada2.jpg\",\"articleSection\":[\"Cidades\"],\"inLanguage\":\"pt-BR\"},{\"@type\":\"WebPage\",\"@id\":\"https:\/\/noticiasemdestaque.com\/cd\/?p=15516\",\"url\":\"https:\/\/noticiasemdestaque.com\/cd\/?p=15516\",\"name\":\"Prefeitura de Monteiro realiza oitava cerim\u00f4nia de posse de concursados - Not&iacute;cias em Destaque\",\"isPartOf\":{\"@id\":\"https:\/\/noticiasemdestaque.com\/cd\/#website\"},\"primaryImageOfPage\":{\"@id\":\"https:\/\/noticiasemdestaque.com\/cd\/?p=15516#primaryimage\"},\"image\":{\"@id\":\"https:\/\/noticiasemdestaque.com\/cd\/?p=15516#primaryimage\"},\"thumbnailUrl\":\"https:\/\/noticiasemdestaque.com\/cd\/wp-content\/uploads\/2019\/02\/Concursados-quinta-chamada2.jpg\",\"datePublished\":\"2019-02-14T00:21:32+00:00\",\"breadcrumb\":{\"@id\":\"https:\/\/noticiasemdestaque.com\/cd\/?p=15516#breadcrumb\"},\"inLanguage\":\"pt-BR\",\"potentialAction\":[{\"@type\":\"ReadAction\",\"target\":[\"https:\/\/noticiasemdestaque.com\/cd\/?p=15516\"]}]},{\"@type\":\"ImageObject\",\"inLanguage\":\"pt-BR\",\"@id\":\"https:\/\/noticiasemdestaque.com\/cd\/?p=15516#primaryimage\",\"url\":\"https:\/\/noticiasemdestaque.com\/cd\/wp-content\/uploads\/2019\/02\/Concursados-quinta-chamada2.jpg\",\"contentUrl\":\"https:\/\/noticiasemdestaque.com\/cd\/wp-content\/uploads\/2019\/02\/Concursados-quinta-chamada2.jpg\",\"width\":1024,\"height\":683,\"caption\":\"????????????????????????????????????\"},{\"@type\":\"BreadcrumbList\",\"@id\":\"https:\/\/noticiasemdestaque.com\/cd\/?p=15516#breadcrumb\",\"itemListElement\":[{\"@type\":\"ListItem\",\"position\":1,\"name\":\"In\u00edcio\",\"item\":\"https:\/\/noticiasemdestaque.com\/cd\/\"},{\"@type\":\"ListItem\",\"position\":2,\"name\":\"Prefeitura de Monteiro realiza oitava cerim\u00f4nia de posse de concursados\"}]},{\"@type\":\"WebSite\",\"@id\":\"https:\/\/noticiasemdestaque.com\/cd\/#website\",\"url\":\"https:\/\/noticiasemdestaque.com\/cd\/\",\"name\":\"Not&iacute;cias em Destaque\",\"description\":\"\",\"publisher\":{\"@id\":\"https:\/\/noticiasemdestaque.com\/cd\/#organization\"},\"potentialAction\":[{\"@type\":\"SearchAction\",\"target\":{\"@type\":\"EntryPoint\",\"urlTemplate\":\"https:\/\/noticiasemdestaque.com\/cd\/?s={search_term_string}\"},\"query-input\":{\"@type\":\"PropertyValueSpecification\",\"valueRequired\":true,\"valueName\":\"search_term_string\"}}],\"inLanguage\":\"pt-BR\"},{\"@type\":\"Organization\",\"@id\":\"https:\/\/noticiasemdestaque.com\/cd\/#organization\",\"name\":\"Not\u00edcias em Destaque\",\"url\":\"https:\/\/noticiasemdestaque.com\/cd\/\",\"logo\":{\"@type\":\"ImageObject\",\"inLanguage\":\"pt-BR\",\"@id\":\"https:\/\/noticiasemdestaque.com\/cd\/#\/schema\/logo\/image\/\",\"url\":\"https:\/\/noticiasemdestaque.com\/cd\/wp-content\/uploads\/2022\/05\/imagem-base-noticiasemdestaque.png\",\"contentUrl\":\"https:\/\/noticiasemdestaque.com\/cd\/wp-content\/uploads\/2022\/05\/imagem-base-noticiasemdestaque.png\",\"width\":1200,\"height\":630,\"caption\":\"Not\u00edcias em Destaque\"},\"image\":{\"@id\":\"https:\/\/noticiasemdestaque.com\/cd\/#\/schema\/logo\/image\/\"}},{\"@type\":\"Person\",\"@id\":\"https:\/\/noticiasemdestaque.com\/cd\/#\/schema\/person\/47f7d4f55eec17c6b2ca036c5500f6ce\",\"name\":\"Not\u00edcias em Destaque\",\"url\":\"https:\/\/noticiasemdestaque.com\/cd\/?author=2\"}]}<\/script>\n<!-- \/ Yoast SEO plugin. -->","yoast_head_json":{"title":"Prefeitura de Monteiro realiza oitava cerim\u00f4nia de posse de concursados - Not&iacute;cias em Destaque","robots":{"index":"index","follow":"follow","max-snippet":"max-snippet:-1","max-image-preview":"max-image-preview:large","max-video-preview":"max-video-preview:-1"},"canonical":"https:\/\/noticiasemdestaque.com\/cd\/?p=15516","og_locale":"pt_BR","og_type":"article","og_title":"Prefeitura de Monteiro realiza oitava cerim\u00f4nia de posse de concursados - Not&iacute;cias em Destaque","og_description":"A cada convoca\u00e7\u00e3o e posse de concursados, a atual gest\u00e3o bate mais um recorde como a administra\u00e7\u00e3o municipal que mais efetivou na hist\u00f3ria da cidade. No pr\u00f3ximo dia 20 ser\u00e1 realizada a oitava cerim\u00f4nia de posse de concursados. A solenidade acontecer\u00e1 na C\u00e2mara Municipal \u00e0s 09 horas, e contar\u00e1 com a presen\u00e7a da prefeita Anna Lorena, vice-prefeito Celecileno Alves, juntamente com secret\u00e1rios e vereadores. Os concursados assumir\u00e3o os seguintes cargos: Agente Comunit\u00e1rio de Sa\u00fade para os PSFs 07 e 03, Agente Municipal de Tr\u00e2nsito, Bombeiro Encanador, Gari, T\u00e9cnico Administrativo Plantonista \u2013 UPA, Cozinheira \u2013 UPA, Aux. deServi\u00e7os Diversos \u2013 UPA, Aux. de Consult\u00f3rio Dent\u00e1rio, T\u00e9cnico de Enfermagem Plantonista \u2013 UPA, R\u00e1dio Operador \u2013 SAMU, Condutor Socorrista Plantonista \u2013 SAMU,Bioqu\u00edmico, Fisioterapeuta, Enfermeiro Plantonista \u2013 UPA, Terapeuta Ocupacional, Condutor de Ve\u00edculo de Urg\u00eancia \u2013 UPA. \u201cPara n\u00f3s \u00e9 uma grande honra fazer parte de todas estas hist\u00f3rias, de lutas e conquistas de todos os que j\u00e1 foram empossados e os que ser\u00e3o nesta pr\u00f3xima semana. Nos felicitamos tamb\u00e9m com mais estes profissionais, que agora dedicar\u00e3o seu tempo e seu trabalho a nossa popula\u00e7\u00e3o\u201d \u2013 Prefeita Anna Lorena","og_url":"https:\/\/noticiasemdestaque.com\/cd\/?p=15516","og_site_name":"Not&iacute;cias em Destaque","article_published_time":"2019-02-14T00:21:32+00:00","og_image":[{"width":1024,"height":683,"url":"https:\/\/noticiasemdestaque.com\/cd\/wp-content\/uploads\/2019\/02\/Concursados-quinta-chamada2.jpg","type":"image\/jpeg"}],"author":"Not\u00edcias em Destaque","twitter_card":"summary_large_image","twitter_misc":{"Escrito por":"Not\u00edcias em Destaque","Est. tempo de leitura":"1 minuto"},"schema":{"@context":"https:\/\/schema.org","@graph":[{"@type":"Article","@id":"https:\/\/noticiasemdestaque.com\/cd\/?p=15516#article","isPartOf":{"@id":"https:\/\/noticiasemdestaque.com\/cd\/?p=15516"},"author":{"name":"Not\u00edcias em Destaque","@id":"https:\/\/noticiasemdestaque.com\/cd\/#\/schema\/person\/47f7d4f55eec17c6b2ca036c5500f6ce"},"headline":"Prefeitura de Monteiro realiza oitava cerim\u00f4nia de posse de concursados","datePublished":"2019-02-14T00:21:32+00:00","mainEntityOfPage":{"@id":"https:\/\/noticiasemdestaque.com\/cd\/?p=15516"},"wordCount":212,"publisher":{"@id":"https:\/\/noticiasemdestaque.com\/cd\/#organization"},"image":{"@id":"https:\/\/noticiasemdestaque.com\/cd\/?p=15516#primaryimage"},"thumbnailUrl":"https:\/\/noticiasemdestaque.com\/cd\/wp-content\/uploads\/2019\/02\/Concursados-quinta-chamada2.jpg","articleSection":["Cidades"],"inLanguage":"pt-BR"},{"@type":"WebPage","@id":"https:\/\/noticiasemdestaque.com\/cd\/?p=15516","url":"https:\/\/noticiasemdestaque.com\/cd\/?p=15516","name":"Prefeitura de Monteiro realiza oitava cerim\u00f4nia de posse de concursados - Not&iacute;cias em Destaque","isPartOf":{"@id":"https:\/\/noticiasemdestaque.com\/cd\/#website"},"primaryImageOfPage":{"@id":"https:\/\/noticiasemdestaque.com\/cd\/?p=15516#primaryimage"},"image":{"@id":"https:\/\/noticiasemdestaque.com\/cd\/?p=15516#primaryimage"},"thumbnailUrl":"https:\/\/noticiasemdestaque.com\/cd\/wp-content\/uploads\/2019\/02\/Concursados-quinta-chamada2.jpg","datePublished":"2019-02-14T00:21:32+00:00","breadcrumb":{"@id":"https:\/\/noticiasemdestaque.com\/cd\/?p=15516#breadcrumb"},"inLanguage":"pt-BR","potentialAction":[{"@type":"ReadAction","target":["https:\/\/noticiasemdestaque.com\/cd\/?p=15516"]}]},{"@type":"ImageObject","inLanguage":"pt-BR","@id":"https:\/\/noticiasemdestaque.com\/cd\/?p=15516#primaryimage","url":"https:\/\/noticiasemdestaque.com\/cd\/wp-content\/uploads\/2019\/02\/Concursados-quinta-chamada2.jpg","contentUrl":"https:\/\/noticiasemdestaque.com\/cd\/wp-content\/uploads\/2019\/02\/Concursados-quinta-chamada2.jpg","width":1024,"height":683,"caption":"????????????????????????????????????"},{"@type":"BreadcrumbList","@id":"https:\/\/noticiasemdestaque.com\/cd\/?p=15516#breadcrumb","itemListElement":[{"@type":"ListItem","position":1,"name":"In\u00edcio","item":"https:\/\/noticiasemdestaque.com\/cd\/"},{"@type":"ListItem","position":2,"name":"Prefeitura de Monteiro realiza oitava cerim\u00f4nia de posse de concursados"}]},{"@type":"WebSite","@id":"https:\/\/noticiasemdestaque.com\/cd\/#website","url":"https:\/\/noticiasemdestaque.com\/cd\/","name":"Not&iacute;cias em Destaque","description":"","publisher":{"@id":"https:\/\/noticiasemdestaque.com\/cd\/#organization"},"potentialAction":[{"@type":"SearchAction","target":{"@type":"EntryPoint","urlTemplate":"https:\/\/noticiasemdestaque.com\/cd\/?s={search_term_string}"},"query-input":{"@type":"PropertyValueSpecification","valueRequired":true,"valueName":"search_term_string"}}],"inLanguage":"pt-BR"},{"@type":"Organization","@id":"https:\/\/noticiasemdestaque.com\/cd\/#organization","name":"Not\u00edcias em Destaque","url":"https:\/\/noticiasemdestaque.com\/cd\/","logo":{"@type":"ImageObject","inLanguage":"pt-BR","@id":"https:\/\/noticiasemdestaque.com\/cd\/#\/schema\/logo\/image\/","url":"https:\/\/noticiasemdestaque.com\/cd\/wp-content\/uploads\/2022\/05\/imagem-base-noticiasemdestaque.png","contentUrl":"https:\/\/noticiasemdestaque.com\/cd\/wp-content\/uploads\/2022\/05\/imagem-base-noticiasemdestaque.png","width":1200,"height":630,"caption":"Not\u00edcias em Destaque"},"image":{"@id":"https:\/\/noticiasemdestaque.com\/cd\/#\/schema\/logo\/image\/"}},{"@type":"Person","@id":"https:\/\/noticiasemdestaque.com\/cd\/#\/schema\/person\/47f7d4f55eec17c6b2ca036c5500f6ce","name":"Not\u00edcias em Destaque","url":"https:\/\/noticiasemdestaque.com\/cd\/?author=2"}]}},"jetpack_featured_media_url":"https:\/\/noticiasemdestaque.com\/cd\/wp-content\/uploads\/2019\/02\/Concursados-quinta-chamada2.jpg","jetpack_sharing_enabled":true,"_links":{"self":[{"href":"https:\/\/noticiasemdestaque.com\/cd\/index.php?rest_route=\/wp\/v2\/posts\/15516","targetHints":{"allow":["GET"]}}],"collection":[{"href":"https:\/\/noticiasemdestaque.com\/cd\/index.php?rest_route=\/wp\/v2\/posts"}],"about":[{"href":"https:\/\/noticiasemdestaque.com\/cd\/index.php?rest_route=\/wp\/v2\/types\/post"}],"author":[{"embeddable":true,"href":"https:\/\/noticiasemdestaque.com\/cd\/index.php?rest_route=\/wp\/v2\/users\/2"}],"replies":[{"embeddable":true,"href":"https:\/\/noticiasemdestaque.com\/cd\/index.php?rest_route=%2Fwp%2Fv2%2Fcomments&post=15516"}],"version-history":[{"count":1,"href":"https:\/\/noticiasemdestaque.com\/cd\/index.php?rest_route=\/wp\/v2\/posts\/15516\/revisions"}],"predecessor-version":[{"id":15518,"href":"https:\/\/noticiasemdestaque.com\/cd\/index.php?rest_route=\/wp\/v2\/posts\/15516\/revisions\/15518"}],"wp:featuredmedia":[{"embeddable":true,"href":"https:\/\/noticiasemdestaque.com\/cd\/index.php?rest_route=\/wp\/v2\/media\/15517"}],"wp:attachment":[{"href":"https:\/\/noticiasemdestaque.com\/cd\/index.php?rest_route=%2Fwp%2Fv2%2Fmedia&parent=15516"}],"wp:term":[{"taxonomy":"category","embeddable":true,"href":"https:\/\/noticiasemdestaque.com\/cd\/index.php?rest_route=%2Fwp%2Fv2%2Fcategories&post=15516"},{"taxonomy":"post_tag","embeddable":true,"href":"https:\/\/noticiasemdestaque.com\/cd\/index.php?rest_route=%2Fwp%2Fv2%2Ftags&post=15516"}],"curies":[{"name":"wp","href":"https:\/\/api.w.org\/{rel}","templated":true}]}}