{"id":15512,"date":"2019-02-13T20:55:49","date_gmt":"2019-02-13T23:55:49","guid":{"rendered":"http:\/\/noticiasemdestaque.com\/cd\/?p=15512"},"modified":"2019-02-13T21:01:39","modified_gmt":"2019-02-14T00:01:39","slug":"procon-alerta-entidades-estao-oferecendo-carteiras-estudantis-irregulares-no-cariri","status":"publish","type":"post","link":"https:\/\/noticiasemdestaque.com\/cd\/?p=15512","title":{"rendered":"PROCON ALERTA: Entidades est\u00e3o oferecendo carteiras estudantis irregulares no Cariri"},"content":{"rendered":"<p><a href=\"https:\/\/noticiasemdestaque.com\/cd\/wp-content\/uploads\/2019\/02\/marca_procon-1.jpg\"><img fetchpriority=\"high\" decoding=\"async\" class=\"size-full wp-image-15513 aligncenter\" src=\"https:\/\/noticiasemdestaque.com\/cd\/wp-content\/uploads\/2019\/02\/marca_procon-1.jpg\" alt=\"\" width=\"500\" height=\"389\" srcset=\"https:\/\/noticiasemdestaque.com\/cd\/wp-content\/uploads\/2019\/02\/marca_procon-1.jpg 500w, https:\/\/noticiasemdestaque.com\/cd\/wp-content\/uploads\/2019\/02\/marca_procon-1-300x233.jpg 300w\" sizes=\"(max-width: 500px) 100vw, 500px\" \/><\/a><\/p>\n<p>O Procon do Cariri est\u00e1 alertando que entidades est\u00e3o oferecendo carteiras de estudantes em escolas universit\u00e1rias e faculdades das cidades de Monteiro e Sum\u00e9 sem autoriza\u00e7\u00e3o legal.<\/p>\n<p>A reportagem do Site Not\u00edcias em Destaque conversou com, Cristov\u00e3o Jr, coordenador do PROCON no Cariri, e ele informou que n\u00e3o existe neste momento entidades credenciadas no Cariri e destacou que caso isso esteja acontecendo, o fato \u00e9 irregular.<\/p>\n<p>Cristov\u00e3o Jr. lembrou que as pessoas que foram lesadas com a emiss\u00e3o podem procurar o \u00f3rg\u00e3o atrav\u00e9s do Fone: (83) 3353-2730 \/\u00a0proconsume@gmail.com.<\/p>\n<p><em><strong>Not\u00edcias em Destaque\u00a0<\/strong><\/em><\/p>\n","protected":false},"excerpt":{"rendered":"<p>O Procon do Cariri est\u00e1 alertando que entidades est\u00e3o oferecendo carteiras de estudantes em escolas universit\u00e1rias e faculdades das cidades de Monteiro e Sum\u00e9 sem autoriza\u00e7\u00e3o legal. A reportagem do Site Not\u00edcias em Destaque conversou com, Cristov\u00e3o Jr, coordenador do PROCON no Cariri, e ele informou que n\u00e3o existe neste momento entidades credenciadas no Cariri e destacou que caso isso esteja acontecendo, o fato \u00e9 irregular. Cristov\u00e3o Jr. lembrou que as pessoas que foram lesadas com a emiss\u00e3o podem procurar o \u00f3rg\u00e3o atrav\u00e9s do Fone: (83) 3353-2730 \/\u00a0proconsume@gmail.com. Not\u00edcias em Destaque\u00a0<\/p>\n","protected":false},"author":2,"featured_media":15513,"comment_status":"closed","ping_status":"open","sticky":false,"template":"","format":"standard","meta":{"_eb_attr":"","_jetpack_memberships_contains_paid_content":false,"footnotes":""},"categories":[12],"tags":[],"class_list":["post-15512","post","type-post","status-publish","format-standard","has-post-thumbnail","hentry","category-geral"],"yoast_head":"<!-- This site is optimized with the Yoast SEO plugin v26.5 - https:\/\/yoast.com\/wordpress\/plugins\/seo\/ -->\n<title>PROCON ALERTA: Entidades est\u00e3o oferecendo carteiras estudantis irregulares no Cariri - Not&iacute;cias em Destaque<\/title>\n<meta name=\"robots\" content=\"index, follow, max-snippet:-1, max-image-preview:large, max-video-preview:-1\" \/>\n<link rel=\"canonical\" href=\"https:\/\/noticiasemdestaque.com\/cd\/?p=15512\" \/>\n<meta property=\"og:locale\" content=\"pt_BR\" \/>\n<meta property=\"og:type\" content=\"article\" \/>\n<meta property=\"og:title\" content=\"PROCON ALERTA: Entidades est\u00e3o oferecendo carteiras estudantis irregulares no Cariri - Not&iacute;cias em Destaque\" \/>\n<meta property=\"og:description\" content=\"O Procon do Cariri est\u00e1 alertando que entidades est\u00e3o oferecendo carteiras de estudantes em escolas universit\u00e1rias e faculdades das cidades de Monteiro e Sum\u00e9 sem autoriza\u00e7\u00e3o legal. A reportagem do Site Not\u00edcias em Destaque conversou com, Cristov\u00e3o Jr, coordenador do PROCON no Cariri, e ele informou que n\u00e3o existe neste momento entidades credenciadas no Cariri e destacou que caso isso esteja acontecendo, o fato \u00e9 irregular. Cristov\u00e3o Jr. lembrou que as pessoas que foram lesadas com a emiss\u00e3o podem procurar o \u00f3rg\u00e3o atrav\u00e9s do Fone: (83) 3353-2730 \/\u00a0proconsume@gmail.com. Not\u00edcias em Destaque\u00a0\" \/>\n<meta property=\"og:url\" content=\"https:\/\/noticiasemdestaque.com\/cd\/?p=15512\" \/>\n<meta property=\"og:site_name\" content=\"Not&iacute;cias em Destaque\" \/>\n<meta property=\"article:published_time\" content=\"2019-02-13T23:55:49+00:00\" \/>\n<meta property=\"article:modified_time\" content=\"2019-02-14T00:01:39+00:00\" \/>\n<meta property=\"og:image\" content=\"https:\/\/noticiasemdestaque.com\/cd\/wp-content\/uploads\/2019\/02\/marca_procon-1.jpg\" \/>\n\t<meta property=\"og:image:width\" content=\"500\" \/>\n\t<meta property=\"og:image:height\" content=\"389\" \/>\n\t<meta property=\"og:image:type\" content=\"image\/jpeg\" \/>\n<meta name=\"author\" content=\"Not\u00edcias em Destaque\" \/>\n<meta name=\"twitter:card\" content=\"summary_large_image\" \/>\n<meta name=\"twitter:label1\" content=\"Escrito por\" \/>\n\t<meta name=\"twitter:data1\" content=\"Not\u00edcias em Destaque\" \/>\n\t<meta name=\"twitter:label2\" content=\"Est. tempo de leitura\" \/>\n\t<meta name=\"twitter:data2\" content=\"1 minuto\" \/>\n<script type=\"application\/ld+json\" class=\"yoast-schema-graph\">{\"@context\":\"https:\/\/schema.org\",\"@graph\":[{\"@type\":\"Article\",\"@id\":\"https:\/\/noticiasemdestaque.com\/cd\/?p=15512#article\",\"isPartOf\":{\"@id\":\"https:\/\/noticiasemdestaque.com\/cd\/?p=15512\"},\"author\":{\"name\":\"Not\u00edcias em Destaque\",\"@id\":\"https:\/\/noticiasemdestaque.com\/cd\/#\/schema\/person\/47f7d4f55eec17c6b2ca036c5500f6ce\"},\"headline\":\"PROCON ALERTA: Entidades est\u00e3o oferecendo carteiras estudantis irregulares no Cariri\",\"datePublished\":\"2019-02-13T23:55:49+00:00\",\"dateModified\":\"2019-02-14T00:01:39+00:00\",\"mainEntityOfPage\":{\"@id\":\"https:\/\/noticiasemdestaque.com\/cd\/?p=15512\"},\"wordCount\":113,\"publisher\":{\"@id\":\"https:\/\/noticiasemdestaque.com\/cd\/#organization\"},\"image\":{\"@id\":\"https:\/\/noticiasemdestaque.com\/cd\/?p=15512#primaryimage\"},\"thumbnailUrl\":\"https:\/\/noticiasemdestaque.com\/cd\/wp-content\/uploads\/2019\/02\/marca_procon-1.jpg\",\"articleSection\":[\"Geral\"],\"inLanguage\":\"pt-BR\"},{\"@type\":\"WebPage\",\"@id\":\"https:\/\/noticiasemdestaque.com\/cd\/?p=15512\",\"url\":\"https:\/\/noticiasemdestaque.com\/cd\/?p=15512\",\"name\":\"PROCON ALERTA: Entidades est\u00e3o oferecendo carteiras estudantis irregulares no Cariri - Not&iacute;cias em Destaque\",\"isPartOf\":{\"@id\":\"https:\/\/noticiasemdestaque.com\/cd\/#website\"},\"primaryImageOfPage\":{\"@id\":\"https:\/\/noticiasemdestaque.com\/cd\/?p=15512#primaryimage\"},\"image\":{\"@id\":\"https:\/\/noticiasemdestaque.com\/cd\/?p=15512#primaryimage\"},\"thumbnailUrl\":\"https:\/\/noticiasemdestaque.com\/cd\/wp-content\/uploads\/2019\/02\/marca_procon-1.jpg\",\"datePublished\":\"2019-02-13T23:55:49+00:00\",\"dateModified\":\"2019-02-14T00:01:39+00:00\",\"breadcrumb\":{\"@id\":\"https:\/\/noticiasemdestaque.com\/cd\/?p=15512#breadcrumb\"},\"inLanguage\":\"pt-BR\",\"potentialAction\":[{\"@type\":\"ReadAction\",\"target\":[\"https:\/\/noticiasemdestaque.com\/cd\/?p=15512\"]}]},{\"@type\":\"ImageObject\",\"inLanguage\":\"pt-BR\",\"@id\":\"https:\/\/noticiasemdestaque.com\/cd\/?p=15512#primaryimage\",\"url\":\"https:\/\/noticiasemdestaque.com\/cd\/wp-content\/uploads\/2019\/02\/marca_procon-1.jpg\",\"contentUrl\":\"https:\/\/noticiasemdestaque.com\/cd\/wp-content\/uploads\/2019\/02\/marca_procon-1.jpg\",\"width\":500,\"height\":389},{\"@type\":\"BreadcrumbList\",\"@id\":\"https:\/\/noticiasemdestaque.com\/cd\/?p=15512#breadcrumb\",\"itemListElement\":[{\"@type\":\"ListItem\",\"position\":1,\"name\":\"In\u00edcio\",\"item\":\"https:\/\/noticiasemdestaque.com\/cd\/\"},{\"@type\":\"ListItem\",\"position\":2,\"name\":\"PROCON ALERTA: Entidades est\u00e3o oferecendo carteiras estudantis irregulares no Cariri\"}]},{\"@type\":\"WebSite\",\"@id\":\"https:\/\/noticiasemdestaque.com\/cd\/#website\",\"url\":\"https:\/\/noticiasemdestaque.com\/cd\/\",\"name\":\"Not&iacute;cias em Destaque\",\"description\":\"\",\"publisher\":{\"@id\":\"https:\/\/noticiasemdestaque.com\/cd\/#organization\"},\"potentialAction\":[{\"@type\":\"SearchAction\",\"target\":{\"@type\":\"EntryPoint\",\"urlTemplate\":\"https:\/\/noticiasemdestaque.com\/cd\/?s={search_term_string}\"},\"query-input\":{\"@type\":\"PropertyValueSpecification\",\"valueRequired\":true,\"valueName\":\"search_term_string\"}}],\"inLanguage\":\"pt-BR\"},{\"@type\":\"Organization\",\"@id\":\"https:\/\/noticiasemdestaque.com\/cd\/#organization\",\"name\":\"Not\u00edcias em Destaque\",\"url\":\"https:\/\/noticiasemdestaque.com\/cd\/\",\"logo\":{\"@type\":\"ImageObject\",\"inLanguage\":\"pt-BR\",\"@id\":\"https:\/\/noticiasemdestaque.com\/cd\/#\/schema\/logo\/image\/\",\"url\":\"https:\/\/noticiasemdestaque.com\/cd\/wp-content\/uploads\/2022\/05\/imagem-base-noticiasemdestaque.png\",\"contentUrl\":\"https:\/\/noticiasemdestaque.com\/cd\/wp-content\/uploads\/2022\/05\/imagem-base-noticiasemdestaque.png\",\"width\":1200,\"height\":630,\"caption\":\"Not\u00edcias em Destaque\"},\"image\":{\"@id\":\"https:\/\/noticiasemdestaque.com\/cd\/#\/schema\/logo\/image\/\"}},{\"@type\":\"Person\",\"@id\":\"https:\/\/noticiasemdestaque.com\/cd\/#\/schema\/person\/47f7d4f55eec17c6b2ca036c5500f6ce\",\"name\":\"Not\u00edcias em Destaque\",\"url\":\"https:\/\/noticiasemdestaque.com\/cd\/?author=2\"}]}<\/script>\n<!-- \/ Yoast SEO plugin. -->","yoast_head_json":{"title":"PROCON ALERTA: Entidades est\u00e3o oferecendo carteiras estudantis irregulares no Cariri - Not&iacute;cias em Destaque","robots":{"index":"index","follow":"follow","max-snippet":"max-snippet:-1","max-image-preview":"max-image-preview:large","max-video-preview":"max-video-preview:-1"},"canonical":"https:\/\/noticiasemdestaque.com\/cd\/?p=15512","og_locale":"pt_BR","og_type":"article","og_title":"PROCON ALERTA: Entidades est\u00e3o oferecendo carteiras estudantis irregulares no Cariri - Not&iacute;cias em Destaque","og_description":"O Procon do Cariri est\u00e1 alertando que entidades est\u00e3o oferecendo carteiras de estudantes em escolas universit\u00e1rias e faculdades das cidades de Monteiro e Sum\u00e9 sem autoriza\u00e7\u00e3o legal. A reportagem do Site Not\u00edcias em Destaque conversou com, Cristov\u00e3o Jr, coordenador do PROCON no Cariri, e ele informou que n\u00e3o existe neste momento entidades credenciadas no Cariri e destacou que caso isso esteja acontecendo, o fato \u00e9 irregular. Cristov\u00e3o Jr. lembrou que as pessoas que foram lesadas com a emiss\u00e3o podem procurar o \u00f3rg\u00e3o atrav\u00e9s do Fone: (83) 3353-2730 \/\u00a0proconsume@gmail.com. Not\u00edcias em Destaque\u00a0","og_url":"https:\/\/noticiasemdestaque.com\/cd\/?p=15512","og_site_name":"Not&iacute;cias em Destaque","article_published_time":"2019-02-13T23:55:49+00:00","article_modified_time":"2019-02-14T00:01:39+00:00","og_image":[{"width":500,"height":389,"url":"https:\/\/noticiasemdestaque.com\/cd\/wp-content\/uploads\/2019\/02\/marca_procon-1.jpg","type":"image\/jpeg"}],"author":"Not\u00edcias em Destaque","twitter_card":"summary_large_image","twitter_misc":{"Escrito por":"Not\u00edcias em Destaque","Est. tempo de leitura":"1 minuto"},"schema":{"@context":"https:\/\/schema.org","@graph":[{"@type":"Article","@id":"https:\/\/noticiasemdestaque.com\/cd\/?p=15512#article","isPartOf":{"@id":"https:\/\/noticiasemdestaque.com\/cd\/?p=15512"},"author":{"name":"Not\u00edcias em Destaque","@id":"https:\/\/noticiasemdestaque.com\/cd\/#\/schema\/person\/47f7d4f55eec17c6b2ca036c5500f6ce"},"headline":"PROCON ALERTA: Entidades est\u00e3o oferecendo carteiras estudantis irregulares no Cariri","datePublished":"2019-02-13T23:55:49+00:00","dateModified":"2019-02-14T00:01:39+00:00","mainEntityOfPage":{"@id":"https:\/\/noticiasemdestaque.com\/cd\/?p=15512"},"wordCount":113,"publisher":{"@id":"https:\/\/noticiasemdestaque.com\/cd\/#organization"},"image":{"@id":"https:\/\/noticiasemdestaque.com\/cd\/?p=15512#primaryimage"},"thumbnailUrl":"https:\/\/noticiasemdestaque.com\/cd\/wp-content\/uploads\/2019\/02\/marca_procon-1.jpg","articleSection":["Geral"],"inLanguage":"pt-BR"},{"@type":"WebPage","@id":"https:\/\/noticiasemdestaque.com\/cd\/?p=15512","url":"https:\/\/noticiasemdestaque.com\/cd\/?p=15512","name":"PROCON ALERTA: Entidades est\u00e3o oferecendo carteiras estudantis irregulares no Cariri - Not&iacute;cias em Destaque","isPartOf":{"@id":"https:\/\/noticiasemdestaque.com\/cd\/#website"},"primaryImageOfPage":{"@id":"https:\/\/noticiasemdestaque.com\/cd\/?p=15512#primaryimage"},"image":{"@id":"https:\/\/noticiasemdestaque.com\/cd\/?p=15512#primaryimage"},"thumbnailUrl":"https:\/\/noticiasemdestaque.com\/cd\/wp-content\/uploads\/2019\/02\/marca_procon-1.jpg","datePublished":"2019-02-13T23:55:49+00:00","dateModified":"2019-02-14T00:01:39+00:00","breadcrumb":{"@id":"https:\/\/noticiasemdestaque.com\/cd\/?p=15512#breadcrumb"},"inLanguage":"pt-BR","potentialAction":[{"@type":"ReadAction","target":["https:\/\/noticiasemdestaque.com\/cd\/?p=15512"]}]},{"@type":"ImageObject","inLanguage":"pt-BR","@id":"https:\/\/noticiasemdestaque.com\/cd\/?p=15512#primaryimage","url":"https:\/\/noticiasemdestaque.com\/cd\/wp-content\/uploads\/2019\/02\/marca_procon-1.jpg","contentUrl":"https:\/\/noticiasemdestaque.com\/cd\/wp-content\/uploads\/2019\/02\/marca_procon-1.jpg","width":500,"height":389},{"@type":"BreadcrumbList","@id":"https:\/\/noticiasemdestaque.com\/cd\/?p=15512#breadcrumb","itemListElement":[{"@type":"ListItem","position":1,"name":"In\u00edcio","item":"https:\/\/noticiasemdestaque.com\/cd\/"},{"@type":"ListItem","position":2,"name":"PROCON ALERTA: Entidades est\u00e3o oferecendo carteiras estudantis irregulares no Cariri"}]},{"@type":"WebSite","@id":"https:\/\/noticiasemdestaque.com\/cd\/#website","url":"https:\/\/noticiasemdestaque.com\/cd\/","name":"Not&iacute;cias em Destaque","description":"","publisher":{"@id":"https:\/\/noticiasemdestaque.com\/cd\/#organization"},"potentialAction":[{"@type":"SearchAction","target":{"@type":"EntryPoint","urlTemplate":"https:\/\/noticiasemdestaque.com\/cd\/?s={search_term_string}"},"query-input":{"@type":"PropertyValueSpecification","valueRequired":true,"valueName":"search_term_string"}}],"inLanguage":"pt-BR"},{"@type":"Organization","@id":"https:\/\/noticiasemdestaque.com\/cd\/#organization","name":"Not\u00edcias em Destaque","url":"https:\/\/noticiasemdestaque.com\/cd\/","logo":{"@type":"ImageObject","inLanguage":"pt-BR","@id":"https:\/\/noticiasemdestaque.com\/cd\/#\/schema\/logo\/image\/","url":"https:\/\/noticiasemdestaque.com\/cd\/wp-content\/uploads\/2022\/05\/imagem-base-noticiasemdestaque.png","contentUrl":"https:\/\/noticiasemdestaque.com\/cd\/wp-content\/uploads\/2022\/05\/imagem-base-noticiasemdestaque.png","width":1200,"height":630,"caption":"Not\u00edcias em Destaque"},"image":{"@id":"https:\/\/noticiasemdestaque.com\/cd\/#\/schema\/logo\/image\/"}},{"@type":"Person","@id":"https:\/\/noticiasemdestaque.com\/cd\/#\/schema\/person\/47f7d4f55eec17c6b2ca036c5500f6ce","name":"Not\u00edcias em Destaque","url":"https:\/\/noticiasemdestaque.com\/cd\/?author=2"}]}},"jetpack_featured_media_url":"https:\/\/noticiasemdestaque.com\/cd\/wp-content\/uploads\/2019\/02\/marca_procon-1.jpg","jetpack_sharing_enabled":true,"_links":{"self":[{"href":"https:\/\/noticiasemdestaque.com\/cd\/index.php?rest_route=\/wp\/v2\/posts\/15512","targetHints":{"allow":["GET"]}}],"collection":[{"href":"https:\/\/noticiasemdestaque.com\/cd\/index.php?rest_route=\/wp\/v2\/posts"}],"about":[{"href":"https:\/\/noticiasemdestaque.com\/cd\/index.php?rest_route=\/wp\/v2\/types\/post"}],"author":[{"embeddable":true,"href":"https:\/\/noticiasemdestaque.com\/cd\/index.php?rest_route=\/wp\/v2\/users\/2"}],"replies":[{"embeddable":true,"href":"https:\/\/noticiasemdestaque.com\/cd\/index.php?rest_route=%2Fwp%2Fv2%2Fcomments&post=15512"}],"version-history":[{"count":2,"href":"https:\/\/noticiasemdestaque.com\/cd\/index.php?rest_route=\/wp\/v2\/posts\/15512\/revisions"}],"predecessor-version":[{"id":15515,"href":"https:\/\/noticiasemdestaque.com\/cd\/index.php?rest_route=\/wp\/v2\/posts\/15512\/revisions\/15515"}],"wp:featuredmedia":[{"embeddable":true,"href":"https:\/\/noticiasemdestaque.com\/cd\/index.php?rest_route=\/wp\/v2\/media\/15513"}],"wp:attachment":[{"href":"https:\/\/noticiasemdestaque.com\/cd\/index.php?rest_route=%2Fwp%2Fv2%2Fmedia&parent=15512"}],"wp:term":[{"taxonomy":"category","embeddable":true,"href":"https:\/\/noticiasemdestaque.com\/cd\/index.php?rest_route=%2Fwp%2Fv2%2Fcategories&post=15512"},{"taxonomy":"post_tag","embeddable":true,"href":"https:\/\/noticiasemdestaque.com\/cd\/index.php?rest_route=%2Fwp%2Fv2%2Ftags&post=15512"}],"curies":[{"name":"wp","href":"https:\/\/api.w.org\/{rel}","templated":true}]}}