{"id":15507,"date":"2019-02-13T07:02:24","date_gmt":"2019-02-13T10:02:24","guid":{"rendered":"http:\/\/noticiasemdestaque.com\/cd\/?p=15507"},"modified":"2019-02-13T07:02:24","modified_gmt":"2019-02-13T10:02:24","slug":"governo-quer-que-faculdades-se-autorregulem-para-autorizar-cursos","status":"publish","type":"post","link":"https:\/\/noticiasemdestaque.com\/cd\/?p=15507","title":{"rendered":"Governo quer que faculdades se autorregulem para autorizar cursos"},"content":{"rendered":"<p><a href=\"https:\/\/noticiasemdestaque.com\/cd\/wp-content\/uploads\/2018\/07\/professores.jpg\"><img fetchpriority=\"high\" decoding=\"async\" class=\"alignnone size-large wp-image-11165\" src=\"https:\/\/noticiasemdestaque.com\/cd\/wp-content\/uploads\/2018\/07\/professores-1024x666.jpg\" alt=\"\" width=\"1024\" height=\"666\" srcset=\"https:\/\/noticiasemdestaque.com\/cd\/wp-content\/uploads\/2018\/07\/professores-1024x666.jpg 1024w, https:\/\/noticiasemdestaque.com\/cd\/wp-content\/uploads\/2018\/07\/professores-300x195.jpg 300w, https:\/\/noticiasemdestaque.com\/cd\/wp-content\/uploads\/2018\/07\/professores-768x499.jpg 768w, https:\/\/noticiasemdestaque.com\/cd\/wp-content\/uploads\/2018\/07\/professores.jpg 1931w\" sizes=\"(max-width: 1024px) 100vw, 1024px\" \/><\/a><\/p>\n<p>O governo Jair Bolsonaro quer implementar um sistema de autorregulamenta\u00e7\u00e3o do ensino superior privado.<\/p>\n<p>Hoje, o governo lidera um complexo sistema de avalia\u00e7\u00e3o de qualidade, supervis\u00e3o e autoriza\u00e7\u00e3o do funcionamento de cursos superiores no pa\u00eds.<\/p>\n<p>De acordo com o secret\u00e1rio de Regula\u00e7\u00e3o e Supervis\u00e3o da Educa\u00e7\u00e3o Superior, Marco Ant\u00f4nio Barroso Faria, a ideia \u00e9 reduzir a atua\u00e7\u00e3o do MEC (Minist\u00e9rio da Educa\u00e7\u00e3o) nos processos.<\/p>\n<p>\u201cComo liberal que sou, na medida que o setor se autorregular, o estado precisa de intervir menos. Na medida em que os atores participantes desse mercado zelarem pela qualidade do ensino, eu s\u00f3 vou fazer a chancela\u201d, disse Faria.<\/p>\n<p class=\" tm_nativeauto aBigClassNameToAvoidCollisionInText\">\u201cO pessoal brinca que a Seres [Secretaria de Regula\u00e7\u00e3o e Supervis\u00e3o] \u00e9 o cart\u00f3rio do MEC. Eu n\u00e3o vejo como problema, desde que o cart\u00f3rio esteja trabalhando bem. Eu quero n\u00e3o aparecer, a ideia \u00e9 essa. Quero, se poss\u00edvel, no final de quatro anos, aumentar a autorregulamenta\u00e7\u00e3o para que que possa regular menos\u201d, disse.<\/p>\n<div id=\"sas_48311\"><\/div>\n<p>O secret\u00e1rio falou na manh\u00e3 desta ter\u00e7a-feira (12) a representantes das institui\u00e7\u00f5es de ensino particular durante encontro da Abmes (Associa\u00e7\u00e3o Brasileira Mantenedoras do Ensino Superior), que representa o setor.<\/p>\n<p>O secret\u00e1rio n\u00e3o deu detalhes sobre como seria o processo de autorregulamenta\u00e7\u00e3o.<\/p>\n<p>Adiantou, no entanto, que a a\u00e7\u00e3o ser\u00e1 discutida a longo prazo e com participa\u00e7\u00e3o de todos os envolvidos.<\/p>\n<p>Por v\u00e1rias vezes ele e outros dois integrantes da subpasta do MEC repetiram que ainda est\u00e3o em processo de transi\u00e7\u00e3o, para entender as a\u00e7\u00f5es.<\/p>\n<p>Faria \u00e9 um dos tr\u00eas ex-alunos do ministro da Educa\u00e7\u00e3o, Ricardo V\u00e9lez Rodr\u00edguez, que assumiram pastas importantes.<\/p>\n<p>Ele n\u00e3o tem experi\u00eancia em gest\u00e3o e \u00e9 da \u00e1rea da filosofia, com mestrado e doutorado em Ci\u00eancia da Religi\u00e3o \u2013 ambas as pesquisas orientadas pelo ministro.<\/p>\n<p>Para funcionarem, os cursos de gradua\u00e7\u00e3o no pa\u00eds passam por avalia\u00e7\u00f5es de qualidade, como o Enade (avalia\u00e7\u00e3o federal feita por alunos) e an\u00e1lise da oferta escolar, como infraestrutura.<\/p>\n<p>Essas informa\u00e7\u00f5es s\u00e3o a base para o credenciamento e a renova\u00e7\u00e3o de credenciamento de cursos e tamb\u00e9m das institui\u00e7\u00f5es de ensino.<\/p>\n<p>Assim, um baixo desempenho pode resultar at\u00e9 mesmo no fechamento do curso ou impedir sua participa\u00e7\u00e3o no Fies, programa para financiamento estudantil.<\/p>\n<p>Todo o processo segue a Lei do Sinaes (Sistema Nacional de Avalia\u00e7\u00e3o da Educa\u00e7\u00e3o Superior).<\/p>\n<p>De 2.066 faculdades, universidades e centros universit\u00e1rios com indicador de qualidade divulgado em dezembro ano passado (o chamado IGC, \u00cdndice Geral de Cursos), apenas 35 tiveram nota m\u00e1xima (1,6%).<\/p>\n<p>Levando em conta, por exemplo, cursos de forma\u00e7\u00e3o de professores a dist\u00e2ncia, esse \u00edndice \u00e9 de 0,5%.<\/p>\n<p>Os indicadores federais de cursos e institui\u00e7\u00f5es, e tamb\u00e9m dos alunos, s\u00e3o classificados em uma escala de 1 a 5.<\/p>\n<p>A maioria das institui\u00e7\u00f5es e cursos tem ficado no n\u00edvel intermedi\u00e1rios da avalia\u00e7\u00e3o, que \u00e9 3.<\/p>\n<p>Auditoria do TCU (Tribunal de Contas da Uni\u00e3o), do ano passado, mostrou que o sistema de avalia\u00e7\u00e3o n\u00e3o tem sido capaz de induzir melhorias consistentes da qualidade dos cursos.<\/p>\n<p>O setor de ensino superior privado \u00e9 um defensor hist\u00f3rico da redu\u00e7\u00e3o de burocracias para a regula\u00e7\u00e3o de cursos e institui\u00e7\u00f5es.<\/p>\n<p>Al\u00e9m disso, h\u00e1 den\u00fancias de fraudes no sistema por parte de algumas institui\u00e7\u00f5es de ensino pelo menos desde 2016.<\/p>\n<p>No encontro da Abmes, o secret\u00e1rio Barroso Faria ressaltou que o governo permanecer aberto para receber todos os atores do setor, que vai melhorar a transpar\u00eancia das atividades e agilizar os processos de autoriza\u00e7\u00e3o de gradua\u00e7\u00f5es e funcionamento de institui\u00e7\u00f5es.<\/p>\n<p>Fonte: Folhapress<\/p>\n","protected":false},"excerpt":{"rendered":"<p>O governo Jair Bolsonaro quer implementar um sistema de autorregulamenta\u00e7\u00e3o do ensino superior privado. Hoje, o governo lidera um complexo sistema de avalia\u00e7\u00e3o de qualidade, supervis\u00e3o e autoriza\u00e7\u00e3o do funcionamento de cursos superiores no pa\u00eds. De acordo com o secret\u00e1rio de Regula\u00e7\u00e3o e Supervis\u00e3o da Educa\u00e7\u00e3o Superior, Marco Ant\u00f4nio Barroso Faria, a ideia \u00e9 reduzir a atua\u00e7\u00e3o do MEC (Minist\u00e9rio da Educa\u00e7\u00e3o) nos processos. \u201cComo liberal que sou, na medida que o setor se autorregular, o estado precisa de intervir menos. Na medida em que os atores participantes desse mercado zelarem pela qualidade do ensino, eu s\u00f3 vou fazer a chancela\u201d, disse Faria. \u201cO pessoal brinca que a Seres [Secretaria de Regula\u00e7\u00e3o e Supervis\u00e3o] \u00e9 o cart\u00f3rio do MEC. Eu n\u00e3o vejo como problema, desde que o cart\u00f3rio esteja trabalhando bem. Eu quero n\u00e3o aparecer, a ideia \u00e9 essa. Quero, se poss\u00edvel, no final de quatro anos, aumentar a autorregulamenta\u00e7\u00e3o para que que possa regular menos\u201d, disse. O secret\u00e1rio falou na manh\u00e3 desta ter\u00e7a-feira (12) a representantes das institui\u00e7\u00f5es de ensino particular durante encontro da Abmes (Associa\u00e7\u00e3o Brasileira Mantenedoras do Ensino Superior), que representa o setor. O secret\u00e1rio n\u00e3o deu detalhes sobre como seria o processo de autorregulamenta\u00e7\u00e3o. Adiantou, no entanto, que a a\u00e7\u00e3o ser\u00e1 discutida a longo prazo e com participa\u00e7\u00e3o de todos os envolvidos. Por v\u00e1rias vezes ele e outros dois integrantes da subpasta do MEC repetiram que ainda est\u00e3o em processo de transi\u00e7\u00e3o, para entender as a\u00e7\u00f5es. Faria \u00e9 um dos tr\u00eas ex-alunos do ministro da Educa\u00e7\u00e3o, Ricardo V\u00e9lez Rodr\u00edguez, que assumiram pastas importantes. Ele n\u00e3o tem experi\u00eancia em gest\u00e3o e \u00e9 da \u00e1rea da filosofia, com mestrado e doutorado em Ci\u00eancia da Religi\u00e3o \u2013 ambas as pesquisas orientadas pelo ministro. Para funcionarem, os cursos de gradua\u00e7\u00e3o no pa\u00eds passam por avalia\u00e7\u00f5es de qualidade, como o Enade (avalia\u00e7\u00e3o federal feita por alunos) e an\u00e1lise da oferta escolar, como infraestrutura. Essas informa\u00e7\u00f5es s\u00e3o a base para o credenciamento e a renova\u00e7\u00e3o de credenciamento de cursos e tamb\u00e9m das institui\u00e7\u00f5es de ensino. Assim, um baixo desempenho pode resultar at\u00e9 mesmo no fechamento do curso ou impedir sua participa\u00e7\u00e3o no Fies, programa para financiamento estudantil. Todo o processo segue a Lei do Sinaes (Sistema Nacional de Avalia\u00e7\u00e3o da Educa\u00e7\u00e3o Superior). De 2.066 faculdades, universidades e centros universit\u00e1rios com indicador de qualidade divulgado em dezembro ano passado (o chamado IGC, \u00cdndice Geral de Cursos), apenas 35 tiveram nota m\u00e1xima (1,6%). Levando em conta, por exemplo, cursos de forma\u00e7\u00e3o de professores a dist\u00e2ncia, esse \u00edndice \u00e9 de 0,5%. Os indicadores federais de cursos e institui\u00e7\u00f5es, e tamb\u00e9m dos alunos, s\u00e3o classificados em uma escala de 1 a 5. A maioria das institui\u00e7\u00f5es e cursos tem ficado no n\u00edvel intermedi\u00e1rios da avalia\u00e7\u00e3o, que \u00e9 3. Auditoria do TCU (Tribunal de Contas da Uni\u00e3o), do ano passado, mostrou que o sistema de avalia\u00e7\u00e3o n\u00e3o tem sido capaz de induzir melhorias consistentes da qualidade dos cursos. O setor de ensino superior privado \u00e9 um defensor hist\u00f3rico da redu\u00e7\u00e3o de burocracias para a regula\u00e7\u00e3o de cursos e institui\u00e7\u00f5es. Al\u00e9m disso, h\u00e1 den\u00fancias de fraudes no sistema por parte de algumas institui\u00e7\u00f5es de ensino pelo menos desde 2016. No encontro da Abmes, o secret\u00e1rio Barroso Faria ressaltou que o governo permanecer aberto para receber todos os atores do setor, que vai melhorar a transpar\u00eancia das atividades e agilizar os processos de autoriza\u00e7\u00e3o de gradua\u00e7\u00f5es e funcionamento de institui\u00e7\u00f5es. Fonte: Folhapress<\/p>\n","protected":false},"author":2,"featured_media":11165,"comment_status":"closed","ping_status":"open","sticky":false,"template":"","format":"standard","meta":{"_eb_attr":"","_jetpack_memberships_contains_paid_content":false,"footnotes":""},"categories":[6],"tags":[],"class_list":["post-15507","post","type-post","status-publish","format-standard","has-post-thumbnail","hentry","category-educacao"],"yoast_head":"<!-- This site is optimized with the Yoast SEO plugin v26.5 - https:\/\/yoast.com\/wordpress\/plugins\/seo\/ -->\n<title>Governo quer que faculdades se autorregulem para autorizar cursos - Not&iacute;cias em Destaque<\/title>\n<meta name=\"robots\" content=\"index, follow, max-snippet:-1, max-image-preview:large, max-video-preview:-1\" \/>\n<link rel=\"canonical\" href=\"https:\/\/noticiasemdestaque.com\/cd\/?p=15507\" \/>\n<meta property=\"og:locale\" content=\"pt_BR\" \/>\n<meta property=\"og:type\" content=\"article\" \/>\n<meta property=\"og:title\" content=\"Governo quer que faculdades se autorregulem para autorizar cursos - Not&iacute;cias em Destaque\" \/>\n<meta property=\"og:description\" content=\"O governo Jair Bolsonaro quer implementar um sistema de autorregulamenta\u00e7\u00e3o do ensino superior privado. Hoje, o governo lidera um complexo sistema de avalia\u00e7\u00e3o de qualidade, supervis\u00e3o e autoriza\u00e7\u00e3o do funcionamento de cursos superiores no pa\u00eds. De acordo com o secret\u00e1rio de Regula\u00e7\u00e3o e Supervis\u00e3o da Educa\u00e7\u00e3o Superior, Marco Ant\u00f4nio Barroso Faria, a ideia \u00e9 reduzir a atua\u00e7\u00e3o do MEC (Minist\u00e9rio da Educa\u00e7\u00e3o) nos processos. \u201cComo liberal que sou, na medida que o setor se autorregular, o estado precisa de intervir menos. Na medida em que os atores participantes desse mercado zelarem pela qualidade do ensino, eu s\u00f3 vou fazer a chancela\u201d, disse Faria. \u201cO pessoal brinca que a Seres [Secretaria de Regula\u00e7\u00e3o e Supervis\u00e3o] \u00e9 o cart\u00f3rio do MEC. Eu n\u00e3o vejo como problema, desde que o cart\u00f3rio esteja trabalhando bem. Eu quero n\u00e3o aparecer, a ideia \u00e9 essa. Quero, se poss\u00edvel, no final de quatro anos, aumentar a autorregulamenta\u00e7\u00e3o para que que possa regular menos\u201d, disse. O secret\u00e1rio falou na manh\u00e3 desta ter\u00e7a-feira (12) a representantes das institui\u00e7\u00f5es de ensino particular durante encontro da Abmes (Associa\u00e7\u00e3o Brasileira Mantenedoras do Ensino Superior), que representa o setor. O secret\u00e1rio n\u00e3o deu detalhes sobre como seria o processo de autorregulamenta\u00e7\u00e3o. Adiantou, no entanto, que a a\u00e7\u00e3o ser\u00e1 discutida a longo prazo e com participa\u00e7\u00e3o de todos os envolvidos. Por v\u00e1rias vezes ele e outros dois integrantes da subpasta do MEC repetiram que ainda est\u00e3o em processo de transi\u00e7\u00e3o, para entender as a\u00e7\u00f5es. Faria \u00e9 um dos tr\u00eas ex-alunos do ministro da Educa\u00e7\u00e3o, Ricardo V\u00e9lez Rodr\u00edguez, que assumiram pastas importantes. Ele n\u00e3o tem experi\u00eancia em gest\u00e3o e \u00e9 da \u00e1rea da filosofia, com mestrado e doutorado em Ci\u00eancia da Religi\u00e3o \u2013 ambas as pesquisas orientadas pelo ministro. Para funcionarem, os cursos de gradua\u00e7\u00e3o no pa\u00eds passam por avalia\u00e7\u00f5es de qualidade, como o Enade (avalia\u00e7\u00e3o federal feita por alunos) e an\u00e1lise da oferta escolar, como infraestrutura. Essas informa\u00e7\u00f5es s\u00e3o a base para o credenciamento e a renova\u00e7\u00e3o de credenciamento de cursos e tamb\u00e9m das institui\u00e7\u00f5es de ensino. Assim, um baixo desempenho pode resultar at\u00e9 mesmo no fechamento do curso ou impedir sua participa\u00e7\u00e3o no Fies, programa para financiamento estudantil. Todo o processo segue a Lei do Sinaes (Sistema Nacional de Avalia\u00e7\u00e3o da Educa\u00e7\u00e3o Superior). De 2.066 faculdades, universidades e centros universit\u00e1rios com indicador de qualidade divulgado em dezembro ano passado (o chamado IGC, \u00cdndice Geral de Cursos), apenas 35 tiveram nota m\u00e1xima (1,6%). Levando em conta, por exemplo, cursos de forma\u00e7\u00e3o de professores a dist\u00e2ncia, esse \u00edndice \u00e9 de 0,5%. Os indicadores federais de cursos e institui\u00e7\u00f5es, e tamb\u00e9m dos alunos, s\u00e3o classificados em uma escala de 1 a 5. A maioria das institui\u00e7\u00f5es e cursos tem ficado no n\u00edvel intermedi\u00e1rios da avalia\u00e7\u00e3o, que \u00e9 3. Auditoria do TCU (Tribunal de Contas da Uni\u00e3o), do ano passado, mostrou que o sistema de avalia\u00e7\u00e3o n\u00e3o tem sido capaz de induzir melhorias consistentes da qualidade dos cursos. O setor de ensino superior privado \u00e9 um defensor hist\u00f3rico da redu\u00e7\u00e3o de burocracias para a regula\u00e7\u00e3o de cursos e institui\u00e7\u00f5es. Al\u00e9m disso, h\u00e1 den\u00fancias de fraudes no sistema por parte de algumas institui\u00e7\u00f5es de ensino pelo menos desde 2016. No encontro da Abmes, o secret\u00e1rio Barroso Faria ressaltou que o governo permanecer aberto para receber todos os atores do setor, que vai melhorar a transpar\u00eancia das atividades e agilizar os processos de autoriza\u00e7\u00e3o de gradua\u00e7\u00f5es e funcionamento de institui\u00e7\u00f5es. Fonte: Folhapress\" \/>\n<meta property=\"og:url\" content=\"https:\/\/noticiasemdestaque.com\/cd\/?p=15507\" \/>\n<meta property=\"og:site_name\" content=\"Not&iacute;cias em Destaque\" \/>\n<meta property=\"article:published_time\" content=\"2019-02-13T10:02:24+00:00\" \/>\n<meta property=\"og:image\" content=\"https:\/\/noticiasemdestaque.com\/cd\/wp-content\/uploads\/2018\/07\/professores.jpg\" \/>\n\t<meta property=\"og:image:width\" content=\"1931\" \/>\n\t<meta property=\"og:image:height\" content=\"1255\" \/>\n\t<meta property=\"og:image:type\" content=\"image\/jpeg\" \/>\n<meta name=\"author\" content=\"Not\u00edcias em Destaque\" \/>\n<meta name=\"twitter:card\" content=\"summary_large_image\" \/>\n<meta name=\"twitter:label1\" content=\"Escrito por\" \/>\n\t<meta name=\"twitter:data1\" content=\"Not\u00edcias em Destaque\" \/>\n\t<meta name=\"twitter:label2\" content=\"Est. tempo de leitura\" \/>\n\t<meta name=\"twitter:data2\" content=\"3 minutos\" \/>\n<script type=\"application\/ld+json\" class=\"yoast-schema-graph\">{\"@context\":\"https:\/\/schema.org\",\"@graph\":[{\"@type\":\"Article\",\"@id\":\"https:\/\/noticiasemdestaque.com\/cd\/?p=15507#article\",\"isPartOf\":{\"@id\":\"https:\/\/noticiasemdestaque.com\/cd\/?p=15507\"},\"author\":{\"name\":\"Not\u00edcias em Destaque\",\"@id\":\"https:\/\/noticiasemdestaque.com\/cd\/#\/schema\/person\/47f7d4f55eec17c6b2ca036c5500f6ce\"},\"headline\":\"Governo quer que faculdades se autorregulem para autorizar cursos\",\"datePublished\":\"2019-02-13T10:02:24+00:00\",\"mainEntityOfPage\":{\"@id\":\"https:\/\/noticiasemdestaque.com\/cd\/?p=15507\"},\"wordCount\":636,\"publisher\":{\"@id\":\"https:\/\/noticiasemdestaque.com\/cd\/#organization\"},\"image\":{\"@id\":\"https:\/\/noticiasemdestaque.com\/cd\/?p=15507#primaryimage\"},\"thumbnailUrl\":\"https:\/\/noticiasemdestaque.com\/cd\/wp-content\/uploads\/2018\/07\/professores.jpg\",\"articleSection\":[\"Educa\u00e7\u00e3o\"],\"inLanguage\":\"pt-BR\"},{\"@type\":\"WebPage\",\"@id\":\"https:\/\/noticiasemdestaque.com\/cd\/?p=15507\",\"url\":\"https:\/\/noticiasemdestaque.com\/cd\/?p=15507\",\"name\":\"Governo quer que faculdades se autorregulem para autorizar cursos - Not&iacute;cias em Destaque\",\"isPartOf\":{\"@id\":\"https:\/\/noticiasemdestaque.com\/cd\/#website\"},\"primaryImageOfPage\":{\"@id\":\"https:\/\/noticiasemdestaque.com\/cd\/?p=15507#primaryimage\"},\"image\":{\"@id\":\"https:\/\/noticiasemdestaque.com\/cd\/?p=15507#primaryimage\"},\"thumbnailUrl\":\"https:\/\/noticiasemdestaque.com\/cd\/wp-content\/uploads\/2018\/07\/professores.jpg\",\"datePublished\":\"2019-02-13T10:02:24+00:00\",\"breadcrumb\":{\"@id\":\"https:\/\/noticiasemdestaque.com\/cd\/?p=15507#breadcrumb\"},\"inLanguage\":\"pt-BR\",\"potentialAction\":[{\"@type\":\"ReadAction\",\"target\":[\"https:\/\/noticiasemdestaque.com\/cd\/?p=15507\"]}]},{\"@type\":\"ImageObject\",\"inLanguage\":\"pt-BR\",\"@id\":\"https:\/\/noticiasemdestaque.com\/cd\/?p=15507#primaryimage\",\"url\":\"https:\/\/noticiasemdestaque.com\/cd\/wp-content\/uploads\/2018\/07\/professores.jpg\",\"contentUrl\":\"https:\/\/noticiasemdestaque.com\/cd\/wp-content\/uploads\/2018\/07\/professores.jpg\",\"width\":1931,\"height\":1255},{\"@type\":\"BreadcrumbList\",\"@id\":\"https:\/\/noticiasemdestaque.com\/cd\/?p=15507#breadcrumb\",\"itemListElement\":[{\"@type\":\"ListItem\",\"position\":1,\"name\":\"In\u00edcio\",\"item\":\"https:\/\/noticiasemdestaque.com\/cd\/\"},{\"@type\":\"ListItem\",\"position\":2,\"name\":\"Governo quer que faculdades se autorregulem para autorizar cursos\"}]},{\"@type\":\"WebSite\",\"@id\":\"https:\/\/noticiasemdestaque.com\/cd\/#website\",\"url\":\"https:\/\/noticiasemdestaque.com\/cd\/\",\"name\":\"Not&iacute;cias em Destaque\",\"description\":\"\",\"publisher\":{\"@id\":\"https:\/\/noticiasemdestaque.com\/cd\/#organization\"},\"potentialAction\":[{\"@type\":\"SearchAction\",\"target\":{\"@type\":\"EntryPoint\",\"urlTemplate\":\"https:\/\/noticiasemdestaque.com\/cd\/?s={search_term_string}\"},\"query-input\":{\"@type\":\"PropertyValueSpecification\",\"valueRequired\":true,\"valueName\":\"search_term_string\"}}],\"inLanguage\":\"pt-BR\"},{\"@type\":\"Organization\",\"@id\":\"https:\/\/noticiasemdestaque.com\/cd\/#organization\",\"name\":\"Not\u00edcias em Destaque\",\"url\":\"https:\/\/noticiasemdestaque.com\/cd\/\",\"logo\":{\"@type\":\"ImageObject\",\"inLanguage\":\"pt-BR\",\"@id\":\"https:\/\/noticiasemdestaque.com\/cd\/#\/schema\/logo\/image\/\",\"url\":\"https:\/\/noticiasemdestaque.com\/cd\/wp-content\/uploads\/2022\/05\/imagem-base-noticiasemdestaque.png\",\"contentUrl\":\"https:\/\/noticiasemdestaque.com\/cd\/wp-content\/uploads\/2022\/05\/imagem-base-noticiasemdestaque.png\",\"width\":1200,\"height\":630,\"caption\":\"Not\u00edcias em Destaque\"},\"image\":{\"@id\":\"https:\/\/noticiasemdestaque.com\/cd\/#\/schema\/logo\/image\/\"}},{\"@type\":\"Person\",\"@id\":\"https:\/\/noticiasemdestaque.com\/cd\/#\/schema\/person\/47f7d4f55eec17c6b2ca036c5500f6ce\",\"name\":\"Not\u00edcias em Destaque\",\"url\":\"https:\/\/noticiasemdestaque.com\/cd\/?author=2\"}]}<\/script>\n<!-- \/ Yoast SEO plugin. -->","yoast_head_json":{"title":"Governo quer que faculdades se autorregulem para autorizar cursos - Not&iacute;cias em Destaque","robots":{"index":"index","follow":"follow","max-snippet":"max-snippet:-1","max-image-preview":"max-image-preview:large","max-video-preview":"max-video-preview:-1"},"canonical":"https:\/\/noticiasemdestaque.com\/cd\/?p=15507","og_locale":"pt_BR","og_type":"article","og_title":"Governo quer que faculdades se autorregulem para autorizar cursos - Not&iacute;cias em Destaque","og_description":"O governo Jair Bolsonaro quer implementar um sistema de autorregulamenta\u00e7\u00e3o do ensino superior privado. Hoje, o governo lidera um complexo sistema de avalia\u00e7\u00e3o de qualidade, supervis\u00e3o e autoriza\u00e7\u00e3o do funcionamento de cursos superiores no pa\u00eds. De acordo com o secret\u00e1rio de Regula\u00e7\u00e3o e Supervis\u00e3o da Educa\u00e7\u00e3o Superior, Marco Ant\u00f4nio Barroso Faria, a ideia \u00e9 reduzir a atua\u00e7\u00e3o do MEC (Minist\u00e9rio da Educa\u00e7\u00e3o) nos processos. \u201cComo liberal que sou, na medida que o setor se autorregular, o estado precisa de intervir menos. Na medida em que os atores participantes desse mercado zelarem pela qualidade do ensino, eu s\u00f3 vou fazer a chancela\u201d, disse Faria. \u201cO pessoal brinca que a Seres [Secretaria de Regula\u00e7\u00e3o e Supervis\u00e3o] \u00e9 o cart\u00f3rio do MEC. Eu n\u00e3o vejo como problema, desde que o cart\u00f3rio esteja trabalhando bem. Eu quero n\u00e3o aparecer, a ideia \u00e9 essa. Quero, se poss\u00edvel, no final de quatro anos, aumentar a autorregulamenta\u00e7\u00e3o para que que possa regular menos\u201d, disse. O secret\u00e1rio falou na manh\u00e3 desta ter\u00e7a-feira (12) a representantes das institui\u00e7\u00f5es de ensino particular durante encontro da Abmes (Associa\u00e7\u00e3o Brasileira Mantenedoras do Ensino Superior), que representa o setor. O secret\u00e1rio n\u00e3o deu detalhes sobre como seria o processo de autorregulamenta\u00e7\u00e3o. Adiantou, no entanto, que a a\u00e7\u00e3o ser\u00e1 discutida a longo prazo e com participa\u00e7\u00e3o de todos os envolvidos. Por v\u00e1rias vezes ele e outros dois integrantes da subpasta do MEC repetiram que ainda est\u00e3o em processo de transi\u00e7\u00e3o, para entender as a\u00e7\u00f5es. Faria \u00e9 um dos tr\u00eas ex-alunos do ministro da Educa\u00e7\u00e3o, Ricardo V\u00e9lez Rodr\u00edguez, que assumiram pastas importantes. Ele n\u00e3o tem experi\u00eancia em gest\u00e3o e \u00e9 da \u00e1rea da filosofia, com mestrado e doutorado em Ci\u00eancia da Religi\u00e3o \u2013 ambas as pesquisas orientadas pelo ministro. Para funcionarem, os cursos de gradua\u00e7\u00e3o no pa\u00eds passam por avalia\u00e7\u00f5es de qualidade, como o Enade (avalia\u00e7\u00e3o federal feita por alunos) e an\u00e1lise da oferta escolar, como infraestrutura. Essas informa\u00e7\u00f5es s\u00e3o a base para o credenciamento e a renova\u00e7\u00e3o de credenciamento de cursos e tamb\u00e9m das institui\u00e7\u00f5es de ensino. Assim, um baixo desempenho pode resultar at\u00e9 mesmo no fechamento do curso ou impedir sua participa\u00e7\u00e3o no Fies, programa para financiamento estudantil. Todo o processo segue a Lei do Sinaes (Sistema Nacional de Avalia\u00e7\u00e3o da Educa\u00e7\u00e3o Superior). De 2.066 faculdades, universidades e centros universit\u00e1rios com indicador de qualidade divulgado em dezembro ano passado (o chamado IGC, \u00cdndice Geral de Cursos), apenas 35 tiveram nota m\u00e1xima (1,6%). Levando em conta, por exemplo, cursos de forma\u00e7\u00e3o de professores a dist\u00e2ncia, esse \u00edndice \u00e9 de 0,5%. Os indicadores federais de cursos e institui\u00e7\u00f5es, e tamb\u00e9m dos alunos, s\u00e3o classificados em uma escala de 1 a 5. A maioria das institui\u00e7\u00f5es e cursos tem ficado no n\u00edvel intermedi\u00e1rios da avalia\u00e7\u00e3o, que \u00e9 3. Auditoria do TCU (Tribunal de Contas da Uni\u00e3o), do ano passado, mostrou que o sistema de avalia\u00e7\u00e3o n\u00e3o tem sido capaz de induzir melhorias consistentes da qualidade dos cursos. O setor de ensino superior privado \u00e9 um defensor hist\u00f3rico da redu\u00e7\u00e3o de burocracias para a regula\u00e7\u00e3o de cursos e institui\u00e7\u00f5es. Al\u00e9m disso, h\u00e1 den\u00fancias de fraudes no sistema por parte de algumas institui\u00e7\u00f5es de ensino pelo menos desde 2016. No encontro da Abmes, o secret\u00e1rio Barroso Faria ressaltou que o governo permanecer aberto para receber todos os atores do setor, que vai melhorar a transpar\u00eancia das atividades e agilizar os processos de autoriza\u00e7\u00e3o de gradua\u00e7\u00f5es e funcionamento de institui\u00e7\u00f5es. Fonte: Folhapress","og_url":"https:\/\/noticiasemdestaque.com\/cd\/?p=15507","og_site_name":"Not&iacute;cias em Destaque","article_published_time":"2019-02-13T10:02:24+00:00","og_image":[{"width":1931,"height":1255,"url":"https:\/\/noticiasemdestaque.com\/cd\/wp-content\/uploads\/2018\/07\/professores.jpg","type":"image\/jpeg"}],"author":"Not\u00edcias em Destaque","twitter_card":"summary_large_image","twitter_misc":{"Escrito por":"Not\u00edcias em Destaque","Est. tempo de leitura":"3 minutos"},"schema":{"@context":"https:\/\/schema.org","@graph":[{"@type":"Article","@id":"https:\/\/noticiasemdestaque.com\/cd\/?p=15507#article","isPartOf":{"@id":"https:\/\/noticiasemdestaque.com\/cd\/?p=15507"},"author":{"name":"Not\u00edcias em Destaque","@id":"https:\/\/noticiasemdestaque.com\/cd\/#\/schema\/person\/47f7d4f55eec17c6b2ca036c5500f6ce"},"headline":"Governo quer que faculdades se autorregulem para autorizar cursos","datePublished":"2019-02-13T10:02:24+00:00","mainEntityOfPage":{"@id":"https:\/\/noticiasemdestaque.com\/cd\/?p=15507"},"wordCount":636,"publisher":{"@id":"https:\/\/noticiasemdestaque.com\/cd\/#organization"},"image":{"@id":"https:\/\/noticiasemdestaque.com\/cd\/?p=15507#primaryimage"},"thumbnailUrl":"https:\/\/noticiasemdestaque.com\/cd\/wp-content\/uploads\/2018\/07\/professores.jpg","articleSection":["Educa\u00e7\u00e3o"],"inLanguage":"pt-BR"},{"@type":"WebPage","@id":"https:\/\/noticiasemdestaque.com\/cd\/?p=15507","url":"https:\/\/noticiasemdestaque.com\/cd\/?p=15507","name":"Governo quer que faculdades se autorregulem para autorizar cursos - Not&iacute;cias em Destaque","isPartOf":{"@id":"https:\/\/noticiasemdestaque.com\/cd\/#website"},"primaryImageOfPage":{"@id":"https:\/\/noticiasemdestaque.com\/cd\/?p=15507#primaryimage"},"image":{"@id":"https:\/\/noticiasemdestaque.com\/cd\/?p=15507#primaryimage"},"thumbnailUrl":"https:\/\/noticiasemdestaque.com\/cd\/wp-content\/uploads\/2018\/07\/professores.jpg","datePublished":"2019-02-13T10:02:24+00:00","breadcrumb":{"@id":"https:\/\/noticiasemdestaque.com\/cd\/?p=15507#breadcrumb"},"inLanguage":"pt-BR","potentialAction":[{"@type":"ReadAction","target":["https:\/\/noticiasemdestaque.com\/cd\/?p=15507"]}]},{"@type":"ImageObject","inLanguage":"pt-BR","@id":"https:\/\/noticiasemdestaque.com\/cd\/?p=15507#primaryimage","url":"https:\/\/noticiasemdestaque.com\/cd\/wp-content\/uploads\/2018\/07\/professores.jpg","contentUrl":"https:\/\/noticiasemdestaque.com\/cd\/wp-content\/uploads\/2018\/07\/professores.jpg","width":1931,"height":1255},{"@type":"BreadcrumbList","@id":"https:\/\/noticiasemdestaque.com\/cd\/?p=15507#breadcrumb","itemListElement":[{"@type":"ListItem","position":1,"name":"In\u00edcio","item":"https:\/\/noticiasemdestaque.com\/cd\/"},{"@type":"ListItem","position":2,"name":"Governo quer que faculdades se autorregulem para autorizar cursos"}]},{"@type":"WebSite","@id":"https:\/\/noticiasemdestaque.com\/cd\/#website","url":"https:\/\/noticiasemdestaque.com\/cd\/","name":"Not&iacute;cias em Destaque","description":"","publisher":{"@id":"https:\/\/noticiasemdestaque.com\/cd\/#organization"},"potentialAction":[{"@type":"SearchAction","target":{"@type":"EntryPoint","urlTemplate":"https:\/\/noticiasemdestaque.com\/cd\/?s={search_term_string}"},"query-input":{"@type":"PropertyValueSpecification","valueRequired":true,"valueName":"search_term_string"}}],"inLanguage":"pt-BR"},{"@type":"Organization","@id":"https:\/\/noticiasemdestaque.com\/cd\/#organization","name":"Not\u00edcias em Destaque","url":"https:\/\/noticiasemdestaque.com\/cd\/","logo":{"@type":"ImageObject","inLanguage":"pt-BR","@id":"https:\/\/noticiasemdestaque.com\/cd\/#\/schema\/logo\/image\/","url":"https:\/\/noticiasemdestaque.com\/cd\/wp-content\/uploads\/2022\/05\/imagem-base-noticiasemdestaque.png","contentUrl":"https:\/\/noticiasemdestaque.com\/cd\/wp-content\/uploads\/2022\/05\/imagem-base-noticiasemdestaque.png","width":1200,"height":630,"caption":"Not\u00edcias em Destaque"},"image":{"@id":"https:\/\/noticiasemdestaque.com\/cd\/#\/schema\/logo\/image\/"}},{"@type":"Person","@id":"https:\/\/noticiasemdestaque.com\/cd\/#\/schema\/person\/47f7d4f55eec17c6b2ca036c5500f6ce","name":"Not\u00edcias em Destaque","url":"https:\/\/noticiasemdestaque.com\/cd\/?author=2"}]}},"jetpack_featured_media_url":"https:\/\/noticiasemdestaque.com\/cd\/wp-content\/uploads\/2018\/07\/professores.jpg","jetpack_sharing_enabled":true,"_links":{"self":[{"href":"https:\/\/noticiasemdestaque.com\/cd\/index.php?rest_route=\/wp\/v2\/posts\/15507","targetHints":{"allow":["GET"]}}],"collection":[{"href":"https:\/\/noticiasemdestaque.com\/cd\/index.php?rest_route=\/wp\/v2\/posts"}],"about":[{"href":"https:\/\/noticiasemdestaque.com\/cd\/index.php?rest_route=\/wp\/v2\/types\/post"}],"author":[{"embeddable":true,"href":"https:\/\/noticiasemdestaque.com\/cd\/index.php?rest_route=\/wp\/v2\/users\/2"}],"replies":[{"embeddable":true,"href":"https:\/\/noticiasemdestaque.com\/cd\/index.php?rest_route=%2Fwp%2Fv2%2Fcomments&post=15507"}],"version-history":[{"count":1,"href":"https:\/\/noticiasemdestaque.com\/cd\/index.php?rest_route=\/wp\/v2\/posts\/15507\/revisions"}],"predecessor-version":[{"id":15508,"href":"https:\/\/noticiasemdestaque.com\/cd\/index.php?rest_route=\/wp\/v2\/posts\/15507\/revisions\/15508"}],"wp:featuredmedia":[{"embeddable":true,"href":"https:\/\/noticiasemdestaque.com\/cd\/index.php?rest_route=\/wp\/v2\/media\/11165"}],"wp:attachment":[{"href":"https:\/\/noticiasemdestaque.com\/cd\/index.php?rest_route=%2Fwp%2Fv2%2Fmedia&parent=15507"}],"wp:term":[{"taxonomy":"category","embeddable":true,"href":"https:\/\/noticiasemdestaque.com\/cd\/index.php?rest_route=%2Fwp%2Fv2%2Fcategories&post=15507"},{"taxonomy":"post_tag","embeddable":true,"href":"https:\/\/noticiasemdestaque.com\/cd\/index.php?rest_route=%2Fwp%2Fv2%2Ftags&post=15507"}],"curies":[{"name":"wp","href":"https:\/\/api.w.org\/{rel}","templated":true}]}}