{"id":15501,"date":"2019-02-13T06:59:02","date_gmt":"2019-02-13T09:59:02","guid":{"rendered":"http:\/\/noticiasemdestaque.com\/cd\/?p=15501"},"modified":"2019-02-13T06:59:02","modified_gmt":"2019-02-13T09:59:02","slug":"paraiba-recebe-alerta-de-chuvas-representativa-nas-proximas-48h","status":"publish","type":"post","link":"https:\/\/noticiasemdestaque.com\/cd\/?p=15501","title":{"rendered":"Para\u00edba recebe alerta de chuvas representativa nas pr\u00f3ximas 48h"},"content":{"rendered":"<div class=\"mc-column content-text active-extra-styles active-capital-letter\" data-block-type=\"unstyled\" data-block-weight=\"55\" data-block-id=\"2\">\n<p class=\"content-text__container theme-color-primary-first-letter tm_nativeauto aBigClassNameToAvoidCollisionInText\" data-track-category=\"Link no Texto\" data-track-links=\"\"><a href=\"https:\/\/noticiasemdestaque.com\/cd\/wp-content\/uploads\/2019\/02\/chuva-1.jpg\"><img fetchpriority=\"high\" decoding=\"async\" class=\"alignnone size-full wp-image-15502\" src=\"https:\/\/noticiasemdestaque.com\/cd\/wp-content\/uploads\/2019\/02\/chuva-1.jpg\" alt=\"\" width=\"1000\" height=\"563\" srcset=\"https:\/\/noticiasemdestaque.com\/cd\/wp-content\/uploads\/2019\/02\/chuva-1.jpg 1000w, https:\/\/noticiasemdestaque.com\/cd\/wp-content\/uploads\/2019\/02\/chuva-1-300x169.jpg 300w, https:\/\/noticiasemdestaque.com\/cd\/wp-content\/uploads\/2019\/02\/chuva-1-768x432.jpg 768w\" sizes=\"(max-width: 1000px) 100vw, 1000px\" \/><\/a><\/p>\n<p class=\"content-text__container theme-color-primary-first-letter tm_nativeauto aBigClassNameToAvoidCollisionInText\" data-track-category=\"Link no Texto\" data-track-links=\"\">A Para\u00edba tem previs\u00e3o de chuvas representativas, sobretudo na regi\u00e3o litor\u00e2nea, para as pr\u00f3ximas 48 horas, de acordo com alerta divulgado pela Ag\u00eancia Executiva de Gest\u00e3o das \u00c1guas (Aesa), na tarde desta ter\u00e7a-feira (12). Conforme o alerta, o a maior probabilidade de eventos de chuva significativos \u00e9 no decorrer das pr\u00f3ximas 24 a 48 horas.<\/p>\n<\/div>\n<div class=\"wall protected-content\">\n<div class=\"mc-column content-text active-extra-styles \" data-block-type=\"unstyled\" data-block-weight=\"51\" data-block-id=\"3\">\n<p class=\"content-text__container \" data-track-category=\"Link no Texto\" data-track-links=\"\">O Instituto Nacional de Meteorologia (Inmet) tamb\u00e9m publicou um aviso, nesta ter\u00e7a-feira, de chuva entre 20 a 30 mm\/h ou at\u00e9 50 mm\/dia, em 221 cidades da Para\u00edba. De acordo com o alerta do instituto, chuvas s\u00e3o de baixo risco de alagamentos e pequenos deslizamentos, em cidades com \u00e1reas de risco.<\/p>\n<div class=\"mc-column content-text active-extra-styles \" data-block-type=\"unstyled\" data-block-weight=\"42\" data-block-id=\"4\">\n<p class=\"content-text__container \" data-track-category=\"Link no Texto\" data-track-links=\"\">Segundo a Aesa, a explica\u00e7\u00e3o para a possibilidade de ocorr\u00eancia de chuvas se d\u00e1 pelo posicionamento de um V\u00f3rtice Cicl\u00f4nico, formado em altos n\u00edveis da atmosfera, que est\u00e1 favorecendo o aumento da nebulosidade sobre grande parte do estado, especialmente na faixa litor\u00e2nea.<\/p>\n<\/div>\n<div class=\"mc-column content-text active-extra-styles \" data-block-type=\"unstyled\" data-block-weight=\"25\" data-block-id=\"5\">\n<p class=\"content-text__container \" data-track-category=\"Link no Texto\" data-track-links=\"\">Dependendo do deslocamento e intensifica\u00e7\u00e3o de tal sistema, ele pode favorecer a ocorr\u00eancia de chuvas em \u00e1reas no Litoral, incluindo Jo\u00e3o Pessoa e Regi\u00e3o Metropolitana.<\/p>\n<\/div>\n<div data-track-category=\"multicontent\" data-track-action=\"ultimo chunk conteudo\" data-track-noninteraction=\"false\" data-track-scroll=\"view\">\n<div class=\"mc-column content-text active-extra-styles \" data-block-type=\"unstyled\" data-block-weight=\"23\" data-block-id=\"6\">\n<p class=\"content-text__container \" data-track-category=\"Link no Texto\" data-track-links=\"\">Nas demais regi\u00f5es, poder\u00e1 favorecer a ocorr\u00eancia pancadas isoladas de chuva. A Aesa permanece em estado de aten\u00e7\u00e3o por no m\u00ednimo 48 horas.<\/p>\n<p data-track-category=\"Link no Texto\" data-track-links=\"\">Foto: Walter Paparazzo\/G1\/Arquivo<\/p>\n<p data-track-category=\"Link no Texto\" data-track-links=\"\">Fonte: G1<\/p>\n<\/div>\n<\/div>\n<\/div>\n<\/div>\n","protected":false},"excerpt":{"rendered":"<p>A Para\u00edba tem previs\u00e3o de chuvas representativas, sobretudo na regi\u00e3o litor\u00e2nea, para as pr\u00f3ximas 48 horas, de acordo com alerta divulgado pela Ag\u00eancia Executiva de Gest\u00e3o das \u00c1guas (Aesa), na tarde desta ter\u00e7a-feira (12). Conforme o alerta, o a maior probabilidade de eventos de chuva significativos \u00e9 no decorrer das pr\u00f3ximas 24 a 48 horas. O Instituto Nacional de Meteorologia (Inmet) tamb\u00e9m publicou um aviso, nesta ter\u00e7a-feira, de chuva entre 20 a 30 mm\/h ou at\u00e9 50 mm\/dia, em 221 cidades da Para\u00edba. De acordo com o alerta do instituto, chuvas s\u00e3o de baixo risco de alagamentos e pequenos deslizamentos, em cidades com \u00e1reas de risco. Segundo a Aesa, a explica\u00e7\u00e3o para a possibilidade de ocorr\u00eancia de chuvas se d\u00e1 pelo posicionamento de um V\u00f3rtice Cicl\u00f4nico, formado em altos n\u00edveis da atmosfera, que est\u00e1 favorecendo o aumento da nebulosidade sobre grande parte do estado, especialmente na faixa litor\u00e2nea. Dependendo do deslocamento e intensifica\u00e7\u00e3o de tal sistema, ele pode favorecer a ocorr\u00eancia de chuvas em \u00e1reas no Litoral, incluindo Jo\u00e3o Pessoa e Regi\u00e3o Metropolitana. Nas demais regi\u00f5es, poder\u00e1 favorecer a ocorr\u00eancia pancadas isoladas de chuva. A Aesa permanece em estado de aten\u00e7\u00e3o por no m\u00ednimo 48 horas. Foto: Walter Paparazzo\/G1\/Arquivo Fonte: G1<\/p>\n","protected":false},"author":2,"featured_media":15502,"comment_status":"closed","ping_status":"open","sticky":false,"template":"","format":"standard","meta":{"_eb_attr":"","_jetpack_memberships_contains_paid_content":false,"footnotes":""},"categories":[12],"tags":[],"class_list":["post-15501","post","type-post","status-publish","format-standard","has-post-thumbnail","hentry","category-geral"],"yoast_head":"<!-- This site is optimized with the Yoast SEO plugin v26.5 - https:\/\/yoast.com\/wordpress\/plugins\/seo\/ -->\n<title>Para\u00edba recebe alerta de chuvas representativa nas pr\u00f3ximas 48h - Not&iacute;cias em Destaque<\/title>\n<meta name=\"robots\" content=\"index, follow, max-snippet:-1, max-image-preview:large, max-video-preview:-1\" \/>\n<link rel=\"canonical\" href=\"https:\/\/noticiasemdestaque.com\/cd\/?p=15501\" \/>\n<meta property=\"og:locale\" content=\"pt_BR\" \/>\n<meta property=\"og:type\" content=\"article\" \/>\n<meta property=\"og:title\" content=\"Para\u00edba recebe alerta de chuvas representativa nas pr\u00f3ximas 48h - Not&iacute;cias em Destaque\" \/>\n<meta property=\"og:description\" content=\"A Para\u00edba tem previs\u00e3o de chuvas representativas, sobretudo na regi\u00e3o litor\u00e2nea, para as pr\u00f3ximas 48 horas, de acordo com alerta divulgado pela Ag\u00eancia Executiva de Gest\u00e3o das \u00c1guas (Aesa), na tarde desta ter\u00e7a-feira (12). Conforme o alerta, o a maior probabilidade de eventos de chuva significativos \u00e9 no decorrer das pr\u00f3ximas 24 a 48 horas. O Instituto Nacional de Meteorologia (Inmet) tamb\u00e9m publicou um aviso, nesta ter\u00e7a-feira, de chuva entre 20 a 30 mm\/h ou at\u00e9 50 mm\/dia, em 221 cidades da Para\u00edba. De acordo com o alerta do instituto, chuvas s\u00e3o de baixo risco de alagamentos e pequenos deslizamentos, em cidades com \u00e1reas de risco. Segundo a Aesa, a explica\u00e7\u00e3o para a possibilidade de ocorr\u00eancia de chuvas se d\u00e1 pelo posicionamento de um V\u00f3rtice Cicl\u00f4nico, formado em altos n\u00edveis da atmosfera, que est\u00e1 favorecendo o aumento da nebulosidade sobre grande parte do estado, especialmente na faixa litor\u00e2nea. Dependendo do deslocamento e intensifica\u00e7\u00e3o de tal sistema, ele pode favorecer a ocorr\u00eancia de chuvas em \u00e1reas no Litoral, incluindo Jo\u00e3o Pessoa e Regi\u00e3o Metropolitana. Nas demais regi\u00f5es, poder\u00e1 favorecer a ocorr\u00eancia pancadas isoladas de chuva. A Aesa permanece em estado de aten\u00e7\u00e3o por no m\u00ednimo 48 horas. Foto: Walter Paparazzo\/G1\/Arquivo Fonte: G1\" \/>\n<meta property=\"og:url\" content=\"https:\/\/noticiasemdestaque.com\/cd\/?p=15501\" \/>\n<meta property=\"og:site_name\" content=\"Not&iacute;cias em Destaque\" \/>\n<meta property=\"article:published_time\" content=\"2019-02-13T09:59:02+00:00\" \/>\n<meta property=\"og:image\" content=\"https:\/\/noticiasemdestaque.com\/cd\/wp-content\/uploads\/2019\/02\/chuva-1.jpg\" \/>\n\t<meta property=\"og:image:width\" content=\"1000\" \/>\n\t<meta property=\"og:image:height\" content=\"563\" \/>\n\t<meta property=\"og:image:type\" content=\"image\/jpeg\" \/>\n<meta name=\"author\" content=\"Not\u00edcias em Destaque\" \/>\n<meta name=\"twitter:card\" content=\"summary_large_image\" \/>\n<meta name=\"twitter:label1\" content=\"Escrito por\" \/>\n\t<meta name=\"twitter:data1\" content=\"Not\u00edcias em Destaque\" \/>\n\t<meta name=\"twitter:label2\" content=\"Est. tempo de leitura\" \/>\n\t<meta name=\"twitter:data2\" content=\"1 minuto\" \/>\n<script type=\"application\/ld+json\" class=\"yoast-schema-graph\">{\"@context\":\"https:\/\/schema.org\",\"@graph\":[{\"@type\":\"Article\",\"@id\":\"https:\/\/noticiasemdestaque.com\/cd\/?p=15501#article\",\"isPartOf\":{\"@id\":\"https:\/\/noticiasemdestaque.com\/cd\/?p=15501\"},\"author\":{\"name\":\"Not\u00edcias em Destaque\",\"@id\":\"https:\/\/noticiasemdestaque.com\/cd\/#\/schema\/person\/47f7d4f55eec17c6b2ca036c5500f6ce\"},\"headline\":\"Para\u00edba recebe alerta de chuvas representativa nas pr\u00f3ximas 48h\",\"datePublished\":\"2019-02-13T09:59:02+00:00\",\"mainEntityOfPage\":{\"@id\":\"https:\/\/noticiasemdestaque.com\/cd\/?p=15501\"},\"wordCount\":233,\"publisher\":{\"@id\":\"https:\/\/noticiasemdestaque.com\/cd\/#organization\"},\"image\":{\"@id\":\"https:\/\/noticiasemdestaque.com\/cd\/?p=15501#primaryimage\"},\"thumbnailUrl\":\"https:\/\/noticiasemdestaque.com\/cd\/wp-content\/uploads\/2019\/02\/chuva-1.jpg\",\"articleSection\":[\"Geral\"],\"inLanguage\":\"pt-BR\"},{\"@type\":\"WebPage\",\"@id\":\"https:\/\/noticiasemdestaque.com\/cd\/?p=15501\",\"url\":\"https:\/\/noticiasemdestaque.com\/cd\/?p=15501\",\"name\":\"Para\u00edba recebe alerta de chuvas representativa nas pr\u00f3ximas 48h - Not&iacute;cias em Destaque\",\"isPartOf\":{\"@id\":\"https:\/\/noticiasemdestaque.com\/cd\/#website\"},\"primaryImageOfPage\":{\"@id\":\"https:\/\/noticiasemdestaque.com\/cd\/?p=15501#primaryimage\"},\"image\":{\"@id\":\"https:\/\/noticiasemdestaque.com\/cd\/?p=15501#primaryimage\"},\"thumbnailUrl\":\"https:\/\/noticiasemdestaque.com\/cd\/wp-content\/uploads\/2019\/02\/chuva-1.jpg\",\"datePublished\":\"2019-02-13T09:59:02+00:00\",\"breadcrumb\":{\"@id\":\"https:\/\/noticiasemdestaque.com\/cd\/?p=15501#breadcrumb\"},\"inLanguage\":\"pt-BR\",\"potentialAction\":[{\"@type\":\"ReadAction\",\"target\":[\"https:\/\/noticiasemdestaque.com\/cd\/?p=15501\"]}]},{\"@type\":\"ImageObject\",\"inLanguage\":\"pt-BR\",\"@id\":\"https:\/\/noticiasemdestaque.com\/cd\/?p=15501#primaryimage\",\"url\":\"https:\/\/noticiasemdestaque.com\/cd\/wp-content\/uploads\/2019\/02\/chuva-1.jpg\",\"contentUrl\":\"https:\/\/noticiasemdestaque.com\/cd\/wp-content\/uploads\/2019\/02\/chuva-1.jpg\",\"width\":1000,\"height\":563},{\"@type\":\"BreadcrumbList\",\"@id\":\"https:\/\/noticiasemdestaque.com\/cd\/?p=15501#breadcrumb\",\"itemListElement\":[{\"@type\":\"ListItem\",\"position\":1,\"name\":\"In\u00edcio\",\"item\":\"https:\/\/noticiasemdestaque.com\/cd\/\"},{\"@type\":\"ListItem\",\"position\":2,\"name\":\"Para\u00edba recebe alerta de chuvas representativa nas pr\u00f3ximas 48h\"}]},{\"@type\":\"WebSite\",\"@id\":\"https:\/\/noticiasemdestaque.com\/cd\/#website\",\"url\":\"https:\/\/noticiasemdestaque.com\/cd\/\",\"name\":\"Not&iacute;cias em Destaque\",\"description\":\"\",\"publisher\":{\"@id\":\"https:\/\/noticiasemdestaque.com\/cd\/#organization\"},\"potentialAction\":[{\"@type\":\"SearchAction\",\"target\":{\"@type\":\"EntryPoint\",\"urlTemplate\":\"https:\/\/noticiasemdestaque.com\/cd\/?s={search_term_string}\"},\"query-input\":{\"@type\":\"PropertyValueSpecification\",\"valueRequired\":true,\"valueName\":\"search_term_string\"}}],\"inLanguage\":\"pt-BR\"},{\"@type\":\"Organization\",\"@id\":\"https:\/\/noticiasemdestaque.com\/cd\/#organization\",\"name\":\"Not\u00edcias em Destaque\",\"url\":\"https:\/\/noticiasemdestaque.com\/cd\/\",\"logo\":{\"@type\":\"ImageObject\",\"inLanguage\":\"pt-BR\",\"@id\":\"https:\/\/noticiasemdestaque.com\/cd\/#\/schema\/logo\/image\/\",\"url\":\"https:\/\/noticiasemdestaque.com\/cd\/wp-content\/uploads\/2022\/05\/imagem-base-noticiasemdestaque.png\",\"contentUrl\":\"https:\/\/noticiasemdestaque.com\/cd\/wp-content\/uploads\/2022\/05\/imagem-base-noticiasemdestaque.png\",\"width\":1200,\"height\":630,\"caption\":\"Not\u00edcias em Destaque\"},\"image\":{\"@id\":\"https:\/\/noticiasemdestaque.com\/cd\/#\/schema\/logo\/image\/\"}},{\"@type\":\"Person\",\"@id\":\"https:\/\/noticiasemdestaque.com\/cd\/#\/schema\/person\/47f7d4f55eec17c6b2ca036c5500f6ce\",\"name\":\"Not\u00edcias em Destaque\",\"url\":\"https:\/\/noticiasemdestaque.com\/cd\/?author=2\"}]}<\/script>\n<!-- \/ Yoast SEO plugin. -->","yoast_head_json":{"title":"Para\u00edba recebe alerta de chuvas representativa nas pr\u00f3ximas 48h - Not&iacute;cias em Destaque","robots":{"index":"index","follow":"follow","max-snippet":"max-snippet:-1","max-image-preview":"max-image-preview:large","max-video-preview":"max-video-preview:-1"},"canonical":"https:\/\/noticiasemdestaque.com\/cd\/?p=15501","og_locale":"pt_BR","og_type":"article","og_title":"Para\u00edba recebe alerta de chuvas representativa nas pr\u00f3ximas 48h - Not&iacute;cias em Destaque","og_description":"A Para\u00edba tem previs\u00e3o de chuvas representativas, sobretudo na regi\u00e3o litor\u00e2nea, para as pr\u00f3ximas 48 horas, de acordo com alerta divulgado pela Ag\u00eancia Executiva de Gest\u00e3o das \u00c1guas (Aesa), na tarde desta ter\u00e7a-feira (12). Conforme o alerta, o a maior probabilidade de eventos de chuva significativos \u00e9 no decorrer das pr\u00f3ximas 24 a 48 horas. O Instituto Nacional de Meteorologia (Inmet) tamb\u00e9m publicou um aviso, nesta ter\u00e7a-feira, de chuva entre 20 a 30 mm\/h ou at\u00e9 50 mm\/dia, em 221 cidades da Para\u00edba. De acordo com o alerta do instituto, chuvas s\u00e3o de baixo risco de alagamentos e pequenos deslizamentos, em cidades com \u00e1reas de risco. Segundo a Aesa, a explica\u00e7\u00e3o para a possibilidade de ocorr\u00eancia de chuvas se d\u00e1 pelo posicionamento de um V\u00f3rtice Cicl\u00f4nico, formado em altos n\u00edveis da atmosfera, que est\u00e1 favorecendo o aumento da nebulosidade sobre grande parte do estado, especialmente na faixa litor\u00e2nea. Dependendo do deslocamento e intensifica\u00e7\u00e3o de tal sistema, ele pode favorecer a ocorr\u00eancia de chuvas em \u00e1reas no Litoral, incluindo Jo\u00e3o Pessoa e Regi\u00e3o Metropolitana. Nas demais regi\u00f5es, poder\u00e1 favorecer a ocorr\u00eancia pancadas isoladas de chuva. A Aesa permanece em estado de aten\u00e7\u00e3o por no m\u00ednimo 48 horas. Foto: Walter Paparazzo\/G1\/Arquivo Fonte: G1","og_url":"https:\/\/noticiasemdestaque.com\/cd\/?p=15501","og_site_name":"Not&iacute;cias em Destaque","article_published_time":"2019-02-13T09:59:02+00:00","og_image":[{"width":1000,"height":563,"url":"https:\/\/noticiasemdestaque.com\/cd\/wp-content\/uploads\/2019\/02\/chuva-1.jpg","type":"image\/jpeg"}],"author":"Not\u00edcias em Destaque","twitter_card":"summary_large_image","twitter_misc":{"Escrito por":"Not\u00edcias em Destaque","Est. tempo de leitura":"1 minuto"},"schema":{"@context":"https:\/\/schema.org","@graph":[{"@type":"Article","@id":"https:\/\/noticiasemdestaque.com\/cd\/?p=15501#article","isPartOf":{"@id":"https:\/\/noticiasemdestaque.com\/cd\/?p=15501"},"author":{"name":"Not\u00edcias em Destaque","@id":"https:\/\/noticiasemdestaque.com\/cd\/#\/schema\/person\/47f7d4f55eec17c6b2ca036c5500f6ce"},"headline":"Para\u00edba recebe alerta de chuvas representativa nas pr\u00f3ximas 48h","datePublished":"2019-02-13T09:59:02+00:00","mainEntityOfPage":{"@id":"https:\/\/noticiasemdestaque.com\/cd\/?p=15501"},"wordCount":233,"publisher":{"@id":"https:\/\/noticiasemdestaque.com\/cd\/#organization"},"image":{"@id":"https:\/\/noticiasemdestaque.com\/cd\/?p=15501#primaryimage"},"thumbnailUrl":"https:\/\/noticiasemdestaque.com\/cd\/wp-content\/uploads\/2019\/02\/chuva-1.jpg","articleSection":["Geral"],"inLanguage":"pt-BR"},{"@type":"WebPage","@id":"https:\/\/noticiasemdestaque.com\/cd\/?p=15501","url":"https:\/\/noticiasemdestaque.com\/cd\/?p=15501","name":"Para\u00edba recebe alerta de chuvas representativa nas pr\u00f3ximas 48h - Not&iacute;cias em Destaque","isPartOf":{"@id":"https:\/\/noticiasemdestaque.com\/cd\/#website"},"primaryImageOfPage":{"@id":"https:\/\/noticiasemdestaque.com\/cd\/?p=15501#primaryimage"},"image":{"@id":"https:\/\/noticiasemdestaque.com\/cd\/?p=15501#primaryimage"},"thumbnailUrl":"https:\/\/noticiasemdestaque.com\/cd\/wp-content\/uploads\/2019\/02\/chuva-1.jpg","datePublished":"2019-02-13T09:59:02+00:00","breadcrumb":{"@id":"https:\/\/noticiasemdestaque.com\/cd\/?p=15501#breadcrumb"},"inLanguage":"pt-BR","potentialAction":[{"@type":"ReadAction","target":["https:\/\/noticiasemdestaque.com\/cd\/?p=15501"]}]},{"@type":"ImageObject","inLanguage":"pt-BR","@id":"https:\/\/noticiasemdestaque.com\/cd\/?p=15501#primaryimage","url":"https:\/\/noticiasemdestaque.com\/cd\/wp-content\/uploads\/2019\/02\/chuva-1.jpg","contentUrl":"https:\/\/noticiasemdestaque.com\/cd\/wp-content\/uploads\/2019\/02\/chuva-1.jpg","width":1000,"height":563},{"@type":"BreadcrumbList","@id":"https:\/\/noticiasemdestaque.com\/cd\/?p=15501#breadcrumb","itemListElement":[{"@type":"ListItem","position":1,"name":"In\u00edcio","item":"https:\/\/noticiasemdestaque.com\/cd\/"},{"@type":"ListItem","position":2,"name":"Para\u00edba recebe alerta de chuvas representativa nas pr\u00f3ximas 48h"}]},{"@type":"WebSite","@id":"https:\/\/noticiasemdestaque.com\/cd\/#website","url":"https:\/\/noticiasemdestaque.com\/cd\/","name":"Not&iacute;cias em Destaque","description":"","publisher":{"@id":"https:\/\/noticiasemdestaque.com\/cd\/#organization"},"potentialAction":[{"@type":"SearchAction","target":{"@type":"EntryPoint","urlTemplate":"https:\/\/noticiasemdestaque.com\/cd\/?s={search_term_string}"},"query-input":{"@type":"PropertyValueSpecification","valueRequired":true,"valueName":"search_term_string"}}],"inLanguage":"pt-BR"},{"@type":"Organization","@id":"https:\/\/noticiasemdestaque.com\/cd\/#organization","name":"Not\u00edcias em Destaque","url":"https:\/\/noticiasemdestaque.com\/cd\/","logo":{"@type":"ImageObject","inLanguage":"pt-BR","@id":"https:\/\/noticiasemdestaque.com\/cd\/#\/schema\/logo\/image\/","url":"https:\/\/noticiasemdestaque.com\/cd\/wp-content\/uploads\/2022\/05\/imagem-base-noticiasemdestaque.png","contentUrl":"https:\/\/noticiasemdestaque.com\/cd\/wp-content\/uploads\/2022\/05\/imagem-base-noticiasemdestaque.png","width":1200,"height":630,"caption":"Not\u00edcias em Destaque"},"image":{"@id":"https:\/\/noticiasemdestaque.com\/cd\/#\/schema\/logo\/image\/"}},{"@type":"Person","@id":"https:\/\/noticiasemdestaque.com\/cd\/#\/schema\/person\/47f7d4f55eec17c6b2ca036c5500f6ce","name":"Not\u00edcias em Destaque","url":"https:\/\/noticiasemdestaque.com\/cd\/?author=2"}]}},"jetpack_featured_media_url":"https:\/\/noticiasemdestaque.com\/cd\/wp-content\/uploads\/2019\/02\/chuva-1.jpg","jetpack_sharing_enabled":true,"_links":{"self":[{"href":"https:\/\/noticiasemdestaque.com\/cd\/index.php?rest_route=\/wp\/v2\/posts\/15501","targetHints":{"allow":["GET"]}}],"collection":[{"href":"https:\/\/noticiasemdestaque.com\/cd\/index.php?rest_route=\/wp\/v2\/posts"}],"about":[{"href":"https:\/\/noticiasemdestaque.com\/cd\/index.php?rest_route=\/wp\/v2\/types\/post"}],"author":[{"embeddable":true,"href":"https:\/\/noticiasemdestaque.com\/cd\/index.php?rest_route=\/wp\/v2\/users\/2"}],"replies":[{"embeddable":true,"href":"https:\/\/noticiasemdestaque.com\/cd\/index.php?rest_route=%2Fwp%2Fv2%2Fcomments&post=15501"}],"version-history":[{"count":1,"href":"https:\/\/noticiasemdestaque.com\/cd\/index.php?rest_route=\/wp\/v2\/posts\/15501\/revisions"}],"predecessor-version":[{"id":15503,"href":"https:\/\/noticiasemdestaque.com\/cd\/index.php?rest_route=\/wp\/v2\/posts\/15501\/revisions\/15503"}],"wp:featuredmedia":[{"embeddable":true,"href":"https:\/\/noticiasemdestaque.com\/cd\/index.php?rest_route=\/wp\/v2\/media\/15502"}],"wp:attachment":[{"href":"https:\/\/noticiasemdestaque.com\/cd\/index.php?rest_route=%2Fwp%2Fv2%2Fmedia&parent=15501"}],"wp:term":[{"taxonomy":"category","embeddable":true,"href":"https:\/\/noticiasemdestaque.com\/cd\/index.php?rest_route=%2Fwp%2Fv2%2Fcategories&post=15501"},{"taxonomy":"post_tag","embeddable":true,"href":"https:\/\/noticiasemdestaque.com\/cd\/index.php?rest_route=%2Fwp%2Fv2%2Ftags&post=15501"}],"curies":[{"name":"wp","href":"https:\/\/api.w.org\/{rel}","templated":true}]}}