{"id":15498,"date":"2019-02-13T06:57:55","date_gmt":"2019-02-13T09:57:55","guid":{"rendered":"http:\/\/noticiasemdestaque.com\/cd\/?p=15498"},"modified":"2019-02-13T06:57:55","modified_gmt":"2019-02-13T09:57:55","slug":"ex-prefeito-condenado-por-indicios-de-fraudes-licitatorias-tera-que-ressarcir-mais-de-r-300-mil","status":"publish","type":"post","link":"https:\/\/noticiasemdestaque.com\/cd\/?p=15498","title":{"rendered":"Ex-prefeito condenado por ind\u00edcios de fraudes licitat\u00f3rias ter\u00e1 que ressarcir mais de R$ 300 mil"},"content":{"rendered":"<p class=\" aBigClassNameToAvoidCollisionInText\"><a href=\"https:\/\/noticiasemdestaque.com\/cd\/wp-content\/uploads\/2019\/02\/tribunal-de-justica-da-paraiba.jpg\"><img fetchpriority=\"high\" decoding=\"async\" class=\"alignnone size-full wp-image-15499\" src=\"https:\/\/noticiasemdestaque.com\/cd\/wp-content\/uploads\/2019\/02\/tribunal-de-justica-da-paraiba.jpg\" alt=\"\" width=\"1000\" height=\"665\" srcset=\"https:\/\/noticiasemdestaque.com\/cd\/wp-content\/uploads\/2019\/02\/tribunal-de-justica-da-paraiba.jpg 1000w, https:\/\/noticiasemdestaque.com\/cd\/wp-content\/uploads\/2019\/02\/tribunal-de-justica-da-paraiba-300x200.jpg 300w, https:\/\/noticiasemdestaque.com\/cd\/wp-content\/uploads\/2019\/02\/tribunal-de-justica-da-paraiba-768x511.jpg 768w, https:\/\/noticiasemdestaque.com\/cd\/wp-content\/uploads\/2019\/02\/tribunal-de-justica-da-paraiba-480x320.jpg 480w\" sizes=\"(max-width: 1000px) 100vw, 1000px\" \/><\/a><\/p>\n<p class=\" aBigClassNameToAvoidCollisionInText\">A Primeira C\u00e2mara C\u00edvel do Tribunal de Justi\u00e7a da Para\u00edba (TJPB) manteve parte da senten\u00e7a e o ex-prefeito de Duas Estradas, Roberto Carlos Nunes, ter\u00e1 que ressarcir os cofres p\u00fablicos com a quantia de R$ 318.374,55 e pagar uma multa civil, correspondente a 40 vezes o valor do sal\u00e1rio que ele recebia, \u00e0 \u00e9poca do encerramento do seu mandato constitucional. Ele foi acusado de praticar atos de improbidade administrativa.<\/p>\n<div id=\"sas_45111\"><\/div>\n<div id=\"video\"><\/div>\n<p>Entre os atos atribu\u00eddos ao ex-gestor, estariam a diverg\u00eancia entre informativo da \u2018Presta\u00e7\u00e3o de Contas Anual\u2019, despesas n\u00e3o licitadas, ind\u00edcios de fraude em licita\u00e7\u00f5es, excesso de despesas em di\u00e1rias pagas ao prefeito e contrata\u00e7\u00e3o irregular de servidores. Esses apontamentos foram feitos pelo Tribunal de Contas do Estado (TCE-PB).<\/p>\n<p>Durante a sess\u00e3o ordin\u00e1ria desta ter\u00e7a-feira (12), os membros da Primeira C\u00e2mara C\u00edvel do TJPB retiraram apenas as condena\u00e7\u00f5es de perda da fun\u00e7\u00e3o p\u00fablica que eventualmente esteja ocupando, a suspens\u00e3o dos direitos pol\u00edticos e a proibi\u00e7\u00e3o de contratar com o Poder P\u00fablico ou receber benef\u00edcios ou incentivos fiscais ou credit\u00edcios. O relator do processo foi o desembargador Jos\u00e9 Ricardo Porto, o qual manteve a multa e o ressarcimento.<\/p>\n<p>Fonte: clickpb<\/p>\n","protected":false},"excerpt":{"rendered":"<p>A Primeira C\u00e2mara C\u00edvel do Tribunal de Justi\u00e7a da Para\u00edba (TJPB) manteve parte da senten\u00e7a e o ex-prefeito de Duas Estradas, Roberto Carlos Nunes, ter\u00e1 que ressarcir os cofres p\u00fablicos com a quantia de R$ 318.374,55 e pagar uma multa civil, correspondente a 40 vezes o valor do sal\u00e1rio que ele recebia, \u00e0 \u00e9poca do encerramento do seu mandato constitucional. Ele foi acusado de praticar atos de improbidade administrativa. Entre os atos atribu\u00eddos ao ex-gestor, estariam a diverg\u00eancia entre informativo da \u2018Presta\u00e7\u00e3o de Contas Anual\u2019, despesas n\u00e3o licitadas, ind\u00edcios de fraude em licita\u00e7\u00f5es, excesso de despesas em di\u00e1rias pagas ao prefeito e contrata\u00e7\u00e3o irregular de servidores. Esses apontamentos foram feitos pelo Tribunal de Contas do Estado (TCE-PB). Durante a sess\u00e3o ordin\u00e1ria desta ter\u00e7a-feira (12), os membros da Primeira C\u00e2mara C\u00edvel do TJPB retiraram apenas as condena\u00e7\u00f5es de perda da fun\u00e7\u00e3o p\u00fablica que eventualmente esteja ocupando, a suspens\u00e3o dos direitos pol\u00edticos e a proibi\u00e7\u00e3o de contratar com o Poder P\u00fablico ou receber benef\u00edcios ou incentivos fiscais ou credit\u00edcios. O relator do processo foi o desembargador Jos\u00e9 Ricardo Porto, o qual manteve a multa e o ressarcimento. Fonte: clickpb<\/p>\n","protected":false},"author":2,"featured_media":15499,"comment_status":"closed","ping_status":"open","sticky":false,"template":"","format":"standard","meta":{"_eb_attr":"","_jetpack_memberships_contains_paid_content":false,"footnotes":""},"categories":[4],"tags":[],"class_list":["post-15498","post","type-post","status-publish","format-standard","has-post-thumbnail","hentry","category-politica"],"yoast_head":"<!-- This site is optimized with the Yoast SEO plugin v26.5 - https:\/\/yoast.com\/wordpress\/plugins\/seo\/ -->\n<title>Ex-prefeito condenado por ind\u00edcios de fraudes licitat\u00f3rias ter\u00e1 que ressarcir mais de R$ 300 mil - Not&iacute;cias em Destaque<\/title>\n<meta name=\"robots\" content=\"index, follow, max-snippet:-1, max-image-preview:large, max-video-preview:-1\" \/>\n<link rel=\"canonical\" href=\"https:\/\/noticiasemdestaque.com\/cd\/?p=15498\" \/>\n<meta property=\"og:locale\" content=\"pt_BR\" \/>\n<meta property=\"og:type\" content=\"article\" \/>\n<meta property=\"og:title\" content=\"Ex-prefeito condenado por ind\u00edcios de fraudes licitat\u00f3rias ter\u00e1 que ressarcir mais de R$ 300 mil - Not&iacute;cias em Destaque\" \/>\n<meta property=\"og:description\" content=\"A Primeira C\u00e2mara C\u00edvel do Tribunal de Justi\u00e7a da Para\u00edba (TJPB) manteve parte da senten\u00e7a e o ex-prefeito de Duas Estradas, Roberto Carlos Nunes, ter\u00e1 que ressarcir os cofres p\u00fablicos com a quantia de R$ 318.374,55 e pagar uma multa civil, correspondente a 40 vezes o valor do sal\u00e1rio que ele recebia, \u00e0 \u00e9poca do encerramento do seu mandato constitucional. Ele foi acusado de praticar atos de improbidade administrativa. Entre os atos atribu\u00eddos ao ex-gestor, estariam a diverg\u00eancia entre informativo da \u2018Presta\u00e7\u00e3o de Contas Anual\u2019, despesas n\u00e3o licitadas, ind\u00edcios de fraude em licita\u00e7\u00f5es, excesso de despesas em di\u00e1rias pagas ao prefeito e contrata\u00e7\u00e3o irregular de servidores. Esses apontamentos foram feitos pelo Tribunal de Contas do Estado (TCE-PB). Durante a sess\u00e3o ordin\u00e1ria desta ter\u00e7a-feira (12), os membros da Primeira C\u00e2mara C\u00edvel do TJPB retiraram apenas as condena\u00e7\u00f5es de perda da fun\u00e7\u00e3o p\u00fablica que eventualmente esteja ocupando, a suspens\u00e3o dos direitos pol\u00edticos e a proibi\u00e7\u00e3o de contratar com o Poder P\u00fablico ou receber benef\u00edcios ou incentivos fiscais ou credit\u00edcios. O relator do processo foi o desembargador Jos\u00e9 Ricardo Porto, o qual manteve a multa e o ressarcimento. Fonte: clickpb\" \/>\n<meta property=\"og:url\" content=\"https:\/\/noticiasemdestaque.com\/cd\/?p=15498\" \/>\n<meta property=\"og:site_name\" content=\"Not&iacute;cias em Destaque\" \/>\n<meta property=\"article:published_time\" content=\"2019-02-13T09:57:55+00:00\" \/>\n<meta property=\"og:image\" content=\"https:\/\/noticiasemdestaque.com\/cd\/wp-content\/uploads\/2019\/02\/tribunal-de-justica-da-paraiba.jpg\" \/>\n\t<meta property=\"og:image:width\" content=\"1000\" \/>\n\t<meta property=\"og:image:height\" content=\"665\" \/>\n\t<meta property=\"og:image:type\" content=\"image\/jpeg\" \/>\n<meta name=\"author\" content=\"Not\u00edcias em Destaque\" \/>\n<meta name=\"twitter:card\" content=\"summary_large_image\" \/>\n<meta name=\"twitter:label1\" content=\"Escrito por\" \/>\n\t<meta name=\"twitter:data1\" content=\"Not\u00edcias em Destaque\" \/>\n\t<meta name=\"twitter:label2\" content=\"Est. tempo de leitura\" \/>\n\t<meta name=\"twitter:data2\" content=\"1 minuto\" \/>\n<script type=\"application\/ld+json\" class=\"yoast-schema-graph\">{\"@context\":\"https:\/\/schema.org\",\"@graph\":[{\"@type\":\"Article\",\"@id\":\"https:\/\/noticiasemdestaque.com\/cd\/?p=15498#article\",\"isPartOf\":{\"@id\":\"https:\/\/noticiasemdestaque.com\/cd\/?p=15498\"},\"author\":{\"name\":\"Not\u00edcias em Destaque\",\"@id\":\"https:\/\/noticiasemdestaque.com\/cd\/#\/schema\/person\/47f7d4f55eec17c6b2ca036c5500f6ce\"},\"headline\":\"Ex-prefeito condenado por ind\u00edcios de fraudes licitat\u00f3rias ter\u00e1 que ressarcir mais de R$ 300 mil\",\"datePublished\":\"2019-02-13T09:57:55+00:00\",\"mainEntityOfPage\":{\"@id\":\"https:\/\/noticiasemdestaque.com\/cd\/?p=15498\"},\"wordCount\":228,\"publisher\":{\"@id\":\"https:\/\/noticiasemdestaque.com\/cd\/#organization\"},\"image\":{\"@id\":\"https:\/\/noticiasemdestaque.com\/cd\/?p=15498#primaryimage\"},\"thumbnailUrl\":\"https:\/\/noticiasemdestaque.com\/cd\/wp-content\/uploads\/2019\/02\/tribunal-de-justica-da-paraiba.jpg\",\"articleSection\":[\"Pol\u00edtica\"],\"inLanguage\":\"pt-BR\"},{\"@type\":\"WebPage\",\"@id\":\"https:\/\/noticiasemdestaque.com\/cd\/?p=15498\",\"url\":\"https:\/\/noticiasemdestaque.com\/cd\/?p=15498\",\"name\":\"Ex-prefeito condenado por ind\u00edcios de fraudes licitat\u00f3rias ter\u00e1 que ressarcir mais de R$ 300 mil - Not&iacute;cias em Destaque\",\"isPartOf\":{\"@id\":\"https:\/\/noticiasemdestaque.com\/cd\/#website\"},\"primaryImageOfPage\":{\"@id\":\"https:\/\/noticiasemdestaque.com\/cd\/?p=15498#primaryimage\"},\"image\":{\"@id\":\"https:\/\/noticiasemdestaque.com\/cd\/?p=15498#primaryimage\"},\"thumbnailUrl\":\"https:\/\/noticiasemdestaque.com\/cd\/wp-content\/uploads\/2019\/02\/tribunal-de-justica-da-paraiba.jpg\",\"datePublished\":\"2019-02-13T09:57:55+00:00\",\"breadcrumb\":{\"@id\":\"https:\/\/noticiasemdestaque.com\/cd\/?p=15498#breadcrumb\"},\"inLanguage\":\"pt-BR\",\"potentialAction\":[{\"@type\":\"ReadAction\",\"target\":[\"https:\/\/noticiasemdestaque.com\/cd\/?p=15498\"]}]},{\"@type\":\"ImageObject\",\"inLanguage\":\"pt-BR\",\"@id\":\"https:\/\/noticiasemdestaque.com\/cd\/?p=15498#primaryimage\",\"url\":\"https:\/\/noticiasemdestaque.com\/cd\/wp-content\/uploads\/2019\/02\/tribunal-de-justica-da-paraiba.jpg\",\"contentUrl\":\"https:\/\/noticiasemdestaque.com\/cd\/wp-content\/uploads\/2019\/02\/tribunal-de-justica-da-paraiba.jpg\",\"width\":1000,\"height\":665},{\"@type\":\"BreadcrumbList\",\"@id\":\"https:\/\/noticiasemdestaque.com\/cd\/?p=15498#breadcrumb\",\"itemListElement\":[{\"@type\":\"ListItem\",\"position\":1,\"name\":\"In\u00edcio\",\"item\":\"https:\/\/noticiasemdestaque.com\/cd\/\"},{\"@type\":\"ListItem\",\"position\":2,\"name\":\"Ex-prefeito condenado por ind\u00edcios de fraudes licitat\u00f3rias ter\u00e1 que ressarcir mais de R$ 300 mil\"}]},{\"@type\":\"WebSite\",\"@id\":\"https:\/\/noticiasemdestaque.com\/cd\/#website\",\"url\":\"https:\/\/noticiasemdestaque.com\/cd\/\",\"name\":\"Not&iacute;cias em Destaque\",\"description\":\"\",\"publisher\":{\"@id\":\"https:\/\/noticiasemdestaque.com\/cd\/#organization\"},\"potentialAction\":[{\"@type\":\"SearchAction\",\"target\":{\"@type\":\"EntryPoint\",\"urlTemplate\":\"https:\/\/noticiasemdestaque.com\/cd\/?s={search_term_string}\"},\"query-input\":{\"@type\":\"PropertyValueSpecification\",\"valueRequired\":true,\"valueName\":\"search_term_string\"}}],\"inLanguage\":\"pt-BR\"},{\"@type\":\"Organization\",\"@id\":\"https:\/\/noticiasemdestaque.com\/cd\/#organization\",\"name\":\"Not\u00edcias em Destaque\",\"url\":\"https:\/\/noticiasemdestaque.com\/cd\/\",\"logo\":{\"@type\":\"ImageObject\",\"inLanguage\":\"pt-BR\",\"@id\":\"https:\/\/noticiasemdestaque.com\/cd\/#\/schema\/logo\/image\/\",\"url\":\"https:\/\/noticiasemdestaque.com\/cd\/wp-content\/uploads\/2022\/05\/imagem-base-noticiasemdestaque.png\",\"contentUrl\":\"https:\/\/noticiasemdestaque.com\/cd\/wp-content\/uploads\/2022\/05\/imagem-base-noticiasemdestaque.png\",\"width\":1200,\"height\":630,\"caption\":\"Not\u00edcias em Destaque\"},\"image\":{\"@id\":\"https:\/\/noticiasemdestaque.com\/cd\/#\/schema\/logo\/image\/\"}},{\"@type\":\"Person\",\"@id\":\"https:\/\/noticiasemdestaque.com\/cd\/#\/schema\/person\/47f7d4f55eec17c6b2ca036c5500f6ce\",\"name\":\"Not\u00edcias em Destaque\",\"url\":\"https:\/\/noticiasemdestaque.com\/cd\/?author=2\"}]}<\/script>\n<!-- \/ Yoast SEO plugin. -->","yoast_head_json":{"title":"Ex-prefeito condenado por ind\u00edcios de fraudes licitat\u00f3rias ter\u00e1 que ressarcir mais de R$ 300 mil - Not&iacute;cias em Destaque","robots":{"index":"index","follow":"follow","max-snippet":"max-snippet:-1","max-image-preview":"max-image-preview:large","max-video-preview":"max-video-preview:-1"},"canonical":"https:\/\/noticiasemdestaque.com\/cd\/?p=15498","og_locale":"pt_BR","og_type":"article","og_title":"Ex-prefeito condenado por ind\u00edcios de fraudes licitat\u00f3rias ter\u00e1 que ressarcir mais de R$ 300 mil - Not&iacute;cias em Destaque","og_description":"A Primeira C\u00e2mara C\u00edvel do Tribunal de Justi\u00e7a da Para\u00edba (TJPB) manteve parte da senten\u00e7a e o ex-prefeito de Duas Estradas, Roberto Carlos Nunes, ter\u00e1 que ressarcir os cofres p\u00fablicos com a quantia de R$ 318.374,55 e pagar uma multa civil, correspondente a 40 vezes o valor do sal\u00e1rio que ele recebia, \u00e0 \u00e9poca do encerramento do seu mandato constitucional. Ele foi acusado de praticar atos de improbidade administrativa. Entre os atos atribu\u00eddos ao ex-gestor, estariam a diverg\u00eancia entre informativo da \u2018Presta\u00e7\u00e3o de Contas Anual\u2019, despesas n\u00e3o licitadas, ind\u00edcios de fraude em licita\u00e7\u00f5es, excesso de despesas em di\u00e1rias pagas ao prefeito e contrata\u00e7\u00e3o irregular de servidores. Esses apontamentos foram feitos pelo Tribunal de Contas do Estado (TCE-PB). Durante a sess\u00e3o ordin\u00e1ria desta ter\u00e7a-feira (12), os membros da Primeira C\u00e2mara C\u00edvel do TJPB retiraram apenas as condena\u00e7\u00f5es de perda da fun\u00e7\u00e3o p\u00fablica que eventualmente esteja ocupando, a suspens\u00e3o dos direitos pol\u00edticos e a proibi\u00e7\u00e3o de contratar com o Poder P\u00fablico ou receber benef\u00edcios ou incentivos fiscais ou credit\u00edcios. O relator do processo foi o desembargador Jos\u00e9 Ricardo Porto, o qual manteve a multa e o ressarcimento. Fonte: clickpb","og_url":"https:\/\/noticiasemdestaque.com\/cd\/?p=15498","og_site_name":"Not&iacute;cias em Destaque","article_published_time":"2019-02-13T09:57:55+00:00","og_image":[{"width":1000,"height":665,"url":"https:\/\/noticiasemdestaque.com\/cd\/wp-content\/uploads\/2019\/02\/tribunal-de-justica-da-paraiba.jpg","type":"image\/jpeg"}],"author":"Not\u00edcias em Destaque","twitter_card":"summary_large_image","twitter_misc":{"Escrito por":"Not\u00edcias em Destaque","Est. tempo de leitura":"1 minuto"},"schema":{"@context":"https:\/\/schema.org","@graph":[{"@type":"Article","@id":"https:\/\/noticiasemdestaque.com\/cd\/?p=15498#article","isPartOf":{"@id":"https:\/\/noticiasemdestaque.com\/cd\/?p=15498"},"author":{"name":"Not\u00edcias em Destaque","@id":"https:\/\/noticiasemdestaque.com\/cd\/#\/schema\/person\/47f7d4f55eec17c6b2ca036c5500f6ce"},"headline":"Ex-prefeito condenado por ind\u00edcios de fraudes licitat\u00f3rias ter\u00e1 que ressarcir mais de R$ 300 mil","datePublished":"2019-02-13T09:57:55+00:00","mainEntityOfPage":{"@id":"https:\/\/noticiasemdestaque.com\/cd\/?p=15498"},"wordCount":228,"publisher":{"@id":"https:\/\/noticiasemdestaque.com\/cd\/#organization"},"image":{"@id":"https:\/\/noticiasemdestaque.com\/cd\/?p=15498#primaryimage"},"thumbnailUrl":"https:\/\/noticiasemdestaque.com\/cd\/wp-content\/uploads\/2019\/02\/tribunal-de-justica-da-paraiba.jpg","articleSection":["Pol\u00edtica"],"inLanguage":"pt-BR"},{"@type":"WebPage","@id":"https:\/\/noticiasemdestaque.com\/cd\/?p=15498","url":"https:\/\/noticiasemdestaque.com\/cd\/?p=15498","name":"Ex-prefeito condenado por ind\u00edcios de fraudes licitat\u00f3rias ter\u00e1 que ressarcir mais de R$ 300 mil - Not&iacute;cias em Destaque","isPartOf":{"@id":"https:\/\/noticiasemdestaque.com\/cd\/#website"},"primaryImageOfPage":{"@id":"https:\/\/noticiasemdestaque.com\/cd\/?p=15498#primaryimage"},"image":{"@id":"https:\/\/noticiasemdestaque.com\/cd\/?p=15498#primaryimage"},"thumbnailUrl":"https:\/\/noticiasemdestaque.com\/cd\/wp-content\/uploads\/2019\/02\/tribunal-de-justica-da-paraiba.jpg","datePublished":"2019-02-13T09:57:55+00:00","breadcrumb":{"@id":"https:\/\/noticiasemdestaque.com\/cd\/?p=15498#breadcrumb"},"inLanguage":"pt-BR","potentialAction":[{"@type":"ReadAction","target":["https:\/\/noticiasemdestaque.com\/cd\/?p=15498"]}]},{"@type":"ImageObject","inLanguage":"pt-BR","@id":"https:\/\/noticiasemdestaque.com\/cd\/?p=15498#primaryimage","url":"https:\/\/noticiasemdestaque.com\/cd\/wp-content\/uploads\/2019\/02\/tribunal-de-justica-da-paraiba.jpg","contentUrl":"https:\/\/noticiasemdestaque.com\/cd\/wp-content\/uploads\/2019\/02\/tribunal-de-justica-da-paraiba.jpg","width":1000,"height":665},{"@type":"BreadcrumbList","@id":"https:\/\/noticiasemdestaque.com\/cd\/?p=15498#breadcrumb","itemListElement":[{"@type":"ListItem","position":1,"name":"In\u00edcio","item":"https:\/\/noticiasemdestaque.com\/cd\/"},{"@type":"ListItem","position":2,"name":"Ex-prefeito condenado por ind\u00edcios de fraudes licitat\u00f3rias ter\u00e1 que ressarcir mais de R$ 300 mil"}]},{"@type":"WebSite","@id":"https:\/\/noticiasemdestaque.com\/cd\/#website","url":"https:\/\/noticiasemdestaque.com\/cd\/","name":"Not&iacute;cias em Destaque","description":"","publisher":{"@id":"https:\/\/noticiasemdestaque.com\/cd\/#organization"},"potentialAction":[{"@type":"SearchAction","target":{"@type":"EntryPoint","urlTemplate":"https:\/\/noticiasemdestaque.com\/cd\/?s={search_term_string}"},"query-input":{"@type":"PropertyValueSpecification","valueRequired":true,"valueName":"search_term_string"}}],"inLanguage":"pt-BR"},{"@type":"Organization","@id":"https:\/\/noticiasemdestaque.com\/cd\/#organization","name":"Not\u00edcias em Destaque","url":"https:\/\/noticiasemdestaque.com\/cd\/","logo":{"@type":"ImageObject","inLanguage":"pt-BR","@id":"https:\/\/noticiasemdestaque.com\/cd\/#\/schema\/logo\/image\/","url":"https:\/\/noticiasemdestaque.com\/cd\/wp-content\/uploads\/2022\/05\/imagem-base-noticiasemdestaque.png","contentUrl":"https:\/\/noticiasemdestaque.com\/cd\/wp-content\/uploads\/2022\/05\/imagem-base-noticiasemdestaque.png","width":1200,"height":630,"caption":"Not\u00edcias em Destaque"},"image":{"@id":"https:\/\/noticiasemdestaque.com\/cd\/#\/schema\/logo\/image\/"}},{"@type":"Person","@id":"https:\/\/noticiasemdestaque.com\/cd\/#\/schema\/person\/47f7d4f55eec17c6b2ca036c5500f6ce","name":"Not\u00edcias em Destaque","url":"https:\/\/noticiasemdestaque.com\/cd\/?author=2"}]}},"jetpack_featured_media_url":"https:\/\/noticiasemdestaque.com\/cd\/wp-content\/uploads\/2019\/02\/tribunal-de-justica-da-paraiba.jpg","jetpack_sharing_enabled":true,"_links":{"self":[{"href":"https:\/\/noticiasemdestaque.com\/cd\/index.php?rest_route=\/wp\/v2\/posts\/15498","targetHints":{"allow":["GET"]}}],"collection":[{"href":"https:\/\/noticiasemdestaque.com\/cd\/index.php?rest_route=\/wp\/v2\/posts"}],"about":[{"href":"https:\/\/noticiasemdestaque.com\/cd\/index.php?rest_route=\/wp\/v2\/types\/post"}],"author":[{"embeddable":true,"href":"https:\/\/noticiasemdestaque.com\/cd\/index.php?rest_route=\/wp\/v2\/users\/2"}],"replies":[{"embeddable":true,"href":"https:\/\/noticiasemdestaque.com\/cd\/index.php?rest_route=%2Fwp%2Fv2%2Fcomments&post=15498"}],"version-history":[{"count":1,"href":"https:\/\/noticiasemdestaque.com\/cd\/index.php?rest_route=\/wp\/v2\/posts\/15498\/revisions"}],"predecessor-version":[{"id":15500,"href":"https:\/\/noticiasemdestaque.com\/cd\/index.php?rest_route=\/wp\/v2\/posts\/15498\/revisions\/15500"}],"wp:featuredmedia":[{"embeddable":true,"href":"https:\/\/noticiasemdestaque.com\/cd\/index.php?rest_route=\/wp\/v2\/media\/15499"}],"wp:attachment":[{"href":"https:\/\/noticiasemdestaque.com\/cd\/index.php?rest_route=%2Fwp%2Fv2%2Fmedia&parent=15498"}],"wp:term":[{"taxonomy":"category","embeddable":true,"href":"https:\/\/noticiasemdestaque.com\/cd\/index.php?rest_route=%2Fwp%2Fv2%2Fcategories&post=15498"},{"taxonomy":"post_tag","embeddable":true,"href":"https:\/\/noticiasemdestaque.com\/cd\/index.php?rest_route=%2Fwp%2Fv2%2Ftags&post=15498"}],"curies":[{"name":"wp","href":"https:\/\/api.w.org\/{rel}","templated":true}]}}