{"id":15495,"date":"2019-02-13T06:57:02","date_gmt":"2019-02-13T09:57:02","guid":{"rendered":"http:\/\/noticiasemdestaque.com\/cd\/?p=15495"},"modified":"2019-02-13T06:57:02","modified_gmt":"2019-02-13T09:57:02","slug":"agentes-de-prefeitura-retem-carrinho-de-ambulante-e-geram-revolta-de-populares-e-de-internautas","status":"publish","type":"post","link":"https:\/\/noticiasemdestaque.com\/cd\/?p=15495","title":{"rendered":"Agentes de prefeitura ret\u00eam \u2018carrinho\u2019 de ambulante e geram revolta de populares e de internautas"},"content":{"rendered":"<p class=\" tm_nativeauto aBigClassNameToAvoidCollisionInText\"><a href=\"https:\/\/noticiasemdestaque.com\/cd\/wp-content\/uploads\/2019\/02\/ambulante.jpg\"><img fetchpriority=\"high\" decoding=\"async\" class=\"alignnone size-full wp-image-15496\" src=\"https:\/\/noticiasemdestaque.com\/cd\/wp-content\/uploads\/2019\/02\/ambulante.jpg\" alt=\"\" width=\"876\" height=\"585\" srcset=\"https:\/\/noticiasemdestaque.com\/cd\/wp-content\/uploads\/2019\/02\/ambulante.jpg 876w, https:\/\/noticiasemdestaque.com\/cd\/wp-content\/uploads\/2019\/02\/ambulante-300x200.jpg 300w, https:\/\/noticiasemdestaque.com\/cd\/wp-content\/uploads\/2019\/02\/ambulante-768x513.jpg 768w, https:\/\/noticiasemdestaque.com\/cd\/wp-content\/uploads\/2019\/02\/ambulante-480x320.jpg 480w\" sizes=\"(max-width: 876px) 100vw, 876px\" \/><\/a>Populares de Queimadas se revoltaram com os agentes da prefeitura que barraram um \u2018carrinho\u2019 de um ambulante em uma rua do munic\u00edpio. V\u00e1rias pessoas se aglomeraram ao redor da situa\u00e7\u00e3o e um homem reagiu tentando retirar o \u2018carrinho\u2019 do local, mas foi impedido pelos agentes.<\/p>\n<p>O v\u00eddeo com a situa\u00e7\u00e3o foi publicado no Facebook nesta ter\u00e7a-feira (12) e revoltou diversos internautas que se solidarizaram com o ambulante que teve o \u2018carrinho\u2019 retido e criticaram a a\u00e7\u00e3o dos agentes da prefeitura de Queimadas.<\/p>\n<p>O ClickPB tentou entrar em contato com a prefeitura de Queimadas para saber se o \u2018carrinho\u2019 foi devolvido ou ficou apreendido, mas como o expediente acontece apenas no turno da manh\u00e3, n\u00e3o poss\u00edvel conversar com nenhum representante do \u00f3rg\u00e3o na tarde desta ter\u00e7a-feira.<\/p>\n<p>Veja o v\u00eddeo com a confus\u00e3o entre o ambulante, populares e os agentes da prefeitura.<\/p>\n<p><iframe src=\"https:\/\/www.youtube.com\/embed\/53Bvkd3rpVA\" width=\"560\" height=\"315\" frameborder=\"0\" allowfullscreen=\"allowfullscreen\" data-mce-fragment=\"1\"><\/iframe><\/p>\n<p>&nbsp;<\/p>\n<p>Fonte: clickpb<\/p>\n","protected":false},"excerpt":{"rendered":"<p>Populares de Queimadas se revoltaram com os agentes da prefeitura que barraram um \u2018carrinho\u2019 de um ambulante em uma rua do munic\u00edpio. V\u00e1rias pessoas se aglomeraram ao redor da situa\u00e7\u00e3o e um homem reagiu tentando retirar o \u2018carrinho\u2019 do local, mas foi impedido pelos agentes. O v\u00eddeo com a situa\u00e7\u00e3o foi publicado no Facebook nesta ter\u00e7a-feira (12) e revoltou diversos internautas que se solidarizaram com o ambulante que teve o \u2018carrinho\u2019 retido e criticaram a a\u00e7\u00e3o dos agentes da prefeitura de Queimadas. O ClickPB tentou entrar em contato com a prefeitura de Queimadas para saber se o \u2018carrinho\u2019 foi devolvido ou ficou apreendido, mas como o expediente acontece apenas no turno da manh\u00e3, n\u00e3o poss\u00edvel conversar com nenhum representante do \u00f3rg\u00e3o na tarde desta ter\u00e7a-feira. Veja o v\u00eddeo com a confus\u00e3o entre o ambulante, populares e os agentes da prefeitura. &nbsp; Fonte: clickpb<\/p>\n","protected":false},"author":2,"featured_media":15496,"comment_status":"closed","ping_status":"open","sticky":false,"template":"","format":"standard","meta":{"_eb_attr":"","_jetpack_memberships_contains_paid_content":false,"footnotes":""},"categories":[3],"tags":[],"class_list":["post-15495","post","type-post","status-publish","format-standard","has-post-thumbnail","hentry","category-cidades"],"yoast_head":"<!-- This site is optimized with the Yoast SEO plugin v26.5 - https:\/\/yoast.com\/wordpress\/plugins\/seo\/ -->\n<title>Agentes de prefeitura ret\u00eam \u2018carrinho\u2019 de ambulante e geram revolta de populares e de internautas - Not&iacute;cias em Destaque<\/title>\n<meta name=\"robots\" content=\"index, follow, max-snippet:-1, max-image-preview:large, max-video-preview:-1\" \/>\n<link rel=\"canonical\" href=\"https:\/\/noticiasemdestaque.com\/cd\/?p=15495\" \/>\n<meta property=\"og:locale\" content=\"pt_BR\" \/>\n<meta property=\"og:type\" content=\"article\" \/>\n<meta property=\"og:title\" content=\"Agentes de prefeitura ret\u00eam \u2018carrinho\u2019 de ambulante e geram revolta de populares e de internautas - Not&iacute;cias em Destaque\" \/>\n<meta property=\"og:description\" content=\"Populares de Queimadas se revoltaram com os agentes da prefeitura que barraram um \u2018carrinho\u2019 de um ambulante em uma rua do munic\u00edpio. V\u00e1rias pessoas se aglomeraram ao redor da situa\u00e7\u00e3o e um homem reagiu tentando retirar o \u2018carrinho\u2019 do local, mas foi impedido pelos agentes. O v\u00eddeo com a situa\u00e7\u00e3o foi publicado no Facebook nesta ter\u00e7a-feira (12) e revoltou diversos internautas que se solidarizaram com o ambulante que teve o \u2018carrinho\u2019 retido e criticaram a a\u00e7\u00e3o dos agentes da prefeitura de Queimadas. O ClickPB tentou entrar em contato com a prefeitura de Queimadas para saber se o \u2018carrinho\u2019 foi devolvido ou ficou apreendido, mas como o expediente acontece apenas no turno da manh\u00e3, n\u00e3o poss\u00edvel conversar com nenhum representante do \u00f3rg\u00e3o na tarde desta ter\u00e7a-feira. Veja o v\u00eddeo com a confus\u00e3o entre o ambulante, populares e os agentes da prefeitura. &nbsp; Fonte: clickpb\" \/>\n<meta property=\"og:url\" content=\"https:\/\/noticiasemdestaque.com\/cd\/?p=15495\" \/>\n<meta property=\"og:site_name\" content=\"Not&iacute;cias em Destaque\" \/>\n<meta property=\"article:published_time\" content=\"2019-02-13T09:57:02+00:00\" \/>\n<meta property=\"og:image\" content=\"https:\/\/noticiasemdestaque.com\/cd\/wp-content\/uploads\/2019\/02\/ambulante.jpg\" \/>\n\t<meta property=\"og:image:width\" content=\"876\" \/>\n\t<meta property=\"og:image:height\" content=\"585\" \/>\n\t<meta property=\"og:image:type\" content=\"image\/jpeg\" \/>\n<meta name=\"author\" content=\"Not\u00edcias em Destaque\" \/>\n<meta name=\"twitter:card\" content=\"summary_large_image\" \/>\n<meta name=\"twitter:label1\" content=\"Escrito por\" \/>\n\t<meta name=\"twitter:data1\" content=\"Not\u00edcias em Destaque\" \/>\n\t<meta name=\"twitter:label2\" content=\"Est. tempo de leitura\" \/>\n\t<meta name=\"twitter:data2\" content=\"1 minuto\" \/>\n<script type=\"application\/ld+json\" class=\"yoast-schema-graph\">{\"@context\":\"https:\/\/schema.org\",\"@graph\":[{\"@type\":\"Article\",\"@id\":\"https:\/\/noticiasemdestaque.com\/cd\/?p=15495#article\",\"isPartOf\":{\"@id\":\"https:\/\/noticiasemdestaque.com\/cd\/?p=15495\"},\"author\":{\"name\":\"Not\u00edcias em Destaque\",\"@id\":\"https:\/\/noticiasemdestaque.com\/cd\/#\/schema\/person\/47f7d4f55eec17c6b2ca036c5500f6ce\"},\"headline\":\"Agentes de prefeitura ret\u00eam \u2018carrinho\u2019 de ambulante e geram revolta de populares e de internautas\",\"datePublished\":\"2019-02-13T09:57:02+00:00\",\"mainEntityOfPage\":{\"@id\":\"https:\/\/noticiasemdestaque.com\/cd\/?p=15495\"},\"wordCount\":171,\"publisher\":{\"@id\":\"https:\/\/noticiasemdestaque.com\/cd\/#organization\"},\"image\":{\"@id\":\"https:\/\/noticiasemdestaque.com\/cd\/?p=15495#primaryimage\"},\"thumbnailUrl\":\"https:\/\/noticiasemdestaque.com\/cd\/wp-content\/uploads\/2019\/02\/ambulante.jpg\",\"articleSection\":[\"Cidades\"],\"inLanguage\":\"pt-BR\"},{\"@type\":\"WebPage\",\"@id\":\"https:\/\/noticiasemdestaque.com\/cd\/?p=15495\",\"url\":\"https:\/\/noticiasemdestaque.com\/cd\/?p=15495\",\"name\":\"Agentes de prefeitura ret\u00eam \u2018carrinho\u2019 de ambulante e geram revolta de populares e de internautas - Not&iacute;cias em Destaque\",\"isPartOf\":{\"@id\":\"https:\/\/noticiasemdestaque.com\/cd\/#website\"},\"primaryImageOfPage\":{\"@id\":\"https:\/\/noticiasemdestaque.com\/cd\/?p=15495#primaryimage\"},\"image\":{\"@id\":\"https:\/\/noticiasemdestaque.com\/cd\/?p=15495#primaryimage\"},\"thumbnailUrl\":\"https:\/\/noticiasemdestaque.com\/cd\/wp-content\/uploads\/2019\/02\/ambulante.jpg\",\"datePublished\":\"2019-02-13T09:57:02+00:00\",\"breadcrumb\":{\"@id\":\"https:\/\/noticiasemdestaque.com\/cd\/?p=15495#breadcrumb\"},\"inLanguage\":\"pt-BR\",\"potentialAction\":[{\"@type\":\"ReadAction\",\"target\":[\"https:\/\/noticiasemdestaque.com\/cd\/?p=15495\"]}]},{\"@type\":\"ImageObject\",\"inLanguage\":\"pt-BR\",\"@id\":\"https:\/\/noticiasemdestaque.com\/cd\/?p=15495#primaryimage\",\"url\":\"https:\/\/noticiasemdestaque.com\/cd\/wp-content\/uploads\/2019\/02\/ambulante.jpg\",\"contentUrl\":\"https:\/\/noticiasemdestaque.com\/cd\/wp-content\/uploads\/2019\/02\/ambulante.jpg\",\"width\":876,\"height\":585},{\"@type\":\"BreadcrumbList\",\"@id\":\"https:\/\/noticiasemdestaque.com\/cd\/?p=15495#breadcrumb\",\"itemListElement\":[{\"@type\":\"ListItem\",\"position\":1,\"name\":\"In\u00edcio\",\"item\":\"https:\/\/noticiasemdestaque.com\/cd\/\"},{\"@type\":\"ListItem\",\"position\":2,\"name\":\"Agentes de prefeitura ret\u00eam \u2018carrinho\u2019 de ambulante e geram revolta de populares e de internautas\"}]},{\"@type\":\"WebSite\",\"@id\":\"https:\/\/noticiasemdestaque.com\/cd\/#website\",\"url\":\"https:\/\/noticiasemdestaque.com\/cd\/\",\"name\":\"Not&iacute;cias em Destaque\",\"description\":\"\",\"publisher\":{\"@id\":\"https:\/\/noticiasemdestaque.com\/cd\/#organization\"},\"potentialAction\":[{\"@type\":\"SearchAction\",\"target\":{\"@type\":\"EntryPoint\",\"urlTemplate\":\"https:\/\/noticiasemdestaque.com\/cd\/?s={search_term_string}\"},\"query-input\":{\"@type\":\"PropertyValueSpecification\",\"valueRequired\":true,\"valueName\":\"search_term_string\"}}],\"inLanguage\":\"pt-BR\"},{\"@type\":\"Organization\",\"@id\":\"https:\/\/noticiasemdestaque.com\/cd\/#organization\",\"name\":\"Not\u00edcias em Destaque\",\"url\":\"https:\/\/noticiasemdestaque.com\/cd\/\",\"logo\":{\"@type\":\"ImageObject\",\"inLanguage\":\"pt-BR\",\"@id\":\"https:\/\/noticiasemdestaque.com\/cd\/#\/schema\/logo\/image\/\",\"url\":\"https:\/\/noticiasemdestaque.com\/cd\/wp-content\/uploads\/2022\/05\/imagem-base-noticiasemdestaque.png\",\"contentUrl\":\"https:\/\/noticiasemdestaque.com\/cd\/wp-content\/uploads\/2022\/05\/imagem-base-noticiasemdestaque.png\",\"width\":1200,\"height\":630,\"caption\":\"Not\u00edcias em Destaque\"},\"image\":{\"@id\":\"https:\/\/noticiasemdestaque.com\/cd\/#\/schema\/logo\/image\/\"}},{\"@type\":\"Person\",\"@id\":\"https:\/\/noticiasemdestaque.com\/cd\/#\/schema\/person\/47f7d4f55eec17c6b2ca036c5500f6ce\",\"name\":\"Not\u00edcias em Destaque\",\"url\":\"https:\/\/noticiasemdestaque.com\/cd\/?author=2\"}]}<\/script>\n<!-- \/ Yoast SEO plugin. -->","yoast_head_json":{"title":"Agentes de prefeitura ret\u00eam \u2018carrinho\u2019 de ambulante e geram revolta de populares e de internautas - Not&iacute;cias em Destaque","robots":{"index":"index","follow":"follow","max-snippet":"max-snippet:-1","max-image-preview":"max-image-preview:large","max-video-preview":"max-video-preview:-1"},"canonical":"https:\/\/noticiasemdestaque.com\/cd\/?p=15495","og_locale":"pt_BR","og_type":"article","og_title":"Agentes de prefeitura ret\u00eam \u2018carrinho\u2019 de ambulante e geram revolta de populares e de internautas - Not&iacute;cias em Destaque","og_description":"Populares de Queimadas se revoltaram com os agentes da prefeitura que barraram um \u2018carrinho\u2019 de um ambulante em uma rua do munic\u00edpio. V\u00e1rias pessoas se aglomeraram ao redor da situa\u00e7\u00e3o e um homem reagiu tentando retirar o \u2018carrinho\u2019 do local, mas foi impedido pelos agentes. O v\u00eddeo com a situa\u00e7\u00e3o foi publicado no Facebook nesta ter\u00e7a-feira (12) e revoltou diversos internautas que se solidarizaram com o ambulante que teve o \u2018carrinho\u2019 retido e criticaram a a\u00e7\u00e3o dos agentes da prefeitura de Queimadas. O ClickPB tentou entrar em contato com a prefeitura de Queimadas para saber se o \u2018carrinho\u2019 foi devolvido ou ficou apreendido, mas como o expediente acontece apenas no turno da manh\u00e3, n\u00e3o poss\u00edvel conversar com nenhum representante do \u00f3rg\u00e3o na tarde desta ter\u00e7a-feira. Veja o v\u00eddeo com a confus\u00e3o entre o ambulante, populares e os agentes da prefeitura. &nbsp; Fonte: clickpb","og_url":"https:\/\/noticiasemdestaque.com\/cd\/?p=15495","og_site_name":"Not&iacute;cias em Destaque","article_published_time":"2019-02-13T09:57:02+00:00","og_image":[{"width":876,"height":585,"url":"https:\/\/noticiasemdestaque.com\/cd\/wp-content\/uploads\/2019\/02\/ambulante.jpg","type":"image\/jpeg"}],"author":"Not\u00edcias em Destaque","twitter_card":"summary_large_image","twitter_misc":{"Escrito por":"Not\u00edcias em Destaque","Est. tempo de leitura":"1 minuto"},"schema":{"@context":"https:\/\/schema.org","@graph":[{"@type":"Article","@id":"https:\/\/noticiasemdestaque.com\/cd\/?p=15495#article","isPartOf":{"@id":"https:\/\/noticiasemdestaque.com\/cd\/?p=15495"},"author":{"name":"Not\u00edcias em Destaque","@id":"https:\/\/noticiasemdestaque.com\/cd\/#\/schema\/person\/47f7d4f55eec17c6b2ca036c5500f6ce"},"headline":"Agentes de prefeitura ret\u00eam \u2018carrinho\u2019 de ambulante e geram revolta de populares e de internautas","datePublished":"2019-02-13T09:57:02+00:00","mainEntityOfPage":{"@id":"https:\/\/noticiasemdestaque.com\/cd\/?p=15495"},"wordCount":171,"publisher":{"@id":"https:\/\/noticiasemdestaque.com\/cd\/#organization"},"image":{"@id":"https:\/\/noticiasemdestaque.com\/cd\/?p=15495#primaryimage"},"thumbnailUrl":"https:\/\/noticiasemdestaque.com\/cd\/wp-content\/uploads\/2019\/02\/ambulante.jpg","articleSection":["Cidades"],"inLanguage":"pt-BR"},{"@type":"WebPage","@id":"https:\/\/noticiasemdestaque.com\/cd\/?p=15495","url":"https:\/\/noticiasemdestaque.com\/cd\/?p=15495","name":"Agentes de prefeitura ret\u00eam \u2018carrinho\u2019 de ambulante e geram revolta de populares e de internautas - Not&iacute;cias em Destaque","isPartOf":{"@id":"https:\/\/noticiasemdestaque.com\/cd\/#website"},"primaryImageOfPage":{"@id":"https:\/\/noticiasemdestaque.com\/cd\/?p=15495#primaryimage"},"image":{"@id":"https:\/\/noticiasemdestaque.com\/cd\/?p=15495#primaryimage"},"thumbnailUrl":"https:\/\/noticiasemdestaque.com\/cd\/wp-content\/uploads\/2019\/02\/ambulante.jpg","datePublished":"2019-02-13T09:57:02+00:00","breadcrumb":{"@id":"https:\/\/noticiasemdestaque.com\/cd\/?p=15495#breadcrumb"},"inLanguage":"pt-BR","potentialAction":[{"@type":"ReadAction","target":["https:\/\/noticiasemdestaque.com\/cd\/?p=15495"]}]},{"@type":"ImageObject","inLanguage":"pt-BR","@id":"https:\/\/noticiasemdestaque.com\/cd\/?p=15495#primaryimage","url":"https:\/\/noticiasemdestaque.com\/cd\/wp-content\/uploads\/2019\/02\/ambulante.jpg","contentUrl":"https:\/\/noticiasemdestaque.com\/cd\/wp-content\/uploads\/2019\/02\/ambulante.jpg","width":876,"height":585},{"@type":"BreadcrumbList","@id":"https:\/\/noticiasemdestaque.com\/cd\/?p=15495#breadcrumb","itemListElement":[{"@type":"ListItem","position":1,"name":"In\u00edcio","item":"https:\/\/noticiasemdestaque.com\/cd\/"},{"@type":"ListItem","position":2,"name":"Agentes de prefeitura ret\u00eam \u2018carrinho\u2019 de ambulante e geram revolta de populares e de internautas"}]},{"@type":"WebSite","@id":"https:\/\/noticiasemdestaque.com\/cd\/#website","url":"https:\/\/noticiasemdestaque.com\/cd\/","name":"Not&iacute;cias em Destaque","description":"","publisher":{"@id":"https:\/\/noticiasemdestaque.com\/cd\/#organization"},"potentialAction":[{"@type":"SearchAction","target":{"@type":"EntryPoint","urlTemplate":"https:\/\/noticiasemdestaque.com\/cd\/?s={search_term_string}"},"query-input":{"@type":"PropertyValueSpecification","valueRequired":true,"valueName":"search_term_string"}}],"inLanguage":"pt-BR"},{"@type":"Organization","@id":"https:\/\/noticiasemdestaque.com\/cd\/#organization","name":"Not\u00edcias em Destaque","url":"https:\/\/noticiasemdestaque.com\/cd\/","logo":{"@type":"ImageObject","inLanguage":"pt-BR","@id":"https:\/\/noticiasemdestaque.com\/cd\/#\/schema\/logo\/image\/","url":"https:\/\/noticiasemdestaque.com\/cd\/wp-content\/uploads\/2022\/05\/imagem-base-noticiasemdestaque.png","contentUrl":"https:\/\/noticiasemdestaque.com\/cd\/wp-content\/uploads\/2022\/05\/imagem-base-noticiasemdestaque.png","width":1200,"height":630,"caption":"Not\u00edcias em Destaque"},"image":{"@id":"https:\/\/noticiasemdestaque.com\/cd\/#\/schema\/logo\/image\/"}},{"@type":"Person","@id":"https:\/\/noticiasemdestaque.com\/cd\/#\/schema\/person\/47f7d4f55eec17c6b2ca036c5500f6ce","name":"Not\u00edcias em Destaque","url":"https:\/\/noticiasemdestaque.com\/cd\/?author=2"}]}},"jetpack_featured_media_url":"https:\/\/noticiasemdestaque.com\/cd\/wp-content\/uploads\/2019\/02\/ambulante.jpg","jetpack_sharing_enabled":true,"_links":{"self":[{"href":"https:\/\/noticiasemdestaque.com\/cd\/index.php?rest_route=\/wp\/v2\/posts\/15495","targetHints":{"allow":["GET"]}}],"collection":[{"href":"https:\/\/noticiasemdestaque.com\/cd\/index.php?rest_route=\/wp\/v2\/posts"}],"about":[{"href":"https:\/\/noticiasemdestaque.com\/cd\/index.php?rest_route=\/wp\/v2\/types\/post"}],"author":[{"embeddable":true,"href":"https:\/\/noticiasemdestaque.com\/cd\/index.php?rest_route=\/wp\/v2\/users\/2"}],"replies":[{"embeddable":true,"href":"https:\/\/noticiasemdestaque.com\/cd\/index.php?rest_route=%2Fwp%2Fv2%2Fcomments&post=15495"}],"version-history":[{"count":1,"href":"https:\/\/noticiasemdestaque.com\/cd\/index.php?rest_route=\/wp\/v2\/posts\/15495\/revisions"}],"predecessor-version":[{"id":15497,"href":"https:\/\/noticiasemdestaque.com\/cd\/index.php?rest_route=\/wp\/v2\/posts\/15495\/revisions\/15497"}],"wp:featuredmedia":[{"embeddable":true,"href":"https:\/\/noticiasemdestaque.com\/cd\/index.php?rest_route=\/wp\/v2\/media\/15496"}],"wp:attachment":[{"href":"https:\/\/noticiasemdestaque.com\/cd\/index.php?rest_route=%2Fwp%2Fv2%2Fmedia&parent=15495"}],"wp:term":[{"taxonomy":"category","embeddable":true,"href":"https:\/\/noticiasemdestaque.com\/cd\/index.php?rest_route=%2Fwp%2Fv2%2Fcategories&post=15495"},{"taxonomy":"post_tag","embeddable":true,"href":"https:\/\/noticiasemdestaque.com\/cd\/index.php?rest_route=%2Fwp%2Fv2%2Ftags&post=15495"}],"curies":[{"name":"wp","href":"https:\/\/api.w.org\/{rel}","templated":true}]}}