{"id":15492,"date":"2019-02-12T20:39:33","date_gmt":"2019-02-12T23:39:33","guid":{"rendered":"http:\/\/noticiasemdestaque.com\/cd\/?p=15492"},"modified":"2019-02-12T20:39:33","modified_gmt":"2019-02-12T23:39:33","slug":"diario-oficial-traz-nomeacoes-para-cargos-na-educacao-e-saude-em-monteiro","status":"publish","type":"post","link":"https:\/\/noticiasemdestaque.com\/cd\/?p=15492","title":{"rendered":"Di\u00e1rio Oficial traz nomea\u00e7\u00f5es para cargos na educa\u00e7\u00e3o e sa\u00fade em Monteiro"},"content":{"rendered":"<p><a href=\"https:\/\/noticiasemdestaque.com\/cd\/wp-content\/uploads\/2019\/02\/fgasdfaerafad-620x381.jpg\"><img fetchpriority=\"high\" decoding=\"async\" class=\"wp-image-15493 aligncenter\" src=\"https:\/\/noticiasemdestaque.com\/cd\/wp-content\/uploads\/2019\/02\/fgasdfaerafad-620x381.jpg\" alt=\"\" width=\"501\" height=\"308\" srcset=\"https:\/\/noticiasemdestaque.com\/cd\/wp-content\/uploads\/2019\/02\/fgasdfaerafad-620x381.jpg 620w, https:\/\/noticiasemdestaque.com\/cd\/wp-content\/uploads\/2019\/02\/fgasdfaerafad-620x381-300x184.jpg 300w\" sizes=\"(max-width: 501px) 100vw, 501px\" \/><\/a><\/p>\n<p>O Di\u00e1rio Oficial da Uni\u00e3o trouxe na edi\u00e7\u00e3o desta ter\u00e7a-feira (12), nomea\u00e7\u00f5es para cargos na 5\u00ba Ger\u00eancia Regi\u00e3o de Educa\u00e7\u00e3o e 5\u00ba N\u00facleo de Sa\u00fade, com sede em Monteiro.<\/p>\n<p>Na educa\u00e7\u00e3o, foram nomeados diretores e vice-diretores dos Col\u00e9gios da Rede Estadual de Ensino. Ana Paula de Souza Silva, foi nomeada para o cargo de diretora da EEEF Jo\u00e3o de Oliveira Chaves, e Marlene Bispo Sobral ser\u00e1 a vice-diretora. Maria Aparecida Gomes de Lima foi nomeada para diretora da EEEIEF Miguel Santa Cruz, e Maria Alany Soares de Oliveira e Ana Ferreira de Brito ser\u00e3o as vice-diretoras.<\/p>\n<p>Suerda Cristina Martins Guedes foi nomeada para EEEF Bento Ten\u00f3rio de Sousa, e Veraneide Paz Duarte como diretora da Escola Cidad\u00e3 Integral Estadual de Ensino Fundamental e M\u00e9dio Jos\u00e9 Leite de Sousa.<\/p>\n<p>No 5\u00b0 N\u00facleo de Sa\u00fade, foram nomeadas como supervisores, Thais Gomes Ferreira Nunes, Maria da Concei\u00e7\u00e3o Carlos Campos e Fl\u00e1via Ferreira Carvalho. Nilo Feitosa de Oliveira ser\u00e1 o chefe do N\u00facleo de Auditoria em Sa\u00fade, e Silvana Maria Gomes Targino chefe do N\u00facleo T\u00e9cnico-Administrativo.<\/p>\n","protected":false},"excerpt":{"rendered":"<p>O Di\u00e1rio Oficial da Uni\u00e3o trouxe na edi\u00e7\u00e3o desta ter\u00e7a-feira (12), nomea\u00e7\u00f5es para cargos na 5\u00ba Ger\u00eancia Regi\u00e3o de Educa\u00e7\u00e3o e 5\u00ba N\u00facleo de Sa\u00fade, com sede em Monteiro. Na educa\u00e7\u00e3o, foram nomeados diretores e vice-diretores dos Col\u00e9gios da Rede Estadual de Ensino. Ana Paula de Souza Silva, foi nomeada para o cargo de diretora da EEEF Jo\u00e3o de Oliveira Chaves, e Marlene Bispo Sobral ser\u00e1 a vice-diretora. Maria Aparecida Gomes de Lima foi nomeada para diretora da EEEIEF Miguel Santa Cruz, e Maria Alany Soares de Oliveira e Ana Ferreira de Brito ser\u00e3o as vice-diretoras. Suerda Cristina Martins Guedes foi nomeada para EEEF Bento Ten\u00f3rio de Sousa, e Veraneide Paz Duarte como diretora da Escola Cidad\u00e3 Integral Estadual de Ensino Fundamental e M\u00e9dio Jos\u00e9 Leite de Sousa. No 5\u00b0 N\u00facleo de Sa\u00fade, foram nomeadas como supervisores, Thais Gomes Ferreira Nunes, Maria da Concei\u00e7\u00e3o Carlos Campos e Fl\u00e1via Ferreira Carvalho. Nilo Feitosa de Oliveira ser\u00e1 o chefe do N\u00facleo de Auditoria em Sa\u00fade, e Silvana Maria Gomes Targino chefe do N\u00facleo T\u00e9cnico-Administrativo.<\/p>\n","protected":false},"author":2,"featured_media":15493,"comment_status":"closed","ping_status":"open","sticky":false,"template":"","format":"standard","meta":{"_eb_attr":"","_jetpack_memberships_contains_paid_content":false,"footnotes":""},"categories":[3],"tags":[],"class_list":["post-15492","post","type-post","status-publish","format-standard","has-post-thumbnail","hentry","category-cidades"],"yoast_head":"<!-- This site is optimized with the Yoast SEO plugin v26.5 - https:\/\/yoast.com\/wordpress\/plugins\/seo\/ -->\n<title>Di\u00e1rio Oficial traz nomea\u00e7\u00f5es para cargos na educa\u00e7\u00e3o e sa\u00fade em Monteiro - Not&iacute;cias em Destaque<\/title>\n<meta name=\"robots\" content=\"index, follow, max-snippet:-1, max-image-preview:large, max-video-preview:-1\" \/>\n<link rel=\"canonical\" href=\"https:\/\/noticiasemdestaque.com\/cd\/?p=15492\" \/>\n<meta property=\"og:locale\" content=\"pt_BR\" \/>\n<meta property=\"og:type\" content=\"article\" \/>\n<meta property=\"og:title\" content=\"Di\u00e1rio Oficial traz nomea\u00e7\u00f5es para cargos na educa\u00e7\u00e3o e sa\u00fade em Monteiro - Not&iacute;cias em Destaque\" \/>\n<meta property=\"og:description\" content=\"O Di\u00e1rio Oficial da Uni\u00e3o trouxe na edi\u00e7\u00e3o desta ter\u00e7a-feira (12), nomea\u00e7\u00f5es para cargos na 5\u00ba Ger\u00eancia Regi\u00e3o de Educa\u00e7\u00e3o e 5\u00ba N\u00facleo de Sa\u00fade, com sede em Monteiro. Na educa\u00e7\u00e3o, foram nomeados diretores e vice-diretores dos Col\u00e9gios da Rede Estadual de Ensino. Ana Paula de Souza Silva, foi nomeada para o cargo de diretora da EEEF Jo\u00e3o de Oliveira Chaves, e Marlene Bispo Sobral ser\u00e1 a vice-diretora. Maria Aparecida Gomes de Lima foi nomeada para diretora da EEEIEF Miguel Santa Cruz, e Maria Alany Soares de Oliveira e Ana Ferreira de Brito ser\u00e3o as vice-diretoras. Suerda Cristina Martins Guedes foi nomeada para EEEF Bento Ten\u00f3rio de Sousa, e Veraneide Paz Duarte como diretora da Escola Cidad\u00e3 Integral Estadual de Ensino Fundamental e M\u00e9dio Jos\u00e9 Leite de Sousa. No 5\u00b0 N\u00facleo de Sa\u00fade, foram nomeadas como supervisores, Thais Gomes Ferreira Nunes, Maria da Concei\u00e7\u00e3o Carlos Campos e Fl\u00e1via Ferreira Carvalho. Nilo Feitosa de Oliveira ser\u00e1 o chefe do N\u00facleo de Auditoria em Sa\u00fade, e Silvana Maria Gomes Targino chefe do N\u00facleo T\u00e9cnico-Administrativo.\" \/>\n<meta property=\"og:url\" content=\"https:\/\/noticiasemdestaque.com\/cd\/?p=15492\" \/>\n<meta property=\"og:site_name\" content=\"Not&iacute;cias em Destaque\" \/>\n<meta property=\"article:published_time\" content=\"2019-02-12T23:39:33+00:00\" \/>\n<meta property=\"og:image\" content=\"https:\/\/noticiasemdestaque.com\/cd\/wp-content\/uploads\/2019\/02\/fgasdfaerafad-620x381.jpg\" \/>\n\t<meta property=\"og:image:width\" content=\"620\" \/>\n\t<meta property=\"og:image:height\" content=\"381\" \/>\n\t<meta property=\"og:image:type\" content=\"image\/jpeg\" \/>\n<meta name=\"author\" content=\"Not\u00edcias em Destaque\" \/>\n<meta name=\"twitter:card\" content=\"summary_large_image\" \/>\n<meta name=\"twitter:label1\" content=\"Escrito por\" \/>\n\t<meta name=\"twitter:data1\" content=\"Not\u00edcias em Destaque\" \/>\n\t<meta name=\"twitter:label2\" content=\"Est. tempo de leitura\" \/>\n\t<meta name=\"twitter:data2\" content=\"1 minuto\" \/>\n<script type=\"application\/ld+json\" class=\"yoast-schema-graph\">{\"@context\":\"https:\/\/schema.org\",\"@graph\":[{\"@type\":\"Article\",\"@id\":\"https:\/\/noticiasemdestaque.com\/cd\/?p=15492#article\",\"isPartOf\":{\"@id\":\"https:\/\/noticiasemdestaque.com\/cd\/?p=15492\"},\"author\":{\"name\":\"Not\u00edcias em Destaque\",\"@id\":\"https:\/\/noticiasemdestaque.com\/cd\/#\/schema\/person\/47f7d4f55eec17c6b2ca036c5500f6ce\"},\"headline\":\"Di\u00e1rio Oficial traz nomea\u00e7\u00f5es para cargos na educa\u00e7\u00e3o e sa\u00fade em Monteiro\",\"datePublished\":\"2019-02-12T23:39:33+00:00\",\"mainEntityOfPage\":{\"@id\":\"https:\/\/noticiasemdestaque.com\/cd\/?p=15492\"},\"wordCount\":208,\"publisher\":{\"@id\":\"https:\/\/noticiasemdestaque.com\/cd\/#organization\"},\"image\":{\"@id\":\"https:\/\/noticiasemdestaque.com\/cd\/?p=15492#primaryimage\"},\"thumbnailUrl\":\"https:\/\/noticiasemdestaque.com\/cd\/wp-content\/uploads\/2019\/02\/fgasdfaerafad-620x381.jpg\",\"articleSection\":[\"Cidades\"],\"inLanguage\":\"pt-BR\"},{\"@type\":\"WebPage\",\"@id\":\"https:\/\/noticiasemdestaque.com\/cd\/?p=15492\",\"url\":\"https:\/\/noticiasemdestaque.com\/cd\/?p=15492\",\"name\":\"Di\u00e1rio Oficial traz nomea\u00e7\u00f5es para cargos na educa\u00e7\u00e3o e sa\u00fade em Monteiro - Not&iacute;cias em Destaque\",\"isPartOf\":{\"@id\":\"https:\/\/noticiasemdestaque.com\/cd\/#website\"},\"primaryImageOfPage\":{\"@id\":\"https:\/\/noticiasemdestaque.com\/cd\/?p=15492#primaryimage\"},\"image\":{\"@id\":\"https:\/\/noticiasemdestaque.com\/cd\/?p=15492#primaryimage\"},\"thumbnailUrl\":\"https:\/\/noticiasemdestaque.com\/cd\/wp-content\/uploads\/2019\/02\/fgasdfaerafad-620x381.jpg\",\"datePublished\":\"2019-02-12T23:39:33+00:00\",\"breadcrumb\":{\"@id\":\"https:\/\/noticiasemdestaque.com\/cd\/?p=15492#breadcrumb\"},\"inLanguage\":\"pt-BR\",\"potentialAction\":[{\"@type\":\"ReadAction\",\"target\":[\"https:\/\/noticiasemdestaque.com\/cd\/?p=15492\"]}]},{\"@type\":\"ImageObject\",\"inLanguage\":\"pt-BR\",\"@id\":\"https:\/\/noticiasemdestaque.com\/cd\/?p=15492#primaryimage\",\"url\":\"https:\/\/noticiasemdestaque.com\/cd\/wp-content\/uploads\/2019\/02\/fgasdfaerafad-620x381.jpg\",\"contentUrl\":\"https:\/\/noticiasemdestaque.com\/cd\/wp-content\/uploads\/2019\/02\/fgasdfaerafad-620x381.jpg\",\"width\":620,\"height\":381},{\"@type\":\"BreadcrumbList\",\"@id\":\"https:\/\/noticiasemdestaque.com\/cd\/?p=15492#breadcrumb\",\"itemListElement\":[{\"@type\":\"ListItem\",\"position\":1,\"name\":\"In\u00edcio\",\"item\":\"https:\/\/noticiasemdestaque.com\/cd\/\"},{\"@type\":\"ListItem\",\"position\":2,\"name\":\"Di\u00e1rio Oficial traz nomea\u00e7\u00f5es para cargos na educa\u00e7\u00e3o e sa\u00fade em Monteiro\"}]},{\"@type\":\"WebSite\",\"@id\":\"https:\/\/noticiasemdestaque.com\/cd\/#website\",\"url\":\"https:\/\/noticiasemdestaque.com\/cd\/\",\"name\":\"Not&iacute;cias em Destaque\",\"description\":\"\",\"publisher\":{\"@id\":\"https:\/\/noticiasemdestaque.com\/cd\/#organization\"},\"potentialAction\":[{\"@type\":\"SearchAction\",\"target\":{\"@type\":\"EntryPoint\",\"urlTemplate\":\"https:\/\/noticiasemdestaque.com\/cd\/?s={search_term_string}\"},\"query-input\":{\"@type\":\"PropertyValueSpecification\",\"valueRequired\":true,\"valueName\":\"search_term_string\"}}],\"inLanguage\":\"pt-BR\"},{\"@type\":\"Organization\",\"@id\":\"https:\/\/noticiasemdestaque.com\/cd\/#organization\",\"name\":\"Not\u00edcias em Destaque\",\"url\":\"https:\/\/noticiasemdestaque.com\/cd\/\",\"logo\":{\"@type\":\"ImageObject\",\"inLanguage\":\"pt-BR\",\"@id\":\"https:\/\/noticiasemdestaque.com\/cd\/#\/schema\/logo\/image\/\",\"url\":\"https:\/\/noticiasemdestaque.com\/cd\/wp-content\/uploads\/2022\/05\/imagem-base-noticiasemdestaque.png\",\"contentUrl\":\"https:\/\/noticiasemdestaque.com\/cd\/wp-content\/uploads\/2022\/05\/imagem-base-noticiasemdestaque.png\",\"width\":1200,\"height\":630,\"caption\":\"Not\u00edcias em Destaque\"},\"image\":{\"@id\":\"https:\/\/noticiasemdestaque.com\/cd\/#\/schema\/logo\/image\/\"}},{\"@type\":\"Person\",\"@id\":\"https:\/\/noticiasemdestaque.com\/cd\/#\/schema\/person\/47f7d4f55eec17c6b2ca036c5500f6ce\",\"name\":\"Not\u00edcias em Destaque\",\"url\":\"https:\/\/noticiasemdestaque.com\/cd\/?author=2\"}]}<\/script>\n<!-- \/ Yoast SEO plugin. -->","yoast_head_json":{"title":"Di\u00e1rio Oficial traz nomea\u00e7\u00f5es para cargos na educa\u00e7\u00e3o e sa\u00fade em Monteiro - Not&iacute;cias em Destaque","robots":{"index":"index","follow":"follow","max-snippet":"max-snippet:-1","max-image-preview":"max-image-preview:large","max-video-preview":"max-video-preview:-1"},"canonical":"https:\/\/noticiasemdestaque.com\/cd\/?p=15492","og_locale":"pt_BR","og_type":"article","og_title":"Di\u00e1rio Oficial traz nomea\u00e7\u00f5es para cargos na educa\u00e7\u00e3o e sa\u00fade em Monteiro - Not&iacute;cias em Destaque","og_description":"O Di\u00e1rio Oficial da Uni\u00e3o trouxe na edi\u00e7\u00e3o desta ter\u00e7a-feira (12), nomea\u00e7\u00f5es para cargos na 5\u00ba Ger\u00eancia Regi\u00e3o de Educa\u00e7\u00e3o e 5\u00ba N\u00facleo de Sa\u00fade, com sede em Monteiro. Na educa\u00e7\u00e3o, foram nomeados diretores e vice-diretores dos Col\u00e9gios da Rede Estadual de Ensino. Ana Paula de Souza Silva, foi nomeada para o cargo de diretora da EEEF Jo\u00e3o de Oliveira Chaves, e Marlene Bispo Sobral ser\u00e1 a vice-diretora. Maria Aparecida Gomes de Lima foi nomeada para diretora da EEEIEF Miguel Santa Cruz, e Maria Alany Soares de Oliveira e Ana Ferreira de Brito ser\u00e3o as vice-diretoras. Suerda Cristina Martins Guedes foi nomeada para EEEF Bento Ten\u00f3rio de Sousa, e Veraneide Paz Duarte como diretora da Escola Cidad\u00e3 Integral Estadual de Ensino Fundamental e M\u00e9dio Jos\u00e9 Leite de Sousa. No 5\u00b0 N\u00facleo de Sa\u00fade, foram nomeadas como supervisores, Thais Gomes Ferreira Nunes, Maria da Concei\u00e7\u00e3o Carlos Campos e Fl\u00e1via Ferreira Carvalho. Nilo Feitosa de Oliveira ser\u00e1 o chefe do N\u00facleo de Auditoria em Sa\u00fade, e Silvana Maria Gomes Targino chefe do N\u00facleo T\u00e9cnico-Administrativo.","og_url":"https:\/\/noticiasemdestaque.com\/cd\/?p=15492","og_site_name":"Not&iacute;cias em Destaque","article_published_time":"2019-02-12T23:39:33+00:00","og_image":[{"width":620,"height":381,"url":"https:\/\/noticiasemdestaque.com\/cd\/wp-content\/uploads\/2019\/02\/fgasdfaerafad-620x381.jpg","type":"image\/jpeg"}],"author":"Not\u00edcias em Destaque","twitter_card":"summary_large_image","twitter_misc":{"Escrito por":"Not\u00edcias em Destaque","Est. tempo de leitura":"1 minuto"},"schema":{"@context":"https:\/\/schema.org","@graph":[{"@type":"Article","@id":"https:\/\/noticiasemdestaque.com\/cd\/?p=15492#article","isPartOf":{"@id":"https:\/\/noticiasemdestaque.com\/cd\/?p=15492"},"author":{"name":"Not\u00edcias em Destaque","@id":"https:\/\/noticiasemdestaque.com\/cd\/#\/schema\/person\/47f7d4f55eec17c6b2ca036c5500f6ce"},"headline":"Di\u00e1rio Oficial traz nomea\u00e7\u00f5es para cargos na educa\u00e7\u00e3o e sa\u00fade em Monteiro","datePublished":"2019-02-12T23:39:33+00:00","mainEntityOfPage":{"@id":"https:\/\/noticiasemdestaque.com\/cd\/?p=15492"},"wordCount":208,"publisher":{"@id":"https:\/\/noticiasemdestaque.com\/cd\/#organization"},"image":{"@id":"https:\/\/noticiasemdestaque.com\/cd\/?p=15492#primaryimage"},"thumbnailUrl":"https:\/\/noticiasemdestaque.com\/cd\/wp-content\/uploads\/2019\/02\/fgasdfaerafad-620x381.jpg","articleSection":["Cidades"],"inLanguage":"pt-BR"},{"@type":"WebPage","@id":"https:\/\/noticiasemdestaque.com\/cd\/?p=15492","url":"https:\/\/noticiasemdestaque.com\/cd\/?p=15492","name":"Di\u00e1rio Oficial traz nomea\u00e7\u00f5es para cargos na educa\u00e7\u00e3o e sa\u00fade em Monteiro - Not&iacute;cias em Destaque","isPartOf":{"@id":"https:\/\/noticiasemdestaque.com\/cd\/#website"},"primaryImageOfPage":{"@id":"https:\/\/noticiasemdestaque.com\/cd\/?p=15492#primaryimage"},"image":{"@id":"https:\/\/noticiasemdestaque.com\/cd\/?p=15492#primaryimage"},"thumbnailUrl":"https:\/\/noticiasemdestaque.com\/cd\/wp-content\/uploads\/2019\/02\/fgasdfaerafad-620x381.jpg","datePublished":"2019-02-12T23:39:33+00:00","breadcrumb":{"@id":"https:\/\/noticiasemdestaque.com\/cd\/?p=15492#breadcrumb"},"inLanguage":"pt-BR","potentialAction":[{"@type":"ReadAction","target":["https:\/\/noticiasemdestaque.com\/cd\/?p=15492"]}]},{"@type":"ImageObject","inLanguage":"pt-BR","@id":"https:\/\/noticiasemdestaque.com\/cd\/?p=15492#primaryimage","url":"https:\/\/noticiasemdestaque.com\/cd\/wp-content\/uploads\/2019\/02\/fgasdfaerafad-620x381.jpg","contentUrl":"https:\/\/noticiasemdestaque.com\/cd\/wp-content\/uploads\/2019\/02\/fgasdfaerafad-620x381.jpg","width":620,"height":381},{"@type":"BreadcrumbList","@id":"https:\/\/noticiasemdestaque.com\/cd\/?p=15492#breadcrumb","itemListElement":[{"@type":"ListItem","position":1,"name":"In\u00edcio","item":"https:\/\/noticiasemdestaque.com\/cd\/"},{"@type":"ListItem","position":2,"name":"Di\u00e1rio Oficial traz nomea\u00e7\u00f5es para cargos na educa\u00e7\u00e3o e sa\u00fade em Monteiro"}]},{"@type":"WebSite","@id":"https:\/\/noticiasemdestaque.com\/cd\/#website","url":"https:\/\/noticiasemdestaque.com\/cd\/","name":"Not&iacute;cias em Destaque","description":"","publisher":{"@id":"https:\/\/noticiasemdestaque.com\/cd\/#organization"},"potentialAction":[{"@type":"SearchAction","target":{"@type":"EntryPoint","urlTemplate":"https:\/\/noticiasemdestaque.com\/cd\/?s={search_term_string}"},"query-input":{"@type":"PropertyValueSpecification","valueRequired":true,"valueName":"search_term_string"}}],"inLanguage":"pt-BR"},{"@type":"Organization","@id":"https:\/\/noticiasemdestaque.com\/cd\/#organization","name":"Not\u00edcias em Destaque","url":"https:\/\/noticiasemdestaque.com\/cd\/","logo":{"@type":"ImageObject","inLanguage":"pt-BR","@id":"https:\/\/noticiasemdestaque.com\/cd\/#\/schema\/logo\/image\/","url":"https:\/\/noticiasemdestaque.com\/cd\/wp-content\/uploads\/2022\/05\/imagem-base-noticiasemdestaque.png","contentUrl":"https:\/\/noticiasemdestaque.com\/cd\/wp-content\/uploads\/2022\/05\/imagem-base-noticiasemdestaque.png","width":1200,"height":630,"caption":"Not\u00edcias em Destaque"},"image":{"@id":"https:\/\/noticiasemdestaque.com\/cd\/#\/schema\/logo\/image\/"}},{"@type":"Person","@id":"https:\/\/noticiasemdestaque.com\/cd\/#\/schema\/person\/47f7d4f55eec17c6b2ca036c5500f6ce","name":"Not\u00edcias em Destaque","url":"https:\/\/noticiasemdestaque.com\/cd\/?author=2"}]}},"jetpack_featured_media_url":"https:\/\/noticiasemdestaque.com\/cd\/wp-content\/uploads\/2019\/02\/fgasdfaerafad-620x381.jpg","jetpack_sharing_enabled":true,"_links":{"self":[{"href":"https:\/\/noticiasemdestaque.com\/cd\/index.php?rest_route=\/wp\/v2\/posts\/15492","targetHints":{"allow":["GET"]}}],"collection":[{"href":"https:\/\/noticiasemdestaque.com\/cd\/index.php?rest_route=\/wp\/v2\/posts"}],"about":[{"href":"https:\/\/noticiasemdestaque.com\/cd\/index.php?rest_route=\/wp\/v2\/types\/post"}],"author":[{"embeddable":true,"href":"https:\/\/noticiasemdestaque.com\/cd\/index.php?rest_route=\/wp\/v2\/users\/2"}],"replies":[{"embeddable":true,"href":"https:\/\/noticiasemdestaque.com\/cd\/index.php?rest_route=%2Fwp%2Fv2%2Fcomments&post=15492"}],"version-history":[{"count":1,"href":"https:\/\/noticiasemdestaque.com\/cd\/index.php?rest_route=\/wp\/v2\/posts\/15492\/revisions"}],"predecessor-version":[{"id":15494,"href":"https:\/\/noticiasemdestaque.com\/cd\/index.php?rest_route=\/wp\/v2\/posts\/15492\/revisions\/15494"}],"wp:featuredmedia":[{"embeddable":true,"href":"https:\/\/noticiasemdestaque.com\/cd\/index.php?rest_route=\/wp\/v2\/media\/15493"}],"wp:attachment":[{"href":"https:\/\/noticiasemdestaque.com\/cd\/index.php?rest_route=%2Fwp%2Fv2%2Fmedia&parent=15492"}],"wp:term":[{"taxonomy":"category","embeddable":true,"href":"https:\/\/noticiasemdestaque.com\/cd\/index.php?rest_route=%2Fwp%2Fv2%2Fcategories&post=15492"},{"taxonomy":"post_tag","embeddable":true,"href":"https:\/\/noticiasemdestaque.com\/cd\/index.php?rest_route=%2Fwp%2Fv2%2Ftags&post=15492"}],"curies":[{"name":"wp","href":"https:\/\/api.w.org\/{rel}","templated":true}]}}