{"id":15489,"date":"2019-02-12T20:32:08","date_gmt":"2019-02-12T23:32:08","guid":{"rendered":"http:\/\/noticiasemdestaque.com\/cd\/?p=15489"},"modified":"2019-02-12T20:32:08","modified_gmt":"2019-02-12T23:32:08","slug":"inicio-das-aulas-em-monteiro-tem-programacao-especial-com-presenca-de-amanda-nunes","status":"publish","type":"post","link":"https:\/\/noticiasemdestaque.com\/cd\/?p=15489","title":{"rendered":"In\u00edcio das Aulas em Monteiro tem programa\u00e7\u00e3o especial com presen\u00e7a de Amanda Nunes"},"content":{"rendered":"<p><a href=\"https:\/\/noticiasemdestaque.com\/cd\/wp-content\/uploads\/2019\/02\/Sorteio_Visita-Amanda.jpg\"><img fetchpriority=\"high\" decoding=\"async\" class=\" wp-image-15490\" src=\"https:\/\/noticiasemdestaque.com\/cd\/wp-content\/uploads\/2019\/02\/Sorteio_Visita-Amanda-1024x701.jpg\" alt=\"\" width=\"502\" height=\"344\" srcset=\"https:\/\/noticiasemdestaque.com\/cd\/wp-content\/uploads\/2019\/02\/Sorteio_Visita-Amanda-1024x701.jpg 1024w, https:\/\/noticiasemdestaque.com\/cd\/wp-content\/uploads\/2019\/02\/Sorteio_Visita-Amanda-300x205.jpg 300w, https:\/\/noticiasemdestaque.com\/cd\/wp-content\/uploads\/2019\/02\/Sorteio_Visita-Amanda-768x526.jpg 768w\" sizes=\"(max-width: 502px) 100vw, 502px\" \/><\/a><\/p>\n<p>Os alunos da Rede Municipal de ensino iniciaram as atividades nesta segunda-feira, 11, e a Escola Municipal Maria Lauric\u00e9ia contou com uma programa\u00e7\u00e3o bastante especial com a visita da campe\u00e3 mundial de UFC, Amanda Nunes.<\/p>\n<p>Na ocasi\u00e3o os alunos receberam com aplausos Amanda Nunes que \u00e9 lutadora de artes marciais mistas, que atualmente \u00e9 a campe\u00e3 da categoria de peso-galo feminino e peso pena do Ultimate Fighting Championship, sendo a primeira atleta brasileira a conquistar um cintur\u00e3o da categoria.<\/p>\n<p>Diante da representatividade da mulher nos esportes de contato, Amanda respondeu a perguntas de alunos e professores, contando tamb\u00e9m particularidades e sua hist\u00f3ria de \u00eaxito. Cada degrau percorrido pela atleta foi contado aos mais de 200 alunos presentes.<\/p>\n<p>Ainda dentro da entrevista concedida aos alunos, Amanda e a prefeita Anna Lorena deixaram mensagens de motiva\u00e7\u00e3o aos jovens alunos como forma de incentivo o exemplo de suas hist\u00f3rias.<\/p>\n<p>A prefeita e a lutadora est\u00e3o com conversa\u00e7\u00e3o para a implanta\u00e7\u00e3o de\u00a0projetos na \u00e1rea esportiva para os alunos da rede municipal.<\/p>\n<p>Amanda Nunes fez quest\u00e3o de abra\u00e7ar, conversar e tirar fotos com os alunos que classificaram o momento como muito empolgante e divertido.<\/p>\n<p>Um dos alunos ainda fez quest\u00e3o de recitar um poema dedicado \u00e0 lutadora e outro agradeceu \u00e0s grandes conquistas da atleta, assim como a lembran\u00e7a da cidade que sempre leva e revela em seus grandes momentos, o que deixou Amanda Nunes durante todo o encontro com\u00a0l\u00e1grimas nos olhos.<\/p>\n","protected":false},"excerpt":{"rendered":"<p>Os alunos da Rede Municipal de ensino iniciaram as atividades nesta segunda-feira, 11, e a Escola Municipal Maria Lauric\u00e9ia contou com uma programa\u00e7\u00e3o bastante especial com a visita da campe\u00e3 mundial de UFC, Amanda Nunes. Na ocasi\u00e3o os alunos receberam com aplausos Amanda Nunes que \u00e9 lutadora de artes marciais mistas, que atualmente \u00e9 a campe\u00e3 da categoria de peso-galo feminino e peso pena do Ultimate Fighting Championship, sendo a primeira atleta brasileira a conquistar um cintur\u00e3o da categoria. Diante da representatividade da mulher nos esportes de contato, Amanda respondeu a perguntas de alunos e professores, contando tamb\u00e9m particularidades e sua hist\u00f3ria de \u00eaxito. Cada degrau percorrido pela atleta foi contado aos mais de 200 alunos presentes. Ainda dentro da entrevista concedida aos alunos, Amanda e a prefeita Anna Lorena deixaram mensagens de motiva\u00e7\u00e3o aos jovens alunos como forma de incentivo o exemplo de suas hist\u00f3rias. A prefeita e a lutadora est\u00e3o com conversa\u00e7\u00e3o para a implanta\u00e7\u00e3o de\u00a0projetos na \u00e1rea esportiva para os alunos da rede municipal. Amanda Nunes fez quest\u00e3o de abra\u00e7ar, conversar e tirar fotos com os alunos que classificaram o momento como muito empolgante e divertido. Um dos alunos ainda fez quest\u00e3o de recitar um poema dedicado \u00e0 lutadora e outro agradeceu \u00e0s grandes conquistas da atleta, assim como a lembran\u00e7a da cidade que sempre leva e revela em seus grandes momentos, o que deixou Amanda Nunes durante todo o encontro com\u00a0l\u00e1grimas nos olhos.<\/p>\n","protected":false},"author":2,"featured_media":15490,"comment_status":"closed","ping_status":"open","sticky":false,"template":"","format":"standard","meta":{"_eb_attr":"","_jetpack_memberships_contains_paid_content":false,"footnotes":""},"categories":[3],"tags":[],"class_list":["post-15489","post","type-post","status-publish","format-standard","has-post-thumbnail","hentry","category-cidades"],"yoast_head":"<!-- This site is optimized with the Yoast SEO plugin v26.5 - https:\/\/yoast.com\/wordpress\/plugins\/seo\/ -->\n<title>In\u00edcio das Aulas em Monteiro tem programa\u00e7\u00e3o especial com presen\u00e7a de Amanda Nunes - Not&iacute;cias em Destaque<\/title>\n<meta name=\"robots\" content=\"index, follow, max-snippet:-1, max-image-preview:large, max-video-preview:-1\" \/>\n<link rel=\"canonical\" href=\"https:\/\/noticiasemdestaque.com\/cd\/?p=15489\" \/>\n<meta property=\"og:locale\" content=\"pt_BR\" \/>\n<meta property=\"og:type\" content=\"article\" \/>\n<meta property=\"og:title\" content=\"In\u00edcio das Aulas em Monteiro tem programa\u00e7\u00e3o especial com presen\u00e7a de Amanda Nunes - Not&iacute;cias em Destaque\" \/>\n<meta property=\"og:description\" content=\"Os alunos da Rede Municipal de ensino iniciaram as atividades nesta segunda-feira, 11, e a Escola Municipal Maria Lauric\u00e9ia contou com uma programa\u00e7\u00e3o bastante especial com a visita da campe\u00e3 mundial de UFC, Amanda Nunes. Na ocasi\u00e3o os alunos receberam com aplausos Amanda Nunes que \u00e9 lutadora de artes marciais mistas, que atualmente \u00e9 a campe\u00e3 da categoria de peso-galo feminino e peso pena do Ultimate Fighting Championship, sendo a primeira atleta brasileira a conquistar um cintur\u00e3o da categoria. Diante da representatividade da mulher nos esportes de contato, Amanda respondeu a perguntas de alunos e professores, contando tamb\u00e9m particularidades e sua hist\u00f3ria de \u00eaxito. Cada degrau percorrido pela atleta foi contado aos mais de 200 alunos presentes. Ainda dentro da entrevista concedida aos alunos, Amanda e a prefeita Anna Lorena deixaram mensagens de motiva\u00e7\u00e3o aos jovens alunos como forma de incentivo o exemplo de suas hist\u00f3rias. A prefeita e a lutadora est\u00e3o com conversa\u00e7\u00e3o para a implanta\u00e7\u00e3o de\u00a0projetos na \u00e1rea esportiva para os alunos da rede municipal. Amanda Nunes fez quest\u00e3o de abra\u00e7ar, conversar e tirar fotos com os alunos que classificaram o momento como muito empolgante e divertido. Um dos alunos ainda fez quest\u00e3o de recitar um poema dedicado \u00e0 lutadora e outro agradeceu \u00e0s grandes conquistas da atleta, assim como a lembran\u00e7a da cidade que sempre leva e revela em seus grandes momentos, o que deixou Amanda Nunes durante todo o encontro com\u00a0l\u00e1grimas nos olhos.\" \/>\n<meta property=\"og:url\" content=\"https:\/\/noticiasemdestaque.com\/cd\/?p=15489\" \/>\n<meta property=\"og:site_name\" content=\"Not&iacute;cias em Destaque\" \/>\n<meta property=\"article:published_time\" content=\"2019-02-12T23:32:08+00:00\" \/>\n<meta property=\"og:image\" content=\"https:\/\/noticiasemdestaque.com\/cd\/wp-content\/uploads\/2019\/02\/Sorteio_Visita-Amanda-1024x701.jpg\" \/>\n\t<meta property=\"og:image:width\" content=\"1024\" \/>\n\t<meta property=\"og:image:height\" content=\"701\" \/>\n\t<meta property=\"og:image:type\" content=\"image\/jpeg\" \/>\n<meta name=\"author\" content=\"Not\u00edcias em Destaque\" \/>\n<meta name=\"twitter:card\" content=\"summary_large_image\" \/>\n<meta name=\"twitter:label1\" content=\"Escrito por\" \/>\n\t<meta name=\"twitter:data1\" content=\"Not\u00edcias em Destaque\" \/>\n\t<meta name=\"twitter:label2\" content=\"Est. tempo de leitura\" \/>\n\t<meta name=\"twitter:data2\" content=\"1 minuto\" \/>\n<script type=\"application\/ld+json\" class=\"yoast-schema-graph\">{\"@context\":\"https:\/\/schema.org\",\"@graph\":[{\"@type\":\"Article\",\"@id\":\"https:\/\/noticiasemdestaque.com\/cd\/?p=15489#article\",\"isPartOf\":{\"@id\":\"https:\/\/noticiasemdestaque.com\/cd\/?p=15489\"},\"author\":{\"name\":\"Not\u00edcias em Destaque\",\"@id\":\"https:\/\/noticiasemdestaque.com\/cd\/#\/schema\/person\/47f7d4f55eec17c6b2ca036c5500f6ce\"},\"headline\":\"In\u00edcio das Aulas em Monteiro tem programa\u00e7\u00e3o especial com presen\u00e7a de Amanda Nunes\",\"datePublished\":\"2019-02-12T23:32:08+00:00\",\"mainEntityOfPage\":{\"@id\":\"https:\/\/noticiasemdestaque.com\/cd\/?p=15489\"},\"wordCount\":266,\"publisher\":{\"@id\":\"https:\/\/noticiasemdestaque.com\/cd\/#organization\"},\"image\":{\"@id\":\"https:\/\/noticiasemdestaque.com\/cd\/?p=15489#primaryimage\"},\"thumbnailUrl\":\"https:\/\/noticiasemdestaque.com\/cd\/wp-content\/uploads\/2019\/02\/Sorteio_Visita-Amanda.jpg\",\"articleSection\":[\"Cidades\"],\"inLanguage\":\"pt-BR\"},{\"@type\":\"WebPage\",\"@id\":\"https:\/\/noticiasemdestaque.com\/cd\/?p=15489\",\"url\":\"https:\/\/noticiasemdestaque.com\/cd\/?p=15489\",\"name\":\"In\u00edcio das Aulas em Monteiro tem programa\u00e7\u00e3o especial com presen\u00e7a de Amanda Nunes - Not&iacute;cias em Destaque\",\"isPartOf\":{\"@id\":\"https:\/\/noticiasemdestaque.com\/cd\/#website\"},\"primaryImageOfPage\":{\"@id\":\"https:\/\/noticiasemdestaque.com\/cd\/?p=15489#primaryimage\"},\"image\":{\"@id\":\"https:\/\/noticiasemdestaque.com\/cd\/?p=15489#primaryimage\"},\"thumbnailUrl\":\"https:\/\/noticiasemdestaque.com\/cd\/wp-content\/uploads\/2019\/02\/Sorteio_Visita-Amanda.jpg\",\"datePublished\":\"2019-02-12T23:32:08+00:00\",\"breadcrumb\":{\"@id\":\"https:\/\/noticiasemdestaque.com\/cd\/?p=15489#breadcrumb\"},\"inLanguage\":\"pt-BR\",\"potentialAction\":[{\"@type\":\"ReadAction\",\"target\":[\"https:\/\/noticiasemdestaque.com\/cd\/?p=15489\"]}]},{\"@type\":\"ImageObject\",\"inLanguage\":\"pt-BR\",\"@id\":\"https:\/\/noticiasemdestaque.com\/cd\/?p=15489#primaryimage\",\"url\":\"https:\/\/noticiasemdestaque.com\/cd\/wp-content\/uploads\/2019\/02\/Sorteio_Visita-Amanda.jpg\",\"contentUrl\":\"https:\/\/noticiasemdestaque.com\/cd\/wp-content\/uploads\/2019\/02\/Sorteio_Visita-Amanda.jpg\",\"width\":3146,\"height\":2155,\"caption\":\"????????????????????????????????????\"},{\"@type\":\"BreadcrumbList\",\"@id\":\"https:\/\/noticiasemdestaque.com\/cd\/?p=15489#breadcrumb\",\"itemListElement\":[{\"@type\":\"ListItem\",\"position\":1,\"name\":\"In\u00edcio\",\"item\":\"https:\/\/noticiasemdestaque.com\/cd\/\"},{\"@type\":\"ListItem\",\"position\":2,\"name\":\"In\u00edcio das Aulas em Monteiro tem programa\u00e7\u00e3o especial com presen\u00e7a de Amanda Nunes\"}]},{\"@type\":\"WebSite\",\"@id\":\"https:\/\/noticiasemdestaque.com\/cd\/#website\",\"url\":\"https:\/\/noticiasemdestaque.com\/cd\/\",\"name\":\"Not&iacute;cias em Destaque\",\"description\":\"\",\"publisher\":{\"@id\":\"https:\/\/noticiasemdestaque.com\/cd\/#organization\"},\"potentialAction\":[{\"@type\":\"SearchAction\",\"target\":{\"@type\":\"EntryPoint\",\"urlTemplate\":\"https:\/\/noticiasemdestaque.com\/cd\/?s={search_term_string}\"},\"query-input\":{\"@type\":\"PropertyValueSpecification\",\"valueRequired\":true,\"valueName\":\"search_term_string\"}}],\"inLanguage\":\"pt-BR\"},{\"@type\":\"Organization\",\"@id\":\"https:\/\/noticiasemdestaque.com\/cd\/#organization\",\"name\":\"Not\u00edcias em Destaque\",\"url\":\"https:\/\/noticiasemdestaque.com\/cd\/\",\"logo\":{\"@type\":\"ImageObject\",\"inLanguage\":\"pt-BR\",\"@id\":\"https:\/\/noticiasemdestaque.com\/cd\/#\/schema\/logo\/image\/\",\"url\":\"https:\/\/noticiasemdestaque.com\/cd\/wp-content\/uploads\/2022\/05\/imagem-base-noticiasemdestaque.png\",\"contentUrl\":\"https:\/\/noticiasemdestaque.com\/cd\/wp-content\/uploads\/2022\/05\/imagem-base-noticiasemdestaque.png\",\"width\":1200,\"height\":630,\"caption\":\"Not\u00edcias em Destaque\"},\"image\":{\"@id\":\"https:\/\/noticiasemdestaque.com\/cd\/#\/schema\/logo\/image\/\"}},{\"@type\":\"Person\",\"@id\":\"https:\/\/noticiasemdestaque.com\/cd\/#\/schema\/person\/47f7d4f55eec17c6b2ca036c5500f6ce\",\"name\":\"Not\u00edcias em Destaque\",\"url\":\"https:\/\/noticiasemdestaque.com\/cd\/?author=2\"}]}<\/script>\n<!-- \/ Yoast SEO plugin. -->","yoast_head_json":{"title":"In\u00edcio das Aulas em Monteiro tem programa\u00e7\u00e3o especial com presen\u00e7a de Amanda Nunes - Not&iacute;cias em Destaque","robots":{"index":"index","follow":"follow","max-snippet":"max-snippet:-1","max-image-preview":"max-image-preview:large","max-video-preview":"max-video-preview:-1"},"canonical":"https:\/\/noticiasemdestaque.com\/cd\/?p=15489","og_locale":"pt_BR","og_type":"article","og_title":"In\u00edcio das Aulas em Monteiro tem programa\u00e7\u00e3o especial com presen\u00e7a de Amanda Nunes - Not&iacute;cias em Destaque","og_description":"Os alunos da Rede Municipal de ensino iniciaram as atividades nesta segunda-feira, 11, e a Escola Municipal Maria Lauric\u00e9ia contou com uma programa\u00e7\u00e3o bastante especial com a visita da campe\u00e3 mundial de UFC, Amanda Nunes. Na ocasi\u00e3o os alunos receberam com aplausos Amanda Nunes que \u00e9 lutadora de artes marciais mistas, que atualmente \u00e9 a campe\u00e3 da categoria de peso-galo feminino e peso pena do Ultimate Fighting Championship, sendo a primeira atleta brasileira a conquistar um cintur\u00e3o da categoria. Diante da representatividade da mulher nos esportes de contato, Amanda respondeu a perguntas de alunos e professores, contando tamb\u00e9m particularidades e sua hist\u00f3ria de \u00eaxito. Cada degrau percorrido pela atleta foi contado aos mais de 200 alunos presentes. Ainda dentro da entrevista concedida aos alunos, Amanda e a prefeita Anna Lorena deixaram mensagens de motiva\u00e7\u00e3o aos jovens alunos como forma de incentivo o exemplo de suas hist\u00f3rias. A prefeita e a lutadora est\u00e3o com conversa\u00e7\u00e3o para a implanta\u00e7\u00e3o de\u00a0projetos na \u00e1rea esportiva para os alunos da rede municipal. Amanda Nunes fez quest\u00e3o de abra\u00e7ar, conversar e tirar fotos com os alunos que classificaram o momento como muito empolgante e divertido. Um dos alunos ainda fez quest\u00e3o de recitar um poema dedicado \u00e0 lutadora e outro agradeceu \u00e0s grandes conquistas da atleta, assim como a lembran\u00e7a da cidade que sempre leva e revela em seus grandes momentos, o que deixou Amanda Nunes durante todo o encontro com\u00a0l\u00e1grimas nos olhos.","og_url":"https:\/\/noticiasemdestaque.com\/cd\/?p=15489","og_site_name":"Not&iacute;cias em Destaque","article_published_time":"2019-02-12T23:32:08+00:00","og_image":[{"width":1024,"height":701,"url":"https:\/\/noticiasemdestaque.com\/cd\/wp-content\/uploads\/2019\/02\/Sorteio_Visita-Amanda-1024x701.jpg","type":"image\/jpeg"}],"author":"Not\u00edcias em Destaque","twitter_card":"summary_large_image","twitter_misc":{"Escrito por":"Not\u00edcias em Destaque","Est. tempo de leitura":"1 minuto"},"schema":{"@context":"https:\/\/schema.org","@graph":[{"@type":"Article","@id":"https:\/\/noticiasemdestaque.com\/cd\/?p=15489#article","isPartOf":{"@id":"https:\/\/noticiasemdestaque.com\/cd\/?p=15489"},"author":{"name":"Not\u00edcias em Destaque","@id":"https:\/\/noticiasemdestaque.com\/cd\/#\/schema\/person\/47f7d4f55eec17c6b2ca036c5500f6ce"},"headline":"In\u00edcio das Aulas em Monteiro tem programa\u00e7\u00e3o especial com presen\u00e7a de Amanda Nunes","datePublished":"2019-02-12T23:32:08+00:00","mainEntityOfPage":{"@id":"https:\/\/noticiasemdestaque.com\/cd\/?p=15489"},"wordCount":266,"publisher":{"@id":"https:\/\/noticiasemdestaque.com\/cd\/#organization"},"image":{"@id":"https:\/\/noticiasemdestaque.com\/cd\/?p=15489#primaryimage"},"thumbnailUrl":"https:\/\/noticiasemdestaque.com\/cd\/wp-content\/uploads\/2019\/02\/Sorteio_Visita-Amanda.jpg","articleSection":["Cidades"],"inLanguage":"pt-BR"},{"@type":"WebPage","@id":"https:\/\/noticiasemdestaque.com\/cd\/?p=15489","url":"https:\/\/noticiasemdestaque.com\/cd\/?p=15489","name":"In\u00edcio das Aulas em Monteiro tem programa\u00e7\u00e3o especial com presen\u00e7a de Amanda Nunes - Not&iacute;cias em Destaque","isPartOf":{"@id":"https:\/\/noticiasemdestaque.com\/cd\/#website"},"primaryImageOfPage":{"@id":"https:\/\/noticiasemdestaque.com\/cd\/?p=15489#primaryimage"},"image":{"@id":"https:\/\/noticiasemdestaque.com\/cd\/?p=15489#primaryimage"},"thumbnailUrl":"https:\/\/noticiasemdestaque.com\/cd\/wp-content\/uploads\/2019\/02\/Sorteio_Visita-Amanda.jpg","datePublished":"2019-02-12T23:32:08+00:00","breadcrumb":{"@id":"https:\/\/noticiasemdestaque.com\/cd\/?p=15489#breadcrumb"},"inLanguage":"pt-BR","potentialAction":[{"@type":"ReadAction","target":["https:\/\/noticiasemdestaque.com\/cd\/?p=15489"]}]},{"@type":"ImageObject","inLanguage":"pt-BR","@id":"https:\/\/noticiasemdestaque.com\/cd\/?p=15489#primaryimage","url":"https:\/\/noticiasemdestaque.com\/cd\/wp-content\/uploads\/2019\/02\/Sorteio_Visita-Amanda.jpg","contentUrl":"https:\/\/noticiasemdestaque.com\/cd\/wp-content\/uploads\/2019\/02\/Sorteio_Visita-Amanda.jpg","width":3146,"height":2155,"caption":"????????????????????????????????????"},{"@type":"BreadcrumbList","@id":"https:\/\/noticiasemdestaque.com\/cd\/?p=15489#breadcrumb","itemListElement":[{"@type":"ListItem","position":1,"name":"In\u00edcio","item":"https:\/\/noticiasemdestaque.com\/cd\/"},{"@type":"ListItem","position":2,"name":"In\u00edcio das Aulas em Monteiro tem programa\u00e7\u00e3o especial com presen\u00e7a de Amanda Nunes"}]},{"@type":"WebSite","@id":"https:\/\/noticiasemdestaque.com\/cd\/#website","url":"https:\/\/noticiasemdestaque.com\/cd\/","name":"Not&iacute;cias em Destaque","description":"","publisher":{"@id":"https:\/\/noticiasemdestaque.com\/cd\/#organization"},"potentialAction":[{"@type":"SearchAction","target":{"@type":"EntryPoint","urlTemplate":"https:\/\/noticiasemdestaque.com\/cd\/?s={search_term_string}"},"query-input":{"@type":"PropertyValueSpecification","valueRequired":true,"valueName":"search_term_string"}}],"inLanguage":"pt-BR"},{"@type":"Organization","@id":"https:\/\/noticiasemdestaque.com\/cd\/#organization","name":"Not\u00edcias em Destaque","url":"https:\/\/noticiasemdestaque.com\/cd\/","logo":{"@type":"ImageObject","inLanguage":"pt-BR","@id":"https:\/\/noticiasemdestaque.com\/cd\/#\/schema\/logo\/image\/","url":"https:\/\/noticiasemdestaque.com\/cd\/wp-content\/uploads\/2022\/05\/imagem-base-noticiasemdestaque.png","contentUrl":"https:\/\/noticiasemdestaque.com\/cd\/wp-content\/uploads\/2022\/05\/imagem-base-noticiasemdestaque.png","width":1200,"height":630,"caption":"Not\u00edcias em Destaque"},"image":{"@id":"https:\/\/noticiasemdestaque.com\/cd\/#\/schema\/logo\/image\/"}},{"@type":"Person","@id":"https:\/\/noticiasemdestaque.com\/cd\/#\/schema\/person\/47f7d4f55eec17c6b2ca036c5500f6ce","name":"Not\u00edcias em Destaque","url":"https:\/\/noticiasemdestaque.com\/cd\/?author=2"}]}},"jetpack_featured_media_url":"https:\/\/noticiasemdestaque.com\/cd\/wp-content\/uploads\/2019\/02\/Sorteio_Visita-Amanda.jpg","jetpack_sharing_enabled":true,"_links":{"self":[{"href":"https:\/\/noticiasemdestaque.com\/cd\/index.php?rest_route=\/wp\/v2\/posts\/15489","targetHints":{"allow":["GET"]}}],"collection":[{"href":"https:\/\/noticiasemdestaque.com\/cd\/index.php?rest_route=\/wp\/v2\/posts"}],"about":[{"href":"https:\/\/noticiasemdestaque.com\/cd\/index.php?rest_route=\/wp\/v2\/types\/post"}],"author":[{"embeddable":true,"href":"https:\/\/noticiasemdestaque.com\/cd\/index.php?rest_route=\/wp\/v2\/users\/2"}],"replies":[{"embeddable":true,"href":"https:\/\/noticiasemdestaque.com\/cd\/index.php?rest_route=%2Fwp%2Fv2%2Fcomments&post=15489"}],"version-history":[{"count":1,"href":"https:\/\/noticiasemdestaque.com\/cd\/index.php?rest_route=\/wp\/v2\/posts\/15489\/revisions"}],"predecessor-version":[{"id":15491,"href":"https:\/\/noticiasemdestaque.com\/cd\/index.php?rest_route=\/wp\/v2\/posts\/15489\/revisions\/15491"}],"wp:featuredmedia":[{"embeddable":true,"href":"https:\/\/noticiasemdestaque.com\/cd\/index.php?rest_route=\/wp\/v2\/media\/15490"}],"wp:attachment":[{"href":"https:\/\/noticiasemdestaque.com\/cd\/index.php?rest_route=%2Fwp%2Fv2%2Fmedia&parent=15489"}],"wp:term":[{"taxonomy":"category","embeddable":true,"href":"https:\/\/noticiasemdestaque.com\/cd\/index.php?rest_route=%2Fwp%2Fv2%2Fcategories&post=15489"},{"taxonomy":"post_tag","embeddable":true,"href":"https:\/\/noticiasemdestaque.com\/cd\/index.php?rest_route=%2Fwp%2Fv2%2Ftags&post=15489"}],"curies":[{"name":"wp","href":"https:\/\/api.w.org\/{rel}","templated":true}]}}