{"id":15480,"date":"2019-02-12T20:15:11","date_gmt":"2019-02-12T23:15:11","guid":{"rendered":"http:\/\/noticiasemdestaque.com\/cd\/?p=15480"},"modified":"2019-02-12T20:15:11","modified_gmt":"2019-02-12T23:15:11","slug":"matriculas-para-o-segundo-semestre-do-profagua-na-ufcg-em-sume-ocorrem-de-7-a-13-de-fevereiro","status":"publish","type":"post","link":"https:\/\/noticiasemdestaque.com\/cd\/?p=15480","title":{"rendered":"Matr\u00edculas para o segundo semestre do Prof\u00e1gua na UFCG em Sum\u00e9 ocorrem de 7 a 13 de fevereiro"},"content":{"rendered":"<p><a href=\"https:\/\/noticiasemdestaque.com\/cd\/wp-content\/uploads\/2018\/04\/portico-cdsa.jpg\"><img fetchpriority=\"high\" decoding=\"async\" class=\" wp-image-9150 aligncenter\" src=\"https:\/\/noticiasemdestaque.com\/cd\/wp-content\/uploads\/2018\/04\/portico-cdsa.jpg\" alt=\"\" width=\"500\" height=\"280\" srcset=\"https:\/\/noticiasemdestaque.com\/cd\/wp-content\/uploads\/2018\/04\/portico-cdsa.jpg 696w, https:\/\/noticiasemdestaque.com\/cd\/wp-content\/uploads\/2018\/04\/portico-cdsa-300x168.jpg 300w\" sizes=\"(max-width: 500px) 100vw, 500px\" \/><\/a><\/p>\n<p>As matr\u00edculas para o segundo semestre do Mestrado Profissional em Gest\u00e3o e Regula\u00e7\u00e3o de Recursos H\u00eddricos &#8211; Prof\u00e1gua no Centro de Desenvolvimento Sustent\u00e1vel do Semi\u00e1rido da Universidade Federal de Campina Grande acontecer\u00e3o at\u00e9 est\u00e1 quarta-feira dia 13 de fevereiro.<\/p>\n<p>O formul\u00e1rio de matr\u00edcula (dispon\u00edvel\u00a0<a href=\"http:\/\/www.cdsa.ufcg.edu.br\/cdsa\/publicacoes\/category\/48-mestrado-prof%C3%A1gua.html?download=539:ficha-de-matr%C3%ADcula-prof%C3%A1gua-ufcg-semestre-2019-1\" target=\"_blank\" rel=\"noopener noreferrer\">aqui no portal do CDSA<\/a>) deve ser preenchido e enviado para o e-mail do coordenador do curso, professor Hugo Morais de Alc\u00e2ntara (<span id=\"cloak2fb2137cfdb5c9cdc478d220a229c47e\"><a href=\"mailto:hugo.ma@ufcg.edu.br\">hugo.ma@ufcg.edu.br<\/a><\/span>\u00a0e\u00a0<span id=\"cloak5052fb3b437169cd25714578a5b5a272\"><a href=\"mailto:hugodabacia@yahoo.com.br\">hugodabacia@yahoo.com.br<\/a><\/span>).<\/p>\n<p>O in\u00edcio das aulas est\u00e1 previsto para o pr\u00f3ximo dia 14 de fevereiro e acontecer\u00e3o sempre nas quintas-feiras (tarde e noite) e sextas-feiras (manh\u00e3 e tarde).<\/p>\n<p>O coordenador do Mestrado, professor Hugo Morais, informa aos estudantes do curso que h\u00e1 possibilidade de realiza\u00e7\u00e3o de visitas t\u00e9cnicas neste semestre. Ele tamb\u00e9m falou que a previs\u00e3o de t\u00e9rmino das aulas neste per\u00edodo \u00e9 para o dia 14 de junho de 2019, visto que ainda n\u00e3o foi definida a data e local de realiza\u00e7\u00e3o do Semin\u00e1rio Nacional, sempre realizado com participa\u00e7\u00e3o de alunos, docentes e t\u00e9cnicos da Ag\u00eancia Nacional de \u00c1guas &#8211; ANA.<\/p>\n<p>Assimp CDSA\/UFCG<\/p>\n","protected":false},"excerpt":{"rendered":"<p>As matr\u00edculas para o segundo semestre do Mestrado Profissional em Gest\u00e3o e Regula\u00e7\u00e3o de Recursos H\u00eddricos &#8211; Prof\u00e1gua no Centro de Desenvolvimento Sustent\u00e1vel do Semi\u00e1rido da Universidade Federal de Campina Grande acontecer\u00e3o at\u00e9 est\u00e1 quarta-feira dia 13 de fevereiro. O formul\u00e1rio de matr\u00edcula (dispon\u00edvel\u00a0aqui no portal do CDSA) deve ser preenchido e enviado para o e-mail do coordenador do curso, professor Hugo Morais de Alc\u00e2ntara (hugo.ma@ufcg.edu.br\u00a0e\u00a0hugodabacia@yahoo.com.br). O in\u00edcio das aulas est\u00e1 previsto para o pr\u00f3ximo dia 14 de fevereiro e acontecer\u00e3o sempre nas quintas-feiras (tarde e noite) e sextas-feiras (manh\u00e3 e tarde). O coordenador do Mestrado, professor Hugo Morais, informa aos estudantes do curso que h\u00e1 possibilidade de realiza\u00e7\u00e3o de visitas t\u00e9cnicas neste semestre. Ele tamb\u00e9m falou que a previs\u00e3o de t\u00e9rmino das aulas neste per\u00edodo \u00e9 para o dia 14 de junho de 2019, visto que ainda n\u00e3o foi definida a data e local de realiza\u00e7\u00e3o do Semin\u00e1rio Nacional, sempre realizado com participa\u00e7\u00e3o de alunos, docentes e t\u00e9cnicos da Ag\u00eancia Nacional de \u00c1guas &#8211; ANA. Assimp CDSA\/UFCG<\/p>\n","protected":false},"author":2,"featured_media":9150,"comment_status":"closed","ping_status":"open","sticky":false,"template":"","format":"standard","meta":{"_eb_attr":"","_jetpack_memberships_contains_paid_content":false,"footnotes":""},"categories":[12],"tags":[],"class_list":["post-15480","post","type-post","status-publish","format-standard","has-post-thumbnail","hentry","category-geral"],"yoast_head":"<!-- This site is optimized with the Yoast SEO plugin v26.5 - https:\/\/yoast.com\/wordpress\/plugins\/seo\/ -->\n<title>Matr\u00edculas para o segundo semestre do Prof\u00e1gua na UFCG em Sum\u00e9 ocorrem de 7 a 13 de fevereiro - Not&iacute;cias em Destaque<\/title>\n<meta name=\"robots\" content=\"index, follow, max-snippet:-1, max-image-preview:large, max-video-preview:-1\" \/>\n<link rel=\"canonical\" href=\"https:\/\/noticiasemdestaque.com\/cd\/?p=15480\" \/>\n<meta property=\"og:locale\" content=\"pt_BR\" \/>\n<meta property=\"og:type\" content=\"article\" \/>\n<meta property=\"og:title\" content=\"Matr\u00edculas para o segundo semestre do Prof\u00e1gua na UFCG em Sum\u00e9 ocorrem de 7 a 13 de fevereiro - Not&iacute;cias em Destaque\" \/>\n<meta property=\"og:description\" content=\"As matr\u00edculas para o segundo semestre do Mestrado Profissional em Gest\u00e3o e Regula\u00e7\u00e3o de Recursos H\u00eddricos &#8211; Prof\u00e1gua no Centro de Desenvolvimento Sustent\u00e1vel do Semi\u00e1rido da Universidade Federal de Campina Grande acontecer\u00e3o at\u00e9 est\u00e1 quarta-feira dia 13 de fevereiro. O formul\u00e1rio de matr\u00edcula (dispon\u00edvel\u00a0aqui no portal do CDSA) deve ser preenchido e enviado para o e-mail do coordenador do curso, professor Hugo Morais de Alc\u00e2ntara (hugo.ma@ufcg.edu.br\u00a0e\u00a0hugodabacia@yahoo.com.br). O in\u00edcio das aulas est\u00e1 previsto para o pr\u00f3ximo dia 14 de fevereiro e acontecer\u00e3o sempre nas quintas-feiras (tarde e noite) e sextas-feiras (manh\u00e3 e tarde). O coordenador do Mestrado, professor Hugo Morais, informa aos estudantes do curso que h\u00e1 possibilidade de realiza\u00e7\u00e3o de visitas t\u00e9cnicas neste semestre. Ele tamb\u00e9m falou que a previs\u00e3o de t\u00e9rmino das aulas neste per\u00edodo \u00e9 para o dia 14 de junho de 2019, visto que ainda n\u00e3o foi definida a data e local de realiza\u00e7\u00e3o do Semin\u00e1rio Nacional, sempre realizado com participa\u00e7\u00e3o de alunos, docentes e t\u00e9cnicos da Ag\u00eancia Nacional de \u00c1guas &#8211; ANA. Assimp CDSA\/UFCG\" \/>\n<meta property=\"og:url\" content=\"https:\/\/noticiasemdestaque.com\/cd\/?p=15480\" \/>\n<meta property=\"og:site_name\" content=\"Not&iacute;cias em Destaque\" \/>\n<meta property=\"article:published_time\" content=\"2019-02-12T23:15:11+00:00\" \/>\n<meta property=\"og:image\" content=\"https:\/\/noticiasemdestaque.com\/cd\/wp-content\/uploads\/2018\/04\/portico-cdsa.jpg\" \/>\n\t<meta property=\"og:image:width\" content=\"696\" \/>\n\t<meta property=\"og:image:height\" content=\"390\" \/>\n\t<meta property=\"og:image:type\" content=\"image\/jpeg\" \/>\n<meta name=\"author\" content=\"Not\u00edcias em Destaque\" \/>\n<meta name=\"twitter:card\" content=\"summary_large_image\" \/>\n<meta name=\"twitter:label1\" content=\"Escrito por\" \/>\n\t<meta name=\"twitter:data1\" content=\"Not\u00edcias em Destaque\" \/>\n\t<meta name=\"twitter:label2\" content=\"Est. tempo de leitura\" \/>\n\t<meta name=\"twitter:data2\" content=\"1 minuto\" \/>\n<script type=\"application\/ld+json\" class=\"yoast-schema-graph\">{\"@context\":\"https:\/\/schema.org\",\"@graph\":[{\"@type\":\"Article\",\"@id\":\"https:\/\/noticiasemdestaque.com\/cd\/?p=15480#article\",\"isPartOf\":{\"@id\":\"https:\/\/noticiasemdestaque.com\/cd\/?p=15480\"},\"author\":{\"name\":\"Not\u00edcias em Destaque\",\"@id\":\"https:\/\/noticiasemdestaque.com\/cd\/#\/schema\/person\/47f7d4f55eec17c6b2ca036c5500f6ce\"},\"headline\":\"Matr\u00edculas para o segundo semestre do Prof\u00e1gua na UFCG em Sum\u00e9 ocorrem de 7 a 13 de fevereiro\",\"datePublished\":\"2019-02-12T23:15:11+00:00\",\"mainEntityOfPage\":{\"@id\":\"https:\/\/noticiasemdestaque.com\/cd\/?p=15480\"},\"wordCount\":219,\"publisher\":{\"@id\":\"https:\/\/noticiasemdestaque.com\/cd\/#organization\"},\"image\":{\"@id\":\"https:\/\/noticiasemdestaque.com\/cd\/?p=15480#primaryimage\"},\"thumbnailUrl\":\"https:\/\/noticiasemdestaque.com\/cd\/wp-content\/uploads\/2018\/04\/portico-cdsa.jpg\",\"articleSection\":[\"Geral\"],\"inLanguage\":\"pt-BR\"},{\"@type\":\"WebPage\",\"@id\":\"https:\/\/noticiasemdestaque.com\/cd\/?p=15480\",\"url\":\"https:\/\/noticiasemdestaque.com\/cd\/?p=15480\",\"name\":\"Matr\u00edculas para o segundo semestre do Prof\u00e1gua na UFCG em Sum\u00e9 ocorrem de 7 a 13 de fevereiro - Not&iacute;cias em Destaque\",\"isPartOf\":{\"@id\":\"https:\/\/noticiasemdestaque.com\/cd\/#website\"},\"primaryImageOfPage\":{\"@id\":\"https:\/\/noticiasemdestaque.com\/cd\/?p=15480#primaryimage\"},\"image\":{\"@id\":\"https:\/\/noticiasemdestaque.com\/cd\/?p=15480#primaryimage\"},\"thumbnailUrl\":\"https:\/\/noticiasemdestaque.com\/cd\/wp-content\/uploads\/2018\/04\/portico-cdsa.jpg\",\"datePublished\":\"2019-02-12T23:15:11+00:00\",\"breadcrumb\":{\"@id\":\"https:\/\/noticiasemdestaque.com\/cd\/?p=15480#breadcrumb\"},\"inLanguage\":\"pt-BR\",\"potentialAction\":[{\"@type\":\"ReadAction\",\"target\":[\"https:\/\/noticiasemdestaque.com\/cd\/?p=15480\"]}]},{\"@type\":\"ImageObject\",\"inLanguage\":\"pt-BR\",\"@id\":\"https:\/\/noticiasemdestaque.com\/cd\/?p=15480#primaryimage\",\"url\":\"https:\/\/noticiasemdestaque.com\/cd\/wp-content\/uploads\/2018\/04\/portico-cdsa.jpg\",\"contentUrl\":\"https:\/\/noticiasemdestaque.com\/cd\/wp-content\/uploads\/2018\/04\/portico-cdsa.jpg\",\"width\":696,\"height\":390},{\"@type\":\"BreadcrumbList\",\"@id\":\"https:\/\/noticiasemdestaque.com\/cd\/?p=15480#breadcrumb\",\"itemListElement\":[{\"@type\":\"ListItem\",\"position\":1,\"name\":\"In\u00edcio\",\"item\":\"https:\/\/noticiasemdestaque.com\/cd\/\"},{\"@type\":\"ListItem\",\"position\":2,\"name\":\"Matr\u00edculas para o segundo semestre do Prof\u00e1gua na UFCG em Sum\u00e9 ocorrem de 7 a 13 de fevereiro\"}]},{\"@type\":\"WebSite\",\"@id\":\"https:\/\/noticiasemdestaque.com\/cd\/#website\",\"url\":\"https:\/\/noticiasemdestaque.com\/cd\/\",\"name\":\"Not&iacute;cias em Destaque\",\"description\":\"\",\"publisher\":{\"@id\":\"https:\/\/noticiasemdestaque.com\/cd\/#organization\"},\"potentialAction\":[{\"@type\":\"SearchAction\",\"target\":{\"@type\":\"EntryPoint\",\"urlTemplate\":\"https:\/\/noticiasemdestaque.com\/cd\/?s={search_term_string}\"},\"query-input\":{\"@type\":\"PropertyValueSpecification\",\"valueRequired\":true,\"valueName\":\"search_term_string\"}}],\"inLanguage\":\"pt-BR\"},{\"@type\":\"Organization\",\"@id\":\"https:\/\/noticiasemdestaque.com\/cd\/#organization\",\"name\":\"Not\u00edcias em Destaque\",\"url\":\"https:\/\/noticiasemdestaque.com\/cd\/\",\"logo\":{\"@type\":\"ImageObject\",\"inLanguage\":\"pt-BR\",\"@id\":\"https:\/\/noticiasemdestaque.com\/cd\/#\/schema\/logo\/image\/\",\"url\":\"https:\/\/noticiasemdestaque.com\/cd\/wp-content\/uploads\/2022\/05\/imagem-base-noticiasemdestaque.png\",\"contentUrl\":\"https:\/\/noticiasemdestaque.com\/cd\/wp-content\/uploads\/2022\/05\/imagem-base-noticiasemdestaque.png\",\"width\":1200,\"height\":630,\"caption\":\"Not\u00edcias em Destaque\"},\"image\":{\"@id\":\"https:\/\/noticiasemdestaque.com\/cd\/#\/schema\/logo\/image\/\"}},{\"@type\":\"Person\",\"@id\":\"https:\/\/noticiasemdestaque.com\/cd\/#\/schema\/person\/47f7d4f55eec17c6b2ca036c5500f6ce\",\"name\":\"Not\u00edcias em Destaque\",\"url\":\"https:\/\/noticiasemdestaque.com\/cd\/?author=2\"}]}<\/script>\n<!-- \/ Yoast SEO plugin. -->","yoast_head_json":{"title":"Matr\u00edculas para o segundo semestre do Prof\u00e1gua na UFCG em Sum\u00e9 ocorrem de 7 a 13 de fevereiro - Not&iacute;cias em Destaque","robots":{"index":"index","follow":"follow","max-snippet":"max-snippet:-1","max-image-preview":"max-image-preview:large","max-video-preview":"max-video-preview:-1"},"canonical":"https:\/\/noticiasemdestaque.com\/cd\/?p=15480","og_locale":"pt_BR","og_type":"article","og_title":"Matr\u00edculas para o segundo semestre do Prof\u00e1gua na UFCG em Sum\u00e9 ocorrem de 7 a 13 de fevereiro - Not&iacute;cias em Destaque","og_description":"As matr\u00edculas para o segundo semestre do Mestrado Profissional em Gest\u00e3o e Regula\u00e7\u00e3o de Recursos H\u00eddricos &#8211; Prof\u00e1gua no Centro de Desenvolvimento Sustent\u00e1vel do Semi\u00e1rido da Universidade Federal de Campina Grande acontecer\u00e3o at\u00e9 est\u00e1 quarta-feira dia 13 de fevereiro. O formul\u00e1rio de matr\u00edcula (dispon\u00edvel\u00a0aqui no portal do CDSA) deve ser preenchido e enviado para o e-mail do coordenador do curso, professor Hugo Morais de Alc\u00e2ntara (hugo.ma@ufcg.edu.br\u00a0e\u00a0hugodabacia@yahoo.com.br). O in\u00edcio das aulas est\u00e1 previsto para o pr\u00f3ximo dia 14 de fevereiro e acontecer\u00e3o sempre nas quintas-feiras (tarde e noite) e sextas-feiras (manh\u00e3 e tarde). O coordenador do Mestrado, professor Hugo Morais, informa aos estudantes do curso que h\u00e1 possibilidade de realiza\u00e7\u00e3o de visitas t\u00e9cnicas neste semestre. Ele tamb\u00e9m falou que a previs\u00e3o de t\u00e9rmino das aulas neste per\u00edodo \u00e9 para o dia 14 de junho de 2019, visto que ainda n\u00e3o foi definida a data e local de realiza\u00e7\u00e3o do Semin\u00e1rio Nacional, sempre realizado com participa\u00e7\u00e3o de alunos, docentes e t\u00e9cnicos da Ag\u00eancia Nacional de \u00c1guas &#8211; ANA. Assimp CDSA\/UFCG","og_url":"https:\/\/noticiasemdestaque.com\/cd\/?p=15480","og_site_name":"Not&iacute;cias em Destaque","article_published_time":"2019-02-12T23:15:11+00:00","og_image":[{"width":696,"height":390,"url":"https:\/\/noticiasemdestaque.com\/cd\/wp-content\/uploads\/2018\/04\/portico-cdsa.jpg","type":"image\/jpeg"}],"author":"Not\u00edcias em Destaque","twitter_card":"summary_large_image","twitter_misc":{"Escrito por":"Not\u00edcias em Destaque","Est. tempo de leitura":"1 minuto"},"schema":{"@context":"https:\/\/schema.org","@graph":[{"@type":"Article","@id":"https:\/\/noticiasemdestaque.com\/cd\/?p=15480#article","isPartOf":{"@id":"https:\/\/noticiasemdestaque.com\/cd\/?p=15480"},"author":{"name":"Not\u00edcias em Destaque","@id":"https:\/\/noticiasemdestaque.com\/cd\/#\/schema\/person\/47f7d4f55eec17c6b2ca036c5500f6ce"},"headline":"Matr\u00edculas para o segundo semestre do Prof\u00e1gua na UFCG em Sum\u00e9 ocorrem de 7 a 13 de fevereiro","datePublished":"2019-02-12T23:15:11+00:00","mainEntityOfPage":{"@id":"https:\/\/noticiasemdestaque.com\/cd\/?p=15480"},"wordCount":219,"publisher":{"@id":"https:\/\/noticiasemdestaque.com\/cd\/#organization"},"image":{"@id":"https:\/\/noticiasemdestaque.com\/cd\/?p=15480#primaryimage"},"thumbnailUrl":"https:\/\/noticiasemdestaque.com\/cd\/wp-content\/uploads\/2018\/04\/portico-cdsa.jpg","articleSection":["Geral"],"inLanguage":"pt-BR"},{"@type":"WebPage","@id":"https:\/\/noticiasemdestaque.com\/cd\/?p=15480","url":"https:\/\/noticiasemdestaque.com\/cd\/?p=15480","name":"Matr\u00edculas para o segundo semestre do Prof\u00e1gua na UFCG em Sum\u00e9 ocorrem de 7 a 13 de fevereiro - Not&iacute;cias em Destaque","isPartOf":{"@id":"https:\/\/noticiasemdestaque.com\/cd\/#website"},"primaryImageOfPage":{"@id":"https:\/\/noticiasemdestaque.com\/cd\/?p=15480#primaryimage"},"image":{"@id":"https:\/\/noticiasemdestaque.com\/cd\/?p=15480#primaryimage"},"thumbnailUrl":"https:\/\/noticiasemdestaque.com\/cd\/wp-content\/uploads\/2018\/04\/portico-cdsa.jpg","datePublished":"2019-02-12T23:15:11+00:00","breadcrumb":{"@id":"https:\/\/noticiasemdestaque.com\/cd\/?p=15480#breadcrumb"},"inLanguage":"pt-BR","potentialAction":[{"@type":"ReadAction","target":["https:\/\/noticiasemdestaque.com\/cd\/?p=15480"]}]},{"@type":"ImageObject","inLanguage":"pt-BR","@id":"https:\/\/noticiasemdestaque.com\/cd\/?p=15480#primaryimage","url":"https:\/\/noticiasemdestaque.com\/cd\/wp-content\/uploads\/2018\/04\/portico-cdsa.jpg","contentUrl":"https:\/\/noticiasemdestaque.com\/cd\/wp-content\/uploads\/2018\/04\/portico-cdsa.jpg","width":696,"height":390},{"@type":"BreadcrumbList","@id":"https:\/\/noticiasemdestaque.com\/cd\/?p=15480#breadcrumb","itemListElement":[{"@type":"ListItem","position":1,"name":"In\u00edcio","item":"https:\/\/noticiasemdestaque.com\/cd\/"},{"@type":"ListItem","position":2,"name":"Matr\u00edculas para o segundo semestre do Prof\u00e1gua na UFCG em Sum\u00e9 ocorrem de 7 a 13 de fevereiro"}]},{"@type":"WebSite","@id":"https:\/\/noticiasemdestaque.com\/cd\/#website","url":"https:\/\/noticiasemdestaque.com\/cd\/","name":"Not&iacute;cias em Destaque","description":"","publisher":{"@id":"https:\/\/noticiasemdestaque.com\/cd\/#organization"},"potentialAction":[{"@type":"SearchAction","target":{"@type":"EntryPoint","urlTemplate":"https:\/\/noticiasemdestaque.com\/cd\/?s={search_term_string}"},"query-input":{"@type":"PropertyValueSpecification","valueRequired":true,"valueName":"search_term_string"}}],"inLanguage":"pt-BR"},{"@type":"Organization","@id":"https:\/\/noticiasemdestaque.com\/cd\/#organization","name":"Not\u00edcias em Destaque","url":"https:\/\/noticiasemdestaque.com\/cd\/","logo":{"@type":"ImageObject","inLanguage":"pt-BR","@id":"https:\/\/noticiasemdestaque.com\/cd\/#\/schema\/logo\/image\/","url":"https:\/\/noticiasemdestaque.com\/cd\/wp-content\/uploads\/2022\/05\/imagem-base-noticiasemdestaque.png","contentUrl":"https:\/\/noticiasemdestaque.com\/cd\/wp-content\/uploads\/2022\/05\/imagem-base-noticiasemdestaque.png","width":1200,"height":630,"caption":"Not\u00edcias em Destaque"},"image":{"@id":"https:\/\/noticiasemdestaque.com\/cd\/#\/schema\/logo\/image\/"}},{"@type":"Person","@id":"https:\/\/noticiasemdestaque.com\/cd\/#\/schema\/person\/47f7d4f55eec17c6b2ca036c5500f6ce","name":"Not\u00edcias em Destaque","url":"https:\/\/noticiasemdestaque.com\/cd\/?author=2"}]}},"jetpack_featured_media_url":"https:\/\/noticiasemdestaque.com\/cd\/wp-content\/uploads\/2018\/04\/portico-cdsa.jpg","jetpack_sharing_enabled":true,"_links":{"self":[{"href":"https:\/\/noticiasemdestaque.com\/cd\/index.php?rest_route=\/wp\/v2\/posts\/15480","targetHints":{"allow":["GET"]}}],"collection":[{"href":"https:\/\/noticiasemdestaque.com\/cd\/index.php?rest_route=\/wp\/v2\/posts"}],"about":[{"href":"https:\/\/noticiasemdestaque.com\/cd\/index.php?rest_route=\/wp\/v2\/types\/post"}],"author":[{"embeddable":true,"href":"https:\/\/noticiasemdestaque.com\/cd\/index.php?rest_route=\/wp\/v2\/users\/2"}],"replies":[{"embeddable":true,"href":"https:\/\/noticiasemdestaque.com\/cd\/index.php?rest_route=%2Fwp%2Fv2%2Fcomments&post=15480"}],"version-history":[{"count":1,"href":"https:\/\/noticiasemdestaque.com\/cd\/index.php?rest_route=\/wp\/v2\/posts\/15480\/revisions"}],"predecessor-version":[{"id":15481,"href":"https:\/\/noticiasemdestaque.com\/cd\/index.php?rest_route=\/wp\/v2\/posts\/15480\/revisions\/15481"}],"wp:featuredmedia":[{"embeddable":true,"href":"https:\/\/noticiasemdestaque.com\/cd\/index.php?rest_route=\/wp\/v2\/media\/9150"}],"wp:attachment":[{"href":"https:\/\/noticiasemdestaque.com\/cd\/index.php?rest_route=%2Fwp%2Fv2%2Fmedia&parent=15480"}],"wp:term":[{"taxonomy":"category","embeddable":true,"href":"https:\/\/noticiasemdestaque.com\/cd\/index.php?rest_route=%2Fwp%2Fv2%2Fcategories&post=15480"},{"taxonomy":"post_tag","embeddable":true,"href":"https:\/\/noticiasemdestaque.com\/cd\/index.php?rest_route=%2Fwp%2Fv2%2Ftags&post=15480"}],"curies":[{"name":"wp","href":"https:\/\/api.w.org\/{rel}","templated":true}]}}