{"id":15478,"date":"2019-02-12T20:10:14","date_gmt":"2019-02-12T23:10:14","guid":{"rendered":"http:\/\/noticiasemdestaque.com\/cd\/?p=15478"},"modified":"2019-02-12T20:10:14","modified_gmt":"2019-02-12T23:10:14","slug":"ufcg-publica-a-primeira-chamada-da-lista-de-espera-do-sisu-2019-1","status":"publish","type":"post","link":"https:\/\/noticiasemdestaque.com\/cd\/?p=15478","title":{"rendered":"UFCG publica a primeira chamada da lista de espera do SiSU 2019.1"},"content":{"rendered":"<p><a href=\"https:\/\/noticiasemdestaque.com\/cd\/wp-content\/uploads\/2017\/09\/concurso-2.jpg\"><img fetchpriority=\"high\" decoding=\"async\" class=\"size-full wp-image-4668 aligncenter\" src=\"https:\/\/noticiasemdestaque.com\/cd\/wp-content\/uploads\/2017\/09\/concurso-2.jpg\" alt=\"\" width=\"405\" height=\"270\" srcset=\"https:\/\/noticiasemdestaque.com\/cd\/wp-content\/uploads\/2017\/09\/concurso-2.jpg 405w, https:\/\/noticiasemdestaque.com\/cd\/wp-content\/uploads\/2017\/09\/concurso-2-300x200.jpg 300w\" sizes=\"(max-width: 405px) 100vw, 405px\" \/><\/a><\/p>\n<p>Foi publicada na\u00a0manh\u00e3 desta quinta-feira, dia 07, a primeira chamada da Universidade Federal de Campina Grande (UFCG) , convocando 1.575 candidatos da lista de espera para o preenchimento de vagas remanescentes da chamada regular do Sistema de Sele\u00e7\u00e3o Unificado (SiSU) 2019.1.<\/p>\n<p>Veja\u00a0<a href=\"http:\/\/apps.sti.ufcg.edu.br\/chamadas-sisu\/2019-1\/1\/\" target=\"_blank\" rel=\"noopener noreferrer\">aqui<\/a>\u00a0a primeira chamada.<\/p>\n<p><strong>\u00a0Cadastramento<\/strong><\/p>\n<p>O cadastramento (registro acad\u00eamico) dos candidatos convocados nesta primeira chamada dever\u00e1 ser realizado na pr\u00f3xima segunda, dia 11, das 8h \u00e0s 11h e das 14h \u00e0s 17h, na coordena\u00e7\u00e3o do curso para qual o estudante foi classificado. O procedimento \u00e9 obrigat\u00f3rio para garantir a vaga na UFCG e dever\u00e1 ser feito presencialmente pelo candidato ou por procurador legalmente constitu\u00eddo para esse fim. No\u00a0<a href=\"http:\/\/comprov.ufcg.edu.br\/files\/Vestibulares\/2019\/2019.1\/legislacao\/Edital%20PRE%20N%C2%BA%2065_%20SiSU%202019.1.pdf\" target=\"_blank\" rel=\"noopener noreferrer\">edital<\/a>\u00a0est\u00e1 detalhada toda a documenta\u00e7\u00e3o necess\u00e1ria.<\/p>\n<p><strong>\u00a0Matr\u00edcula<\/strong><\/p>\n<p>Na terminologia oficial da UFCG, cadastramento e matr\u00edcula s\u00e3o procedimentos diferentes. O cadastramento \u00e9 o procedimento por meio do qual o candidato classificado se torna aluno da UFCG. J\u00e1 a matr\u00edcula \u00e9 o procedimento por meio do qual o aluno define as disciplinas que ir\u00e1 cursar em cada per\u00edodo letivo.<\/p>\n<p>A matr\u00edcula em disciplinas dos alunos ingressantes tamb\u00e9m \u00e9 obrigat\u00f3ria e dever\u00e1 ser realizada no dia 26 de fevereiro, na coordena\u00e7\u00e3o do curso para o qual foi selecionado. As aulas do Per\u00edodo 2019.1 ter\u00e3o in\u00edcio no dia 11 de mar\u00e7o.<\/p>\n<p><strong>\u00a0Chamadas<\/strong><\/p>\n<p>Est\u00e3o previstas at\u00e9 cinco chamadas para os inscritos na lista de espera para cursos da UFCG, conforme a exist\u00eancia de vagas. Cada uma delas respeitar\u00e1 a classifica\u00e7\u00e3o para vagas de ampla concorr\u00eancia e as reservadas para cotas. A segunda chamada ser\u00e1 divulgada no pr\u00f3ximo dia 12.<\/p>\n<p>(Ascom UFCG)<\/p>\n","protected":false},"excerpt":{"rendered":"<p>Foi publicada na\u00a0manh\u00e3 desta quinta-feira, dia 07, a primeira chamada da Universidade Federal de Campina Grande (UFCG) , convocando 1.575 candidatos da lista de espera para o preenchimento de vagas remanescentes da chamada regular do Sistema de Sele\u00e7\u00e3o Unificado (SiSU) 2019.1. Veja\u00a0aqui\u00a0a primeira chamada. \u00a0Cadastramento O cadastramento (registro acad\u00eamico) dos candidatos convocados nesta primeira chamada dever\u00e1 ser realizado na pr\u00f3xima segunda, dia 11, das 8h \u00e0s 11h e das 14h \u00e0s 17h, na coordena\u00e7\u00e3o do curso para qual o estudante foi classificado. O procedimento \u00e9 obrigat\u00f3rio para garantir a vaga na UFCG e dever\u00e1 ser feito presencialmente pelo candidato ou por procurador legalmente constitu\u00eddo para esse fim. No\u00a0edital\u00a0est\u00e1 detalhada toda a documenta\u00e7\u00e3o necess\u00e1ria. \u00a0Matr\u00edcula Na terminologia oficial da UFCG, cadastramento e matr\u00edcula s\u00e3o procedimentos diferentes. O cadastramento \u00e9 o procedimento por meio do qual o candidato classificado se torna aluno da UFCG. J\u00e1 a matr\u00edcula \u00e9 o procedimento por meio do qual o aluno define as disciplinas que ir\u00e1 cursar em cada per\u00edodo letivo. A matr\u00edcula em disciplinas dos alunos ingressantes tamb\u00e9m \u00e9 obrigat\u00f3ria e dever\u00e1 ser realizada no dia 26 de fevereiro, na coordena\u00e7\u00e3o do curso para o qual foi selecionado. As aulas do Per\u00edodo 2019.1 ter\u00e3o in\u00edcio no dia 11 de mar\u00e7o. \u00a0Chamadas Est\u00e3o previstas at\u00e9 cinco chamadas para os inscritos na lista de espera para cursos da UFCG, conforme a exist\u00eancia de vagas. Cada uma delas respeitar\u00e1 a classifica\u00e7\u00e3o para vagas de ampla concorr\u00eancia e as reservadas para cotas. A segunda chamada ser\u00e1 divulgada no pr\u00f3ximo dia 12. (Ascom UFCG)<\/p>\n","protected":false},"author":2,"featured_media":4668,"comment_status":"closed","ping_status":"open","sticky":false,"template":"","format":"standard","meta":{"_eb_attr":"","_jetpack_memberships_contains_paid_content":false,"footnotes":""},"categories":[6],"tags":[],"class_list":["post-15478","post","type-post","status-publish","format-standard","has-post-thumbnail","hentry","category-educacao"],"yoast_head":"<!-- This site is optimized with the Yoast SEO plugin v26.5 - https:\/\/yoast.com\/wordpress\/plugins\/seo\/ -->\n<title>UFCG publica a primeira chamada da lista de espera do SiSU 2019.1 - Not&iacute;cias em Destaque<\/title>\n<meta name=\"robots\" content=\"index, follow, max-snippet:-1, max-image-preview:large, max-video-preview:-1\" \/>\n<link rel=\"canonical\" href=\"https:\/\/noticiasemdestaque.com\/cd\/?p=15478\" \/>\n<meta property=\"og:locale\" content=\"pt_BR\" \/>\n<meta property=\"og:type\" content=\"article\" \/>\n<meta property=\"og:title\" content=\"UFCG publica a primeira chamada da lista de espera do SiSU 2019.1 - Not&iacute;cias em Destaque\" \/>\n<meta property=\"og:description\" content=\"Foi publicada na\u00a0manh\u00e3 desta quinta-feira, dia 07, a primeira chamada da Universidade Federal de Campina Grande (UFCG) , convocando 1.575 candidatos da lista de espera para o preenchimento de vagas remanescentes da chamada regular do Sistema de Sele\u00e7\u00e3o Unificado (SiSU) 2019.1. Veja\u00a0aqui\u00a0a primeira chamada. \u00a0Cadastramento O cadastramento (registro acad\u00eamico) dos candidatos convocados nesta primeira chamada dever\u00e1 ser realizado na pr\u00f3xima segunda, dia 11, das 8h \u00e0s 11h e das 14h \u00e0s 17h, na coordena\u00e7\u00e3o do curso para qual o estudante foi classificado. O procedimento \u00e9 obrigat\u00f3rio para garantir a vaga na UFCG e dever\u00e1 ser feito presencialmente pelo candidato ou por procurador legalmente constitu\u00eddo para esse fim. No\u00a0edital\u00a0est\u00e1 detalhada toda a documenta\u00e7\u00e3o necess\u00e1ria. \u00a0Matr\u00edcula Na terminologia oficial da UFCG, cadastramento e matr\u00edcula s\u00e3o procedimentos diferentes. O cadastramento \u00e9 o procedimento por meio do qual o candidato classificado se torna aluno da UFCG. J\u00e1 a matr\u00edcula \u00e9 o procedimento por meio do qual o aluno define as disciplinas que ir\u00e1 cursar em cada per\u00edodo letivo. A matr\u00edcula em disciplinas dos alunos ingressantes tamb\u00e9m \u00e9 obrigat\u00f3ria e dever\u00e1 ser realizada no dia 26 de fevereiro, na coordena\u00e7\u00e3o do curso para o qual foi selecionado. As aulas do Per\u00edodo 2019.1 ter\u00e3o in\u00edcio no dia 11 de mar\u00e7o. \u00a0Chamadas Est\u00e3o previstas at\u00e9 cinco chamadas para os inscritos na lista de espera para cursos da UFCG, conforme a exist\u00eancia de vagas. Cada uma delas respeitar\u00e1 a classifica\u00e7\u00e3o para vagas de ampla concorr\u00eancia e as reservadas para cotas. A segunda chamada ser\u00e1 divulgada no pr\u00f3ximo dia 12. (Ascom UFCG)\" \/>\n<meta property=\"og:url\" content=\"https:\/\/noticiasemdestaque.com\/cd\/?p=15478\" \/>\n<meta property=\"og:site_name\" content=\"Not&iacute;cias em Destaque\" \/>\n<meta property=\"article:published_time\" content=\"2019-02-12T23:10:14+00:00\" \/>\n<meta property=\"og:image\" content=\"https:\/\/noticiasemdestaque.com\/cd\/wp-content\/uploads\/2017\/09\/concurso-2.jpg\" \/>\n\t<meta property=\"og:image:width\" content=\"405\" \/>\n\t<meta property=\"og:image:height\" content=\"270\" \/>\n\t<meta property=\"og:image:type\" content=\"image\/jpeg\" \/>\n<meta name=\"author\" content=\"Not\u00edcias em Destaque\" \/>\n<meta name=\"twitter:card\" content=\"summary_large_image\" \/>\n<meta name=\"twitter:label1\" content=\"Escrito por\" \/>\n\t<meta name=\"twitter:data1\" content=\"Not\u00edcias em Destaque\" \/>\n\t<meta name=\"twitter:label2\" content=\"Est. tempo de leitura\" \/>\n\t<meta name=\"twitter:data2\" content=\"1 minuto\" \/>\n<script type=\"application\/ld+json\" class=\"yoast-schema-graph\">{\"@context\":\"https:\/\/schema.org\",\"@graph\":[{\"@type\":\"Article\",\"@id\":\"https:\/\/noticiasemdestaque.com\/cd\/?p=15478#article\",\"isPartOf\":{\"@id\":\"https:\/\/noticiasemdestaque.com\/cd\/?p=15478\"},\"author\":{\"name\":\"Not\u00edcias em Destaque\",\"@id\":\"https:\/\/noticiasemdestaque.com\/cd\/#\/schema\/person\/47f7d4f55eec17c6b2ca036c5500f6ce\"},\"headline\":\"UFCG publica a primeira chamada da lista de espera do SiSU 2019.1\",\"datePublished\":\"2019-02-12T23:10:14+00:00\",\"mainEntityOfPage\":{\"@id\":\"https:\/\/noticiasemdestaque.com\/cd\/?p=15478\"},\"wordCount\":282,\"publisher\":{\"@id\":\"https:\/\/noticiasemdestaque.com\/cd\/#organization\"},\"image\":{\"@id\":\"https:\/\/noticiasemdestaque.com\/cd\/?p=15478#primaryimage\"},\"thumbnailUrl\":\"https:\/\/noticiasemdestaque.com\/cd\/wp-content\/uploads\/2017\/09\/concurso-2.jpg\",\"articleSection\":[\"Educa\u00e7\u00e3o\"],\"inLanguage\":\"pt-BR\"},{\"@type\":\"WebPage\",\"@id\":\"https:\/\/noticiasemdestaque.com\/cd\/?p=15478\",\"url\":\"https:\/\/noticiasemdestaque.com\/cd\/?p=15478\",\"name\":\"UFCG publica a primeira chamada da lista de espera do SiSU 2019.1 - Not&iacute;cias em Destaque\",\"isPartOf\":{\"@id\":\"https:\/\/noticiasemdestaque.com\/cd\/#website\"},\"primaryImageOfPage\":{\"@id\":\"https:\/\/noticiasemdestaque.com\/cd\/?p=15478#primaryimage\"},\"image\":{\"@id\":\"https:\/\/noticiasemdestaque.com\/cd\/?p=15478#primaryimage\"},\"thumbnailUrl\":\"https:\/\/noticiasemdestaque.com\/cd\/wp-content\/uploads\/2017\/09\/concurso-2.jpg\",\"datePublished\":\"2019-02-12T23:10:14+00:00\",\"breadcrumb\":{\"@id\":\"https:\/\/noticiasemdestaque.com\/cd\/?p=15478#breadcrumb\"},\"inLanguage\":\"pt-BR\",\"potentialAction\":[{\"@type\":\"ReadAction\",\"target\":[\"https:\/\/noticiasemdestaque.com\/cd\/?p=15478\"]}]},{\"@type\":\"ImageObject\",\"inLanguage\":\"pt-BR\",\"@id\":\"https:\/\/noticiasemdestaque.com\/cd\/?p=15478#primaryimage\",\"url\":\"https:\/\/noticiasemdestaque.com\/cd\/wp-content\/uploads\/2017\/09\/concurso-2.jpg\",\"contentUrl\":\"https:\/\/noticiasemdestaque.com\/cd\/wp-content\/uploads\/2017\/09\/concurso-2.jpg\",\"width\":405,\"height\":270},{\"@type\":\"BreadcrumbList\",\"@id\":\"https:\/\/noticiasemdestaque.com\/cd\/?p=15478#breadcrumb\",\"itemListElement\":[{\"@type\":\"ListItem\",\"position\":1,\"name\":\"In\u00edcio\",\"item\":\"https:\/\/noticiasemdestaque.com\/cd\/\"},{\"@type\":\"ListItem\",\"position\":2,\"name\":\"UFCG publica a primeira chamada da lista de espera do SiSU 2019.1\"}]},{\"@type\":\"WebSite\",\"@id\":\"https:\/\/noticiasemdestaque.com\/cd\/#website\",\"url\":\"https:\/\/noticiasemdestaque.com\/cd\/\",\"name\":\"Not&iacute;cias em Destaque\",\"description\":\"\",\"publisher\":{\"@id\":\"https:\/\/noticiasemdestaque.com\/cd\/#organization\"},\"potentialAction\":[{\"@type\":\"SearchAction\",\"target\":{\"@type\":\"EntryPoint\",\"urlTemplate\":\"https:\/\/noticiasemdestaque.com\/cd\/?s={search_term_string}\"},\"query-input\":{\"@type\":\"PropertyValueSpecification\",\"valueRequired\":true,\"valueName\":\"search_term_string\"}}],\"inLanguage\":\"pt-BR\"},{\"@type\":\"Organization\",\"@id\":\"https:\/\/noticiasemdestaque.com\/cd\/#organization\",\"name\":\"Not\u00edcias em Destaque\",\"url\":\"https:\/\/noticiasemdestaque.com\/cd\/\",\"logo\":{\"@type\":\"ImageObject\",\"inLanguage\":\"pt-BR\",\"@id\":\"https:\/\/noticiasemdestaque.com\/cd\/#\/schema\/logo\/image\/\",\"url\":\"https:\/\/noticiasemdestaque.com\/cd\/wp-content\/uploads\/2022\/05\/imagem-base-noticiasemdestaque.png\",\"contentUrl\":\"https:\/\/noticiasemdestaque.com\/cd\/wp-content\/uploads\/2022\/05\/imagem-base-noticiasemdestaque.png\",\"width\":1200,\"height\":630,\"caption\":\"Not\u00edcias em Destaque\"},\"image\":{\"@id\":\"https:\/\/noticiasemdestaque.com\/cd\/#\/schema\/logo\/image\/\"}},{\"@type\":\"Person\",\"@id\":\"https:\/\/noticiasemdestaque.com\/cd\/#\/schema\/person\/47f7d4f55eec17c6b2ca036c5500f6ce\",\"name\":\"Not\u00edcias em Destaque\",\"url\":\"https:\/\/noticiasemdestaque.com\/cd\/?author=2\"}]}<\/script>\n<!-- \/ Yoast SEO plugin. -->","yoast_head_json":{"title":"UFCG publica a primeira chamada da lista de espera do SiSU 2019.1 - Not&iacute;cias em Destaque","robots":{"index":"index","follow":"follow","max-snippet":"max-snippet:-1","max-image-preview":"max-image-preview:large","max-video-preview":"max-video-preview:-1"},"canonical":"https:\/\/noticiasemdestaque.com\/cd\/?p=15478","og_locale":"pt_BR","og_type":"article","og_title":"UFCG publica a primeira chamada da lista de espera do SiSU 2019.1 - Not&iacute;cias em Destaque","og_description":"Foi publicada na\u00a0manh\u00e3 desta quinta-feira, dia 07, a primeira chamada da Universidade Federal de Campina Grande (UFCG) , convocando 1.575 candidatos da lista de espera para o preenchimento de vagas remanescentes da chamada regular do Sistema de Sele\u00e7\u00e3o Unificado (SiSU) 2019.1. Veja\u00a0aqui\u00a0a primeira chamada. \u00a0Cadastramento O cadastramento (registro acad\u00eamico) dos candidatos convocados nesta primeira chamada dever\u00e1 ser realizado na pr\u00f3xima segunda, dia 11, das 8h \u00e0s 11h e das 14h \u00e0s 17h, na coordena\u00e7\u00e3o do curso para qual o estudante foi classificado. O procedimento \u00e9 obrigat\u00f3rio para garantir a vaga na UFCG e dever\u00e1 ser feito presencialmente pelo candidato ou por procurador legalmente constitu\u00eddo para esse fim. No\u00a0edital\u00a0est\u00e1 detalhada toda a documenta\u00e7\u00e3o necess\u00e1ria. \u00a0Matr\u00edcula Na terminologia oficial da UFCG, cadastramento e matr\u00edcula s\u00e3o procedimentos diferentes. O cadastramento \u00e9 o procedimento por meio do qual o candidato classificado se torna aluno da UFCG. J\u00e1 a matr\u00edcula \u00e9 o procedimento por meio do qual o aluno define as disciplinas que ir\u00e1 cursar em cada per\u00edodo letivo. A matr\u00edcula em disciplinas dos alunos ingressantes tamb\u00e9m \u00e9 obrigat\u00f3ria e dever\u00e1 ser realizada no dia 26 de fevereiro, na coordena\u00e7\u00e3o do curso para o qual foi selecionado. As aulas do Per\u00edodo 2019.1 ter\u00e3o in\u00edcio no dia 11 de mar\u00e7o. \u00a0Chamadas Est\u00e3o previstas at\u00e9 cinco chamadas para os inscritos na lista de espera para cursos da UFCG, conforme a exist\u00eancia de vagas. Cada uma delas respeitar\u00e1 a classifica\u00e7\u00e3o para vagas de ampla concorr\u00eancia e as reservadas para cotas. A segunda chamada ser\u00e1 divulgada no pr\u00f3ximo dia 12. (Ascom UFCG)","og_url":"https:\/\/noticiasemdestaque.com\/cd\/?p=15478","og_site_name":"Not&iacute;cias em Destaque","article_published_time":"2019-02-12T23:10:14+00:00","og_image":[{"width":405,"height":270,"url":"https:\/\/noticiasemdestaque.com\/cd\/wp-content\/uploads\/2017\/09\/concurso-2.jpg","type":"image\/jpeg"}],"author":"Not\u00edcias em Destaque","twitter_card":"summary_large_image","twitter_misc":{"Escrito por":"Not\u00edcias em Destaque","Est. tempo de leitura":"1 minuto"},"schema":{"@context":"https:\/\/schema.org","@graph":[{"@type":"Article","@id":"https:\/\/noticiasemdestaque.com\/cd\/?p=15478#article","isPartOf":{"@id":"https:\/\/noticiasemdestaque.com\/cd\/?p=15478"},"author":{"name":"Not\u00edcias em Destaque","@id":"https:\/\/noticiasemdestaque.com\/cd\/#\/schema\/person\/47f7d4f55eec17c6b2ca036c5500f6ce"},"headline":"UFCG publica a primeira chamada da lista de espera do SiSU 2019.1","datePublished":"2019-02-12T23:10:14+00:00","mainEntityOfPage":{"@id":"https:\/\/noticiasemdestaque.com\/cd\/?p=15478"},"wordCount":282,"publisher":{"@id":"https:\/\/noticiasemdestaque.com\/cd\/#organization"},"image":{"@id":"https:\/\/noticiasemdestaque.com\/cd\/?p=15478#primaryimage"},"thumbnailUrl":"https:\/\/noticiasemdestaque.com\/cd\/wp-content\/uploads\/2017\/09\/concurso-2.jpg","articleSection":["Educa\u00e7\u00e3o"],"inLanguage":"pt-BR"},{"@type":"WebPage","@id":"https:\/\/noticiasemdestaque.com\/cd\/?p=15478","url":"https:\/\/noticiasemdestaque.com\/cd\/?p=15478","name":"UFCG publica a primeira chamada da lista de espera do SiSU 2019.1 - Not&iacute;cias em Destaque","isPartOf":{"@id":"https:\/\/noticiasemdestaque.com\/cd\/#website"},"primaryImageOfPage":{"@id":"https:\/\/noticiasemdestaque.com\/cd\/?p=15478#primaryimage"},"image":{"@id":"https:\/\/noticiasemdestaque.com\/cd\/?p=15478#primaryimage"},"thumbnailUrl":"https:\/\/noticiasemdestaque.com\/cd\/wp-content\/uploads\/2017\/09\/concurso-2.jpg","datePublished":"2019-02-12T23:10:14+00:00","breadcrumb":{"@id":"https:\/\/noticiasemdestaque.com\/cd\/?p=15478#breadcrumb"},"inLanguage":"pt-BR","potentialAction":[{"@type":"ReadAction","target":["https:\/\/noticiasemdestaque.com\/cd\/?p=15478"]}]},{"@type":"ImageObject","inLanguage":"pt-BR","@id":"https:\/\/noticiasemdestaque.com\/cd\/?p=15478#primaryimage","url":"https:\/\/noticiasemdestaque.com\/cd\/wp-content\/uploads\/2017\/09\/concurso-2.jpg","contentUrl":"https:\/\/noticiasemdestaque.com\/cd\/wp-content\/uploads\/2017\/09\/concurso-2.jpg","width":405,"height":270},{"@type":"BreadcrumbList","@id":"https:\/\/noticiasemdestaque.com\/cd\/?p=15478#breadcrumb","itemListElement":[{"@type":"ListItem","position":1,"name":"In\u00edcio","item":"https:\/\/noticiasemdestaque.com\/cd\/"},{"@type":"ListItem","position":2,"name":"UFCG publica a primeira chamada da lista de espera do SiSU 2019.1"}]},{"@type":"WebSite","@id":"https:\/\/noticiasemdestaque.com\/cd\/#website","url":"https:\/\/noticiasemdestaque.com\/cd\/","name":"Not&iacute;cias em Destaque","description":"","publisher":{"@id":"https:\/\/noticiasemdestaque.com\/cd\/#organization"},"potentialAction":[{"@type":"SearchAction","target":{"@type":"EntryPoint","urlTemplate":"https:\/\/noticiasemdestaque.com\/cd\/?s={search_term_string}"},"query-input":{"@type":"PropertyValueSpecification","valueRequired":true,"valueName":"search_term_string"}}],"inLanguage":"pt-BR"},{"@type":"Organization","@id":"https:\/\/noticiasemdestaque.com\/cd\/#organization","name":"Not\u00edcias em Destaque","url":"https:\/\/noticiasemdestaque.com\/cd\/","logo":{"@type":"ImageObject","inLanguage":"pt-BR","@id":"https:\/\/noticiasemdestaque.com\/cd\/#\/schema\/logo\/image\/","url":"https:\/\/noticiasemdestaque.com\/cd\/wp-content\/uploads\/2022\/05\/imagem-base-noticiasemdestaque.png","contentUrl":"https:\/\/noticiasemdestaque.com\/cd\/wp-content\/uploads\/2022\/05\/imagem-base-noticiasemdestaque.png","width":1200,"height":630,"caption":"Not\u00edcias em Destaque"},"image":{"@id":"https:\/\/noticiasemdestaque.com\/cd\/#\/schema\/logo\/image\/"}},{"@type":"Person","@id":"https:\/\/noticiasemdestaque.com\/cd\/#\/schema\/person\/47f7d4f55eec17c6b2ca036c5500f6ce","name":"Not\u00edcias em Destaque","url":"https:\/\/noticiasemdestaque.com\/cd\/?author=2"}]}},"jetpack_featured_media_url":"https:\/\/noticiasemdestaque.com\/cd\/wp-content\/uploads\/2017\/09\/concurso-2.jpg","jetpack_sharing_enabled":true,"_links":{"self":[{"href":"https:\/\/noticiasemdestaque.com\/cd\/index.php?rest_route=\/wp\/v2\/posts\/15478","targetHints":{"allow":["GET"]}}],"collection":[{"href":"https:\/\/noticiasemdestaque.com\/cd\/index.php?rest_route=\/wp\/v2\/posts"}],"about":[{"href":"https:\/\/noticiasemdestaque.com\/cd\/index.php?rest_route=\/wp\/v2\/types\/post"}],"author":[{"embeddable":true,"href":"https:\/\/noticiasemdestaque.com\/cd\/index.php?rest_route=\/wp\/v2\/users\/2"}],"replies":[{"embeddable":true,"href":"https:\/\/noticiasemdestaque.com\/cd\/index.php?rest_route=%2Fwp%2Fv2%2Fcomments&post=15478"}],"version-history":[{"count":1,"href":"https:\/\/noticiasemdestaque.com\/cd\/index.php?rest_route=\/wp\/v2\/posts\/15478\/revisions"}],"predecessor-version":[{"id":15479,"href":"https:\/\/noticiasemdestaque.com\/cd\/index.php?rest_route=\/wp\/v2\/posts\/15478\/revisions\/15479"}],"wp:featuredmedia":[{"embeddable":true,"href":"https:\/\/noticiasemdestaque.com\/cd\/index.php?rest_route=\/wp\/v2\/media\/4668"}],"wp:attachment":[{"href":"https:\/\/noticiasemdestaque.com\/cd\/index.php?rest_route=%2Fwp%2Fv2%2Fmedia&parent=15478"}],"wp:term":[{"taxonomy":"category","embeddable":true,"href":"https:\/\/noticiasemdestaque.com\/cd\/index.php?rest_route=%2Fwp%2Fv2%2Fcategories&post=15478"},{"taxonomy":"post_tag","embeddable":true,"href":"https:\/\/noticiasemdestaque.com\/cd\/index.php?rest_route=%2Fwp%2Fv2%2Ftags&post=15478"}],"curies":[{"name":"wp","href":"https:\/\/api.w.org\/{rel}","templated":true}]}}