{"id":15475,"date":"2019-02-12T20:03:47","date_gmt":"2019-02-12T23:03:47","guid":{"rendered":"http:\/\/noticiasemdestaque.com\/cd\/?p=15475"},"modified":"2019-02-12T20:03:47","modified_gmt":"2019-02-12T23:03:47","slug":"frei-anastacio-cobra-energisa-ligacao-para-a-escola-tecnica-de-serra-branca","status":"publish","type":"post","link":"https:\/\/noticiasemdestaque.com\/cd\/?p=15475","title":{"rendered":"Frei Anast\u00e1cio cobra ENERGISA liga\u00e7\u00e3o para a Escola T\u00e9cnica de Serra Branca."},"content":{"rendered":"<p><a href=\"https:\/\/noticiasemdestaque.com\/cd\/wp-content\/uploads\/2019\/02\/ROC_8595__7__ok.jpg\"><img fetchpriority=\"high\" decoding=\"async\" class=\"size-full wp-image-15476 aligncenter\" src=\"https:\/\/noticiasemdestaque.com\/cd\/wp-content\/uploads\/2019\/02\/ROC_8595__7__ok.jpg\" alt=\"\" width=\"500\" height=\"332\" srcset=\"https:\/\/noticiasemdestaque.com\/cd\/wp-content\/uploads\/2019\/02\/ROC_8595__7__ok.jpg 500w, https:\/\/noticiasemdestaque.com\/cd\/wp-content\/uploads\/2019\/02\/ROC_8595__7__ok-300x199.jpg 300w, https:\/\/noticiasemdestaque.com\/cd\/wp-content\/uploads\/2019\/02\/ROC_8595__7__ok-480x320.jpg 480w\" sizes=\"(max-width: 500px) 100vw, 500px\" \/><\/a><\/p>\n<p>O mandato do deputado federal Frei Anast\u00e1cio cobra \u00e0 Energisa o fornecimento de energia el\u00e9trica para a Escola Cidad\u00e3 Integral e T\u00e9cnica In\u00e1cio Antonino, localizada na cidade de Serra Branca.<\/p>\n<p>O pr\u00e9dio da Escola T\u00e9cnica de Serra Branca, como tamb\u00e9m \u00e9 conhecida, foi inaugurado pelo governador Ricardo Coutinho em dezembro de 2018. Uma obra de 17 milh\u00f5es de reais em uma \u00e1rea de doze mil metros quadrados, para formar t\u00e9cnicos de n\u00edvel m\u00e9dio na regi\u00e3o.<\/p>\n<p>O in\u00edcio das aulas em 2019 seria no dia 11 de fevereiro, mas foi adiado para o pr\u00f3ximo dia 19, exatamente porque a empresa concession\u00e1ria ainda n\u00e3o tomou as medidas cab\u00edveis.<\/p>\n<p>\u201cO governo da Para\u00edba fez a sua parte ao concluir e entregar ao povo do Cariri uma obra magn\u00edfica para a educa\u00e7\u00e3o p\u00fablica e que j\u00e1 conta com centenas de jovens estudantes matriculados. Queremos solu\u00e7\u00f5es\u201d, declarou o deputado federal do PT, Frei Anast\u00e1cio.<\/p>\n","protected":false},"excerpt":{"rendered":"<p>O mandato do deputado federal Frei Anast\u00e1cio cobra \u00e0 Energisa o fornecimento de energia el\u00e9trica para a Escola Cidad\u00e3 Integral e T\u00e9cnica In\u00e1cio Antonino, localizada na cidade de Serra Branca. O pr\u00e9dio da Escola T\u00e9cnica de Serra Branca, como tamb\u00e9m \u00e9 conhecida, foi inaugurado pelo governador Ricardo Coutinho em dezembro de 2018. Uma obra de 17 milh\u00f5es de reais em uma \u00e1rea de doze mil metros quadrados, para formar t\u00e9cnicos de n\u00edvel m\u00e9dio na regi\u00e3o. O in\u00edcio das aulas em 2019 seria no dia 11 de fevereiro, mas foi adiado para o pr\u00f3ximo dia 19, exatamente porque a empresa concession\u00e1ria ainda n\u00e3o tomou as medidas cab\u00edveis. \u201cO governo da Para\u00edba fez a sua parte ao concluir e entregar ao povo do Cariri uma obra magn\u00edfica para a educa\u00e7\u00e3o p\u00fablica e que j\u00e1 conta com centenas de jovens estudantes matriculados. Queremos solu\u00e7\u00f5es\u201d, declarou o deputado federal do PT, Frei Anast\u00e1cio.<\/p>\n","protected":false},"author":2,"featured_media":15476,"comment_status":"closed","ping_status":"open","sticky":false,"template":"","format":"standard","meta":{"_eb_attr":"","_jetpack_memberships_contains_paid_content":false,"footnotes":""},"categories":[4],"tags":[],"class_list":["post-15475","post","type-post","status-publish","format-standard","has-post-thumbnail","hentry","category-politica"],"yoast_head":"<!-- This site is optimized with the Yoast SEO plugin v26.5 - https:\/\/yoast.com\/wordpress\/plugins\/seo\/ -->\n<title>Frei Anast\u00e1cio cobra ENERGISA liga\u00e7\u00e3o para a Escola T\u00e9cnica de Serra Branca. - Not&iacute;cias em Destaque<\/title>\n<meta name=\"robots\" content=\"index, follow, max-snippet:-1, max-image-preview:large, max-video-preview:-1\" \/>\n<link rel=\"canonical\" href=\"https:\/\/noticiasemdestaque.com\/cd\/?p=15475\" \/>\n<meta property=\"og:locale\" content=\"pt_BR\" \/>\n<meta property=\"og:type\" content=\"article\" \/>\n<meta property=\"og:title\" content=\"Frei Anast\u00e1cio cobra ENERGISA liga\u00e7\u00e3o para a Escola T\u00e9cnica de Serra Branca. - Not&iacute;cias em Destaque\" \/>\n<meta property=\"og:description\" content=\"O mandato do deputado federal Frei Anast\u00e1cio cobra \u00e0 Energisa o fornecimento de energia el\u00e9trica para a Escola Cidad\u00e3 Integral e T\u00e9cnica In\u00e1cio Antonino, localizada na cidade de Serra Branca. O pr\u00e9dio da Escola T\u00e9cnica de Serra Branca, como tamb\u00e9m \u00e9 conhecida, foi inaugurado pelo governador Ricardo Coutinho em dezembro de 2018. Uma obra de 17 milh\u00f5es de reais em uma \u00e1rea de doze mil metros quadrados, para formar t\u00e9cnicos de n\u00edvel m\u00e9dio na regi\u00e3o. O in\u00edcio das aulas em 2019 seria no dia 11 de fevereiro, mas foi adiado para o pr\u00f3ximo dia 19, exatamente porque a empresa concession\u00e1ria ainda n\u00e3o tomou as medidas cab\u00edveis. \u201cO governo da Para\u00edba fez a sua parte ao concluir e entregar ao povo do Cariri uma obra magn\u00edfica para a educa\u00e7\u00e3o p\u00fablica e que j\u00e1 conta com centenas de jovens estudantes matriculados. Queremos solu\u00e7\u00f5es\u201d, declarou o deputado federal do PT, Frei Anast\u00e1cio.\" \/>\n<meta property=\"og:url\" content=\"https:\/\/noticiasemdestaque.com\/cd\/?p=15475\" \/>\n<meta property=\"og:site_name\" content=\"Not&iacute;cias em Destaque\" \/>\n<meta property=\"article:published_time\" content=\"2019-02-12T23:03:47+00:00\" \/>\n<meta property=\"og:image\" content=\"https:\/\/noticiasemdestaque.com\/cd\/wp-content\/uploads\/2019\/02\/ROC_8595__7__ok.jpg\" \/>\n\t<meta property=\"og:image:width\" content=\"500\" \/>\n\t<meta property=\"og:image:height\" content=\"332\" \/>\n\t<meta property=\"og:image:type\" content=\"image\/jpeg\" \/>\n<meta name=\"author\" content=\"Not\u00edcias em Destaque\" \/>\n<meta name=\"twitter:card\" content=\"summary_large_image\" \/>\n<meta name=\"twitter:label1\" content=\"Escrito por\" \/>\n\t<meta name=\"twitter:data1\" content=\"Not\u00edcias em Destaque\" \/>\n\t<meta name=\"twitter:label2\" content=\"Est. tempo de leitura\" \/>\n\t<meta name=\"twitter:data2\" content=\"1 minuto\" \/>\n<script type=\"application\/ld+json\" class=\"yoast-schema-graph\">{\"@context\":\"https:\/\/schema.org\",\"@graph\":[{\"@type\":\"Article\",\"@id\":\"https:\/\/noticiasemdestaque.com\/cd\/?p=15475#article\",\"isPartOf\":{\"@id\":\"https:\/\/noticiasemdestaque.com\/cd\/?p=15475\"},\"author\":{\"name\":\"Not\u00edcias em Destaque\",\"@id\":\"https:\/\/noticiasemdestaque.com\/cd\/#\/schema\/person\/47f7d4f55eec17c6b2ca036c5500f6ce\"},\"headline\":\"Frei Anast\u00e1cio cobra ENERGISA liga\u00e7\u00e3o para a Escola T\u00e9cnica de Serra Branca.\",\"datePublished\":\"2019-02-12T23:03:47+00:00\",\"mainEntityOfPage\":{\"@id\":\"https:\/\/noticiasemdestaque.com\/cd\/?p=15475\"},\"wordCount\":180,\"publisher\":{\"@id\":\"https:\/\/noticiasemdestaque.com\/cd\/#organization\"},\"image\":{\"@id\":\"https:\/\/noticiasemdestaque.com\/cd\/?p=15475#primaryimage\"},\"thumbnailUrl\":\"https:\/\/noticiasemdestaque.com\/cd\/wp-content\/uploads\/2019\/02\/ROC_8595__7__ok.jpg\",\"articleSection\":[\"Pol\u00edtica\"],\"inLanguage\":\"pt-BR\"},{\"@type\":\"WebPage\",\"@id\":\"https:\/\/noticiasemdestaque.com\/cd\/?p=15475\",\"url\":\"https:\/\/noticiasemdestaque.com\/cd\/?p=15475\",\"name\":\"Frei Anast\u00e1cio cobra ENERGISA liga\u00e7\u00e3o para a Escola T\u00e9cnica de Serra Branca. - Not&iacute;cias em Destaque\",\"isPartOf\":{\"@id\":\"https:\/\/noticiasemdestaque.com\/cd\/#website\"},\"primaryImageOfPage\":{\"@id\":\"https:\/\/noticiasemdestaque.com\/cd\/?p=15475#primaryimage\"},\"image\":{\"@id\":\"https:\/\/noticiasemdestaque.com\/cd\/?p=15475#primaryimage\"},\"thumbnailUrl\":\"https:\/\/noticiasemdestaque.com\/cd\/wp-content\/uploads\/2019\/02\/ROC_8595__7__ok.jpg\",\"datePublished\":\"2019-02-12T23:03:47+00:00\",\"breadcrumb\":{\"@id\":\"https:\/\/noticiasemdestaque.com\/cd\/?p=15475#breadcrumb\"},\"inLanguage\":\"pt-BR\",\"potentialAction\":[{\"@type\":\"ReadAction\",\"target\":[\"https:\/\/noticiasemdestaque.com\/cd\/?p=15475\"]}]},{\"@type\":\"ImageObject\",\"inLanguage\":\"pt-BR\",\"@id\":\"https:\/\/noticiasemdestaque.com\/cd\/?p=15475#primaryimage\",\"url\":\"https:\/\/noticiasemdestaque.com\/cd\/wp-content\/uploads\/2019\/02\/ROC_8595__7__ok.jpg\",\"contentUrl\":\"https:\/\/noticiasemdestaque.com\/cd\/wp-content\/uploads\/2019\/02\/ROC_8595__7__ok.jpg\",\"width\":500,\"height\":332},{\"@type\":\"BreadcrumbList\",\"@id\":\"https:\/\/noticiasemdestaque.com\/cd\/?p=15475#breadcrumb\",\"itemListElement\":[{\"@type\":\"ListItem\",\"position\":1,\"name\":\"In\u00edcio\",\"item\":\"https:\/\/noticiasemdestaque.com\/cd\/\"},{\"@type\":\"ListItem\",\"position\":2,\"name\":\"Frei Anast\u00e1cio cobra ENERGISA liga\u00e7\u00e3o para a Escola T\u00e9cnica de Serra Branca.\"}]},{\"@type\":\"WebSite\",\"@id\":\"https:\/\/noticiasemdestaque.com\/cd\/#website\",\"url\":\"https:\/\/noticiasemdestaque.com\/cd\/\",\"name\":\"Not&iacute;cias em Destaque\",\"description\":\"\",\"publisher\":{\"@id\":\"https:\/\/noticiasemdestaque.com\/cd\/#organization\"},\"potentialAction\":[{\"@type\":\"SearchAction\",\"target\":{\"@type\":\"EntryPoint\",\"urlTemplate\":\"https:\/\/noticiasemdestaque.com\/cd\/?s={search_term_string}\"},\"query-input\":{\"@type\":\"PropertyValueSpecification\",\"valueRequired\":true,\"valueName\":\"search_term_string\"}}],\"inLanguage\":\"pt-BR\"},{\"@type\":\"Organization\",\"@id\":\"https:\/\/noticiasemdestaque.com\/cd\/#organization\",\"name\":\"Not\u00edcias em Destaque\",\"url\":\"https:\/\/noticiasemdestaque.com\/cd\/\",\"logo\":{\"@type\":\"ImageObject\",\"inLanguage\":\"pt-BR\",\"@id\":\"https:\/\/noticiasemdestaque.com\/cd\/#\/schema\/logo\/image\/\",\"url\":\"https:\/\/noticiasemdestaque.com\/cd\/wp-content\/uploads\/2022\/05\/imagem-base-noticiasemdestaque.png\",\"contentUrl\":\"https:\/\/noticiasemdestaque.com\/cd\/wp-content\/uploads\/2022\/05\/imagem-base-noticiasemdestaque.png\",\"width\":1200,\"height\":630,\"caption\":\"Not\u00edcias em Destaque\"},\"image\":{\"@id\":\"https:\/\/noticiasemdestaque.com\/cd\/#\/schema\/logo\/image\/\"}},{\"@type\":\"Person\",\"@id\":\"https:\/\/noticiasemdestaque.com\/cd\/#\/schema\/person\/47f7d4f55eec17c6b2ca036c5500f6ce\",\"name\":\"Not\u00edcias em Destaque\",\"url\":\"https:\/\/noticiasemdestaque.com\/cd\/?author=2\"}]}<\/script>\n<!-- \/ Yoast SEO plugin. -->","yoast_head_json":{"title":"Frei Anast\u00e1cio cobra ENERGISA liga\u00e7\u00e3o para a Escola T\u00e9cnica de Serra Branca. - Not&iacute;cias em Destaque","robots":{"index":"index","follow":"follow","max-snippet":"max-snippet:-1","max-image-preview":"max-image-preview:large","max-video-preview":"max-video-preview:-1"},"canonical":"https:\/\/noticiasemdestaque.com\/cd\/?p=15475","og_locale":"pt_BR","og_type":"article","og_title":"Frei Anast\u00e1cio cobra ENERGISA liga\u00e7\u00e3o para a Escola T\u00e9cnica de Serra Branca. - Not&iacute;cias em Destaque","og_description":"O mandato do deputado federal Frei Anast\u00e1cio cobra \u00e0 Energisa o fornecimento de energia el\u00e9trica para a Escola Cidad\u00e3 Integral e T\u00e9cnica In\u00e1cio Antonino, localizada na cidade de Serra Branca. O pr\u00e9dio da Escola T\u00e9cnica de Serra Branca, como tamb\u00e9m \u00e9 conhecida, foi inaugurado pelo governador Ricardo Coutinho em dezembro de 2018. Uma obra de 17 milh\u00f5es de reais em uma \u00e1rea de doze mil metros quadrados, para formar t\u00e9cnicos de n\u00edvel m\u00e9dio na regi\u00e3o. O in\u00edcio das aulas em 2019 seria no dia 11 de fevereiro, mas foi adiado para o pr\u00f3ximo dia 19, exatamente porque a empresa concession\u00e1ria ainda n\u00e3o tomou as medidas cab\u00edveis. \u201cO governo da Para\u00edba fez a sua parte ao concluir e entregar ao povo do Cariri uma obra magn\u00edfica para a educa\u00e7\u00e3o p\u00fablica e que j\u00e1 conta com centenas de jovens estudantes matriculados. Queremos solu\u00e7\u00f5es\u201d, declarou o deputado federal do PT, Frei Anast\u00e1cio.","og_url":"https:\/\/noticiasemdestaque.com\/cd\/?p=15475","og_site_name":"Not&iacute;cias em Destaque","article_published_time":"2019-02-12T23:03:47+00:00","og_image":[{"width":500,"height":332,"url":"https:\/\/noticiasemdestaque.com\/cd\/wp-content\/uploads\/2019\/02\/ROC_8595__7__ok.jpg","type":"image\/jpeg"}],"author":"Not\u00edcias em Destaque","twitter_card":"summary_large_image","twitter_misc":{"Escrito por":"Not\u00edcias em Destaque","Est. tempo de leitura":"1 minuto"},"schema":{"@context":"https:\/\/schema.org","@graph":[{"@type":"Article","@id":"https:\/\/noticiasemdestaque.com\/cd\/?p=15475#article","isPartOf":{"@id":"https:\/\/noticiasemdestaque.com\/cd\/?p=15475"},"author":{"name":"Not\u00edcias em Destaque","@id":"https:\/\/noticiasemdestaque.com\/cd\/#\/schema\/person\/47f7d4f55eec17c6b2ca036c5500f6ce"},"headline":"Frei Anast\u00e1cio cobra ENERGISA liga\u00e7\u00e3o para a Escola T\u00e9cnica de Serra Branca.","datePublished":"2019-02-12T23:03:47+00:00","mainEntityOfPage":{"@id":"https:\/\/noticiasemdestaque.com\/cd\/?p=15475"},"wordCount":180,"publisher":{"@id":"https:\/\/noticiasemdestaque.com\/cd\/#organization"},"image":{"@id":"https:\/\/noticiasemdestaque.com\/cd\/?p=15475#primaryimage"},"thumbnailUrl":"https:\/\/noticiasemdestaque.com\/cd\/wp-content\/uploads\/2019\/02\/ROC_8595__7__ok.jpg","articleSection":["Pol\u00edtica"],"inLanguage":"pt-BR"},{"@type":"WebPage","@id":"https:\/\/noticiasemdestaque.com\/cd\/?p=15475","url":"https:\/\/noticiasemdestaque.com\/cd\/?p=15475","name":"Frei Anast\u00e1cio cobra ENERGISA liga\u00e7\u00e3o para a Escola T\u00e9cnica de Serra Branca. - Not&iacute;cias em Destaque","isPartOf":{"@id":"https:\/\/noticiasemdestaque.com\/cd\/#website"},"primaryImageOfPage":{"@id":"https:\/\/noticiasemdestaque.com\/cd\/?p=15475#primaryimage"},"image":{"@id":"https:\/\/noticiasemdestaque.com\/cd\/?p=15475#primaryimage"},"thumbnailUrl":"https:\/\/noticiasemdestaque.com\/cd\/wp-content\/uploads\/2019\/02\/ROC_8595__7__ok.jpg","datePublished":"2019-02-12T23:03:47+00:00","breadcrumb":{"@id":"https:\/\/noticiasemdestaque.com\/cd\/?p=15475#breadcrumb"},"inLanguage":"pt-BR","potentialAction":[{"@type":"ReadAction","target":["https:\/\/noticiasemdestaque.com\/cd\/?p=15475"]}]},{"@type":"ImageObject","inLanguage":"pt-BR","@id":"https:\/\/noticiasemdestaque.com\/cd\/?p=15475#primaryimage","url":"https:\/\/noticiasemdestaque.com\/cd\/wp-content\/uploads\/2019\/02\/ROC_8595__7__ok.jpg","contentUrl":"https:\/\/noticiasemdestaque.com\/cd\/wp-content\/uploads\/2019\/02\/ROC_8595__7__ok.jpg","width":500,"height":332},{"@type":"BreadcrumbList","@id":"https:\/\/noticiasemdestaque.com\/cd\/?p=15475#breadcrumb","itemListElement":[{"@type":"ListItem","position":1,"name":"In\u00edcio","item":"https:\/\/noticiasemdestaque.com\/cd\/"},{"@type":"ListItem","position":2,"name":"Frei Anast\u00e1cio cobra ENERGISA liga\u00e7\u00e3o para a Escola T\u00e9cnica de Serra Branca."}]},{"@type":"WebSite","@id":"https:\/\/noticiasemdestaque.com\/cd\/#website","url":"https:\/\/noticiasemdestaque.com\/cd\/","name":"Not&iacute;cias em Destaque","description":"","publisher":{"@id":"https:\/\/noticiasemdestaque.com\/cd\/#organization"},"potentialAction":[{"@type":"SearchAction","target":{"@type":"EntryPoint","urlTemplate":"https:\/\/noticiasemdestaque.com\/cd\/?s={search_term_string}"},"query-input":{"@type":"PropertyValueSpecification","valueRequired":true,"valueName":"search_term_string"}}],"inLanguage":"pt-BR"},{"@type":"Organization","@id":"https:\/\/noticiasemdestaque.com\/cd\/#organization","name":"Not\u00edcias em Destaque","url":"https:\/\/noticiasemdestaque.com\/cd\/","logo":{"@type":"ImageObject","inLanguage":"pt-BR","@id":"https:\/\/noticiasemdestaque.com\/cd\/#\/schema\/logo\/image\/","url":"https:\/\/noticiasemdestaque.com\/cd\/wp-content\/uploads\/2022\/05\/imagem-base-noticiasemdestaque.png","contentUrl":"https:\/\/noticiasemdestaque.com\/cd\/wp-content\/uploads\/2022\/05\/imagem-base-noticiasemdestaque.png","width":1200,"height":630,"caption":"Not\u00edcias em Destaque"},"image":{"@id":"https:\/\/noticiasemdestaque.com\/cd\/#\/schema\/logo\/image\/"}},{"@type":"Person","@id":"https:\/\/noticiasemdestaque.com\/cd\/#\/schema\/person\/47f7d4f55eec17c6b2ca036c5500f6ce","name":"Not\u00edcias em Destaque","url":"https:\/\/noticiasemdestaque.com\/cd\/?author=2"}]}},"jetpack_featured_media_url":"https:\/\/noticiasemdestaque.com\/cd\/wp-content\/uploads\/2019\/02\/ROC_8595__7__ok.jpg","jetpack_sharing_enabled":true,"_links":{"self":[{"href":"https:\/\/noticiasemdestaque.com\/cd\/index.php?rest_route=\/wp\/v2\/posts\/15475","targetHints":{"allow":["GET"]}}],"collection":[{"href":"https:\/\/noticiasemdestaque.com\/cd\/index.php?rest_route=\/wp\/v2\/posts"}],"about":[{"href":"https:\/\/noticiasemdestaque.com\/cd\/index.php?rest_route=\/wp\/v2\/types\/post"}],"author":[{"embeddable":true,"href":"https:\/\/noticiasemdestaque.com\/cd\/index.php?rest_route=\/wp\/v2\/users\/2"}],"replies":[{"embeddable":true,"href":"https:\/\/noticiasemdestaque.com\/cd\/index.php?rest_route=%2Fwp%2Fv2%2Fcomments&post=15475"}],"version-history":[{"count":1,"href":"https:\/\/noticiasemdestaque.com\/cd\/index.php?rest_route=\/wp\/v2\/posts\/15475\/revisions"}],"predecessor-version":[{"id":15477,"href":"https:\/\/noticiasemdestaque.com\/cd\/index.php?rest_route=\/wp\/v2\/posts\/15475\/revisions\/15477"}],"wp:featuredmedia":[{"embeddable":true,"href":"https:\/\/noticiasemdestaque.com\/cd\/index.php?rest_route=\/wp\/v2\/media\/15476"}],"wp:attachment":[{"href":"https:\/\/noticiasemdestaque.com\/cd\/index.php?rest_route=%2Fwp%2Fv2%2Fmedia&parent=15475"}],"wp:term":[{"taxonomy":"category","embeddable":true,"href":"https:\/\/noticiasemdestaque.com\/cd\/index.php?rest_route=%2Fwp%2Fv2%2Fcategories&post=15475"},{"taxonomy":"post_tag","embeddable":true,"href":"https:\/\/noticiasemdestaque.com\/cd\/index.php?rest_route=%2Fwp%2Fv2%2Ftags&post=15475"}],"curies":[{"name":"wp","href":"https:\/\/api.w.org\/{rel}","templated":true}]}}