{"id":15455,"date":"2019-02-11T21:11:37","date_gmt":"2019-02-12T00:11:37","guid":{"rendered":"http:\/\/noticiasemdestaque.com\/cd\/?p=15455"},"modified":"2019-02-11T21:11:37","modified_gmt":"2019-02-12T00:11:37","slug":"saude-e-mais-tres-ministerios-firmam-carta-compromisso-para-prevencao-da-gravidez-na-adolescencia","status":"publish","type":"post","link":"https:\/\/noticiasemdestaque.com\/cd\/?p=15455","title":{"rendered":"Sa\u00fade e mais tr\u00eas minist\u00e9rios firmam carta compromisso para preven\u00e7\u00e3o da gravidez na adolesc\u00eancia"},"content":{"rendered":"<p><a href=\"https:\/\/noticiasemdestaque.com\/cd\/wp-content\/uploads\/2019\/02\/capa-adolescente-gravidez.jpg\"><img fetchpriority=\"high\" decoding=\"async\" class=\"wp-image-15456 aligncenter\" src=\"https:\/\/noticiasemdestaque.com\/cd\/wp-content\/uploads\/2019\/02\/capa-adolescente-gravidez.jpg\" alt=\"\" width=\"501\" height=\"267\" srcset=\"https:\/\/noticiasemdestaque.com\/cd\/wp-content\/uploads\/2019\/02\/capa-adolescente-gravidez.jpg 750w, https:\/\/noticiasemdestaque.com\/cd\/wp-content\/uploads\/2019\/02\/capa-adolescente-gravidez-300x160.jpg 300w\" sizes=\"(max-width: 501px) 100vw, 501px\" \/><\/a><\/p>\n<p>A partir de agora a\u00e7\u00f5es de preven\u00e7\u00e3o da gravidez na adolesc\u00eancia estar\u00e3o previstas em agenda intersetorial, envolvendo conjuntamente a participa\u00e7\u00e3o de quatro minist\u00e9rios.<\/p>\n<p>A nova medida, que dever\u00e1 ser implementada at\u00e9 2022, est\u00e1 garantida em carta compromisso assinada pelos Minist\u00e9rios da Sa\u00fade; da Mulher, da Fam\u00edlia e dos Direitos Humanos; Minist\u00e9rio da Cidadania; e da Educa\u00e7\u00e3o.<\/p>\n<p>O an\u00fancio, que ocorreu em Bras\u00edlia, marca a Semana Nacional de Preven\u00e7\u00e3o da Gravidez na Adolesc\u00eancia (01 a 08 de fevereiro), institu\u00edda por meio da Lei 13.798, de 3 de janeiro de 2019.<\/p>\n","protected":false},"excerpt":{"rendered":"<p>A partir de agora a\u00e7\u00f5es de preven\u00e7\u00e3o da gravidez na adolesc\u00eancia estar\u00e3o previstas em agenda intersetorial, envolvendo conjuntamente a participa\u00e7\u00e3o de quatro minist\u00e9rios. A nova medida, que dever\u00e1 ser implementada at\u00e9 2022, est\u00e1 garantida em carta compromisso assinada pelos Minist\u00e9rios da Sa\u00fade; da Mulher, da Fam\u00edlia e dos Direitos Humanos; Minist\u00e9rio da Cidadania; e da Educa\u00e7\u00e3o. O an\u00fancio, que ocorreu em Bras\u00edlia, marca a Semana Nacional de Preven\u00e7\u00e3o da Gravidez na Adolesc\u00eancia (01 a 08 de fevereiro), institu\u00edda por meio da Lei 13.798, de 3 de janeiro de 2019.<\/p>\n","protected":false},"author":2,"featured_media":15456,"comment_status":"closed","ping_status":"open","sticky":false,"template":"","format":"standard","meta":{"_eb_attr":"","_jetpack_memberships_contains_paid_content":false,"footnotes":""},"categories":[8],"tags":[],"class_list":["post-15455","post","type-post","status-publish","format-standard","has-post-thumbnail","hentry","category-saude"],"yoast_head":"<!-- This site is optimized with the Yoast SEO plugin v26.5 - https:\/\/yoast.com\/wordpress\/plugins\/seo\/ -->\n<title>Sa\u00fade e mais tr\u00eas minist\u00e9rios firmam carta compromisso para preven\u00e7\u00e3o da gravidez na adolesc\u00eancia - Not&iacute;cias em Destaque<\/title>\n<meta name=\"robots\" content=\"index, follow, max-snippet:-1, max-image-preview:large, max-video-preview:-1\" \/>\n<link rel=\"canonical\" href=\"https:\/\/noticiasemdestaque.com\/cd\/?p=15455\" \/>\n<meta property=\"og:locale\" content=\"pt_BR\" \/>\n<meta property=\"og:type\" content=\"article\" \/>\n<meta property=\"og:title\" content=\"Sa\u00fade e mais tr\u00eas minist\u00e9rios firmam carta compromisso para preven\u00e7\u00e3o da gravidez na adolesc\u00eancia - Not&iacute;cias em Destaque\" \/>\n<meta property=\"og:description\" content=\"A partir de agora a\u00e7\u00f5es de preven\u00e7\u00e3o da gravidez na adolesc\u00eancia estar\u00e3o previstas em agenda intersetorial, envolvendo conjuntamente a participa\u00e7\u00e3o de quatro minist\u00e9rios. A nova medida, que dever\u00e1 ser implementada at\u00e9 2022, est\u00e1 garantida em carta compromisso assinada pelos Minist\u00e9rios da Sa\u00fade; da Mulher, da Fam\u00edlia e dos Direitos Humanos; Minist\u00e9rio da Cidadania; e da Educa\u00e7\u00e3o. O an\u00fancio, que ocorreu em Bras\u00edlia, marca a Semana Nacional de Preven\u00e7\u00e3o da Gravidez na Adolesc\u00eancia (01 a 08 de fevereiro), institu\u00edda por meio da Lei 13.798, de 3 de janeiro de 2019.\" \/>\n<meta property=\"og:url\" content=\"https:\/\/noticiasemdestaque.com\/cd\/?p=15455\" \/>\n<meta property=\"og:site_name\" content=\"Not&iacute;cias em Destaque\" \/>\n<meta property=\"article:published_time\" content=\"2019-02-12T00:11:37+00:00\" \/>\n<meta property=\"og:image\" content=\"https:\/\/noticiasemdestaque.com\/cd\/wp-content\/uploads\/2019\/02\/capa-adolescente-gravidez.jpg\" \/>\n\t<meta property=\"og:image:width\" content=\"750\" \/>\n\t<meta property=\"og:image:height\" content=\"400\" \/>\n\t<meta property=\"og:image:type\" content=\"image\/jpeg\" \/>\n<meta name=\"author\" content=\"Not\u00edcias em Destaque\" \/>\n<meta name=\"twitter:card\" content=\"summary_large_image\" \/>\n<meta name=\"twitter:label1\" content=\"Escrito por\" \/>\n\t<meta name=\"twitter:data1\" content=\"Not\u00edcias em Destaque\" \/>\n<script type=\"application\/ld+json\" class=\"yoast-schema-graph\">{\"@context\":\"https:\/\/schema.org\",\"@graph\":[{\"@type\":\"Article\",\"@id\":\"https:\/\/noticiasemdestaque.com\/cd\/?p=15455#article\",\"isPartOf\":{\"@id\":\"https:\/\/noticiasemdestaque.com\/cd\/?p=15455\"},\"author\":{\"name\":\"Not\u00edcias em Destaque\",\"@id\":\"https:\/\/noticiasemdestaque.com\/cd\/#\/schema\/person\/47f7d4f55eec17c6b2ca036c5500f6ce\"},\"headline\":\"Sa\u00fade e mais tr\u00eas minist\u00e9rios firmam carta compromisso para preven\u00e7\u00e3o da gravidez na adolesc\u00eancia\",\"datePublished\":\"2019-02-12T00:11:37+00:00\",\"mainEntityOfPage\":{\"@id\":\"https:\/\/noticiasemdestaque.com\/cd\/?p=15455\"},\"wordCount\":118,\"publisher\":{\"@id\":\"https:\/\/noticiasemdestaque.com\/cd\/#organization\"},\"image\":{\"@id\":\"https:\/\/noticiasemdestaque.com\/cd\/?p=15455#primaryimage\"},\"thumbnailUrl\":\"https:\/\/noticiasemdestaque.com\/cd\/wp-content\/uploads\/2019\/02\/capa-adolescente-gravidez.jpg\",\"articleSection\":[\"Sa\u00fade\"],\"inLanguage\":\"pt-BR\"},{\"@type\":\"WebPage\",\"@id\":\"https:\/\/noticiasemdestaque.com\/cd\/?p=15455\",\"url\":\"https:\/\/noticiasemdestaque.com\/cd\/?p=15455\",\"name\":\"Sa\u00fade e mais tr\u00eas minist\u00e9rios firmam carta compromisso para preven\u00e7\u00e3o da gravidez na adolesc\u00eancia - Not&iacute;cias em Destaque\",\"isPartOf\":{\"@id\":\"https:\/\/noticiasemdestaque.com\/cd\/#website\"},\"primaryImageOfPage\":{\"@id\":\"https:\/\/noticiasemdestaque.com\/cd\/?p=15455#primaryimage\"},\"image\":{\"@id\":\"https:\/\/noticiasemdestaque.com\/cd\/?p=15455#primaryimage\"},\"thumbnailUrl\":\"https:\/\/noticiasemdestaque.com\/cd\/wp-content\/uploads\/2019\/02\/capa-adolescente-gravidez.jpg\",\"datePublished\":\"2019-02-12T00:11:37+00:00\",\"breadcrumb\":{\"@id\":\"https:\/\/noticiasemdestaque.com\/cd\/?p=15455#breadcrumb\"},\"inLanguage\":\"pt-BR\",\"potentialAction\":[{\"@type\":\"ReadAction\",\"target\":[\"https:\/\/noticiasemdestaque.com\/cd\/?p=15455\"]}]},{\"@type\":\"ImageObject\",\"inLanguage\":\"pt-BR\",\"@id\":\"https:\/\/noticiasemdestaque.com\/cd\/?p=15455#primaryimage\",\"url\":\"https:\/\/noticiasemdestaque.com\/cd\/wp-content\/uploads\/2019\/02\/capa-adolescente-gravidez.jpg\",\"contentUrl\":\"https:\/\/noticiasemdestaque.com\/cd\/wp-content\/uploads\/2019\/02\/capa-adolescente-gravidez.jpg\",\"width\":750,\"height\":400},{\"@type\":\"BreadcrumbList\",\"@id\":\"https:\/\/noticiasemdestaque.com\/cd\/?p=15455#breadcrumb\",\"itemListElement\":[{\"@type\":\"ListItem\",\"position\":1,\"name\":\"In\u00edcio\",\"item\":\"https:\/\/noticiasemdestaque.com\/cd\/\"},{\"@type\":\"ListItem\",\"position\":2,\"name\":\"Sa\u00fade e mais tr\u00eas minist\u00e9rios firmam carta compromisso para preven\u00e7\u00e3o da gravidez na adolesc\u00eancia\"}]},{\"@type\":\"WebSite\",\"@id\":\"https:\/\/noticiasemdestaque.com\/cd\/#website\",\"url\":\"https:\/\/noticiasemdestaque.com\/cd\/\",\"name\":\"Not&iacute;cias em Destaque\",\"description\":\"\",\"publisher\":{\"@id\":\"https:\/\/noticiasemdestaque.com\/cd\/#organization\"},\"potentialAction\":[{\"@type\":\"SearchAction\",\"target\":{\"@type\":\"EntryPoint\",\"urlTemplate\":\"https:\/\/noticiasemdestaque.com\/cd\/?s={search_term_string}\"},\"query-input\":{\"@type\":\"PropertyValueSpecification\",\"valueRequired\":true,\"valueName\":\"search_term_string\"}}],\"inLanguage\":\"pt-BR\"},{\"@type\":\"Organization\",\"@id\":\"https:\/\/noticiasemdestaque.com\/cd\/#organization\",\"name\":\"Not\u00edcias em Destaque\",\"url\":\"https:\/\/noticiasemdestaque.com\/cd\/\",\"logo\":{\"@type\":\"ImageObject\",\"inLanguage\":\"pt-BR\",\"@id\":\"https:\/\/noticiasemdestaque.com\/cd\/#\/schema\/logo\/image\/\",\"url\":\"https:\/\/noticiasemdestaque.com\/cd\/wp-content\/uploads\/2022\/05\/imagem-base-noticiasemdestaque.png\",\"contentUrl\":\"https:\/\/noticiasemdestaque.com\/cd\/wp-content\/uploads\/2022\/05\/imagem-base-noticiasemdestaque.png\",\"width\":1200,\"height\":630,\"caption\":\"Not\u00edcias em Destaque\"},\"image\":{\"@id\":\"https:\/\/noticiasemdestaque.com\/cd\/#\/schema\/logo\/image\/\"}},{\"@type\":\"Person\",\"@id\":\"https:\/\/noticiasemdestaque.com\/cd\/#\/schema\/person\/47f7d4f55eec17c6b2ca036c5500f6ce\",\"name\":\"Not\u00edcias em Destaque\",\"url\":\"https:\/\/noticiasemdestaque.com\/cd\/?author=2\"}]}<\/script>\n<!-- \/ Yoast SEO plugin. -->","yoast_head_json":{"title":"Sa\u00fade e mais tr\u00eas minist\u00e9rios firmam carta compromisso para preven\u00e7\u00e3o da gravidez na adolesc\u00eancia - Not&iacute;cias em Destaque","robots":{"index":"index","follow":"follow","max-snippet":"max-snippet:-1","max-image-preview":"max-image-preview:large","max-video-preview":"max-video-preview:-1"},"canonical":"https:\/\/noticiasemdestaque.com\/cd\/?p=15455","og_locale":"pt_BR","og_type":"article","og_title":"Sa\u00fade e mais tr\u00eas minist\u00e9rios firmam carta compromisso para preven\u00e7\u00e3o da gravidez na adolesc\u00eancia - Not&iacute;cias em Destaque","og_description":"A partir de agora a\u00e7\u00f5es de preven\u00e7\u00e3o da gravidez na adolesc\u00eancia estar\u00e3o previstas em agenda intersetorial, envolvendo conjuntamente a participa\u00e7\u00e3o de quatro minist\u00e9rios. A nova medida, que dever\u00e1 ser implementada at\u00e9 2022, est\u00e1 garantida em carta compromisso assinada pelos Minist\u00e9rios da Sa\u00fade; da Mulher, da Fam\u00edlia e dos Direitos Humanos; Minist\u00e9rio da Cidadania; e da Educa\u00e7\u00e3o. O an\u00fancio, que ocorreu em Bras\u00edlia, marca a Semana Nacional de Preven\u00e7\u00e3o da Gravidez na Adolesc\u00eancia (01 a 08 de fevereiro), institu\u00edda por meio da Lei 13.798, de 3 de janeiro de 2019.","og_url":"https:\/\/noticiasemdestaque.com\/cd\/?p=15455","og_site_name":"Not&iacute;cias em Destaque","article_published_time":"2019-02-12T00:11:37+00:00","og_image":[{"width":750,"height":400,"url":"https:\/\/noticiasemdestaque.com\/cd\/wp-content\/uploads\/2019\/02\/capa-adolescente-gravidez.jpg","type":"image\/jpeg"}],"author":"Not\u00edcias em Destaque","twitter_card":"summary_large_image","twitter_misc":{"Escrito por":"Not\u00edcias em Destaque"},"schema":{"@context":"https:\/\/schema.org","@graph":[{"@type":"Article","@id":"https:\/\/noticiasemdestaque.com\/cd\/?p=15455#article","isPartOf":{"@id":"https:\/\/noticiasemdestaque.com\/cd\/?p=15455"},"author":{"name":"Not\u00edcias em Destaque","@id":"https:\/\/noticiasemdestaque.com\/cd\/#\/schema\/person\/47f7d4f55eec17c6b2ca036c5500f6ce"},"headline":"Sa\u00fade e mais tr\u00eas minist\u00e9rios firmam carta compromisso para preven\u00e7\u00e3o da gravidez na adolesc\u00eancia","datePublished":"2019-02-12T00:11:37+00:00","mainEntityOfPage":{"@id":"https:\/\/noticiasemdestaque.com\/cd\/?p=15455"},"wordCount":118,"publisher":{"@id":"https:\/\/noticiasemdestaque.com\/cd\/#organization"},"image":{"@id":"https:\/\/noticiasemdestaque.com\/cd\/?p=15455#primaryimage"},"thumbnailUrl":"https:\/\/noticiasemdestaque.com\/cd\/wp-content\/uploads\/2019\/02\/capa-adolescente-gravidez.jpg","articleSection":["Sa\u00fade"],"inLanguage":"pt-BR"},{"@type":"WebPage","@id":"https:\/\/noticiasemdestaque.com\/cd\/?p=15455","url":"https:\/\/noticiasemdestaque.com\/cd\/?p=15455","name":"Sa\u00fade e mais tr\u00eas minist\u00e9rios firmam carta compromisso para preven\u00e7\u00e3o da gravidez na adolesc\u00eancia - Not&iacute;cias em Destaque","isPartOf":{"@id":"https:\/\/noticiasemdestaque.com\/cd\/#website"},"primaryImageOfPage":{"@id":"https:\/\/noticiasemdestaque.com\/cd\/?p=15455#primaryimage"},"image":{"@id":"https:\/\/noticiasemdestaque.com\/cd\/?p=15455#primaryimage"},"thumbnailUrl":"https:\/\/noticiasemdestaque.com\/cd\/wp-content\/uploads\/2019\/02\/capa-adolescente-gravidez.jpg","datePublished":"2019-02-12T00:11:37+00:00","breadcrumb":{"@id":"https:\/\/noticiasemdestaque.com\/cd\/?p=15455#breadcrumb"},"inLanguage":"pt-BR","potentialAction":[{"@type":"ReadAction","target":["https:\/\/noticiasemdestaque.com\/cd\/?p=15455"]}]},{"@type":"ImageObject","inLanguage":"pt-BR","@id":"https:\/\/noticiasemdestaque.com\/cd\/?p=15455#primaryimage","url":"https:\/\/noticiasemdestaque.com\/cd\/wp-content\/uploads\/2019\/02\/capa-adolescente-gravidez.jpg","contentUrl":"https:\/\/noticiasemdestaque.com\/cd\/wp-content\/uploads\/2019\/02\/capa-adolescente-gravidez.jpg","width":750,"height":400},{"@type":"BreadcrumbList","@id":"https:\/\/noticiasemdestaque.com\/cd\/?p=15455#breadcrumb","itemListElement":[{"@type":"ListItem","position":1,"name":"In\u00edcio","item":"https:\/\/noticiasemdestaque.com\/cd\/"},{"@type":"ListItem","position":2,"name":"Sa\u00fade e mais tr\u00eas minist\u00e9rios firmam carta compromisso para preven\u00e7\u00e3o da gravidez na adolesc\u00eancia"}]},{"@type":"WebSite","@id":"https:\/\/noticiasemdestaque.com\/cd\/#website","url":"https:\/\/noticiasemdestaque.com\/cd\/","name":"Not&iacute;cias em Destaque","description":"","publisher":{"@id":"https:\/\/noticiasemdestaque.com\/cd\/#organization"},"potentialAction":[{"@type":"SearchAction","target":{"@type":"EntryPoint","urlTemplate":"https:\/\/noticiasemdestaque.com\/cd\/?s={search_term_string}"},"query-input":{"@type":"PropertyValueSpecification","valueRequired":true,"valueName":"search_term_string"}}],"inLanguage":"pt-BR"},{"@type":"Organization","@id":"https:\/\/noticiasemdestaque.com\/cd\/#organization","name":"Not\u00edcias em Destaque","url":"https:\/\/noticiasemdestaque.com\/cd\/","logo":{"@type":"ImageObject","inLanguage":"pt-BR","@id":"https:\/\/noticiasemdestaque.com\/cd\/#\/schema\/logo\/image\/","url":"https:\/\/noticiasemdestaque.com\/cd\/wp-content\/uploads\/2022\/05\/imagem-base-noticiasemdestaque.png","contentUrl":"https:\/\/noticiasemdestaque.com\/cd\/wp-content\/uploads\/2022\/05\/imagem-base-noticiasemdestaque.png","width":1200,"height":630,"caption":"Not\u00edcias em Destaque"},"image":{"@id":"https:\/\/noticiasemdestaque.com\/cd\/#\/schema\/logo\/image\/"}},{"@type":"Person","@id":"https:\/\/noticiasemdestaque.com\/cd\/#\/schema\/person\/47f7d4f55eec17c6b2ca036c5500f6ce","name":"Not\u00edcias em Destaque","url":"https:\/\/noticiasemdestaque.com\/cd\/?author=2"}]}},"jetpack_featured_media_url":"https:\/\/noticiasemdestaque.com\/cd\/wp-content\/uploads\/2019\/02\/capa-adolescente-gravidez.jpg","jetpack_sharing_enabled":true,"_links":{"self":[{"href":"https:\/\/noticiasemdestaque.com\/cd\/index.php?rest_route=\/wp\/v2\/posts\/15455","targetHints":{"allow":["GET"]}}],"collection":[{"href":"https:\/\/noticiasemdestaque.com\/cd\/index.php?rest_route=\/wp\/v2\/posts"}],"about":[{"href":"https:\/\/noticiasemdestaque.com\/cd\/index.php?rest_route=\/wp\/v2\/types\/post"}],"author":[{"embeddable":true,"href":"https:\/\/noticiasemdestaque.com\/cd\/index.php?rest_route=\/wp\/v2\/users\/2"}],"replies":[{"embeddable":true,"href":"https:\/\/noticiasemdestaque.com\/cd\/index.php?rest_route=%2Fwp%2Fv2%2Fcomments&post=15455"}],"version-history":[{"count":1,"href":"https:\/\/noticiasemdestaque.com\/cd\/index.php?rest_route=\/wp\/v2\/posts\/15455\/revisions"}],"predecessor-version":[{"id":15457,"href":"https:\/\/noticiasemdestaque.com\/cd\/index.php?rest_route=\/wp\/v2\/posts\/15455\/revisions\/15457"}],"wp:featuredmedia":[{"embeddable":true,"href":"https:\/\/noticiasemdestaque.com\/cd\/index.php?rest_route=\/wp\/v2\/media\/15456"}],"wp:attachment":[{"href":"https:\/\/noticiasemdestaque.com\/cd\/index.php?rest_route=%2Fwp%2Fv2%2Fmedia&parent=15455"}],"wp:term":[{"taxonomy":"category","embeddable":true,"href":"https:\/\/noticiasemdestaque.com\/cd\/index.php?rest_route=%2Fwp%2Fv2%2Fcategories&post=15455"},{"taxonomy":"post_tag","embeddable":true,"href":"https:\/\/noticiasemdestaque.com\/cd\/index.php?rest_route=%2Fwp%2Fv2%2Ftags&post=15455"}],"curies":[{"name":"wp","href":"https:\/\/api.w.org\/{rel}","templated":true}]}}