{"id":15449,"date":"2019-02-11T21:01:42","date_gmt":"2019-02-12T00:01:42","guid":{"rendered":"http:\/\/noticiasemdestaque.com\/cd\/?p=15449"},"modified":"2019-02-11T21:01:42","modified_gmt":"2019-02-12T00:01:42","slug":"pais-alunos-e-autoridades-prestigiam-entrega-do-centro-educacao-infantil-em-monteiro","status":"publish","type":"post","link":"https:\/\/noticiasemdestaque.com\/cd\/?p=15449","title":{"rendered":"Pais, alunos e autoridades prestigiam entrega do Centro Educa\u00e7\u00e3o Infantil em Monteiro"},"content":{"rendered":"<p><a href=\"https:\/\/noticiasemdestaque.com\/cd\/wp-content\/uploads\/2019\/02\/Centro-Educacional-Infantil12.jpg\"><img fetchpriority=\"high\" decoding=\"async\" class=\" wp-image-15453\" src=\"https:\/\/noticiasemdestaque.com\/cd\/wp-content\/uploads\/2019\/02\/Centro-Educacional-Infantil12-1024x683.jpg\" alt=\"\" width=\"503\" height=\"335\" srcset=\"https:\/\/noticiasemdestaque.com\/cd\/wp-content\/uploads\/2019\/02\/Centro-Educacional-Infantil12.jpg 1024w, https:\/\/noticiasemdestaque.com\/cd\/wp-content\/uploads\/2019\/02\/Centro-Educacional-Infantil12-300x200.jpg 300w, https:\/\/noticiasemdestaque.com\/cd\/wp-content\/uploads\/2019\/02\/Centro-Educacional-Infantil12-768x512.jpg 768w, https:\/\/noticiasemdestaque.com\/cd\/wp-content\/uploads\/2019\/02\/Centro-Educacional-Infantil12-480x320.jpg 480w\" sizes=\"(max-width: 503px) 100vw, 503px\" \/><\/a><\/p>\n<p>Durante seu pronunciamento na solenidade de entrega do novo educand\u00e1rio, a prefeita Anna Lorena destacou os investimentos de sua gest\u00e3o na educa\u00e7\u00e3o b\u00e1sica do munic\u00edpio, bem como os \u00edndices atingidos. &#8220;Entendemos que a educa\u00e7\u00e3o \u00e9 prioridade e temos realizados in\u00fameras a\u00e7\u00f5es. Inauguramos escolas, temos outras para entregar, temos parcerias com universidades e agora tamb\u00e9m estamos entre as poucas cidades do Brasil que v\u00e3o receber um projeto de n\u00edvel internacional. E hoje estamos entregando uma escola estruturada, moderna, bem equipada e com profissionais dedicados e comprometidos com a educa\u00e7\u00e3o&#8221;, disse a gestora.<\/p>\n<p><a href=\"https:\/\/noticiasemdestaque.com\/cd\/wp-content\/uploads\/2019\/02\/Centro-Educacional-Infantil04.jpg\"><img decoding=\"async\" class=\" wp-image-15451\" src=\"https:\/\/noticiasemdestaque.com\/cd\/wp-content\/uploads\/2019\/02\/Centro-Educacional-Infantil04-1024x683.jpg\" alt=\"\" width=\"506\" height=\"337\" srcset=\"https:\/\/noticiasemdestaque.com\/cd\/wp-content\/uploads\/2019\/02\/Centro-Educacional-Infantil04.jpg 1024w, https:\/\/noticiasemdestaque.com\/cd\/wp-content\/uploads\/2019\/02\/Centro-Educacional-Infantil04-300x200.jpg 300w, https:\/\/noticiasemdestaque.com\/cd\/wp-content\/uploads\/2019\/02\/Centro-Educacional-Infantil04-768x512.jpg 768w, https:\/\/noticiasemdestaque.com\/cd\/wp-content\/uploads\/2019\/02\/Centro-Educacional-Infantil04-480x320.jpg 480w\" sizes=\"(max-width: 506px) 100vw, 506px\" \/><\/a><\/p>\n<p>O Centro de Educa\u00e7\u00e3o Infantil recebeu o nome de Jakelline Santa Cruz Martins Barbosa que faleceu recentemente e teve um trabalho de excel\u00eancia prestado tanto em escolas estaduais, quanto na rede Municipal onde prestou servi\u00e7o at\u00e9 o final de seus dias.<\/p>\n<p>Na cerim\u00f4nia, Maria da Concei\u00e7\u00e3o Santa Cruz, que \u00e9 irm\u00e3 de Jakelline, fez quest\u00e3o de agradecer a iniciativa da prefeita, da secret\u00e1ria de Educa\u00e7\u00e3o, assim como dos vereadores pela lembran\u00e7a e homenagem \u00e0 professora. &#8220;Todos n\u00f3s familiares estamos muito emocionados com a homenagem. Com certeza ela est\u00e1 entre n\u00f3s e muito feliz com a homenagem. Nada melhor do que uma escola, que representa t\u00e3o bem a vida e a dedica\u00e7\u00e3o da minha irm\u00e3\u201d, afirmou.<\/p>\n<p>Durante a solenidade, tamb\u00e9m estiveram ao lado da prefeita Anna Lorena, do vice-prefeito Celecileno Alves, os secret\u00e1rios, vereadores e autoridades, os pais e m\u00e3es, juntamente com os alunos que ser\u00e3o atendidos no primeiro Centro de Educa\u00e7\u00e3o Infantil, que tamb\u00e9m se emocionaram com as homenagens.<\/p>\n<p><a href=\"https:\/\/noticiasemdestaque.com\/cd\/wp-content\/uploads\/2019\/02\/Centro-Educacional-Infantil08.jpg\"><img decoding=\"async\" class=\" wp-image-15452\" src=\"https:\/\/noticiasemdestaque.com\/cd\/wp-content\/uploads\/2019\/02\/Centro-Educacional-Infantil08-1024x683.jpg\" alt=\"\" width=\"506\" height=\"337\" srcset=\"https:\/\/noticiasemdestaque.com\/cd\/wp-content\/uploads\/2019\/02\/Centro-Educacional-Infantil08.jpg 1024w, https:\/\/noticiasemdestaque.com\/cd\/wp-content\/uploads\/2019\/02\/Centro-Educacional-Infantil08-300x200.jpg 300w, https:\/\/noticiasemdestaque.com\/cd\/wp-content\/uploads\/2019\/02\/Centro-Educacional-Infantil08-768x512.jpg 768w, https:\/\/noticiasemdestaque.com\/cd\/wp-content\/uploads\/2019\/02\/Centro-Educacional-Infantil08-480x320.jpg 480w\" sizes=\"(max-width: 506px) 100vw, 506px\" \/><\/a><\/p>\n<p>Com rela\u00e7\u00e3o \u00e0 estrutura entregue, o Centro de Educa\u00e7\u00e3o Infantil Professora Jakelline Santa Cruz Martins Barbosa conta com salas de aulas, brinquedoteca, secretaria, almoxarifado, cozinha, refeit\u00f3rio, \u00e1rea de lazer e playground. A equipe pedag\u00f3gica \u00e9 formada por professores, supervisoras educacionais, inspetor de alunos, secret\u00e1ria escolar, auxiliar de apoio, merendeira e diretora.<\/p>\n<p>As atividades escolares acontecer\u00e3o nos turnos da manh\u00e3 e tarde, acolhendo 140 alunos na faixa et\u00e1ria de quatro a seis anos.<\/p>\n<div class=\"fb-post\" data-href=\"https:\/\/www.facebook.com\/noticiasemdestaqueND\/posts\/1501412179992307?__xts__%5B0%5D=68.ARA_OWF7cQyqwVha-2GzlU88mU9fwWRrj3vsXQrbCZDcNVcC_mW-kJGcWcKIrYYO9xSgoc8_MPV48PCj08X2vUS_wV8otur_AVBnhSu1DnFwDAbT-FiHB-zffg27isuSKjaF2sENp_k4p9qJqumbSFubj6qktJ6r4VFtwqVikthCTXqi3TrIFdy8nl33SyuTAjb-a7WPRZ_2mgKJ_5aWpzZ1QVZVP_cIywzyAy3u2i2xVQ9Tnox9MGK9VbbGa9gXHEmy4x4zKodD1uyPiS4rMLsUqSF3uU4YRjGaiIAh5UZTNn3gAz6HkEXZFfO47NC3kPNGUr3MkWT3fr9SSE5ZreuhV1UX&#038;__tn__=-UC-R\" data-width=\"552\" style=\"background-color: #fff; display: inline-block;\"><\/div>\n<p>Ascom\/PMM<\/p>\n","protected":false},"excerpt":{"rendered":"<p>Durante seu pronunciamento na solenidade de entrega do novo educand\u00e1rio, a prefeita Anna Lorena destacou os investimentos de sua gest\u00e3o na educa\u00e7\u00e3o b\u00e1sica do munic\u00edpio, bem como os \u00edndices atingidos. &#8220;Entendemos que a educa\u00e7\u00e3o \u00e9 prioridade e temos realizados in\u00fameras a\u00e7\u00f5es. Inauguramos escolas, temos outras para entregar, temos parcerias com universidades e agora tamb\u00e9m estamos entre as poucas cidades do Brasil que v\u00e3o receber um projeto de n\u00edvel internacional. E hoje estamos entregando uma escola estruturada, moderna, bem equipada e com profissionais dedicados e comprometidos com a educa\u00e7\u00e3o&#8221;, disse a gestora. O Centro de Educa\u00e7\u00e3o Infantil recebeu o nome de Jakelline Santa Cruz Martins Barbosa que faleceu recentemente e teve um trabalho de excel\u00eancia prestado tanto em escolas estaduais, quanto na rede Municipal onde prestou servi\u00e7o at\u00e9 o final de seus dias. Na cerim\u00f4nia, Maria da Concei\u00e7\u00e3o Santa Cruz, que \u00e9 irm\u00e3 de Jakelline, fez quest\u00e3o de agradecer a iniciativa da prefeita, da secret\u00e1ria de Educa\u00e7\u00e3o, assim como dos vereadores pela lembran\u00e7a e homenagem \u00e0 professora. &#8220;Todos n\u00f3s familiares estamos muito emocionados com a homenagem. Com certeza ela est\u00e1 entre n\u00f3s e muito feliz com a homenagem. Nada melhor do que uma escola, que representa t\u00e3o bem a vida e a dedica\u00e7\u00e3o da minha irm\u00e3\u201d, afirmou. Durante a solenidade, tamb\u00e9m estiveram ao lado da prefeita Anna Lorena, do vice-prefeito Celecileno Alves, os secret\u00e1rios, vereadores e autoridades, os pais e m\u00e3es, juntamente com os alunos que ser\u00e3o atendidos no primeiro Centro de Educa\u00e7\u00e3o Infantil, que tamb\u00e9m se emocionaram com as homenagens. Com rela\u00e7\u00e3o \u00e0 estrutura entregue, o Centro de Educa\u00e7\u00e3o Infantil Professora Jakelline Santa Cruz Martins Barbosa conta com salas de aulas, brinquedoteca, secretaria, almoxarifado, cozinha, refeit\u00f3rio, \u00e1rea de lazer e playground. A equipe pedag\u00f3gica \u00e9 formada por professores, supervisoras educacionais, inspetor de alunos, secret\u00e1ria escolar, auxiliar de apoio, merendeira e diretora. As atividades escolares acontecer\u00e3o nos turnos da manh\u00e3 e tarde, acolhendo 140 alunos na faixa et\u00e1ria de quatro a seis anos. Ascom\/PMM<\/p>\n","protected":false},"author":2,"featured_media":15453,"comment_status":"closed","ping_status":"open","sticky":false,"template":"","format":"standard","meta":{"_eb_attr":"","_jetpack_memberships_contains_paid_content":false,"footnotes":""},"categories":[4],"tags":[],"class_list":["post-15449","post","type-post","status-publish","format-standard","has-post-thumbnail","hentry","category-politica"],"yoast_head":"<!-- This site is optimized with the Yoast SEO plugin v26.5 - https:\/\/yoast.com\/wordpress\/plugins\/seo\/ -->\n<title>Pais, alunos e autoridades prestigiam entrega do Centro Educa\u00e7\u00e3o Infantil em Monteiro - Not&iacute;cias em Destaque<\/title>\n<meta name=\"robots\" content=\"index, follow, max-snippet:-1, max-image-preview:large, max-video-preview:-1\" \/>\n<link rel=\"canonical\" href=\"https:\/\/noticiasemdestaque.com\/cd\/?p=15449\" \/>\n<meta property=\"og:locale\" content=\"pt_BR\" \/>\n<meta property=\"og:type\" content=\"article\" \/>\n<meta property=\"og:title\" content=\"Pais, alunos e autoridades prestigiam entrega do Centro Educa\u00e7\u00e3o Infantil em Monteiro - Not&iacute;cias em Destaque\" \/>\n<meta property=\"og:description\" content=\"Durante seu pronunciamento na solenidade de entrega do novo educand\u00e1rio, a prefeita Anna Lorena destacou os investimentos de sua gest\u00e3o na educa\u00e7\u00e3o b\u00e1sica do munic\u00edpio, bem como os \u00edndices atingidos. &#8220;Entendemos que a educa\u00e7\u00e3o \u00e9 prioridade e temos realizados in\u00fameras a\u00e7\u00f5es. Inauguramos escolas, temos outras para entregar, temos parcerias com universidades e agora tamb\u00e9m estamos entre as poucas cidades do Brasil que v\u00e3o receber um projeto de n\u00edvel internacional. E hoje estamos entregando uma escola estruturada, moderna, bem equipada e com profissionais dedicados e comprometidos com a educa\u00e7\u00e3o&#8221;, disse a gestora. O Centro de Educa\u00e7\u00e3o Infantil recebeu o nome de Jakelline Santa Cruz Martins Barbosa que faleceu recentemente e teve um trabalho de excel\u00eancia prestado tanto em escolas estaduais, quanto na rede Municipal onde prestou servi\u00e7o at\u00e9 o final de seus dias. Na cerim\u00f4nia, Maria da Concei\u00e7\u00e3o Santa Cruz, que \u00e9 irm\u00e3 de Jakelline, fez quest\u00e3o de agradecer a iniciativa da prefeita, da secret\u00e1ria de Educa\u00e7\u00e3o, assim como dos vereadores pela lembran\u00e7a e homenagem \u00e0 professora. &#8220;Todos n\u00f3s familiares estamos muito emocionados com a homenagem. Com certeza ela est\u00e1 entre n\u00f3s e muito feliz com a homenagem. Nada melhor do que uma escola, que representa t\u00e3o bem a vida e a dedica\u00e7\u00e3o da minha irm\u00e3\u201d, afirmou. Durante a solenidade, tamb\u00e9m estiveram ao lado da prefeita Anna Lorena, do vice-prefeito Celecileno Alves, os secret\u00e1rios, vereadores e autoridades, os pais e m\u00e3es, juntamente com os alunos que ser\u00e3o atendidos no primeiro Centro de Educa\u00e7\u00e3o Infantil, que tamb\u00e9m se emocionaram com as homenagens. Com rela\u00e7\u00e3o \u00e0 estrutura entregue, o Centro de Educa\u00e7\u00e3o Infantil Professora Jakelline Santa Cruz Martins Barbosa conta com salas de aulas, brinquedoteca, secretaria, almoxarifado, cozinha, refeit\u00f3rio, \u00e1rea de lazer e playground. A equipe pedag\u00f3gica \u00e9 formada por professores, supervisoras educacionais, inspetor de alunos, secret\u00e1ria escolar, auxiliar de apoio, merendeira e diretora. As atividades escolares acontecer\u00e3o nos turnos da manh\u00e3 e tarde, acolhendo 140 alunos na faixa et\u00e1ria de quatro a seis anos. Ascom\/PMM\" \/>\n<meta property=\"og:url\" content=\"https:\/\/noticiasemdestaque.com\/cd\/?p=15449\" \/>\n<meta property=\"og:site_name\" content=\"Not&iacute;cias em Destaque\" \/>\n<meta property=\"article:published_time\" content=\"2019-02-12T00:01:42+00:00\" \/>\n<meta property=\"og:image\" content=\"https:\/\/noticiasemdestaque.com\/cd\/wp-content\/uploads\/2019\/02\/Centro-Educacional-Infantil12.jpg\" \/>\n\t<meta property=\"og:image:width\" content=\"1024\" \/>\n\t<meta property=\"og:image:height\" content=\"683\" \/>\n\t<meta property=\"og:image:type\" content=\"image\/jpeg\" \/>\n<meta name=\"author\" content=\"Not\u00edcias em Destaque\" \/>\n<meta name=\"twitter:card\" content=\"summary_large_image\" \/>\n<meta name=\"twitter:label1\" content=\"Escrito por\" \/>\n\t<meta name=\"twitter:data1\" content=\"Not\u00edcias em Destaque\" \/>\n\t<meta name=\"twitter:label2\" content=\"Est. tempo de leitura\" \/>\n\t<meta name=\"twitter:data2\" content=\"2 minutos\" \/>\n<script type=\"application\/ld+json\" class=\"yoast-schema-graph\">{\"@context\":\"https:\/\/schema.org\",\"@graph\":[{\"@type\":\"Article\",\"@id\":\"https:\/\/noticiasemdestaque.com\/cd\/?p=15449#article\",\"isPartOf\":{\"@id\":\"https:\/\/noticiasemdestaque.com\/cd\/?p=15449\"},\"author\":{\"name\":\"Not\u00edcias em Destaque\",\"@id\":\"https:\/\/noticiasemdestaque.com\/cd\/#\/schema\/person\/47f7d4f55eec17c6b2ca036c5500f6ce\"},\"headline\":\"Pais, alunos e autoridades prestigiam entrega do Centro Educa\u00e7\u00e3o Infantil em Monteiro\",\"datePublished\":\"2019-02-12T00:01:42+00:00\",\"mainEntityOfPage\":{\"@id\":\"https:\/\/noticiasemdestaque.com\/cd\/?p=15449\"},\"wordCount\":437,\"publisher\":{\"@id\":\"https:\/\/noticiasemdestaque.com\/cd\/#organization\"},\"image\":{\"@id\":\"https:\/\/noticiasemdestaque.com\/cd\/?p=15449#primaryimage\"},\"thumbnailUrl\":\"https:\/\/noticiasemdestaque.com\/cd\/wp-content\/uploads\/2019\/02\/Centro-Educacional-Infantil12.jpg\",\"articleSection\":[\"Pol\u00edtica\"],\"inLanguage\":\"pt-BR\"},{\"@type\":\"WebPage\",\"@id\":\"https:\/\/noticiasemdestaque.com\/cd\/?p=15449\",\"url\":\"https:\/\/noticiasemdestaque.com\/cd\/?p=15449\",\"name\":\"Pais, alunos e autoridades prestigiam entrega do Centro Educa\u00e7\u00e3o Infantil em Monteiro - Not&iacute;cias em Destaque\",\"isPartOf\":{\"@id\":\"https:\/\/noticiasemdestaque.com\/cd\/#website\"},\"primaryImageOfPage\":{\"@id\":\"https:\/\/noticiasemdestaque.com\/cd\/?p=15449#primaryimage\"},\"image\":{\"@id\":\"https:\/\/noticiasemdestaque.com\/cd\/?p=15449#primaryimage\"},\"thumbnailUrl\":\"https:\/\/noticiasemdestaque.com\/cd\/wp-content\/uploads\/2019\/02\/Centro-Educacional-Infantil12.jpg\",\"datePublished\":\"2019-02-12T00:01:42+00:00\",\"breadcrumb\":{\"@id\":\"https:\/\/noticiasemdestaque.com\/cd\/?p=15449#breadcrumb\"},\"inLanguage\":\"pt-BR\",\"potentialAction\":[{\"@type\":\"ReadAction\",\"target\":[\"https:\/\/noticiasemdestaque.com\/cd\/?p=15449\"]}]},{\"@type\":\"ImageObject\",\"inLanguage\":\"pt-BR\",\"@id\":\"https:\/\/noticiasemdestaque.com\/cd\/?p=15449#primaryimage\",\"url\":\"https:\/\/noticiasemdestaque.com\/cd\/wp-content\/uploads\/2019\/02\/Centro-Educacional-Infantil12.jpg\",\"contentUrl\":\"https:\/\/noticiasemdestaque.com\/cd\/wp-content\/uploads\/2019\/02\/Centro-Educacional-Infantil12.jpg\",\"width\":1024,\"height\":683,\"caption\":\"????????????????????????????????????\"},{\"@type\":\"BreadcrumbList\",\"@id\":\"https:\/\/noticiasemdestaque.com\/cd\/?p=15449#breadcrumb\",\"itemListElement\":[{\"@type\":\"ListItem\",\"position\":1,\"name\":\"In\u00edcio\",\"item\":\"https:\/\/noticiasemdestaque.com\/cd\/\"},{\"@type\":\"ListItem\",\"position\":2,\"name\":\"Pais, alunos e autoridades prestigiam entrega do Centro Educa\u00e7\u00e3o Infantil em Monteiro\"}]},{\"@type\":\"WebSite\",\"@id\":\"https:\/\/noticiasemdestaque.com\/cd\/#website\",\"url\":\"https:\/\/noticiasemdestaque.com\/cd\/\",\"name\":\"Not&iacute;cias em Destaque\",\"description\":\"\",\"publisher\":{\"@id\":\"https:\/\/noticiasemdestaque.com\/cd\/#organization\"},\"potentialAction\":[{\"@type\":\"SearchAction\",\"target\":{\"@type\":\"EntryPoint\",\"urlTemplate\":\"https:\/\/noticiasemdestaque.com\/cd\/?s={search_term_string}\"},\"query-input\":{\"@type\":\"PropertyValueSpecification\",\"valueRequired\":true,\"valueName\":\"search_term_string\"}}],\"inLanguage\":\"pt-BR\"},{\"@type\":\"Organization\",\"@id\":\"https:\/\/noticiasemdestaque.com\/cd\/#organization\",\"name\":\"Not\u00edcias em Destaque\",\"url\":\"https:\/\/noticiasemdestaque.com\/cd\/\",\"logo\":{\"@type\":\"ImageObject\",\"inLanguage\":\"pt-BR\",\"@id\":\"https:\/\/noticiasemdestaque.com\/cd\/#\/schema\/logo\/image\/\",\"url\":\"https:\/\/noticiasemdestaque.com\/cd\/wp-content\/uploads\/2022\/05\/imagem-base-noticiasemdestaque.png\",\"contentUrl\":\"https:\/\/noticiasemdestaque.com\/cd\/wp-content\/uploads\/2022\/05\/imagem-base-noticiasemdestaque.png\",\"width\":1200,\"height\":630,\"caption\":\"Not\u00edcias em Destaque\"},\"image\":{\"@id\":\"https:\/\/noticiasemdestaque.com\/cd\/#\/schema\/logo\/image\/\"}},{\"@type\":\"Person\",\"@id\":\"https:\/\/noticiasemdestaque.com\/cd\/#\/schema\/person\/47f7d4f55eec17c6b2ca036c5500f6ce\",\"name\":\"Not\u00edcias em Destaque\",\"url\":\"https:\/\/noticiasemdestaque.com\/cd\/?author=2\"}]}<\/script>\n<!-- \/ Yoast SEO plugin. -->","yoast_head_json":{"title":"Pais, alunos e autoridades prestigiam entrega do Centro Educa\u00e7\u00e3o Infantil em Monteiro - Not&iacute;cias em Destaque","robots":{"index":"index","follow":"follow","max-snippet":"max-snippet:-1","max-image-preview":"max-image-preview:large","max-video-preview":"max-video-preview:-1"},"canonical":"https:\/\/noticiasemdestaque.com\/cd\/?p=15449","og_locale":"pt_BR","og_type":"article","og_title":"Pais, alunos e autoridades prestigiam entrega do Centro Educa\u00e7\u00e3o Infantil em Monteiro - Not&iacute;cias em Destaque","og_description":"Durante seu pronunciamento na solenidade de entrega do novo educand\u00e1rio, a prefeita Anna Lorena destacou os investimentos de sua gest\u00e3o na educa\u00e7\u00e3o b\u00e1sica do munic\u00edpio, bem como os \u00edndices atingidos. &#8220;Entendemos que a educa\u00e7\u00e3o \u00e9 prioridade e temos realizados in\u00fameras a\u00e7\u00f5es. Inauguramos escolas, temos outras para entregar, temos parcerias com universidades e agora tamb\u00e9m estamos entre as poucas cidades do Brasil que v\u00e3o receber um projeto de n\u00edvel internacional. E hoje estamos entregando uma escola estruturada, moderna, bem equipada e com profissionais dedicados e comprometidos com a educa\u00e7\u00e3o&#8221;, disse a gestora. O Centro de Educa\u00e7\u00e3o Infantil recebeu o nome de Jakelline Santa Cruz Martins Barbosa que faleceu recentemente e teve um trabalho de excel\u00eancia prestado tanto em escolas estaduais, quanto na rede Municipal onde prestou servi\u00e7o at\u00e9 o final de seus dias. Na cerim\u00f4nia, Maria da Concei\u00e7\u00e3o Santa Cruz, que \u00e9 irm\u00e3 de Jakelline, fez quest\u00e3o de agradecer a iniciativa da prefeita, da secret\u00e1ria de Educa\u00e7\u00e3o, assim como dos vereadores pela lembran\u00e7a e homenagem \u00e0 professora. &#8220;Todos n\u00f3s familiares estamos muito emocionados com a homenagem. Com certeza ela est\u00e1 entre n\u00f3s e muito feliz com a homenagem. Nada melhor do que uma escola, que representa t\u00e3o bem a vida e a dedica\u00e7\u00e3o da minha irm\u00e3\u201d, afirmou. Durante a solenidade, tamb\u00e9m estiveram ao lado da prefeita Anna Lorena, do vice-prefeito Celecileno Alves, os secret\u00e1rios, vereadores e autoridades, os pais e m\u00e3es, juntamente com os alunos que ser\u00e3o atendidos no primeiro Centro de Educa\u00e7\u00e3o Infantil, que tamb\u00e9m se emocionaram com as homenagens. Com rela\u00e7\u00e3o \u00e0 estrutura entregue, o Centro de Educa\u00e7\u00e3o Infantil Professora Jakelline Santa Cruz Martins Barbosa conta com salas de aulas, brinquedoteca, secretaria, almoxarifado, cozinha, refeit\u00f3rio, \u00e1rea de lazer e playground. A equipe pedag\u00f3gica \u00e9 formada por professores, supervisoras educacionais, inspetor de alunos, secret\u00e1ria escolar, auxiliar de apoio, merendeira e diretora. As atividades escolares acontecer\u00e3o nos turnos da manh\u00e3 e tarde, acolhendo 140 alunos na faixa et\u00e1ria de quatro a seis anos. Ascom\/PMM","og_url":"https:\/\/noticiasemdestaque.com\/cd\/?p=15449","og_site_name":"Not&iacute;cias em Destaque","article_published_time":"2019-02-12T00:01:42+00:00","og_image":[{"width":1024,"height":683,"url":"https:\/\/noticiasemdestaque.com\/cd\/wp-content\/uploads\/2019\/02\/Centro-Educacional-Infantil12.jpg","type":"image\/jpeg"}],"author":"Not\u00edcias em Destaque","twitter_card":"summary_large_image","twitter_misc":{"Escrito por":"Not\u00edcias em Destaque","Est. tempo de leitura":"2 minutos"},"schema":{"@context":"https:\/\/schema.org","@graph":[{"@type":"Article","@id":"https:\/\/noticiasemdestaque.com\/cd\/?p=15449#article","isPartOf":{"@id":"https:\/\/noticiasemdestaque.com\/cd\/?p=15449"},"author":{"name":"Not\u00edcias em Destaque","@id":"https:\/\/noticiasemdestaque.com\/cd\/#\/schema\/person\/47f7d4f55eec17c6b2ca036c5500f6ce"},"headline":"Pais, alunos e autoridades prestigiam entrega do Centro Educa\u00e7\u00e3o Infantil em Monteiro","datePublished":"2019-02-12T00:01:42+00:00","mainEntityOfPage":{"@id":"https:\/\/noticiasemdestaque.com\/cd\/?p=15449"},"wordCount":437,"publisher":{"@id":"https:\/\/noticiasemdestaque.com\/cd\/#organization"},"image":{"@id":"https:\/\/noticiasemdestaque.com\/cd\/?p=15449#primaryimage"},"thumbnailUrl":"https:\/\/noticiasemdestaque.com\/cd\/wp-content\/uploads\/2019\/02\/Centro-Educacional-Infantil12.jpg","articleSection":["Pol\u00edtica"],"inLanguage":"pt-BR"},{"@type":"WebPage","@id":"https:\/\/noticiasemdestaque.com\/cd\/?p=15449","url":"https:\/\/noticiasemdestaque.com\/cd\/?p=15449","name":"Pais, alunos e autoridades prestigiam entrega do Centro Educa\u00e7\u00e3o Infantil em Monteiro - Not&iacute;cias em Destaque","isPartOf":{"@id":"https:\/\/noticiasemdestaque.com\/cd\/#website"},"primaryImageOfPage":{"@id":"https:\/\/noticiasemdestaque.com\/cd\/?p=15449#primaryimage"},"image":{"@id":"https:\/\/noticiasemdestaque.com\/cd\/?p=15449#primaryimage"},"thumbnailUrl":"https:\/\/noticiasemdestaque.com\/cd\/wp-content\/uploads\/2019\/02\/Centro-Educacional-Infantil12.jpg","datePublished":"2019-02-12T00:01:42+00:00","breadcrumb":{"@id":"https:\/\/noticiasemdestaque.com\/cd\/?p=15449#breadcrumb"},"inLanguage":"pt-BR","potentialAction":[{"@type":"ReadAction","target":["https:\/\/noticiasemdestaque.com\/cd\/?p=15449"]}]},{"@type":"ImageObject","inLanguage":"pt-BR","@id":"https:\/\/noticiasemdestaque.com\/cd\/?p=15449#primaryimage","url":"https:\/\/noticiasemdestaque.com\/cd\/wp-content\/uploads\/2019\/02\/Centro-Educacional-Infantil12.jpg","contentUrl":"https:\/\/noticiasemdestaque.com\/cd\/wp-content\/uploads\/2019\/02\/Centro-Educacional-Infantil12.jpg","width":1024,"height":683,"caption":"????????????????????????????????????"},{"@type":"BreadcrumbList","@id":"https:\/\/noticiasemdestaque.com\/cd\/?p=15449#breadcrumb","itemListElement":[{"@type":"ListItem","position":1,"name":"In\u00edcio","item":"https:\/\/noticiasemdestaque.com\/cd\/"},{"@type":"ListItem","position":2,"name":"Pais, alunos e autoridades prestigiam entrega do Centro Educa\u00e7\u00e3o Infantil em Monteiro"}]},{"@type":"WebSite","@id":"https:\/\/noticiasemdestaque.com\/cd\/#website","url":"https:\/\/noticiasemdestaque.com\/cd\/","name":"Not&iacute;cias em Destaque","description":"","publisher":{"@id":"https:\/\/noticiasemdestaque.com\/cd\/#organization"},"potentialAction":[{"@type":"SearchAction","target":{"@type":"EntryPoint","urlTemplate":"https:\/\/noticiasemdestaque.com\/cd\/?s={search_term_string}"},"query-input":{"@type":"PropertyValueSpecification","valueRequired":true,"valueName":"search_term_string"}}],"inLanguage":"pt-BR"},{"@type":"Organization","@id":"https:\/\/noticiasemdestaque.com\/cd\/#organization","name":"Not\u00edcias em Destaque","url":"https:\/\/noticiasemdestaque.com\/cd\/","logo":{"@type":"ImageObject","inLanguage":"pt-BR","@id":"https:\/\/noticiasemdestaque.com\/cd\/#\/schema\/logo\/image\/","url":"https:\/\/noticiasemdestaque.com\/cd\/wp-content\/uploads\/2022\/05\/imagem-base-noticiasemdestaque.png","contentUrl":"https:\/\/noticiasemdestaque.com\/cd\/wp-content\/uploads\/2022\/05\/imagem-base-noticiasemdestaque.png","width":1200,"height":630,"caption":"Not\u00edcias em Destaque"},"image":{"@id":"https:\/\/noticiasemdestaque.com\/cd\/#\/schema\/logo\/image\/"}},{"@type":"Person","@id":"https:\/\/noticiasemdestaque.com\/cd\/#\/schema\/person\/47f7d4f55eec17c6b2ca036c5500f6ce","name":"Not\u00edcias em Destaque","url":"https:\/\/noticiasemdestaque.com\/cd\/?author=2"}]}},"jetpack_featured_media_url":"https:\/\/noticiasemdestaque.com\/cd\/wp-content\/uploads\/2019\/02\/Centro-Educacional-Infantil12.jpg","jetpack_sharing_enabled":true,"_links":{"self":[{"href":"https:\/\/noticiasemdestaque.com\/cd\/index.php?rest_route=\/wp\/v2\/posts\/15449","targetHints":{"allow":["GET"]}}],"collection":[{"href":"https:\/\/noticiasemdestaque.com\/cd\/index.php?rest_route=\/wp\/v2\/posts"}],"about":[{"href":"https:\/\/noticiasemdestaque.com\/cd\/index.php?rest_route=\/wp\/v2\/types\/post"}],"author":[{"embeddable":true,"href":"https:\/\/noticiasemdestaque.com\/cd\/index.php?rest_route=\/wp\/v2\/users\/2"}],"replies":[{"embeddable":true,"href":"https:\/\/noticiasemdestaque.com\/cd\/index.php?rest_route=%2Fwp%2Fv2%2Fcomments&post=15449"}],"version-history":[{"count":1,"href":"https:\/\/noticiasemdestaque.com\/cd\/index.php?rest_route=\/wp\/v2\/posts\/15449\/revisions"}],"predecessor-version":[{"id":15454,"href":"https:\/\/noticiasemdestaque.com\/cd\/index.php?rest_route=\/wp\/v2\/posts\/15449\/revisions\/15454"}],"wp:featuredmedia":[{"embeddable":true,"href":"https:\/\/noticiasemdestaque.com\/cd\/index.php?rest_route=\/wp\/v2\/media\/15453"}],"wp:attachment":[{"href":"https:\/\/noticiasemdestaque.com\/cd\/index.php?rest_route=%2Fwp%2Fv2%2Fmedia&parent=15449"}],"wp:term":[{"taxonomy":"category","embeddable":true,"href":"https:\/\/noticiasemdestaque.com\/cd\/index.php?rest_route=%2Fwp%2Fv2%2Fcategories&post=15449"},{"taxonomy":"post_tag","embeddable":true,"href":"https:\/\/noticiasemdestaque.com\/cd\/index.php?rest_route=%2Fwp%2Fv2%2Ftags&post=15449"}],"curies":[{"name":"wp","href":"https:\/\/api.w.org\/{rel}","templated":true}]}}