{"id":15443,"date":"2019-02-11T07:19:59","date_gmt":"2019-02-11T10:19:59","guid":{"rendered":"http:\/\/noticiasemdestaque.com\/cd\/?p=15443"},"modified":"2019-02-11T07:19:59","modified_gmt":"2019-02-11T10:19:59","slug":"prova-do-vestibular-de-educacao-do-campo-do-cdsa-acontece-na-terca-feira-em-sume","status":"publish","type":"post","link":"https:\/\/noticiasemdestaque.com\/cd\/?p=15443","title":{"rendered":"Prova do Vestibular de Educa\u00e7\u00e3o do Campo do CDSA acontece na ter\u00e7a-feira em Sum\u00e9"},"content":{"rendered":"<p><a href=\"https:\/\/noticiasemdestaque.com\/cd\/wp-content\/uploads\/2017\/08\/estudante_ebc.jpg\"><img fetchpriority=\"high\" decoding=\"async\" class=\"alignnone size-full wp-image-3764\" src=\"https:\/\/noticiasemdestaque.com\/cd\/wp-content\/uploads\/2017\/08\/estudante_ebc.jpg\" alt=\"\" width=\"800\" height=\"532\" srcset=\"https:\/\/noticiasemdestaque.com\/cd\/wp-content\/uploads\/2017\/08\/estudante_ebc.jpg 800w, https:\/\/noticiasemdestaque.com\/cd\/wp-content\/uploads\/2017\/08\/estudante_ebc-300x200.jpg 300w, https:\/\/noticiasemdestaque.com\/cd\/wp-content\/uploads\/2017\/08\/estudante_ebc-768x511.jpg 768w, https:\/\/noticiasemdestaque.com\/cd\/wp-content\/uploads\/2017\/08\/estudante_ebc-480x320.jpg 480w\" sizes=\"(max-width: 800px) 100vw, 800px\" \/><\/a><\/p>\n<p>Na pr\u00f3xima ter\u00e7a-feira, 12 de fevereiro, ser\u00e1 realizada a Prova de Habilidade Espec\u00edfica do Vestibular Especial para o curso de Licenciatura em Educa\u00e7\u00e3o do Campo do Centro de Desenvolvimento Sustent\u00e1vel do Semi\u00e1rido da UFCG.\u00a0 A prova acontecer\u00e1\u00a0na Central de Aulas\u00a02 do Campus Sum\u00e9 e ter\u00e1 dura\u00e7\u00e3o m\u00ednima de uma hora e m\u00e1xima de tr\u00eas horas, com in\u00edcio \u00e0s 13h e encerramento \u00e0s 16h.<\/p>\n<p>Os candidatos devem chegar ao local de prova antes do hor\u00e1rio de in\u00edcio da prova, portando um documento de identidade com foto como RG ou Carteira\u00a0Nacional de Habilita\u00e7\u00e3o (CNH).<\/p>\n<p>Veja\u00a0<a href=\"http:\/\/comprov.ufcg.edu.br\/files\/Vestibulares\/2019\/educacao-campo\/candidatosHomologados.pdf\" target=\"_blank\" rel=\"noopener noreferrer\">aqui<\/a>\u00a0a lista dos candidatos homologados para a prova.<\/p>\n<p>Mais informa\u00e7\u00f5es sobre o Vestibular Especial 2019.1 \u2013 Educa\u00e7\u00e3o do Campo na p\u00e1gina da Comprov\/UFCG (<a href=\"http:\/\/www.ufcg.edu.br\/comprov\/\" target=\"_blank\" rel=\"noopener noreferrer\">http:\/\/www.ufcg.edu.br\/comprov\/<\/a>).<\/p>\n<p><em>Com Rosenato Barreto \u2013 Assimp CDSA\/UFCG<\/em><\/p>\n","protected":false},"excerpt":{"rendered":"<p>Na pr\u00f3xima ter\u00e7a-feira, 12 de fevereiro, ser\u00e1 realizada a Prova de Habilidade Espec\u00edfica do Vestibular Especial para o curso de Licenciatura em Educa\u00e7\u00e3o do Campo do Centro de Desenvolvimento Sustent\u00e1vel do Semi\u00e1rido da UFCG.\u00a0 A prova acontecer\u00e1\u00a0na Central de Aulas\u00a02 do Campus Sum\u00e9 e ter\u00e1 dura\u00e7\u00e3o m\u00ednima de uma hora e m\u00e1xima de tr\u00eas horas, com in\u00edcio \u00e0s 13h e encerramento \u00e0s 16h. Os candidatos devem chegar ao local de prova antes do hor\u00e1rio de in\u00edcio da prova, portando um documento de identidade com foto como RG ou Carteira\u00a0Nacional de Habilita\u00e7\u00e3o (CNH). Veja\u00a0aqui\u00a0a lista dos candidatos homologados para a prova. Mais informa\u00e7\u00f5es sobre o Vestibular Especial 2019.1 \u2013 Educa\u00e7\u00e3o do Campo na p\u00e1gina da Comprov\/UFCG (http:\/\/www.ufcg.edu.br\/comprov\/). Com Rosenato Barreto \u2013 Assimp CDSA\/UFCG<\/p>\n","protected":false},"author":2,"featured_media":3764,"comment_status":"closed","ping_status":"open","sticky":false,"template":"","format":"standard","meta":{"_eb_attr":"","_jetpack_memberships_contains_paid_content":false,"footnotes":""},"categories":[6],"tags":[],"class_list":["post-15443","post","type-post","status-publish","format-standard","has-post-thumbnail","hentry","category-educacao"],"yoast_head":"<!-- This site is optimized with the Yoast SEO plugin v26.5 - https:\/\/yoast.com\/wordpress\/plugins\/seo\/ -->\n<title>Prova do Vestibular de Educa\u00e7\u00e3o do Campo do CDSA acontece na ter\u00e7a-feira em Sum\u00e9 - Not&iacute;cias em Destaque<\/title>\n<meta name=\"robots\" content=\"index, follow, max-snippet:-1, max-image-preview:large, max-video-preview:-1\" \/>\n<link rel=\"canonical\" href=\"https:\/\/noticiasemdestaque.com\/cd\/?p=15443\" \/>\n<meta property=\"og:locale\" content=\"pt_BR\" \/>\n<meta property=\"og:type\" content=\"article\" \/>\n<meta property=\"og:title\" content=\"Prova do Vestibular de Educa\u00e7\u00e3o do Campo do CDSA acontece na ter\u00e7a-feira em Sum\u00e9 - Not&iacute;cias em Destaque\" \/>\n<meta property=\"og:description\" content=\"Na pr\u00f3xima ter\u00e7a-feira, 12 de fevereiro, ser\u00e1 realizada a Prova de Habilidade Espec\u00edfica do Vestibular Especial para o curso de Licenciatura em Educa\u00e7\u00e3o do Campo do Centro de Desenvolvimento Sustent\u00e1vel do Semi\u00e1rido da UFCG.\u00a0 A prova acontecer\u00e1\u00a0na Central de Aulas\u00a02 do Campus Sum\u00e9 e ter\u00e1 dura\u00e7\u00e3o m\u00ednima de uma hora e m\u00e1xima de tr\u00eas horas, com in\u00edcio \u00e0s 13h e encerramento \u00e0s 16h. Os candidatos devem chegar ao local de prova antes do hor\u00e1rio de in\u00edcio da prova, portando um documento de identidade com foto como RG ou Carteira\u00a0Nacional de Habilita\u00e7\u00e3o (CNH). Veja\u00a0aqui\u00a0a lista dos candidatos homologados para a prova. Mais informa\u00e7\u00f5es sobre o Vestibular Especial 2019.1 \u2013 Educa\u00e7\u00e3o do Campo na p\u00e1gina da Comprov\/UFCG (http:\/\/www.ufcg.edu.br\/comprov\/). Com Rosenato Barreto \u2013 Assimp CDSA\/UFCG\" \/>\n<meta property=\"og:url\" content=\"https:\/\/noticiasemdestaque.com\/cd\/?p=15443\" \/>\n<meta property=\"og:site_name\" content=\"Not&iacute;cias em Destaque\" \/>\n<meta property=\"article:published_time\" content=\"2019-02-11T10:19:59+00:00\" \/>\n<meta property=\"og:image\" content=\"https:\/\/noticiasemdestaque.com\/cd\/wp-content\/uploads\/2017\/08\/estudante_ebc.jpg\" \/>\n\t<meta property=\"og:image:width\" content=\"800\" \/>\n\t<meta property=\"og:image:height\" content=\"532\" \/>\n\t<meta property=\"og:image:type\" content=\"image\/jpeg\" \/>\n<meta name=\"author\" content=\"Not\u00edcias em Destaque\" \/>\n<meta name=\"twitter:card\" content=\"summary_large_image\" \/>\n<meta name=\"twitter:label1\" content=\"Escrito por\" \/>\n\t<meta name=\"twitter:data1\" content=\"Not\u00edcias em Destaque\" \/>\n\t<meta name=\"twitter:label2\" content=\"Est. tempo de leitura\" \/>\n\t<meta name=\"twitter:data2\" content=\"1 minuto\" \/>\n<script type=\"application\/ld+json\" class=\"yoast-schema-graph\">{\"@context\":\"https:\/\/schema.org\",\"@graph\":[{\"@type\":\"Article\",\"@id\":\"https:\/\/noticiasemdestaque.com\/cd\/?p=15443#article\",\"isPartOf\":{\"@id\":\"https:\/\/noticiasemdestaque.com\/cd\/?p=15443\"},\"author\":{\"name\":\"Not\u00edcias em Destaque\",\"@id\":\"https:\/\/noticiasemdestaque.com\/cd\/#\/schema\/person\/47f7d4f55eec17c6b2ca036c5500f6ce\"},\"headline\":\"Prova do Vestibular de Educa\u00e7\u00e3o do Campo do CDSA acontece na ter\u00e7a-feira em Sum\u00e9\",\"datePublished\":\"2019-02-11T10:19:59+00:00\",\"mainEntityOfPage\":{\"@id\":\"https:\/\/noticiasemdestaque.com\/cd\/?p=15443\"},\"wordCount\":162,\"publisher\":{\"@id\":\"https:\/\/noticiasemdestaque.com\/cd\/#organization\"},\"image\":{\"@id\":\"https:\/\/noticiasemdestaque.com\/cd\/?p=15443#primaryimage\"},\"thumbnailUrl\":\"https:\/\/noticiasemdestaque.com\/cd\/wp-content\/uploads\/2017\/08\/estudante_ebc.jpg\",\"articleSection\":[\"Educa\u00e7\u00e3o\"],\"inLanguage\":\"pt-BR\"},{\"@type\":\"WebPage\",\"@id\":\"https:\/\/noticiasemdestaque.com\/cd\/?p=15443\",\"url\":\"https:\/\/noticiasemdestaque.com\/cd\/?p=15443\",\"name\":\"Prova do Vestibular de Educa\u00e7\u00e3o do Campo do CDSA acontece na ter\u00e7a-feira em Sum\u00e9 - Not&iacute;cias em Destaque\",\"isPartOf\":{\"@id\":\"https:\/\/noticiasemdestaque.com\/cd\/#website\"},\"primaryImageOfPage\":{\"@id\":\"https:\/\/noticiasemdestaque.com\/cd\/?p=15443#primaryimage\"},\"image\":{\"@id\":\"https:\/\/noticiasemdestaque.com\/cd\/?p=15443#primaryimage\"},\"thumbnailUrl\":\"https:\/\/noticiasemdestaque.com\/cd\/wp-content\/uploads\/2017\/08\/estudante_ebc.jpg\",\"datePublished\":\"2019-02-11T10:19:59+00:00\",\"breadcrumb\":{\"@id\":\"https:\/\/noticiasemdestaque.com\/cd\/?p=15443#breadcrumb\"},\"inLanguage\":\"pt-BR\",\"potentialAction\":[{\"@type\":\"ReadAction\",\"target\":[\"https:\/\/noticiasemdestaque.com\/cd\/?p=15443\"]}]},{\"@type\":\"ImageObject\",\"inLanguage\":\"pt-BR\",\"@id\":\"https:\/\/noticiasemdestaque.com\/cd\/?p=15443#primaryimage\",\"url\":\"https:\/\/noticiasemdestaque.com\/cd\/wp-content\/uploads\/2017\/08\/estudante_ebc.jpg\",\"contentUrl\":\"https:\/\/noticiasemdestaque.com\/cd\/wp-content\/uploads\/2017\/08\/estudante_ebc.jpg\",\"width\":800,\"height\":532},{\"@type\":\"BreadcrumbList\",\"@id\":\"https:\/\/noticiasemdestaque.com\/cd\/?p=15443#breadcrumb\",\"itemListElement\":[{\"@type\":\"ListItem\",\"position\":1,\"name\":\"In\u00edcio\",\"item\":\"https:\/\/noticiasemdestaque.com\/cd\/\"},{\"@type\":\"ListItem\",\"position\":2,\"name\":\"Prova do Vestibular de Educa\u00e7\u00e3o do Campo do CDSA acontece na ter\u00e7a-feira em Sum\u00e9\"}]},{\"@type\":\"WebSite\",\"@id\":\"https:\/\/noticiasemdestaque.com\/cd\/#website\",\"url\":\"https:\/\/noticiasemdestaque.com\/cd\/\",\"name\":\"Not&iacute;cias em Destaque\",\"description\":\"\",\"publisher\":{\"@id\":\"https:\/\/noticiasemdestaque.com\/cd\/#organization\"},\"potentialAction\":[{\"@type\":\"SearchAction\",\"target\":{\"@type\":\"EntryPoint\",\"urlTemplate\":\"https:\/\/noticiasemdestaque.com\/cd\/?s={search_term_string}\"},\"query-input\":{\"@type\":\"PropertyValueSpecification\",\"valueRequired\":true,\"valueName\":\"search_term_string\"}}],\"inLanguage\":\"pt-BR\"},{\"@type\":\"Organization\",\"@id\":\"https:\/\/noticiasemdestaque.com\/cd\/#organization\",\"name\":\"Not\u00edcias em Destaque\",\"url\":\"https:\/\/noticiasemdestaque.com\/cd\/\",\"logo\":{\"@type\":\"ImageObject\",\"inLanguage\":\"pt-BR\",\"@id\":\"https:\/\/noticiasemdestaque.com\/cd\/#\/schema\/logo\/image\/\",\"url\":\"https:\/\/noticiasemdestaque.com\/cd\/wp-content\/uploads\/2022\/05\/imagem-base-noticiasemdestaque.png\",\"contentUrl\":\"https:\/\/noticiasemdestaque.com\/cd\/wp-content\/uploads\/2022\/05\/imagem-base-noticiasemdestaque.png\",\"width\":1200,\"height\":630,\"caption\":\"Not\u00edcias em Destaque\"},\"image\":{\"@id\":\"https:\/\/noticiasemdestaque.com\/cd\/#\/schema\/logo\/image\/\"}},{\"@type\":\"Person\",\"@id\":\"https:\/\/noticiasemdestaque.com\/cd\/#\/schema\/person\/47f7d4f55eec17c6b2ca036c5500f6ce\",\"name\":\"Not\u00edcias em Destaque\",\"url\":\"https:\/\/noticiasemdestaque.com\/cd\/?author=2\"}]}<\/script>\n<!-- \/ Yoast SEO plugin. -->","yoast_head_json":{"title":"Prova do Vestibular de Educa\u00e7\u00e3o do Campo do CDSA acontece na ter\u00e7a-feira em Sum\u00e9 - Not&iacute;cias em Destaque","robots":{"index":"index","follow":"follow","max-snippet":"max-snippet:-1","max-image-preview":"max-image-preview:large","max-video-preview":"max-video-preview:-1"},"canonical":"https:\/\/noticiasemdestaque.com\/cd\/?p=15443","og_locale":"pt_BR","og_type":"article","og_title":"Prova do Vestibular de Educa\u00e7\u00e3o do Campo do CDSA acontece na ter\u00e7a-feira em Sum\u00e9 - Not&iacute;cias em Destaque","og_description":"Na pr\u00f3xima ter\u00e7a-feira, 12 de fevereiro, ser\u00e1 realizada a Prova de Habilidade Espec\u00edfica do Vestibular Especial para o curso de Licenciatura em Educa\u00e7\u00e3o do Campo do Centro de Desenvolvimento Sustent\u00e1vel do Semi\u00e1rido da UFCG.\u00a0 A prova acontecer\u00e1\u00a0na Central de Aulas\u00a02 do Campus Sum\u00e9 e ter\u00e1 dura\u00e7\u00e3o m\u00ednima de uma hora e m\u00e1xima de tr\u00eas horas, com in\u00edcio \u00e0s 13h e encerramento \u00e0s 16h. Os candidatos devem chegar ao local de prova antes do hor\u00e1rio de in\u00edcio da prova, portando um documento de identidade com foto como RG ou Carteira\u00a0Nacional de Habilita\u00e7\u00e3o (CNH). Veja\u00a0aqui\u00a0a lista dos candidatos homologados para a prova. Mais informa\u00e7\u00f5es sobre o Vestibular Especial 2019.1 \u2013 Educa\u00e7\u00e3o do Campo na p\u00e1gina da Comprov\/UFCG (http:\/\/www.ufcg.edu.br\/comprov\/). Com Rosenato Barreto \u2013 Assimp CDSA\/UFCG","og_url":"https:\/\/noticiasemdestaque.com\/cd\/?p=15443","og_site_name":"Not&iacute;cias em Destaque","article_published_time":"2019-02-11T10:19:59+00:00","og_image":[{"width":800,"height":532,"url":"https:\/\/noticiasemdestaque.com\/cd\/wp-content\/uploads\/2017\/08\/estudante_ebc.jpg","type":"image\/jpeg"}],"author":"Not\u00edcias em Destaque","twitter_card":"summary_large_image","twitter_misc":{"Escrito por":"Not\u00edcias em Destaque","Est. tempo de leitura":"1 minuto"},"schema":{"@context":"https:\/\/schema.org","@graph":[{"@type":"Article","@id":"https:\/\/noticiasemdestaque.com\/cd\/?p=15443#article","isPartOf":{"@id":"https:\/\/noticiasemdestaque.com\/cd\/?p=15443"},"author":{"name":"Not\u00edcias em Destaque","@id":"https:\/\/noticiasemdestaque.com\/cd\/#\/schema\/person\/47f7d4f55eec17c6b2ca036c5500f6ce"},"headline":"Prova do Vestibular de Educa\u00e7\u00e3o do Campo do CDSA acontece na ter\u00e7a-feira em Sum\u00e9","datePublished":"2019-02-11T10:19:59+00:00","mainEntityOfPage":{"@id":"https:\/\/noticiasemdestaque.com\/cd\/?p=15443"},"wordCount":162,"publisher":{"@id":"https:\/\/noticiasemdestaque.com\/cd\/#organization"},"image":{"@id":"https:\/\/noticiasemdestaque.com\/cd\/?p=15443#primaryimage"},"thumbnailUrl":"https:\/\/noticiasemdestaque.com\/cd\/wp-content\/uploads\/2017\/08\/estudante_ebc.jpg","articleSection":["Educa\u00e7\u00e3o"],"inLanguage":"pt-BR"},{"@type":"WebPage","@id":"https:\/\/noticiasemdestaque.com\/cd\/?p=15443","url":"https:\/\/noticiasemdestaque.com\/cd\/?p=15443","name":"Prova do Vestibular de Educa\u00e7\u00e3o do Campo do CDSA acontece na ter\u00e7a-feira em Sum\u00e9 - Not&iacute;cias em Destaque","isPartOf":{"@id":"https:\/\/noticiasemdestaque.com\/cd\/#website"},"primaryImageOfPage":{"@id":"https:\/\/noticiasemdestaque.com\/cd\/?p=15443#primaryimage"},"image":{"@id":"https:\/\/noticiasemdestaque.com\/cd\/?p=15443#primaryimage"},"thumbnailUrl":"https:\/\/noticiasemdestaque.com\/cd\/wp-content\/uploads\/2017\/08\/estudante_ebc.jpg","datePublished":"2019-02-11T10:19:59+00:00","breadcrumb":{"@id":"https:\/\/noticiasemdestaque.com\/cd\/?p=15443#breadcrumb"},"inLanguage":"pt-BR","potentialAction":[{"@type":"ReadAction","target":["https:\/\/noticiasemdestaque.com\/cd\/?p=15443"]}]},{"@type":"ImageObject","inLanguage":"pt-BR","@id":"https:\/\/noticiasemdestaque.com\/cd\/?p=15443#primaryimage","url":"https:\/\/noticiasemdestaque.com\/cd\/wp-content\/uploads\/2017\/08\/estudante_ebc.jpg","contentUrl":"https:\/\/noticiasemdestaque.com\/cd\/wp-content\/uploads\/2017\/08\/estudante_ebc.jpg","width":800,"height":532},{"@type":"BreadcrumbList","@id":"https:\/\/noticiasemdestaque.com\/cd\/?p=15443#breadcrumb","itemListElement":[{"@type":"ListItem","position":1,"name":"In\u00edcio","item":"https:\/\/noticiasemdestaque.com\/cd\/"},{"@type":"ListItem","position":2,"name":"Prova do Vestibular de Educa\u00e7\u00e3o do Campo do CDSA acontece na ter\u00e7a-feira em Sum\u00e9"}]},{"@type":"WebSite","@id":"https:\/\/noticiasemdestaque.com\/cd\/#website","url":"https:\/\/noticiasemdestaque.com\/cd\/","name":"Not&iacute;cias em Destaque","description":"","publisher":{"@id":"https:\/\/noticiasemdestaque.com\/cd\/#organization"},"potentialAction":[{"@type":"SearchAction","target":{"@type":"EntryPoint","urlTemplate":"https:\/\/noticiasemdestaque.com\/cd\/?s={search_term_string}"},"query-input":{"@type":"PropertyValueSpecification","valueRequired":true,"valueName":"search_term_string"}}],"inLanguage":"pt-BR"},{"@type":"Organization","@id":"https:\/\/noticiasemdestaque.com\/cd\/#organization","name":"Not\u00edcias em Destaque","url":"https:\/\/noticiasemdestaque.com\/cd\/","logo":{"@type":"ImageObject","inLanguage":"pt-BR","@id":"https:\/\/noticiasemdestaque.com\/cd\/#\/schema\/logo\/image\/","url":"https:\/\/noticiasemdestaque.com\/cd\/wp-content\/uploads\/2022\/05\/imagem-base-noticiasemdestaque.png","contentUrl":"https:\/\/noticiasemdestaque.com\/cd\/wp-content\/uploads\/2022\/05\/imagem-base-noticiasemdestaque.png","width":1200,"height":630,"caption":"Not\u00edcias em Destaque"},"image":{"@id":"https:\/\/noticiasemdestaque.com\/cd\/#\/schema\/logo\/image\/"}},{"@type":"Person","@id":"https:\/\/noticiasemdestaque.com\/cd\/#\/schema\/person\/47f7d4f55eec17c6b2ca036c5500f6ce","name":"Not\u00edcias em Destaque","url":"https:\/\/noticiasemdestaque.com\/cd\/?author=2"}]}},"jetpack_featured_media_url":"https:\/\/noticiasemdestaque.com\/cd\/wp-content\/uploads\/2017\/08\/estudante_ebc.jpg","jetpack_sharing_enabled":true,"_links":{"self":[{"href":"https:\/\/noticiasemdestaque.com\/cd\/index.php?rest_route=\/wp\/v2\/posts\/15443","targetHints":{"allow":["GET"]}}],"collection":[{"href":"https:\/\/noticiasemdestaque.com\/cd\/index.php?rest_route=\/wp\/v2\/posts"}],"about":[{"href":"https:\/\/noticiasemdestaque.com\/cd\/index.php?rest_route=\/wp\/v2\/types\/post"}],"author":[{"embeddable":true,"href":"https:\/\/noticiasemdestaque.com\/cd\/index.php?rest_route=\/wp\/v2\/users\/2"}],"replies":[{"embeddable":true,"href":"https:\/\/noticiasemdestaque.com\/cd\/index.php?rest_route=%2Fwp%2Fv2%2Fcomments&post=15443"}],"version-history":[{"count":1,"href":"https:\/\/noticiasemdestaque.com\/cd\/index.php?rest_route=\/wp\/v2\/posts\/15443\/revisions"}],"predecessor-version":[{"id":15444,"href":"https:\/\/noticiasemdestaque.com\/cd\/index.php?rest_route=\/wp\/v2\/posts\/15443\/revisions\/15444"}],"wp:featuredmedia":[{"embeddable":true,"href":"https:\/\/noticiasemdestaque.com\/cd\/index.php?rest_route=\/wp\/v2\/media\/3764"}],"wp:attachment":[{"href":"https:\/\/noticiasemdestaque.com\/cd\/index.php?rest_route=%2Fwp%2Fv2%2Fmedia&parent=15443"}],"wp:term":[{"taxonomy":"category","embeddable":true,"href":"https:\/\/noticiasemdestaque.com\/cd\/index.php?rest_route=%2Fwp%2Fv2%2Fcategories&post=15443"},{"taxonomy":"post_tag","embeddable":true,"href":"https:\/\/noticiasemdestaque.com\/cd\/index.php?rest_route=%2Fwp%2Fv2%2Ftags&post=15443"}],"curies":[{"name":"wp","href":"https:\/\/api.w.org\/{rel}","templated":true}]}}