{"id":15440,"date":"2019-02-11T07:14:16","date_gmt":"2019-02-11T10:14:16","guid":{"rendered":"http:\/\/noticiasemdestaque.com\/cd\/?p=15440"},"modified":"2019-02-11T07:14:16","modified_gmt":"2019-02-11T10:14:16","slug":"sem-pagar-pensao-alimenticia-cantor-da-banda-karkara-e-preso-apos-apresentacao-em-esperanca","status":"publish","type":"post","link":"https:\/\/noticiasemdestaque.com\/cd\/?p=15440","title":{"rendered":"Sem pagar pens\u00e3o aliment\u00edcia, cantor da banda Karkar\u00e1 \u00e9 preso ap\u00f3s apresenta\u00e7\u00e3o em Esperan\u00e7a"},"content":{"rendered":"<p><a href=\"https:\/\/noticiasemdestaque.com\/cd\/wp-content\/uploads\/2019\/02\/cantor.jpg\"><img fetchpriority=\"high\" decoding=\"async\" class=\"size-full wp-image-15441 aligncenter\" src=\"https:\/\/noticiasemdestaque.com\/cd\/wp-content\/uploads\/2019\/02\/cantor.jpg\" alt=\"\" width=\"400\" height=\"400\" srcset=\"https:\/\/noticiasemdestaque.com\/cd\/wp-content\/uploads\/2019\/02\/cantor.jpg 400w, https:\/\/noticiasemdestaque.com\/cd\/wp-content\/uploads\/2019\/02\/cantor-150x150.jpg 150w, https:\/\/noticiasemdestaque.com\/cd\/wp-content\/uploads\/2019\/02\/cantor-300x300.jpg 300w\" sizes=\"(max-width: 400px) 100vw, 400px\" \/><\/a><\/p>\n<p>O cantor e sanfoneiro da banda campinense Karkar\u00e1 \u2013 O Pipoco do Trov\u00e3o \u2013 foi preso na madrugada desde domingo em um cumprimento \u00e0 um mandado de pris\u00e3o da 1\u00aa Vara da Fam\u00edlia de Campina Grande por n\u00e3o est\u00e1 quitando os d\u00e9bitos do acordo de pens\u00e3o aliment\u00edcia dos filhos.<\/p>\n<p>O artista foi detido em uma a\u00e7\u00e3o conjunta das policiais Civil e Militar de Esperan\u00e7a, logo ap\u00f3s um apresenta\u00e7\u00e3o da banda que ocorreu em um bar da cidade.<\/p>\n<p>A ordem de captura, foi assinada pelo Juiz Cl\u00e1udio Pinto Lopes desde o \u00faltimo dia 09 de janeiro.<\/p>\n<p>Jos\u00e9 Georgivan da Silva Lopes, o \u201cVam Trubudo\u201d, dever\u00e1 ficar recolhido em regime fechado durante um per\u00edodo de 30 (trinta) dias, na Penit\u00eancia Jurista Agnello Amorim (Monte Santo) at\u00e9 que todos os valores pendentes sejam quitados.<\/p>\n<p><strong>VEJA ORDEM DE PRIS\u00c3O:<\/strong><\/p>\n<p><img decoding=\"async\" class=\"wp-image-62832 aligncenter\" src=\"http:\/\/deolhonocariri.com.br\/wp-content\/uploads\/2019\/02\/img_2053-450x600.jpg\" sizes=\"(max-width: 413px) 100vw, 413px\" srcset=\"https:\/\/deolhonocariri.com.br\/wp-content\/uploads\/2019\/02\/img_2053-450x600.jpg 450w, https:\/\/deolhonocariri.com.br\/wp-content\/uploads\/2019\/02\/img_2053-300x400.jpg 300w, https:\/\/deolhonocariri.com.br\/wp-content\/uploads\/2019\/02\/img_2053.jpg 665w\" alt=\"\" width=\"413\" height=\"551\" \/><\/p>\n<p><em>Com Blog do M\u00e1rcio Rangel<\/em><\/p>\n","protected":false},"excerpt":{"rendered":"<p>O cantor e sanfoneiro da banda campinense Karkar\u00e1 \u2013 O Pipoco do Trov\u00e3o \u2013 foi preso na madrugada desde domingo em um cumprimento \u00e0 um mandado de pris\u00e3o da 1\u00aa Vara da Fam\u00edlia de Campina Grande por n\u00e3o est\u00e1 quitando os d\u00e9bitos do acordo de pens\u00e3o aliment\u00edcia dos filhos. O artista foi detido em uma a\u00e7\u00e3o conjunta das policiais Civil e Militar de Esperan\u00e7a, logo ap\u00f3s um apresenta\u00e7\u00e3o da banda que ocorreu em um bar da cidade. A ordem de captura, foi assinada pelo Juiz Cl\u00e1udio Pinto Lopes desde o \u00faltimo dia 09 de janeiro. Jos\u00e9 Georgivan da Silva Lopes, o \u201cVam Trubudo\u201d, dever\u00e1 ficar recolhido em regime fechado durante um per\u00edodo de 30 (trinta) dias, na Penit\u00eancia Jurista Agnello Amorim (Monte Santo) at\u00e9 que todos os valores pendentes sejam quitados. VEJA ORDEM DE PRIS\u00c3O: Com Blog do M\u00e1rcio Rangel<\/p>\n","protected":false},"author":2,"featured_media":15441,"comment_status":"closed","ping_status":"open","sticky":false,"template":"","format":"standard","meta":{"_eb_attr":"","_jetpack_memberships_contains_paid_content":false,"footnotes":""},"categories":[3],"tags":[],"class_list":["post-15440","post","type-post","status-publish","format-standard","has-post-thumbnail","hentry","category-cidades"],"yoast_head":"<!-- This site is optimized with the Yoast SEO plugin v26.5 - https:\/\/yoast.com\/wordpress\/plugins\/seo\/ -->\n<title>Sem pagar pens\u00e3o aliment\u00edcia, cantor da banda Karkar\u00e1 \u00e9 preso ap\u00f3s apresenta\u00e7\u00e3o em Esperan\u00e7a - Not&iacute;cias em Destaque<\/title>\n<meta name=\"robots\" content=\"index, follow, max-snippet:-1, max-image-preview:large, max-video-preview:-1\" \/>\n<link rel=\"canonical\" href=\"https:\/\/noticiasemdestaque.com\/cd\/?p=15440\" \/>\n<meta property=\"og:locale\" content=\"pt_BR\" \/>\n<meta property=\"og:type\" content=\"article\" \/>\n<meta property=\"og:title\" content=\"Sem pagar pens\u00e3o aliment\u00edcia, cantor da banda Karkar\u00e1 \u00e9 preso ap\u00f3s apresenta\u00e7\u00e3o em Esperan\u00e7a - Not&iacute;cias em Destaque\" \/>\n<meta property=\"og:description\" content=\"O cantor e sanfoneiro da banda campinense Karkar\u00e1 \u2013 O Pipoco do Trov\u00e3o \u2013 foi preso na madrugada desde domingo em um cumprimento \u00e0 um mandado de pris\u00e3o da 1\u00aa Vara da Fam\u00edlia de Campina Grande por n\u00e3o est\u00e1 quitando os d\u00e9bitos do acordo de pens\u00e3o aliment\u00edcia dos filhos. O artista foi detido em uma a\u00e7\u00e3o conjunta das policiais Civil e Militar de Esperan\u00e7a, logo ap\u00f3s um apresenta\u00e7\u00e3o da banda que ocorreu em um bar da cidade. A ordem de captura, foi assinada pelo Juiz Cl\u00e1udio Pinto Lopes desde o \u00faltimo dia 09 de janeiro. Jos\u00e9 Georgivan da Silva Lopes, o \u201cVam Trubudo\u201d, dever\u00e1 ficar recolhido em regime fechado durante um per\u00edodo de 30 (trinta) dias, na Penit\u00eancia Jurista Agnello Amorim (Monte Santo) at\u00e9 que todos os valores pendentes sejam quitados. VEJA ORDEM DE PRIS\u00c3O: Com Blog do M\u00e1rcio Rangel\" \/>\n<meta property=\"og:url\" content=\"https:\/\/noticiasemdestaque.com\/cd\/?p=15440\" \/>\n<meta property=\"og:site_name\" content=\"Not&iacute;cias em Destaque\" \/>\n<meta property=\"article:published_time\" content=\"2019-02-11T10:14:16+00:00\" \/>\n<meta property=\"og:image\" content=\"https:\/\/noticiasemdestaque.com\/cd\/wp-content\/uploads\/2019\/02\/cantor.jpg\" \/>\n\t<meta property=\"og:image:width\" content=\"400\" \/>\n\t<meta property=\"og:image:height\" content=\"400\" \/>\n\t<meta property=\"og:image:type\" content=\"image\/jpeg\" \/>\n<meta name=\"author\" content=\"Not\u00edcias em Destaque\" \/>\n<meta name=\"twitter:card\" content=\"summary_large_image\" \/>\n<meta name=\"twitter:label1\" content=\"Escrito por\" \/>\n\t<meta name=\"twitter:data1\" content=\"Not\u00edcias em Destaque\" \/>\n\t<meta name=\"twitter:label2\" content=\"Est. tempo de leitura\" \/>\n\t<meta name=\"twitter:data2\" content=\"1 minuto\" \/>\n<script type=\"application\/ld+json\" class=\"yoast-schema-graph\">{\"@context\":\"https:\/\/schema.org\",\"@graph\":[{\"@type\":\"Article\",\"@id\":\"https:\/\/noticiasemdestaque.com\/cd\/?p=15440#article\",\"isPartOf\":{\"@id\":\"https:\/\/noticiasemdestaque.com\/cd\/?p=15440\"},\"author\":{\"name\":\"Not\u00edcias em Destaque\",\"@id\":\"https:\/\/noticiasemdestaque.com\/cd\/#\/schema\/person\/47f7d4f55eec17c6b2ca036c5500f6ce\"},\"headline\":\"Sem pagar pens\u00e3o aliment\u00edcia, cantor da banda Karkar\u00e1 \u00e9 preso ap\u00f3s apresenta\u00e7\u00e3o em Esperan\u00e7a\",\"datePublished\":\"2019-02-11T10:14:16+00:00\",\"mainEntityOfPage\":{\"@id\":\"https:\/\/noticiasemdestaque.com\/cd\/?p=15440\"},\"wordCount\":168,\"publisher\":{\"@id\":\"https:\/\/noticiasemdestaque.com\/cd\/#organization\"},\"image\":{\"@id\":\"https:\/\/noticiasemdestaque.com\/cd\/?p=15440#primaryimage\"},\"thumbnailUrl\":\"https:\/\/noticiasemdestaque.com\/cd\/wp-content\/uploads\/2019\/02\/cantor.jpg\",\"articleSection\":[\"Cidades\"],\"inLanguage\":\"pt-BR\"},{\"@type\":\"WebPage\",\"@id\":\"https:\/\/noticiasemdestaque.com\/cd\/?p=15440\",\"url\":\"https:\/\/noticiasemdestaque.com\/cd\/?p=15440\",\"name\":\"Sem pagar pens\u00e3o aliment\u00edcia, cantor da banda Karkar\u00e1 \u00e9 preso ap\u00f3s apresenta\u00e7\u00e3o em Esperan\u00e7a - Not&iacute;cias em Destaque\",\"isPartOf\":{\"@id\":\"https:\/\/noticiasemdestaque.com\/cd\/#website\"},\"primaryImageOfPage\":{\"@id\":\"https:\/\/noticiasemdestaque.com\/cd\/?p=15440#primaryimage\"},\"image\":{\"@id\":\"https:\/\/noticiasemdestaque.com\/cd\/?p=15440#primaryimage\"},\"thumbnailUrl\":\"https:\/\/noticiasemdestaque.com\/cd\/wp-content\/uploads\/2019\/02\/cantor.jpg\",\"datePublished\":\"2019-02-11T10:14:16+00:00\",\"breadcrumb\":{\"@id\":\"https:\/\/noticiasemdestaque.com\/cd\/?p=15440#breadcrumb\"},\"inLanguage\":\"pt-BR\",\"potentialAction\":[{\"@type\":\"ReadAction\",\"target\":[\"https:\/\/noticiasemdestaque.com\/cd\/?p=15440\"]}]},{\"@type\":\"ImageObject\",\"inLanguage\":\"pt-BR\",\"@id\":\"https:\/\/noticiasemdestaque.com\/cd\/?p=15440#primaryimage\",\"url\":\"https:\/\/noticiasemdestaque.com\/cd\/wp-content\/uploads\/2019\/02\/cantor.jpg\",\"contentUrl\":\"https:\/\/noticiasemdestaque.com\/cd\/wp-content\/uploads\/2019\/02\/cantor.jpg\",\"width\":400,\"height\":400},{\"@type\":\"BreadcrumbList\",\"@id\":\"https:\/\/noticiasemdestaque.com\/cd\/?p=15440#breadcrumb\",\"itemListElement\":[{\"@type\":\"ListItem\",\"position\":1,\"name\":\"In\u00edcio\",\"item\":\"https:\/\/noticiasemdestaque.com\/cd\/\"},{\"@type\":\"ListItem\",\"position\":2,\"name\":\"Sem pagar pens\u00e3o aliment\u00edcia, cantor da banda Karkar\u00e1 \u00e9 preso ap\u00f3s apresenta\u00e7\u00e3o em Esperan\u00e7a\"}]},{\"@type\":\"WebSite\",\"@id\":\"https:\/\/noticiasemdestaque.com\/cd\/#website\",\"url\":\"https:\/\/noticiasemdestaque.com\/cd\/\",\"name\":\"Not&iacute;cias em Destaque\",\"description\":\"\",\"publisher\":{\"@id\":\"https:\/\/noticiasemdestaque.com\/cd\/#organization\"},\"potentialAction\":[{\"@type\":\"SearchAction\",\"target\":{\"@type\":\"EntryPoint\",\"urlTemplate\":\"https:\/\/noticiasemdestaque.com\/cd\/?s={search_term_string}\"},\"query-input\":{\"@type\":\"PropertyValueSpecification\",\"valueRequired\":true,\"valueName\":\"search_term_string\"}}],\"inLanguage\":\"pt-BR\"},{\"@type\":\"Organization\",\"@id\":\"https:\/\/noticiasemdestaque.com\/cd\/#organization\",\"name\":\"Not\u00edcias em Destaque\",\"url\":\"https:\/\/noticiasemdestaque.com\/cd\/\",\"logo\":{\"@type\":\"ImageObject\",\"inLanguage\":\"pt-BR\",\"@id\":\"https:\/\/noticiasemdestaque.com\/cd\/#\/schema\/logo\/image\/\",\"url\":\"https:\/\/noticiasemdestaque.com\/cd\/wp-content\/uploads\/2022\/05\/imagem-base-noticiasemdestaque.png\",\"contentUrl\":\"https:\/\/noticiasemdestaque.com\/cd\/wp-content\/uploads\/2022\/05\/imagem-base-noticiasemdestaque.png\",\"width\":1200,\"height\":630,\"caption\":\"Not\u00edcias em Destaque\"},\"image\":{\"@id\":\"https:\/\/noticiasemdestaque.com\/cd\/#\/schema\/logo\/image\/\"}},{\"@type\":\"Person\",\"@id\":\"https:\/\/noticiasemdestaque.com\/cd\/#\/schema\/person\/47f7d4f55eec17c6b2ca036c5500f6ce\",\"name\":\"Not\u00edcias em Destaque\",\"url\":\"https:\/\/noticiasemdestaque.com\/cd\/?author=2\"}]}<\/script>\n<!-- \/ Yoast SEO plugin. -->","yoast_head_json":{"title":"Sem pagar pens\u00e3o aliment\u00edcia, cantor da banda Karkar\u00e1 \u00e9 preso ap\u00f3s apresenta\u00e7\u00e3o em Esperan\u00e7a - Not&iacute;cias em Destaque","robots":{"index":"index","follow":"follow","max-snippet":"max-snippet:-1","max-image-preview":"max-image-preview:large","max-video-preview":"max-video-preview:-1"},"canonical":"https:\/\/noticiasemdestaque.com\/cd\/?p=15440","og_locale":"pt_BR","og_type":"article","og_title":"Sem pagar pens\u00e3o aliment\u00edcia, cantor da banda Karkar\u00e1 \u00e9 preso ap\u00f3s apresenta\u00e7\u00e3o em Esperan\u00e7a - Not&iacute;cias em Destaque","og_description":"O cantor e sanfoneiro da banda campinense Karkar\u00e1 \u2013 O Pipoco do Trov\u00e3o \u2013 foi preso na madrugada desde domingo em um cumprimento \u00e0 um mandado de pris\u00e3o da 1\u00aa Vara da Fam\u00edlia de Campina Grande por n\u00e3o est\u00e1 quitando os d\u00e9bitos do acordo de pens\u00e3o aliment\u00edcia dos filhos. O artista foi detido em uma a\u00e7\u00e3o conjunta das policiais Civil e Militar de Esperan\u00e7a, logo ap\u00f3s um apresenta\u00e7\u00e3o da banda que ocorreu em um bar da cidade. A ordem de captura, foi assinada pelo Juiz Cl\u00e1udio Pinto Lopes desde o \u00faltimo dia 09 de janeiro. Jos\u00e9 Georgivan da Silva Lopes, o \u201cVam Trubudo\u201d, dever\u00e1 ficar recolhido em regime fechado durante um per\u00edodo de 30 (trinta) dias, na Penit\u00eancia Jurista Agnello Amorim (Monte Santo) at\u00e9 que todos os valores pendentes sejam quitados. VEJA ORDEM DE PRIS\u00c3O: Com Blog do M\u00e1rcio Rangel","og_url":"https:\/\/noticiasemdestaque.com\/cd\/?p=15440","og_site_name":"Not&iacute;cias em Destaque","article_published_time":"2019-02-11T10:14:16+00:00","og_image":[{"width":400,"height":400,"url":"https:\/\/noticiasemdestaque.com\/cd\/wp-content\/uploads\/2019\/02\/cantor.jpg","type":"image\/jpeg"}],"author":"Not\u00edcias em Destaque","twitter_card":"summary_large_image","twitter_misc":{"Escrito por":"Not\u00edcias em Destaque","Est. tempo de leitura":"1 minuto"},"schema":{"@context":"https:\/\/schema.org","@graph":[{"@type":"Article","@id":"https:\/\/noticiasemdestaque.com\/cd\/?p=15440#article","isPartOf":{"@id":"https:\/\/noticiasemdestaque.com\/cd\/?p=15440"},"author":{"name":"Not\u00edcias em Destaque","@id":"https:\/\/noticiasemdestaque.com\/cd\/#\/schema\/person\/47f7d4f55eec17c6b2ca036c5500f6ce"},"headline":"Sem pagar pens\u00e3o aliment\u00edcia, cantor da banda Karkar\u00e1 \u00e9 preso ap\u00f3s apresenta\u00e7\u00e3o em Esperan\u00e7a","datePublished":"2019-02-11T10:14:16+00:00","mainEntityOfPage":{"@id":"https:\/\/noticiasemdestaque.com\/cd\/?p=15440"},"wordCount":168,"publisher":{"@id":"https:\/\/noticiasemdestaque.com\/cd\/#organization"},"image":{"@id":"https:\/\/noticiasemdestaque.com\/cd\/?p=15440#primaryimage"},"thumbnailUrl":"https:\/\/noticiasemdestaque.com\/cd\/wp-content\/uploads\/2019\/02\/cantor.jpg","articleSection":["Cidades"],"inLanguage":"pt-BR"},{"@type":"WebPage","@id":"https:\/\/noticiasemdestaque.com\/cd\/?p=15440","url":"https:\/\/noticiasemdestaque.com\/cd\/?p=15440","name":"Sem pagar pens\u00e3o aliment\u00edcia, cantor da banda Karkar\u00e1 \u00e9 preso ap\u00f3s apresenta\u00e7\u00e3o em Esperan\u00e7a - Not&iacute;cias em Destaque","isPartOf":{"@id":"https:\/\/noticiasemdestaque.com\/cd\/#website"},"primaryImageOfPage":{"@id":"https:\/\/noticiasemdestaque.com\/cd\/?p=15440#primaryimage"},"image":{"@id":"https:\/\/noticiasemdestaque.com\/cd\/?p=15440#primaryimage"},"thumbnailUrl":"https:\/\/noticiasemdestaque.com\/cd\/wp-content\/uploads\/2019\/02\/cantor.jpg","datePublished":"2019-02-11T10:14:16+00:00","breadcrumb":{"@id":"https:\/\/noticiasemdestaque.com\/cd\/?p=15440#breadcrumb"},"inLanguage":"pt-BR","potentialAction":[{"@type":"ReadAction","target":["https:\/\/noticiasemdestaque.com\/cd\/?p=15440"]}]},{"@type":"ImageObject","inLanguage":"pt-BR","@id":"https:\/\/noticiasemdestaque.com\/cd\/?p=15440#primaryimage","url":"https:\/\/noticiasemdestaque.com\/cd\/wp-content\/uploads\/2019\/02\/cantor.jpg","contentUrl":"https:\/\/noticiasemdestaque.com\/cd\/wp-content\/uploads\/2019\/02\/cantor.jpg","width":400,"height":400},{"@type":"BreadcrumbList","@id":"https:\/\/noticiasemdestaque.com\/cd\/?p=15440#breadcrumb","itemListElement":[{"@type":"ListItem","position":1,"name":"In\u00edcio","item":"https:\/\/noticiasemdestaque.com\/cd\/"},{"@type":"ListItem","position":2,"name":"Sem pagar pens\u00e3o aliment\u00edcia, cantor da banda Karkar\u00e1 \u00e9 preso ap\u00f3s apresenta\u00e7\u00e3o em Esperan\u00e7a"}]},{"@type":"WebSite","@id":"https:\/\/noticiasemdestaque.com\/cd\/#website","url":"https:\/\/noticiasemdestaque.com\/cd\/","name":"Not&iacute;cias em Destaque","description":"","publisher":{"@id":"https:\/\/noticiasemdestaque.com\/cd\/#organization"},"potentialAction":[{"@type":"SearchAction","target":{"@type":"EntryPoint","urlTemplate":"https:\/\/noticiasemdestaque.com\/cd\/?s={search_term_string}"},"query-input":{"@type":"PropertyValueSpecification","valueRequired":true,"valueName":"search_term_string"}}],"inLanguage":"pt-BR"},{"@type":"Organization","@id":"https:\/\/noticiasemdestaque.com\/cd\/#organization","name":"Not\u00edcias em Destaque","url":"https:\/\/noticiasemdestaque.com\/cd\/","logo":{"@type":"ImageObject","inLanguage":"pt-BR","@id":"https:\/\/noticiasemdestaque.com\/cd\/#\/schema\/logo\/image\/","url":"https:\/\/noticiasemdestaque.com\/cd\/wp-content\/uploads\/2022\/05\/imagem-base-noticiasemdestaque.png","contentUrl":"https:\/\/noticiasemdestaque.com\/cd\/wp-content\/uploads\/2022\/05\/imagem-base-noticiasemdestaque.png","width":1200,"height":630,"caption":"Not\u00edcias em Destaque"},"image":{"@id":"https:\/\/noticiasemdestaque.com\/cd\/#\/schema\/logo\/image\/"}},{"@type":"Person","@id":"https:\/\/noticiasemdestaque.com\/cd\/#\/schema\/person\/47f7d4f55eec17c6b2ca036c5500f6ce","name":"Not\u00edcias em Destaque","url":"https:\/\/noticiasemdestaque.com\/cd\/?author=2"}]}},"jetpack_featured_media_url":"https:\/\/noticiasemdestaque.com\/cd\/wp-content\/uploads\/2019\/02\/cantor.jpg","jetpack_sharing_enabled":true,"_links":{"self":[{"href":"https:\/\/noticiasemdestaque.com\/cd\/index.php?rest_route=\/wp\/v2\/posts\/15440","targetHints":{"allow":["GET"]}}],"collection":[{"href":"https:\/\/noticiasemdestaque.com\/cd\/index.php?rest_route=\/wp\/v2\/posts"}],"about":[{"href":"https:\/\/noticiasemdestaque.com\/cd\/index.php?rest_route=\/wp\/v2\/types\/post"}],"author":[{"embeddable":true,"href":"https:\/\/noticiasemdestaque.com\/cd\/index.php?rest_route=\/wp\/v2\/users\/2"}],"replies":[{"embeddable":true,"href":"https:\/\/noticiasemdestaque.com\/cd\/index.php?rest_route=%2Fwp%2Fv2%2Fcomments&post=15440"}],"version-history":[{"count":1,"href":"https:\/\/noticiasemdestaque.com\/cd\/index.php?rest_route=\/wp\/v2\/posts\/15440\/revisions"}],"predecessor-version":[{"id":15442,"href":"https:\/\/noticiasemdestaque.com\/cd\/index.php?rest_route=\/wp\/v2\/posts\/15440\/revisions\/15442"}],"wp:featuredmedia":[{"embeddable":true,"href":"https:\/\/noticiasemdestaque.com\/cd\/index.php?rest_route=\/wp\/v2\/media\/15441"}],"wp:attachment":[{"href":"https:\/\/noticiasemdestaque.com\/cd\/index.php?rest_route=%2Fwp%2Fv2%2Fmedia&parent=15440"}],"wp:term":[{"taxonomy":"category","embeddable":true,"href":"https:\/\/noticiasemdestaque.com\/cd\/index.php?rest_route=%2Fwp%2Fv2%2Fcategories&post=15440"},{"taxonomy":"post_tag","embeddable":true,"href":"https:\/\/noticiasemdestaque.com\/cd\/index.php?rest_route=%2Fwp%2Fv2%2Ftags&post=15440"}],"curies":[{"name":"wp","href":"https:\/\/api.w.org\/{rel}","templated":true}]}}