{"id":15438,"date":"2019-02-11T07:13:25","date_gmt":"2019-02-11T10:13:25","guid":{"rendered":"http:\/\/noticiasemdestaque.com\/cd\/?p=15438"},"modified":"2019-02-11T07:13:25","modified_gmt":"2019-02-11T10:13:25","slug":"tce-pb-determina-que-ex-prefeito-caririzeiro-devolva-mais-de-r-52-mil-por-despesas-sem-comprovacao","status":"publish","type":"post","link":"https:\/\/noticiasemdestaque.com\/cd\/?p=15438","title":{"rendered":"TCE-PB determina que ex-prefeito caririzeiro devolva mais de R$ 52 mil por despesas sem comprova\u00e7\u00e3o"},"content":{"rendered":"<p><a href=\"https:\/\/noticiasemdestaque.com\/cd\/wp-content\/uploads\/2017\/11\/tce.jpg\"><img fetchpriority=\"high\" decoding=\"async\" class=\"alignnone size-full wp-image-6081\" src=\"https:\/\/noticiasemdestaque.com\/cd\/wp-content\/uploads\/2017\/11\/tce.jpg\" alt=\"\" width=\"600\" height=\"450\" srcset=\"https:\/\/noticiasemdestaque.com\/cd\/wp-content\/uploads\/2017\/11\/tce.jpg 600w, https:\/\/noticiasemdestaque.com\/cd\/wp-content\/uploads\/2017\/11\/tce-300x225.jpg 300w, https:\/\/noticiasemdestaque.com\/cd\/wp-content\/uploads\/2017\/11\/tce-200x150.jpg 200w\" sizes=\"(max-width: 600px) 100vw, 600px\" \/><\/a><\/p>\n<p>O Tribunal de Contas do Estado da Para\u00edba (TCE-PB) determinou que o ex-prefeito de S\u00e3o Sebasti\u00e3o de Umbuzeiro, Francisco Al\u00edpio Neves (Chico Neves), devolva R$ 52.590,00. A decis\u00e3o \u00e9 resultado do acolhimento da den\u00fancia feita pelos vereadores Jos\u00e9 Edmilson Feitosa e Ivanilson Lu\u00eds Feitosa. Eles acusaram o ent\u00e3o prefeito, em 2010, de irregularidades na gest\u00e3o no que diz respeito a despesas sem licita\u00e7\u00f5es para pagamentos de material de limpeza e de outros servi\u00e7os.<\/p>\n<p>A den\u00fancia foi julgada na sess\u00e3o do dia 30 de janeiro deste ano do Tribunal de Contas do Estado e consta na edi\u00e7\u00e3o da segunda-feira (11) do Di\u00e1rio Oficial Eletr\u00f4nico do TCE-PB.<\/p>\n<p>Consta na den\u00fancia que o ent\u00e3o prefeito na \u00e9poca, Francisco Al\u00edpio, realizou \u201cdespesa sem a devida comprova\u00e7\u00e3o com a loca\u00e7\u00e3o de carro de som no valor de R$ 9.800,00 e com a contrata\u00e7\u00e3o de servi\u00e7os de ara\u00e7\u00e3o de terra no valor de R$ 42.790,00, no prazo de 60 dias.\u201d<\/p>\n<p>Assim, o TCE-PB decidiu aplicar multa de R$ 4 mil por dano aos cofres p\u00fablicos. O valor deve ser pago em at\u00e9 60 dias, \u201caos cofres estaduais, atrav\u00e9s do FUNDO DE FISCALIZA\u00c7\u00c3O FINANCEIRA E OR\u00c7AMENT\u00c1RIA MUNICIPAL, sob pena de cobran\u00e7a executiva, desde j\u00e1 recomendada, inclusive com a interveni\u00eancia da Procuradoria Geral do Estado ou da Procuradoria Geral de Justi\u00e7a\u201d, consta na decis\u00e3o do tribunal.<\/p>\n<p>Caso n\u00e3o haja o pagamento volunt\u00e1rio da multa por parte do ex-prefeito Francisco Al\u00edpio, ser\u00e1 feita cobran\u00e7a executiva durante 30 dias ap\u00f3s o fim do prazo de 60 dias de quita\u00e7\u00e3o volunt\u00e1ria do d\u00e9bito.<\/p>\n<p><strong>Confira a \u00edntegra da decis\u00e3o.<\/strong><\/p>\n<p><img decoding=\"async\" class=\"size-full wp-image-62824 aligncenter\" src=\"http:\/\/deolhonocariri.com.br\/wp-content\/uploads\/2019\/02\/denuncia_ex-prefeito_francisco_alipio_de_sao_sebastiao_de_umbuzeiro_pb_diario_tcepb_110219.jpg\" sizes=\"(max-width: 448px) 100vw, 448px\" srcset=\"https:\/\/deolhonocariri.com.br\/wp-content\/uploads\/2019\/02\/denuncia_ex-prefeito_francisco_alipio_de_sao_sebastiao_de_umbuzeiro_pb_diario_tcepb_110219.jpg 448w, https:\/\/deolhonocariri.com.br\/wp-content\/uploads\/2019\/02\/denuncia_ex-prefeito_francisco_alipio_de_sao_sebastiao_de_umbuzeiro_pb_diario_tcepb_110219-311x400.jpg 311w\" alt=\"\" width=\"448\" height=\"576\" \/><\/p>\n<p><em>Com Click PB<\/em><\/p>\n<div class=\"infopost\"><\/div>\n","protected":false},"excerpt":{"rendered":"<p>O Tribunal de Contas do Estado da Para\u00edba (TCE-PB) determinou que o ex-prefeito de S\u00e3o Sebasti\u00e3o de Umbuzeiro, Francisco Al\u00edpio Neves (Chico Neves), devolva R$ 52.590,00. A decis\u00e3o \u00e9 resultado do acolhimento da den\u00fancia feita pelos vereadores Jos\u00e9 Edmilson Feitosa e Ivanilson Lu\u00eds Feitosa. Eles acusaram o ent\u00e3o prefeito, em 2010, de irregularidades na gest\u00e3o no que diz respeito a despesas sem licita\u00e7\u00f5es para pagamentos de material de limpeza e de outros servi\u00e7os. A den\u00fancia foi julgada na sess\u00e3o do dia 30 de janeiro deste ano do Tribunal de Contas do Estado e consta na edi\u00e7\u00e3o da segunda-feira (11) do Di\u00e1rio Oficial Eletr\u00f4nico do TCE-PB. Consta na den\u00fancia que o ent\u00e3o prefeito na \u00e9poca, Francisco Al\u00edpio, realizou \u201cdespesa sem a devida comprova\u00e7\u00e3o com a loca\u00e7\u00e3o de carro de som no valor de R$ 9.800,00 e com a contrata\u00e7\u00e3o de servi\u00e7os de ara\u00e7\u00e3o de terra no valor de R$ 42.790,00, no prazo de 60 dias.\u201d Assim, o TCE-PB decidiu aplicar multa de R$ 4 mil por dano aos cofres p\u00fablicos. O valor deve ser pago em at\u00e9 60 dias, \u201caos cofres estaduais, atrav\u00e9s do FUNDO DE FISCALIZA\u00c7\u00c3O FINANCEIRA E OR\u00c7AMENT\u00c1RIA MUNICIPAL, sob pena de cobran\u00e7a executiva, desde j\u00e1 recomendada, inclusive com a interveni\u00eancia da Procuradoria Geral do Estado ou da Procuradoria Geral de Justi\u00e7a\u201d, consta na decis\u00e3o do tribunal. Caso n\u00e3o haja o pagamento volunt\u00e1rio da multa por parte do ex-prefeito Francisco Al\u00edpio, ser\u00e1 feita cobran\u00e7a executiva durante 30 dias ap\u00f3s o fim do prazo de 60 dias de quita\u00e7\u00e3o volunt\u00e1ria do d\u00e9bito. Confira a \u00edntegra da decis\u00e3o. Com Click PB<\/p>\n","protected":false},"author":2,"featured_media":6081,"comment_status":"closed","ping_status":"open","sticky":false,"template":"","format":"standard","meta":{"_eb_attr":"","_jetpack_memberships_contains_paid_content":false,"footnotes":""},"categories":[4],"tags":[],"class_list":["post-15438","post","type-post","status-publish","format-standard","has-post-thumbnail","hentry","category-politica"],"yoast_head":"<!-- This site is optimized with the Yoast SEO plugin v26.5 - https:\/\/yoast.com\/wordpress\/plugins\/seo\/ -->\n<title>TCE-PB determina que ex-prefeito caririzeiro devolva mais de R$ 52 mil por despesas sem comprova\u00e7\u00e3o - Not&iacute;cias em Destaque<\/title>\n<meta name=\"robots\" content=\"index, follow, max-snippet:-1, max-image-preview:large, max-video-preview:-1\" \/>\n<link rel=\"canonical\" href=\"https:\/\/noticiasemdestaque.com\/cd\/?p=15438\" \/>\n<meta property=\"og:locale\" content=\"pt_BR\" \/>\n<meta property=\"og:type\" content=\"article\" \/>\n<meta property=\"og:title\" content=\"TCE-PB determina que ex-prefeito caririzeiro devolva mais de R$ 52 mil por despesas sem comprova\u00e7\u00e3o - Not&iacute;cias em Destaque\" \/>\n<meta property=\"og:description\" content=\"O Tribunal de Contas do Estado da Para\u00edba (TCE-PB) determinou que o ex-prefeito de S\u00e3o Sebasti\u00e3o de Umbuzeiro, Francisco Al\u00edpio Neves (Chico Neves), devolva R$ 52.590,00. A decis\u00e3o \u00e9 resultado do acolhimento da den\u00fancia feita pelos vereadores Jos\u00e9 Edmilson Feitosa e Ivanilson Lu\u00eds Feitosa. Eles acusaram o ent\u00e3o prefeito, em 2010, de irregularidades na gest\u00e3o no que diz respeito a despesas sem licita\u00e7\u00f5es para pagamentos de material de limpeza e de outros servi\u00e7os. A den\u00fancia foi julgada na sess\u00e3o do dia 30 de janeiro deste ano do Tribunal de Contas do Estado e consta na edi\u00e7\u00e3o da segunda-feira (11) do Di\u00e1rio Oficial Eletr\u00f4nico do TCE-PB. Consta na den\u00fancia que o ent\u00e3o prefeito na \u00e9poca, Francisco Al\u00edpio, realizou \u201cdespesa sem a devida comprova\u00e7\u00e3o com a loca\u00e7\u00e3o de carro de som no valor de R$ 9.800,00 e com a contrata\u00e7\u00e3o de servi\u00e7os de ara\u00e7\u00e3o de terra no valor de R$ 42.790,00, no prazo de 60 dias.\u201d Assim, o TCE-PB decidiu aplicar multa de R$ 4 mil por dano aos cofres p\u00fablicos. O valor deve ser pago em at\u00e9 60 dias, \u201caos cofres estaduais, atrav\u00e9s do FUNDO DE FISCALIZA\u00c7\u00c3O FINANCEIRA E OR\u00c7AMENT\u00c1RIA MUNICIPAL, sob pena de cobran\u00e7a executiva, desde j\u00e1 recomendada, inclusive com a interveni\u00eancia da Procuradoria Geral do Estado ou da Procuradoria Geral de Justi\u00e7a\u201d, consta na decis\u00e3o do tribunal. Caso n\u00e3o haja o pagamento volunt\u00e1rio da multa por parte do ex-prefeito Francisco Al\u00edpio, ser\u00e1 feita cobran\u00e7a executiva durante 30 dias ap\u00f3s o fim do prazo de 60 dias de quita\u00e7\u00e3o volunt\u00e1ria do d\u00e9bito. Confira a \u00edntegra da decis\u00e3o. Com Click PB\" \/>\n<meta property=\"og:url\" content=\"https:\/\/noticiasemdestaque.com\/cd\/?p=15438\" \/>\n<meta property=\"og:site_name\" content=\"Not&iacute;cias em Destaque\" \/>\n<meta property=\"article:published_time\" content=\"2019-02-11T10:13:25+00:00\" \/>\n<meta property=\"og:image\" content=\"https:\/\/noticiasemdestaque.com\/cd\/wp-content\/uploads\/2017\/11\/tce.jpg\" \/>\n\t<meta property=\"og:image:width\" content=\"600\" \/>\n\t<meta property=\"og:image:height\" content=\"450\" \/>\n\t<meta property=\"og:image:type\" content=\"image\/jpeg\" \/>\n<meta name=\"author\" content=\"Not\u00edcias em Destaque\" \/>\n<meta name=\"twitter:card\" content=\"summary_large_image\" \/>\n<meta name=\"twitter:label1\" content=\"Escrito por\" \/>\n\t<meta name=\"twitter:data1\" content=\"Not\u00edcias em Destaque\" \/>\n\t<meta name=\"twitter:label2\" content=\"Est. tempo de leitura\" \/>\n\t<meta name=\"twitter:data2\" content=\"1 minuto\" \/>\n<script type=\"application\/ld+json\" class=\"yoast-schema-graph\">{\"@context\":\"https:\/\/schema.org\",\"@graph\":[{\"@type\":\"Article\",\"@id\":\"https:\/\/noticiasemdestaque.com\/cd\/?p=15438#article\",\"isPartOf\":{\"@id\":\"https:\/\/noticiasemdestaque.com\/cd\/?p=15438\"},\"author\":{\"name\":\"Not\u00edcias em Destaque\",\"@id\":\"https:\/\/noticiasemdestaque.com\/cd\/#\/schema\/person\/47f7d4f55eec17c6b2ca036c5500f6ce\"},\"headline\":\"TCE-PB determina que ex-prefeito caririzeiro devolva mais de R$ 52 mil por despesas sem comprova\u00e7\u00e3o\",\"datePublished\":\"2019-02-11T10:13:25+00:00\",\"mainEntityOfPage\":{\"@id\":\"https:\/\/noticiasemdestaque.com\/cd\/?p=15438\"},\"wordCount\":305,\"publisher\":{\"@id\":\"https:\/\/noticiasemdestaque.com\/cd\/#organization\"},\"image\":{\"@id\":\"https:\/\/noticiasemdestaque.com\/cd\/?p=15438#primaryimage\"},\"thumbnailUrl\":\"https:\/\/noticiasemdestaque.com\/cd\/wp-content\/uploads\/2017\/11\/tce.jpg\",\"articleSection\":[\"Pol\u00edtica\"],\"inLanguage\":\"pt-BR\"},{\"@type\":\"WebPage\",\"@id\":\"https:\/\/noticiasemdestaque.com\/cd\/?p=15438\",\"url\":\"https:\/\/noticiasemdestaque.com\/cd\/?p=15438\",\"name\":\"TCE-PB determina que ex-prefeito caririzeiro devolva mais de R$ 52 mil por despesas sem comprova\u00e7\u00e3o - Not&iacute;cias em Destaque\",\"isPartOf\":{\"@id\":\"https:\/\/noticiasemdestaque.com\/cd\/#website\"},\"primaryImageOfPage\":{\"@id\":\"https:\/\/noticiasemdestaque.com\/cd\/?p=15438#primaryimage\"},\"image\":{\"@id\":\"https:\/\/noticiasemdestaque.com\/cd\/?p=15438#primaryimage\"},\"thumbnailUrl\":\"https:\/\/noticiasemdestaque.com\/cd\/wp-content\/uploads\/2017\/11\/tce.jpg\",\"datePublished\":\"2019-02-11T10:13:25+00:00\",\"breadcrumb\":{\"@id\":\"https:\/\/noticiasemdestaque.com\/cd\/?p=15438#breadcrumb\"},\"inLanguage\":\"pt-BR\",\"potentialAction\":[{\"@type\":\"ReadAction\",\"target\":[\"https:\/\/noticiasemdestaque.com\/cd\/?p=15438\"]}]},{\"@type\":\"ImageObject\",\"inLanguage\":\"pt-BR\",\"@id\":\"https:\/\/noticiasemdestaque.com\/cd\/?p=15438#primaryimage\",\"url\":\"https:\/\/noticiasemdestaque.com\/cd\/wp-content\/uploads\/2017\/11\/tce.jpg\",\"contentUrl\":\"https:\/\/noticiasemdestaque.com\/cd\/wp-content\/uploads\/2017\/11\/tce.jpg\",\"width\":600,\"height\":450},{\"@type\":\"BreadcrumbList\",\"@id\":\"https:\/\/noticiasemdestaque.com\/cd\/?p=15438#breadcrumb\",\"itemListElement\":[{\"@type\":\"ListItem\",\"position\":1,\"name\":\"In\u00edcio\",\"item\":\"https:\/\/noticiasemdestaque.com\/cd\/\"},{\"@type\":\"ListItem\",\"position\":2,\"name\":\"TCE-PB determina que ex-prefeito caririzeiro devolva mais de R$ 52 mil por despesas sem comprova\u00e7\u00e3o\"}]},{\"@type\":\"WebSite\",\"@id\":\"https:\/\/noticiasemdestaque.com\/cd\/#website\",\"url\":\"https:\/\/noticiasemdestaque.com\/cd\/\",\"name\":\"Not&iacute;cias em Destaque\",\"description\":\"\",\"publisher\":{\"@id\":\"https:\/\/noticiasemdestaque.com\/cd\/#organization\"},\"potentialAction\":[{\"@type\":\"SearchAction\",\"target\":{\"@type\":\"EntryPoint\",\"urlTemplate\":\"https:\/\/noticiasemdestaque.com\/cd\/?s={search_term_string}\"},\"query-input\":{\"@type\":\"PropertyValueSpecification\",\"valueRequired\":true,\"valueName\":\"search_term_string\"}}],\"inLanguage\":\"pt-BR\"},{\"@type\":\"Organization\",\"@id\":\"https:\/\/noticiasemdestaque.com\/cd\/#organization\",\"name\":\"Not\u00edcias em Destaque\",\"url\":\"https:\/\/noticiasemdestaque.com\/cd\/\",\"logo\":{\"@type\":\"ImageObject\",\"inLanguage\":\"pt-BR\",\"@id\":\"https:\/\/noticiasemdestaque.com\/cd\/#\/schema\/logo\/image\/\",\"url\":\"https:\/\/noticiasemdestaque.com\/cd\/wp-content\/uploads\/2022\/05\/imagem-base-noticiasemdestaque.png\",\"contentUrl\":\"https:\/\/noticiasemdestaque.com\/cd\/wp-content\/uploads\/2022\/05\/imagem-base-noticiasemdestaque.png\",\"width\":1200,\"height\":630,\"caption\":\"Not\u00edcias em Destaque\"},\"image\":{\"@id\":\"https:\/\/noticiasemdestaque.com\/cd\/#\/schema\/logo\/image\/\"}},{\"@type\":\"Person\",\"@id\":\"https:\/\/noticiasemdestaque.com\/cd\/#\/schema\/person\/47f7d4f55eec17c6b2ca036c5500f6ce\",\"name\":\"Not\u00edcias em Destaque\",\"url\":\"https:\/\/noticiasemdestaque.com\/cd\/?author=2\"}]}<\/script>\n<!-- \/ Yoast SEO plugin. -->","yoast_head_json":{"title":"TCE-PB determina que ex-prefeito caririzeiro devolva mais de R$ 52 mil por despesas sem comprova\u00e7\u00e3o - Not&iacute;cias em Destaque","robots":{"index":"index","follow":"follow","max-snippet":"max-snippet:-1","max-image-preview":"max-image-preview:large","max-video-preview":"max-video-preview:-1"},"canonical":"https:\/\/noticiasemdestaque.com\/cd\/?p=15438","og_locale":"pt_BR","og_type":"article","og_title":"TCE-PB determina que ex-prefeito caririzeiro devolva mais de R$ 52 mil por despesas sem comprova\u00e7\u00e3o - Not&iacute;cias em Destaque","og_description":"O Tribunal de Contas do Estado da Para\u00edba (TCE-PB) determinou que o ex-prefeito de S\u00e3o Sebasti\u00e3o de Umbuzeiro, Francisco Al\u00edpio Neves (Chico Neves), devolva R$ 52.590,00. A decis\u00e3o \u00e9 resultado do acolhimento da den\u00fancia feita pelos vereadores Jos\u00e9 Edmilson Feitosa e Ivanilson Lu\u00eds Feitosa. Eles acusaram o ent\u00e3o prefeito, em 2010, de irregularidades na gest\u00e3o no que diz respeito a despesas sem licita\u00e7\u00f5es para pagamentos de material de limpeza e de outros servi\u00e7os. A den\u00fancia foi julgada na sess\u00e3o do dia 30 de janeiro deste ano do Tribunal de Contas do Estado e consta na edi\u00e7\u00e3o da segunda-feira (11) do Di\u00e1rio Oficial Eletr\u00f4nico do TCE-PB. Consta na den\u00fancia que o ent\u00e3o prefeito na \u00e9poca, Francisco Al\u00edpio, realizou \u201cdespesa sem a devida comprova\u00e7\u00e3o com a loca\u00e7\u00e3o de carro de som no valor de R$ 9.800,00 e com a contrata\u00e7\u00e3o de servi\u00e7os de ara\u00e7\u00e3o de terra no valor de R$ 42.790,00, no prazo de 60 dias.\u201d Assim, o TCE-PB decidiu aplicar multa de R$ 4 mil por dano aos cofres p\u00fablicos. O valor deve ser pago em at\u00e9 60 dias, \u201caos cofres estaduais, atrav\u00e9s do FUNDO DE FISCALIZA\u00c7\u00c3O FINANCEIRA E OR\u00c7AMENT\u00c1RIA MUNICIPAL, sob pena de cobran\u00e7a executiva, desde j\u00e1 recomendada, inclusive com a interveni\u00eancia da Procuradoria Geral do Estado ou da Procuradoria Geral de Justi\u00e7a\u201d, consta na decis\u00e3o do tribunal. Caso n\u00e3o haja o pagamento volunt\u00e1rio da multa por parte do ex-prefeito Francisco Al\u00edpio, ser\u00e1 feita cobran\u00e7a executiva durante 30 dias ap\u00f3s o fim do prazo de 60 dias de quita\u00e7\u00e3o volunt\u00e1ria do d\u00e9bito. Confira a \u00edntegra da decis\u00e3o. Com Click PB","og_url":"https:\/\/noticiasemdestaque.com\/cd\/?p=15438","og_site_name":"Not&iacute;cias em Destaque","article_published_time":"2019-02-11T10:13:25+00:00","og_image":[{"width":600,"height":450,"url":"https:\/\/noticiasemdestaque.com\/cd\/wp-content\/uploads\/2017\/11\/tce.jpg","type":"image\/jpeg"}],"author":"Not\u00edcias em Destaque","twitter_card":"summary_large_image","twitter_misc":{"Escrito por":"Not\u00edcias em Destaque","Est. tempo de leitura":"1 minuto"},"schema":{"@context":"https:\/\/schema.org","@graph":[{"@type":"Article","@id":"https:\/\/noticiasemdestaque.com\/cd\/?p=15438#article","isPartOf":{"@id":"https:\/\/noticiasemdestaque.com\/cd\/?p=15438"},"author":{"name":"Not\u00edcias em Destaque","@id":"https:\/\/noticiasemdestaque.com\/cd\/#\/schema\/person\/47f7d4f55eec17c6b2ca036c5500f6ce"},"headline":"TCE-PB determina que ex-prefeito caririzeiro devolva mais de R$ 52 mil por despesas sem comprova\u00e7\u00e3o","datePublished":"2019-02-11T10:13:25+00:00","mainEntityOfPage":{"@id":"https:\/\/noticiasemdestaque.com\/cd\/?p=15438"},"wordCount":305,"publisher":{"@id":"https:\/\/noticiasemdestaque.com\/cd\/#organization"},"image":{"@id":"https:\/\/noticiasemdestaque.com\/cd\/?p=15438#primaryimage"},"thumbnailUrl":"https:\/\/noticiasemdestaque.com\/cd\/wp-content\/uploads\/2017\/11\/tce.jpg","articleSection":["Pol\u00edtica"],"inLanguage":"pt-BR"},{"@type":"WebPage","@id":"https:\/\/noticiasemdestaque.com\/cd\/?p=15438","url":"https:\/\/noticiasemdestaque.com\/cd\/?p=15438","name":"TCE-PB determina que ex-prefeito caririzeiro devolva mais de R$ 52 mil por despesas sem comprova\u00e7\u00e3o - Not&iacute;cias em Destaque","isPartOf":{"@id":"https:\/\/noticiasemdestaque.com\/cd\/#website"},"primaryImageOfPage":{"@id":"https:\/\/noticiasemdestaque.com\/cd\/?p=15438#primaryimage"},"image":{"@id":"https:\/\/noticiasemdestaque.com\/cd\/?p=15438#primaryimage"},"thumbnailUrl":"https:\/\/noticiasemdestaque.com\/cd\/wp-content\/uploads\/2017\/11\/tce.jpg","datePublished":"2019-02-11T10:13:25+00:00","breadcrumb":{"@id":"https:\/\/noticiasemdestaque.com\/cd\/?p=15438#breadcrumb"},"inLanguage":"pt-BR","potentialAction":[{"@type":"ReadAction","target":["https:\/\/noticiasemdestaque.com\/cd\/?p=15438"]}]},{"@type":"ImageObject","inLanguage":"pt-BR","@id":"https:\/\/noticiasemdestaque.com\/cd\/?p=15438#primaryimage","url":"https:\/\/noticiasemdestaque.com\/cd\/wp-content\/uploads\/2017\/11\/tce.jpg","contentUrl":"https:\/\/noticiasemdestaque.com\/cd\/wp-content\/uploads\/2017\/11\/tce.jpg","width":600,"height":450},{"@type":"BreadcrumbList","@id":"https:\/\/noticiasemdestaque.com\/cd\/?p=15438#breadcrumb","itemListElement":[{"@type":"ListItem","position":1,"name":"In\u00edcio","item":"https:\/\/noticiasemdestaque.com\/cd\/"},{"@type":"ListItem","position":2,"name":"TCE-PB determina que ex-prefeito caririzeiro devolva mais de R$ 52 mil por despesas sem comprova\u00e7\u00e3o"}]},{"@type":"WebSite","@id":"https:\/\/noticiasemdestaque.com\/cd\/#website","url":"https:\/\/noticiasemdestaque.com\/cd\/","name":"Not&iacute;cias em Destaque","description":"","publisher":{"@id":"https:\/\/noticiasemdestaque.com\/cd\/#organization"},"potentialAction":[{"@type":"SearchAction","target":{"@type":"EntryPoint","urlTemplate":"https:\/\/noticiasemdestaque.com\/cd\/?s={search_term_string}"},"query-input":{"@type":"PropertyValueSpecification","valueRequired":true,"valueName":"search_term_string"}}],"inLanguage":"pt-BR"},{"@type":"Organization","@id":"https:\/\/noticiasemdestaque.com\/cd\/#organization","name":"Not\u00edcias em Destaque","url":"https:\/\/noticiasemdestaque.com\/cd\/","logo":{"@type":"ImageObject","inLanguage":"pt-BR","@id":"https:\/\/noticiasemdestaque.com\/cd\/#\/schema\/logo\/image\/","url":"https:\/\/noticiasemdestaque.com\/cd\/wp-content\/uploads\/2022\/05\/imagem-base-noticiasemdestaque.png","contentUrl":"https:\/\/noticiasemdestaque.com\/cd\/wp-content\/uploads\/2022\/05\/imagem-base-noticiasemdestaque.png","width":1200,"height":630,"caption":"Not\u00edcias em Destaque"},"image":{"@id":"https:\/\/noticiasemdestaque.com\/cd\/#\/schema\/logo\/image\/"}},{"@type":"Person","@id":"https:\/\/noticiasemdestaque.com\/cd\/#\/schema\/person\/47f7d4f55eec17c6b2ca036c5500f6ce","name":"Not\u00edcias em Destaque","url":"https:\/\/noticiasemdestaque.com\/cd\/?author=2"}]}},"jetpack_featured_media_url":"https:\/\/noticiasemdestaque.com\/cd\/wp-content\/uploads\/2017\/11\/tce.jpg","jetpack_sharing_enabled":true,"_links":{"self":[{"href":"https:\/\/noticiasemdestaque.com\/cd\/index.php?rest_route=\/wp\/v2\/posts\/15438","targetHints":{"allow":["GET"]}}],"collection":[{"href":"https:\/\/noticiasemdestaque.com\/cd\/index.php?rest_route=\/wp\/v2\/posts"}],"about":[{"href":"https:\/\/noticiasemdestaque.com\/cd\/index.php?rest_route=\/wp\/v2\/types\/post"}],"author":[{"embeddable":true,"href":"https:\/\/noticiasemdestaque.com\/cd\/index.php?rest_route=\/wp\/v2\/users\/2"}],"replies":[{"embeddable":true,"href":"https:\/\/noticiasemdestaque.com\/cd\/index.php?rest_route=%2Fwp%2Fv2%2Fcomments&post=15438"}],"version-history":[{"count":1,"href":"https:\/\/noticiasemdestaque.com\/cd\/index.php?rest_route=\/wp\/v2\/posts\/15438\/revisions"}],"predecessor-version":[{"id":15439,"href":"https:\/\/noticiasemdestaque.com\/cd\/index.php?rest_route=\/wp\/v2\/posts\/15438\/revisions\/15439"}],"wp:featuredmedia":[{"embeddable":true,"href":"https:\/\/noticiasemdestaque.com\/cd\/index.php?rest_route=\/wp\/v2\/media\/6081"}],"wp:attachment":[{"href":"https:\/\/noticiasemdestaque.com\/cd\/index.php?rest_route=%2Fwp%2Fv2%2Fmedia&parent=15438"}],"wp:term":[{"taxonomy":"category","embeddable":true,"href":"https:\/\/noticiasemdestaque.com\/cd\/index.php?rest_route=%2Fwp%2Fv2%2Fcategories&post=15438"},{"taxonomy":"post_tag","embeddable":true,"href":"https:\/\/noticiasemdestaque.com\/cd\/index.php?rest_route=%2Fwp%2Fv2%2Ftags&post=15438"}],"curies":[{"name":"wp","href":"https:\/\/api.w.org\/{rel}","templated":true}]}}