{"id":15435,"date":"2019-02-11T07:11:43","date_gmt":"2019-02-11T10:11:43","guid":{"rendered":"http:\/\/noticiasemdestaque.com\/cd\/?p=15435"},"modified":"2019-02-11T07:11:43","modified_gmt":"2019-02-11T10:11:43","slug":"mais-uma-paraibana-e-classificada-no-the-voice-kids-sofia-fica-no-time-de-carlinhos-brown","status":"publish","type":"post","link":"https:\/\/noticiasemdestaque.com\/cd\/?p=15435","title":{"rendered":"Mais uma paraibana \u00e9 classificada no The Voice Kids; Sofia fica no time de Carlinhos Brown"},"content":{"rendered":"<p class=\" tm_nativeauto\"><a href=\"https:\/\/noticiasemdestaque.com\/cd\/wp-content\/uploads\/2019\/02\/the-voice.jpg\"><img fetchpriority=\"high\" decoding=\"async\" class=\"alignnone size-full wp-image-15436\" src=\"https:\/\/noticiasemdestaque.com\/cd\/wp-content\/uploads\/2019\/02\/the-voice.jpg\" alt=\"\" width=\"534\" height=\"371\" srcset=\"https:\/\/noticiasemdestaque.com\/cd\/wp-content\/uploads\/2019\/02\/the-voice.jpg 534w, https:\/\/noticiasemdestaque.com\/cd\/wp-content\/uploads\/2019\/02\/the-voice-300x208.jpg 300w\" sizes=\"(max-width: 534px) 100vw, 534px\" \/><\/a><\/p>\n<p class=\" tm_nativeauto\">Mais uma paraibana \u00e9 destaque na TV Globo. Desta vez, Sofia Cruz, de 9 anos, foi classificada nas audi\u00e7\u00f5es do programa The Voice Kids.<\/p>\n<div class=\"mc-column content-text active-extra-styles \" data-block-type=\"unstyled\" data-block-weight=\"38\" data-block-id=\"5\">\n<p class=\"content-text__container \" data-track-category=\"Link no Texto\" data-track-links=\"\">\u00a0Sofia\u00a0abriu o programa com uma vers\u00e3o de \u2018Tutti Frutti\u2019, m\u00fasica de\u00a0Little Richard. A menina de\u00a0Campina Grande\u00a0arrasou tanto que virou as 4 cadeiras.\u00a0 No final, ela acabou escolhendo\u00a0Carlinhos Brown.<\/p>\n<\/div>\n<div class=\"row medium-uncollapsed content-media content-photo\" data-block-type=\"backstage-photo\" data-block-id=\"6\">\n<div class=\"progressive-img can-open-lightbox\" data-min-size=\"1008x591\" data-min-size-url=\"https:\/\/s2.glbimg.com\/iQy_ITJl7EnjoJwqc2N-5P4JdkQ=\/0x0:1316x772\/1008x0\/smart\/filters:strip_icc()\/i.s3.glbimg.com\/v1\/AUTH_e84042ef78cb4708aeebdf1c68c6cbd6\/internal_photos\/bs\/2019\/Z\/d\/0KHsLlTBWJBTtTG9Sr4g\/sofia-cruz-2.png\" data-max-size=\"1600x938\" data-max-size-url=\"https:\/\/s2.glbimg.com\/9_FRej6NITn9KHQdxzWZ3bv_vU0=\/0x0:1316x772\/1600x0\/smart\/filters:strip_icc()\/i.s3.glbimg.com\/v1\/AUTH_e84042ef78cb4708aeebdf1c68c6cbd6\/internal_photos\/bs\/2019\/Z\/d\/0KHsLlTBWJBTtTG9Sr4g\/sofia-cruz-2.png\" data-media-index=\"1\">\n<p class=\" aBigClassNameToAvoidCollisionInText\">\u00a0Duas outras paraibanas, L\u00edvia Val\u00e9ria e Helo\u00edsa Wanderley, de Patos, j\u00e1 fazem parte do programa. L\u00edvia est\u00e1 no time de Simone e Simaria e Helo\u00edsa no de Cl\u00e1udia Leitte.<\/p>\n<div id=\"video\"><\/div>\n<div class=\"mc-column content-text active-extra-styles\" data-block-type=\"raw\" data-block-weight=\"29\" data-block-id=\"7\">\u00a0\u201cChuck Berry, Elvis Presley, todos os reis do rock est\u00e3o felizes com a suavidade de interpreta\u00e7\u00e3o que voc\u00ea deu a esse cl\u00e1ssico\u201d, disse Brown, ap\u00f3s a apresenta\u00e7\u00e3o de Sofia.<\/div>\n<p><em><strong>Por Reda\u00e7\u00e3o \/ Portal WSCOM<\/strong><\/em><\/p>\n<\/div>\n<\/div>\n","protected":false},"excerpt":{"rendered":"<p>Mais uma paraibana \u00e9 destaque na TV Globo. Desta vez, Sofia Cruz, de 9 anos, foi classificada nas audi\u00e7\u00f5es do programa The Voice Kids. \u00a0Sofia\u00a0abriu o programa com uma vers\u00e3o de \u2018Tutti Frutti\u2019, m\u00fasica de\u00a0Little Richard. A menina de\u00a0Campina Grande\u00a0arrasou tanto que virou as 4 cadeiras.\u00a0 No final, ela acabou escolhendo\u00a0Carlinhos Brown. \u00a0Duas outras paraibanas, L\u00edvia Val\u00e9ria e Helo\u00edsa Wanderley, de Patos, j\u00e1 fazem parte do programa. L\u00edvia est\u00e1 no time de Simone e Simaria e Helo\u00edsa no de Cl\u00e1udia Leitte. \u00a0\u201cChuck Berry, Elvis Presley, todos os reis do rock est\u00e3o felizes com a suavidade de interpreta\u00e7\u00e3o que voc\u00ea deu a esse cl\u00e1ssico\u201d, disse Brown, ap\u00f3s a apresenta\u00e7\u00e3o de Sofia. Por Reda\u00e7\u00e3o \/ Portal WSCOM<\/p>\n","protected":false},"author":2,"featured_media":15436,"comment_status":"closed","ping_status":"open","sticky":false,"template":"","format":"standard","meta":{"_eb_attr":"","_jetpack_memberships_contains_paid_content":false,"footnotes":""},"categories":[12],"tags":[],"class_list":["post-15435","post","type-post","status-publish","format-standard","has-post-thumbnail","hentry","category-geral"],"yoast_head":"<!-- This site is optimized with the Yoast SEO plugin v26.5 - https:\/\/yoast.com\/wordpress\/plugins\/seo\/ -->\n<title>Mais uma paraibana \u00e9 classificada no The Voice Kids; Sofia fica no time de Carlinhos Brown - Not&iacute;cias em Destaque<\/title>\n<meta name=\"robots\" content=\"index, follow, max-snippet:-1, max-image-preview:large, max-video-preview:-1\" \/>\n<link rel=\"canonical\" href=\"https:\/\/noticiasemdestaque.com\/cd\/?p=15435\" \/>\n<meta property=\"og:locale\" content=\"pt_BR\" \/>\n<meta property=\"og:type\" content=\"article\" \/>\n<meta property=\"og:title\" content=\"Mais uma paraibana \u00e9 classificada no The Voice Kids; Sofia fica no time de Carlinhos Brown - Not&iacute;cias em Destaque\" \/>\n<meta property=\"og:description\" content=\"Mais uma paraibana \u00e9 destaque na TV Globo. Desta vez, Sofia Cruz, de 9 anos, foi classificada nas audi\u00e7\u00f5es do programa The Voice Kids. \u00a0Sofia\u00a0abriu o programa com uma vers\u00e3o de \u2018Tutti Frutti\u2019, m\u00fasica de\u00a0Little Richard. A menina de\u00a0Campina Grande\u00a0arrasou tanto que virou as 4 cadeiras.\u00a0 No final, ela acabou escolhendo\u00a0Carlinhos Brown. \u00a0Duas outras paraibanas, L\u00edvia Val\u00e9ria e Helo\u00edsa Wanderley, de Patos, j\u00e1 fazem parte do programa. L\u00edvia est\u00e1 no time de Simone e Simaria e Helo\u00edsa no de Cl\u00e1udia Leitte. \u00a0\u201cChuck Berry, Elvis Presley, todos os reis do rock est\u00e3o felizes com a suavidade de interpreta\u00e7\u00e3o que voc\u00ea deu a esse cl\u00e1ssico\u201d, disse Brown, ap\u00f3s a apresenta\u00e7\u00e3o de Sofia. Por Reda\u00e7\u00e3o \/ Portal WSCOM\" \/>\n<meta property=\"og:url\" content=\"https:\/\/noticiasemdestaque.com\/cd\/?p=15435\" \/>\n<meta property=\"og:site_name\" content=\"Not&iacute;cias em Destaque\" \/>\n<meta property=\"article:published_time\" content=\"2019-02-11T10:11:43+00:00\" \/>\n<meta property=\"og:image\" content=\"https:\/\/noticiasemdestaque.com\/cd\/wp-content\/uploads\/2019\/02\/the-voice.jpg\" \/>\n\t<meta property=\"og:image:width\" content=\"534\" \/>\n\t<meta property=\"og:image:height\" content=\"371\" \/>\n\t<meta property=\"og:image:type\" content=\"image\/jpeg\" \/>\n<meta name=\"author\" content=\"Not\u00edcias em Destaque\" \/>\n<meta name=\"twitter:card\" content=\"summary_large_image\" \/>\n<meta name=\"twitter:label1\" content=\"Escrito por\" \/>\n\t<meta name=\"twitter:data1\" content=\"Not\u00edcias em Destaque\" \/>\n\t<meta name=\"twitter:label2\" content=\"Est. tempo de leitura\" \/>\n\t<meta name=\"twitter:data2\" content=\"1 minuto\" \/>\n<script type=\"application\/ld+json\" class=\"yoast-schema-graph\">{\"@context\":\"https:\/\/schema.org\",\"@graph\":[{\"@type\":\"Article\",\"@id\":\"https:\/\/noticiasemdestaque.com\/cd\/?p=15435#article\",\"isPartOf\":{\"@id\":\"https:\/\/noticiasemdestaque.com\/cd\/?p=15435\"},\"author\":{\"name\":\"Not\u00edcias em Destaque\",\"@id\":\"https:\/\/noticiasemdestaque.com\/cd\/#\/schema\/person\/47f7d4f55eec17c6b2ca036c5500f6ce\"},\"headline\":\"Mais uma paraibana \u00e9 classificada no The Voice Kids; Sofia fica no time de Carlinhos Brown\",\"datePublished\":\"2019-02-11T10:11:43+00:00\",\"mainEntityOfPage\":{\"@id\":\"https:\/\/noticiasemdestaque.com\/cd\/?p=15435\"},\"wordCount\":146,\"publisher\":{\"@id\":\"https:\/\/noticiasemdestaque.com\/cd\/#organization\"},\"image\":{\"@id\":\"https:\/\/noticiasemdestaque.com\/cd\/?p=15435#primaryimage\"},\"thumbnailUrl\":\"https:\/\/noticiasemdestaque.com\/cd\/wp-content\/uploads\/2019\/02\/the-voice.jpg\",\"articleSection\":[\"Geral\"],\"inLanguage\":\"pt-BR\"},{\"@type\":\"WebPage\",\"@id\":\"https:\/\/noticiasemdestaque.com\/cd\/?p=15435\",\"url\":\"https:\/\/noticiasemdestaque.com\/cd\/?p=15435\",\"name\":\"Mais uma paraibana \u00e9 classificada no The Voice Kids; Sofia fica no time de Carlinhos Brown - Not&iacute;cias em Destaque\",\"isPartOf\":{\"@id\":\"https:\/\/noticiasemdestaque.com\/cd\/#website\"},\"primaryImageOfPage\":{\"@id\":\"https:\/\/noticiasemdestaque.com\/cd\/?p=15435#primaryimage\"},\"image\":{\"@id\":\"https:\/\/noticiasemdestaque.com\/cd\/?p=15435#primaryimage\"},\"thumbnailUrl\":\"https:\/\/noticiasemdestaque.com\/cd\/wp-content\/uploads\/2019\/02\/the-voice.jpg\",\"datePublished\":\"2019-02-11T10:11:43+00:00\",\"breadcrumb\":{\"@id\":\"https:\/\/noticiasemdestaque.com\/cd\/?p=15435#breadcrumb\"},\"inLanguage\":\"pt-BR\",\"potentialAction\":[{\"@type\":\"ReadAction\",\"target\":[\"https:\/\/noticiasemdestaque.com\/cd\/?p=15435\"]}]},{\"@type\":\"ImageObject\",\"inLanguage\":\"pt-BR\",\"@id\":\"https:\/\/noticiasemdestaque.com\/cd\/?p=15435#primaryimage\",\"url\":\"https:\/\/noticiasemdestaque.com\/cd\/wp-content\/uploads\/2019\/02\/the-voice.jpg\",\"contentUrl\":\"https:\/\/noticiasemdestaque.com\/cd\/wp-content\/uploads\/2019\/02\/the-voice.jpg\",\"width\":534,\"height\":371},{\"@type\":\"BreadcrumbList\",\"@id\":\"https:\/\/noticiasemdestaque.com\/cd\/?p=15435#breadcrumb\",\"itemListElement\":[{\"@type\":\"ListItem\",\"position\":1,\"name\":\"In\u00edcio\",\"item\":\"https:\/\/noticiasemdestaque.com\/cd\/\"},{\"@type\":\"ListItem\",\"position\":2,\"name\":\"Mais uma paraibana \u00e9 classificada no The Voice Kids; Sofia fica no time de Carlinhos Brown\"}]},{\"@type\":\"WebSite\",\"@id\":\"https:\/\/noticiasemdestaque.com\/cd\/#website\",\"url\":\"https:\/\/noticiasemdestaque.com\/cd\/\",\"name\":\"Not&iacute;cias em Destaque\",\"description\":\"\",\"publisher\":{\"@id\":\"https:\/\/noticiasemdestaque.com\/cd\/#organization\"},\"potentialAction\":[{\"@type\":\"SearchAction\",\"target\":{\"@type\":\"EntryPoint\",\"urlTemplate\":\"https:\/\/noticiasemdestaque.com\/cd\/?s={search_term_string}\"},\"query-input\":{\"@type\":\"PropertyValueSpecification\",\"valueRequired\":true,\"valueName\":\"search_term_string\"}}],\"inLanguage\":\"pt-BR\"},{\"@type\":\"Organization\",\"@id\":\"https:\/\/noticiasemdestaque.com\/cd\/#organization\",\"name\":\"Not\u00edcias em Destaque\",\"url\":\"https:\/\/noticiasemdestaque.com\/cd\/\",\"logo\":{\"@type\":\"ImageObject\",\"inLanguage\":\"pt-BR\",\"@id\":\"https:\/\/noticiasemdestaque.com\/cd\/#\/schema\/logo\/image\/\",\"url\":\"https:\/\/noticiasemdestaque.com\/cd\/wp-content\/uploads\/2022\/05\/imagem-base-noticiasemdestaque.png\",\"contentUrl\":\"https:\/\/noticiasemdestaque.com\/cd\/wp-content\/uploads\/2022\/05\/imagem-base-noticiasemdestaque.png\",\"width\":1200,\"height\":630,\"caption\":\"Not\u00edcias em Destaque\"},\"image\":{\"@id\":\"https:\/\/noticiasemdestaque.com\/cd\/#\/schema\/logo\/image\/\"}},{\"@type\":\"Person\",\"@id\":\"https:\/\/noticiasemdestaque.com\/cd\/#\/schema\/person\/47f7d4f55eec17c6b2ca036c5500f6ce\",\"name\":\"Not\u00edcias em Destaque\",\"url\":\"https:\/\/noticiasemdestaque.com\/cd\/?author=2\"}]}<\/script>\n<!-- \/ Yoast SEO plugin. -->","yoast_head_json":{"title":"Mais uma paraibana \u00e9 classificada no The Voice Kids; Sofia fica no time de Carlinhos Brown - Not&iacute;cias em Destaque","robots":{"index":"index","follow":"follow","max-snippet":"max-snippet:-1","max-image-preview":"max-image-preview:large","max-video-preview":"max-video-preview:-1"},"canonical":"https:\/\/noticiasemdestaque.com\/cd\/?p=15435","og_locale":"pt_BR","og_type":"article","og_title":"Mais uma paraibana \u00e9 classificada no The Voice Kids; Sofia fica no time de Carlinhos Brown - Not&iacute;cias em Destaque","og_description":"Mais uma paraibana \u00e9 destaque na TV Globo. Desta vez, Sofia Cruz, de 9 anos, foi classificada nas audi\u00e7\u00f5es do programa The Voice Kids. \u00a0Sofia\u00a0abriu o programa com uma vers\u00e3o de \u2018Tutti Frutti\u2019, m\u00fasica de\u00a0Little Richard. A menina de\u00a0Campina Grande\u00a0arrasou tanto que virou as 4 cadeiras.\u00a0 No final, ela acabou escolhendo\u00a0Carlinhos Brown. \u00a0Duas outras paraibanas, L\u00edvia Val\u00e9ria e Helo\u00edsa Wanderley, de Patos, j\u00e1 fazem parte do programa. L\u00edvia est\u00e1 no time de Simone e Simaria e Helo\u00edsa no de Cl\u00e1udia Leitte. \u00a0\u201cChuck Berry, Elvis Presley, todos os reis do rock est\u00e3o felizes com a suavidade de interpreta\u00e7\u00e3o que voc\u00ea deu a esse cl\u00e1ssico\u201d, disse Brown, ap\u00f3s a apresenta\u00e7\u00e3o de Sofia. Por Reda\u00e7\u00e3o \/ Portal WSCOM","og_url":"https:\/\/noticiasemdestaque.com\/cd\/?p=15435","og_site_name":"Not&iacute;cias em Destaque","article_published_time":"2019-02-11T10:11:43+00:00","og_image":[{"width":534,"height":371,"url":"https:\/\/noticiasemdestaque.com\/cd\/wp-content\/uploads\/2019\/02\/the-voice.jpg","type":"image\/jpeg"}],"author":"Not\u00edcias em Destaque","twitter_card":"summary_large_image","twitter_misc":{"Escrito por":"Not\u00edcias em Destaque","Est. tempo de leitura":"1 minuto"},"schema":{"@context":"https:\/\/schema.org","@graph":[{"@type":"Article","@id":"https:\/\/noticiasemdestaque.com\/cd\/?p=15435#article","isPartOf":{"@id":"https:\/\/noticiasemdestaque.com\/cd\/?p=15435"},"author":{"name":"Not\u00edcias em Destaque","@id":"https:\/\/noticiasemdestaque.com\/cd\/#\/schema\/person\/47f7d4f55eec17c6b2ca036c5500f6ce"},"headline":"Mais uma paraibana \u00e9 classificada no The Voice Kids; Sofia fica no time de Carlinhos Brown","datePublished":"2019-02-11T10:11:43+00:00","mainEntityOfPage":{"@id":"https:\/\/noticiasemdestaque.com\/cd\/?p=15435"},"wordCount":146,"publisher":{"@id":"https:\/\/noticiasemdestaque.com\/cd\/#organization"},"image":{"@id":"https:\/\/noticiasemdestaque.com\/cd\/?p=15435#primaryimage"},"thumbnailUrl":"https:\/\/noticiasemdestaque.com\/cd\/wp-content\/uploads\/2019\/02\/the-voice.jpg","articleSection":["Geral"],"inLanguage":"pt-BR"},{"@type":"WebPage","@id":"https:\/\/noticiasemdestaque.com\/cd\/?p=15435","url":"https:\/\/noticiasemdestaque.com\/cd\/?p=15435","name":"Mais uma paraibana \u00e9 classificada no The Voice Kids; Sofia fica no time de Carlinhos Brown - Not&iacute;cias em Destaque","isPartOf":{"@id":"https:\/\/noticiasemdestaque.com\/cd\/#website"},"primaryImageOfPage":{"@id":"https:\/\/noticiasemdestaque.com\/cd\/?p=15435#primaryimage"},"image":{"@id":"https:\/\/noticiasemdestaque.com\/cd\/?p=15435#primaryimage"},"thumbnailUrl":"https:\/\/noticiasemdestaque.com\/cd\/wp-content\/uploads\/2019\/02\/the-voice.jpg","datePublished":"2019-02-11T10:11:43+00:00","breadcrumb":{"@id":"https:\/\/noticiasemdestaque.com\/cd\/?p=15435#breadcrumb"},"inLanguage":"pt-BR","potentialAction":[{"@type":"ReadAction","target":["https:\/\/noticiasemdestaque.com\/cd\/?p=15435"]}]},{"@type":"ImageObject","inLanguage":"pt-BR","@id":"https:\/\/noticiasemdestaque.com\/cd\/?p=15435#primaryimage","url":"https:\/\/noticiasemdestaque.com\/cd\/wp-content\/uploads\/2019\/02\/the-voice.jpg","contentUrl":"https:\/\/noticiasemdestaque.com\/cd\/wp-content\/uploads\/2019\/02\/the-voice.jpg","width":534,"height":371},{"@type":"BreadcrumbList","@id":"https:\/\/noticiasemdestaque.com\/cd\/?p=15435#breadcrumb","itemListElement":[{"@type":"ListItem","position":1,"name":"In\u00edcio","item":"https:\/\/noticiasemdestaque.com\/cd\/"},{"@type":"ListItem","position":2,"name":"Mais uma paraibana \u00e9 classificada no The Voice Kids; Sofia fica no time de Carlinhos Brown"}]},{"@type":"WebSite","@id":"https:\/\/noticiasemdestaque.com\/cd\/#website","url":"https:\/\/noticiasemdestaque.com\/cd\/","name":"Not&iacute;cias em Destaque","description":"","publisher":{"@id":"https:\/\/noticiasemdestaque.com\/cd\/#organization"},"potentialAction":[{"@type":"SearchAction","target":{"@type":"EntryPoint","urlTemplate":"https:\/\/noticiasemdestaque.com\/cd\/?s={search_term_string}"},"query-input":{"@type":"PropertyValueSpecification","valueRequired":true,"valueName":"search_term_string"}}],"inLanguage":"pt-BR"},{"@type":"Organization","@id":"https:\/\/noticiasemdestaque.com\/cd\/#organization","name":"Not\u00edcias em Destaque","url":"https:\/\/noticiasemdestaque.com\/cd\/","logo":{"@type":"ImageObject","inLanguage":"pt-BR","@id":"https:\/\/noticiasemdestaque.com\/cd\/#\/schema\/logo\/image\/","url":"https:\/\/noticiasemdestaque.com\/cd\/wp-content\/uploads\/2022\/05\/imagem-base-noticiasemdestaque.png","contentUrl":"https:\/\/noticiasemdestaque.com\/cd\/wp-content\/uploads\/2022\/05\/imagem-base-noticiasemdestaque.png","width":1200,"height":630,"caption":"Not\u00edcias em Destaque"},"image":{"@id":"https:\/\/noticiasemdestaque.com\/cd\/#\/schema\/logo\/image\/"}},{"@type":"Person","@id":"https:\/\/noticiasemdestaque.com\/cd\/#\/schema\/person\/47f7d4f55eec17c6b2ca036c5500f6ce","name":"Not\u00edcias em Destaque","url":"https:\/\/noticiasemdestaque.com\/cd\/?author=2"}]}},"jetpack_featured_media_url":"https:\/\/noticiasemdestaque.com\/cd\/wp-content\/uploads\/2019\/02\/the-voice.jpg","jetpack_sharing_enabled":true,"_links":{"self":[{"href":"https:\/\/noticiasemdestaque.com\/cd\/index.php?rest_route=\/wp\/v2\/posts\/15435","targetHints":{"allow":["GET"]}}],"collection":[{"href":"https:\/\/noticiasemdestaque.com\/cd\/index.php?rest_route=\/wp\/v2\/posts"}],"about":[{"href":"https:\/\/noticiasemdestaque.com\/cd\/index.php?rest_route=\/wp\/v2\/types\/post"}],"author":[{"embeddable":true,"href":"https:\/\/noticiasemdestaque.com\/cd\/index.php?rest_route=\/wp\/v2\/users\/2"}],"replies":[{"embeddable":true,"href":"https:\/\/noticiasemdestaque.com\/cd\/index.php?rest_route=%2Fwp%2Fv2%2Fcomments&post=15435"}],"version-history":[{"count":1,"href":"https:\/\/noticiasemdestaque.com\/cd\/index.php?rest_route=\/wp\/v2\/posts\/15435\/revisions"}],"predecessor-version":[{"id":15437,"href":"https:\/\/noticiasemdestaque.com\/cd\/index.php?rest_route=\/wp\/v2\/posts\/15435\/revisions\/15437"}],"wp:featuredmedia":[{"embeddable":true,"href":"https:\/\/noticiasemdestaque.com\/cd\/index.php?rest_route=\/wp\/v2\/media\/15436"}],"wp:attachment":[{"href":"https:\/\/noticiasemdestaque.com\/cd\/index.php?rest_route=%2Fwp%2Fv2%2Fmedia&parent=15435"}],"wp:term":[{"taxonomy":"category","embeddable":true,"href":"https:\/\/noticiasemdestaque.com\/cd\/index.php?rest_route=%2Fwp%2Fv2%2Fcategories&post=15435"},{"taxonomy":"post_tag","embeddable":true,"href":"https:\/\/noticiasemdestaque.com\/cd\/index.php?rest_route=%2Fwp%2Fv2%2Ftags&post=15435"}],"curies":[{"name":"wp","href":"https:\/\/api.w.org\/{rel}","templated":true}]}}