{"id":15429,"date":"2019-02-11T07:09:47","date_gmt":"2019-02-11T10:09:47","guid":{"rendered":"http:\/\/noticiasemdestaque.com\/cd\/?p=15429"},"modified":"2019-02-11T07:09:47","modified_gmt":"2019-02-11T10:09:47","slug":"supremo-julga-acao-para-criminalizar-homofobia","status":"publish","type":"post","link":"https:\/\/noticiasemdestaque.com\/cd\/?p=15429","title":{"rendered":"Supremo julga a\u00e7\u00e3o para criminalizar homofobia"},"content":{"rendered":"<figure id=\"attachment_15430\" aria-describedby=\"caption-attachment-15430\" style=\"width: 800px\" class=\"wp-caption alignnone\"><a href=\"https:\/\/noticiasemdestaque.com\/cd\/wp-content\/uploads\/2019\/02\/supremo.jpg\"><img fetchpriority=\"high\" decoding=\"async\" class=\"size-full wp-image-15430\" src=\"https:\/\/noticiasemdestaque.com\/cd\/wp-content\/uploads\/2019\/02\/supremo.jpg\" alt=\"\" width=\"800\" height=\"533\" srcset=\"https:\/\/noticiasemdestaque.com\/cd\/wp-content\/uploads\/2019\/02\/supremo.jpg 800w, https:\/\/noticiasemdestaque.com\/cd\/wp-content\/uploads\/2019\/02\/supremo-300x200.jpg 300w, https:\/\/noticiasemdestaque.com\/cd\/wp-content\/uploads\/2019\/02\/supremo-768x512.jpg 768w, https:\/\/noticiasemdestaque.com\/cd\/wp-content\/uploads\/2019\/02\/supremo-480x320.jpg 480w\" sizes=\"(max-width: 800px) 100vw, 800px\" \/><\/a><figcaption id=\"caption-attachment-15430\" class=\"wp-caption-text\">Foto: MaisPB<\/figcaption><\/figure>\n<p>O Supremo Tribunal Federal (STF) deve julgar quarta-feira (13) uma a\u00e7\u00e3o protocolada pelo PPS para criminalizar a homofobia, que \u00e9 caracterizada pelo preconceito contra o p\u00fablico LGBT (l\u00e9sbicas, gays, bissexuais, transexuais). O processo tramita na Corte desde 2013 e ser\u00e1 relatado pelo ministro Celso de Mello.<\/p>\n<p>Na sess\u00e3o, os ministros devem definir se o Supremo pode criar regras tempor\u00e1rias para punir agressores do p\u00fablico LGBT, devido \u00e0 demora da aprova\u00e7\u00e3o da mat\u00e9ria no Congresso Nacional. Pelo atual ordenamento jur\u00eddico, a tipifica\u00e7\u00e3o de crimes cabe ao Poder Legislativo, respons\u00e1vel pela cria\u00e7\u00e3o das leis.<\/p>\n<p>O crime de homofobia n\u00e3o est\u00e1 tipificado na legisla\u00e7\u00e3o penal brasileira. Nos casos envolvendo agress\u00f5es contra homossexuais, a conduta \u00e9 tratada como les\u00e3o corporal, tentativa de homic\u00eddio ou ofensa moral.<\/p>\n<p>No entendimento do partido, a minoria LGBT deve ser inclu\u00edda no conceito de \u201cra\u00e7a social\u201d e os agressores punidos na forma do crime de racismo.<\/p>\n<p>\u201cO heterossexismo social constitui uma ideologia racista e, portanto, a homofobia e a transfobia constituem-se ideologias\/condutas tipicamente racistas por serem decorr\u00eancias do racismo heterossexista\u201d, argumenta o partido.<\/p>\n<p>Levantamento recente, divulgado pelo Grupo Gay da Bahia (GGB), mostrou que em 2017 foi registrado o maior n\u00famero de mortes relacionadas \u00e0 homofobia desde que o monitoramento anual come\u00e7ou a ser feito pela entidade, h\u00e1 38 anos. Naquele ano, 445 l\u00e9sbicas, gays, bissexuais, travestis e transexuais (LGBTs) foram mortos por homofobia.<\/p>\n<p>Fonte: Ag\u00eancia Brasil<\/p>\n","protected":false},"excerpt":{"rendered":"<p>O Supremo Tribunal Federal (STF) deve julgar quarta-feira (13) uma a\u00e7\u00e3o protocolada pelo PPS para criminalizar a homofobia, que \u00e9 caracterizada pelo preconceito contra o p\u00fablico LGBT (l\u00e9sbicas, gays, bissexuais, transexuais). O processo tramita na Corte desde 2013 e ser\u00e1 relatado pelo ministro Celso de Mello. Na sess\u00e3o, os ministros devem definir se o Supremo pode criar regras tempor\u00e1rias para punir agressores do p\u00fablico LGBT, devido \u00e0 demora da aprova\u00e7\u00e3o da mat\u00e9ria no Congresso Nacional. Pelo atual ordenamento jur\u00eddico, a tipifica\u00e7\u00e3o de crimes cabe ao Poder Legislativo, respons\u00e1vel pela cria\u00e7\u00e3o das leis. O crime de homofobia n\u00e3o est\u00e1 tipificado na legisla\u00e7\u00e3o penal brasileira. Nos casos envolvendo agress\u00f5es contra homossexuais, a conduta \u00e9 tratada como les\u00e3o corporal, tentativa de homic\u00eddio ou ofensa moral. No entendimento do partido, a minoria LGBT deve ser inclu\u00edda no conceito de \u201cra\u00e7a social\u201d e os agressores punidos na forma do crime de racismo. \u201cO heterossexismo social constitui uma ideologia racista e, portanto, a homofobia e a transfobia constituem-se ideologias\/condutas tipicamente racistas por serem decorr\u00eancias do racismo heterossexista\u201d, argumenta o partido. Levantamento recente, divulgado pelo Grupo Gay da Bahia (GGB), mostrou que em 2017 foi registrado o maior n\u00famero de mortes relacionadas \u00e0 homofobia desde que o monitoramento anual come\u00e7ou a ser feito pela entidade, h\u00e1 38 anos. Naquele ano, 445 l\u00e9sbicas, gays, bissexuais, travestis e transexuais (LGBTs) foram mortos por homofobia. Fonte: Ag\u00eancia Brasil<\/p>\n","protected":false},"author":2,"featured_media":15430,"comment_status":"closed","ping_status":"open","sticky":false,"template":"","format":"standard","meta":{"_eb_attr":"","_jetpack_memberships_contains_paid_content":false,"footnotes":""},"categories":[4],"tags":[],"class_list":["post-15429","post","type-post","status-publish","format-standard","has-post-thumbnail","hentry","category-politica"],"yoast_head":"<!-- This site is optimized with the Yoast SEO plugin v26.5 - https:\/\/yoast.com\/wordpress\/plugins\/seo\/ -->\n<title>Supremo julga a\u00e7\u00e3o para criminalizar homofobia - Not&iacute;cias em Destaque<\/title>\n<meta name=\"robots\" content=\"index, follow, max-snippet:-1, max-image-preview:large, max-video-preview:-1\" \/>\n<link rel=\"canonical\" href=\"https:\/\/noticiasemdestaque.com\/cd\/?p=15429\" \/>\n<meta property=\"og:locale\" content=\"pt_BR\" \/>\n<meta property=\"og:type\" content=\"article\" \/>\n<meta property=\"og:title\" content=\"Supremo julga a\u00e7\u00e3o para criminalizar homofobia - Not&iacute;cias em Destaque\" \/>\n<meta property=\"og:description\" content=\"O Supremo Tribunal Federal (STF) deve julgar quarta-feira (13) uma a\u00e7\u00e3o protocolada pelo PPS para criminalizar a homofobia, que \u00e9 caracterizada pelo preconceito contra o p\u00fablico LGBT (l\u00e9sbicas, gays, bissexuais, transexuais). O processo tramita na Corte desde 2013 e ser\u00e1 relatado pelo ministro Celso de Mello. Na sess\u00e3o, os ministros devem definir se o Supremo pode criar regras tempor\u00e1rias para punir agressores do p\u00fablico LGBT, devido \u00e0 demora da aprova\u00e7\u00e3o da mat\u00e9ria no Congresso Nacional. Pelo atual ordenamento jur\u00eddico, a tipifica\u00e7\u00e3o de crimes cabe ao Poder Legislativo, respons\u00e1vel pela cria\u00e7\u00e3o das leis. O crime de homofobia n\u00e3o est\u00e1 tipificado na legisla\u00e7\u00e3o penal brasileira. Nos casos envolvendo agress\u00f5es contra homossexuais, a conduta \u00e9 tratada como les\u00e3o corporal, tentativa de homic\u00eddio ou ofensa moral. No entendimento do partido, a minoria LGBT deve ser inclu\u00edda no conceito de \u201cra\u00e7a social\u201d e os agressores punidos na forma do crime de racismo. \u201cO heterossexismo social constitui uma ideologia racista e, portanto, a homofobia e a transfobia constituem-se ideologias\/condutas tipicamente racistas por serem decorr\u00eancias do racismo heterossexista\u201d, argumenta o partido. Levantamento recente, divulgado pelo Grupo Gay da Bahia (GGB), mostrou que em 2017 foi registrado o maior n\u00famero de mortes relacionadas \u00e0 homofobia desde que o monitoramento anual come\u00e7ou a ser feito pela entidade, h\u00e1 38 anos. Naquele ano, 445 l\u00e9sbicas, gays, bissexuais, travestis e transexuais (LGBTs) foram mortos por homofobia. Fonte: Ag\u00eancia Brasil\" \/>\n<meta property=\"og:url\" content=\"https:\/\/noticiasemdestaque.com\/cd\/?p=15429\" \/>\n<meta property=\"og:site_name\" content=\"Not&iacute;cias em Destaque\" \/>\n<meta property=\"article:published_time\" content=\"2019-02-11T10:09:47+00:00\" \/>\n<meta property=\"og:image\" content=\"https:\/\/noticiasemdestaque.com\/cd\/wp-content\/uploads\/2019\/02\/supremo.jpg\" \/>\n\t<meta property=\"og:image:width\" content=\"800\" \/>\n\t<meta property=\"og:image:height\" content=\"533\" \/>\n\t<meta property=\"og:image:type\" content=\"image\/jpeg\" \/>\n<meta name=\"author\" content=\"Not\u00edcias em Destaque\" \/>\n<meta name=\"twitter:card\" content=\"summary_large_image\" \/>\n<meta name=\"twitter:label1\" content=\"Escrito por\" \/>\n\t<meta name=\"twitter:data1\" content=\"Not\u00edcias em Destaque\" \/>\n\t<meta name=\"twitter:label2\" content=\"Est. tempo de leitura\" \/>\n\t<meta name=\"twitter:data2\" content=\"1 minuto\" \/>\n<script type=\"application\/ld+json\" class=\"yoast-schema-graph\">{\"@context\":\"https:\/\/schema.org\",\"@graph\":[{\"@type\":\"Article\",\"@id\":\"https:\/\/noticiasemdestaque.com\/cd\/?p=15429#article\",\"isPartOf\":{\"@id\":\"https:\/\/noticiasemdestaque.com\/cd\/?p=15429\"},\"author\":{\"name\":\"Not\u00edcias em Destaque\",\"@id\":\"https:\/\/noticiasemdestaque.com\/cd\/#\/schema\/person\/47f7d4f55eec17c6b2ca036c5500f6ce\"},\"headline\":\"Supremo julga a\u00e7\u00e3o para criminalizar homofobia\",\"datePublished\":\"2019-02-11T10:09:47+00:00\",\"mainEntityOfPage\":{\"@id\":\"https:\/\/noticiasemdestaque.com\/cd\/?p=15429\"},\"wordCount\":260,\"publisher\":{\"@id\":\"https:\/\/noticiasemdestaque.com\/cd\/#organization\"},\"image\":{\"@id\":\"https:\/\/noticiasemdestaque.com\/cd\/?p=15429#primaryimage\"},\"thumbnailUrl\":\"https:\/\/noticiasemdestaque.com\/cd\/wp-content\/uploads\/2019\/02\/supremo.jpg\",\"articleSection\":[\"Pol\u00edtica\"],\"inLanguage\":\"pt-BR\"},{\"@type\":\"WebPage\",\"@id\":\"https:\/\/noticiasemdestaque.com\/cd\/?p=15429\",\"url\":\"https:\/\/noticiasemdestaque.com\/cd\/?p=15429\",\"name\":\"Supremo julga a\u00e7\u00e3o para criminalizar homofobia - Not&iacute;cias em Destaque\",\"isPartOf\":{\"@id\":\"https:\/\/noticiasemdestaque.com\/cd\/#website\"},\"primaryImageOfPage\":{\"@id\":\"https:\/\/noticiasemdestaque.com\/cd\/?p=15429#primaryimage\"},\"image\":{\"@id\":\"https:\/\/noticiasemdestaque.com\/cd\/?p=15429#primaryimage\"},\"thumbnailUrl\":\"https:\/\/noticiasemdestaque.com\/cd\/wp-content\/uploads\/2019\/02\/supremo.jpg\",\"datePublished\":\"2019-02-11T10:09:47+00:00\",\"breadcrumb\":{\"@id\":\"https:\/\/noticiasemdestaque.com\/cd\/?p=15429#breadcrumb\"},\"inLanguage\":\"pt-BR\",\"potentialAction\":[{\"@type\":\"ReadAction\",\"target\":[\"https:\/\/noticiasemdestaque.com\/cd\/?p=15429\"]}]},{\"@type\":\"ImageObject\",\"inLanguage\":\"pt-BR\",\"@id\":\"https:\/\/noticiasemdestaque.com\/cd\/?p=15429#primaryimage\",\"url\":\"https:\/\/noticiasemdestaque.com\/cd\/wp-content\/uploads\/2019\/02\/supremo.jpg\",\"contentUrl\":\"https:\/\/noticiasemdestaque.com\/cd\/wp-content\/uploads\/2019\/02\/supremo.jpg\",\"width\":800,\"height\":533,\"caption\":\"Foto: MaisPB\"},{\"@type\":\"BreadcrumbList\",\"@id\":\"https:\/\/noticiasemdestaque.com\/cd\/?p=15429#breadcrumb\",\"itemListElement\":[{\"@type\":\"ListItem\",\"position\":1,\"name\":\"In\u00edcio\",\"item\":\"https:\/\/noticiasemdestaque.com\/cd\/\"},{\"@type\":\"ListItem\",\"position\":2,\"name\":\"Supremo julga a\u00e7\u00e3o para criminalizar homofobia\"}]},{\"@type\":\"WebSite\",\"@id\":\"https:\/\/noticiasemdestaque.com\/cd\/#website\",\"url\":\"https:\/\/noticiasemdestaque.com\/cd\/\",\"name\":\"Not&iacute;cias em Destaque\",\"description\":\"\",\"publisher\":{\"@id\":\"https:\/\/noticiasemdestaque.com\/cd\/#organization\"},\"potentialAction\":[{\"@type\":\"SearchAction\",\"target\":{\"@type\":\"EntryPoint\",\"urlTemplate\":\"https:\/\/noticiasemdestaque.com\/cd\/?s={search_term_string}\"},\"query-input\":{\"@type\":\"PropertyValueSpecification\",\"valueRequired\":true,\"valueName\":\"search_term_string\"}}],\"inLanguage\":\"pt-BR\"},{\"@type\":\"Organization\",\"@id\":\"https:\/\/noticiasemdestaque.com\/cd\/#organization\",\"name\":\"Not\u00edcias em Destaque\",\"url\":\"https:\/\/noticiasemdestaque.com\/cd\/\",\"logo\":{\"@type\":\"ImageObject\",\"inLanguage\":\"pt-BR\",\"@id\":\"https:\/\/noticiasemdestaque.com\/cd\/#\/schema\/logo\/image\/\",\"url\":\"https:\/\/noticiasemdestaque.com\/cd\/wp-content\/uploads\/2022\/05\/imagem-base-noticiasemdestaque.png\",\"contentUrl\":\"https:\/\/noticiasemdestaque.com\/cd\/wp-content\/uploads\/2022\/05\/imagem-base-noticiasemdestaque.png\",\"width\":1200,\"height\":630,\"caption\":\"Not\u00edcias em Destaque\"},\"image\":{\"@id\":\"https:\/\/noticiasemdestaque.com\/cd\/#\/schema\/logo\/image\/\"}},{\"@type\":\"Person\",\"@id\":\"https:\/\/noticiasemdestaque.com\/cd\/#\/schema\/person\/47f7d4f55eec17c6b2ca036c5500f6ce\",\"name\":\"Not\u00edcias em Destaque\",\"url\":\"https:\/\/noticiasemdestaque.com\/cd\/?author=2\"}]}<\/script>\n<!-- \/ Yoast SEO plugin. -->","yoast_head_json":{"title":"Supremo julga a\u00e7\u00e3o para criminalizar homofobia - Not&iacute;cias em Destaque","robots":{"index":"index","follow":"follow","max-snippet":"max-snippet:-1","max-image-preview":"max-image-preview:large","max-video-preview":"max-video-preview:-1"},"canonical":"https:\/\/noticiasemdestaque.com\/cd\/?p=15429","og_locale":"pt_BR","og_type":"article","og_title":"Supremo julga a\u00e7\u00e3o para criminalizar homofobia - Not&iacute;cias em Destaque","og_description":"O Supremo Tribunal Federal (STF) deve julgar quarta-feira (13) uma a\u00e7\u00e3o protocolada pelo PPS para criminalizar a homofobia, que \u00e9 caracterizada pelo preconceito contra o p\u00fablico LGBT (l\u00e9sbicas, gays, bissexuais, transexuais). O processo tramita na Corte desde 2013 e ser\u00e1 relatado pelo ministro Celso de Mello. Na sess\u00e3o, os ministros devem definir se o Supremo pode criar regras tempor\u00e1rias para punir agressores do p\u00fablico LGBT, devido \u00e0 demora da aprova\u00e7\u00e3o da mat\u00e9ria no Congresso Nacional. Pelo atual ordenamento jur\u00eddico, a tipifica\u00e7\u00e3o de crimes cabe ao Poder Legislativo, respons\u00e1vel pela cria\u00e7\u00e3o das leis. O crime de homofobia n\u00e3o est\u00e1 tipificado na legisla\u00e7\u00e3o penal brasileira. Nos casos envolvendo agress\u00f5es contra homossexuais, a conduta \u00e9 tratada como les\u00e3o corporal, tentativa de homic\u00eddio ou ofensa moral. No entendimento do partido, a minoria LGBT deve ser inclu\u00edda no conceito de \u201cra\u00e7a social\u201d e os agressores punidos na forma do crime de racismo. \u201cO heterossexismo social constitui uma ideologia racista e, portanto, a homofobia e a transfobia constituem-se ideologias\/condutas tipicamente racistas por serem decorr\u00eancias do racismo heterossexista\u201d, argumenta o partido. Levantamento recente, divulgado pelo Grupo Gay da Bahia (GGB), mostrou que em 2017 foi registrado o maior n\u00famero de mortes relacionadas \u00e0 homofobia desde que o monitoramento anual come\u00e7ou a ser feito pela entidade, h\u00e1 38 anos. Naquele ano, 445 l\u00e9sbicas, gays, bissexuais, travestis e transexuais (LGBTs) foram mortos por homofobia. Fonte: Ag\u00eancia Brasil","og_url":"https:\/\/noticiasemdestaque.com\/cd\/?p=15429","og_site_name":"Not&iacute;cias em Destaque","article_published_time":"2019-02-11T10:09:47+00:00","og_image":[{"width":800,"height":533,"url":"https:\/\/noticiasemdestaque.com\/cd\/wp-content\/uploads\/2019\/02\/supremo.jpg","type":"image\/jpeg"}],"author":"Not\u00edcias em Destaque","twitter_card":"summary_large_image","twitter_misc":{"Escrito por":"Not\u00edcias em Destaque","Est. tempo de leitura":"1 minuto"},"schema":{"@context":"https:\/\/schema.org","@graph":[{"@type":"Article","@id":"https:\/\/noticiasemdestaque.com\/cd\/?p=15429#article","isPartOf":{"@id":"https:\/\/noticiasemdestaque.com\/cd\/?p=15429"},"author":{"name":"Not\u00edcias em Destaque","@id":"https:\/\/noticiasemdestaque.com\/cd\/#\/schema\/person\/47f7d4f55eec17c6b2ca036c5500f6ce"},"headline":"Supremo julga a\u00e7\u00e3o para criminalizar homofobia","datePublished":"2019-02-11T10:09:47+00:00","mainEntityOfPage":{"@id":"https:\/\/noticiasemdestaque.com\/cd\/?p=15429"},"wordCount":260,"publisher":{"@id":"https:\/\/noticiasemdestaque.com\/cd\/#organization"},"image":{"@id":"https:\/\/noticiasemdestaque.com\/cd\/?p=15429#primaryimage"},"thumbnailUrl":"https:\/\/noticiasemdestaque.com\/cd\/wp-content\/uploads\/2019\/02\/supremo.jpg","articleSection":["Pol\u00edtica"],"inLanguage":"pt-BR"},{"@type":"WebPage","@id":"https:\/\/noticiasemdestaque.com\/cd\/?p=15429","url":"https:\/\/noticiasemdestaque.com\/cd\/?p=15429","name":"Supremo julga a\u00e7\u00e3o para criminalizar homofobia - Not&iacute;cias em Destaque","isPartOf":{"@id":"https:\/\/noticiasemdestaque.com\/cd\/#website"},"primaryImageOfPage":{"@id":"https:\/\/noticiasemdestaque.com\/cd\/?p=15429#primaryimage"},"image":{"@id":"https:\/\/noticiasemdestaque.com\/cd\/?p=15429#primaryimage"},"thumbnailUrl":"https:\/\/noticiasemdestaque.com\/cd\/wp-content\/uploads\/2019\/02\/supremo.jpg","datePublished":"2019-02-11T10:09:47+00:00","breadcrumb":{"@id":"https:\/\/noticiasemdestaque.com\/cd\/?p=15429#breadcrumb"},"inLanguage":"pt-BR","potentialAction":[{"@type":"ReadAction","target":["https:\/\/noticiasemdestaque.com\/cd\/?p=15429"]}]},{"@type":"ImageObject","inLanguage":"pt-BR","@id":"https:\/\/noticiasemdestaque.com\/cd\/?p=15429#primaryimage","url":"https:\/\/noticiasemdestaque.com\/cd\/wp-content\/uploads\/2019\/02\/supremo.jpg","contentUrl":"https:\/\/noticiasemdestaque.com\/cd\/wp-content\/uploads\/2019\/02\/supremo.jpg","width":800,"height":533,"caption":"Foto: MaisPB"},{"@type":"BreadcrumbList","@id":"https:\/\/noticiasemdestaque.com\/cd\/?p=15429#breadcrumb","itemListElement":[{"@type":"ListItem","position":1,"name":"In\u00edcio","item":"https:\/\/noticiasemdestaque.com\/cd\/"},{"@type":"ListItem","position":2,"name":"Supremo julga a\u00e7\u00e3o para criminalizar homofobia"}]},{"@type":"WebSite","@id":"https:\/\/noticiasemdestaque.com\/cd\/#website","url":"https:\/\/noticiasemdestaque.com\/cd\/","name":"Not&iacute;cias em Destaque","description":"","publisher":{"@id":"https:\/\/noticiasemdestaque.com\/cd\/#organization"},"potentialAction":[{"@type":"SearchAction","target":{"@type":"EntryPoint","urlTemplate":"https:\/\/noticiasemdestaque.com\/cd\/?s={search_term_string}"},"query-input":{"@type":"PropertyValueSpecification","valueRequired":true,"valueName":"search_term_string"}}],"inLanguage":"pt-BR"},{"@type":"Organization","@id":"https:\/\/noticiasemdestaque.com\/cd\/#organization","name":"Not\u00edcias em Destaque","url":"https:\/\/noticiasemdestaque.com\/cd\/","logo":{"@type":"ImageObject","inLanguage":"pt-BR","@id":"https:\/\/noticiasemdestaque.com\/cd\/#\/schema\/logo\/image\/","url":"https:\/\/noticiasemdestaque.com\/cd\/wp-content\/uploads\/2022\/05\/imagem-base-noticiasemdestaque.png","contentUrl":"https:\/\/noticiasemdestaque.com\/cd\/wp-content\/uploads\/2022\/05\/imagem-base-noticiasemdestaque.png","width":1200,"height":630,"caption":"Not\u00edcias em Destaque"},"image":{"@id":"https:\/\/noticiasemdestaque.com\/cd\/#\/schema\/logo\/image\/"}},{"@type":"Person","@id":"https:\/\/noticiasemdestaque.com\/cd\/#\/schema\/person\/47f7d4f55eec17c6b2ca036c5500f6ce","name":"Not\u00edcias em Destaque","url":"https:\/\/noticiasemdestaque.com\/cd\/?author=2"}]}},"jetpack_featured_media_url":"https:\/\/noticiasemdestaque.com\/cd\/wp-content\/uploads\/2019\/02\/supremo.jpg","jetpack_sharing_enabled":true,"_links":{"self":[{"href":"https:\/\/noticiasemdestaque.com\/cd\/index.php?rest_route=\/wp\/v2\/posts\/15429","targetHints":{"allow":["GET"]}}],"collection":[{"href":"https:\/\/noticiasemdestaque.com\/cd\/index.php?rest_route=\/wp\/v2\/posts"}],"about":[{"href":"https:\/\/noticiasemdestaque.com\/cd\/index.php?rest_route=\/wp\/v2\/types\/post"}],"author":[{"embeddable":true,"href":"https:\/\/noticiasemdestaque.com\/cd\/index.php?rest_route=\/wp\/v2\/users\/2"}],"replies":[{"embeddable":true,"href":"https:\/\/noticiasemdestaque.com\/cd\/index.php?rest_route=%2Fwp%2Fv2%2Fcomments&post=15429"}],"version-history":[{"count":1,"href":"https:\/\/noticiasemdestaque.com\/cd\/index.php?rest_route=\/wp\/v2\/posts\/15429\/revisions"}],"predecessor-version":[{"id":15431,"href":"https:\/\/noticiasemdestaque.com\/cd\/index.php?rest_route=\/wp\/v2\/posts\/15429\/revisions\/15431"}],"wp:featuredmedia":[{"embeddable":true,"href":"https:\/\/noticiasemdestaque.com\/cd\/index.php?rest_route=\/wp\/v2\/media\/15430"}],"wp:attachment":[{"href":"https:\/\/noticiasemdestaque.com\/cd\/index.php?rest_route=%2Fwp%2Fv2%2Fmedia&parent=15429"}],"wp:term":[{"taxonomy":"category","embeddable":true,"href":"https:\/\/noticiasemdestaque.com\/cd\/index.php?rest_route=%2Fwp%2Fv2%2Fcategories&post=15429"},{"taxonomy":"post_tag","embeddable":true,"href":"https:\/\/noticiasemdestaque.com\/cd\/index.php?rest_route=%2Fwp%2Fv2%2Ftags&post=15429"}],"curies":[{"name":"wp","href":"https:\/\/api.w.org\/{rel}","templated":true}]}}