{"id":15419,"date":"2019-02-09T15:37:48","date_gmt":"2019-02-09T18:37:48","guid":{"rendered":"http:\/\/noticiasemdestaque.com\/cd\/?p=15419"},"modified":"2019-02-09T15:37:48","modified_gmt":"2019-02-09T18:37:48","slug":"vice-prefeito-representa-executivo-municipal-na-abertura-dos-trabalhos-legislativos-de-monteiro","status":"publish","type":"post","link":"https:\/\/noticiasemdestaque.com\/cd\/?p=15419","title":{"rendered":"Vice-prefeito representa executivo municipal na abertura dos trabalhos legislativos de Monteiro"},"content":{"rendered":"<p><a href=\"https:\/\/noticiasemdestaque.com\/cd\/wp-content\/uploads\/2019\/02\/Abertura-do-legislativo-20197.jpeg\"><img fetchpriority=\"high\" decoding=\"async\" class=\"wp-image-15420 aligncenter\" src=\"https:\/\/noticiasemdestaque.com\/cd\/wp-content\/uploads\/2019\/02\/Abertura-do-legislativo-20197-1024x682.jpeg\" alt=\"\" width=\"506\" height=\"337\" srcset=\"https:\/\/noticiasemdestaque.com\/cd\/wp-content\/uploads\/2019\/02\/Abertura-do-legislativo-20197-1024x682.jpeg 1024w, https:\/\/noticiasemdestaque.com\/cd\/wp-content\/uploads\/2019\/02\/Abertura-do-legislativo-20197-300x200.jpeg 300w, https:\/\/noticiasemdestaque.com\/cd\/wp-content\/uploads\/2019\/02\/Abertura-do-legislativo-20197-768x512.jpeg 768w, https:\/\/noticiasemdestaque.com\/cd\/wp-content\/uploads\/2019\/02\/Abertura-do-legislativo-20197-480x320.jpeg 480w, https:\/\/noticiasemdestaque.com\/cd\/wp-content\/uploads\/2019\/02\/Abertura-do-legislativo-20197.jpeg 1280w\" sizes=\"(max-width: 506px) 100vw, 506px\" \/><\/a><\/p>\n<p>Coube ao vice-prefeito Celecileno Alves representar o Poder Executivo municipal na sess\u00e3o de abertura dos trabalhos legislativos de 2019 da C\u00e2mara de Vereadores de Monteiro, em virtude da prefeita Anna Lorena estar participando do semin\u00e1rio Educar Pra Valer, na cidade de Sobral, estado do Cear\u00e1.<\/p>\n<p>A sess\u00e3o de abertura do primeiro per\u00edodo legislativo de 2019 da C\u00e2mara Municipal de Monteiro foi presidida pelo vereador Caj\u00f3 Menezes e aconteceu na noite desta quinta-feira, 7. Presente na sess\u00e3o, o vice-prefeito representou a prefeita Anna Lorena, oportunidade que leu a mensagem do Poder Executivo.<\/p>\n<p>A sess\u00e3o contou com a presen\u00e7a de todos os vereadores e foi bastante prestigiada pela popula\u00e7\u00e3o monteirense.<\/p>\n<p>Confira abaixo a mensagem do Poder Executivo Monteirense:<\/p>\n<p>Excelent\u00edssimo senhor presidente da C\u00e2mara Municipal de Monteiro, Vereador Caj\u00f3 Menezes,<\/p>\n<p>Senhores componentes da Mesa Diretora.<\/p>\n<p>Demais Parlamentares, servidores,<\/p>\n<p>Meus senhores e minhas senhoras<\/p>\n<p>Fui designado pela Excelent\u00edssima prefeita Ana Lorena para representar o Poder Executivo nesta sess\u00e3o de abertura do trabalho legislativo do ano de 2019, por ser imposs\u00edvel a sua presen\u00e7a, por motivo de viagem a servi\u00e7o do nosso munic\u00edpio.<\/p>\n<p>Esta designa\u00e7\u00e3o estou cumprindo com muita honra neste momento, desejando inicialmente saudar os integrantes da Casa Jos\u00e9 Ferreira Tom\u00e9, que t\u00eam prestado inestim\u00e1vel contribui\u00e7\u00e3o ao desenvolvimento de Monteiro e, de forma especial, \u00e0 nossa administra\u00e7\u00e3o.<\/p>\n<p>A parceria e o bom relacionamento dos poderes executivo e legislativo s\u00e3o importantes e fundamentais para que possamos realizar as a\u00e7\u00f5es e resolver as demandas que surgem no dia a dia da comunidade. Por isso renovamos o nosso sincero agradecimento pelo apoio, renovando a confian\u00e7a que continuaremos a merecer o valioso apoio de Vossas Excel\u00eancias.<\/p>\n<p>Durante a primeira metade deste mandato \u00e0 frente do governo municipal conseguimos realizar diversas e importantes obras e a\u00e7\u00f5es. Atualmente muitos servi\u00e7os est\u00e3o sendo executados e para o futuro novas obras est\u00e3o programadas.<\/p>\n<p>Com F\u00e9 em Deus, com apoio desta casa legislativa, com a participa\u00e7\u00e3o dos nossos parceiros\u00a0 e da nossa representa\u00e7\u00e3o pol\u00edtica e a confian\u00e7a do povo, com certeza conseguiremos realizar os nossos projetos, construindo uma cidade cada vez melhor.<\/p>\n<p>Conclu\u00edmos a nossa mensagem desejando a todos um bom trabalho durante o ano, renovando o nosso compromisso de que juntos n\u00e3o mediremos esfor\u00e7os para continuar edificando um futuro grandioso para a nossa terra, fazendo de Monteiro uma cidade cada vez melhor.<\/p>\n","protected":false},"excerpt":{"rendered":"<p>Coube ao vice-prefeito Celecileno Alves representar o Poder Executivo municipal na sess\u00e3o de abertura dos trabalhos legislativos de 2019 da C\u00e2mara de Vereadores de Monteiro, em virtude da prefeita Anna Lorena estar participando do semin\u00e1rio Educar Pra Valer, na cidade de Sobral, estado do Cear\u00e1. A sess\u00e3o de abertura do primeiro per\u00edodo legislativo de 2019 da C\u00e2mara Municipal de Monteiro foi presidida pelo vereador Caj\u00f3 Menezes e aconteceu na noite desta quinta-feira, 7. Presente na sess\u00e3o, o vice-prefeito representou a prefeita Anna Lorena, oportunidade que leu a mensagem do Poder Executivo. A sess\u00e3o contou com a presen\u00e7a de todos os vereadores e foi bastante prestigiada pela popula\u00e7\u00e3o monteirense. Confira abaixo a mensagem do Poder Executivo Monteirense: Excelent\u00edssimo senhor presidente da C\u00e2mara Municipal de Monteiro, Vereador Caj\u00f3 Menezes, Senhores componentes da Mesa Diretora. Demais Parlamentares, servidores, Meus senhores e minhas senhoras Fui designado pela Excelent\u00edssima prefeita Ana Lorena para representar o Poder Executivo nesta sess\u00e3o de abertura do trabalho legislativo do ano de 2019, por ser imposs\u00edvel a sua presen\u00e7a, por motivo de viagem a servi\u00e7o do nosso munic\u00edpio. Esta designa\u00e7\u00e3o estou cumprindo com muita honra neste momento, desejando inicialmente saudar os integrantes da Casa Jos\u00e9 Ferreira Tom\u00e9, que t\u00eam prestado inestim\u00e1vel contribui\u00e7\u00e3o ao desenvolvimento de Monteiro e, de forma especial, \u00e0 nossa administra\u00e7\u00e3o. A parceria e o bom relacionamento dos poderes executivo e legislativo s\u00e3o importantes e fundamentais para que possamos realizar as a\u00e7\u00f5es e resolver as demandas que surgem no dia a dia da comunidade. Por isso renovamos o nosso sincero agradecimento pelo apoio, renovando a confian\u00e7a que continuaremos a merecer o valioso apoio de Vossas Excel\u00eancias. Durante a primeira metade deste mandato \u00e0 frente do governo municipal conseguimos realizar diversas e importantes obras e a\u00e7\u00f5es. Atualmente muitos servi\u00e7os est\u00e3o sendo executados e para o futuro novas obras est\u00e3o programadas. Com F\u00e9 em Deus, com apoio desta casa legislativa, com a participa\u00e7\u00e3o dos nossos parceiros\u00a0 e da nossa representa\u00e7\u00e3o pol\u00edtica e a confian\u00e7a do povo, com certeza conseguiremos realizar os nossos projetos, construindo uma cidade cada vez melhor. Conclu\u00edmos a nossa mensagem desejando a todos um bom trabalho durante o ano, renovando o nosso compromisso de que juntos n\u00e3o mediremos esfor\u00e7os para continuar edificando um futuro grandioso para a nossa terra, fazendo de Monteiro uma cidade cada vez melhor.<\/p>\n","protected":false},"author":2,"featured_media":15420,"comment_status":"closed","ping_status":"open","sticky":false,"template":"","format":"standard","meta":{"_eb_attr":"","_jetpack_memberships_contains_paid_content":false,"footnotes":""},"categories":[4],"tags":[],"class_list":["post-15419","post","type-post","status-publish","format-standard","has-post-thumbnail","hentry","category-politica"],"yoast_head":"<!-- This site is optimized with the Yoast SEO plugin v26.5 - https:\/\/yoast.com\/wordpress\/plugins\/seo\/ -->\n<title>Vice-prefeito representa executivo municipal na abertura dos trabalhos legislativos de Monteiro - Not&iacute;cias em Destaque<\/title>\n<meta name=\"robots\" content=\"index, follow, max-snippet:-1, max-image-preview:large, max-video-preview:-1\" \/>\n<link rel=\"canonical\" href=\"https:\/\/noticiasemdestaque.com\/cd\/?p=15419\" \/>\n<meta property=\"og:locale\" content=\"pt_BR\" \/>\n<meta property=\"og:type\" content=\"article\" \/>\n<meta property=\"og:title\" content=\"Vice-prefeito representa executivo municipal na abertura dos trabalhos legislativos de Monteiro - Not&iacute;cias em Destaque\" \/>\n<meta property=\"og:description\" content=\"Coube ao vice-prefeito Celecileno Alves representar o Poder Executivo municipal na sess\u00e3o de abertura dos trabalhos legislativos de 2019 da C\u00e2mara de Vereadores de Monteiro, em virtude da prefeita Anna Lorena estar participando do semin\u00e1rio Educar Pra Valer, na cidade de Sobral, estado do Cear\u00e1. A sess\u00e3o de abertura do primeiro per\u00edodo legislativo de 2019 da C\u00e2mara Municipal de Monteiro foi presidida pelo vereador Caj\u00f3 Menezes e aconteceu na noite desta quinta-feira, 7. Presente na sess\u00e3o, o vice-prefeito representou a prefeita Anna Lorena, oportunidade que leu a mensagem do Poder Executivo. A sess\u00e3o contou com a presen\u00e7a de todos os vereadores e foi bastante prestigiada pela popula\u00e7\u00e3o monteirense. Confira abaixo a mensagem do Poder Executivo Monteirense: Excelent\u00edssimo senhor presidente da C\u00e2mara Municipal de Monteiro, Vereador Caj\u00f3 Menezes, Senhores componentes da Mesa Diretora. Demais Parlamentares, servidores, Meus senhores e minhas senhoras Fui designado pela Excelent\u00edssima prefeita Ana Lorena para representar o Poder Executivo nesta sess\u00e3o de abertura do trabalho legislativo do ano de 2019, por ser imposs\u00edvel a sua presen\u00e7a, por motivo de viagem a servi\u00e7o do nosso munic\u00edpio. Esta designa\u00e7\u00e3o estou cumprindo com muita honra neste momento, desejando inicialmente saudar os integrantes da Casa Jos\u00e9 Ferreira Tom\u00e9, que t\u00eam prestado inestim\u00e1vel contribui\u00e7\u00e3o ao desenvolvimento de Monteiro e, de forma especial, \u00e0 nossa administra\u00e7\u00e3o. A parceria e o bom relacionamento dos poderes executivo e legislativo s\u00e3o importantes e fundamentais para que possamos realizar as a\u00e7\u00f5es e resolver as demandas que surgem no dia a dia da comunidade. Por isso renovamos o nosso sincero agradecimento pelo apoio, renovando a confian\u00e7a que continuaremos a merecer o valioso apoio de Vossas Excel\u00eancias. Durante a primeira metade deste mandato \u00e0 frente do governo municipal conseguimos realizar diversas e importantes obras e a\u00e7\u00f5es. Atualmente muitos servi\u00e7os est\u00e3o sendo executados e para o futuro novas obras est\u00e3o programadas. Com F\u00e9 em Deus, com apoio desta casa legislativa, com a participa\u00e7\u00e3o dos nossos parceiros\u00a0 e da nossa representa\u00e7\u00e3o pol\u00edtica e a confian\u00e7a do povo, com certeza conseguiremos realizar os nossos projetos, construindo uma cidade cada vez melhor. Conclu\u00edmos a nossa mensagem desejando a todos um bom trabalho durante o ano, renovando o nosso compromisso de que juntos n\u00e3o mediremos esfor\u00e7os para continuar edificando um futuro grandioso para a nossa terra, fazendo de Monteiro uma cidade cada vez melhor.\" \/>\n<meta property=\"og:url\" content=\"https:\/\/noticiasemdestaque.com\/cd\/?p=15419\" \/>\n<meta property=\"og:site_name\" content=\"Not&iacute;cias em Destaque\" \/>\n<meta property=\"article:published_time\" content=\"2019-02-09T18:37:48+00:00\" \/>\n<meta property=\"og:image\" content=\"https:\/\/noticiasemdestaque.com\/cd\/wp-content\/uploads\/2019\/02\/Abertura-do-legislativo-20197.jpeg\" \/>\n\t<meta property=\"og:image:width\" content=\"1280\" \/>\n\t<meta property=\"og:image:height\" content=\"853\" \/>\n\t<meta property=\"og:image:type\" content=\"image\/jpeg\" \/>\n<meta name=\"author\" content=\"Not\u00edcias em Destaque\" \/>\n<meta name=\"twitter:card\" content=\"summary_large_image\" \/>\n<meta name=\"twitter:label1\" content=\"Escrito por\" \/>\n\t<meta name=\"twitter:data1\" content=\"Not\u00edcias em Destaque\" \/>\n\t<meta name=\"twitter:label2\" content=\"Est. tempo de leitura\" \/>\n\t<meta name=\"twitter:data2\" content=\"2 minutos\" \/>\n<script type=\"application\/ld+json\" class=\"yoast-schema-graph\">{\"@context\":\"https:\/\/schema.org\",\"@graph\":[{\"@type\":\"Article\",\"@id\":\"https:\/\/noticiasemdestaque.com\/cd\/?p=15419#article\",\"isPartOf\":{\"@id\":\"https:\/\/noticiasemdestaque.com\/cd\/?p=15419\"},\"author\":{\"name\":\"Not\u00edcias em Destaque\",\"@id\":\"https:\/\/noticiasemdestaque.com\/cd\/#\/schema\/person\/47f7d4f55eec17c6b2ca036c5500f6ce\"},\"headline\":\"Vice-prefeito representa executivo municipal na abertura dos trabalhos legislativos de Monteiro\",\"datePublished\":\"2019-02-09T18:37:48+00:00\",\"mainEntityOfPage\":{\"@id\":\"https:\/\/noticiasemdestaque.com\/cd\/?p=15419\"},\"wordCount\":423,\"publisher\":{\"@id\":\"https:\/\/noticiasemdestaque.com\/cd\/#organization\"},\"image\":{\"@id\":\"https:\/\/noticiasemdestaque.com\/cd\/?p=15419#primaryimage\"},\"thumbnailUrl\":\"https:\/\/noticiasemdestaque.com\/cd\/wp-content\/uploads\/2019\/02\/Abertura-do-legislativo-20197.jpeg\",\"articleSection\":[\"Pol\u00edtica\"],\"inLanguage\":\"pt-BR\"},{\"@type\":\"WebPage\",\"@id\":\"https:\/\/noticiasemdestaque.com\/cd\/?p=15419\",\"url\":\"https:\/\/noticiasemdestaque.com\/cd\/?p=15419\",\"name\":\"Vice-prefeito representa executivo municipal na abertura dos trabalhos legislativos de Monteiro - Not&iacute;cias em Destaque\",\"isPartOf\":{\"@id\":\"https:\/\/noticiasemdestaque.com\/cd\/#website\"},\"primaryImageOfPage\":{\"@id\":\"https:\/\/noticiasemdestaque.com\/cd\/?p=15419#primaryimage\"},\"image\":{\"@id\":\"https:\/\/noticiasemdestaque.com\/cd\/?p=15419#primaryimage\"},\"thumbnailUrl\":\"https:\/\/noticiasemdestaque.com\/cd\/wp-content\/uploads\/2019\/02\/Abertura-do-legislativo-20197.jpeg\",\"datePublished\":\"2019-02-09T18:37:48+00:00\",\"breadcrumb\":{\"@id\":\"https:\/\/noticiasemdestaque.com\/cd\/?p=15419#breadcrumb\"},\"inLanguage\":\"pt-BR\",\"potentialAction\":[{\"@type\":\"ReadAction\",\"target\":[\"https:\/\/noticiasemdestaque.com\/cd\/?p=15419\"]}]},{\"@type\":\"ImageObject\",\"inLanguage\":\"pt-BR\",\"@id\":\"https:\/\/noticiasemdestaque.com\/cd\/?p=15419#primaryimage\",\"url\":\"https:\/\/noticiasemdestaque.com\/cd\/wp-content\/uploads\/2019\/02\/Abertura-do-legislativo-20197.jpeg\",\"contentUrl\":\"https:\/\/noticiasemdestaque.com\/cd\/wp-content\/uploads\/2019\/02\/Abertura-do-legislativo-20197.jpeg\",\"width\":1280,\"height\":853},{\"@type\":\"BreadcrumbList\",\"@id\":\"https:\/\/noticiasemdestaque.com\/cd\/?p=15419#breadcrumb\",\"itemListElement\":[{\"@type\":\"ListItem\",\"position\":1,\"name\":\"In\u00edcio\",\"item\":\"https:\/\/noticiasemdestaque.com\/cd\/\"},{\"@type\":\"ListItem\",\"position\":2,\"name\":\"Vice-prefeito representa executivo municipal na abertura dos trabalhos legislativos de Monteiro\"}]},{\"@type\":\"WebSite\",\"@id\":\"https:\/\/noticiasemdestaque.com\/cd\/#website\",\"url\":\"https:\/\/noticiasemdestaque.com\/cd\/\",\"name\":\"Not&iacute;cias em Destaque\",\"description\":\"\",\"publisher\":{\"@id\":\"https:\/\/noticiasemdestaque.com\/cd\/#organization\"},\"potentialAction\":[{\"@type\":\"SearchAction\",\"target\":{\"@type\":\"EntryPoint\",\"urlTemplate\":\"https:\/\/noticiasemdestaque.com\/cd\/?s={search_term_string}\"},\"query-input\":{\"@type\":\"PropertyValueSpecification\",\"valueRequired\":true,\"valueName\":\"search_term_string\"}}],\"inLanguage\":\"pt-BR\"},{\"@type\":\"Organization\",\"@id\":\"https:\/\/noticiasemdestaque.com\/cd\/#organization\",\"name\":\"Not\u00edcias em Destaque\",\"url\":\"https:\/\/noticiasemdestaque.com\/cd\/\",\"logo\":{\"@type\":\"ImageObject\",\"inLanguage\":\"pt-BR\",\"@id\":\"https:\/\/noticiasemdestaque.com\/cd\/#\/schema\/logo\/image\/\",\"url\":\"https:\/\/noticiasemdestaque.com\/cd\/wp-content\/uploads\/2022\/05\/imagem-base-noticiasemdestaque.png\",\"contentUrl\":\"https:\/\/noticiasemdestaque.com\/cd\/wp-content\/uploads\/2022\/05\/imagem-base-noticiasemdestaque.png\",\"width\":1200,\"height\":630,\"caption\":\"Not\u00edcias em Destaque\"},\"image\":{\"@id\":\"https:\/\/noticiasemdestaque.com\/cd\/#\/schema\/logo\/image\/\"}},{\"@type\":\"Person\",\"@id\":\"https:\/\/noticiasemdestaque.com\/cd\/#\/schema\/person\/47f7d4f55eec17c6b2ca036c5500f6ce\",\"name\":\"Not\u00edcias em Destaque\",\"url\":\"https:\/\/noticiasemdestaque.com\/cd\/?author=2\"}]}<\/script>\n<!-- \/ Yoast SEO plugin. -->","yoast_head_json":{"title":"Vice-prefeito representa executivo municipal na abertura dos trabalhos legislativos de Monteiro - Not&iacute;cias em Destaque","robots":{"index":"index","follow":"follow","max-snippet":"max-snippet:-1","max-image-preview":"max-image-preview:large","max-video-preview":"max-video-preview:-1"},"canonical":"https:\/\/noticiasemdestaque.com\/cd\/?p=15419","og_locale":"pt_BR","og_type":"article","og_title":"Vice-prefeito representa executivo municipal na abertura dos trabalhos legislativos de Monteiro - Not&iacute;cias em Destaque","og_description":"Coube ao vice-prefeito Celecileno Alves representar o Poder Executivo municipal na sess\u00e3o de abertura dos trabalhos legislativos de 2019 da C\u00e2mara de Vereadores de Monteiro, em virtude da prefeita Anna Lorena estar participando do semin\u00e1rio Educar Pra Valer, na cidade de Sobral, estado do Cear\u00e1. A sess\u00e3o de abertura do primeiro per\u00edodo legislativo de 2019 da C\u00e2mara Municipal de Monteiro foi presidida pelo vereador Caj\u00f3 Menezes e aconteceu na noite desta quinta-feira, 7. Presente na sess\u00e3o, o vice-prefeito representou a prefeita Anna Lorena, oportunidade que leu a mensagem do Poder Executivo. A sess\u00e3o contou com a presen\u00e7a de todos os vereadores e foi bastante prestigiada pela popula\u00e7\u00e3o monteirense. Confira abaixo a mensagem do Poder Executivo Monteirense: Excelent\u00edssimo senhor presidente da C\u00e2mara Municipal de Monteiro, Vereador Caj\u00f3 Menezes, Senhores componentes da Mesa Diretora. Demais Parlamentares, servidores, Meus senhores e minhas senhoras Fui designado pela Excelent\u00edssima prefeita Ana Lorena para representar o Poder Executivo nesta sess\u00e3o de abertura do trabalho legislativo do ano de 2019, por ser imposs\u00edvel a sua presen\u00e7a, por motivo de viagem a servi\u00e7o do nosso munic\u00edpio. Esta designa\u00e7\u00e3o estou cumprindo com muita honra neste momento, desejando inicialmente saudar os integrantes da Casa Jos\u00e9 Ferreira Tom\u00e9, que t\u00eam prestado inestim\u00e1vel contribui\u00e7\u00e3o ao desenvolvimento de Monteiro e, de forma especial, \u00e0 nossa administra\u00e7\u00e3o. A parceria e o bom relacionamento dos poderes executivo e legislativo s\u00e3o importantes e fundamentais para que possamos realizar as a\u00e7\u00f5es e resolver as demandas que surgem no dia a dia da comunidade. Por isso renovamos o nosso sincero agradecimento pelo apoio, renovando a confian\u00e7a que continuaremos a merecer o valioso apoio de Vossas Excel\u00eancias. Durante a primeira metade deste mandato \u00e0 frente do governo municipal conseguimos realizar diversas e importantes obras e a\u00e7\u00f5es. Atualmente muitos servi\u00e7os est\u00e3o sendo executados e para o futuro novas obras est\u00e3o programadas. Com F\u00e9 em Deus, com apoio desta casa legislativa, com a participa\u00e7\u00e3o dos nossos parceiros\u00a0 e da nossa representa\u00e7\u00e3o pol\u00edtica e a confian\u00e7a do povo, com certeza conseguiremos realizar os nossos projetos, construindo uma cidade cada vez melhor. Conclu\u00edmos a nossa mensagem desejando a todos um bom trabalho durante o ano, renovando o nosso compromisso de que juntos n\u00e3o mediremos esfor\u00e7os para continuar edificando um futuro grandioso para a nossa terra, fazendo de Monteiro uma cidade cada vez melhor.","og_url":"https:\/\/noticiasemdestaque.com\/cd\/?p=15419","og_site_name":"Not&iacute;cias em Destaque","article_published_time":"2019-02-09T18:37:48+00:00","og_image":[{"width":1280,"height":853,"url":"https:\/\/noticiasemdestaque.com\/cd\/wp-content\/uploads\/2019\/02\/Abertura-do-legislativo-20197.jpeg","type":"image\/jpeg"}],"author":"Not\u00edcias em Destaque","twitter_card":"summary_large_image","twitter_misc":{"Escrito por":"Not\u00edcias em Destaque","Est. tempo de leitura":"2 minutos"},"schema":{"@context":"https:\/\/schema.org","@graph":[{"@type":"Article","@id":"https:\/\/noticiasemdestaque.com\/cd\/?p=15419#article","isPartOf":{"@id":"https:\/\/noticiasemdestaque.com\/cd\/?p=15419"},"author":{"name":"Not\u00edcias em Destaque","@id":"https:\/\/noticiasemdestaque.com\/cd\/#\/schema\/person\/47f7d4f55eec17c6b2ca036c5500f6ce"},"headline":"Vice-prefeito representa executivo municipal na abertura dos trabalhos legislativos de Monteiro","datePublished":"2019-02-09T18:37:48+00:00","mainEntityOfPage":{"@id":"https:\/\/noticiasemdestaque.com\/cd\/?p=15419"},"wordCount":423,"publisher":{"@id":"https:\/\/noticiasemdestaque.com\/cd\/#organization"},"image":{"@id":"https:\/\/noticiasemdestaque.com\/cd\/?p=15419#primaryimage"},"thumbnailUrl":"https:\/\/noticiasemdestaque.com\/cd\/wp-content\/uploads\/2019\/02\/Abertura-do-legislativo-20197.jpeg","articleSection":["Pol\u00edtica"],"inLanguage":"pt-BR"},{"@type":"WebPage","@id":"https:\/\/noticiasemdestaque.com\/cd\/?p=15419","url":"https:\/\/noticiasemdestaque.com\/cd\/?p=15419","name":"Vice-prefeito representa executivo municipal na abertura dos trabalhos legislativos de Monteiro - Not&iacute;cias em Destaque","isPartOf":{"@id":"https:\/\/noticiasemdestaque.com\/cd\/#website"},"primaryImageOfPage":{"@id":"https:\/\/noticiasemdestaque.com\/cd\/?p=15419#primaryimage"},"image":{"@id":"https:\/\/noticiasemdestaque.com\/cd\/?p=15419#primaryimage"},"thumbnailUrl":"https:\/\/noticiasemdestaque.com\/cd\/wp-content\/uploads\/2019\/02\/Abertura-do-legislativo-20197.jpeg","datePublished":"2019-02-09T18:37:48+00:00","breadcrumb":{"@id":"https:\/\/noticiasemdestaque.com\/cd\/?p=15419#breadcrumb"},"inLanguage":"pt-BR","potentialAction":[{"@type":"ReadAction","target":["https:\/\/noticiasemdestaque.com\/cd\/?p=15419"]}]},{"@type":"ImageObject","inLanguage":"pt-BR","@id":"https:\/\/noticiasemdestaque.com\/cd\/?p=15419#primaryimage","url":"https:\/\/noticiasemdestaque.com\/cd\/wp-content\/uploads\/2019\/02\/Abertura-do-legislativo-20197.jpeg","contentUrl":"https:\/\/noticiasemdestaque.com\/cd\/wp-content\/uploads\/2019\/02\/Abertura-do-legislativo-20197.jpeg","width":1280,"height":853},{"@type":"BreadcrumbList","@id":"https:\/\/noticiasemdestaque.com\/cd\/?p=15419#breadcrumb","itemListElement":[{"@type":"ListItem","position":1,"name":"In\u00edcio","item":"https:\/\/noticiasemdestaque.com\/cd\/"},{"@type":"ListItem","position":2,"name":"Vice-prefeito representa executivo municipal na abertura dos trabalhos legislativos de Monteiro"}]},{"@type":"WebSite","@id":"https:\/\/noticiasemdestaque.com\/cd\/#website","url":"https:\/\/noticiasemdestaque.com\/cd\/","name":"Not&iacute;cias em Destaque","description":"","publisher":{"@id":"https:\/\/noticiasemdestaque.com\/cd\/#organization"},"potentialAction":[{"@type":"SearchAction","target":{"@type":"EntryPoint","urlTemplate":"https:\/\/noticiasemdestaque.com\/cd\/?s={search_term_string}"},"query-input":{"@type":"PropertyValueSpecification","valueRequired":true,"valueName":"search_term_string"}}],"inLanguage":"pt-BR"},{"@type":"Organization","@id":"https:\/\/noticiasemdestaque.com\/cd\/#organization","name":"Not\u00edcias em Destaque","url":"https:\/\/noticiasemdestaque.com\/cd\/","logo":{"@type":"ImageObject","inLanguage":"pt-BR","@id":"https:\/\/noticiasemdestaque.com\/cd\/#\/schema\/logo\/image\/","url":"https:\/\/noticiasemdestaque.com\/cd\/wp-content\/uploads\/2022\/05\/imagem-base-noticiasemdestaque.png","contentUrl":"https:\/\/noticiasemdestaque.com\/cd\/wp-content\/uploads\/2022\/05\/imagem-base-noticiasemdestaque.png","width":1200,"height":630,"caption":"Not\u00edcias em Destaque"},"image":{"@id":"https:\/\/noticiasemdestaque.com\/cd\/#\/schema\/logo\/image\/"}},{"@type":"Person","@id":"https:\/\/noticiasemdestaque.com\/cd\/#\/schema\/person\/47f7d4f55eec17c6b2ca036c5500f6ce","name":"Not\u00edcias em Destaque","url":"https:\/\/noticiasemdestaque.com\/cd\/?author=2"}]}},"jetpack_featured_media_url":"https:\/\/noticiasemdestaque.com\/cd\/wp-content\/uploads\/2019\/02\/Abertura-do-legislativo-20197.jpeg","jetpack_sharing_enabled":true,"_links":{"self":[{"href":"https:\/\/noticiasemdestaque.com\/cd\/index.php?rest_route=\/wp\/v2\/posts\/15419","targetHints":{"allow":["GET"]}}],"collection":[{"href":"https:\/\/noticiasemdestaque.com\/cd\/index.php?rest_route=\/wp\/v2\/posts"}],"about":[{"href":"https:\/\/noticiasemdestaque.com\/cd\/index.php?rest_route=\/wp\/v2\/types\/post"}],"author":[{"embeddable":true,"href":"https:\/\/noticiasemdestaque.com\/cd\/index.php?rest_route=\/wp\/v2\/users\/2"}],"replies":[{"embeddable":true,"href":"https:\/\/noticiasemdestaque.com\/cd\/index.php?rest_route=%2Fwp%2Fv2%2Fcomments&post=15419"}],"version-history":[{"count":1,"href":"https:\/\/noticiasemdestaque.com\/cd\/index.php?rest_route=\/wp\/v2\/posts\/15419\/revisions"}],"predecessor-version":[{"id":15421,"href":"https:\/\/noticiasemdestaque.com\/cd\/index.php?rest_route=\/wp\/v2\/posts\/15419\/revisions\/15421"}],"wp:featuredmedia":[{"embeddable":true,"href":"https:\/\/noticiasemdestaque.com\/cd\/index.php?rest_route=\/wp\/v2\/media\/15420"}],"wp:attachment":[{"href":"https:\/\/noticiasemdestaque.com\/cd\/index.php?rest_route=%2Fwp%2Fv2%2Fmedia&parent=15419"}],"wp:term":[{"taxonomy":"category","embeddable":true,"href":"https:\/\/noticiasemdestaque.com\/cd\/index.php?rest_route=%2Fwp%2Fv2%2Fcategories&post=15419"},{"taxonomy":"post_tag","embeddable":true,"href":"https:\/\/noticiasemdestaque.com\/cd\/index.php?rest_route=%2Fwp%2Fv2%2Ftags&post=15419"}],"curies":[{"name":"wp","href":"https:\/\/api.w.org\/{rel}","templated":true}]}}