{"id":15416,"date":"2019-02-09T15:32:46","date_gmt":"2019-02-09T18:32:46","guid":{"rendered":"http:\/\/noticiasemdestaque.com\/cd\/?p=15416"},"modified":"2019-02-09T15:32:46","modified_gmt":"2019-02-09T18:32:46","slug":"prefeitura-municipal-de-amparo-lanca-oficialmente-programa-municipal-de-aracao-de-terras-2019","status":"publish","type":"post","link":"https:\/\/noticiasemdestaque.com\/cd\/?p=15416","title":{"rendered":"Prefeitura Municipal de Amparo Lan\u00e7a Oficialmente Programa Municipal de Ara\u00e7\u00e3o de Terras 2019"},"content":{"rendered":"<p><a href=\"https:\/\/noticiasemdestaque.com\/cd\/wp-content\/uploads\/2019\/02\/51575896_744828982583702_155014921719906304_n.jpg\"><img fetchpriority=\"high\" decoding=\"async\" class=\"wp-image-15417 aligncenter\" src=\"https:\/\/noticiasemdestaque.com\/cd\/wp-content\/uploads\/2019\/02\/51575896_744828982583702_155014921719906304_n.jpg\" alt=\"\" width=\"506\" height=\"380\" srcset=\"https:\/\/noticiasemdestaque.com\/cd\/wp-content\/uploads\/2019\/02\/51575896_744828982583702_155014921719906304_n.jpg 960w, https:\/\/noticiasemdestaque.com\/cd\/wp-content\/uploads\/2019\/02\/51575896_744828982583702_155014921719906304_n-300x226.jpg 300w, https:\/\/noticiasemdestaque.com\/cd\/wp-content\/uploads\/2019\/02\/51575896_744828982583702_155014921719906304_n-768x578.jpg 768w, https:\/\/noticiasemdestaque.com\/cd\/wp-content\/uploads\/2019\/02\/51575896_744828982583702_155014921719906304_n-640x480.jpg 640w\" sizes=\"(max-width: 506px) 100vw, 506px\" \/><\/a><\/p>\n<p>A Prefeitura de Amparo atrav\u00e9s da Secretaria Municipal de Agricultura e Abastecimento divulgou o cronograma de agendamento para Ara\u00e7\u00e3o de Terras em 2019, esse agendamento acontece especificamente nas comunidades rurais, atendendo solicita\u00e7\u00e3o dos pr\u00f3prios agricultores que por vezes deixam seus afazeres e t\u00eam que se deslocar at\u00e9 a sede do munic\u00edpio.<\/p>\n<p>O lan\u00e7amento do programa municipal\u00a0<span class=\"text_exposed_show\">e divulga\u00e7\u00e3o do cronograma de agendamento foi feito oficialmente pelo prefeito In\u00e1cio N\u00f3brega, no Programa Radiof\u00f4nico &#8211; Sua Vez, Sua Voz &#8211; Programa Institucional da Prefeitura de Amparo que vai ao ar semanalmente das 12:00 \u00e0s 13:00 na R\u00e1dio 95.7FM &#8211; Sum\u00e9.<br \/>\n<\/span><\/p>\n<p><span class=\"text_exposed_show\">Nossa equipe ir\u00e1 trabalhar em duas frentes por turno para que com isso possamos dar mais agilidade no agendamento &#8211; disse o secret\u00e1rio Paulo Henrique Soares.<\/span><\/p>\n<div class=\"text_exposed_show\">\n<p>Confira o Cronograma:<br \/>\nDia 12.02 \u2013 Ter\u00e7a-feira:<br \/>\nComunidades: Assentamento Mata, Nanico, Pelel\u00ea e Ros\u00e1rio;<br \/>\nLocal: Escola do Assentamento Mata;<br \/>\nHor\u00e1rio: 09h00min.<\/p>\n<p>Dia 12.02 \u2013 Ter\u00e7a-feira:<br \/>\nComunidades: Salgadinho, Serrote Agudo e Amparinho;<br \/>\nLocal: Escola do Salgadinho;<br \/>\nHor\u00e1rio: 09h00min.<\/p>\n<p>Dia 13.02 \u2013 Quarta-feira:<br \/>\nComunidades: Olho D\u2019\u00e1gua, Cruz da Mo\u00e7a e Pau Leite;<br \/>\nLocal: Escola do Olho D\u2019\u00e1gua;<br \/>\nHor\u00e1rio: 09h00min.<\/p>\n<p>Dia 13.02 \u2013 Quarta-feira:<br \/>\nComunidades: Amaro I e II, Jatob\u00e1, Lagoa do Meio e Genuino;<br \/>\nLocal: Escola da Lagoa do Meio;<br \/>\nHor\u00e1rio: 09h00min.<\/p>\n<p>Dia 14.02 \u2013 Quinta-feira:<br \/>\nComunidades: Malhada da Quixaba e Po\u00e7o do Boi;<br \/>\nLocal: Sal\u00e3o de Genilton;<br \/>\nHor\u00e1rio: 09h00min.<\/p>\n<p>Dia 14.02 \u2013 Quinta-feira:<br \/>\nComunidades: Zona Urbana e Pedra da Bicha;<br \/>\nLocal: Secretaria de Agricultura;<br \/>\nHor\u00e1rio: 09h00min.<\/p>\n<p>Com Ascom<\/p>\n<\/div>\n","protected":false},"excerpt":{"rendered":"<p>A Prefeitura de Amparo atrav\u00e9s da Secretaria Municipal de Agricultura e Abastecimento divulgou o cronograma de agendamento para Ara\u00e7\u00e3o de Terras em 2019, esse agendamento acontece especificamente nas comunidades rurais, atendendo solicita\u00e7\u00e3o dos pr\u00f3prios agricultores que por vezes deixam seus afazeres e t\u00eam que se deslocar at\u00e9 a sede do munic\u00edpio. O lan\u00e7amento do programa municipal\u00a0e divulga\u00e7\u00e3o do cronograma de agendamento foi feito oficialmente pelo prefeito In\u00e1cio N\u00f3brega, no Programa Radiof\u00f4nico &#8211; Sua Vez, Sua Voz &#8211; Programa Institucional da Prefeitura de Amparo que vai ao ar semanalmente das 12:00 \u00e0s 13:00 na R\u00e1dio 95.7FM &#8211; Sum\u00e9. Nossa equipe ir\u00e1 trabalhar em duas frentes por turno para que com isso possamos dar mais agilidade no agendamento &#8211; disse o secret\u00e1rio Paulo Henrique Soares. Confira o Cronograma: Dia 12.02 \u2013 Ter\u00e7a-feira: Comunidades: Assentamento Mata, Nanico, Pelel\u00ea e Ros\u00e1rio; Local: Escola do Assentamento Mata; Hor\u00e1rio: 09h00min. Dia 12.02 \u2013 Ter\u00e7a-feira: Comunidades: Salgadinho, Serrote Agudo e Amparinho; Local: Escola do Salgadinho; Hor\u00e1rio: 09h00min. Dia 13.02 \u2013 Quarta-feira: Comunidades: Olho D\u2019\u00e1gua, Cruz da Mo\u00e7a e Pau Leite; Local: Escola do Olho D\u2019\u00e1gua; Hor\u00e1rio: 09h00min. Dia 13.02 \u2013 Quarta-feira: Comunidades: Amaro I e II, Jatob\u00e1, Lagoa do Meio e Genuino; Local: Escola da Lagoa do Meio; Hor\u00e1rio: 09h00min. Dia 14.02 \u2013 Quinta-feira: Comunidades: Malhada da Quixaba e Po\u00e7o do Boi; Local: Sal\u00e3o de Genilton; Hor\u00e1rio: 09h00min. Dia 14.02 \u2013 Quinta-feira: Comunidades: Zona Urbana e Pedra da Bicha; Local: Secretaria de Agricultura; Hor\u00e1rio: 09h00min. Com Ascom<\/p>\n","protected":false},"author":2,"featured_media":15417,"comment_status":"closed","ping_status":"open","sticky":false,"template":"","format":"standard","meta":{"_eb_attr":"","_jetpack_memberships_contains_paid_content":false,"footnotes":""},"categories":[3],"tags":[],"class_list":["post-15416","post","type-post","status-publish","format-standard","has-post-thumbnail","hentry","category-cidades"],"yoast_head":"<!-- This site is optimized with the Yoast SEO plugin v26.5 - https:\/\/yoast.com\/wordpress\/plugins\/seo\/ -->\n<title>Prefeitura Municipal de Amparo Lan\u00e7a Oficialmente Programa Municipal de Ara\u00e7\u00e3o de Terras 2019 - Not&iacute;cias em Destaque<\/title>\n<meta name=\"robots\" content=\"index, follow, max-snippet:-1, max-image-preview:large, max-video-preview:-1\" \/>\n<link rel=\"canonical\" href=\"https:\/\/noticiasemdestaque.com\/cd\/?p=15416\" \/>\n<meta property=\"og:locale\" content=\"pt_BR\" \/>\n<meta property=\"og:type\" content=\"article\" \/>\n<meta property=\"og:title\" content=\"Prefeitura Municipal de Amparo Lan\u00e7a Oficialmente Programa Municipal de Ara\u00e7\u00e3o de Terras 2019 - Not&iacute;cias em Destaque\" \/>\n<meta property=\"og:description\" content=\"A Prefeitura de Amparo atrav\u00e9s da Secretaria Municipal de Agricultura e Abastecimento divulgou o cronograma de agendamento para Ara\u00e7\u00e3o de Terras em 2019, esse agendamento acontece especificamente nas comunidades rurais, atendendo solicita\u00e7\u00e3o dos pr\u00f3prios agricultores que por vezes deixam seus afazeres e t\u00eam que se deslocar at\u00e9 a sede do munic\u00edpio. O lan\u00e7amento do programa municipal\u00a0e divulga\u00e7\u00e3o do cronograma de agendamento foi feito oficialmente pelo prefeito In\u00e1cio N\u00f3brega, no Programa Radiof\u00f4nico &#8211; Sua Vez, Sua Voz &#8211; Programa Institucional da Prefeitura de Amparo que vai ao ar semanalmente das 12:00 \u00e0s 13:00 na R\u00e1dio 95.7FM &#8211; Sum\u00e9. Nossa equipe ir\u00e1 trabalhar em duas frentes por turno para que com isso possamos dar mais agilidade no agendamento &#8211; disse o secret\u00e1rio Paulo Henrique Soares. Confira o Cronograma: Dia 12.02 \u2013 Ter\u00e7a-feira: Comunidades: Assentamento Mata, Nanico, Pelel\u00ea e Ros\u00e1rio; Local: Escola do Assentamento Mata; Hor\u00e1rio: 09h00min. Dia 12.02 \u2013 Ter\u00e7a-feira: Comunidades: Salgadinho, Serrote Agudo e Amparinho; Local: Escola do Salgadinho; Hor\u00e1rio: 09h00min. Dia 13.02 \u2013 Quarta-feira: Comunidades: Olho D\u2019\u00e1gua, Cruz da Mo\u00e7a e Pau Leite; Local: Escola do Olho D\u2019\u00e1gua; Hor\u00e1rio: 09h00min. Dia 13.02 \u2013 Quarta-feira: Comunidades: Amaro I e II, Jatob\u00e1, Lagoa do Meio e Genuino; Local: Escola da Lagoa do Meio; Hor\u00e1rio: 09h00min. Dia 14.02 \u2013 Quinta-feira: Comunidades: Malhada da Quixaba e Po\u00e7o do Boi; Local: Sal\u00e3o de Genilton; Hor\u00e1rio: 09h00min. Dia 14.02 \u2013 Quinta-feira: Comunidades: Zona Urbana e Pedra da Bicha; Local: Secretaria de Agricultura; Hor\u00e1rio: 09h00min. Com Ascom\" \/>\n<meta property=\"og:url\" content=\"https:\/\/noticiasemdestaque.com\/cd\/?p=15416\" \/>\n<meta property=\"og:site_name\" content=\"Not&iacute;cias em Destaque\" \/>\n<meta property=\"article:published_time\" content=\"2019-02-09T18:32:46+00:00\" \/>\n<meta property=\"og:image\" content=\"https:\/\/noticiasemdestaque.com\/cd\/wp-content\/uploads\/2019\/02\/51575896_744828982583702_155014921719906304_n.jpg\" \/>\n\t<meta property=\"og:image:width\" content=\"960\" \/>\n\t<meta property=\"og:image:height\" content=\"722\" \/>\n\t<meta property=\"og:image:type\" content=\"image\/jpeg\" \/>\n<meta name=\"author\" content=\"Not\u00edcias em Destaque\" \/>\n<meta name=\"twitter:card\" content=\"summary_large_image\" \/>\n<meta name=\"twitter:label1\" content=\"Escrito por\" \/>\n\t<meta name=\"twitter:data1\" content=\"Not\u00edcias em Destaque\" \/>\n\t<meta name=\"twitter:label2\" content=\"Est. tempo de leitura\" \/>\n\t<meta name=\"twitter:data2\" content=\"1 minuto\" \/>\n<script type=\"application\/ld+json\" class=\"yoast-schema-graph\">{\"@context\":\"https:\/\/schema.org\",\"@graph\":[{\"@type\":\"Article\",\"@id\":\"https:\/\/noticiasemdestaque.com\/cd\/?p=15416#article\",\"isPartOf\":{\"@id\":\"https:\/\/noticiasemdestaque.com\/cd\/?p=15416\"},\"author\":{\"name\":\"Not\u00edcias em Destaque\",\"@id\":\"https:\/\/noticiasemdestaque.com\/cd\/#\/schema\/person\/47f7d4f55eec17c6b2ca036c5500f6ce\"},\"headline\":\"Prefeitura Municipal de Amparo Lan\u00e7a Oficialmente Programa Municipal de Ara\u00e7\u00e3o de Terras 2019\",\"datePublished\":\"2019-02-09T18:32:46+00:00\",\"mainEntityOfPage\":{\"@id\":\"https:\/\/noticiasemdestaque.com\/cd\/?p=15416\"},\"wordCount\":273,\"publisher\":{\"@id\":\"https:\/\/noticiasemdestaque.com\/cd\/#organization\"},\"image\":{\"@id\":\"https:\/\/noticiasemdestaque.com\/cd\/?p=15416#primaryimage\"},\"thumbnailUrl\":\"https:\/\/noticiasemdestaque.com\/cd\/wp-content\/uploads\/2019\/02\/51575896_744828982583702_155014921719906304_n.jpg\",\"articleSection\":[\"Cidades\"],\"inLanguage\":\"pt-BR\"},{\"@type\":\"WebPage\",\"@id\":\"https:\/\/noticiasemdestaque.com\/cd\/?p=15416\",\"url\":\"https:\/\/noticiasemdestaque.com\/cd\/?p=15416\",\"name\":\"Prefeitura Municipal de Amparo Lan\u00e7a Oficialmente Programa Municipal de Ara\u00e7\u00e3o de Terras 2019 - Not&iacute;cias em Destaque\",\"isPartOf\":{\"@id\":\"https:\/\/noticiasemdestaque.com\/cd\/#website\"},\"primaryImageOfPage\":{\"@id\":\"https:\/\/noticiasemdestaque.com\/cd\/?p=15416#primaryimage\"},\"image\":{\"@id\":\"https:\/\/noticiasemdestaque.com\/cd\/?p=15416#primaryimage\"},\"thumbnailUrl\":\"https:\/\/noticiasemdestaque.com\/cd\/wp-content\/uploads\/2019\/02\/51575896_744828982583702_155014921719906304_n.jpg\",\"datePublished\":\"2019-02-09T18:32:46+00:00\",\"breadcrumb\":{\"@id\":\"https:\/\/noticiasemdestaque.com\/cd\/?p=15416#breadcrumb\"},\"inLanguage\":\"pt-BR\",\"potentialAction\":[{\"@type\":\"ReadAction\",\"target\":[\"https:\/\/noticiasemdestaque.com\/cd\/?p=15416\"]}]},{\"@type\":\"ImageObject\",\"inLanguage\":\"pt-BR\",\"@id\":\"https:\/\/noticiasemdestaque.com\/cd\/?p=15416#primaryimage\",\"url\":\"https:\/\/noticiasemdestaque.com\/cd\/wp-content\/uploads\/2019\/02\/51575896_744828982583702_155014921719906304_n.jpg\",\"contentUrl\":\"https:\/\/noticiasemdestaque.com\/cd\/wp-content\/uploads\/2019\/02\/51575896_744828982583702_155014921719906304_n.jpg\",\"width\":960,\"height\":722},{\"@type\":\"BreadcrumbList\",\"@id\":\"https:\/\/noticiasemdestaque.com\/cd\/?p=15416#breadcrumb\",\"itemListElement\":[{\"@type\":\"ListItem\",\"position\":1,\"name\":\"In\u00edcio\",\"item\":\"https:\/\/noticiasemdestaque.com\/cd\/\"},{\"@type\":\"ListItem\",\"position\":2,\"name\":\"Prefeitura Municipal de Amparo Lan\u00e7a Oficialmente Programa Municipal de Ara\u00e7\u00e3o de Terras 2019\"}]},{\"@type\":\"WebSite\",\"@id\":\"https:\/\/noticiasemdestaque.com\/cd\/#website\",\"url\":\"https:\/\/noticiasemdestaque.com\/cd\/\",\"name\":\"Not&iacute;cias em Destaque\",\"description\":\"\",\"publisher\":{\"@id\":\"https:\/\/noticiasemdestaque.com\/cd\/#organization\"},\"potentialAction\":[{\"@type\":\"SearchAction\",\"target\":{\"@type\":\"EntryPoint\",\"urlTemplate\":\"https:\/\/noticiasemdestaque.com\/cd\/?s={search_term_string}\"},\"query-input\":{\"@type\":\"PropertyValueSpecification\",\"valueRequired\":true,\"valueName\":\"search_term_string\"}}],\"inLanguage\":\"pt-BR\"},{\"@type\":\"Organization\",\"@id\":\"https:\/\/noticiasemdestaque.com\/cd\/#organization\",\"name\":\"Not\u00edcias em Destaque\",\"url\":\"https:\/\/noticiasemdestaque.com\/cd\/\",\"logo\":{\"@type\":\"ImageObject\",\"inLanguage\":\"pt-BR\",\"@id\":\"https:\/\/noticiasemdestaque.com\/cd\/#\/schema\/logo\/image\/\",\"url\":\"https:\/\/noticiasemdestaque.com\/cd\/wp-content\/uploads\/2022\/05\/imagem-base-noticiasemdestaque.png\",\"contentUrl\":\"https:\/\/noticiasemdestaque.com\/cd\/wp-content\/uploads\/2022\/05\/imagem-base-noticiasemdestaque.png\",\"width\":1200,\"height\":630,\"caption\":\"Not\u00edcias em Destaque\"},\"image\":{\"@id\":\"https:\/\/noticiasemdestaque.com\/cd\/#\/schema\/logo\/image\/\"}},{\"@type\":\"Person\",\"@id\":\"https:\/\/noticiasemdestaque.com\/cd\/#\/schema\/person\/47f7d4f55eec17c6b2ca036c5500f6ce\",\"name\":\"Not\u00edcias em Destaque\",\"url\":\"https:\/\/noticiasemdestaque.com\/cd\/?author=2\"}]}<\/script>\n<!-- \/ Yoast SEO plugin. -->","yoast_head_json":{"title":"Prefeitura Municipal de Amparo Lan\u00e7a Oficialmente Programa Municipal de Ara\u00e7\u00e3o de Terras 2019 - Not&iacute;cias em Destaque","robots":{"index":"index","follow":"follow","max-snippet":"max-snippet:-1","max-image-preview":"max-image-preview:large","max-video-preview":"max-video-preview:-1"},"canonical":"https:\/\/noticiasemdestaque.com\/cd\/?p=15416","og_locale":"pt_BR","og_type":"article","og_title":"Prefeitura Municipal de Amparo Lan\u00e7a Oficialmente Programa Municipal de Ara\u00e7\u00e3o de Terras 2019 - Not&iacute;cias em Destaque","og_description":"A Prefeitura de Amparo atrav\u00e9s da Secretaria Municipal de Agricultura e Abastecimento divulgou o cronograma de agendamento para Ara\u00e7\u00e3o de Terras em 2019, esse agendamento acontece especificamente nas comunidades rurais, atendendo solicita\u00e7\u00e3o dos pr\u00f3prios agricultores que por vezes deixam seus afazeres e t\u00eam que se deslocar at\u00e9 a sede do munic\u00edpio. O lan\u00e7amento do programa municipal\u00a0e divulga\u00e7\u00e3o do cronograma de agendamento foi feito oficialmente pelo prefeito In\u00e1cio N\u00f3brega, no Programa Radiof\u00f4nico &#8211; Sua Vez, Sua Voz &#8211; Programa Institucional da Prefeitura de Amparo que vai ao ar semanalmente das 12:00 \u00e0s 13:00 na R\u00e1dio 95.7FM &#8211; Sum\u00e9. Nossa equipe ir\u00e1 trabalhar em duas frentes por turno para que com isso possamos dar mais agilidade no agendamento &#8211; disse o secret\u00e1rio Paulo Henrique Soares. Confira o Cronograma: Dia 12.02 \u2013 Ter\u00e7a-feira: Comunidades: Assentamento Mata, Nanico, Pelel\u00ea e Ros\u00e1rio; Local: Escola do Assentamento Mata; Hor\u00e1rio: 09h00min. Dia 12.02 \u2013 Ter\u00e7a-feira: Comunidades: Salgadinho, Serrote Agudo e Amparinho; Local: Escola do Salgadinho; Hor\u00e1rio: 09h00min. Dia 13.02 \u2013 Quarta-feira: Comunidades: Olho D\u2019\u00e1gua, Cruz da Mo\u00e7a e Pau Leite; Local: Escola do Olho D\u2019\u00e1gua; Hor\u00e1rio: 09h00min. Dia 13.02 \u2013 Quarta-feira: Comunidades: Amaro I e II, Jatob\u00e1, Lagoa do Meio e Genuino; Local: Escola da Lagoa do Meio; Hor\u00e1rio: 09h00min. Dia 14.02 \u2013 Quinta-feira: Comunidades: Malhada da Quixaba e Po\u00e7o do Boi; Local: Sal\u00e3o de Genilton; Hor\u00e1rio: 09h00min. Dia 14.02 \u2013 Quinta-feira: Comunidades: Zona Urbana e Pedra da Bicha; Local: Secretaria de Agricultura; Hor\u00e1rio: 09h00min. Com Ascom","og_url":"https:\/\/noticiasemdestaque.com\/cd\/?p=15416","og_site_name":"Not&iacute;cias em Destaque","article_published_time":"2019-02-09T18:32:46+00:00","og_image":[{"width":960,"height":722,"url":"https:\/\/noticiasemdestaque.com\/cd\/wp-content\/uploads\/2019\/02\/51575896_744828982583702_155014921719906304_n.jpg","type":"image\/jpeg"}],"author":"Not\u00edcias em Destaque","twitter_card":"summary_large_image","twitter_misc":{"Escrito por":"Not\u00edcias em Destaque","Est. tempo de leitura":"1 minuto"},"schema":{"@context":"https:\/\/schema.org","@graph":[{"@type":"Article","@id":"https:\/\/noticiasemdestaque.com\/cd\/?p=15416#article","isPartOf":{"@id":"https:\/\/noticiasemdestaque.com\/cd\/?p=15416"},"author":{"name":"Not\u00edcias em Destaque","@id":"https:\/\/noticiasemdestaque.com\/cd\/#\/schema\/person\/47f7d4f55eec17c6b2ca036c5500f6ce"},"headline":"Prefeitura Municipal de Amparo Lan\u00e7a Oficialmente Programa Municipal de Ara\u00e7\u00e3o de Terras 2019","datePublished":"2019-02-09T18:32:46+00:00","mainEntityOfPage":{"@id":"https:\/\/noticiasemdestaque.com\/cd\/?p=15416"},"wordCount":273,"publisher":{"@id":"https:\/\/noticiasemdestaque.com\/cd\/#organization"},"image":{"@id":"https:\/\/noticiasemdestaque.com\/cd\/?p=15416#primaryimage"},"thumbnailUrl":"https:\/\/noticiasemdestaque.com\/cd\/wp-content\/uploads\/2019\/02\/51575896_744828982583702_155014921719906304_n.jpg","articleSection":["Cidades"],"inLanguage":"pt-BR"},{"@type":"WebPage","@id":"https:\/\/noticiasemdestaque.com\/cd\/?p=15416","url":"https:\/\/noticiasemdestaque.com\/cd\/?p=15416","name":"Prefeitura Municipal de Amparo Lan\u00e7a Oficialmente Programa Municipal de Ara\u00e7\u00e3o de Terras 2019 - Not&iacute;cias em Destaque","isPartOf":{"@id":"https:\/\/noticiasemdestaque.com\/cd\/#website"},"primaryImageOfPage":{"@id":"https:\/\/noticiasemdestaque.com\/cd\/?p=15416#primaryimage"},"image":{"@id":"https:\/\/noticiasemdestaque.com\/cd\/?p=15416#primaryimage"},"thumbnailUrl":"https:\/\/noticiasemdestaque.com\/cd\/wp-content\/uploads\/2019\/02\/51575896_744828982583702_155014921719906304_n.jpg","datePublished":"2019-02-09T18:32:46+00:00","breadcrumb":{"@id":"https:\/\/noticiasemdestaque.com\/cd\/?p=15416#breadcrumb"},"inLanguage":"pt-BR","potentialAction":[{"@type":"ReadAction","target":["https:\/\/noticiasemdestaque.com\/cd\/?p=15416"]}]},{"@type":"ImageObject","inLanguage":"pt-BR","@id":"https:\/\/noticiasemdestaque.com\/cd\/?p=15416#primaryimage","url":"https:\/\/noticiasemdestaque.com\/cd\/wp-content\/uploads\/2019\/02\/51575896_744828982583702_155014921719906304_n.jpg","contentUrl":"https:\/\/noticiasemdestaque.com\/cd\/wp-content\/uploads\/2019\/02\/51575896_744828982583702_155014921719906304_n.jpg","width":960,"height":722},{"@type":"BreadcrumbList","@id":"https:\/\/noticiasemdestaque.com\/cd\/?p=15416#breadcrumb","itemListElement":[{"@type":"ListItem","position":1,"name":"In\u00edcio","item":"https:\/\/noticiasemdestaque.com\/cd\/"},{"@type":"ListItem","position":2,"name":"Prefeitura Municipal de Amparo Lan\u00e7a Oficialmente Programa Municipal de Ara\u00e7\u00e3o de Terras 2019"}]},{"@type":"WebSite","@id":"https:\/\/noticiasemdestaque.com\/cd\/#website","url":"https:\/\/noticiasemdestaque.com\/cd\/","name":"Not&iacute;cias em Destaque","description":"","publisher":{"@id":"https:\/\/noticiasemdestaque.com\/cd\/#organization"},"potentialAction":[{"@type":"SearchAction","target":{"@type":"EntryPoint","urlTemplate":"https:\/\/noticiasemdestaque.com\/cd\/?s={search_term_string}"},"query-input":{"@type":"PropertyValueSpecification","valueRequired":true,"valueName":"search_term_string"}}],"inLanguage":"pt-BR"},{"@type":"Organization","@id":"https:\/\/noticiasemdestaque.com\/cd\/#organization","name":"Not\u00edcias em Destaque","url":"https:\/\/noticiasemdestaque.com\/cd\/","logo":{"@type":"ImageObject","inLanguage":"pt-BR","@id":"https:\/\/noticiasemdestaque.com\/cd\/#\/schema\/logo\/image\/","url":"https:\/\/noticiasemdestaque.com\/cd\/wp-content\/uploads\/2022\/05\/imagem-base-noticiasemdestaque.png","contentUrl":"https:\/\/noticiasemdestaque.com\/cd\/wp-content\/uploads\/2022\/05\/imagem-base-noticiasemdestaque.png","width":1200,"height":630,"caption":"Not\u00edcias em Destaque"},"image":{"@id":"https:\/\/noticiasemdestaque.com\/cd\/#\/schema\/logo\/image\/"}},{"@type":"Person","@id":"https:\/\/noticiasemdestaque.com\/cd\/#\/schema\/person\/47f7d4f55eec17c6b2ca036c5500f6ce","name":"Not\u00edcias em Destaque","url":"https:\/\/noticiasemdestaque.com\/cd\/?author=2"}]}},"jetpack_featured_media_url":"https:\/\/noticiasemdestaque.com\/cd\/wp-content\/uploads\/2019\/02\/51575896_744828982583702_155014921719906304_n.jpg","jetpack_sharing_enabled":true,"_links":{"self":[{"href":"https:\/\/noticiasemdestaque.com\/cd\/index.php?rest_route=\/wp\/v2\/posts\/15416","targetHints":{"allow":["GET"]}}],"collection":[{"href":"https:\/\/noticiasemdestaque.com\/cd\/index.php?rest_route=\/wp\/v2\/posts"}],"about":[{"href":"https:\/\/noticiasemdestaque.com\/cd\/index.php?rest_route=\/wp\/v2\/types\/post"}],"author":[{"embeddable":true,"href":"https:\/\/noticiasemdestaque.com\/cd\/index.php?rest_route=\/wp\/v2\/users\/2"}],"replies":[{"embeddable":true,"href":"https:\/\/noticiasemdestaque.com\/cd\/index.php?rest_route=%2Fwp%2Fv2%2Fcomments&post=15416"}],"version-history":[{"count":1,"href":"https:\/\/noticiasemdestaque.com\/cd\/index.php?rest_route=\/wp\/v2\/posts\/15416\/revisions"}],"predecessor-version":[{"id":15418,"href":"https:\/\/noticiasemdestaque.com\/cd\/index.php?rest_route=\/wp\/v2\/posts\/15416\/revisions\/15418"}],"wp:featuredmedia":[{"embeddable":true,"href":"https:\/\/noticiasemdestaque.com\/cd\/index.php?rest_route=\/wp\/v2\/media\/15417"}],"wp:attachment":[{"href":"https:\/\/noticiasemdestaque.com\/cd\/index.php?rest_route=%2Fwp%2Fv2%2Fmedia&parent=15416"}],"wp:term":[{"taxonomy":"category","embeddable":true,"href":"https:\/\/noticiasemdestaque.com\/cd\/index.php?rest_route=%2Fwp%2Fv2%2Fcategories&post=15416"},{"taxonomy":"post_tag","embeddable":true,"href":"https:\/\/noticiasemdestaque.com\/cd\/index.php?rest_route=%2Fwp%2Fv2%2Ftags&post=15416"}],"curies":[{"name":"wp","href":"https:\/\/api.w.org\/{rel}","templated":true}]}}