{"id":15408,"date":"2019-02-08T07:48:02","date_gmt":"2019-02-08T10:48:02","guid":{"rendered":"http:\/\/noticiasemdestaque.com\/cd\/?p=15408"},"modified":"2019-02-08T07:48:02","modified_gmt":"2019-02-08T10:48:02","slug":"mais-medicos-inscricao-para-formados-no-exterior-sera-dias-13-e-14","status":"publish","type":"post","link":"https:\/\/noticiasemdestaque.com\/cd\/?p=15408","title":{"rendered":"Mais M\u00e9dicos: inscri\u00e7\u00e3o para formados no exterior ser\u00e1 dias 13 e 14"},"content":{"rendered":"<p><a href=\"https:\/\/noticiasemdestaque.com\/cd\/wp-content\/uploads\/2019\/01\/foto-mais-medicos.jpg\"><img fetchpriority=\"high\" decoding=\"async\" class=\"wp-image-14859 aligncenter\" src=\"https:\/\/noticiasemdestaque.com\/cd\/wp-content\/uploads\/2019\/01\/foto-mais-medicos.jpg\" alt=\"\" width=\"501\" height=\"267\" srcset=\"https:\/\/noticiasemdestaque.com\/cd\/wp-content\/uploads\/2019\/01\/foto-mais-medicos.jpg 750w, https:\/\/noticiasemdestaque.com\/cd\/wp-content\/uploads\/2019\/01\/foto-mais-medicos-300x160.jpg 300w\" sizes=\"(max-width: 501px) 100vw, 501px\" \/><\/a><\/p>\n<p>Os m\u00e9dicos brasileiros formados no exterior, mas sem registro, no pa\u00eds ter\u00e3o os dias 13 e 14 para fazer inscri\u00e7\u00e3o nas vagas em aberto do programa Mais M\u00e9dicos.<\/p>\n<p>Os candidatos dever\u00e3o entrar no\u00a0<a href=\"http:\/\/http\/\/mais-medicos.saude.gov.br\/\" target=\"_blank\" rel=\"noopener\"><em>site<\/em><\/a>\u00a0do programa e indicar em quais munic\u00edpios desejam realizar o atendimento \u00e0 popula\u00e7\u00e3o.<\/p>\n<p>O processo ocorrer\u00e1 na pr\u00f3xima semana. No dia 13, o Minist\u00e9rio da Sa\u00fade ir\u00e1 divulgar os munic\u00edpios com vagas remanescentes em aberto. Nos dois dias seguintes, os m\u00e9dicos que obtiveram diplomas no exterior, mas n\u00e3o t\u00eam registro no Brasil escolher\u00e3o a cidade de sua prefer\u00eancia entre as que disponibilizaram vagas.<\/p>\n<p>No dia 19, ser\u00e1 divulgada a lista dos inscritos, das vagas ocupadas e dos munic\u00edpios contemplados. De acordo com o Minist\u00e9rio da Sa\u00fade, os profissionais sem registro v\u00e3o passar por um \u201cm\u00f3dulo de acolhimento\u201d, onde ser\u00e3o oferecidas aulas e haver\u00e1 avalia\u00e7\u00e3o pela equipe do programa, com aplica\u00e7\u00e3o de exames e outras formas de verifica\u00e7\u00e3o da condi\u00e7\u00e3o de atua\u00e7\u00e3o dos inscritos.<\/p>\n<p>Fonte: EBC<\/p>\n","protected":false},"excerpt":{"rendered":"<p>Os m\u00e9dicos brasileiros formados no exterior, mas sem registro, no pa\u00eds ter\u00e3o os dias 13 e 14 para fazer inscri\u00e7\u00e3o nas vagas em aberto do programa Mais M\u00e9dicos. Os candidatos dever\u00e3o entrar no\u00a0site\u00a0do programa e indicar em quais munic\u00edpios desejam realizar o atendimento \u00e0 popula\u00e7\u00e3o. O processo ocorrer\u00e1 na pr\u00f3xima semana. No dia 13, o Minist\u00e9rio da Sa\u00fade ir\u00e1 divulgar os munic\u00edpios com vagas remanescentes em aberto. Nos dois dias seguintes, os m\u00e9dicos que obtiveram diplomas no exterior, mas n\u00e3o t\u00eam registro no Brasil escolher\u00e3o a cidade de sua prefer\u00eancia entre as que disponibilizaram vagas. No dia 19, ser\u00e1 divulgada a lista dos inscritos, das vagas ocupadas e dos munic\u00edpios contemplados. De acordo com o Minist\u00e9rio da Sa\u00fade, os profissionais sem registro v\u00e3o passar por um \u201cm\u00f3dulo de acolhimento\u201d, onde ser\u00e3o oferecidas aulas e haver\u00e1 avalia\u00e7\u00e3o pela equipe do programa, com aplica\u00e7\u00e3o de exames e outras formas de verifica\u00e7\u00e3o da condi\u00e7\u00e3o de atua\u00e7\u00e3o dos inscritos. Fonte: EBC<\/p>\n","protected":false},"author":2,"featured_media":14859,"comment_status":"closed","ping_status":"open","sticky":false,"template":"","format":"standard","meta":{"_eb_attr":"","_jetpack_memberships_contains_paid_content":false,"footnotes":""},"categories":[8],"tags":[],"class_list":["post-15408","post","type-post","status-publish","format-standard","has-post-thumbnail","hentry","category-saude"],"yoast_head":"<!-- This site is optimized with the Yoast SEO plugin v26.5 - https:\/\/yoast.com\/wordpress\/plugins\/seo\/ -->\n<title>Mais M\u00e9dicos: inscri\u00e7\u00e3o para formados no exterior ser\u00e1 dias 13 e 14 - Not&iacute;cias em Destaque<\/title>\n<meta name=\"robots\" content=\"index, follow, max-snippet:-1, max-image-preview:large, max-video-preview:-1\" \/>\n<link rel=\"canonical\" href=\"https:\/\/noticiasemdestaque.com\/cd\/?p=15408\" \/>\n<meta property=\"og:locale\" content=\"pt_BR\" \/>\n<meta property=\"og:type\" content=\"article\" \/>\n<meta property=\"og:title\" content=\"Mais M\u00e9dicos: inscri\u00e7\u00e3o para formados no exterior ser\u00e1 dias 13 e 14 - Not&iacute;cias em Destaque\" \/>\n<meta property=\"og:description\" content=\"Os m\u00e9dicos brasileiros formados no exterior, mas sem registro, no pa\u00eds ter\u00e3o os dias 13 e 14 para fazer inscri\u00e7\u00e3o nas vagas em aberto do programa Mais M\u00e9dicos. Os candidatos dever\u00e3o entrar no\u00a0site\u00a0do programa e indicar em quais munic\u00edpios desejam realizar o atendimento \u00e0 popula\u00e7\u00e3o. O processo ocorrer\u00e1 na pr\u00f3xima semana. No dia 13, o Minist\u00e9rio da Sa\u00fade ir\u00e1 divulgar os munic\u00edpios com vagas remanescentes em aberto. Nos dois dias seguintes, os m\u00e9dicos que obtiveram diplomas no exterior, mas n\u00e3o t\u00eam registro no Brasil escolher\u00e3o a cidade de sua prefer\u00eancia entre as que disponibilizaram vagas. No dia 19, ser\u00e1 divulgada a lista dos inscritos, das vagas ocupadas e dos munic\u00edpios contemplados. De acordo com o Minist\u00e9rio da Sa\u00fade, os profissionais sem registro v\u00e3o passar por um \u201cm\u00f3dulo de acolhimento\u201d, onde ser\u00e3o oferecidas aulas e haver\u00e1 avalia\u00e7\u00e3o pela equipe do programa, com aplica\u00e7\u00e3o de exames e outras formas de verifica\u00e7\u00e3o da condi\u00e7\u00e3o de atua\u00e7\u00e3o dos inscritos. Fonte: EBC\" \/>\n<meta property=\"og:url\" content=\"https:\/\/noticiasemdestaque.com\/cd\/?p=15408\" \/>\n<meta property=\"og:site_name\" content=\"Not&iacute;cias em Destaque\" \/>\n<meta property=\"article:published_time\" content=\"2019-02-08T10:48:02+00:00\" \/>\n<meta property=\"og:image\" content=\"https:\/\/noticiasemdestaque.com\/cd\/wp-content\/uploads\/2019\/01\/foto-mais-medicos.jpg\" \/>\n\t<meta property=\"og:image:width\" content=\"750\" \/>\n\t<meta property=\"og:image:height\" content=\"400\" \/>\n\t<meta property=\"og:image:type\" content=\"image\/jpeg\" \/>\n<meta name=\"author\" content=\"Not\u00edcias em Destaque\" \/>\n<meta name=\"twitter:card\" content=\"summary_large_image\" \/>\n<meta name=\"twitter:label1\" content=\"Escrito por\" \/>\n\t<meta name=\"twitter:data1\" content=\"Not\u00edcias em Destaque\" \/>\n\t<meta name=\"twitter:label2\" content=\"Est. tempo de leitura\" \/>\n\t<meta name=\"twitter:data2\" content=\"1 minuto\" \/>\n<script type=\"application\/ld+json\" class=\"yoast-schema-graph\">{\"@context\":\"https:\/\/schema.org\",\"@graph\":[{\"@type\":\"Article\",\"@id\":\"https:\/\/noticiasemdestaque.com\/cd\/?p=15408#article\",\"isPartOf\":{\"@id\":\"https:\/\/noticiasemdestaque.com\/cd\/?p=15408\"},\"author\":{\"name\":\"Not\u00edcias em Destaque\",\"@id\":\"https:\/\/noticiasemdestaque.com\/cd\/#\/schema\/person\/47f7d4f55eec17c6b2ca036c5500f6ce\"},\"headline\":\"Mais M\u00e9dicos: inscri\u00e7\u00e3o para formados no exterior ser\u00e1 dias 13 e 14\",\"datePublished\":\"2019-02-08T10:48:02+00:00\",\"mainEntityOfPage\":{\"@id\":\"https:\/\/noticiasemdestaque.com\/cd\/?p=15408\"},\"wordCount\":194,\"publisher\":{\"@id\":\"https:\/\/noticiasemdestaque.com\/cd\/#organization\"},\"image\":{\"@id\":\"https:\/\/noticiasemdestaque.com\/cd\/?p=15408#primaryimage\"},\"thumbnailUrl\":\"https:\/\/noticiasemdestaque.com\/cd\/wp-content\/uploads\/2019\/01\/foto-mais-medicos.jpg\",\"articleSection\":[\"Sa\u00fade\"],\"inLanguage\":\"pt-BR\"},{\"@type\":\"WebPage\",\"@id\":\"https:\/\/noticiasemdestaque.com\/cd\/?p=15408\",\"url\":\"https:\/\/noticiasemdestaque.com\/cd\/?p=15408\",\"name\":\"Mais M\u00e9dicos: inscri\u00e7\u00e3o para formados no exterior ser\u00e1 dias 13 e 14 - Not&iacute;cias em Destaque\",\"isPartOf\":{\"@id\":\"https:\/\/noticiasemdestaque.com\/cd\/#website\"},\"primaryImageOfPage\":{\"@id\":\"https:\/\/noticiasemdestaque.com\/cd\/?p=15408#primaryimage\"},\"image\":{\"@id\":\"https:\/\/noticiasemdestaque.com\/cd\/?p=15408#primaryimage\"},\"thumbnailUrl\":\"https:\/\/noticiasemdestaque.com\/cd\/wp-content\/uploads\/2019\/01\/foto-mais-medicos.jpg\",\"datePublished\":\"2019-02-08T10:48:02+00:00\",\"breadcrumb\":{\"@id\":\"https:\/\/noticiasemdestaque.com\/cd\/?p=15408#breadcrumb\"},\"inLanguage\":\"pt-BR\",\"potentialAction\":[{\"@type\":\"ReadAction\",\"target\":[\"https:\/\/noticiasemdestaque.com\/cd\/?p=15408\"]}]},{\"@type\":\"ImageObject\",\"inLanguage\":\"pt-BR\",\"@id\":\"https:\/\/noticiasemdestaque.com\/cd\/?p=15408#primaryimage\",\"url\":\"https:\/\/noticiasemdestaque.com\/cd\/wp-content\/uploads\/2019\/01\/foto-mais-medicos.jpg\",\"contentUrl\":\"https:\/\/noticiasemdestaque.com\/cd\/wp-content\/uploads\/2019\/01\/foto-mais-medicos.jpg\",\"width\":750,\"height\":400},{\"@type\":\"BreadcrumbList\",\"@id\":\"https:\/\/noticiasemdestaque.com\/cd\/?p=15408#breadcrumb\",\"itemListElement\":[{\"@type\":\"ListItem\",\"position\":1,\"name\":\"In\u00edcio\",\"item\":\"https:\/\/noticiasemdestaque.com\/cd\/\"},{\"@type\":\"ListItem\",\"position\":2,\"name\":\"Mais M\u00e9dicos: inscri\u00e7\u00e3o para formados no exterior ser\u00e1 dias 13 e 14\"}]},{\"@type\":\"WebSite\",\"@id\":\"https:\/\/noticiasemdestaque.com\/cd\/#website\",\"url\":\"https:\/\/noticiasemdestaque.com\/cd\/\",\"name\":\"Not&iacute;cias em Destaque\",\"description\":\"\",\"publisher\":{\"@id\":\"https:\/\/noticiasemdestaque.com\/cd\/#organization\"},\"potentialAction\":[{\"@type\":\"SearchAction\",\"target\":{\"@type\":\"EntryPoint\",\"urlTemplate\":\"https:\/\/noticiasemdestaque.com\/cd\/?s={search_term_string}\"},\"query-input\":{\"@type\":\"PropertyValueSpecification\",\"valueRequired\":true,\"valueName\":\"search_term_string\"}}],\"inLanguage\":\"pt-BR\"},{\"@type\":\"Organization\",\"@id\":\"https:\/\/noticiasemdestaque.com\/cd\/#organization\",\"name\":\"Not\u00edcias em Destaque\",\"url\":\"https:\/\/noticiasemdestaque.com\/cd\/\",\"logo\":{\"@type\":\"ImageObject\",\"inLanguage\":\"pt-BR\",\"@id\":\"https:\/\/noticiasemdestaque.com\/cd\/#\/schema\/logo\/image\/\",\"url\":\"https:\/\/noticiasemdestaque.com\/cd\/wp-content\/uploads\/2022\/05\/imagem-base-noticiasemdestaque.png\",\"contentUrl\":\"https:\/\/noticiasemdestaque.com\/cd\/wp-content\/uploads\/2022\/05\/imagem-base-noticiasemdestaque.png\",\"width\":1200,\"height\":630,\"caption\":\"Not\u00edcias em Destaque\"},\"image\":{\"@id\":\"https:\/\/noticiasemdestaque.com\/cd\/#\/schema\/logo\/image\/\"}},{\"@type\":\"Person\",\"@id\":\"https:\/\/noticiasemdestaque.com\/cd\/#\/schema\/person\/47f7d4f55eec17c6b2ca036c5500f6ce\",\"name\":\"Not\u00edcias em Destaque\",\"url\":\"https:\/\/noticiasemdestaque.com\/cd\/?author=2\"}]}<\/script>\n<!-- \/ Yoast SEO plugin. -->","yoast_head_json":{"title":"Mais M\u00e9dicos: inscri\u00e7\u00e3o para formados no exterior ser\u00e1 dias 13 e 14 - Not&iacute;cias em Destaque","robots":{"index":"index","follow":"follow","max-snippet":"max-snippet:-1","max-image-preview":"max-image-preview:large","max-video-preview":"max-video-preview:-1"},"canonical":"https:\/\/noticiasemdestaque.com\/cd\/?p=15408","og_locale":"pt_BR","og_type":"article","og_title":"Mais M\u00e9dicos: inscri\u00e7\u00e3o para formados no exterior ser\u00e1 dias 13 e 14 - Not&iacute;cias em Destaque","og_description":"Os m\u00e9dicos brasileiros formados no exterior, mas sem registro, no pa\u00eds ter\u00e3o os dias 13 e 14 para fazer inscri\u00e7\u00e3o nas vagas em aberto do programa Mais M\u00e9dicos. Os candidatos dever\u00e3o entrar no\u00a0site\u00a0do programa e indicar em quais munic\u00edpios desejam realizar o atendimento \u00e0 popula\u00e7\u00e3o. O processo ocorrer\u00e1 na pr\u00f3xima semana. No dia 13, o Minist\u00e9rio da Sa\u00fade ir\u00e1 divulgar os munic\u00edpios com vagas remanescentes em aberto. Nos dois dias seguintes, os m\u00e9dicos que obtiveram diplomas no exterior, mas n\u00e3o t\u00eam registro no Brasil escolher\u00e3o a cidade de sua prefer\u00eancia entre as que disponibilizaram vagas. No dia 19, ser\u00e1 divulgada a lista dos inscritos, das vagas ocupadas e dos munic\u00edpios contemplados. De acordo com o Minist\u00e9rio da Sa\u00fade, os profissionais sem registro v\u00e3o passar por um \u201cm\u00f3dulo de acolhimento\u201d, onde ser\u00e3o oferecidas aulas e haver\u00e1 avalia\u00e7\u00e3o pela equipe do programa, com aplica\u00e7\u00e3o de exames e outras formas de verifica\u00e7\u00e3o da condi\u00e7\u00e3o de atua\u00e7\u00e3o dos inscritos. Fonte: EBC","og_url":"https:\/\/noticiasemdestaque.com\/cd\/?p=15408","og_site_name":"Not&iacute;cias em Destaque","article_published_time":"2019-02-08T10:48:02+00:00","og_image":[{"width":750,"height":400,"url":"https:\/\/noticiasemdestaque.com\/cd\/wp-content\/uploads\/2019\/01\/foto-mais-medicos.jpg","type":"image\/jpeg"}],"author":"Not\u00edcias em Destaque","twitter_card":"summary_large_image","twitter_misc":{"Escrito por":"Not\u00edcias em Destaque","Est. tempo de leitura":"1 minuto"},"schema":{"@context":"https:\/\/schema.org","@graph":[{"@type":"Article","@id":"https:\/\/noticiasemdestaque.com\/cd\/?p=15408#article","isPartOf":{"@id":"https:\/\/noticiasemdestaque.com\/cd\/?p=15408"},"author":{"name":"Not\u00edcias em Destaque","@id":"https:\/\/noticiasemdestaque.com\/cd\/#\/schema\/person\/47f7d4f55eec17c6b2ca036c5500f6ce"},"headline":"Mais M\u00e9dicos: inscri\u00e7\u00e3o para formados no exterior ser\u00e1 dias 13 e 14","datePublished":"2019-02-08T10:48:02+00:00","mainEntityOfPage":{"@id":"https:\/\/noticiasemdestaque.com\/cd\/?p=15408"},"wordCount":194,"publisher":{"@id":"https:\/\/noticiasemdestaque.com\/cd\/#organization"},"image":{"@id":"https:\/\/noticiasemdestaque.com\/cd\/?p=15408#primaryimage"},"thumbnailUrl":"https:\/\/noticiasemdestaque.com\/cd\/wp-content\/uploads\/2019\/01\/foto-mais-medicos.jpg","articleSection":["Sa\u00fade"],"inLanguage":"pt-BR"},{"@type":"WebPage","@id":"https:\/\/noticiasemdestaque.com\/cd\/?p=15408","url":"https:\/\/noticiasemdestaque.com\/cd\/?p=15408","name":"Mais M\u00e9dicos: inscri\u00e7\u00e3o para formados no exterior ser\u00e1 dias 13 e 14 - Not&iacute;cias em Destaque","isPartOf":{"@id":"https:\/\/noticiasemdestaque.com\/cd\/#website"},"primaryImageOfPage":{"@id":"https:\/\/noticiasemdestaque.com\/cd\/?p=15408#primaryimage"},"image":{"@id":"https:\/\/noticiasemdestaque.com\/cd\/?p=15408#primaryimage"},"thumbnailUrl":"https:\/\/noticiasemdestaque.com\/cd\/wp-content\/uploads\/2019\/01\/foto-mais-medicos.jpg","datePublished":"2019-02-08T10:48:02+00:00","breadcrumb":{"@id":"https:\/\/noticiasemdestaque.com\/cd\/?p=15408#breadcrumb"},"inLanguage":"pt-BR","potentialAction":[{"@type":"ReadAction","target":["https:\/\/noticiasemdestaque.com\/cd\/?p=15408"]}]},{"@type":"ImageObject","inLanguage":"pt-BR","@id":"https:\/\/noticiasemdestaque.com\/cd\/?p=15408#primaryimage","url":"https:\/\/noticiasemdestaque.com\/cd\/wp-content\/uploads\/2019\/01\/foto-mais-medicos.jpg","contentUrl":"https:\/\/noticiasemdestaque.com\/cd\/wp-content\/uploads\/2019\/01\/foto-mais-medicos.jpg","width":750,"height":400},{"@type":"BreadcrumbList","@id":"https:\/\/noticiasemdestaque.com\/cd\/?p=15408#breadcrumb","itemListElement":[{"@type":"ListItem","position":1,"name":"In\u00edcio","item":"https:\/\/noticiasemdestaque.com\/cd\/"},{"@type":"ListItem","position":2,"name":"Mais M\u00e9dicos: inscri\u00e7\u00e3o para formados no exterior ser\u00e1 dias 13 e 14"}]},{"@type":"WebSite","@id":"https:\/\/noticiasemdestaque.com\/cd\/#website","url":"https:\/\/noticiasemdestaque.com\/cd\/","name":"Not&iacute;cias em Destaque","description":"","publisher":{"@id":"https:\/\/noticiasemdestaque.com\/cd\/#organization"},"potentialAction":[{"@type":"SearchAction","target":{"@type":"EntryPoint","urlTemplate":"https:\/\/noticiasemdestaque.com\/cd\/?s={search_term_string}"},"query-input":{"@type":"PropertyValueSpecification","valueRequired":true,"valueName":"search_term_string"}}],"inLanguage":"pt-BR"},{"@type":"Organization","@id":"https:\/\/noticiasemdestaque.com\/cd\/#organization","name":"Not\u00edcias em Destaque","url":"https:\/\/noticiasemdestaque.com\/cd\/","logo":{"@type":"ImageObject","inLanguage":"pt-BR","@id":"https:\/\/noticiasemdestaque.com\/cd\/#\/schema\/logo\/image\/","url":"https:\/\/noticiasemdestaque.com\/cd\/wp-content\/uploads\/2022\/05\/imagem-base-noticiasemdestaque.png","contentUrl":"https:\/\/noticiasemdestaque.com\/cd\/wp-content\/uploads\/2022\/05\/imagem-base-noticiasemdestaque.png","width":1200,"height":630,"caption":"Not\u00edcias em Destaque"},"image":{"@id":"https:\/\/noticiasemdestaque.com\/cd\/#\/schema\/logo\/image\/"}},{"@type":"Person","@id":"https:\/\/noticiasemdestaque.com\/cd\/#\/schema\/person\/47f7d4f55eec17c6b2ca036c5500f6ce","name":"Not\u00edcias em Destaque","url":"https:\/\/noticiasemdestaque.com\/cd\/?author=2"}]}},"jetpack_featured_media_url":"https:\/\/noticiasemdestaque.com\/cd\/wp-content\/uploads\/2019\/01\/foto-mais-medicos.jpg","jetpack_sharing_enabled":true,"_links":{"self":[{"href":"https:\/\/noticiasemdestaque.com\/cd\/index.php?rest_route=\/wp\/v2\/posts\/15408","targetHints":{"allow":["GET"]}}],"collection":[{"href":"https:\/\/noticiasemdestaque.com\/cd\/index.php?rest_route=\/wp\/v2\/posts"}],"about":[{"href":"https:\/\/noticiasemdestaque.com\/cd\/index.php?rest_route=\/wp\/v2\/types\/post"}],"author":[{"embeddable":true,"href":"https:\/\/noticiasemdestaque.com\/cd\/index.php?rest_route=\/wp\/v2\/users\/2"}],"replies":[{"embeddable":true,"href":"https:\/\/noticiasemdestaque.com\/cd\/index.php?rest_route=%2Fwp%2Fv2%2Fcomments&post=15408"}],"version-history":[{"count":1,"href":"https:\/\/noticiasemdestaque.com\/cd\/index.php?rest_route=\/wp\/v2\/posts\/15408\/revisions"}],"predecessor-version":[{"id":15409,"href":"https:\/\/noticiasemdestaque.com\/cd\/index.php?rest_route=\/wp\/v2\/posts\/15408\/revisions\/15409"}],"wp:featuredmedia":[{"embeddable":true,"href":"https:\/\/noticiasemdestaque.com\/cd\/index.php?rest_route=\/wp\/v2\/media\/14859"}],"wp:attachment":[{"href":"https:\/\/noticiasemdestaque.com\/cd\/index.php?rest_route=%2Fwp%2Fv2%2Fmedia&parent=15408"}],"wp:term":[{"taxonomy":"category","embeddable":true,"href":"https:\/\/noticiasemdestaque.com\/cd\/index.php?rest_route=%2Fwp%2Fv2%2Fcategories&post=15408"},{"taxonomy":"post_tag","embeddable":true,"href":"https:\/\/noticiasemdestaque.com\/cd\/index.php?rest_route=%2Fwp%2Fv2%2Ftags&post=15408"}],"curies":[{"name":"wp","href":"https:\/\/api.w.org\/{rel}","templated":true}]}}