{"id":1537,"date":"2017-07-10T13:17:02","date_gmt":"2017-07-10T16:17:02","guid":{"rendered":"http:\/\/caririemdestaque.com\/cd\/?p=1537"},"modified":"2017-07-10T13:26:26","modified_gmt":"2017-07-10T16:26:26","slug":"ricardo-coutinho-homologa-deliberacao-para-tombamento-de-obras-de-miguel-guilherme","status":"publish","type":"post","link":"https:\/\/noticiasemdestaque.com\/cd\/?p=1537","title":{"rendered":"Ricardo Coutinho homologa delibera\u00e7\u00e3o para tombamento de obras de Miguel Guilherme"},"content":{"rendered":"<p><a href=\"http:\/\/caririemdestaque.com\/cd\/wp-content\/uploads\/2017\/07\/DSC_0030-300x199.jpg\"><img fetchpriority=\"high\" decoding=\"async\" class=\"size-medium wp-image-1544 alignleft\" src=\"http:\/\/caririemdestaque.com\/cd\/wp-content\/uploads\/2017\/07\/DSC_0030-300x199-300x199.jpg\" alt=\"\" width=\"300\" height=\"199\" \/><\/a>O governador do Estado da Para\u00edba, Ricardo Coutinho, homologou no \u00faltimo dia 05 de julho, a a\u00e7\u00e3o declarat\u00f3ria do Tombamento dos Pain\u00e9is Pict\u00f3ricos existentes na Igreja S\u00e3o Sebasti\u00e3o, localizada na Fazenda Feij\u00e3o, em Sum\u00e9, assim como do painel exposto no buf\u00ea da Pra\u00e7a Adolfo Mayer, todos de autoria do artista pl\u00e1stico sumeense Miguel Guilherme.<\/p>\n<p>As delibera\u00e7\u00f5es do Conselho de Prote\u00e7\u00e3o dos Bens Hist\u00f3ricos e Culturais (CONPEC\/IPHAEP) que apreciou a proposta de Tombamento dos Pain\u00e9is Pict\u00f3ricos e reconheceu os significativos valores hist\u00f3ricos e culturais das referidas obras de Miguel Guilherme, est\u00e3o homologadas nos Decretos 37.479 e 37.480\/2017, assinados pelo governador Ricardo Coutinho.<\/p>\n<p>Para efeito de tombamento o Instituto do Patrim\u00f4nio Hist\u00f3rico e Art\u00edstico do Estado da Para\u00edba tomar\u00e1 as devidas provid\u00eancias, em cumprimento \u00e0 legisla\u00e7\u00e3o vigente.<\/p>\n<p><em><strong>Cariri em Destaque\u00a0<\/strong><\/em><\/p>\n<p>Ascom PMS<\/p>\n","protected":false},"excerpt":{"rendered":"<p>O governador do Estado da Para\u00edba, Ricardo Coutinho, homologou no \u00faltimo dia 05 de julho, a a\u00e7\u00e3o declarat\u00f3ria do Tombamento dos Pain\u00e9is Pict\u00f3ricos existentes na Igreja S\u00e3o Sebasti\u00e3o, localizada na Fazenda Feij\u00e3o, em Sum\u00e9, assim como do painel exposto no buf\u00ea da Pra\u00e7a Adolfo Mayer, todos de autoria do artista pl\u00e1stico sumeense Miguel Guilherme. As delibera\u00e7\u00f5es do Conselho de Prote\u00e7\u00e3o dos Bens Hist\u00f3ricos e Culturais (CONPEC\/IPHAEP) que apreciou a proposta de Tombamento dos Pain\u00e9is Pict\u00f3ricos e reconheceu os significativos valores hist\u00f3ricos e culturais das referidas obras de Miguel Guilherme, est\u00e3o homologadas nos Decretos 37.479 e 37.480\/2017, assinados pelo governador Ricardo Coutinho. Para efeito de tombamento o Instituto do Patrim\u00f4nio Hist\u00f3rico e Art\u00edstico do Estado da Para\u00edba tomar\u00e1 as devidas provid\u00eancias, em cumprimento \u00e0 legisla\u00e7\u00e3o vigente. Cariri em Destaque\u00a0 Ascom PMS<\/p>\n","protected":false},"author":2,"featured_media":1560,"comment_status":"closed","ping_status":"open","sticky":false,"template":"","format":"standard","meta":{"_eb_attr":"","_jetpack_memberships_contains_paid_content":false,"footnotes":""},"categories":[3],"tags":[],"class_list":["post-1537","post","type-post","status-publish","format-standard","has-post-thumbnail","hentry","category-cidades"],"yoast_head":"<!-- This site is optimized with the Yoast SEO plugin v26.5 - https:\/\/yoast.com\/wordpress\/plugins\/seo\/ -->\n<title>Ricardo Coutinho homologa delibera\u00e7\u00e3o para tombamento de obras de Miguel Guilherme - Not&iacute;cias em Destaque<\/title>\n<meta name=\"robots\" content=\"index, follow, max-snippet:-1, max-image-preview:large, max-video-preview:-1\" \/>\n<link rel=\"canonical\" href=\"https:\/\/noticiasemdestaque.com\/cd\/?p=1537\" \/>\n<meta property=\"og:locale\" content=\"pt_BR\" \/>\n<meta property=\"og:type\" content=\"article\" \/>\n<meta property=\"og:title\" content=\"Ricardo Coutinho homologa delibera\u00e7\u00e3o para tombamento de obras de Miguel Guilherme - Not&iacute;cias em Destaque\" \/>\n<meta property=\"og:description\" content=\"O governador do Estado da Para\u00edba, Ricardo Coutinho, homologou no \u00faltimo dia 05 de julho, a a\u00e7\u00e3o declarat\u00f3ria do Tombamento dos Pain\u00e9is Pict\u00f3ricos existentes na Igreja S\u00e3o Sebasti\u00e3o, localizada na Fazenda Feij\u00e3o, em Sum\u00e9, assim como do painel exposto no buf\u00ea da Pra\u00e7a Adolfo Mayer, todos de autoria do artista pl\u00e1stico sumeense Miguel Guilherme. As delibera\u00e7\u00f5es do Conselho de Prote\u00e7\u00e3o dos Bens Hist\u00f3ricos e Culturais (CONPEC\/IPHAEP) que apreciou a proposta de Tombamento dos Pain\u00e9is Pict\u00f3ricos e reconheceu os significativos valores hist\u00f3ricos e culturais das referidas obras de Miguel Guilherme, est\u00e3o homologadas nos Decretos 37.479 e 37.480\/2017, assinados pelo governador Ricardo Coutinho. Para efeito de tombamento o Instituto do Patrim\u00f4nio Hist\u00f3rico e Art\u00edstico do Estado da Para\u00edba tomar\u00e1 as devidas provid\u00eancias, em cumprimento \u00e0 legisla\u00e7\u00e3o vigente. Cariri em Destaque\u00a0 Ascom PMS\" \/>\n<meta property=\"og:url\" content=\"https:\/\/noticiasemdestaque.com\/cd\/?p=1537\" \/>\n<meta property=\"og:site_name\" content=\"Not&iacute;cias em Destaque\" \/>\n<meta property=\"article:published_time\" content=\"2017-07-10T16:17:02+00:00\" \/>\n<meta property=\"article:modified_time\" content=\"2017-07-10T16:26:26+00:00\" \/>\n<meta property=\"og:image\" content=\"https:\/\/noticiasemdestaque.com\/cd\/wp-content\/uploads\/2017\/07\/DSC_0030-1024x681.jpg\" \/>\n\t<meta property=\"og:image:width\" content=\"1024\" \/>\n\t<meta property=\"og:image:height\" content=\"681\" \/>\n\t<meta property=\"og:image:type\" content=\"image\/jpeg\" \/>\n<meta name=\"author\" content=\"Not\u00edcias em Destaque\" \/>\n<meta name=\"twitter:card\" content=\"summary_large_image\" \/>\n<meta name=\"twitter:label1\" content=\"Escrito por\" \/>\n\t<meta name=\"twitter:data1\" content=\"Not\u00edcias em Destaque\" \/>\n\t<meta name=\"twitter:label2\" content=\"Est. tempo de leitura\" \/>\n\t<meta name=\"twitter:data2\" content=\"1 minuto\" \/>\n<script type=\"application\/ld+json\" class=\"yoast-schema-graph\">{\"@context\":\"https:\/\/schema.org\",\"@graph\":[{\"@type\":\"Article\",\"@id\":\"https:\/\/noticiasemdestaque.com\/cd\/?p=1537#article\",\"isPartOf\":{\"@id\":\"https:\/\/noticiasemdestaque.com\/cd\/?p=1537\"},\"author\":{\"name\":\"Not\u00edcias em Destaque\",\"@id\":\"https:\/\/noticiasemdestaque.com\/cd\/#\/schema\/person\/4a81fb71f77579d059c3045891fa1786\"},\"headline\":\"Ricardo Coutinho homologa delibera\u00e7\u00e3o para tombamento de obras de Miguel Guilherme\",\"datePublished\":\"2017-07-10T16:17:02+00:00\",\"dateModified\":\"2017-07-10T16:26:26+00:00\",\"mainEntityOfPage\":{\"@id\":\"https:\/\/noticiasemdestaque.com\/cd\/?p=1537\"},\"wordCount\":162,\"publisher\":{\"@id\":\"https:\/\/noticiasemdestaque.com\/cd\/#organization\"},\"image\":{\"@id\":\"https:\/\/noticiasemdestaque.com\/cd\/?p=1537#primaryimage\"},\"thumbnailUrl\":\"https:\/\/noticiasemdestaque.com\/cd\/wp-content\/uploads\/2017\/07\/DSC_0030.jpg\",\"articleSection\":[\"Cidades\"],\"inLanguage\":\"pt-BR\"},{\"@type\":\"WebPage\",\"@id\":\"https:\/\/noticiasemdestaque.com\/cd\/?p=1537\",\"url\":\"https:\/\/noticiasemdestaque.com\/cd\/?p=1537\",\"name\":\"Ricardo Coutinho homologa delibera\u00e7\u00e3o para tombamento de obras de Miguel Guilherme - Not&iacute;cias em Destaque\",\"isPartOf\":{\"@id\":\"https:\/\/noticiasemdestaque.com\/cd\/#website\"},\"primaryImageOfPage\":{\"@id\":\"https:\/\/noticiasemdestaque.com\/cd\/?p=1537#primaryimage\"},\"image\":{\"@id\":\"https:\/\/noticiasemdestaque.com\/cd\/?p=1537#primaryimage\"},\"thumbnailUrl\":\"https:\/\/noticiasemdestaque.com\/cd\/wp-content\/uploads\/2017\/07\/DSC_0030.jpg\",\"datePublished\":\"2017-07-10T16:17:02+00:00\",\"dateModified\":\"2017-07-10T16:26:26+00:00\",\"breadcrumb\":{\"@id\":\"https:\/\/noticiasemdestaque.com\/cd\/?p=1537#breadcrumb\"},\"inLanguage\":\"pt-BR\",\"potentialAction\":[{\"@type\":\"ReadAction\",\"target\":[\"https:\/\/noticiasemdestaque.com\/cd\/?p=1537\"]}]},{\"@type\":\"ImageObject\",\"inLanguage\":\"pt-BR\",\"@id\":\"https:\/\/noticiasemdestaque.com\/cd\/?p=1537#primaryimage\",\"url\":\"https:\/\/noticiasemdestaque.com\/cd\/wp-content\/uploads\/2017\/07\/DSC_0030.jpg\",\"contentUrl\":\"https:\/\/noticiasemdestaque.com\/cd\/wp-content\/uploads\/2017\/07\/DSC_0030.jpg\",\"width\":6016,\"height\":4000},{\"@type\":\"BreadcrumbList\",\"@id\":\"https:\/\/noticiasemdestaque.com\/cd\/?p=1537#breadcrumb\",\"itemListElement\":[{\"@type\":\"ListItem\",\"position\":1,\"name\":\"In\u00edcio\",\"item\":\"https:\/\/noticiasemdestaque.com\/cd\/\"},{\"@type\":\"ListItem\",\"position\":2,\"name\":\"Ricardo Coutinho homologa delibera\u00e7\u00e3o para tombamento de obras de Miguel Guilherme\"}]},{\"@type\":\"WebSite\",\"@id\":\"https:\/\/noticiasemdestaque.com\/cd\/#website\",\"url\":\"https:\/\/noticiasemdestaque.com\/cd\/\",\"name\":\"Not&iacute;cias em Destaque\",\"description\":\"\",\"publisher\":{\"@id\":\"https:\/\/noticiasemdestaque.com\/cd\/#organization\"},\"potentialAction\":[{\"@type\":\"SearchAction\",\"target\":{\"@type\":\"EntryPoint\",\"urlTemplate\":\"https:\/\/noticiasemdestaque.com\/cd\/?s={search_term_string}\"},\"query-input\":{\"@type\":\"PropertyValueSpecification\",\"valueRequired\":true,\"valueName\":\"search_term_string\"}}],\"inLanguage\":\"pt-BR\"},{\"@type\":\"Organization\",\"@id\":\"https:\/\/noticiasemdestaque.com\/cd\/#organization\",\"name\":\"Not\u00edcias em Destaque\",\"url\":\"https:\/\/noticiasemdestaque.com\/cd\/\",\"logo\":{\"@type\":\"ImageObject\",\"inLanguage\":\"pt-BR\",\"@id\":\"https:\/\/noticiasemdestaque.com\/cd\/#\/schema\/logo\/image\/\",\"url\":\"https:\/\/noticiasemdestaque.com\/cd\/wp-content\/uploads\/2022\/05\/imagem-base-noticiasemdestaque.png\",\"contentUrl\":\"https:\/\/noticiasemdestaque.com\/cd\/wp-content\/uploads\/2022\/05\/imagem-base-noticiasemdestaque.png\",\"width\":1200,\"height\":630,\"caption\":\"Not\u00edcias em Destaque\"},\"image\":{\"@id\":\"https:\/\/noticiasemdestaque.com\/cd\/#\/schema\/logo\/image\/\"}},{\"@type\":\"Person\",\"@id\":\"https:\/\/noticiasemdestaque.com\/cd\/#\/schema\/person\/4a81fb71f77579d059c3045891fa1786\",\"name\":\"Not\u00edcias em Destaque\",\"url\":\"https:\/\/noticiasemdestaque.com\/cd\/?author=2\"}]}<\/script>\n<!-- \/ Yoast SEO plugin. -->","yoast_head_json":{"title":"Ricardo Coutinho homologa delibera\u00e7\u00e3o para tombamento de obras de Miguel Guilherme - Not&iacute;cias em Destaque","robots":{"index":"index","follow":"follow","max-snippet":"max-snippet:-1","max-image-preview":"max-image-preview:large","max-video-preview":"max-video-preview:-1"},"canonical":"https:\/\/noticiasemdestaque.com\/cd\/?p=1537","og_locale":"pt_BR","og_type":"article","og_title":"Ricardo Coutinho homologa delibera\u00e7\u00e3o para tombamento de obras de Miguel Guilherme - Not&iacute;cias em Destaque","og_description":"O governador do Estado da Para\u00edba, Ricardo Coutinho, homologou no \u00faltimo dia 05 de julho, a a\u00e7\u00e3o declarat\u00f3ria do Tombamento dos Pain\u00e9is Pict\u00f3ricos existentes na Igreja S\u00e3o Sebasti\u00e3o, localizada na Fazenda Feij\u00e3o, em Sum\u00e9, assim como do painel exposto no buf\u00ea da Pra\u00e7a Adolfo Mayer, todos de autoria do artista pl\u00e1stico sumeense Miguel Guilherme. As delibera\u00e7\u00f5es do Conselho de Prote\u00e7\u00e3o dos Bens Hist\u00f3ricos e Culturais (CONPEC\/IPHAEP) que apreciou a proposta de Tombamento dos Pain\u00e9is Pict\u00f3ricos e reconheceu os significativos valores hist\u00f3ricos e culturais das referidas obras de Miguel Guilherme, est\u00e3o homologadas nos Decretos 37.479 e 37.480\/2017, assinados pelo governador Ricardo Coutinho. Para efeito de tombamento o Instituto do Patrim\u00f4nio Hist\u00f3rico e Art\u00edstico do Estado da Para\u00edba tomar\u00e1 as devidas provid\u00eancias, em cumprimento \u00e0 legisla\u00e7\u00e3o vigente. Cariri em Destaque\u00a0 Ascom PMS","og_url":"https:\/\/noticiasemdestaque.com\/cd\/?p=1537","og_site_name":"Not&iacute;cias em Destaque","article_published_time":"2017-07-10T16:17:02+00:00","article_modified_time":"2017-07-10T16:26:26+00:00","og_image":[{"width":1024,"height":681,"url":"https:\/\/noticiasemdestaque.com\/cd\/wp-content\/uploads\/2017\/07\/DSC_0030-1024x681.jpg","type":"image\/jpeg"}],"author":"Not\u00edcias em Destaque","twitter_card":"summary_large_image","twitter_misc":{"Escrito por":"Not\u00edcias em Destaque","Est. tempo de leitura":"1 minuto"},"schema":{"@context":"https:\/\/schema.org","@graph":[{"@type":"Article","@id":"https:\/\/noticiasemdestaque.com\/cd\/?p=1537#article","isPartOf":{"@id":"https:\/\/noticiasemdestaque.com\/cd\/?p=1537"},"author":{"name":"Not\u00edcias em Destaque","@id":"https:\/\/noticiasemdestaque.com\/cd\/#\/schema\/person\/4a81fb71f77579d059c3045891fa1786"},"headline":"Ricardo Coutinho homologa delibera\u00e7\u00e3o para tombamento de obras de Miguel Guilherme","datePublished":"2017-07-10T16:17:02+00:00","dateModified":"2017-07-10T16:26:26+00:00","mainEntityOfPage":{"@id":"https:\/\/noticiasemdestaque.com\/cd\/?p=1537"},"wordCount":162,"publisher":{"@id":"https:\/\/noticiasemdestaque.com\/cd\/#organization"},"image":{"@id":"https:\/\/noticiasemdestaque.com\/cd\/?p=1537#primaryimage"},"thumbnailUrl":"https:\/\/noticiasemdestaque.com\/cd\/wp-content\/uploads\/2017\/07\/DSC_0030.jpg","articleSection":["Cidades"],"inLanguage":"pt-BR"},{"@type":"WebPage","@id":"https:\/\/noticiasemdestaque.com\/cd\/?p=1537","url":"https:\/\/noticiasemdestaque.com\/cd\/?p=1537","name":"Ricardo Coutinho homologa delibera\u00e7\u00e3o para tombamento de obras de Miguel Guilherme - Not&iacute;cias em Destaque","isPartOf":{"@id":"https:\/\/noticiasemdestaque.com\/cd\/#website"},"primaryImageOfPage":{"@id":"https:\/\/noticiasemdestaque.com\/cd\/?p=1537#primaryimage"},"image":{"@id":"https:\/\/noticiasemdestaque.com\/cd\/?p=1537#primaryimage"},"thumbnailUrl":"https:\/\/noticiasemdestaque.com\/cd\/wp-content\/uploads\/2017\/07\/DSC_0030.jpg","datePublished":"2017-07-10T16:17:02+00:00","dateModified":"2017-07-10T16:26:26+00:00","breadcrumb":{"@id":"https:\/\/noticiasemdestaque.com\/cd\/?p=1537#breadcrumb"},"inLanguage":"pt-BR","potentialAction":[{"@type":"ReadAction","target":["https:\/\/noticiasemdestaque.com\/cd\/?p=1537"]}]},{"@type":"ImageObject","inLanguage":"pt-BR","@id":"https:\/\/noticiasemdestaque.com\/cd\/?p=1537#primaryimage","url":"https:\/\/noticiasemdestaque.com\/cd\/wp-content\/uploads\/2017\/07\/DSC_0030.jpg","contentUrl":"https:\/\/noticiasemdestaque.com\/cd\/wp-content\/uploads\/2017\/07\/DSC_0030.jpg","width":6016,"height":4000},{"@type":"BreadcrumbList","@id":"https:\/\/noticiasemdestaque.com\/cd\/?p=1537#breadcrumb","itemListElement":[{"@type":"ListItem","position":1,"name":"In\u00edcio","item":"https:\/\/noticiasemdestaque.com\/cd\/"},{"@type":"ListItem","position":2,"name":"Ricardo Coutinho homologa delibera\u00e7\u00e3o para tombamento de obras de Miguel Guilherme"}]},{"@type":"WebSite","@id":"https:\/\/noticiasemdestaque.com\/cd\/#website","url":"https:\/\/noticiasemdestaque.com\/cd\/","name":"Not&iacute;cias em Destaque","description":"","publisher":{"@id":"https:\/\/noticiasemdestaque.com\/cd\/#organization"},"potentialAction":[{"@type":"SearchAction","target":{"@type":"EntryPoint","urlTemplate":"https:\/\/noticiasemdestaque.com\/cd\/?s={search_term_string}"},"query-input":{"@type":"PropertyValueSpecification","valueRequired":true,"valueName":"search_term_string"}}],"inLanguage":"pt-BR"},{"@type":"Organization","@id":"https:\/\/noticiasemdestaque.com\/cd\/#organization","name":"Not\u00edcias em Destaque","url":"https:\/\/noticiasemdestaque.com\/cd\/","logo":{"@type":"ImageObject","inLanguage":"pt-BR","@id":"https:\/\/noticiasemdestaque.com\/cd\/#\/schema\/logo\/image\/","url":"https:\/\/noticiasemdestaque.com\/cd\/wp-content\/uploads\/2022\/05\/imagem-base-noticiasemdestaque.png","contentUrl":"https:\/\/noticiasemdestaque.com\/cd\/wp-content\/uploads\/2022\/05\/imagem-base-noticiasemdestaque.png","width":1200,"height":630,"caption":"Not\u00edcias em Destaque"},"image":{"@id":"https:\/\/noticiasemdestaque.com\/cd\/#\/schema\/logo\/image\/"}},{"@type":"Person","@id":"https:\/\/noticiasemdestaque.com\/cd\/#\/schema\/person\/4a81fb71f77579d059c3045891fa1786","name":"Not\u00edcias em Destaque","url":"https:\/\/noticiasemdestaque.com\/cd\/?author=2"}]}},"jetpack_featured_media_url":"https:\/\/noticiasemdestaque.com\/cd\/wp-content\/uploads\/2017\/07\/DSC_0030.jpg","jetpack_sharing_enabled":true,"_links":{"self":[{"href":"https:\/\/noticiasemdestaque.com\/cd\/index.php?rest_route=\/wp\/v2\/posts\/1537","targetHints":{"allow":["GET"]}}],"collection":[{"href":"https:\/\/noticiasemdestaque.com\/cd\/index.php?rest_route=\/wp\/v2\/posts"}],"about":[{"href":"https:\/\/noticiasemdestaque.com\/cd\/index.php?rest_route=\/wp\/v2\/types\/post"}],"author":[{"embeddable":true,"href":"https:\/\/noticiasemdestaque.com\/cd\/index.php?rest_route=\/wp\/v2\/users\/2"}],"replies":[{"embeddable":true,"href":"https:\/\/noticiasemdestaque.com\/cd\/index.php?rest_route=%2Fwp%2Fv2%2Fcomments&post=1537"}],"version-history":[{"count":1,"href":"https:\/\/noticiasemdestaque.com\/cd\/index.php?rest_route=\/wp\/v2\/posts\/1537\/revisions"}],"predecessor-version":[{"id":1546,"href":"https:\/\/noticiasemdestaque.com\/cd\/index.php?rest_route=\/wp\/v2\/posts\/1537\/revisions\/1546"}],"wp:featuredmedia":[{"embeddable":true,"href":"https:\/\/noticiasemdestaque.com\/cd\/index.php?rest_route=\/wp\/v2\/media\/1560"}],"wp:attachment":[{"href":"https:\/\/noticiasemdestaque.com\/cd\/index.php?rest_route=%2Fwp%2Fv2%2Fmedia&parent=1537"}],"wp:term":[{"taxonomy":"category","embeddable":true,"href":"https:\/\/noticiasemdestaque.com\/cd\/index.php?rest_route=%2Fwp%2Fv2%2Fcategories&post=1537"},{"taxonomy":"post_tag","embeddable":true,"href":"https:\/\/noticiasemdestaque.com\/cd\/index.php?rest_route=%2Fwp%2Fv2%2Ftags&post=1537"}],"curies":[{"name":"wp","href":"https:\/\/api.w.org\/{rel}","templated":true}]}}