{"id":15358,"date":"2019-02-07T07:36:58","date_gmt":"2019-02-07T10:36:58","guid":{"rendered":"http:\/\/noticiasemdestaque.com\/cd\/?p=15358"},"modified":"2019-02-07T07:36:58","modified_gmt":"2019-02-07T10:36:58","slug":"lula-e-condenado-a-12-anos-de-prisao-em-processo-sobre-sitio","status":"publish","type":"post","link":"https:\/\/noticiasemdestaque.com\/cd\/?p=15358","title":{"rendered":"Lula \u00e9 condenado a 12 anos de pris\u00e3o em processo sobre s\u00edtio"},"content":{"rendered":"<p><a href=\"https:\/\/noticiasemdestaque.com\/cd\/wp-content\/uploads\/2018\/11\/lula-1.jpg\"><img fetchpriority=\"high\" decoding=\"async\" class=\"wp-image-13645 aligncenter\" src=\"https:\/\/noticiasemdestaque.com\/cd\/wp-content\/uploads\/2018\/11\/lula-1.jpg\" alt=\"\" width=\"645\" height=\"282\" srcset=\"https:\/\/noticiasemdestaque.com\/cd\/wp-content\/uploads\/2018\/11\/lula-1.jpg 940w, https:\/\/noticiasemdestaque.com\/cd\/wp-content\/uploads\/2018\/11\/lula-1-300x131.jpg 300w, https:\/\/noticiasemdestaque.com\/cd\/wp-content\/uploads\/2018\/11\/lula-1-768x336.jpg 768w\" sizes=\"(max-width: 645px) 100vw, 645px\" \/><\/a><\/p>\n<p>A ju\u00edza federal Gabriela Hardt condenou\u00a0hoje\u00a0(6) o ex-presidente Luiz In\u00e1cio Lula da Silva a 12 anos e 11 meses de pris\u00e3o na a\u00e7\u00e3o penal sobre as reformas realizadas no S\u00edtio Santa B\u00e1rbara, em Atibaia (SP). A senten\u00e7a \u00e9 a\u00a0segunda\u00a0proferida contra o ex-presidente na Opera\u00e7\u00e3o Lava Jato.<\/p>\n<p>O s\u00edtio foi alvo das investiga\u00e7\u00f5es da Opera\u00e7\u00e3o Lava Jato, que apura a suspeita de que as obras de melhorias no local foram pagas por empreiteiras investigadas por corrup\u00e7\u00e3o, como a OAS e a Odebrecht.<\/p>\n<p>Segundo os investigadores, as reformas come\u00e7aram ap\u00f3s a compra da propriedade pelos empres\u00e1rios Fernando Bittar e Jonas Suassuna, amigos de Lula, quando &#8220;foram elaborados os primeiros desenhos arquitet\u00f4nicos para acomodar as necessidades da fam\u00edlia do ex-presidente&#8221;.<\/p>\n<p>No laudo elaborado pela Pol\u00edcia Federal, em 2016, os peritos citam as obras que foram feitas, entre elas a de uma cozinha avaliada em R$ 252 mil. A estimativa \u00e9 de que tenha sido gasto um valor de cerca de R$ 1,7 milh\u00e3o, somando a compra do s\u00edtio (R$ 1,1 milh\u00e3o) e a reforma (R$ 544,8 mil).<\/p>\n<p>A defesa do ex-presidente alegou no processo que a propriedade era frequentada pela fam\u00edlia de Lula, mas que o im\u00f3vel pertence \u00e0 fam\u00edlia Bittar.<\/p>\n<p>Lula est\u00e1 preso desde\u00a07 de abril\u00a0pela primeira condena\u00e7\u00e3o no caso do tr\u00edplex em Guaruj\u00e1 (SP). O ex-presidente cumpre outra pena de 12 anos e um m\u00eas de pris\u00e3o, imposta pelo Tribunal Regional Federal da 4\u00aa Regi\u00e3o (TRF4), pelos crimes de corrup\u00e7\u00e3o passiva e lavagem de dinheiro.<\/p>\n<p>Al\u00e9m de Lula, tamb\u00e9m foram condenados na mesma a\u00e7\u00e3o penal\u00a0os empres\u00e1rios Marcelo Odebrecht e Em\u00edlio Odebrecht, L\u00e9o Pinheiro, ex-diretor da OAS, o pecuarista Jos\u00e9 Carlos Bumlai, amigo do ex-presidente r Roberto Teixeira, amigo e advogado de Lula.<\/p>\n<p>Fonte: EBC<\/p>\n","protected":false},"excerpt":{"rendered":"<p>A ju\u00edza federal Gabriela Hardt condenou\u00a0hoje\u00a0(6) o ex-presidente Luiz In\u00e1cio Lula da Silva a 12 anos e 11 meses de pris\u00e3o na a\u00e7\u00e3o penal sobre as reformas realizadas no S\u00edtio Santa B\u00e1rbara, em Atibaia (SP). A senten\u00e7a \u00e9 a\u00a0segunda\u00a0proferida contra o ex-presidente na Opera\u00e7\u00e3o Lava Jato. O s\u00edtio foi alvo das investiga\u00e7\u00f5es da Opera\u00e7\u00e3o Lava Jato, que apura a suspeita de que as obras de melhorias no local foram pagas por empreiteiras investigadas por corrup\u00e7\u00e3o, como a OAS e a Odebrecht. Segundo os investigadores, as reformas come\u00e7aram ap\u00f3s a compra da propriedade pelos empres\u00e1rios Fernando Bittar e Jonas Suassuna, amigos de Lula, quando &#8220;foram elaborados os primeiros desenhos arquitet\u00f4nicos para acomodar as necessidades da fam\u00edlia do ex-presidente&#8221;. No laudo elaborado pela Pol\u00edcia Federal, em 2016, os peritos citam as obras que foram feitas, entre elas a de uma cozinha avaliada em R$ 252 mil. A estimativa \u00e9 de que tenha sido gasto um valor de cerca de R$ 1,7 milh\u00e3o, somando a compra do s\u00edtio (R$ 1,1 milh\u00e3o) e a reforma (R$ 544,8 mil). A defesa do ex-presidente alegou no processo que a propriedade era frequentada pela fam\u00edlia de Lula, mas que o im\u00f3vel pertence \u00e0 fam\u00edlia Bittar. Lula est\u00e1 preso desde\u00a07 de abril\u00a0pela primeira condena\u00e7\u00e3o no caso do tr\u00edplex em Guaruj\u00e1 (SP). O ex-presidente cumpre outra pena de 12 anos e um m\u00eas de pris\u00e3o, imposta pelo Tribunal Regional Federal da 4\u00aa Regi\u00e3o (TRF4), pelos crimes de corrup\u00e7\u00e3o passiva e lavagem de dinheiro. Al\u00e9m de Lula, tamb\u00e9m foram condenados na mesma a\u00e7\u00e3o penal\u00a0os empres\u00e1rios Marcelo Odebrecht e Em\u00edlio Odebrecht, L\u00e9o Pinheiro, ex-diretor da OAS, o pecuarista Jos\u00e9 Carlos Bumlai, amigo do ex-presidente r Roberto Teixeira, amigo e advogado de Lula. Fonte: EBC<\/p>\n","protected":false},"author":2,"featured_media":13645,"comment_status":"closed","ping_status":"open","sticky":false,"template":"","format":"standard","meta":{"_eb_attr":"","_jetpack_memberships_contains_paid_content":false,"footnotes":""},"categories":[4],"tags":[],"class_list":["post-15358","post","type-post","status-publish","format-standard","has-post-thumbnail","hentry","category-politica"],"yoast_head":"<!-- This site is optimized with the Yoast SEO plugin v26.5 - https:\/\/yoast.com\/wordpress\/plugins\/seo\/ -->\n<title>Lula \u00e9 condenado a 12 anos de pris\u00e3o em processo sobre s\u00edtio - Not&iacute;cias em Destaque<\/title>\n<meta name=\"robots\" content=\"index, follow, max-snippet:-1, max-image-preview:large, max-video-preview:-1\" \/>\n<link rel=\"canonical\" href=\"https:\/\/noticiasemdestaque.com\/cd\/?p=15358\" \/>\n<meta property=\"og:locale\" content=\"pt_BR\" \/>\n<meta property=\"og:type\" content=\"article\" \/>\n<meta property=\"og:title\" content=\"Lula \u00e9 condenado a 12 anos de pris\u00e3o em processo sobre s\u00edtio - Not&iacute;cias em Destaque\" \/>\n<meta property=\"og:description\" content=\"A ju\u00edza federal Gabriela Hardt condenou\u00a0hoje\u00a0(6) o ex-presidente Luiz In\u00e1cio Lula da Silva a 12 anos e 11 meses de pris\u00e3o na a\u00e7\u00e3o penal sobre as reformas realizadas no S\u00edtio Santa B\u00e1rbara, em Atibaia (SP). A senten\u00e7a \u00e9 a\u00a0segunda\u00a0proferida contra o ex-presidente na Opera\u00e7\u00e3o Lava Jato. O s\u00edtio foi alvo das investiga\u00e7\u00f5es da Opera\u00e7\u00e3o Lava Jato, que apura a suspeita de que as obras de melhorias no local foram pagas por empreiteiras investigadas por corrup\u00e7\u00e3o, como a OAS e a Odebrecht. Segundo os investigadores, as reformas come\u00e7aram ap\u00f3s a compra da propriedade pelos empres\u00e1rios Fernando Bittar e Jonas Suassuna, amigos de Lula, quando &#8220;foram elaborados os primeiros desenhos arquitet\u00f4nicos para acomodar as necessidades da fam\u00edlia do ex-presidente&#8221;. No laudo elaborado pela Pol\u00edcia Federal, em 2016, os peritos citam as obras que foram feitas, entre elas a de uma cozinha avaliada em R$ 252 mil. A estimativa \u00e9 de que tenha sido gasto um valor de cerca de R$ 1,7 milh\u00e3o, somando a compra do s\u00edtio (R$ 1,1 milh\u00e3o) e a reforma (R$ 544,8 mil). A defesa do ex-presidente alegou no processo que a propriedade era frequentada pela fam\u00edlia de Lula, mas que o im\u00f3vel pertence \u00e0 fam\u00edlia Bittar. Lula est\u00e1 preso desde\u00a07 de abril\u00a0pela primeira condena\u00e7\u00e3o no caso do tr\u00edplex em Guaruj\u00e1 (SP). O ex-presidente cumpre outra pena de 12 anos e um m\u00eas de pris\u00e3o, imposta pelo Tribunal Regional Federal da 4\u00aa Regi\u00e3o (TRF4), pelos crimes de corrup\u00e7\u00e3o passiva e lavagem de dinheiro. Al\u00e9m de Lula, tamb\u00e9m foram condenados na mesma a\u00e7\u00e3o penal\u00a0os empres\u00e1rios Marcelo Odebrecht e Em\u00edlio Odebrecht, L\u00e9o Pinheiro, ex-diretor da OAS, o pecuarista Jos\u00e9 Carlos Bumlai, amigo do ex-presidente r Roberto Teixeira, amigo e advogado de Lula. Fonte: EBC\" \/>\n<meta property=\"og:url\" content=\"https:\/\/noticiasemdestaque.com\/cd\/?p=15358\" \/>\n<meta property=\"og:site_name\" content=\"Not&iacute;cias em Destaque\" \/>\n<meta property=\"article:published_time\" content=\"2019-02-07T10:36:58+00:00\" \/>\n<meta property=\"og:image\" content=\"https:\/\/noticiasemdestaque.com\/cd\/wp-content\/uploads\/2018\/11\/lula-1.jpg\" \/>\n\t<meta property=\"og:image:width\" content=\"940\" \/>\n\t<meta property=\"og:image:height\" content=\"411\" \/>\n\t<meta property=\"og:image:type\" content=\"image\/jpeg\" \/>\n<meta name=\"author\" content=\"Not\u00edcias em Destaque\" \/>\n<meta name=\"twitter:card\" content=\"summary_large_image\" \/>\n<meta name=\"twitter:label1\" content=\"Escrito por\" \/>\n\t<meta name=\"twitter:data1\" content=\"Not\u00edcias em Destaque\" \/>\n\t<meta name=\"twitter:label2\" content=\"Est. tempo de leitura\" \/>\n\t<meta name=\"twitter:data2\" content=\"2 minutos\" \/>\n<script type=\"application\/ld+json\" class=\"yoast-schema-graph\">{\"@context\":\"https:\/\/schema.org\",\"@graph\":[{\"@type\":\"Article\",\"@id\":\"https:\/\/noticiasemdestaque.com\/cd\/?p=15358#article\",\"isPartOf\":{\"@id\":\"https:\/\/noticiasemdestaque.com\/cd\/?p=15358\"},\"author\":{\"name\":\"Not\u00edcias em Destaque\",\"@id\":\"https:\/\/noticiasemdestaque.com\/cd\/#\/schema\/person\/21320b03a7e8bb90128938dafc9b908a\"},\"headline\":\"Lula \u00e9 condenado a 12 anos de pris\u00e3o em processo sobre s\u00edtio\",\"datePublished\":\"2019-02-07T10:36:58+00:00\",\"mainEntityOfPage\":{\"@id\":\"https:\/\/noticiasemdestaque.com\/cd\/?p=15358\"},\"wordCount\":324,\"publisher\":{\"@id\":\"https:\/\/noticiasemdestaque.com\/cd\/#organization\"},\"image\":{\"@id\":\"https:\/\/noticiasemdestaque.com\/cd\/?p=15358#primaryimage\"},\"thumbnailUrl\":\"https:\/\/noticiasemdestaque.com\/cd\/wp-content\/uploads\/2018\/11\/lula-1.jpg\",\"articleSection\":[\"Pol\u00edtica\"],\"inLanguage\":\"pt-BR\"},{\"@type\":\"WebPage\",\"@id\":\"https:\/\/noticiasemdestaque.com\/cd\/?p=15358\",\"url\":\"https:\/\/noticiasemdestaque.com\/cd\/?p=15358\",\"name\":\"Lula \u00e9 condenado a 12 anos de pris\u00e3o em processo sobre s\u00edtio - Not&iacute;cias em Destaque\",\"isPartOf\":{\"@id\":\"https:\/\/noticiasemdestaque.com\/cd\/#website\"},\"primaryImageOfPage\":{\"@id\":\"https:\/\/noticiasemdestaque.com\/cd\/?p=15358#primaryimage\"},\"image\":{\"@id\":\"https:\/\/noticiasemdestaque.com\/cd\/?p=15358#primaryimage\"},\"thumbnailUrl\":\"https:\/\/noticiasemdestaque.com\/cd\/wp-content\/uploads\/2018\/11\/lula-1.jpg\",\"datePublished\":\"2019-02-07T10:36:58+00:00\",\"breadcrumb\":{\"@id\":\"https:\/\/noticiasemdestaque.com\/cd\/?p=15358#breadcrumb\"},\"inLanguage\":\"pt-BR\",\"potentialAction\":[{\"@type\":\"ReadAction\",\"target\":[\"https:\/\/noticiasemdestaque.com\/cd\/?p=15358\"]}]},{\"@type\":\"ImageObject\",\"inLanguage\":\"pt-BR\",\"@id\":\"https:\/\/noticiasemdestaque.com\/cd\/?p=15358#primaryimage\",\"url\":\"https:\/\/noticiasemdestaque.com\/cd\/wp-content\/uploads\/2018\/11\/lula-1.jpg\",\"contentUrl\":\"https:\/\/noticiasemdestaque.com\/cd\/wp-content\/uploads\/2018\/11\/lula-1.jpg\",\"width\":940,\"height\":411},{\"@type\":\"BreadcrumbList\",\"@id\":\"https:\/\/noticiasemdestaque.com\/cd\/?p=15358#breadcrumb\",\"itemListElement\":[{\"@type\":\"ListItem\",\"position\":1,\"name\":\"In\u00edcio\",\"item\":\"https:\/\/noticiasemdestaque.com\/cd\/\"},{\"@type\":\"ListItem\",\"position\":2,\"name\":\"Lula \u00e9 condenado a 12 anos de pris\u00e3o em processo sobre s\u00edtio\"}]},{\"@type\":\"WebSite\",\"@id\":\"https:\/\/noticiasemdestaque.com\/cd\/#website\",\"url\":\"https:\/\/noticiasemdestaque.com\/cd\/\",\"name\":\"Not&iacute;cias em Destaque\",\"description\":\"\",\"publisher\":{\"@id\":\"https:\/\/noticiasemdestaque.com\/cd\/#organization\"},\"potentialAction\":[{\"@type\":\"SearchAction\",\"target\":{\"@type\":\"EntryPoint\",\"urlTemplate\":\"https:\/\/noticiasemdestaque.com\/cd\/?s={search_term_string}\"},\"query-input\":{\"@type\":\"PropertyValueSpecification\",\"valueRequired\":true,\"valueName\":\"search_term_string\"}}],\"inLanguage\":\"pt-BR\"},{\"@type\":\"Organization\",\"@id\":\"https:\/\/noticiasemdestaque.com\/cd\/#organization\",\"name\":\"Not\u00edcias em Destaque\",\"url\":\"https:\/\/noticiasemdestaque.com\/cd\/\",\"logo\":{\"@type\":\"ImageObject\",\"inLanguage\":\"pt-BR\",\"@id\":\"https:\/\/noticiasemdestaque.com\/cd\/#\/schema\/logo\/image\/\",\"url\":\"https:\/\/noticiasemdestaque.com\/cd\/wp-content\/uploads\/2022\/05\/imagem-base-noticiasemdestaque.png\",\"contentUrl\":\"https:\/\/noticiasemdestaque.com\/cd\/wp-content\/uploads\/2022\/05\/imagem-base-noticiasemdestaque.png\",\"width\":1200,\"height\":630,\"caption\":\"Not\u00edcias em Destaque\"},\"image\":{\"@id\":\"https:\/\/noticiasemdestaque.com\/cd\/#\/schema\/logo\/image\/\"}},{\"@type\":\"Person\",\"@id\":\"https:\/\/noticiasemdestaque.com\/cd\/#\/schema\/person\/21320b03a7e8bb90128938dafc9b908a\",\"name\":\"Not\u00edcias em Destaque\",\"url\":\"https:\/\/noticiasemdestaque.com\/cd\/?author=2\"}]}<\/script>\n<!-- \/ Yoast SEO plugin. -->","yoast_head_json":{"title":"Lula \u00e9 condenado a 12 anos de pris\u00e3o em processo sobre s\u00edtio - Not&iacute;cias em Destaque","robots":{"index":"index","follow":"follow","max-snippet":"max-snippet:-1","max-image-preview":"max-image-preview:large","max-video-preview":"max-video-preview:-1"},"canonical":"https:\/\/noticiasemdestaque.com\/cd\/?p=15358","og_locale":"pt_BR","og_type":"article","og_title":"Lula \u00e9 condenado a 12 anos de pris\u00e3o em processo sobre s\u00edtio - Not&iacute;cias em Destaque","og_description":"A ju\u00edza federal Gabriela Hardt condenou\u00a0hoje\u00a0(6) o ex-presidente Luiz In\u00e1cio Lula da Silva a 12 anos e 11 meses de pris\u00e3o na a\u00e7\u00e3o penal sobre as reformas realizadas no S\u00edtio Santa B\u00e1rbara, em Atibaia (SP). A senten\u00e7a \u00e9 a\u00a0segunda\u00a0proferida contra o ex-presidente na Opera\u00e7\u00e3o Lava Jato. O s\u00edtio foi alvo das investiga\u00e7\u00f5es da Opera\u00e7\u00e3o Lava Jato, que apura a suspeita de que as obras de melhorias no local foram pagas por empreiteiras investigadas por corrup\u00e7\u00e3o, como a OAS e a Odebrecht. Segundo os investigadores, as reformas come\u00e7aram ap\u00f3s a compra da propriedade pelos empres\u00e1rios Fernando Bittar e Jonas Suassuna, amigos de Lula, quando &#8220;foram elaborados os primeiros desenhos arquitet\u00f4nicos para acomodar as necessidades da fam\u00edlia do ex-presidente&#8221;. No laudo elaborado pela Pol\u00edcia Federal, em 2016, os peritos citam as obras que foram feitas, entre elas a de uma cozinha avaliada em R$ 252 mil. A estimativa \u00e9 de que tenha sido gasto um valor de cerca de R$ 1,7 milh\u00e3o, somando a compra do s\u00edtio (R$ 1,1 milh\u00e3o) e a reforma (R$ 544,8 mil). A defesa do ex-presidente alegou no processo que a propriedade era frequentada pela fam\u00edlia de Lula, mas que o im\u00f3vel pertence \u00e0 fam\u00edlia Bittar. Lula est\u00e1 preso desde\u00a07 de abril\u00a0pela primeira condena\u00e7\u00e3o no caso do tr\u00edplex em Guaruj\u00e1 (SP). O ex-presidente cumpre outra pena de 12 anos e um m\u00eas de pris\u00e3o, imposta pelo Tribunal Regional Federal da 4\u00aa Regi\u00e3o (TRF4), pelos crimes de corrup\u00e7\u00e3o passiva e lavagem de dinheiro. Al\u00e9m de Lula, tamb\u00e9m foram condenados na mesma a\u00e7\u00e3o penal\u00a0os empres\u00e1rios Marcelo Odebrecht e Em\u00edlio Odebrecht, L\u00e9o Pinheiro, ex-diretor da OAS, o pecuarista Jos\u00e9 Carlos Bumlai, amigo do ex-presidente r Roberto Teixeira, amigo e advogado de Lula. Fonte: EBC","og_url":"https:\/\/noticiasemdestaque.com\/cd\/?p=15358","og_site_name":"Not&iacute;cias em Destaque","article_published_time":"2019-02-07T10:36:58+00:00","og_image":[{"width":940,"height":411,"url":"https:\/\/noticiasemdestaque.com\/cd\/wp-content\/uploads\/2018\/11\/lula-1.jpg","type":"image\/jpeg"}],"author":"Not\u00edcias em Destaque","twitter_card":"summary_large_image","twitter_misc":{"Escrito por":"Not\u00edcias em Destaque","Est. tempo de leitura":"2 minutos"},"schema":{"@context":"https:\/\/schema.org","@graph":[{"@type":"Article","@id":"https:\/\/noticiasemdestaque.com\/cd\/?p=15358#article","isPartOf":{"@id":"https:\/\/noticiasemdestaque.com\/cd\/?p=15358"},"author":{"name":"Not\u00edcias em Destaque","@id":"https:\/\/noticiasemdestaque.com\/cd\/#\/schema\/person\/21320b03a7e8bb90128938dafc9b908a"},"headline":"Lula \u00e9 condenado a 12 anos de pris\u00e3o em processo sobre s\u00edtio","datePublished":"2019-02-07T10:36:58+00:00","mainEntityOfPage":{"@id":"https:\/\/noticiasemdestaque.com\/cd\/?p=15358"},"wordCount":324,"publisher":{"@id":"https:\/\/noticiasemdestaque.com\/cd\/#organization"},"image":{"@id":"https:\/\/noticiasemdestaque.com\/cd\/?p=15358#primaryimage"},"thumbnailUrl":"https:\/\/noticiasemdestaque.com\/cd\/wp-content\/uploads\/2018\/11\/lula-1.jpg","articleSection":["Pol\u00edtica"],"inLanguage":"pt-BR"},{"@type":"WebPage","@id":"https:\/\/noticiasemdestaque.com\/cd\/?p=15358","url":"https:\/\/noticiasemdestaque.com\/cd\/?p=15358","name":"Lula \u00e9 condenado a 12 anos de pris\u00e3o em processo sobre s\u00edtio - Not&iacute;cias em Destaque","isPartOf":{"@id":"https:\/\/noticiasemdestaque.com\/cd\/#website"},"primaryImageOfPage":{"@id":"https:\/\/noticiasemdestaque.com\/cd\/?p=15358#primaryimage"},"image":{"@id":"https:\/\/noticiasemdestaque.com\/cd\/?p=15358#primaryimage"},"thumbnailUrl":"https:\/\/noticiasemdestaque.com\/cd\/wp-content\/uploads\/2018\/11\/lula-1.jpg","datePublished":"2019-02-07T10:36:58+00:00","breadcrumb":{"@id":"https:\/\/noticiasemdestaque.com\/cd\/?p=15358#breadcrumb"},"inLanguage":"pt-BR","potentialAction":[{"@type":"ReadAction","target":["https:\/\/noticiasemdestaque.com\/cd\/?p=15358"]}]},{"@type":"ImageObject","inLanguage":"pt-BR","@id":"https:\/\/noticiasemdestaque.com\/cd\/?p=15358#primaryimage","url":"https:\/\/noticiasemdestaque.com\/cd\/wp-content\/uploads\/2018\/11\/lula-1.jpg","contentUrl":"https:\/\/noticiasemdestaque.com\/cd\/wp-content\/uploads\/2018\/11\/lula-1.jpg","width":940,"height":411},{"@type":"BreadcrumbList","@id":"https:\/\/noticiasemdestaque.com\/cd\/?p=15358#breadcrumb","itemListElement":[{"@type":"ListItem","position":1,"name":"In\u00edcio","item":"https:\/\/noticiasemdestaque.com\/cd\/"},{"@type":"ListItem","position":2,"name":"Lula \u00e9 condenado a 12 anos de pris\u00e3o em processo sobre s\u00edtio"}]},{"@type":"WebSite","@id":"https:\/\/noticiasemdestaque.com\/cd\/#website","url":"https:\/\/noticiasemdestaque.com\/cd\/","name":"Not&iacute;cias em Destaque","description":"","publisher":{"@id":"https:\/\/noticiasemdestaque.com\/cd\/#organization"},"potentialAction":[{"@type":"SearchAction","target":{"@type":"EntryPoint","urlTemplate":"https:\/\/noticiasemdestaque.com\/cd\/?s={search_term_string}"},"query-input":{"@type":"PropertyValueSpecification","valueRequired":true,"valueName":"search_term_string"}}],"inLanguage":"pt-BR"},{"@type":"Organization","@id":"https:\/\/noticiasemdestaque.com\/cd\/#organization","name":"Not\u00edcias em Destaque","url":"https:\/\/noticiasemdestaque.com\/cd\/","logo":{"@type":"ImageObject","inLanguage":"pt-BR","@id":"https:\/\/noticiasemdestaque.com\/cd\/#\/schema\/logo\/image\/","url":"https:\/\/noticiasemdestaque.com\/cd\/wp-content\/uploads\/2022\/05\/imagem-base-noticiasemdestaque.png","contentUrl":"https:\/\/noticiasemdestaque.com\/cd\/wp-content\/uploads\/2022\/05\/imagem-base-noticiasemdestaque.png","width":1200,"height":630,"caption":"Not\u00edcias em Destaque"},"image":{"@id":"https:\/\/noticiasemdestaque.com\/cd\/#\/schema\/logo\/image\/"}},{"@type":"Person","@id":"https:\/\/noticiasemdestaque.com\/cd\/#\/schema\/person\/21320b03a7e8bb90128938dafc9b908a","name":"Not\u00edcias em Destaque","url":"https:\/\/noticiasemdestaque.com\/cd\/?author=2"}]}},"jetpack_featured_media_url":"https:\/\/noticiasemdestaque.com\/cd\/wp-content\/uploads\/2018\/11\/lula-1.jpg","jetpack_sharing_enabled":true,"_links":{"self":[{"href":"https:\/\/noticiasemdestaque.com\/cd\/index.php?rest_route=\/wp\/v2\/posts\/15358","targetHints":{"allow":["GET"]}}],"collection":[{"href":"https:\/\/noticiasemdestaque.com\/cd\/index.php?rest_route=\/wp\/v2\/posts"}],"about":[{"href":"https:\/\/noticiasemdestaque.com\/cd\/index.php?rest_route=\/wp\/v2\/types\/post"}],"author":[{"embeddable":true,"href":"https:\/\/noticiasemdestaque.com\/cd\/index.php?rest_route=\/wp\/v2\/users\/2"}],"replies":[{"embeddable":true,"href":"https:\/\/noticiasemdestaque.com\/cd\/index.php?rest_route=%2Fwp%2Fv2%2Fcomments&post=15358"}],"version-history":[{"count":1,"href":"https:\/\/noticiasemdestaque.com\/cd\/index.php?rest_route=\/wp\/v2\/posts\/15358\/revisions"}],"predecessor-version":[{"id":15359,"href":"https:\/\/noticiasemdestaque.com\/cd\/index.php?rest_route=\/wp\/v2\/posts\/15358\/revisions\/15359"}],"wp:featuredmedia":[{"embeddable":true,"href":"https:\/\/noticiasemdestaque.com\/cd\/index.php?rest_route=\/wp\/v2\/media\/13645"}],"wp:attachment":[{"href":"https:\/\/noticiasemdestaque.com\/cd\/index.php?rest_route=%2Fwp%2Fv2%2Fmedia&parent=15358"}],"wp:term":[{"taxonomy":"category","embeddable":true,"href":"https:\/\/noticiasemdestaque.com\/cd\/index.php?rest_route=%2Fwp%2Fv2%2Fcategories&post=15358"},{"taxonomy":"post_tag","embeddable":true,"href":"https:\/\/noticiasemdestaque.com\/cd\/index.php?rest_route=%2Fwp%2Fv2%2Ftags&post=15358"}],"curies":[{"name":"wp","href":"https:\/\/api.w.org\/{rel}","templated":true}]}}