{"id":15305,"date":"2019-02-04T07:34:40","date_gmt":"2019-02-04T10:34:40","guid":{"rendered":"http:\/\/noticiasemdestaque.com\/cd\/?p=15305"},"modified":"2019-02-04T07:34:40","modified_gmt":"2019-02-04T10:34:40","slug":"ptb-se-reune-na-terca-para-definir-posicao-na-camara","status":"publish","type":"post","link":"https:\/\/noticiasemdestaque.com\/cd\/?p=15305","title":{"rendered":"PTB se re\u00fane na ter\u00e7a para definir posi\u00e7\u00e3o na C\u00e2mara"},"content":{"rendered":"<p><a href=\"https:\/\/noticiasemdestaque.com\/cd\/wp-content\/uploads\/2019\/02\/wilson-santiago.jpg\"><img fetchpriority=\"high\" decoding=\"async\" class=\"alignnone size-full wp-image-15306\" src=\"https:\/\/noticiasemdestaque.com\/cd\/wp-content\/uploads\/2019\/02\/wilson-santiago.jpg\" alt=\"\" width=\"800\" height=\"440\" srcset=\"https:\/\/noticiasemdestaque.com\/cd\/wp-content\/uploads\/2019\/02\/wilson-santiago.jpg 800w, https:\/\/noticiasemdestaque.com\/cd\/wp-content\/uploads\/2019\/02\/wilson-santiago-300x165.jpg 300w, https:\/\/noticiasemdestaque.com\/cd\/wp-content\/uploads\/2019\/02\/wilson-santiago-768x422.jpg 768w\" sizes=\"(max-width: 800px) 100vw, 800px\" \/><\/a><\/p>\n<p>Os deputados federais que integram o Partido Trabalhista Brasileiro (PTB) ir\u00e3o se reunir nesta ter\u00e7a-feira (05) para discutir o posicionamento da bancada frente ao Governo do presidente Jair Bolsonaro (PSL).<\/p>\n<p>O deputado Wilson Santiago conversou com o\u00a0Portal MaisPB<strong>\u00a0<\/strong>e informou que no encontro, ser\u00e1 definido \u2018alguns entendimentos\u2019. Segundo o parlamentar, a prioridade ser\u00e1 o interesse p\u00fablico.<\/p>\n<p>\u201cO PTB quer o melhor para o Brasil e para a Para\u00edba. Aquilo que entendemos que \u00e9 bom para o Brasil, l\u00f3gico que devemos apoiar. Aquilo que n\u00e3o for positivo, seremos contra\u201d, afirmou.<\/p>\n<p>O parlamentar j\u00e1 revelou ser a favor do enxugamento do estado e foi a favor da extin\u00e7\u00e3o do Minist\u00e9rio do Trabalho, sendo estes, pontos em comum com Bolsonaro.<\/p>\n<p>Fonte: MaisPB<\/p>\n","protected":false},"excerpt":{"rendered":"<p>Os deputados federais que integram o Partido Trabalhista Brasileiro (PTB) ir\u00e3o se reunir nesta ter\u00e7a-feira (05) para discutir o posicionamento da bancada frente ao Governo do presidente Jair Bolsonaro (PSL). O deputado Wilson Santiago conversou com o\u00a0Portal MaisPB\u00a0e informou que no encontro, ser\u00e1 definido \u2018alguns entendimentos\u2019. Segundo o parlamentar, a prioridade ser\u00e1 o interesse p\u00fablico. \u201cO PTB quer o melhor para o Brasil e para a Para\u00edba. Aquilo que entendemos que \u00e9 bom para o Brasil, l\u00f3gico que devemos apoiar. Aquilo que n\u00e3o for positivo, seremos contra\u201d, afirmou. O parlamentar j\u00e1 revelou ser a favor do enxugamento do estado e foi a favor da extin\u00e7\u00e3o do Minist\u00e9rio do Trabalho, sendo estes, pontos em comum com Bolsonaro. Fonte: MaisPB<\/p>\n","protected":false},"author":2,"featured_media":15306,"comment_status":"closed","ping_status":"open","sticky":false,"template":"","format":"standard","meta":{"_eb_attr":"","_jetpack_memberships_contains_paid_content":false,"footnotes":""},"categories":[4],"tags":[],"class_list":["post-15305","post","type-post","status-publish","format-standard","has-post-thumbnail","hentry","category-politica"],"yoast_head":"<!-- This site is optimized with the Yoast SEO plugin v26.5 - https:\/\/yoast.com\/wordpress\/plugins\/seo\/ -->\n<title>PTB se re\u00fane na ter\u00e7a para definir posi\u00e7\u00e3o na C\u00e2mara - Not&iacute;cias em Destaque<\/title>\n<meta name=\"robots\" content=\"index, follow, max-snippet:-1, max-image-preview:large, max-video-preview:-1\" \/>\n<link rel=\"canonical\" href=\"https:\/\/noticiasemdestaque.com\/cd\/?p=15305\" \/>\n<meta property=\"og:locale\" content=\"pt_BR\" \/>\n<meta property=\"og:type\" content=\"article\" \/>\n<meta property=\"og:title\" content=\"PTB se re\u00fane na ter\u00e7a para definir posi\u00e7\u00e3o na C\u00e2mara - Not&iacute;cias em Destaque\" \/>\n<meta property=\"og:description\" content=\"Os deputados federais que integram o Partido Trabalhista Brasileiro (PTB) ir\u00e3o se reunir nesta ter\u00e7a-feira (05) para discutir o posicionamento da bancada frente ao Governo do presidente Jair Bolsonaro (PSL). O deputado Wilson Santiago conversou com o\u00a0Portal MaisPB\u00a0e informou que no encontro, ser\u00e1 definido \u2018alguns entendimentos\u2019. Segundo o parlamentar, a prioridade ser\u00e1 o interesse p\u00fablico. \u201cO PTB quer o melhor para o Brasil e para a Para\u00edba. Aquilo que entendemos que \u00e9 bom para o Brasil, l\u00f3gico que devemos apoiar. Aquilo que n\u00e3o for positivo, seremos contra\u201d, afirmou. O parlamentar j\u00e1 revelou ser a favor do enxugamento do estado e foi a favor da extin\u00e7\u00e3o do Minist\u00e9rio do Trabalho, sendo estes, pontos em comum com Bolsonaro. Fonte: MaisPB\" \/>\n<meta property=\"og:url\" content=\"https:\/\/noticiasemdestaque.com\/cd\/?p=15305\" \/>\n<meta property=\"og:site_name\" content=\"Not&iacute;cias em Destaque\" \/>\n<meta property=\"article:published_time\" content=\"2019-02-04T10:34:40+00:00\" \/>\n<meta property=\"og:image\" content=\"https:\/\/noticiasemdestaque.com\/cd\/wp-content\/uploads\/2019\/02\/wilson-santiago.jpg\" \/>\n\t<meta property=\"og:image:width\" content=\"800\" \/>\n\t<meta property=\"og:image:height\" content=\"440\" \/>\n\t<meta property=\"og:image:type\" content=\"image\/jpeg\" \/>\n<meta name=\"author\" content=\"Not\u00edcias em Destaque\" \/>\n<meta name=\"twitter:card\" content=\"summary_large_image\" \/>\n<meta name=\"twitter:label1\" content=\"Escrito por\" \/>\n\t<meta name=\"twitter:data1\" content=\"Not\u00edcias em Destaque\" \/>\n\t<meta name=\"twitter:label2\" content=\"Est. tempo de leitura\" \/>\n\t<meta name=\"twitter:data2\" content=\"1 minuto\" \/>\n<script type=\"application\/ld+json\" class=\"yoast-schema-graph\">{\"@context\":\"https:\/\/schema.org\",\"@graph\":[{\"@type\":\"Article\",\"@id\":\"https:\/\/noticiasemdestaque.com\/cd\/?p=15305#article\",\"isPartOf\":{\"@id\":\"https:\/\/noticiasemdestaque.com\/cd\/?p=15305\"},\"author\":{\"name\":\"Not\u00edcias em Destaque\",\"@id\":\"https:\/\/noticiasemdestaque.com\/cd\/#\/schema\/person\/47f7d4f55eec17c6b2ca036c5500f6ce\"},\"headline\":\"PTB se re\u00fane na ter\u00e7a para definir posi\u00e7\u00e3o na C\u00e2mara\",\"datePublished\":\"2019-02-04T10:34:40+00:00\",\"mainEntityOfPage\":{\"@id\":\"https:\/\/noticiasemdestaque.com\/cd\/?p=15305\"},\"wordCount\":140,\"publisher\":{\"@id\":\"https:\/\/noticiasemdestaque.com\/cd\/#organization\"},\"image\":{\"@id\":\"https:\/\/noticiasemdestaque.com\/cd\/?p=15305#primaryimage\"},\"thumbnailUrl\":\"https:\/\/noticiasemdestaque.com\/cd\/wp-content\/uploads\/2019\/02\/wilson-santiago.jpg\",\"articleSection\":[\"Pol\u00edtica\"],\"inLanguage\":\"pt-BR\"},{\"@type\":\"WebPage\",\"@id\":\"https:\/\/noticiasemdestaque.com\/cd\/?p=15305\",\"url\":\"https:\/\/noticiasemdestaque.com\/cd\/?p=15305\",\"name\":\"PTB se re\u00fane na ter\u00e7a para definir posi\u00e7\u00e3o na C\u00e2mara - Not&iacute;cias em Destaque\",\"isPartOf\":{\"@id\":\"https:\/\/noticiasemdestaque.com\/cd\/#website\"},\"primaryImageOfPage\":{\"@id\":\"https:\/\/noticiasemdestaque.com\/cd\/?p=15305#primaryimage\"},\"image\":{\"@id\":\"https:\/\/noticiasemdestaque.com\/cd\/?p=15305#primaryimage\"},\"thumbnailUrl\":\"https:\/\/noticiasemdestaque.com\/cd\/wp-content\/uploads\/2019\/02\/wilson-santiago.jpg\",\"datePublished\":\"2019-02-04T10:34:40+00:00\",\"breadcrumb\":{\"@id\":\"https:\/\/noticiasemdestaque.com\/cd\/?p=15305#breadcrumb\"},\"inLanguage\":\"pt-BR\",\"potentialAction\":[{\"@type\":\"ReadAction\",\"target\":[\"https:\/\/noticiasemdestaque.com\/cd\/?p=15305\"]}]},{\"@type\":\"ImageObject\",\"inLanguage\":\"pt-BR\",\"@id\":\"https:\/\/noticiasemdestaque.com\/cd\/?p=15305#primaryimage\",\"url\":\"https:\/\/noticiasemdestaque.com\/cd\/wp-content\/uploads\/2019\/02\/wilson-santiago.jpg\",\"contentUrl\":\"https:\/\/noticiasemdestaque.com\/cd\/wp-content\/uploads\/2019\/02\/wilson-santiago.jpg\",\"width\":800,\"height\":440},{\"@type\":\"BreadcrumbList\",\"@id\":\"https:\/\/noticiasemdestaque.com\/cd\/?p=15305#breadcrumb\",\"itemListElement\":[{\"@type\":\"ListItem\",\"position\":1,\"name\":\"In\u00edcio\",\"item\":\"https:\/\/noticiasemdestaque.com\/cd\/\"},{\"@type\":\"ListItem\",\"position\":2,\"name\":\"PTB se re\u00fane na ter\u00e7a para definir posi\u00e7\u00e3o na C\u00e2mara\"}]},{\"@type\":\"WebSite\",\"@id\":\"https:\/\/noticiasemdestaque.com\/cd\/#website\",\"url\":\"https:\/\/noticiasemdestaque.com\/cd\/\",\"name\":\"Not&iacute;cias em Destaque\",\"description\":\"\",\"publisher\":{\"@id\":\"https:\/\/noticiasemdestaque.com\/cd\/#organization\"},\"potentialAction\":[{\"@type\":\"SearchAction\",\"target\":{\"@type\":\"EntryPoint\",\"urlTemplate\":\"https:\/\/noticiasemdestaque.com\/cd\/?s={search_term_string}\"},\"query-input\":{\"@type\":\"PropertyValueSpecification\",\"valueRequired\":true,\"valueName\":\"search_term_string\"}}],\"inLanguage\":\"pt-BR\"},{\"@type\":\"Organization\",\"@id\":\"https:\/\/noticiasemdestaque.com\/cd\/#organization\",\"name\":\"Not\u00edcias em Destaque\",\"url\":\"https:\/\/noticiasemdestaque.com\/cd\/\",\"logo\":{\"@type\":\"ImageObject\",\"inLanguage\":\"pt-BR\",\"@id\":\"https:\/\/noticiasemdestaque.com\/cd\/#\/schema\/logo\/image\/\",\"url\":\"https:\/\/noticiasemdestaque.com\/cd\/wp-content\/uploads\/2022\/05\/imagem-base-noticiasemdestaque.png\",\"contentUrl\":\"https:\/\/noticiasemdestaque.com\/cd\/wp-content\/uploads\/2022\/05\/imagem-base-noticiasemdestaque.png\",\"width\":1200,\"height\":630,\"caption\":\"Not\u00edcias em Destaque\"},\"image\":{\"@id\":\"https:\/\/noticiasemdestaque.com\/cd\/#\/schema\/logo\/image\/\"}},{\"@type\":\"Person\",\"@id\":\"https:\/\/noticiasemdestaque.com\/cd\/#\/schema\/person\/47f7d4f55eec17c6b2ca036c5500f6ce\",\"name\":\"Not\u00edcias em Destaque\",\"url\":\"https:\/\/noticiasemdestaque.com\/cd\/?author=2\"}]}<\/script>\n<!-- \/ Yoast SEO plugin. -->","yoast_head_json":{"title":"PTB se re\u00fane na ter\u00e7a para definir posi\u00e7\u00e3o na C\u00e2mara - Not&iacute;cias em Destaque","robots":{"index":"index","follow":"follow","max-snippet":"max-snippet:-1","max-image-preview":"max-image-preview:large","max-video-preview":"max-video-preview:-1"},"canonical":"https:\/\/noticiasemdestaque.com\/cd\/?p=15305","og_locale":"pt_BR","og_type":"article","og_title":"PTB se re\u00fane na ter\u00e7a para definir posi\u00e7\u00e3o na C\u00e2mara - Not&iacute;cias em Destaque","og_description":"Os deputados federais que integram o Partido Trabalhista Brasileiro (PTB) ir\u00e3o se reunir nesta ter\u00e7a-feira (05) para discutir o posicionamento da bancada frente ao Governo do presidente Jair Bolsonaro (PSL). O deputado Wilson Santiago conversou com o\u00a0Portal MaisPB\u00a0e informou que no encontro, ser\u00e1 definido \u2018alguns entendimentos\u2019. Segundo o parlamentar, a prioridade ser\u00e1 o interesse p\u00fablico. \u201cO PTB quer o melhor para o Brasil e para a Para\u00edba. Aquilo que entendemos que \u00e9 bom para o Brasil, l\u00f3gico que devemos apoiar. Aquilo que n\u00e3o for positivo, seremos contra\u201d, afirmou. O parlamentar j\u00e1 revelou ser a favor do enxugamento do estado e foi a favor da extin\u00e7\u00e3o do Minist\u00e9rio do Trabalho, sendo estes, pontos em comum com Bolsonaro. Fonte: MaisPB","og_url":"https:\/\/noticiasemdestaque.com\/cd\/?p=15305","og_site_name":"Not&iacute;cias em Destaque","article_published_time":"2019-02-04T10:34:40+00:00","og_image":[{"width":800,"height":440,"url":"https:\/\/noticiasemdestaque.com\/cd\/wp-content\/uploads\/2019\/02\/wilson-santiago.jpg","type":"image\/jpeg"}],"author":"Not\u00edcias em Destaque","twitter_card":"summary_large_image","twitter_misc":{"Escrito por":"Not\u00edcias em Destaque","Est. tempo de leitura":"1 minuto"},"schema":{"@context":"https:\/\/schema.org","@graph":[{"@type":"Article","@id":"https:\/\/noticiasemdestaque.com\/cd\/?p=15305#article","isPartOf":{"@id":"https:\/\/noticiasemdestaque.com\/cd\/?p=15305"},"author":{"name":"Not\u00edcias em Destaque","@id":"https:\/\/noticiasemdestaque.com\/cd\/#\/schema\/person\/47f7d4f55eec17c6b2ca036c5500f6ce"},"headline":"PTB se re\u00fane na ter\u00e7a para definir posi\u00e7\u00e3o na C\u00e2mara","datePublished":"2019-02-04T10:34:40+00:00","mainEntityOfPage":{"@id":"https:\/\/noticiasemdestaque.com\/cd\/?p=15305"},"wordCount":140,"publisher":{"@id":"https:\/\/noticiasemdestaque.com\/cd\/#organization"},"image":{"@id":"https:\/\/noticiasemdestaque.com\/cd\/?p=15305#primaryimage"},"thumbnailUrl":"https:\/\/noticiasemdestaque.com\/cd\/wp-content\/uploads\/2019\/02\/wilson-santiago.jpg","articleSection":["Pol\u00edtica"],"inLanguage":"pt-BR"},{"@type":"WebPage","@id":"https:\/\/noticiasemdestaque.com\/cd\/?p=15305","url":"https:\/\/noticiasemdestaque.com\/cd\/?p=15305","name":"PTB se re\u00fane na ter\u00e7a para definir posi\u00e7\u00e3o na C\u00e2mara - Not&iacute;cias em Destaque","isPartOf":{"@id":"https:\/\/noticiasemdestaque.com\/cd\/#website"},"primaryImageOfPage":{"@id":"https:\/\/noticiasemdestaque.com\/cd\/?p=15305#primaryimage"},"image":{"@id":"https:\/\/noticiasemdestaque.com\/cd\/?p=15305#primaryimage"},"thumbnailUrl":"https:\/\/noticiasemdestaque.com\/cd\/wp-content\/uploads\/2019\/02\/wilson-santiago.jpg","datePublished":"2019-02-04T10:34:40+00:00","breadcrumb":{"@id":"https:\/\/noticiasemdestaque.com\/cd\/?p=15305#breadcrumb"},"inLanguage":"pt-BR","potentialAction":[{"@type":"ReadAction","target":["https:\/\/noticiasemdestaque.com\/cd\/?p=15305"]}]},{"@type":"ImageObject","inLanguage":"pt-BR","@id":"https:\/\/noticiasemdestaque.com\/cd\/?p=15305#primaryimage","url":"https:\/\/noticiasemdestaque.com\/cd\/wp-content\/uploads\/2019\/02\/wilson-santiago.jpg","contentUrl":"https:\/\/noticiasemdestaque.com\/cd\/wp-content\/uploads\/2019\/02\/wilson-santiago.jpg","width":800,"height":440},{"@type":"BreadcrumbList","@id":"https:\/\/noticiasemdestaque.com\/cd\/?p=15305#breadcrumb","itemListElement":[{"@type":"ListItem","position":1,"name":"In\u00edcio","item":"https:\/\/noticiasemdestaque.com\/cd\/"},{"@type":"ListItem","position":2,"name":"PTB se re\u00fane na ter\u00e7a para definir posi\u00e7\u00e3o na C\u00e2mara"}]},{"@type":"WebSite","@id":"https:\/\/noticiasemdestaque.com\/cd\/#website","url":"https:\/\/noticiasemdestaque.com\/cd\/","name":"Not&iacute;cias em Destaque","description":"","publisher":{"@id":"https:\/\/noticiasemdestaque.com\/cd\/#organization"},"potentialAction":[{"@type":"SearchAction","target":{"@type":"EntryPoint","urlTemplate":"https:\/\/noticiasemdestaque.com\/cd\/?s={search_term_string}"},"query-input":{"@type":"PropertyValueSpecification","valueRequired":true,"valueName":"search_term_string"}}],"inLanguage":"pt-BR"},{"@type":"Organization","@id":"https:\/\/noticiasemdestaque.com\/cd\/#organization","name":"Not\u00edcias em Destaque","url":"https:\/\/noticiasemdestaque.com\/cd\/","logo":{"@type":"ImageObject","inLanguage":"pt-BR","@id":"https:\/\/noticiasemdestaque.com\/cd\/#\/schema\/logo\/image\/","url":"https:\/\/noticiasemdestaque.com\/cd\/wp-content\/uploads\/2022\/05\/imagem-base-noticiasemdestaque.png","contentUrl":"https:\/\/noticiasemdestaque.com\/cd\/wp-content\/uploads\/2022\/05\/imagem-base-noticiasemdestaque.png","width":1200,"height":630,"caption":"Not\u00edcias em Destaque"},"image":{"@id":"https:\/\/noticiasemdestaque.com\/cd\/#\/schema\/logo\/image\/"}},{"@type":"Person","@id":"https:\/\/noticiasemdestaque.com\/cd\/#\/schema\/person\/47f7d4f55eec17c6b2ca036c5500f6ce","name":"Not\u00edcias em Destaque","url":"https:\/\/noticiasemdestaque.com\/cd\/?author=2"}]}},"jetpack_featured_media_url":"https:\/\/noticiasemdestaque.com\/cd\/wp-content\/uploads\/2019\/02\/wilson-santiago.jpg","jetpack_sharing_enabled":true,"_links":{"self":[{"href":"https:\/\/noticiasemdestaque.com\/cd\/index.php?rest_route=\/wp\/v2\/posts\/15305","targetHints":{"allow":["GET"]}}],"collection":[{"href":"https:\/\/noticiasemdestaque.com\/cd\/index.php?rest_route=\/wp\/v2\/posts"}],"about":[{"href":"https:\/\/noticiasemdestaque.com\/cd\/index.php?rest_route=\/wp\/v2\/types\/post"}],"author":[{"embeddable":true,"href":"https:\/\/noticiasemdestaque.com\/cd\/index.php?rest_route=\/wp\/v2\/users\/2"}],"replies":[{"embeddable":true,"href":"https:\/\/noticiasemdestaque.com\/cd\/index.php?rest_route=%2Fwp%2Fv2%2Fcomments&post=15305"}],"version-history":[{"count":1,"href":"https:\/\/noticiasemdestaque.com\/cd\/index.php?rest_route=\/wp\/v2\/posts\/15305\/revisions"}],"predecessor-version":[{"id":15307,"href":"https:\/\/noticiasemdestaque.com\/cd\/index.php?rest_route=\/wp\/v2\/posts\/15305\/revisions\/15307"}],"wp:featuredmedia":[{"embeddable":true,"href":"https:\/\/noticiasemdestaque.com\/cd\/index.php?rest_route=\/wp\/v2\/media\/15306"}],"wp:attachment":[{"href":"https:\/\/noticiasemdestaque.com\/cd\/index.php?rest_route=%2Fwp%2Fv2%2Fmedia&parent=15305"}],"wp:term":[{"taxonomy":"category","embeddable":true,"href":"https:\/\/noticiasemdestaque.com\/cd\/index.php?rest_route=%2Fwp%2Fv2%2Fcategories&post=15305"},{"taxonomy":"post_tag","embeddable":true,"href":"https:\/\/noticiasemdestaque.com\/cd\/index.php?rest_route=%2Fwp%2Fv2%2Ftags&post=15305"}],"curies":[{"name":"wp","href":"https:\/\/api.w.org\/{rel}","templated":true}]}}