{"id":15303,"date":"2019-02-04T07:32:02","date_gmt":"2019-02-04T10:32:02","guid":{"rendered":"http:\/\/noticiasemdestaque.com\/cd\/?p=15303"},"modified":"2019-02-04T07:32:02","modified_gmt":"2019-02-04T10:32:02","slug":"moro-vai-apresentar-pl-anticrime-a-governadores-e-secretarios","status":"publish","type":"post","link":"https:\/\/noticiasemdestaque.com\/cd\/?p=15303","title":{"rendered":"Moro vai apresentar PL Anticrime a governadores e secret\u00e1rios"},"content":{"rendered":"<p><a href=\"https:\/\/noticiasemdestaque.com\/cd\/wp-content\/uploads\/2018\/11\/S\u00e9rgio-Moro.jpg\"><img fetchpriority=\"high\" decoding=\"async\" class=\"alignnone size-full wp-image-13801\" src=\"https:\/\/noticiasemdestaque.com\/cd\/wp-content\/uploads\/2018\/11\/S\u00e9rgio-Moro.jpg\" alt=\"\" width=\"590\" height=\"395\" srcset=\"https:\/\/noticiasemdestaque.com\/cd\/wp-content\/uploads\/2018\/11\/S\u00e9rgio-Moro.jpg 590w, https:\/\/noticiasemdestaque.com\/cd\/wp-content\/uploads\/2018\/11\/S\u00e9rgio-Moro-300x201.jpg 300w, https:\/\/noticiasemdestaque.com\/cd\/wp-content\/uploads\/2018\/11\/S\u00e9rgio-Moro-480x320.jpg 480w\" sizes=\"(max-width: 590px) 100vw, 590px\" \/><\/a>O ministro da Justi\u00e7a e Seguran\u00e7a P\u00fablica, Sergio Moro, apresenta hoje(04\/02) o novo Projeto de Lei Anticrime a governadores e secret\u00e1rios de seguran\u00e7a p\u00fablica dos estados. De acordo com a pasta, ser\u00e3o apresentadas propostas de combate \u00e0 corrup\u00e7\u00e3o, ao crime organizado e aos crimes violentos.<\/p>\n<p>O texto ser\u00e1 enviado ao Congresso Nacional para an\u00e1lise dos parlamentares nos pr\u00f3ximos dias e faz parte das metas priorit\u00e1rias dos cem dias de trabalho do governo federal.<\/p>\n<p>Em v\u00eddeo publicado nas redes sociais do minist\u00e9rio, Moro afirmou que as medidas de combate t\u00eam objetivo de combater ao mesmo tempo diversas modalidades criminosas.<\/p>\n<p>\u201cO crime organizado alimenta a corrup\u00e7\u00e3o, alimenta o crime violento, boa parte dos homic\u00eddios s\u00e3o relacionados, por exemplo,\u00e0 disputa do tr\u00e1fico de drogas, ou d\u00edvidas de drogas, e pelo lado da corrup\u00e7\u00e3o, esvazia os recursos p\u00fablicos que s\u00e3o necess\u00e1rios para implementar essas pol\u00edticas de seguran\u00e7a p\u00fablica efetivas. Ent\u00e3o, \u00e9 um projeto simples, com medidas bastante objetivas, bem f\u00e1ceis de serem explicadas ponto a ponto, para poder enfrentar esses tr\u00eas problemas\u201d, diz.<\/p>\n<p>Por tratar-se de mat\u00e9ria criminal, as medidas precisam da aprova\u00e7\u00e3o da C\u00e2mara dos Deputados e do Senado para entrarem em vigor.<\/p>\n","protected":false},"excerpt":{"rendered":"<p>O ministro da Justi\u00e7a e Seguran\u00e7a P\u00fablica, Sergio Moro, apresenta hoje(04\/02) o novo Projeto de Lei Anticrime a governadores e secret\u00e1rios de seguran\u00e7a p\u00fablica dos estados. De acordo com a pasta, ser\u00e3o apresentadas propostas de combate \u00e0 corrup\u00e7\u00e3o, ao crime organizado e aos crimes violentos. O texto ser\u00e1 enviado ao Congresso Nacional para an\u00e1lise dos parlamentares nos pr\u00f3ximos dias e faz parte das metas priorit\u00e1rias dos cem dias de trabalho do governo federal. Em v\u00eddeo publicado nas redes sociais do minist\u00e9rio, Moro afirmou que as medidas de combate t\u00eam objetivo de combater ao mesmo tempo diversas modalidades criminosas. \u201cO crime organizado alimenta a corrup\u00e7\u00e3o, alimenta o crime violento, boa parte dos homic\u00eddios s\u00e3o relacionados, por exemplo,\u00e0 disputa do tr\u00e1fico de drogas, ou d\u00edvidas de drogas, e pelo lado da corrup\u00e7\u00e3o, esvazia os recursos p\u00fablicos que s\u00e3o necess\u00e1rios para implementar essas pol\u00edticas de seguran\u00e7a p\u00fablica efetivas. Ent\u00e3o, \u00e9 um projeto simples, com medidas bastante objetivas, bem f\u00e1ceis de serem explicadas ponto a ponto, para poder enfrentar esses tr\u00eas problemas\u201d, diz. Por tratar-se de mat\u00e9ria criminal, as medidas precisam da aprova\u00e7\u00e3o da C\u00e2mara dos Deputados e do Senado para entrarem em vigor.<\/p>\n","protected":false},"author":2,"featured_media":13801,"comment_status":"closed","ping_status":"open","sticky":false,"template":"","format":"standard","meta":{"_eb_attr":"","_jetpack_memberships_contains_paid_content":false,"footnotes":""},"categories":[4],"tags":[],"class_list":["post-15303","post","type-post","status-publish","format-standard","has-post-thumbnail","hentry","category-politica"],"yoast_head":"<!-- This site is optimized with the Yoast SEO plugin v26.5 - https:\/\/yoast.com\/wordpress\/plugins\/seo\/ -->\n<title>Moro vai apresentar PL Anticrime a governadores e secret\u00e1rios - Not&iacute;cias em Destaque<\/title>\n<meta name=\"robots\" content=\"index, follow, max-snippet:-1, max-image-preview:large, max-video-preview:-1\" \/>\n<link rel=\"canonical\" href=\"https:\/\/noticiasemdestaque.com\/cd\/?p=15303\" \/>\n<meta property=\"og:locale\" content=\"pt_BR\" \/>\n<meta property=\"og:type\" content=\"article\" \/>\n<meta property=\"og:title\" content=\"Moro vai apresentar PL Anticrime a governadores e secret\u00e1rios - Not&iacute;cias em Destaque\" \/>\n<meta property=\"og:description\" content=\"O ministro da Justi\u00e7a e Seguran\u00e7a P\u00fablica, Sergio Moro, apresenta hoje(04\/02) o novo Projeto de Lei Anticrime a governadores e secret\u00e1rios de seguran\u00e7a p\u00fablica dos estados. De acordo com a pasta, ser\u00e3o apresentadas propostas de combate \u00e0 corrup\u00e7\u00e3o, ao crime organizado e aos crimes violentos. O texto ser\u00e1 enviado ao Congresso Nacional para an\u00e1lise dos parlamentares nos pr\u00f3ximos dias e faz parte das metas priorit\u00e1rias dos cem dias de trabalho do governo federal. Em v\u00eddeo publicado nas redes sociais do minist\u00e9rio, Moro afirmou que as medidas de combate t\u00eam objetivo de combater ao mesmo tempo diversas modalidades criminosas. \u201cO crime organizado alimenta a corrup\u00e7\u00e3o, alimenta o crime violento, boa parte dos homic\u00eddios s\u00e3o relacionados, por exemplo,\u00e0 disputa do tr\u00e1fico de drogas, ou d\u00edvidas de drogas, e pelo lado da corrup\u00e7\u00e3o, esvazia os recursos p\u00fablicos que s\u00e3o necess\u00e1rios para implementar essas pol\u00edticas de seguran\u00e7a p\u00fablica efetivas. Ent\u00e3o, \u00e9 um projeto simples, com medidas bastante objetivas, bem f\u00e1ceis de serem explicadas ponto a ponto, para poder enfrentar esses tr\u00eas problemas\u201d, diz. Por tratar-se de mat\u00e9ria criminal, as medidas precisam da aprova\u00e7\u00e3o da C\u00e2mara dos Deputados e do Senado para entrarem em vigor.\" \/>\n<meta property=\"og:url\" content=\"https:\/\/noticiasemdestaque.com\/cd\/?p=15303\" \/>\n<meta property=\"og:site_name\" content=\"Not&iacute;cias em Destaque\" \/>\n<meta property=\"article:published_time\" content=\"2019-02-04T10:32:02+00:00\" \/>\n<meta property=\"og:image\" content=\"https:\/\/noticiasemdestaque.com\/cd\/wp-content\/uploads\/2018\/11\/S\u00e9rgio-Moro.jpg\" \/>\n\t<meta property=\"og:image:width\" content=\"590\" \/>\n\t<meta property=\"og:image:height\" content=\"395\" \/>\n\t<meta property=\"og:image:type\" content=\"image\/jpeg\" \/>\n<meta name=\"author\" content=\"Not\u00edcias em Destaque\" \/>\n<meta name=\"twitter:card\" content=\"summary_large_image\" \/>\n<meta name=\"twitter:label1\" content=\"Escrito por\" \/>\n\t<meta name=\"twitter:data1\" content=\"Not\u00edcias em Destaque\" \/>\n\t<meta name=\"twitter:label2\" content=\"Est. tempo de leitura\" \/>\n\t<meta name=\"twitter:data2\" content=\"1 minuto\" \/>\n<script type=\"application\/ld+json\" class=\"yoast-schema-graph\">{\"@context\":\"https:\/\/schema.org\",\"@graph\":[{\"@type\":\"Article\",\"@id\":\"https:\/\/noticiasemdestaque.com\/cd\/?p=15303#article\",\"isPartOf\":{\"@id\":\"https:\/\/noticiasemdestaque.com\/cd\/?p=15303\"},\"author\":{\"name\":\"Not\u00edcias em Destaque\",\"@id\":\"https:\/\/noticiasemdestaque.com\/cd\/#\/schema\/person\/47f7d4f55eec17c6b2ca036c5500f6ce\"},\"headline\":\"Moro vai apresentar PL Anticrime a governadores e secret\u00e1rios\",\"datePublished\":\"2019-02-04T10:32:02+00:00\",\"mainEntityOfPage\":{\"@id\":\"https:\/\/noticiasemdestaque.com\/cd\/?p=15303\"},\"wordCount\":230,\"publisher\":{\"@id\":\"https:\/\/noticiasemdestaque.com\/cd\/#organization\"},\"image\":{\"@id\":\"https:\/\/noticiasemdestaque.com\/cd\/?p=15303#primaryimage\"},\"thumbnailUrl\":\"https:\/\/noticiasemdestaque.com\/cd\/wp-content\/uploads\/2018\/11\/S\u00e9rgio-Moro.jpg\",\"articleSection\":[\"Pol\u00edtica\"],\"inLanguage\":\"pt-BR\"},{\"@type\":\"WebPage\",\"@id\":\"https:\/\/noticiasemdestaque.com\/cd\/?p=15303\",\"url\":\"https:\/\/noticiasemdestaque.com\/cd\/?p=15303\",\"name\":\"Moro vai apresentar PL Anticrime a governadores e secret\u00e1rios - Not&iacute;cias em Destaque\",\"isPartOf\":{\"@id\":\"https:\/\/noticiasemdestaque.com\/cd\/#website\"},\"primaryImageOfPage\":{\"@id\":\"https:\/\/noticiasemdestaque.com\/cd\/?p=15303#primaryimage\"},\"image\":{\"@id\":\"https:\/\/noticiasemdestaque.com\/cd\/?p=15303#primaryimage\"},\"thumbnailUrl\":\"https:\/\/noticiasemdestaque.com\/cd\/wp-content\/uploads\/2018\/11\/S\u00e9rgio-Moro.jpg\",\"datePublished\":\"2019-02-04T10:32:02+00:00\",\"breadcrumb\":{\"@id\":\"https:\/\/noticiasemdestaque.com\/cd\/?p=15303#breadcrumb\"},\"inLanguage\":\"pt-BR\",\"potentialAction\":[{\"@type\":\"ReadAction\",\"target\":[\"https:\/\/noticiasemdestaque.com\/cd\/?p=15303\"]}]},{\"@type\":\"ImageObject\",\"inLanguage\":\"pt-BR\",\"@id\":\"https:\/\/noticiasemdestaque.com\/cd\/?p=15303#primaryimage\",\"url\":\"https:\/\/noticiasemdestaque.com\/cd\/wp-content\/uploads\/2018\/11\/S\u00e9rgio-Moro.jpg\",\"contentUrl\":\"https:\/\/noticiasemdestaque.com\/cd\/wp-content\/uploads\/2018\/11\/S\u00e9rgio-Moro.jpg\",\"width\":590,\"height\":395},{\"@type\":\"BreadcrumbList\",\"@id\":\"https:\/\/noticiasemdestaque.com\/cd\/?p=15303#breadcrumb\",\"itemListElement\":[{\"@type\":\"ListItem\",\"position\":1,\"name\":\"In\u00edcio\",\"item\":\"https:\/\/noticiasemdestaque.com\/cd\/\"},{\"@type\":\"ListItem\",\"position\":2,\"name\":\"Moro vai apresentar PL Anticrime a governadores e secret\u00e1rios\"}]},{\"@type\":\"WebSite\",\"@id\":\"https:\/\/noticiasemdestaque.com\/cd\/#website\",\"url\":\"https:\/\/noticiasemdestaque.com\/cd\/\",\"name\":\"Not&iacute;cias em Destaque\",\"description\":\"\",\"publisher\":{\"@id\":\"https:\/\/noticiasemdestaque.com\/cd\/#organization\"},\"potentialAction\":[{\"@type\":\"SearchAction\",\"target\":{\"@type\":\"EntryPoint\",\"urlTemplate\":\"https:\/\/noticiasemdestaque.com\/cd\/?s={search_term_string}\"},\"query-input\":{\"@type\":\"PropertyValueSpecification\",\"valueRequired\":true,\"valueName\":\"search_term_string\"}}],\"inLanguage\":\"pt-BR\"},{\"@type\":\"Organization\",\"@id\":\"https:\/\/noticiasemdestaque.com\/cd\/#organization\",\"name\":\"Not\u00edcias em Destaque\",\"url\":\"https:\/\/noticiasemdestaque.com\/cd\/\",\"logo\":{\"@type\":\"ImageObject\",\"inLanguage\":\"pt-BR\",\"@id\":\"https:\/\/noticiasemdestaque.com\/cd\/#\/schema\/logo\/image\/\",\"url\":\"https:\/\/noticiasemdestaque.com\/cd\/wp-content\/uploads\/2022\/05\/imagem-base-noticiasemdestaque.png\",\"contentUrl\":\"https:\/\/noticiasemdestaque.com\/cd\/wp-content\/uploads\/2022\/05\/imagem-base-noticiasemdestaque.png\",\"width\":1200,\"height\":630,\"caption\":\"Not\u00edcias em Destaque\"},\"image\":{\"@id\":\"https:\/\/noticiasemdestaque.com\/cd\/#\/schema\/logo\/image\/\"}},{\"@type\":\"Person\",\"@id\":\"https:\/\/noticiasemdestaque.com\/cd\/#\/schema\/person\/47f7d4f55eec17c6b2ca036c5500f6ce\",\"name\":\"Not\u00edcias em Destaque\",\"url\":\"https:\/\/noticiasemdestaque.com\/cd\/?author=2\"}]}<\/script>\n<!-- \/ Yoast SEO plugin. -->","yoast_head_json":{"title":"Moro vai apresentar PL Anticrime a governadores e secret\u00e1rios - Not&iacute;cias em Destaque","robots":{"index":"index","follow":"follow","max-snippet":"max-snippet:-1","max-image-preview":"max-image-preview:large","max-video-preview":"max-video-preview:-1"},"canonical":"https:\/\/noticiasemdestaque.com\/cd\/?p=15303","og_locale":"pt_BR","og_type":"article","og_title":"Moro vai apresentar PL Anticrime a governadores e secret\u00e1rios - Not&iacute;cias em Destaque","og_description":"O ministro da Justi\u00e7a e Seguran\u00e7a P\u00fablica, Sergio Moro, apresenta hoje(04\/02) o novo Projeto de Lei Anticrime a governadores e secret\u00e1rios de seguran\u00e7a p\u00fablica dos estados. De acordo com a pasta, ser\u00e3o apresentadas propostas de combate \u00e0 corrup\u00e7\u00e3o, ao crime organizado e aos crimes violentos. O texto ser\u00e1 enviado ao Congresso Nacional para an\u00e1lise dos parlamentares nos pr\u00f3ximos dias e faz parte das metas priorit\u00e1rias dos cem dias de trabalho do governo federal. Em v\u00eddeo publicado nas redes sociais do minist\u00e9rio, Moro afirmou que as medidas de combate t\u00eam objetivo de combater ao mesmo tempo diversas modalidades criminosas. \u201cO crime organizado alimenta a corrup\u00e7\u00e3o, alimenta o crime violento, boa parte dos homic\u00eddios s\u00e3o relacionados, por exemplo,\u00e0 disputa do tr\u00e1fico de drogas, ou d\u00edvidas de drogas, e pelo lado da corrup\u00e7\u00e3o, esvazia os recursos p\u00fablicos que s\u00e3o necess\u00e1rios para implementar essas pol\u00edticas de seguran\u00e7a p\u00fablica efetivas. Ent\u00e3o, \u00e9 um projeto simples, com medidas bastante objetivas, bem f\u00e1ceis de serem explicadas ponto a ponto, para poder enfrentar esses tr\u00eas problemas\u201d, diz. Por tratar-se de mat\u00e9ria criminal, as medidas precisam da aprova\u00e7\u00e3o da C\u00e2mara dos Deputados e do Senado para entrarem em vigor.","og_url":"https:\/\/noticiasemdestaque.com\/cd\/?p=15303","og_site_name":"Not&iacute;cias em Destaque","article_published_time":"2019-02-04T10:32:02+00:00","og_image":[{"width":590,"height":395,"url":"https:\/\/noticiasemdestaque.com\/cd\/wp-content\/uploads\/2018\/11\/S\u00e9rgio-Moro.jpg","type":"image\/jpeg"}],"author":"Not\u00edcias em Destaque","twitter_card":"summary_large_image","twitter_misc":{"Escrito por":"Not\u00edcias em Destaque","Est. tempo de leitura":"1 minuto"},"schema":{"@context":"https:\/\/schema.org","@graph":[{"@type":"Article","@id":"https:\/\/noticiasemdestaque.com\/cd\/?p=15303#article","isPartOf":{"@id":"https:\/\/noticiasemdestaque.com\/cd\/?p=15303"},"author":{"name":"Not\u00edcias em Destaque","@id":"https:\/\/noticiasemdestaque.com\/cd\/#\/schema\/person\/47f7d4f55eec17c6b2ca036c5500f6ce"},"headline":"Moro vai apresentar PL Anticrime a governadores e secret\u00e1rios","datePublished":"2019-02-04T10:32:02+00:00","mainEntityOfPage":{"@id":"https:\/\/noticiasemdestaque.com\/cd\/?p=15303"},"wordCount":230,"publisher":{"@id":"https:\/\/noticiasemdestaque.com\/cd\/#organization"},"image":{"@id":"https:\/\/noticiasemdestaque.com\/cd\/?p=15303#primaryimage"},"thumbnailUrl":"https:\/\/noticiasemdestaque.com\/cd\/wp-content\/uploads\/2018\/11\/S\u00e9rgio-Moro.jpg","articleSection":["Pol\u00edtica"],"inLanguage":"pt-BR"},{"@type":"WebPage","@id":"https:\/\/noticiasemdestaque.com\/cd\/?p=15303","url":"https:\/\/noticiasemdestaque.com\/cd\/?p=15303","name":"Moro vai apresentar PL Anticrime a governadores e secret\u00e1rios - Not&iacute;cias em Destaque","isPartOf":{"@id":"https:\/\/noticiasemdestaque.com\/cd\/#website"},"primaryImageOfPage":{"@id":"https:\/\/noticiasemdestaque.com\/cd\/?p=15303#primaryimage"},"image":{"@id":"https:\/\/noticiasemdestaque.com\/cd\/?p=15303#primaryimage"},"thumbnailUrl":"https:\/\/noticiasemdestaque.com\/cd\/wp-content\/uploads\/2018\/11\/S\u00e9rgio-Moro.jpg","datePublished":"2019-02-04T10:32:02+00:00","breadcrumb":{"@id":"https:\/\/noticiasemdestaque.com\/cd\/?p=15303#breadcrumb"},"inLanguage":"pt-BR","potentialAction":[{"@type":"ReadAction","target":["https:\/\/noticiasemdestaque.com\/cd\/?p=15303"]}]},{"@type":"ImageObject","inLanguage":"pt-BR","@id":"https:\/\/noticiasemdestaque.com\/cd\/?p=15303#primaryimage","url":"https:\/\/noticiasemdestaque.com\/cd\/wp-content\/uploads\/2018\/11\/S\u00e9rgio-Moro.jpg","contentUrl":"https:\/\/noticiasemdestaque.com\/cd\/wp-content\/uploads\/2018\/11\/S\u00e9rgio-Moro.jpg","width":590,"height":395},{"@type":"BreadcrumbList","@id":"https:\/\/noticiasemdestaque.com\/cd\/?p=15303#breadcrumb","itemListElement":[{"@type":"ListItem","position":1,"name":"In\u00edcio","item":"https:\/\/noticiasemdestaque.com\/cd\/"},{"@type":"ListItem","position":2,"name":"Moro vai apresentar PL Anticrime a governadores e secret\u00e1rios"}]},{"@type":"WebSite","@id":"https:\/\/noticiasemdestaque.com\/cd\/#website","url":"https:\/\/noticiasemdestaque.com\/cd\/","name":"Not&iacute;cias em Destaque","description":"","publisher":{"@id":"https:\/\/noticiasemdestaque.com\/cd\/#organization"},"potentialAction":[{"@type":"SearchAction","target":{"@type":"EntryPoint","urlTemplate":"https:\/\/noticiasemdestaque.com\/cd\/?s={search_term_string}"},"query-input":{"@type":"PropertyValueSpecification","valueRequired":true,"valueName":"search_term_string"}}],"inLanguage":"pt-BR"},{"@type":"Organization","@id":"https:\/\/noticiasemdestaque.com\/cd\/#organization","name":"Not\u00edcias em Destaque","url":"https:\/\/noticiasemdestaque.com\/cd\/","logo":{"@type":"ImageObject","inLanguage":"pt-BR","@id":"https:\/\/noticiasemdestaque.com\/cd\/#\/schema\/logo\/image\/","url":"https:\/\/noticiasemdestaque.com\/cd\/wp-content\/uploads\/2022\/05\/imagem-base-noticiasemdestaque.png","contentUrl":"https:\/\/noticiasemdestaque.com\/cd\/wp-content\/uploads\/2022\/05\/imagem-base-noticiasemdestaque.png","width":1200,"height":630,"caption":"Not\u00edcias em Destaque"},"image":{"@id":"https:\/\/noticiasemdestaque.com\/cd\/#\/schema\/logo\/image\/"}},{"@type":"Person","@id":"https:\/\/noticiasemdestaque.com\/cd\/#\/schema\/person\/47f7d4f55eec17c6b2ca036c5500f6ce","name":"Not\u00edcias em Destaque","url":"https:\/\/noticiasemdestaque.com\/cd\/?author=2"}]}},"jetpack_featured_media_url":"https:\/\/noticiasemdestaque.com\/cd\/wp-content\/uploads\/2018\/11\/S\u00e9rgio-Moro.jpg","jetpack_sharing_enabled":true,"_links":{"self":[{"href":"https:\/\/noticiasemdestaque.com\/cd\/index.php?rest_route=\/wp\/v2\/posts\/15303","targetHints":{"allow":["GET"]}}],"collection":[{"href":"https:\/\/noticiasemdestaque.com\/cd\/index.php?rest_route=\/wp\/v2\/posts"}],"about":[{"href":"https:\/\/noticiasemdestaque.com\/cd\/index.php?rest_route=\/wp\/v2\/types\/post"}],"author":[{"embeddable":true,"href":"https:\/\/noticiasemdestaque.com\/cd\/index.php?rest_route=\/wp\/v2\/users\/2"}],"replies":[{"embeddable":true,"href":"https:\/\/noticiasemdestaque.com\/cd\/index.php?rest_route=%2Fwp%2Fv2%2Fcomments&post=15303"}],"version-history":[{"count":1,"href":"https:\/\/noticiasemdestaque.com\/cd\/index.php?rest_route=\/wp\/v2\/posts\/15303\/revisions"}],"predecessor-version":[{"id":15304,"href":"https:\/\/noticiasemdestaque.com\/cd\/index.php?rest_route=\/wp\/v2\/posts\/15303\/revisions\/15304"}],"wp:featuredmedia":[{"embeddable":true,"href":"https:\/\/noticiasemdestaque.com\/cd\/index.php?rest_route=\/wp\/v2\/media\/13801"}],"wp:attachment":[{"href":"https:\/\/noticiasemdestaque.com\/cd\/index.php?rest_route=%2Fwp%2Fv2%2Fmedia&parent=15303"}],"wp:term":[{"taxonomy":"category","embeddable":true,"href":"https:\/\/noticiasemdestaque.com\/cd\/index.php?rest_route=%2Fwp%2Fv2%2Fcategories&post=15303"},{"taxonomy":"post_tag","embeddable":true,"href":"https:\/\/noticiasemdestaque.com\/cd\/index.php?rest_route=%2Fwp%2Fv2%2Ftags&post=15303"}],"curies":[{"name":"wp","href":"https:\/\/api.w.org\/{rel}","templated":true}]}}