{"id":15210,"date":"2019-01-31T07:38:15","date_gmt":"2019-01-31T10:38:15","guid":{"rendered":"http:\/\/noticiasemdestaque.com\/cd\/?p=15210"},"modified":"2019-01-31T07:38:15","modified_gmt":"2019-01-31T10:38:15","slug":"prazo-para-pagar-ipva-de-placa-final-1-com-desconto-de-10-termina-nesta-quinta-feira","status":"publish","type":"post","link":"https:\/\/noticiasemdestaque.com\/cd\/?p=15210","title":{"rendered":"Prazo para pagar IPVA de placa final 1 com desconto de 10% termina nesta quinta-feira"},"content":{"rendered":"<p><a href=\"https:\/\/noticiasemdestaque.com\/cd\/wp-content\/uploads\/2019\/01\/IPVA-PLACA-FINAL-0.jpg\"><img fetchpriority=\"high\" decoding=\"async\" class=\"wp-image-15211 aligncenter\" src=\"https:\/\/noticiasemdestaque.com\/cd\/wp-content\/uploads\/2019\/01\/IPVA-PLACA-FINAL-0-1024x518.jpg\" alt=\"\" width=\"502\" height=\"254\" srcset=\"https:\/\/noticiasemdestaque.com\/cd\/wp-content\/uploads\/2019\/01\/IPVA-PLACA-FINAL-0-1024x518.jpg 1024w, https:\/\/noticiasemdestaque.com\/cd\/wp-content\/uploads\/2019\/01\/IPVA-PLACA-FINAL-0-300x152.jpg 300w, https:\/\/noticiasemdestaque.com\/cd\/wp-content\/uploads\/2019\/01\/IPVA-PLACA-FINAL-0-768x388.jpg 768w, https:\/\/noticiasemdestaque.com\/cd\/wp-content\/uploads\/2019\/01\/IPVA-PLACA-FINAL-0.jpg 1200w\" sizes=\"(max-width: 502px) 100vw, 502px\" \/><\/a><\/p>\n<p>Os contribuintes paraibanos com ve\u00edculos de placa final 1 t\u00eam at\u00e9 esta quinta-feira, dia 31 de janeiro, para optar pelo pagamento da cota \u00fanica \u00e0 vista do IPVA (Imposto Sobre a Propriedade de Ve\u00edculos Automotores) com direito a desconto de 10%. Contudo, os propriet\u00e1rios t\u00eam outras duas op\u00e7\u00f5es: o parcelamento em tr\u00eas vezes sem desconto, sendo a primeira com vencimento no dia 31 deste m\u00eas; e o pagamento total do IPVA apenas no dia 29 de mar\u00e7o, tamb\u00e9m sem desconto de 10%.<\/p>\n<p>A Receita Estadual lan\u00e7ou 70,312 mil documentos para serem emitidos com final de placa final 1. O boleto do IPVA somente pode ser impresso na internet, por meio do link\u00a0<a class=\"external-link\" title=\"\" href=\"https:\/\/www.receita.pb.gov.br\/ser\/info\/ipva\" target=\"_self\">https:\/\/www.receita.pb.gov.br\/ser\/info\/ipva<\/a>\u00a0ou no Detran-PB\u00a0<a class=\"external-link\" title=\"\" href=\"http:\/\/www.detran.pb.gov.br\/\" target=\"_self\">www.detran.pb.gov.br<\/a>\u00a0ou ent\u00e3o impresso nas reparti\u00e7\u00f5es fiscais e nas unidades do Detran-PB ou nos terminais de autoatendimento instalados pelo Departamento Estadual de Tr\u00e2nsito da Para\u00edba (Detran-PB).<\/p>\n<p><strong>Onde pagar<\/strong>\u00a0\u2013 Al\u00e9m dos guich\u00eas das ag\u00eancias do Banco do Brasil e dos caixas de autoatendimento, os contribuintes poder\u00e3o pagar de forma mais pr\u00e1tica no mobile banking \u2013 aplicativo para aparelhos m\u00f3veis como smartphones.<\/p>\n<p><strong>Comprova\u00e7\u00e3o da isen\u00e7\u00e3o<\/strong>\u00a0&#8211; Os propriet\u00e1rios de ve\u00edculos de placa final 1 no Estado da Para\u00edba, que fizeram o requerimento para ter isen\u00e7\u00e3o do IPVA no ano passado, t\u00eam tamb\u00e9m at\u00e9 esta pr\u00f3xima quinta-feira (31) para realizar a comprova\u00e7\u00e3o dos documentos do requerimento em uma reparti\u00e7\u00e3o fiscal mais pr\u00f3xima do seu domic\u00edlio.<\/p>\n<p>Categorias como, por exemplo, taxistas, portadores de defici\u00eancia (f\u00edsica, visual, mental ou autista), ve\u00edculos cadastrados no Minist\u00e9rio do Turismo na qualidade de transporte tur\u00edstico; motofrentistas e de motoboys at\u00e9 150 cc (cilindradas), de placa final 1, que requereram no ano passado a isen\u00e7\u00e3o do IPVA, precisam levar agora a comprova\u00e7\u00e3o de documentos para gozar do direito da isen\u00e7\u00e3o em 2019. Neste mesmo dia, essas categorias j\u00e1 podem requerer a isen\u00e7\u00e3o de 2020.<\/p>\n","protected":false},"excerpt":{"rendered":"<p>Os contribuintes paraibanos com ve\u00edculos de placa final 1 t\u00eam at\u00e9 esta quinta-feira, dia 31 de janeiro, para optar pelo pagamento da cota \u00fanica \u00e0 vista do IPVA (Imposto Sobre a Propriedade de Ve\u00edculos Automotores) com direito a desconto de 10%. Contudo, os propriet\u00e1rios t\u00eam outras duas op\u00e7\u00f5es: o parcelamento em tr\u00eas vezes sem desconto, sendo a primeira com vencimento no dia 31 deste m\u00eas; e o pagamento total do IPVA apenas no dia 29 de mar\u00e7o, tamb\u00e9m sem desconto de 10%. A Receita Estadual lan\u00e7ou 70,312 mil documentos para serem emitidos com final de placa final 1. O boleto do IPVA somente pode ser impresso na internet, por meio do link\u00a0https:\/\/www.receita.pb.gov.br\/ser\/info\/ipva\u00a0ou no Detran-PB\u00a0www.detran.pb.gov.br\u00a0ou ent\u00e3o impresso nas reparti\u00e7\u00f5es fiscais e nas unidades do Detran-PB ou nos terminais de autoatendimento instalados pelo Departamento Estadual de Tr\u00e2nsito da Para\u00edba (Detran-PB). Onde pagar\u00a0\u2013 Al\u00e9m dos guich\u00eas das ag\u00eancias do Banco do Brasil e dos caixas de autoatendimento, os contribuintes poder\u00e3o pagar de forma mais pr\u00e1tica no mobile banking \u2013 aplicativo para aparelhos m\u00f3veis como smartphones. Comprova\u00e7\u00e3o da isen\u00e7\u00e3o\u00a0&#8211; Os propriet\u00e1rios de ve\u00edculos de placa final 1 no Estado da Para\u00edba, que fizeram o requerimento para ter isen\u00e7\u00e3o do IPVA no ano passado, t\u00eam tamb\u00e9m at\u00e9 esta pr\u00f3xima quinta-feira (31) para realizar a comprova\u00e7\u00e3o dos documentos do requerimento em uma reparti\u00e7\u00e3o fiscal mais pr\u00f3xima do seu domic\u00edlio. Categorias como, por exemplo, taxistas, portadores de defici\u00eancia (f\u00edsica, visual, mental ou autista), ve\u00edculos cadastrados no Minist\u00e9rio do Turismo na qualidade de transporte tur\u00edstico; motofrentistas e de motoboys at\u00e9 150 cc (cilindradas), de placa final 1, que requereram no ano passado a isen\u00e7\u00e3o do IPVA, precisam levar agora a comprova\u00e7\u00e3o de documentos para gozar do direito da isen\u00e7\u00e3o em 2019. Neste mesmo dia, essas categorias j\u00e1 podem requerer a isen\u00e7\u00e3o de 2020.<\/p>\n","protected":false},"author":2,"featured_media":15211,"comment_status":"closed","ping_status":"open","sticky":false,"template":"","format":"standard","meta":{"_eb_attr":"","_jetpack_memberships_contains_paid_content":false,"footnotes":""},"categories":[12],"tags":[],"class_list":["post-15210","post","type-post","status-publish","format-standard","has-post-thumbnail","hentry","category-geral"],"yoast_head":"<!-- This site is optimized with the Yoast SEO plugin v26.5 - https:\/\/yoast.com\/wordpress\/plugins\/seo\/ -->\n<title>Prazo para pagar IPVA de placa final 1 com desconto de 10% termina nesta quinta-feira - Not&iacute;cias em Destaque<\/title>\n<meta name=\"robots\" content=\"index, follow, max-snippet:-1, max-image-preview:large, max-video-preview:-1\" \/>\n<link rel=\"canonical\" href=\"https:\/\/noticiasemdestaque.com\/cd\/?p=15210\" \/>\n<meta property=\"og:locale\" content=\"pt_BR\" \/>\n<meta property=\"og:type\" content=\"article\" \/>\n<meta property=\"og:title\" content=\"Prazo para pagar IPVA de placa final 1 com desconto de 10% termina nesta quinta-feira - Not&iacute;cias em Destaque\" \/>\n<meta property=\"og:description\" content=\"Os contribuintes paraibanos com ve\u00edculos de placa final 1 t\u00eam at\u00e9 esta quinta-feira, dia 31 de janeiro, para optar pelo pagamento da cota \u00fanica \u00e0 vista do IPVA (Imposto Sobre a Propriedade de Ve\u00edculos Automotores) com direito a desconto de 10%. Contudo, os propriet\u00e1rios t\u00eam outras duas op\u00e7\u00f5es: o parcelamento em tr\u00eas vezes sem desconto, sendo a primeira com vencimento no dia 31 deste m\u00eas; e o pagamento total do IPVA apenas no dia 29 de mar\u00e7o, tamb\u00e9m sem desconto de 10%. A Receita Estadual lan\u00e7ou 70,312 mil documentos para serem emitidos com final de placa final 1. O boleto do IPVA somente pode ser impresso na internet, por meio do link\u00a0https:\/\/www.receita.pb.gov.br\/ser\/info\/ipva\u00a0ou no Detran-PB\u00a0www.detran.pb.gov.br\u00a0ou ent\u00e3o impresso nas reparti\u00e7\u00f5es fiscais e nas unidades do Detran-PB ou nos terminais de autoatendimento instalados pelo Departamento Estadual de Tr\u00e2nsito da Para\u00edba (Detran-PB). Onde pagar\u00a0\u2013 Al\u00e9m dos guich\u00eas das ag\u00eancias do Banco do Brasil e dos caixas de autoatendimento, os contribuintes poder\u00e3o pagar de forma mais pr\u00e1tica no mobile banking \u2013 aplicativo para aparelhos m\u00f3veis como smartphones. Comprova\u00e7\u00e3o da isen\u00e7\u00e3o\u00a0&#8211; Os propriet\u00e1rios de ve\u00edculos de placa final 1 no Estado da Para\u00edba, que fizeram o requerimento para ter isen\u00e7\u00e3o do IPVA no ano passado, t\u00eam tamb\u00e9m at\u00e9 esta pr\u00f3xima quinta-feira (31) para realizar a comprova\u00e7\u00e3o dos documentos do requerimento em uma reparti\u00e7\u00e3o fiscal mais pr\u00f3xima do seu domic\u00edlio. Categorias como, por exemplo, taxistas, portadores de defici\u00eancia (f\u00edsica, visual, mental ou autista), ve\u00edculos cadastrados no Minist\u00e9rio do Turismo na qualidade de transporte tur\u00edstico; motofrentistas e de motoboys at\u00e9 150 cc (cilindradas), de placa final 1, que requereram no ano passado a isen\u00e7\u00e3o do IPVA, precisam levar agora a comprova\u00e7\u00e3o de documentos para gozar do direito da isen\u00e7\u00e3o em 2019. Neste mesmo dia, essas categorias j\u00e1 podem requerer a isen\u00e7\u00e3o de 2020.\" \/>\n<meta property=\"og:url\" content=\"https:\/\/noticiasemdestaque.com\/cd\/?p=15210\" \/>\n<meta property=\"og:site_name\" content=\"Not&iacute;cias em Destaque\" \/>\n<meta property=\"article:published_time\" content=\"2019-01-31T10:38:15+00:00\" \/>\n<meta property=\"og:image\" content=\"https:\/\/noticiasemdestaque.com\/cd\/wp-content\/uploads\/2019\/01\/IPVA-PLACA-FINAL-0.jpg\" \/>\n\t<meta property=\"og:image:width\" content=\"1200\" \/>\n\t<meta property=\"og:image:height\" content=\"607\" \/>\n\t<meta property=\"og:image:type\" content=\"image\/jpeg\" \/>\n<meta name=\"author\" content=\"Not\u00edcias em Destaque\" \/>\n<meta name=\"twitter:card\" content=\"summary_large_image\" \/>\n<meta name=\"twitter:label1\" content=\"Escrito por\" \/>\n\t<meta name=\"twitter:data1\" content=\"Not\u00edcias em Destaque\" \/>\n\t<meta name=\"twitter:label2\" content=\"Est. tempo de leitura\" \/>\n\t<meta name=\"twitter:data2\" content=\"2 minutos\" \/>\n<script type=\"application\/ld+json\" class=\"yoast-schema-graph\">{\"@context\":\"https:\/\/schema.org\",\"@graph\":[{\"@type\":\"Article\",\"@id\":\"https:\/\/noticiasemdestaque.com\/cd\/?p=15210#article\",\"isPartOf\":{\"@id\":\"https:\/\/noticiasemdestaque.com\/cd\/?p=15210\"},\"author\":{\"name\":\"Not\u00edcias em Destaque\",\"@id\":\"https:\/\/noticiasemdestaque.com\/cd\/#\/schema\/person\/47f7d4f55eec17c6b2ca036c5500f6ce\"},\"headline\":\"Prazo para pagar IPVA de placa final 1 com desconto de 10% termina nesta quinta-feira\",\"datePublished\":\"2019-01-31T10:38:15+00:00\",\"mainEntityOfPage\":{\"@id\":\"https:\/\/noticiasemdestaque.com\/cd\/?p=15210\"},\"wordCount\":352,\"publisher\":{\"@id\":\"https:\/\/noticiasemdestaque.com\/cd\/#organization\"},\"image\":{\"@id\":\"https:\/\/noticiasemdestaque.com\/cd\/?p=15210#primaryimage\"},\"thumbnailUrl\":\"https:\/\/noticiasemdestaque.com\/cd\/wp-content\/uploads\/2019\/01\/IPVA-PLACA-FINAL-0.jpg\",\"articleSection\":[\"Geral\"],\"inLanguage\":\"pt-BR\"},{\"@type\":\"WebPage\",\"@id\":\"https:\/\/noticiasemdestaque.com\/cd\/?p=15210\",\"url\":\"https:\/\/noticiasemdestaque.com\/cd\/?p=15210\",\"name\":\"Prazo para pagar IPVA de placa final 1 com desconto de 10% termina nesta quinta-feira - Not&iacute;cias em Destaque\",\"isPartOf\":{\"@id\":\"https:\/\/noticiasemdestaque.com\/cd\/#website\"},\"primaryImageOfPage\":{\"@id\":\"https:\/\/noticiasemdestaque.com\/cd\/?p=15210#primaryimage\"},\"image\":{\"@id\":\"https:\/\/noticiasemdestaque.com\/cd\/?p=15210#primaryimage\"},\"thumbnailUrl\":\"https:\/\/noticiasemdestaque.com\/cd\/wp-content\/uploads\/2019\/01\/IPVA-PLACA-FINAL-0.jpg\",\"datePublished\":\"2019-01-31T10:38:15+00:00\",\"breadcrumb\":{\"@id\":\"https:\/\/noticiasemdestaque.com\/cd\/?p=15210#breadcrumb\"},\"inLanguage\":\"pt-BR\",\"potentialAction\":[{\"@type\":\"ReadAction\",\"target\":[\"https:\/\/noticiasemdestaque.com\/cd\/?p=15210\"]}]},{\"@type\":\"ImageObject\",\"inLanguage\":\"pt-BR\",\"@id\":\"https:\/\/noticiasemdestaque.com\/cd\/?p=15210#primaryimage\",\"url\":\"https:\/\/noticiasemdestaque.com\/cd\/wp-content\/uploads\/2019\/01\/IPVA-PLACA-FINAL-0.jpg\",\"contentUrl\":\"https:\/\/noticiasemdestaque.com\/cd\/wp-content\/uploads\/2019\/01\/IPVA-PLACA-FINAL-0.jpg\",\"width\":1200,\"height\":607},{\"@type\":\"BreadcrumbList\",\"@id\":\"https:\/\/noticiasemdestaque.com\/cd\/?p=15210#breadcrumb\",\"itemListElement\":[{\"@type\":\"ListItem\",\"position\":1,\"name\":\"In\u00edcio\",\"item\":\"https:\/\/noticiasemdestaque.com\/cd\/\"},{\"@type\":\"ListItem\",\"position\":2,\"name\":\"Prazo para pagar IPVA de placa final 1 com desconto de 10% termina nesta quinta-feira\"}]},{\"@type\":\"WebSite\",\"@id\":\"https:\/\/noticiasemdestaque.com\/cd\/#website\",\"url\":\"https:\/\/noticiasemdestaque.com\/cd\/\",\"name\":\"Not&iacute;cias em Destaque\",\"description\":\"\",\"publisher\":{\"@id\":\"https:\/\/noticiasemdestaque.com\/cd\/#organization\"},\"potentialAction\":[{\"@type\":\"SearchAction\",\"target\":{\"@type\":\"EntryPoint\",\"urlTemplate\":\"https:\/\/noticiasemdestaque.com\/cd\/?s={search_term_string}\"},\"query-input\":{\"@type\":\"PropertyValueSpecification\",\"valueRequired\":true,\"valueName\":\"search_term_string\"}}],\"inLanguage\":\"pt-BR\"},{\"@type\":\"Organization\",\"@id\":\"https:\/\/noticiasemdestaque.com\/cd\/#organization\",\"name\":\"Not\u00edcias em Destaque\",\"url\":\"https:\/\/noticiasemdestaque.com\/cd\/\",\"logo\":{\"@type\":\"ImageObject\",\"inLanguage\":\"pt-BR\",\"@id\":\"https:\/\/noticiasemdestaque.com\/cd\/#\/schema\/logo\/image\/\",\"url\":\"https:\/\/noticiasemdestaque.com\/cd\/wp-content\/uploads\/2022\/05\/imagem-base-noticiasemdestaque.png\",\"contentUrl\":\"https:\/\/noticiasemdestaque.com\/cd\/wp-content\/uploads\/2022\/05\/imagem-base-noticiasemdestaque.png\",\"width\":1200,\"height\":630,\"caption\":\"Not\u00edcias em Destaque\"},\"image\":{\"@id\":\"https:\/\/noticiasemdestaque.com\/cd\/#\/schema\/logo\/image\/\"}},{\"@type\":\"Person\",\"@id\":\"https:\/\/noticiasemdestaque.com\/cd\/#\/schema\/person\/47f7d4f55eec17c6b2ca036c5500f6ce\",\"name\":\"Not\u00edcias em Destaque\",\"url\":\"https:\/\/noticiasemdestaque.com\/cd\/?author=2\"}]}<\/script>\n<!-- \/ Yoast SEO plugin. -->","yoast_head_json":{"title":"Prazo para pagar IPVA de placa final 1 com desconto de 10% termina nesta quinta-feira - Not&iacute;cias em Destaque","robots":{"index":"index","follow":"follow","max-snippet":"max-snippet:-1","max-image-preview":"max-image-preview:large","max-video-preview":"max-video-preview:-1"},"canonical":"https:\/\/noticiasemdestaque.com\/cd\/?p=15210","og_locale":"pt_BR","og_type":"article","og_title":"Prazo para pagar IPVA de placa final 1 com desconto de 10% termina nesta quinta-feira - Not&iacute;cias em Destaque","og_description":"Os contribuintes paraibanos com ve\u00edculos de placa final 1 t\u00eam at\u00e9 esta quinta-feira, dia 31 de janeiro, para optar pelo pagamento da cota \u00fanica \u00e0 vista do IPVA (Imposto Sobre a Propriedade de Ve\u00edculos Automotores) com direito a desconto de 10%. Contudo, os propriet\u00e1rios t\u00eam outras duas op\u00e7\u00f5es: o parcelamento em tr\u00eas vezes sem desconto, sendo a primeira com vencimento no dia 31 deste m\u00eas; e o pagamento total do IPVA apenas no dia 29 de mar\u00e7o, tamb\u00e9m sem desconto de 10%. A Receita Estadual lan\u00e7ou 70,312 mil documentos para serem emitidos com final de placa final 1. O boleto do IPVA somente pode ser impresso na internet, por meio do link\u00a0https:\/\/www.receita.pb.gov.br\/ser\/info\/ipva\u00a0ou no Detran-PB\u00a0www.detran.pb.gov.br\u00a0ou ent\u00e3o impresso nas reparti\u00e7\u00f5es fiscais e nas unidades do Detran-PB ou nos terminais de autoatendimento instalados pelo Departamento Estadual de Tr\u00e2nsito da Para\u00edba (Detran-PB). Onde pagar\u00a0\u2013 Al\u00e9m dos guich\u00eas das ag\u00eancias do Banco do Brasil e dos caixas de autoatendimento, os contribuintes poder\u00e3o pagar de forma mais pr\u00e1tica no mobile banking \u2013 aplicativo para aparelhos m\u00f3veis como smartphones. Comprova\u00e7\u00e3o da isen\u00e7\u00e3o\u00a0&#8211; Os propriet\u00e1rios de ve\u00edculos de placa final 1 no Estado da Para\u00edba, que fizeram o requerimento para ter isen\u00e7\u00e3o do IPVA no ano passado, t\u00eam tamb\u00e9m at\u00e9 esta pr\u00f3xima quinta-feira (31) para realizar a comprova\u00e7\u00e3o dos documentos do requerimento em uma reparti\u00e7\u00e3o fiscal mais pr\u00f3xima do seu domic\u00edlio. Categorias como, por exemplo, taxistas, portadores de defici\u00eancia (f\u00edsica, visual, mental ou autista), ve\u00edculos cadastrados no Minist\u00e9rio do Turismo na qualidade de transporte tur\u00edstico; motofrentistas e de motoboys at\u00e9 150 cc (cilindradas), de placa final 1, que requereram no ano passado a isen\u00e7\u00e3o do IPVA, precisam levar agora a comprova\u00e7\u00e3o de documentos para gozar do direito da isen\u00e7\u00e3o em 2019. Neste mesmo dia, essas categorias j\u00e1 podem requerer a isen\u00e7\u00e3o de 2020.","og_url":"https:\/\/noticiasemdestaque.com\/cd\/?p=15210","og_site_name":"Not&iacute;cias em Destaque","article_published_time":"2019-01-31T10:38:15+00:00","og_image":[{"width":1200,"height":607,"url":"https:\/\/noticiasemdestaque.com\/cd\/wp-content\/uploads\/2019\/01\/IPVA-PLACA-FINAL-0.jpg","type":"image\/jpeg"}],"author":"Not\u00edcias em Destaque","twitter_card":"summary_large_image","twitter_misc":{"Escrito por":"Not\u00edcias em Destaque","Est. tempo de leitura":"2 minutos"},"schema":{"@context":"https:\/\/schema.org","@graph":[{"@type":"Article","@id":"https:\/\/noticiasemdestaque.com\/cd\/?p=15210#article","isPartOf":{"@id":"https:\/\/noticiasemdestaque.com\/cd\/?p=15210"},"author":{"name":"Not\u00edcias em Destaque","@id":"https:\/\/noticiasemdestaque.com\/cd\/#\/schema\/person\/47f7d4f55eec17c6b2ca036c5500f6ce"},"headline":"Prazo para pagar IPVA de placa final 1 com desconto de 10% termina nesta quinta-feira","datePublished":"2019-01-31T10:38:15+00:00","mainEntityOfPage":{"@id":"https:\/\/noticiasemdestaque.com\/cd\/?p=15210"},"wordCount":352,"publisher":{"@id":"https:\/\/noticiasemdestaque.com\/cd\/#organization"},"image":{"@id":"https:\/\/noticiasemdestaque.com\/cd\/?p=15210#primaryimage"},"thumbnailUrl":"https:\/\/noticiasemdestaque.com\/cd\/wp-content\/uploads\/2019\/01\/IPVA-PLACA-FINAL-0.jpg","articleSection":["Geral"],"inLanguage":"pt-BR"},{"@type":"WebPage","@id":"https:\/\/noticiasemdestaque.com\/cd\/?p=15210","url":"https:\/\/noticiasemdestaque.com\/cd\/?p=15210","name":"Prazo para pagar IPVA de placa final 1 com desconto de 10% termina nesta quinta-feira - Not&iacute;cias em Destaque","isPartOf":{"@id":"https:\/\/noticiasemdestaque.com\/cd\/#website"},"primaryImageOfPage":{"@id":"https:\/\/noticiasemdestaque.com\/cd\/?p=15210#primaryimage"},"image":{"@id":"https:\/\/noticiasemdestaque.com\/cd\/?p=15210#primaryimage"},"thumbnailUrl":"https:\/\/noticiasemdestaque.com\/cd\/wp-content\/uploads\/2019\/01\/IPVA-PLACA-FINAL-0.jpg","datePublished":"2019-01-31T10:38:15+00:00","breadcrumb":{"@id":"https:\/\/noticiasemdestaque.com\/cd\/?p=15210#breadcrumb"},"inLanguage":"pt-BR","potentialAction":[{"@type":"ReadAction","target":["https:\/\/noticiasemdestaque.com\/cd\/?p=15210"]}]},{"@type":"ImageObject","inLanguage":"pt-BR","@id":"https:\/\/noticiasemdestaque.com\/cd\/?p=15210#primaryimage","url":"https:\/\/noticiasemdestaque.com\/cd\/wp-content\/uploads\/2019\/01\/IPVA-PLACA-FINAL-0.jpg","contentUrl":"https:\/\/noticiasemdestaque.com\/cd\/wp-content\/uploads\/2019\/01\/IPVA-PLACA-FINAL-0.jpg","width":1200,"height":607},{"@type":"BreadcrumbList","@id":"https:\/\/noticiasemdestaque.com\/cd\/?p=15210#breadcrumb","itemListElement":[{"@type":"ListItem","position":1,"name":"In\u00edcio","item":"https:\/\/noticiasemdestaque.com\/cd\/"},{"@type":"ListItem","position":2,"name":"Prazo para pagar IPVA de placa final 1 com desconto de 10% termina nesta quinta-feira"}]},{"@type":"WebSite","@id":"https:\/\/noticiasemdestaque.com\/cd\/#website","url":"https:\/\/noticiasemdestaque.com\/cd\/","name":"Not&iacute;cias em Destaque","description":"","publisher":{"@id":"https:\/\/noticiasemdestaque.com\/cd\/#organization"},"potentialAction":[{"@type":"SearchAction","target":{"@type":"EntryPoint","urlTemplate":"https:\/\/noticiasemdestaque.com\/cd\/?s={search_term_string}"},"query-input":{"@type":"PropertyValueSpecification","valueRequired":true,"valueName":"search_term_string"}}],"inLanguage":"pt-BR"},{"@type":"Organization","@id":"https:\/\/noticiasemdestaque.com\/cd\/#organization","name":"Not\u00edcias em Destaque","url":"https:\/\/noticiasemdestaque.com\/cd\/","logo":{"@type":"ImageObject","inLanguage":"pt-BR","@id":"https:\/\/noticiasemdestaque.com\/cd\/#\/schema\/logo\/image\/","url":"https:\/\/noticiasemdestaque.com\/cd\/wp-content\/uploads\/2022\/05\/imagem-base-noticiasemdestaque.png","contentUrl":"https:\/\/noticiasemdestaque.com\/cd\/wp-content\/uploads\/2022\/05\/imagem-base-noticiasemdestaque.png","width":1200,"height":630,"caption":"Not\u00edcias em Destaque"},"image":{"@id":"https:\/\/noticiasemdestaque.com\/cd\/#\/schema\/logo\/image\/"}},{"@type":"Person","@id":"https:\/\/noticiasemdestaque.com\/cd\/#\/schema\/person\/47f7d4f55eec17c6b2ca036c5500f6ce","name":"Not\u00edcias em Destaque","url":"https:\/\/noticiasemdestaque.com\/cd\/?author=2"}]}},"jetpack_featured_media_url":"https:\/\/noticiasemdestaque.com\/cd\/wp-content\/uploads\/2019\/01\/IPVA-PLACA-FINAL-0.jpg","jetpack_sharing_enabled":true,"_links":{"self":[{"href":"https:\/\/noticiasemdestaque.com\/cd\/index.php?rest_route=\/wp\/v2\/posts\/15210","targetHints":{"allow":["GET"]}}],"collection":[{"href":"https:\/\/noticiasemdestaque.com\/cd\/index.php?rest_route=\/wp\/v2\/posts"}],"about":[{"href":"https:\/\/noticiasemdestaque.com\/cd\/index.php?rest_route=\/wp\/v2\/types\/post"}],"author":[{"embeddable":true,"href":"https:\/\/noticiasemdestaque.com\/cd\/index.php?rest_route=\/wp\/v2\/users\/2"}],"replies":[{"embeddable":true,"href":"https:\/\/noticiasemdestaque.com\/cd\/index.php?rest_route=%2Fwp%2Fv2%2Fcomments&post=15210"}],"version-history":[{"count":1,"href":"https:\/\/noticiasemdestaque.com\/cd\/index.php?rest_route=\/wp\/v2\/posts\/15210\/revisions"}],"predecessor-version":[{"id":15212,"href":"https:\/\/noticiasemdestaque.com\/cd\/index.php?rest_route=\/wp\/v2\/posts\/15210\/revisions\/15212"}],"wp:featuredmedia":[{"embeddable":true,"href":"https:\/\/noticiasemdestaque.com\/cd\/index.php?rest_route=\/wp\/v2\/media\/15211"}],"wp:attachment":[{"href":"https:\/\/noticiasemdestaque.com\/cd\/index.php?rest_route=%2Fwp%2Fv2%2Fmedia&parent=15210"}],"wp:term":[{"taxonomy":"category","embeddable":true,"href":"https:\/\/noticiasemdestaque.com\/cd\/index.php?rest_route=%2Fwp%2Fv2%2Fcategories&post=15210"},{"taxonomy":"post_tag","embeddable":true,"href":"https:\/\/noticiasemdestaque.com\/cd\/index.php?rest_route=%2Fwp%2Fv2%2Ftags&post=15210"}],"curies":[{"name":"wp","href":"https:\/\/api.w.org\/{rel}","templated":true}]}}