{"id":15205,"date":"2019-01-31T07:29:33","date_gmt":"2019-01-31T10:29:33","guid":{"rendered":"http:\/\/noticiasemdestaque.com\/cd\/?p=15205"},"modified":"2019-01-31T07:29:33","modified_gmt":"2019-01-31T10:29:33","slug":"prefeita-anna-lorena-participa-de-programa-na-tv-tambau-e-destaca-acoes-da-gestao","status":"publish","type":"post","link":"https:\/\/noticiasemdestaque.com\/cd\/?p=15205","title":{"rendered":"Prefeita Anna Lorena participa de programa na TV Tamba\u00fa e destaca a\u00e7\u00f5es da gest\u00e3o"},"content":{"rendered":"<p><a href=\"https:\/\/noticiasemdestaque.com\/cd\/wp-content\/uploads\/2019\/01\/WhatsApp-Image-2019-01-30-at-18.14.54-300x225.jpeg\"><img fetchpriority=\"high\" decoding=\"async\" class=\"size-full wp-image-15206 alignleft\" src=\"https:\/\/noticiasemdestaque.com\/cd\/wp-content\/uploads\/2019\/01\/WhatsApp-Image-2019-01-30-at-18.14.54-300x225.jpeg\" alt=\"\" width=\"300\" height=\"225\" \/><\/a><\/p>\n<p>A prefeita da cidade de Monteiro, Anna Lorena, participou nesta quarta-feira (30), do programa Com Voc\u00ea, na TV Tamba\u00fa. Durante o programa, que destacou a \u201cmulher no poder\u201d, a gestora falou das a\u00e7\u00f5es \u00e0 frente da prefeitura da principal cidade do Cariri paraibano.<\/p>\n<p>Durante a entrevista, Lorena descreveu tra\u00e7os da sua vida p\u00fablica como secret\u00e1ria de Desenvolvimento Social, Sa\u00fade e vereadora, at\u00e9 chegar ao cargo de prefeita, eleita no \u00faltimo pleito.<\/p>\n<p>A prefeita tamb\u00e9m aproveitou a oportunidade para lembrar a aprova\u00e7\u00e3o de todas as contas de 2017, com uma gest\u00e3o que \u00e9 reconhecida pelo\u00a0TCE.<\/p>\n<p>Anna Lorena falou tamb\u00e9m sobre sua experi\u00eancia na Alemanha, sendo uma das oito prefeitas do Brasil a ter esta oportunidade, adquirindo conhecimento acerca de aprimorar a gest\u00e3o.<\/p>\n<p>A conversa tamb\u00e9m teve um gosto cultural, \u00e9 que j\u00e1 se aproxima o Festival Zab\u00e9 da Loca, al\u00e9m do tradicional S\u00e3o Jo\u00e3o de Monteiro, que segundo a prefeita, vir\u00e1 repleto de boas novidades para todo o p\u00fablico.<\/p>\n","protected":false},"excerpt":{"rendered":"<p>A prefeita da cidade de Monteiro, Anna Lorena, participou nesta quarta-feira (30), do programa Com Voc\u00ea, na TV Tamba\u00fa. Durante o programa, que destacou a \u201cmulher no poder\u201d, a gestora falou das a\u00e7\u00f5es \u00e0 frente da prefeitura da principal cidade do Cariri paraibano. Durante a entrevista, Lorena descreveu tra\u00e7os da sua vida p\u00fablica como secret\u00e1ria de Desenvolvimento Social, Sa\u00fade e vereadora, at\u00e9 chegar ao cargo de prefeita, eleita no \u00faltimo pleito. A prefeita tamb\u00e9m aproveitou a oportunidade para lembrar a aprova\u00e7\u00e3o de todas as contas de 2017, com uma gest\u00e3o que \u00e9 reconhecida pelo\u00a0TCE. Anna Lorena falou tamb\u00e9m sobre sua experi\u00eancia na Alemanha, sendo uma das oito prefeitas do Brasil a ter esta oportunidade, adquirindo conhecimento acerca de aprimorar a gest\u00e3o. A conversa tamb\u00e9m teve um gosto cultural, \u00e9 que j\u00e1 se aproxima o Festival Zab\u00e9 da Loca, al\u00e9m do tradicional S\u00e3o Jo\u00e3o de Monteiro, que segundo a prefeita, vir\u00e1 repleto de boas novidades para todo o p\u00fablico.<\/p>\n","protected":false},"author":2,"featured_media":13487,"comment_status":"closed","ping_status":"open","sticky":false,"template":"","format":"standard","meta":{"_eb_attr":"","_jetpack_memberships_contains_paid_content":false,"footnotes":""},"categories":[4],"tags":[],"class_list":["post-15205","post","type-post","status-publish","format-standard","has-post-thumbnail","hentry","category-politica"],"yoast_head":"<!-- This site is optimized with the Yoast SEO plugin v26.5 - https:\/\/yoast.com\/wordpress\/plugins\/seo\/ -->\n<title>Prefeita Anna Lorena participa de programa na TV Tamba\u00fa e destaca a\u00e7\u00f5es da gest\u00e3o - Not&iacute;cias em Destaque<\/title>\n<meta name=\"robots\" content=\"index, follow, max-snippet:-1, max-image-preview:large, max-video-preview:-1\" \/>\n<link rel=\"canonical\" href=\"https:\/\/noticiasemdestaque.com\/cd\/?p=15205\" \/>\n<meta property=\"og:locale\" content=\"pt_BR\" \/>\n<meta property=\"og:type\" content=\"article\" \/>\n<meta property=\"og:title\" content=\"Prefeita Anna Lorena participa de programa na TV Tamba\u00fa e destaca a\u00e7\u00f5es da gest\u00e3o - Not&iacute;cias em Destaque\" \/>\n<meta property=\"og:description\" content=\"A prefeita da cidade de Monteiro, Anna Lorena, participou nesta quarta-feira (30), do programa Com Voc\u00ea, na TV Tamba\u00fa. Durante o programa, que destacou a \u201cmulher no poder\u201d, a gestora falou das a\u00e7\u00f5es \u00e0 frente da prefeitura da principal cidade do Cariri paraibano. Durante a entrevista, Lorena descreveu tra\u00e7os da sua vida p\u00fablica como secret\u00e1ria de Desenvolvimento Social, Sa\u00fade e vereadora, at\u00e9 chegar ao cargo de prefeita, eleita no \u00faltimo pleito. A prefeita tamb\u00e9m aproveitou a oportunidade para lembrar a aprova\u00e7\u00e3o de todas as contas de 2017, com uma gest\u00e3o que \u00e9 reconhecida pelo\u00a0TCE. Anna Lorena falou tamb\u00e9m sobre sua experi\u00eancia na Alemanha, sendo uma das oito prefeitas do Brasil a ter esta oportunidade, adquirindo conhecimento acerca de aprimorar a gest\u00e3o. A conversa tamb\u00e9m teve um gosto cultural, \u00e9 que j\u00e1 se aproxima o Festival Zab\u00e9 da Loca, al\u00e9m do tradicional S\u00e3o Jo\u00e3o de Monteiro, que segundo a prefeita, vir\u00e1 repleto de boas novidades para todo o p\u00fablico.\" \/>\n<meta property=\"og:url\" content=\"https:\/\/noticiasemdestaque.com\/cd\/?p=15205\" \/>\n<meta property=\"og:site_name\" content=\"Not&iacute;cias em Destaque\" \/>\n<meta property=\"article:published_time\" content=\"2019-01-31T10:29:33+00:00\" \/>\n<meta property=\"og:image\" content=\"https:\/\/noticiasemdestaque.com\/cd\/wp-content\/uploads\/2018\/10\/Anna-Lorena.jpg\" \/>\n\t<meta property=\"og:image:width\" content=\"591\" \/>\n\t<meta property=\"og:image:height\" content=\"394\" \/>\n\t<meta property=\"og:image:type\" content=\"image\/jpeg\" \/>\n<meta name=\"author\" content=\"Not\u00edcias em Destaque\" \/>\n<meta name=\"twitter:card\" content=\"summary_large_image\" \/>\n<meta name=\"twitter:label1\" content=\"Escrito por\" \/>\n\t<meta name=\"twitter:data1\" content=\"Not\u00edcias em Destaque\" \/>\n\t<meta name=\"twitter:label2\" content=\"Est. tempo de leitura\" \/>\n\t<meta name=\"twitter:data2\" content=\"1 minuto\" \/>\n<script type=\"application\/ld+json\" class=\"yoast-schema-graph\">{\"@context\":\"https:\/\/schema.org\",\"@graph\":[{\"@type\":\"Article\",\"@id\":\"https:\/\/noticiasemdestaque.com\/cd\/?p=15205#article\",\"isPartOf\":{\"@id\":\"https:\/\/noticiasemdestaque.com\/cd\/?p=15205\"},\"author\":{\"name\":\"Not\u00edcias em Destaque\",\"@id\":\"https:\/\/noticiasemdestaque.com\/cd\/#\/schema\/person\/47f7d4f55eec17c6b2ca036c5500f6ce\"},\"headline\":\"Prefeita Anna Lorena participa de programa na TV Tamba\u00fa e destaca a\u00e7\u00f5es da gest\u00e3o\",\"datePublished\":\"2019-01-31T10:29:33+00:00\",\"mainEntityOfPage\":{\"@id\":\"https:\/\/noticiasemdestaque.com\/cd\/?p=15205\"},\"wordCount\":186,\"publisher\":{\"@id\":\"https:\/\/noticiasemdestaque.com\/cd\/#organization\"},\"image\":{\"@id\":\"https:\/\/noticiasemdestaque.com\/cd\/?p=15205#primaryimage\"},\"thumbnailUrl\":\"https:\/\/noticiasemdestaque.com\/cd\/wp-content\/uploads\/2018\/10\/Anna-Lorena.jpg\",\"articleSection\":[\"Pol\u00edtica\"],\"inLanguage\":\"pt-BR\"},{\"@type\":\"WebPage\",\"@id\":\"https:\/\/noticiasemdestaque.com\/cd\/?p=15205\",\"url\":\"https:\/\/noticiasemdestaque.com\/cd\/?p=15205\",\"name\":\"Prefeita Anna Lorena participa de programa na TV Tamba\u00fa e destaca a\u00e7\u00f5es da gest\u00e3o - Not&iacute;cias em Destaque\",\"isPartOf\":{\"@id\":\"https:\/\/noticiasemdestaque.com\/cd\/#website\"},\"primaryImageOfPage\":{\"@id\":\"https:\/\/noticiasemdestaque.com\/cd\/?p=15205#primaryimage\"},\"image\":{\"@id\":\"https:\/\/noticiasemdestaque.com\/cd\/?p=15205#primaryimage\"},\"thumbnailUrl\":\"https:\/\/noticiasemdestaque.com\/cd\/wp-content\/uploads\/2018\/10\/Anna-Lorena.jpg\",\"datePublished\":\"2019-01-31T10:29:33+00:00\",\"breadcrumb\":{\"@id\":\"https:\/\/noticiasemdestaque.com\/cd\/?p=15205#breadcrumb\"},\"inLanguage\":\"pt-BR\",\"potentialAction\":[{\"@type\":\"ReadAction\",\"target\":[\"https:\/\/noticiasemdestaque.com\/cd\/?p=15205\"]}]},{\"@type\":\"ImageObject\",\"inLanguage\":\"pt-BR\",\"@id\":\"https:\/\/noticiasemdestaque.com\/cd\/?p=15205#primaryimage\",\"url\":\"https:\/\/noticiasemdestaque.com\/cd\/wp-content\/uploads\/2018\/10\/Anna-Lorena.jpg\",\"contentUrl\":\"https:\/\/noticiasemdestaque.com\/cd\/wp-content\/uploads\/2018\/10\/Anna-Lorena.jpg\",\"width\":591,\"height\":394},{\"@type\":\"BreadcrumbList\",\"@id\":\"https:\/\/noticiasemdestaque.com\/cd\/?p=15205#breadcrumb\",\"itemListElement\":[{\"@type\":\"ListItem\",\"position\":1,\"name\":\"In\u00edcio\",\"item\":\"https:\/\/noticiasemdestaque.com\/cd\/\"},{\"@type\":\"ListItem\",\"position\":2,\"name\":\"Prefeita Anna Lorena participa de programa na TV Tamba\u00fa e destaca a\u00e7\u00f5es da gest\u00e3o\"}]},{\"@type\":\"WebSite\",\"@id\":\"https:\/\/noticiasemdestaque.com\/cd\/#website\",\"url\":\"https:\/\/noticiasemdestaque.com\/cd\/\",\"name\":\"Not&iacute;cias em Destaque\",\"description\":\"\",\"publisher\":{\"@id\":\"https:\/\/noticiasemdestaque.com\/cd\/#organization\"},\"potentialAction\":[{\"@type\":\"SearchAction\",\"target\":{\"@type\":\"EntryPoint\",\"urlTemplate\":\"https:\/\/noticiasemdestaque.com\/cd\/?s={search_term_string}\"},\"query-input\":{\"@type\":\"PropertyValueSpecification\",\"valueRequired\":true,\"valueName\":\"search_term_string\"}}],\"inLanguage\":\"pt-BR\"},{\"@type\":\"Organization\",\"@id\":\"https:\/\/noticiasemdestaque.com\/cd\/#organization\",\"name\":\"Not\u00edcias em Destaque\",\"url\":\"https:\/\/noticiasemdestaque.com\/cd\/\",\"logo\":{\"@type\":\"ImageObject\",\"inLanguage\":\"pt-BR\",\"@id\":\"https:\/\/noticiasemdestaque.com\/cd\/#\/schema\/logo\/image\/\",\"url\":\"https:\/\/noticiasemdestaque.com\/cd\/wp-content\/uploads\/2022\/05\/imagem-base-noticiasemdestaque.png\",\"contentUrl\":\"https:\/\/noticiasemdestaque.com\/cd\/wp-content\/uploads\/2022\/05\/imagem-base-noticiasemdestaque.png\",\"width\":1200,\"height\":630,\"caption\":\"Not\u00edcias em Destaque\"},\"image\":{\"@id\":\"https:\/\/noticiasemdestaque.com\/cd\/#\/schema\/logo\/image\/\"}},{\"@type\":\"Person\",\"@id\":\"https:\/\/noticiasemdestaque.com\/cd\/#\/schema\/person\/47f7d4f55eec17c6b2ca036c5500f6ce\",\"name\":\"Not\u00edcias em Destaque\",\"url\":\"https:\/\/noticiasemdestaque.com\/cd\/?author=2\"}]}<\/script>\n<!-- \/ Yoast SEO plugin. -->","yoast_head_json":{"title":"Prefeita Anna Lorena participa de programa na TV Tamba\u00fa e destaca a\u00e7\u00f5es da gest\u00e3o - Not&iacute;cias em Destaque","robots":{"index":"index","follow":"follow","max-snippet":"max-snippet:-1","max-image-preview":"max-image-preview:large","max-video-preview":"max-video-preview:-1"},"canonical":"https:\/\/noticiasemdestaque.com\/cd\/?p=15205","og_locale":"pt_BR","og_type":"article","og_title":"Prefeita Anna Lorena participa de programa na TV Tamba\u00fa e destaca a\u00e7\u00f5es da gest\u00e3o - Not&iacute;cias em Destaque","og_description":"A prefeita da cidade de Monteiro, Anna Lorena, participou nesta quarta-feira (30), do programa Com Voc\u00ea, na TV Tamba\u00fa. Durante o programa, que destacou a \u201cmulher no poder\u201d, a gestora falou das a\u00e7\u00f5es \u00e0 frente da prefeitura da principal cidade do Cariri paraibano. Durante a entrevista, Lorena descreveu tra\u00e7os da sua vida p\u00fablica como secret\u00e1ria de Desenvolvimento Social, Sa\u00fade e vereadora, at\u00e9 chegar ao cargo de prefeita, eleita no \u00faltimo pleito. A prefeita tamb\u00e9m aproveitou a oportunidade para lembrar a aprova\u00e7\u00e3o de todas as contas de 2017, com uma gest\u00e3o que \u00e9 reconhecida pelo\u00a0TCE. Anna Lorena falou tamb\u00e9m sobre sua experi\u00eancia na Alemanha, sendo uma das oito prefeitas do Brasil a ter esta oportunidade, adquirindo conhecimento acerca de aprimorar a gest\u00e3o. A conversa tamb\u00e9m teve um gosto cultural, \u00e9 que j\u00e1 se aproxima o Festival Zab\u00e9 da Loca, al\u00e9m do tradicional S\u00e3o Jo\u00e3o de Monteiro, que segundo a prefeita, vir\u00e1 repleto de boas novidades para todo o p\u00fablico.","og_url":"https:\/\/noticiasemdestaque.com\/cd\/?p=15205","og_site_name":"Not&iacute;cias em Destaque","article_published_time":"2019-01-31T10:29:33+00:00","og_image":[{"width":591,"height":394,"url":"https:\/\/noticiasemdestaque.com\/cd\/wp-content\/uploads\/2018\/10\/Anna-Lorena.jpg","type":"image\/jpeg"}],"author":"Not\u00edcias em Destaque","twitter_card":"summary_large_image","twitter_misc":{"Escrito por":"Not\u00edcias em Destaque","Est. tempo de leitura":"1 minuto"},"schema":{"@context":"https:\/\/schema.org","@graph":[{"@type":"Article","@id":"https:\/\/noticiasemdestaque.com\/cd\/?p=15205#article","isPartOf":{"@id":"https:\/\/noticiasemdestaque.com\/cd\/?p=15205"},"author":{"name":"Not\u00edcias em Destaque","@id":"https:\/\/noticiasemdestaque.com\/cd\/#\/schema\/person\/47f7d4f55eec17c6b2ca036c5500f6ce"},"headline":"Prefeita Anna Lorena participa de programa na TV Tamba\u00fa e destaca a\u00e7\u00f5es da gest\u00e3o","datePublished":"2019-01-31T10:29:33+00:00","mainEntityOfPage":{"@id":"https:\/\/noticiasemdestaque.com\/cd\/?p=15205"},"wordCount":186,"publisher":{"@id":"https:\/\/noticiasemdestaque.com\/cd\/#organization"},"image":{"@id":"https:\/\/noticiasemdestaque.com\/cd\/?p=15205#primaryimage"},"thumbnailUrl":"https:\/\/noticiasemdestaque.com\/cd\/wp-content\/uploads\/2018\/10\/Anna-Lorena.jpg","articleSection":["Pol\u00edtica"],"inLanguage":"pt-BR"},{"@type":"WebPage","@id":"https:\/\/noticiasemdestaque.com\/cd\/?p=15205","url":"https:\/\/noticiasemdestaque.com\/cd\/?p=15205","name":"Prefeita Anna Lorena participa de programa na TV Tamba\u00fa e destaca a\u00e7\u00f5es da gest\u00e3o - Not&iacute;cias em Destaque","isPartOf":{"@id":"https:\/\/noticiasemdestaque.com\/cd\/#website"},"primaryImageOfPage":{"@id":"https:\/\/noticiasemdestaque.com\/cd\/?p=15205#primaryimage"},"image":{"@id":"https:\/\/noticiasemdestaque.com\/cd\/?p=15205#primaryimage"},"thumbnailUrl":"https:\/\/noticiasemdestaque.com\/cd\/wp-content\/uploads\/2018\/10\/Anna-Lorena.jpg","datePublished":"2019-01-31T10:29:33+00:00","breadcrumb":{"@id":"https:\/\/noticiasemdestaque.com\/cd\/?p=15205#breadcrumb"},"inLanguage":"pt-BR","potentialAction":[{"@type":"ReadAction","target":["https:\/\/noticiasemdestaque.com\/cd\/?p=15205"]}]},{"@type":"ImageObject","inLanguage":"pt-BR","@id":"https:\/\/noticiasemdestaque.com\/cd\/?p=15205#primaryimage","url":"https:\/\/noticiasemdestaque.com\/cd\/wp-content\/uploads\/2018\/10\/Anna-Lorena.jpg","contentUrl":"https:\/\/noticiasemdestaque.com\/cd\/wp-content\/uploads\/2018\/10\/Anna-Lorena.jpg","width":591,"height":394},{"@type":"BreadcrumbList","@id":"https:\/\/noticiasemdestaque.com\/cd\/?p=15205#breadcrumb","itemListElement":[{"@type":"ListItem","position":1,"name":"In\u00edcio","item":"https:\/\/noticiasemdestaque.com\/cd\/"},{"@type":"ListItem","position":2,"name":"Prefeita Anna Lorena participa de programa na TV Tamba\u00fa e destaca a\u00e7\u00f5es da gest\u00e3o"}]},{"@type":"WebSite","@id":"https:\/\/noticiasemdestaque.com\/cd\/#website","url":"https:\/\/noticiasemdestaque.com\/cd\/","name":"Not&iacute;cias em Destaque","description":"","publisher":{"@id":"https:\/\/noticiasemdestaque.com\/cd\/#organization"},"potentialAction":[{"@type":"SearchAction","target":{"@type":"EntryPoint","urlTemplate":"https:\/\/noticiasemdestaque.com\/cd\/?s={search_term_string}"},"query-input":{"@type":"PropertyValueSpecification","valueRequired":true,"valueName":"search_term_string"}}],"inLanguage":"pt-BR"},{"@type":"Organization","@id":"https:\/\/noticiasemdestaque.com\/cd\/#organization","name":"Not\u00edcias em Destaque","url":"https:\/\/noticiasemdestaque.com\/cd\/","logo":{"@type":"ImageObject","inLanguage":"pt-BR","@id":"https:\/\/noticiasemdestaque.com\/cd\/#\/schema\/logo\/image\/","url":"https:\/\/noticiasemdestaque.com\/cd\/wp-content\/uploads\/2022\/05\/imagem-base-noticiasemdestaque.png","contentUrl":"https:\/\/noticiasemdestaque.com\/cd\/wp-content\/uploads\/2022\/05\/imagem-base-noticiasemdestaque.png","width":1200,"height":630,"caption":"Not\u00edcias em Destaque"},"image":{"@id":"https:\/\/noticiasemdestaque.com\/cd\/#\/schema\/logo\/image\/"}},{"@type":"Person","@id":"https:\/\/noticiasemdestaque.com\/cd\/#\/schema\/person\/47f7d4f55eec17c6b2ca036c5500f6ce","name":"Not\u00edcias em Destaque","url":"https:\/\/noticiasemdestaque.com\/cd\/?author=2"}]}},"jetpack_featured_media_url":"https:\/\/noticiasemdestaque.com\/cd\/wp-content\/uploads\/2018\/10\/Anna-Lorena.jpg","jetpack_sharing_enabled":true,"_links":{"self":[{"href":"https:\/\/noticiasemdestaque.com\/cd\/index.php?rest_route=\/wp\/v2\/posts\/15205","targetHints":{"allow":["GET"]}}],"collection":[{"href":"https:\/\/noticiasemdestaque.com\/cd\/index.php?rest_route=\/wp\/v2\/posts"}],"about":[{"href":"https:\/\/noticiasemdestaque.com\/cd\/index.php?rest_route=\/wp\/v2\/types\/post"}],"author":[{"embeddable":true,"href":"https:\/\/noticiasemdestaque.com\/cd\/index.php?rest_route=\/wp\/v2\/users\/2"}],"replies":[{"embeddable":true,"href":"https:\/\/noticiasemdestaque.com\/cd\/index.php?rest_route=%2Fwp%2Fv2%2Fcomments&post=15205"}],"version-history":[{"count":1,"href":"https:\/\/noticiasemdestaque.com\/cd\/index.php?rest_route=\/wp\/v2\/posts\/15205\/revisions"}],"predecessor-version":[{"id":15207,"href":"https:\/\/noticiasemdestaque.com\/cd\/index.php?rest_route=\/wp\/v2\/posts\/15205\/revisions\/15207"}],"wp:featuredmedia":[{"embeddable":true,"href":"https:\/\/noticiasemdestaque.com\/cd\/index.php?rest_route=\/wp\/v2\/media\/13487"}],"wp:attachment":[{"href":"https:\/\/noticiasemdestaque.com\/cd\/index.php?rest_route=%2Fwp%2Fv2%2Fmedia&parent=15205"}],"wp:term":[{"taxonomy":"category","embeddable":true,"href":"https:\/\/noticiasemdestaque.com\/cd\/index.php?rest_route=%2Fwp%2Fv2%2Fcategories&post=15205"},{"taxonomy":"post_tag","embeddable":true,"href":"https:\/\/noticiasemdestaque.com\/cd\/index.php?rest_route=%2Fwp%2Fv2%2Ftags&post=15205"}],"curies":[{"name":"wp","href":"https:\/\/api.w.org\/{rel}","templated":true}]}}