{"id":15198,"date":"2019-01-30T07:45:42","date_gmt":"2019-01-30T10:45:42","guid":{"rendered":"http:\/\/noticiasemdestaque.com\/cd\/?p=15198"},"modified":"2019-01-30T07:45:42","modified_gmt":"2019-01-30T10:45:42","slug":"site-do-governo-da-paraiba-volta-ao-ar-dois-dias-depois-de-invasao-de-hacker","status":"publish","type":"post","link":"https:\/\/noticiasemdestaque.com\/cd\/?p=15198","title":{"rendered":"Site do Governo da Para\u00edba volta ao ar dois dias depois de invas\u00e3o de hacker"},"content":{"rendered":"<p><a href=\"https:\/\/noticiasemdestaque.com\/cd\/wp-content\/uploads\/2019\/01\/SITE-DO-GV.png\"><img fetchpriority=\"high\" decoding=\"async\" class=\"alignnone size-full wp-image-15200\" src=\"https:\/\/noticiasemdestaque.com\/cd\/wp-content\/uploads\/2019\/01\/SITE-DO-GV.png\" alt=\"\" width=\"547\" height=\"398\" srcset=\"https:\/\/noticiasemdestaque.com\/cd\/wp-content\/uploads\/2019\/01\/SITE-DO-GV.png 547w, https:\/\/noticiasemdestaque.com\/cd\/wp-content\/uploads\/2019\/01\/SITE-DO-GV-300x218.png 300w\" sizes=\"(max-width: 547px) 100vw, 547px\" \/><\/a><\/p>\n<p>O Portal do Governo da Para\u00edba, que ficou fora do ar na noite deste domingo (27) ap\u00f3s ser invadido por um hacker, voltou ao ar normalmente nesta ter\u00e7a-feira (29).<\/p>\n<p>A informa\u00e7\u00e3o foi repassada ao o Portal MaisPB pelo o presidente da\u00a0Companhia de Processamento de Dados da Para\u00edba,\u00a0Krol J\u00e2nio Palitot. O autor da invas\u00e3o j\u00e1 foi identificado.<\/p>\n<p><strong>Site do Estado hackeado\u00a0<\/strong><\/p>\n<p>O Portal do Governo da Para\u00edba ficou fora do ar por alguns instantes na noite deste domingo (27). No lugar da p\u00e1gina principal, internautas viram um banner com a imagem de uma caveira e duas espadas cruzadas.<\/p>\n<p>Logo abaixo, uma frase foi estampada: \u201cAlimentam-se da corrup\u00e7\u00e3o, como o verme se alimenta do cad\u00e1ver. Como a larva que, se deixarmos, vira borboleta. E espalham sua filosofia v\u00e3 pelo pa\u00eds! Pelo mundo! S\u00e3o esses os nossos inimigos\u201d.<\/p>\n<p>Ao final da mensagem, os hackers ainda deixaram uma ironia: \u201cNenhum sistema \u00e9 100% seguro\u201d. Em substitui\u00e7\u00e3o, t\u00e9cnicos usaram a p\u00e1gina do Portal da Cidadania e tamb\u00e9m do Jornal A Uni\u00e3o.<\/p>\n<p>&nbsp;<\/p>\n","protected":false},"excerpt":{"rendered":"<p>O Portal do Governo da Para\u00edba, que ficou fora do ar na noite deste domingo (27) ap\u00f3s ser invadido por um hacker, voltou ao ar normalmente nesta ter\u00e7a-feira (29). A informa\u00e7\u00e3o foi repassada ao o Portal MaisPB pelo o presidente da\u00a0Companhia de Processamento de Dados da Para\u00edba,\u00a0Krol J\u00e2nio Palitot. O autor da invas\u00e3o j\u00e1 foi identificado. Site do Estado hackeado\u00a0 O Portal do Governo da Para\u00edba ficou fora do ar por alguns instantes na noite deste domingo (27). No lugar da p\u00e1gina principal, internautas viram um banner com a imagem de uma caveira e duas espadas cruzadas. Logo abaixo, uma frase foi estampada: \u201cAlimentam-se da corrup\u00e7\u00e3o, como o verme se alimenta do cad\u00e1ver. Como a larva que, se deixarmos, vira borboleta. E espalham sua filosofia v\u00e3 pelo pa\u00eds! Pelo mundo! S\u00e3o esses os nossos inimigos\u201d. Ao final da mensagem, os hackers ainda deixaram uma ironia: \u201cNenhum sistema \u00e9 100% seguro\u201d. Em substitui\u00e7\u00e3o, t\u00e9cnicos usaram a p\u00e1gina do Portal da Cidadania e tamb\u00e9m do Jornal A Uni\u00e3o. &nbsp;<\/p>\n","protected":false},"author":2,"featured_media":15200,"comment_status":"closed","ping_status":"open","sticky":false,"template":"","format":"standard","meta":{"_eb_attr":"","_jetpack_memberships_contains_paid_content":false,"footnotes":""},"categories":[12],"tags":[],"class_list":["post-15198","post","type-post","status-publish","format-standard","has-post-thumbnail","hentry","category-geral"],"yoast_head":"<!-- This site is optimized with the Yoast SEO plugin v26.5 - https:\/\/yoast.com\/wordpress\/plugins\/seo\/ -->\n<title>Site do Governo da Para\u00edba volta ao ar dois dias depois de invas\u00e3o de hacker - Not&iacute;cias em Destaque<\/title>\n<meta name=\"robots\" content=\"index, follow, max-snippet:-1, max-image-preview:large, max-video-preview:-1\" \/>\n<link rel=\"canonical\" href=\"https:\/\/noticiasemdestaque.com\/cd\/?p=15198\" \/>\n<meta property=\"og:locale\" content=\"pt_BR\" \/>\n<meta property=\"og:type\" content=\"article\" \/>\n<meta property=\"og:title\" content=\"Site do Governo da Para\u00edba volta ao ar dois dias depois de invas\u00e3o de hacker - Not&iacute;cias em Destaque\" \/>\n<meta property=\"og:description\" content=\"O Portal do Governo da Para\u00edba, que ficou fora do ar na noite deste domingo (27) ap\u00f3s ser invadido por um hacker, voltou ao ar normalmente nesta ter\u00e7a-feira (29). A informa\u00e7\u00e3o foi repassada ao o Portal MaisPB pelo o presidente da\u00a0Companhia de Processamento de Dados da Para\u00edba,\u00a0Krol J\u00e2nio Palitot. O autor da invas\u00e3o j\u00e1 foi identificado. Site do Estado hackeado\u00a0 O Portal do Governo da Para\u00edba ficou fora do ar por alguns instantes na noite deste domingo (27). No lugar da p\u00e1gina principal, internautas viram um banner com a imagem de uma caveira e duas espadas cruzadas. Logo abaixo, uma frase foi estampada: \u201cAlimentam-se da corrup\u00e7\u00e3o, como o verme se alimenta do cad\u00e1ver. Como a larva que, se deixarmos, vira borboleta. E espalham sua filosofia v\u00e3 pelo pa\u00eds! Pelo mundo! S\u00e3o esses os nossos inimigos\u201d. Ao final da mensagem, os hackers ainda deixaram uma ironia: \u201cNenhum sistema \u00e9 100% seguro\u201d. Em substitui\u00e7\u00e3o, t\u00e9cnicos usaram a p\u00e1gina do Portal da Cidadania e tamb\u00e9m do Jornal A Uni\u00e3o. &nbsp;\" \/>\n<meta property=\"og:url\" content=\"https:\/\/noticiasemdestaque.com\/cd\/?p=15198\" \/>\n<meta property=\"og:site_name\" content=\"Not&iacute;cias em Destaque\" \/>\n<meta property=\"article:published_time\" content=\"2019-01-30T10:45:42+00:00\" \/>\n<meta property=\"og:image\" content=\"https:\/\/noticiasemdestaque.com\/cd\/wp-content\/uploads\/2019\/01\/SITE-DO-GV.png\" \/>\n\t<meta property=\"og:image:width\" content=\"547\" \/>\n\t<meta property=\"og:image:height\" content=\"398\" \/>\n\t<meta property=\"og:image:type\" content=\"image\/png\" \/>\n<meta name=\"author\" content=\"Not\u00edcias em Destaque\" \/>\n<meta name=\"twitter:card\" content=\"summary_large_image\" \/>\n<meta name=\"twitter:label1\" content=\"Escrito por\" \/>\n\t<meta name=\"twitter:data1\" content=\"Not\u00edcias em Destaque\" \/>\n\t<meta name=\"twitter:label2\" content=\"Est. tempo de leitura\" \/>\n\t<meta name=\"twitter:data2\" content=\"1 minuto\" \/>\n<script type=\"application\/ld+json\" class=\"yoast-schema-graph\">{\"@context\":\"https:\/\/schema.org\",\"@graph\":[{\"@type\":\"Article\",\"@id\":\"https:\/\/noticiasemdestaque.com\/cd\/?p=15198#article\",\"isPartOf\":{\"@id\":\"https:\/\/noticiasemdestaque.com\/cd\/?p=15198\"},\"author\":{\"name\":\"Not\u00edcias em Destaque\",\"@id\":\"https:\/\/noticiasemdestaque.com\/cd\/#\/schema\/person\/47f7d4f55eec17c6b2ca036c5500f6ce\"},\"headline\":\"Site do Governo da Para\u00edba volta ao ar dois dias depois de invas\u00e3o de hacker\",\"datePublished\":\"2019-01-30T10:45:42+00:00\",\"mainEntityOfPage\":{\"@id\":\"https:\/\/noticiasemdestaque.com\/cd\/?p=15198\"},\"wordCount\":199,\"publisher\":{\"@id\":\"https:\/\/noticiasemdestaque.com\/cd\/#organization\"},\"image\":{\"@id\":\"https:\/\/noticiasemdestaque.com\/cd\/?p=15198#primaryimage\"},\"thumbnailUrl\":\"https:\/\/noticiasemdestaque.com\/cd\/wp-content\/uploads\/2019\/01\/SITE-DO-GV.png\",\"articleSection\":[\"Geral\"],\"inLanguage\":\"pt-BR\"},{\"@type\":\"WebPage\",\"@id\":\"https:\/\/noticiasemdestaque.com\/cd\/?p=15198\",\"url\":\"https:\/\/noticiasemdestaque.com\/cd\/?p=15198\",\"name\":\"Site do Governo da Para\u00edba volta ao ar dois dias depois de invas\u00e3o de hacker - Not&iacute;cias em Destaque\",\"isPartOf\":{\"@id\":\"https:\/\/noticiasemdestaque.com\/cd\/#website\"},\"primaryImageOfPage\":{\"@id\":\"https:\/\/noticiasemdestaque.com\/cd\/?p=15198#primaryimage\"},\"image\":{\"@id\":\"https:\/\/noticiasemdestaque.com\/cd\/?p=15198#primaryimage\"},\"thumbnailUrl\":\"https:\/\/noticiasemdestaque.com\/cd\/wp-content\/uploads\/2019\/01\/SITE-DO-GV.png\",\"datePublished\":\"2019-01-30T10:45:42+00:00\",\"breadcrumb\":{\"@id\":\"https:\/\/noticiasemdestaque.com\/cd\/?p=15198#breadcrumb\"},\"inLanguage\":\"pt-BR\",\"potentialAction\":[{\"@type\":\"ReadAction\",\"target\":[\"https:\/\/noticiasemdestaque.com\/cd\/?p=15198\"]}]},{\"@type\":\"ImageObject\",\"inLanguage\":\"pt-BR\",\"@id\":\"https:\/\/noticiasemdestaque.com\/cd\/?p=15198#primaryimage\",\"url\":\"https:\/\/noticiasemdestaque.com\/cd\/wp-content\/uploads\/2019\/01\/SITE-DO-GV.png\",\"contentUrl\":\"https:\/\/noticiasemdestaque.com\/cd\/wp-content\/uploads\/2019\/01\/SITE-DO-GV.png\",\"width\":547,\"height\":398},{\"@type\":\"BreadcrumbList\",\"@id\":\"https:\/\/noticiasemdestaque.com\/cd\/?p=15198#breadcrumb\",\"itemListElement\":[{\"@type\":\"ListItem\",\"position\":1,\"name\":\"In\u00edcio\",\"item\":\"https:\/\/noticiasemdestaque.com\/cd\/\"},{\"@type\":\"ListItem\",\"position\":2,\"name\":\"Site do Governo da Para\u00edba volta ao ar dois dias depois de invas\u00e3o de hacker\"}]},{\"@type\":\"WebSite\",\"@id\":\"https:\/\/noticiasemdestaque.com\/cd\/#website\",\"url\":\"https:\/\/noticiasemdestaque.com\/cd\/\",\"name\":\"Not&iacute;cias em Destaque\",\"description\":\"\",\"publisher\":{\"@id\":\"https:\/\/noticiasemdestaque.com\/cd\/#organization\"},\"potentialAction\":[{\"@type\":\"SearchAction\",\"target\":{\"@type\":\"EntryPoint\",\"urlTemplate\":\"https:\/\/noticiasemdestaque.com\/cd\/?s={search_term_string}\"},\"query-input\":{\"@type\":\"PropertyValueSpecification\",\"valueRequired\":true,\"valueName\":\"search_term_string\"}}],\"inLanguage\":\"pt-BR\"},{\"@type\":\"Organization\",\"@id\":\"https:\/\/noticiasemdestaque.com\/cd\/#organization\",\"name\":\"Not\u00edcias em Destaque\",\"url\":\"https:\/\/noticiasemdestaque.com\/cd\/\",\"logo\":{\"@type\":\"ImageObject\",\"inLanguage\":\"pt-BR\",\"@id\":\"https:\/\/noticiasemdestaque.com\/cd\/#\/schema\/logo\/image\/\",\"url\":\"https:\/\/noticiasemdestaque.com\/cd\/wp-content\/uploads\/2022\/05\/imagem-base-noticiasemdestaque.png\",\"contentUrl\":\"https:\/\/noticiasemdestaque.com\/cd\/wp-content\/uploads\/2022\/05\/imagem-base-noticiasemdestaque.png\",\"width\":1200,\"height\":630,\"caption\":\"Not\u00edcias em Destaque\"},\"image\":{\"@id\":\"https:\/\/noticiasemdestaque.com\/cd\/#\/schema\/logo\/image\/\"}},{\"@type\":\"Person\",\"@id\":\"https:\/\/noticiasemdestaque.com\/cd\/#\/schema\/person\/47f7d4f55eec17c6b2ca036c5500f6ce\",\"name\":\"Not\u00edcias em Destaque\",\"url\":\"https:\/\/noticiasemdestaque.com\/cd\/?author=2\"}]}<\/script>\n<!-- \/ Yoast SEO plugin. -->","yoast_head_json":{"title":"Site do Governo da Para\u00edba volta ao ar dois dias depois de invas\u00e3o de hacker - Not&iacute;cias em Destaque","robots":{"index":"index","follow":"follow","max-snippet":"max-snippet:-1","max-image-preview":"max-image-preview:large","max-video-preview":"max-video-preview:-1"},"canonical":"https:\/\/noticiasemdestaque.com\/cd\/?p=15198","og_locale":"pt_BR","og_type":"article","og_title":"Site do Governo da Para\u00edba volta ao ar dois dias depois de invas\u00e3o de hacker - Not&iacute;cias em Destaque","og_description":"O Portal do Governo da Para\u00edba, que ficou fora do ar na noite deste domingo (27) ap\u00f3s ser invadido por um hacker, voltou ao ar normalmente nesta ter\u00e7a-feira (29). A informa\u00e7\u00e3o foi repassada ao o Portal MaisPB pelo o presidente da\u00a0Companhia de Processamento de Dados da Para\u00edba,\u00a0Krol J\u00e2nio Palitot. O autor da invas\u00e3o j\u00e1 foi identificado. Site do Estado hackeado\u00a0 O Portal do Governo da Para\u00edba ficou fora do ar por alguns instantes na noite deste domingo (27). No lugar da p\u00e1gina principal, internautas viram um banner com a imagem de uma caveira e duas espadas cruzadas. Logo abaixo, uma frase foi estampada: \u201cAlimentam-se da corrup\u00e7\u00e3o, como o verme se alimenta do cad\u00e1ver. Como a larva que, se deixarmos, vira borboleta. E espalham sua filosofia v\u00e3 pelo pa\u00eds! Pelo mundo! S\u00e3o esses os nossos inimigos\u201d. Ao final da mensagem, os hackers ainda deixaram uma ironia: \u201cNenhum sistema \u00e9 100% seguro\u201d. Em substitui\u00e7\u00e3o, t\u00e9cnicos usaram a p\u00e1gina do Portal da Cidadania e tamb\u00e9m do Jornal A Uni\u00e3o. &nbsp;","og_url":"https:\/\/noticiasemdestaque.com\/cd\/?p=15198","og_site_name":"Not&iacute;cias em Destaque","article_published_time":"2019-01-30T10:45:42+00:00","og_image":[{"width":547,"height":398,"url":"https:\/\/noticiasemdestaque.com\/cd\/wp-content\/uploads\/2019\/01\/SITE-DO-GV.png","type":"image\/png"}],"author":"Not\u00edcias em Destaque","twitter_card":"summary_large_image","twitter_misc":{"Escrito por":"Not\u00edcias em Destaque","Est. tempo de leitura":"1 minuto"},"schema":{"@context":"https:\/\/schema.org","@graph":[{"@type":"Article","@id":"https:\/\/noticiasemdestaque.com\/cd\/?p=15198#article","isPartOf":{"@id":"https:\/\/noticiasemdestaque.com\/cd\/?p=15198"},"author":{"name":"Not\u00edcias em Destaque","@id":"https:\/\/noticiasemdestaque.com\/cd\/#\/schema\/person\/47f7d4f55eec17c6b2ca036c5500f6ce"},"headline":"Site do Governo da Para\u00edba volta ao ar dois dias depois de invas\u00e3o de hacker","datePublished":"2019-01-30T10:45:42+00:00","mainEntityOfPage":{"@id":"https:\/\/noticiasemdestaque.com\/cd\/?p=15198"},"wordCount":199,"publisher":{"@id":"https:\/\/noticiasemdestaque.com\/cd\/#organization"},"image":{"@id":"https:\/\/noticiasemdestaque.com\/cd\/?p=15198#primaryimage"},"thumbnailUrl":"https:\/\/noticiasemdestaque.com\/cd\/wp-content\/uploads\/2019\/01\/SITE-DO-GV.png","articleSection":["Geral"],"inLanguage":"pt-BR"},{"@type":"WebPage","@id":"https:\/\/noticiasemdestaque.com\/cd\/?p=15198","url":"https:\/\/noticiasemdestaque.com\/cd\/?p=15198","name":"Site do Governo da Para\u00edba volta ao ar dois dias depois de invas\u00e3o de hacker - Not&iacute;cias em Destaque","isPartOf":{"@id":"https:\/\/noticiasemdestaque.com\/cd\/#website"},"primaryImageOfPage":{"@id":"https:\/\/noticiasemdestaque.com\/cd\/?p=15198#primaryimage"},"image":{"@id":"https:\/\/noticiasemdestaque.com\/cd\/?p=15198#primaryimage"},"thumbnailUrl":"https:\/\/noticiasemdestaque.com\/cd\/wp-content\/uploads\/2019\/01\/SITE-DO-GV.png","datePublished":"2019-01-30T10:45:42+00:00","breadcrumb":{"@id":"https:\/\/noticiasemdestaque.com\/cd\/?p=15198#breadcrumb"},"inLanguage":"pt-BR","potentialAction":[{"@type":"ReadAction","target":["https:\/\/noticiasemdestaque.com\/cd\/?p=15198"]}]},{"@type":"ImageObject","inLanguage":"pt-BR","@id":"https:\/\/noticiasemdestaque.com\/cd\/?p=15198#primaryimage","url":"https:\/\/noticiasemdestaque.com\/cd\/wp-content\/uploads\/2019\/01\/SITE-DO-GV.png","contentUrl":"https:\/\/noticiasemdestaque.com\/cd\/wp-content\/uploads\/2019\/01\/SITE-DO-GV.png","width":547,"height":398},{"@type":"BreadcrumbList","@id":"https:\/\/noticiasemdestaque.com\/cd\/?p=15198#breadcrumb","itemListElement":[{"@type":"ListItem","position":1,"name":"In\u00edcio","item":"https:\/\/noticiasemdestaque.com\/cd\/"},{"@type":"ListItem","position":2,"name":"Site do Governo da Para\u00edba volta ao ar dois dias depois de invas\u00e3o de hacker"}]},{"@type":"WebSite","@id":"https:\/\/noticiasemdestaque.com\/cd\/#website","url":"https:\/\/noticiasemdestaque.com\/cd\/","name":"Not&iacute;cias em Destaque","description":"","publisher":{"@id":"https:\/\/noticiasemdestaque.com\/cd\/#organization"},"potentialAction":[{"@type":"SearchAction","target":{"@type":"EntryPoint","urlTemplate":"https:\/\/noticiasemdestaque.com\/cd\/?s={search_term_string}"},"query-input":{"@type":"PropertyValueSpecification","valueRequired":true,"valueName":"search_term_string"}}],"inLanguage":"pt-BR"},{"@type":"Organization","@id":"https:\/\/noticiasemdestaque.com\/cd\/#organization","name":"Not\u00edcias em Destaque","url":"https:\/\/noticiasemdestaque.com\/cd\/","logo":{"@type":"ImageObject","inLanguage":"pt-BR","@id":"https:\/\/noticiasemdestaque.com\/cd\/#\/schema\/logo\/image\/","url":"https:\/\/noticiasemdestaque.com\/cd\/wp-content\/uploads\/2022\/05\/imagem-base-noticiasemdestaque.png","contentUrl":"https:\/\/noticiasemdestaque.com\/cd\/wp-content\/uploads\/2022\/05\/imagem-base-noticiasemdestaque.png","width":1200,"height":630,"caption":"Not\u00edcias em Destaque"},"image":{"@id":"https:\/\/noticiasemdestaque.com\/cd\/#\/schema\/logo\/image\/"}},{"@type":"Person","@id":"https:\/\/noticiasemdestaque.com\/cd\/#\/schema\/person\/47f7d4f55eec17c6b2ca036c5500f6ce","name":"Not\u00edcias em Destaque","url":"https:\/\/noticiasemdestaque.com\/cd\/?author=2"}]}},"jetpack_featured_media_url":"https:\/\/noticiasemdestaque.com\/cd\/wp-content\/uploads\/2019\/01\/SITE-DO-GV.png","jetpack_sharing_enabled":true,"_links":{"self":[{"href":"https:\/\/noticiasemdestaque.com\/cd\/index.php?rest_route=\/wp\/v2\/posts\/15198","targetHints":{"allow":["GET"]}}],"collection":[{"href":"https:\/\/noticiasemdestaque.com\/cd\/index.php?rest_route=\/wp\/v2\/posts"}],"about":[{"href":"https:\/\/noticiasemdestaque.com\/cd\/index.php?rest_route=\/wp\/v2\/types\/post"}],"author":[{"embeddable":true,"href":"https:\/\/noticiasemdestaque.com\/cd\/index.php?rest_route=\/wp\/v2\/users\/2"}],"replies":[{"embeddable":true,"href":"https:\/\/noticiasemdestaque.com\/cd\/index.php?rest_route=%2Fwp%2Fv2%2Fcomments&post=15198"}],"version-history":[{"count":1,"href":"https:\/\/noticiasemdestaque.com\/cd\/index.php?rest_route=\/wp\/v2\/posts\/15198\/revisions"}],"predecessor-version":[{"id":15201,"href":"https:\/\/noticiasemdestaque.com\/cd\/index.php?rest_route=\/wp\/v2\/posts\/15198\/revisions\/15201"}],"wp:featuredmedia":[{"embeddable":true,"href":"https:\/\/noticiasemdestaque.com\/cd\/index.php?rest_route=\/wp\/v2\/media\/15200"}],"wp:attachment":[{"href":"https:\/\/noticiasemdestaque.com\/cd\/index.php?rest_route=%2Fwp%2Fv2%2Fmedia&parent=15198"}],"wp:term":[{"taxonomy":"category","embeddable":true,"href":"https:\/\/noticiasemdestaque.com\/cd\/index.php?rest_route=%2Fwp%2Fv2%2Fcategories&post=15198"},{"taxonomy":"post_tag","embeddable":true,"href":"https:\/\/noticiasemdestaque.com\/cd\/index.php?rest_route=%2Fwp%2Fv2%2Ftags&post=15198"}],"curies":[{"name":"wp","href":"https:\/\/api.w.org\/{rel}","templated":true}]}}