{"id":15194,"date":"2019-01-30T07:39:15","date_gmt":"2019-01-30T10:39:15","guid":{"rendered":"http:\/\/noticiasemdestaque.com\/cd\/?p=15194"},"modified":"2019-01-30T07:39:15","modified_gmt":"2019-01-30T10:39:15","slug":"inscricoes-para-o-prouni-comecam-nesta-quinta-feira","status":"publish","type":"post","link":"https:\/\/noticiasemdestaque.com\/cd\/?p=15194","title":{"rendered":"Inscri\u00e7\u00f5es para o ProUni come\u00e7am nesta quinta-feira"},"content":{"rendered":"<p><a href=\"https:\/\/noticiasemdestaque.com\/cd\/wp-content\/uploads\/2018\/02\/prouni.jpg\"><img fetchpriority=\"high\" decoding=\"async\" class=\"size-full wp-image-7830 aligncenter\" src=\"https:\/\/noticiasemdestaque.com\/cd\/wp-content\/uploads\/2018\/02\/prouni.jpg\" alt=\"\" width=\"600\" height=\"400\" srcset=\"https:\/\/noticiasemdestaque.com\/cd\/wp-content\/uploads\/2018\/02\/prouni.jpg 600w, https:\/\/noticiasemdestaque.com\/cd\/wp-content\/uploads\/2018\/02\/prouni-300x200.jpg 300w, https:\/\/noticiasemdestaque.com\/cd\/wp-content\/uploads\/2018\/02\/prouni-480x320.jpg 480w\" sizes=\"(max-width: 600px) 100vw, 600px\" \/><\/a><\/p>\n<p>As inscri\u00e7\u00f5es para o Programa Universidade para Todos (ProUni) come\u00e7am amanh\u00e3 (31), mas, desde j\u00e1, os estudantes j\u00e1 podem se planejar, de acordo com dicas de especialistas entrevistados .<\/p>\n<p>Os candidatos podem, por exemplo, preparar listas de cursos que interessam, avaliando as possibilidades de serem aprovados e separar os documentos necess\u00e1rios para comprovar que preenchem os requisitos exigidos pelo programa.<\/p>\n<p>A dica do analista de Ensino Superior do Quero Bolsa, Pedro Am\u00e2ncio, \u00e9 selecionar as institui\u00e7\u00f5es de ensino, levando em considera\u00e7\u00e3o tanto a nota de corte quanto a dist\u00e2ncia e o custo de vida para estudar nelas.<\/p>\n<p>Os estudantes podem ainda come\u00e7ar a reunir a documenta\u00e7\u00e3o necess\u00e1ria para a aprova\u00e7\u00e3o da concess\u00e3o da bolsa. \u201cMuitos alunos acabam perdendo a bolsa por n\u00e3o ler direito o edital. Eles t\u00eam que ter documento que valide as informa\u00e7\u00f5es prestadas\u201d, diz.<\/p>\n<p>Para verificar a possibilidade de ser aprovado, o Quero Bolsa oferece, gratuitamente, um\u00a0<a href=\"https:\/\/querobolsa.com.br\/prouni\/notas-de-corte\" target=\"_blank\" rel=\"noopener\">simulado<\/a>\u00a0com as notas de corte de cada curso em edi\u00e7\u00f5es anteriores do ProUni. Os estudantes podem, por meio dele, verificar se a nota que obtiveram no Exame Nacional do Ensino M\u00e9dio (Enem) \u00e9 suficiente para conseguir uma das bolsas.<\/p>\n<p><strong>Aten\u00e7\u00e3o<\/strong><\/p>\n<p>Depois de fazer a inscri\u00e7\u00e3o, os estudantes devem ficar atentos \u00e0 p\u00e1gina do ProUni porque nela ser\u00e3o divulgadas as notas de corte. Tratam-se de estimativas feitas com as inscri\u00e7\u00f5es realizadas at\u00e9 ent\u00e3o. N\u00e3o s\u00e3o garantia de vaga, mas podem orientar a escolha, segundo o diretor do Centro de Ensino M\u00e9dio 404, em Santa Maria, no Distrito Federal, Felipe de Lemos Cabral.<\/p>\n<p>\u201cO candidato tem que ficar atento o tempo todo. Ele tem direito a colocar duas op\u00e7\u00f5es de curso e a possibilidade de trocar enquanto a inscri\u00e7\u00e3o estiver aberta\u201d, afirma. \u201cComo a nota de corte varia muito, \u00e9 dif\u00edcil falar em uma quantidade de pontos suficientes para que o estudante entre no curso. Se estiver abaixo da nota de corte, j\u00e1 est\u00e1 correndo risco de ficar de fora\u201d, acrescenta.<\/p>\n<p>Cabral \u00e9 tamb\u00e9m coordenador pedag\u00f3gico do cursinho popular\u00a0<a href=\"https:\/\/www.facebook.com\/EmancipaDF\/\" target=\"_blank\" rel=\"noopener\">Emancipa DF<\/a>, cujo foco \u00e9 a prepara\u00e7\u00e3o para o Enem. Em mar\u00e7o, o curso que \u00e9 gratuito e oferecido em escolas p\u00fablicas de Planaltina, Santa Maria e Ceil\u00e2ndia, regi\u00f5es administrativas do Distrito Federal, abre as inscri\u00e7\u00f5es.<\/p>\n<p><strong>Calend\u00e1rio<\/strong><\/p>\n<p>As inscri\u00e7\u00f5es para o ProUni poder\u00e3o ser feitas de 31 de janeiro a 3 de fevereiro. Os resultados da primeira chamada ser\u00e3o divulgados no dia 6 de fevereiro. Os da segunda chamada, no dia 20 de fevereiro.<\/p>\n<p>O candidato pr\u00e9-selecionado na primeira chamada dever\u00e1 comparecer \u00e0 institui\u00e7\u00e3o para comprovar as informa\u00e7\u00f5es prestadas em sua inscri\u00e7\u00e3o e eventual participa\u00e7\u00e3o em processo seletivo pr\u00f3prio da institui\u00e7\u00e3o, quando for o caso, de 6 a 14 de fevereiro. Os pr\u00e9-selecionados na segunda chamada, de 20 a 27 de fevereiro.<\/p>\n<p>O registro da aprova\u00e7\u00e3o ou reprova\u00e7\u00e3o dos candidatos no Sistema Informatizado do Prouni e a emiss\u00e3o dos respectivos termos de Concess\u00e3o de Bolsa ou termos de Reprova\u00e7\u00e3o pelas institui\u00e7\u00f5es de ensino dever\u00e3o ser feitos entre os dias 6 a 18 de fevereiro para os selecionados na primeira chamada e entre 20 de fevereiro e 1\u00ba de mar\u00e7o para os selecionados na segunda chamada.<\/p>\n<p><strong>Quem pode participar<\/strong><\/p>\n<p>O ProUni oferece bolsas de estudo em institui\u00e7\u00f5es privadas de ensino superior. \u00a0O programa \u00e9 voltado \u00e0queles que fizeram o Exame Nacional do Ensino M\u00e9dio (Enem) de 2018, alcan\u00e7aram no m\u00ednimo 450 pontos e tiraram nota superior a zero na reda\u00e7\u00e3o.<\/p>\n<p>Al\u00e9m disso, s\u00f3 podem participar alunos brasileiros sem curso superior e que tenham feito o ensino m\u00e9dio completo na rede p\u00fablica ou como bolsista integral na rede privada, alunos que fizeram parte do ensino m\u00e9dio na rede p\u00fablica e a outra parte na rede privada, na condi\u00e7\u00e3o de bolsista ou que sejam deficientes f\u00edsicos.<\/p>\n<p>As bolsas integrais s\u00e3o voltadas \u00e0queles com renda familiar\u00a0<em>per capita<\/em>\u00a0de at\u00e9 um sal\u00e1rio m\u00ednimo e meio. As bolsas parciais de 50% s\u00e3o destinadas aos alunos que t\u00eam renda familiar\u00a0<em>per capita<\/em>\u00a0de at\u00e9 tr\u00eas sal\u00e1rios m\u00ednimos. Professores da rede p\u00fablica de ensino tamb\u00e9m podem concorrer a bolsa e n\u00e3o precisam atender aos crit\u00e9rios de renda.<\/p>\n<p>Fonte: EBC<\/p>\n","protected":false},"excerpt":{"rendered":"<p>As inscri\u00e7\u00f5es para o Programa Universidade para Todos (ProUni) come\u00e7am amanh\u00e3 (31), mas, desde j\u00e1, os estudantes j\u00e1 podem se planejar, de acordo com dicas de especialistas entrevistados . Os candidatos podem, por exemplo, preparar listas de cursos que interessam, avaliando as possibilidades de serem aprovados e separar os documentos necess\u00e1rios para comprovar que preenchem os requisitos exigidos pelo programa. A dica do analista de Ensino Superior do Quero Bolsa, Pedro Am\u00e2ncio, \u00e9 selecionar as institui\u00e7\u00f5es de ensino, levando em considera\u00e7\u00e3o tanto a nota de corte quanto a dist\u00e2ncia e o custo de vida para estudar nelas. Os estudantes podem ainda come\u00e7ar a reunir a documenta\u00e7\u00e3o necess\u00e1ria para a aprova\u00e7\u00e3o da concess\u00e3o da bolsa. \u201cMuitos alunos acabam perdendo a bolsa por n\u00e3o ler direito o edital. Eles t\u00eam que ter documento que valide as informa\u00e7\u00f5es prestadas\u201d, diz. Para verificar a possibilidade de ser aprovado, o Quero Bolsa oferece, gratuitamente, um\u00a0simulado\u00a0com as notas de corte de cada curso em edi\u00e7\u00f5es anteriores do ProUni. Os estudantes podem, por meio dele, verificar se a nota que obtiveram no Exame Nacional do Ensino M\u00e9dio (Enem) \u00e9 suficiente para conseguir uma das bolsas. Aten\u00e7\u00e3o Depois de fazer a inscri\u00e7\u00e3o, os estudantes devem ficar atentos \u00e0 p\u00e1gina do ProUni porque nela ser\u00e3o divulgadas as notas de corte. Tratam-se de estimativas feitas com as inscri\u00e7\u00f5es realizadas at\u00e9 ent\u00e3o. N\u00e3o s\u00e3o garantia de vaga, mas podem orientar a escolha, segundo o diretor do Centro de Ensino M\u00e9dio 404, em Santa Maria, no Distrito Federal, Felipe de Lemos Cabral. \u201cO candidato tem que ficar atento o tempo todo. Ele tem direito a colocar duas op\u00e7\u00f5es de curso e a possibilidade de trocar enquanto a inscri\u00e7\u00e3o estiver aberta\u201d, afirma. \u201cComo a nota de corte varia muito, \u00e9 dif\u00edcil falar em uma quantidade de pontos suficientes para que o estudante entre no curso. Se estiver abaixo da nota de corte, j\u00e1 est\u00e1 correndo risco de ficar de fora\u201d, acrescenta. Cabral \u00e9 tamb\u00e9m coordenador pedag\u00f3gico do cursinho popular\u00a0Emancipa DF, cujo foco \u00e9 a prepara\u00e7\u00e3o para o Enem. Em mar\u00e7o, o curso que \u00e9 gratuito e oferecido em escolas p\u00fablicas de Planaltina, Santa Maria e Ceil\u00e2ndia, regi\u00f5es administrativas do Distrito Federal, abre as inscri\u00e7\u00f5es. Calend\u00e1rio As inscri\u00e7\u00f5es para o ProUni poder\u00e3o ser feitas de 31 de janeiro a 3 de fevereiro. Os resultados da primeira chamada ser\u00e3o divulgados no dia 6 de fevereiro. Os da segunda chamada, no dia 20 de fevereiro. O candidato pr\u00e9-selecionado na primeira chamada dever\u00e1 comparecer \u00e0 institui\u00e7\u00e3o para comprovar as informa\u00e7\u00f5es prestadas em sua inscri\u00e7\u00e3o e eventual participa\u00e7\u00e3o em processo seletivo pr\u00f3prio da institui\u00e7\u00e3o, quando for o caso, de 6 a 14 de fevereiro. Os pr\u00e9-selecionados na segunda chamada, de 20 a 27 de fevereiro. O registro da aprova\u00e7\u00e3o ou reprova\u00e7\u00e3o dos candidatos no Sistema Informatizado do Prouni e a emiss\u00e3o dos respectivos termos de Concess\u00e3o de Bolsa ou termos de Reprova\u00e7\u00e3o pelas institui\u00e7\u00f5es de ensino dever\u00e3o ser feitos entre os dias 6 a 18 de fevereiro para os selecionados na primeira chamada e entre 20 de fevereiro e 1\u00ba de mar\u00e7o para os selecionados na segunda chamada. Quem pode participar O ProUni oferece bolsas de estudo em institui\u00e7\u00f5es privadas de ensino superior. \u00a0O programa \u00e9 voltado \u00e0queles que fizeram o Exame Nacional do Ensino M\u00e9dio (Enem) de 2018, alcan\u00e7aram no m\u00ednimo 450 pontos e tiraram nota superior a zero na reda\u00e7\u00e3o. Al\u00e9m disso, s\u00f3 podem participar alunos brasileiros sem curso superior e que tenham feito o ensino m\u00e9dio completo na rede p\u00fablica ou como bolsista integral na rede privada, alunos que fizeram parte do ensino m\u00e9dio na rede p\u00fablica e a outra parte na rede privada, na condi\u00e7\u00e3o de bolsista ou que sejam deficientes f\u00edsicos. As bolsas integrais s\u00e3o voltadas \u00e0queles com renda familiar\u00a0per capita\u00a0de at\u00e9 um sal\u00e1rio m\u00ednimo e meio. As bolsas parciais de 50% s\u00e3o destinadas aos alunos que t\u00eam renda familiar\u00a0per capita\u00a0de at\u00e9 tr\u00eas sal\u00e1rios m\u00ednimos. Professores da rede p\u00fablica de ensino tamb\u00e9m podem concorrer a bolsa e n\u00e3o precisam atender aos crit\u00e9rios de renda. Fonte: EBC<\/p>\n","protected":false},"author":2,"featured_media":7830,"comment_status":"closed","ping_status":"open","sticky":false,"template":"","format":"standard","meta":{"_eb_attr":"","_jetpack_memberships_contains_paid_content":false,"footnotes":""},"categories":[6],"tags":[],"class_list":["post-15194","post","type-post","status-publish","format-standard","has-post-thumbnail","hentry","category-educacao"],"yoast_head":"<!-- This site is optimized with the Yoast SEO plugin v26.5 - https:\/\/yoast.com\/wordpress\/plugins\/seo\/ -->\n<title>Inscri\u00e7\u00f5es para o ProUni come\u00e7am nesta quinta-feira - Not&iacute;cias em Destaque<\/title>\n<meta name=\"robots\" content=\"index, follow, max-snippet:-1, max-image-preview:large, max-video-preview:-1\" \/>\n<link rel=\"canonical\" href=\"https:\/\/noticiasemdestaque.com\/cd\/?p=15194\" \/>\n<meta property=\"og:locale\" content=\"pt_BR\" \/>\n<meta property=\"og:type\" content=\"article\" \/>\n<meta property=\"og:title\" content=\"Inscri\u00e7\u00f5es para o ProUni come\u00e7am nesta quinta-feira - Not&iacute;cias em Destaque\" \/>\n<meta property=\"og:description\" content=\"As inscri\u00e7\u00f5es para o Programa Universidade para Todos (ProUni) come\u00e7am amanh\u00e3 (31), mas, desde j\u00e1, os estudantes j\u00e1 podem se planejar, de acordo com dicas de especialistas entrevistados . Os candidatos podem, por exemplo, preparar listas de cursos que interessam, avaliando as possibilidades de serem aprovados e separar os documentos necess\u00e1rios para comprovar que preenchem os requisitos exigidos pelo programa. A dica do analista de Ensino Superior do Quero Bolsa, Pedro Am\u00e2ncio, \u00e9 selecionar as institui\u00e7\u00f5es de ensino, levando em considera\u00e7\u00e3o tanto a nota de corte quanto a dist\u00e2ncia e o custo de vida para estudar nelas. Os estudantes podem ainda come\u00e7ar a reunir a documenta\u00e7\u00e3o necess\u00e1ria para a aprova\u00e7\u00e3o da concess\u00e3o da bolsa. \u201cMuitos alunos acabam perdendo a bolsa por n\u00e3o ler direito o edital. Eles t\u00eam que ter documento que valide as informa\u00e7\u00f5es prestadas\u201d, diz. Para verificar a possibilidade de ser aprovado, o Quero Bolsa oferece, gratuitamente, um\u00a0simulado\u00a0com as notas de corte de cada curso em edi\u00e7\u00f5es anteriores do ProUni. Os estudantes podem, por meio dele, verificar se a nota que obtiveram no Exame Nacional do Ensino M\u00e9dio (Enem) \u00e9 suficiente para conseguir uma das bolsas. Aten\u00e7\u00e3o Depois de fazer a inscri\u00e7\u00e3o, os estudantes devem ficar atentos \u00e0 p\u00e1gina do ProUni porque nela ser\u00e3o divulgadas as notas de corte. Tratam-se de estimativas feitas com as inscri\u00e7\u00f5es realizadas at\u00e9 ent\u00e3o. N\u00e3o s\u00e3o garantia de vaga, mas podem orientar a escolha, segundo o diretor do Centro de Ensino M\u00e9dio 404, em Santa Maria, no Distrito Federal, Felipe de Lemos Cabral. \u201cO candidato tem que ficar atento o tempo todo. Ele tem direito a colocar duas op\u00e7\u00f5es de curso e a possibilidade de trocar enquanto a inscri\u00e7\u00e3o estiver aberta\u201d, afirma. \u201cComo a nota de corte varia muito, \u00e9 dif\u00edcil falar em uma quantidade de pontos suficientes para que o estudante entre no curso. Se estiver abaixo da nota de corte, j\u00e1 est\u00e1 correndo risco de ficar de fora\u201d, acrescenta. Cabral \u00e9 tamb\u00e9m coordenador pedag\u00f3gico do cursinho popular\u00a0Emancipa DF, cujo foco \u00e9 a prepara\u00e7\u00e3o para o Enem. Em mar\u00e7o, o curso que \u00e9 gratuito e oferecido em escolas p\u00fablicas de Planaltina, Santa Maria e Ceil\u00e2ndia, regi\u00f5es administrativas do Distrito Federal, abre as inscri\u00e7\u00f5es. Calend\u00e1rio As inscri\u00e7\u00f5es para o ProUni poder\u00e3o ser feitas de 31 de janeiro a 3 de fevereiro. Os resultados da primeira chamada ser\u00e3o divulgados no dia 6 de fevereiro. Os da segunda chamada, no dia 20 de fevereiro. O candidato pr\u00e9-selecionado na primeira chamada dever\u00e1 comparecer \u00e0 institui\u00e7\u00e3o para comprovar as informa\u00e7\u00f5es prestadas em sua inscri\u00e7\u00e3o e eventual participa\u00e7\u00e3o em processo seletivo pr\u00f3prio da institui\u00e7\u00e3o, quando for o caso, de 6 a 14 de fevereiro. Os pr\u00e9-selecionados na segunda chamada, de 20 a 27 de fevereiro. O registro da aprova\u00e7\u00e3o ou reprova\u00e7\u00e3o dos candidatos no Sistema Informatizado do Prouni e a emiss\u00e3o dos respectivos termos de Concess\u00e3o de Bolsa ou termos de Reprova\u00e7\u00e3o pelas institui\u00e7\u00f5es de ensino dever\u00e3o ser feitos entre os dias 6 a 18 de fevereiro para os selecionados na primeira chamada e entre 20 de fevereiro e 1\u00ba de mar\u00e7o para os selecionados na segunda chamada. Quem pode participar O ProUni oferece bolsas de estudo em institui\u00e7\u00f5es privadas de ensino superior. \u00a0O programa \u00e9 voltado \u00e0queles que fizeram o Exame Nacional do Ensino M\u00e9dio (Enem) de 2018, alcan\u00e7aram no m\u00ednimo 450 pontos e tiraram nota superior a zero na reda\u00e7\u00e3o. Al\u00e9m disso, s\u00f3 podem participar alunos brasileiros sem curso superior e que tenham feito o ensino m\u00e9dio completo na rede p\u00fablica ou como bolsista integral na rede privada, alunos que fizeram parte do ensino m\u00e9dio na rede p\u00fablica e a outra parte na rede privada, na condi\u00e7\u00e3o de bolsista ou que sejam deficientes f\u00edsicos. As bolsas integrais s\u00e3o voltadas \u00e0queles com renda familiar\u00a0per capita\u00a0de at\u00e9 um sal\u00e1rio m\u00ednimo e meio. As bolsas parciais de 50% s\u00e3o destinadas aos alunos que t\u00eam renda familiar\u00a0per capita\u00a0de at\u00e9 tr\u00eas sal\u00e1rios m\u00ednimos. Professores da rede p\u00fablica de ensino tamb\u00e9m podem concorrer a bolsa e n\u00e3o precisam atender aos crit\u00e9rios de renda. Fonte: EBC\" \/>\n<meta property=\"og:url\" content=\"https:\/\/noticiasemdestaque.com\/cd\/?p=15194\" \/>\n<meta property=\"og:site_name\" content=\"Not&iacute;cias em Destaque\" \/>\n<meta property=\"article:published_time\" content=\"2019-01-30T10:39:15+00:00\" \/>\n<meta property=\"og:image\" content=\"https:\/\/noticiasemdestaque.com\/cd\/wp-content\/uploads\/2018\/02\/prouni.jpg\" \/>\n\t<meta property=\"og:image:width\" content=\"600\" \/>\n\t<meta property=\"og:image:height\" content=\"400\" \/>\n\t<meta property=\"og:image:type\" content=\"image\/jpeg\" \/>\n<meta name=\"author\" content=\"Not\u00edcias em Destaque\" \/>\n<meta name=\"twitter:card\" content=\"summary_large_image\" \/>\n<meta name=\"twitter:label1\" content=\"Escrito por\" \/>\n\t<meta name=\"twitter:data1\" content=\"Not\u00edcias em Destaque\" \/>\n\t<meta name=\"twitter:label2\" content=\"Est. tempo de leitura\" \/>\n\t<meta name=\"twitter:data2\" content=\"4 minutos\" \/>\n<script type=\"application\/ld+json\" class=\"yoast-schema-graph\">{\"@context\":\"https:\/\/schema.org\",\"@graph\":[{\"@type\":\"Article\",\"@id\":\"https:\/\/noticiasemdestaque.com\/cd\/?p=15194#article\",\"isPartOf\":{\"@id\":\"https:\/\/noticiasemdestaque.com\/cd\/?p=15194\"},\"author\":{\"name\":\"Not\u00edcias em Destaque\",\"@id\":\"https:\/\/noticiasemdestaque.com\/cd\/#\/schema\/person\/47f7d4f55eec17c6b2ca036c5500f6ce\"},\"headline\":\"Inscri\u00e7\u00f5es para o ProUni come\u00e7am nesta quinta-feira\",\"datePublished\":\"2019-01-30T10:39:15+00:00\",\"mainEntityOfPage\":{\"@id\":\"https:\/\/noticiasemdestaque.com\/cd\/?p=15194\"},\"wordCount\":733,\"publisher\":{\"@id\":\"https:\/\/noticiasemdestaque.com\/cd\/#organization\"},\"image\":{\"@id\":\"https:\/\/noticiasemdestaque.com\/cd\/?p=15194#primaryimage\"},\"thumbnailUrl\":\"https:\/\/noticiasemdestaque.com\/cd\/wp-content\/uploads\/2018\/02\/prouni.jpg\",\"articleSection\":[\"Educa\u00e7\u00e3o\"],\"inLanguage\":\"pt-BR\"},{\"@type\":\"WebPage\",\"@id\":\"https:\/\/noticiasemdestaque.com\/cd\/?p=15194\",\"url\":\"https:\/\/noticiasemdestaque.com\/cd\/?p=15194\",\"name\":\"Inscri\u00e7\u00f5es para o ProUni come\u00e7am nesta quinta-feira - Not&iacute;cias em Destaque\",\"isPartOf\":{\"@id\":\"https:\/\/noticiasemdestaque.com\/cd\/#website\"},\"primaryImageOfPage\":{\"@id\":\"https:\/\/noticiasemdestaque.com\/cd\/?p=15194#primaryimage\"},\"image\":{\"@id\":\"https:\/\/noticiasemdestaque.com\/cd\/?p=15194#primaryimage\"},\"thumbnailUrl\":\"https:\/\/noticiasemdestaque.com\/cd\/wp-content\/uploads\/2018\/02\/prouni.jpg\",\"datePublished\":\"2019-01-30T10:39:15+00:00\",\"breadcrumb\":{\"@id\":\"https:\/\/noticiasemdestaque.com\/cd\/?p=15194#breadcrumb\"},\"inLanguage\":\"pt-BR\",\"potentialAction\":[{\"@type\":\"ReadAction\",\"target\":[\"https:\/\/noticiasemdestaque.com\/cd\/?p=15194\"]}]},{\"@type\":\"ImageObject\",\"inLanguage\":\"pt-BR\",\"@id\":\"https:\/\/noticiasemdestaque.com\/cd\/?p=15194#primaryimage\",\"url\":\"https:\/\/noticiasemdestaque.com\/cd\/wp-content\/uploads\/2018\/02\/prouni.jpg\",\"contentUrl\":\"https:\/\/noticiasemdestaque.com\/cd\/wp-content\/uploads\/2018\/02\/prouni.jpg\",\"width\":600,\"height\":400},{\"@type\":\"BreadcrumbList\",\"@id\":\"https:\/\/noticiasemdestaque.com\/cd\/?p=15194#breadcrumb\",\"itemListElement\":[{\"@type\":\"ListItem\",\"position\":1,\"name\":\"In\u00edcio\",\"item\":\"https:\/\/noticiasemdestaque.com\/cd\/\"},{\"@type\":\"ListItem\",\"position\":2,\"name\":\"Inscri\u00e7\u00f5es para o ProUni come\u00e7am nesta quinta-feira\"}]},{\"@type\":\"WebSite\",\"@id\":\"https:\/\/noticiasemdestaque.com\/cd\/#website\",\"url\":\"https:\/\/noticiasemdestaque.com\/cd\/\",\"name\":\"Not&iacute;cias em Destaque\",\"description\":\"\",\"publisher\":{\"@id\":\"https:\/\/noticiasemdestaque.com\/cd\/#organization\"},\"potentialAction\":[{\"@type\":\"SearchAction\",\"target\":{\"@type\":\"EntryPoint\",\"urlTemplate\":\"https:\/\/noticiasemdestaque.com\/cd\/?s={search_term_string}\"},\"query-input\":{\"@type\":\"PropertyValueSpecification\",\"valueRequired\":true,\"valueName\":\"search_term_string\"}}],\"inLanguage\":\"pt-BR\"},{\"@type\":\"Organization\",\"@id\":\"https:\/\/noticiasemdestaque.com\/cd\/#organization\",\"name\":\"Not\u00edcias em Destaque\",\"url\":\"https:\/\/noticiasemdestaque.com\/cd\/\",\"logo\":{\"@type\":\"ImageObject\",\"inLanguage\":\"pt-BR\",\"@id\":\"https:\/\/noticiasemdestaque.com\/cd\/#\/schema\/logo\/image\/\",\"url\":\"https:\/\/noticiasemdestaque.com\/cd\/wp-content\/uploads\/2022\/05\/imagem-base-noticiasemdestaque.png\",\"contentUrl\":\"https:\/\/noticiasemdestaque.com\/cd\/wp-content\/uploads\/2022\/05\/imagem-base-noticiasemdestaque.png\",\"width\":1200,\"height\":630,\"caption\":\"Not\u00edcias em Destaque\"},\"image\":{\"@id\":\"https:\/\/noticiasemdestaque.com\/cd\/#\/schema\/logo\/image\/\"}},{\"@type\":\"Person\",\"@id\":\"https:\/\/noticiasemdestaque.com\/cd\/#\/schema\/person\/47f7d4f55eec17c6b2ca036c5500f6ce\",\"name\":\"Not\u00edcias em Destaque\",\"url\":\"https:\/\/noticiasemdestaque.com\/cd\/?author=2\"}]}<\/script>\n<!-- \/ Yoast SEO plugin. -->","yoast_head_json":{"title":"Inscri\u00e7\u00f5es para o ProUni come\u00e7am nesta quinta-feira - Not&iacute;cias em Destaque","robots":{"index":"index","follow":"follow","max-snippet":"max-snippet:-1","max-image-preview":"max-image-preview:large","max-video-preview":"max-video-preview:-1"},"canonical":"https:\/\/noticiasemdestaque.com\/cd\/?p=15194","og_locale":"pt_BR","og_type":"article","og_title":"Inscri\u00e7\u00f5es para o ProUni come\u00e7am nesta quinta-feira - Not&iacute;cias em Destaque","og_description":"As inscri\u00e7\u00f5es para o Programa Universidade para Todos (ProUni) come\u00e7am amanh\u00e3 (31), mas, desde j\u00e1, os estudantes j\u00e1 podem se planejar, de acordo com dicas de especialistas entrevistados . Os candidatos podem, por exemplo, preparar listas de cursos que interessam, avaliando as possibilidades de serem aprovados e separar os documentos necess\u00e1rios para comprovar que preenchem os requisitos exigidos pelo programa. A dica do analista de Ensino Superior do Quero Bolsa, Pedro Am\u00e2ncio, \u00e9 selecionar as institui\u00e7\u00f5es de ensino, levando em considera\u00e7\u00e3o tanto a nota de corte quanto a dist\u00e2ncia e o custo de vida para estudar nelas. Os estudantes podem ainda come\u00e7ar a reunir a documenta\u00e7\u00e3o necess\u00e1ria para a aprova\u00e7\u00e3o da concess\u00e3o da bolsa. \u201cMuitos alunos acabam perdendo a bolsa por n\u00e3o ler direito o edital. Eles t\u00eam que ter documento que valide as informa\u00e7\u00f5es prestadas\u201d, diz. Para verificar a possibilidade de ser aprovado, o Quero Bolsa oferece, gratuitamente, um\u00a0simulado\u00a0com as notas de corte de cada curso em edi\u00e7\u00f5es anteriores do ProUni. Os estudantes podem, por meio dele, verificar se a nota que obtiveram no Exame Nacional do Ensino M\u00e9dio (Enem) \u00e9 suficiente para conseguir uma das bolsas. Aten\u00e7\u00e3o Depois de fazer a inscri\u00e7\u00e3o, os estudantes devem ficar atentos \u00e0 p\u00e1gina do ProUni porque nela ser\u00e3o divulgadas as notas de corte. Tratam-se de estimativas feitas com as inscri\u00e7\u00f5es realizadas at\u00e9 ent\u00e3o. N\u00e3o s\u00e3o garantia de vaga, mas podem orientar a escolha, segundo o diretor do Centro de Ensino M\u00e9dio 404, em Santa Maria, no Distrito Federal, Felipe de Lemos Cabral. \u201cO candidato tem que ficar atento o tempo todo. Ele tem direito a colocar duas op\u00e7\u00f5es de curso e a possibilidade de trocar enquanto a inscri\u00e7\u00e3o estiver aberta\u201d, afirma. \u201cComo a nota de corte varia muito, \u00e9 dif\u00edcil falar em uma quantidade de pontos suficientes para que o estudante entre no curso. Se estiver abaixo da nota de corte, j\u00e1 est\u00e1 correndo risco de ficar de fora\u201d, acrescenta. Cabral \u00e9 tamb\u00e9m coordenador pedag\u00f3gico do cursinho popular\u00a0Emancipa DF, cujo foco \u00e9 a prepara\u00e7\u00e3o para o Enem. Em mar\u00e7o, o curso que \u00e9 gratuito e oferecido em escolas p\u00fablicas de Planaltina, Santa Maria e Ceil\u00e2ndia, regi\u00f5es administrativas do Distrito Federal, abre as inscri\u00e7\u00f5es. Calend\u00e1rio As inscri\u00e7\u00f5es para o ProUni poder\u00e3o ser feitas de 31 de janeiro a 3 de fevereiro. Os resultados da primeira chamada ser\u00e3o divulgados no dia 6 de fevereiro. Os da segunda chamada, no dia 20 de fevereiro. O candidato pr\u00e9-selecionado na primeira chamada dever\u00e1 comparecer \u00e0 institui\u00e7\u00e3o para comprovar as informa\u00e7\u00f5es prestadas em sua inscri\u00e7\u00e3o e eventual participa\u00e7\u00e3o em processo seletivo pr\u00f3prio da institui\u00e7\u00e3o, quando for o caso, de 6 a 14 de fevereiro. Os pr\u00e9-selecionados na segunda chamada, de 20 a 27 de fevereiro. O registro da aprova\u00e7\u00e3o ou reprova\u00e7\u00e3o dos candidatos no Sistema Informatizado do Prouni e a emiss\u00e3o dos respectivos termos de Concess\u00e3o de Bolsa ou termos de Reprova\u00e7\u00e3o pelas institui\u00e7\u00f5es de ensino dever\u00e3o ser feitos entre os dias 6 a 18 de fevereiro para os selecionados na primeira chamada e entre 20 de fevereiro e 1\u00ba de mar\u00e7o para os selecionados na segunda chamada. Quem pode participar O ProUni oferece bolsas de estudo em institui\u00e7\u00f5es privadas de ensino superior. \u00a0O programa \u00e9 voltado \u00e0queles que fizeram o Exame Nacional do Ensino M\u00e9dio (Enem) de 2018, alcan\u00e7aram no m\u00ednimo 450 pontos e tiraram nota superior a zero na reda\u00e7\u00e3o. Al\u00e9m disso, s\u00f3 podem participar alunos brasileiros sem curso superior e que tenham feito o ensino m\u00e9dio completo na rede p\u00fablica ou como bolsista integral na rede privada, alunos que fizeram parte do ensino m\u00e9dio na rede p\u00fablica e a outra parte na rede privada, na condi\u00e7\u00e3o de bolsista ou que sejam deficientes f\u00edsicos. As bolsas integrais s\u00e3o voltadas \u00e0queles com renda familiar\u00a0per capita\u00a0de at\u00e9 um sal\u00e1rio m\u00ednimo e meio. As bolsas parciais de 50% s\u00e3o destinadas aos alunos que t\u00eam renda familiar\u00a0per capita\u00a0de at\u00e9 tr\u00eas sal\u00e1rios m\u00ednimos. Professores da rede p\u00fablica de ensino tamb\u00e9m podem concorrer a bolsa e n\u00e3o precisam atender aos crit\u00e9rios de renda. Fonte: EBC","og_url":"https:\/\/noticiasemdestaque.com\/cd\/?p=15194","og_site_name":"Not&iacute;cias em Destaque","article_published_time":"2019-01-30T10:39:15+00:00","og_image":[{"width":600,"height":400,"url":"https:\/\/noticiasemdestaque.com\/cd\/wp-content\/uploads\/2018\/02\/prouni.jpg","type":"image\/jpeg"}],"author":"Not\u00edcias em Destaque","twitter_card":"summary_large_image","twitter_misc":{"Escrito por":"Not\u00edcias em Destaque","Est. tempo de leitura":"4 minutos"},"schema":{"@context":"https:\/\/schema.org","@graph":[{"@type":"Article","@id":"https:\/\/noticiasemdestaque.com\/cd\/?p=15194#article","isPartOf":{"@id":"https:\/\/noticiasemdestaque.com\/cd\/?p=15194"},"author":{"name":"Not\u00edcias em Destaque","@id":"https:\/\/noticiasemdestaque.com\/cd\/#\/schema\/person\/47f7d4f55eec17c6b2ca036c5500f6ce"},"headline":"Inscri\u00e7\u00f5es para o ProUni come\u00e7am nesta quinta-feira","datePublished":"2019-01-30T10:39:15+00:00","mainEntityOfPage":{"@id":"https:\/\/noticiasemdestaque.com\/cd\/?p=15194"},"wordCount":733,"publisher":{"@id":"https:\/\/noticiasemdestaque.com\/cd\/#organization"},"image":{"@id":"https:\/\/noticiasemdestaque.com\/cd\/?p=15194#primaryimage"},"thumbnailUrl":"https:\/\/noticiasemdestaque.com\/cd\/wp-content\/uploads\/2018\/02\/prouni.jpg","articleSection":["Educa\u00e7\u00e3o"],"inLanguage":"pt-BR"},{"@type":"WebPage","@id":"https:\/\/noticiasemdestaque.com\/cd\/?p=15194","url":"https:\/\/noticiasemdestaque.com\/cd\/?p=15194","name":"Inscri\u00e7\u00f5es para o ProUni come\u00e7am nesta quinta-feira - Not&iacute;cias em Destaque","isPartOf":{"@id":"https:\/\/noticiasemdestaque.com\/cd\/#website"},"primaryImageOfPage":{"@id":"https:\/\/noticiasemdestaque.com\/cd\/?p=15194#primaryimage"},"image":{"@id":"https:\/\/noticiasemdestaque.com\/cd\/?p=15194#primaryimage"},"thumbnailUrl":"https:\/\/noticiasemdestaque.com\/cd\/wp-content\/uploads\/2018\/02\/prouni.jpg","datePublished":"2019-01-30T10:39:15+00:00","breadcrumb":{"@id":"https:\/\/noticiasemdestaque.com\/cd\/?p=15194#breadcrumb"},"inLanguage":"pt-BR","potentialAction":[{"@type":"ReadAction","target":["https:\/\/noticiasemdestaque.com\/cd\/?p=15194"]}]},{"@type":"ImageObject","inLanguage":"pt-BR","@id":"https:\/\/noticiasemdestaque.com\/cd\/?p=15194#primaryimage","url":"https:\/\/noticiasemdestaque.com\/cd\/wp-content\/uploads\/2018\/02\/prouni.jpg","contentUrl":"https:\/\/noticiasemdestaque.com\/cd\/wp-content\/uploads\/2018\/02\/prouni.jpg","width":600,"height":400},{"@type":"BreadcrumbList","@id":"https:\/\/noticiasemdestaque.com\/cd\/?p=15194#breadcrumb","itemListElement":[{"@type":"ListItem","position":1,"name":"In\u00edcio","item":"https:\/\/noticiasemdestaque.com\/cd\/"},{"@type":"ListItem","position":2,"name":"Inscri\u00e7\u00f5es para o ProUni come\u00e7am nesta quinta-feira"}]},{"@type":"WebSite","@id":"https:\/\/noticiasemdestaque.com\/cd\/#website","url":"https:\/\/noticiasemdestaque.com\/cd\/","name":"Not&iacute;cias em Destaque","description":"","publisher":{"@id":"https:\/\/noticiasemdestaque.com\/cd\/#organization"},"potentialAction":[{"@type":"SearchAction","target":{"@type":"EntryPoint","urlTemplate":"https:\/\/noticiasemdestaque.com\/cd\/?s={search_term_string}"},"query-input":{"@type":"PropertyValueSpecification","valueRequired":true,"valueName":"search_term_string"}}],"inLanguage":"pt-BR"},{"@type":"Organization","@id":"https:\/\/noticiasemdestaque.com\/cd\/#organization","name":"Not\u00edcias em Destaque","url":"https:\/\/noticiasemdestaque.com\/cd\/","logo":{"@type":"ImageObject","inLanguage":"pt-BR","@id":"https:\/\/noticiasemdestaque.com\/cd\/#\/schema\/logo\/image\/","url":"https:\/\/noticiasemdestaque.com\/cd\/wp-content\/uploads\/2022\/05\/imagem-base-noticiasemdestaque.png","contentUrl":"https:\/\/noticiasemdestaque.com\/cd\/wp-content\/uploads\/2022\/05\/imagem-base-noticiasemdestaque.png","width":1200,"height":630,"caption":"Not\u00edcias em Destaque"},"image":{"@id":"https:\/\/noticiasemdestaque.com\/cd\/#\/schema\/logo\/image\/"}},{"@type":"Person","@id":"https:\/\/noticiasemdestaque.com\/cd\/#\/schema\/person\/47f7d4f55eec17c6b2ca036c5500f6ce","name":"Not\u00edcias em Destaque","url":"https:\/\/noticiasemdestaque.com\/cd\/?author=2"}]}},"jetpack_featured_media_url":"https:\/\/noticiasemdestaque.com\/cd\/wp-content\/uploads\/2018\/02\/prouni.jpg","jetpack_sharing_enabled":true,"_links":{"self":[{"href":"https:\/\/noticiasemdestaque.com\/cd\/index.php?rest_route=\/wp\/v2\/posts\/15194","targetHints":{"allow":["GET"]}}],"collection":[{"href":"https:\/\/noticiasemdestaque.com\/cd\/index.php?rest_route=\/wp\/v2\/posts"}],"about":[{"href":"https:\/\/noticiasemdestaque.com\/cd\/index.php?rest_route=\/wp\/v2\/types\/post"}],"author":[{"embeddable":true,"href":"https:\/\/noticiasemdestaque.com\/cd\/index.php?rest_route=\/wp\/v2\/users\/2"}],"replies":[{"embeddable":true,"href":"https:\/\/noticiasemdestaque.com\/cd\/index.php?rest_route=%2Fwp%2Fv2%2Fcomments&post=15194"}],"version-history":[{"count":1,"href":"https:\/\/noticiasemdestaque.com\/cd\/index.php?rest_route=\/wp\/v2\/posts\/15194\/revisions"}],"predecessor-version":[{"id":15197,"href":"https:\/\/noticiasemdestaque.com\/cd\/index.php?rest_route=\/wp\/v2\/posts\/15194\/revisions\/15197"}],"wp:featuredmedia":[{"embeddable":true,"href":"https:\/\/noticiasemdestaque.com\/cd\/index.php?rest_route=\/wp\/v2\/media\/7830"}],"wp:attachment":[{"href":"https:\/\/noticiasemdestaque.com\/cd\/index.php?rest_route=%2Fwp%2Fv2%2Fmedia&parent=15194"}],"wp:term":[{"taxonomy":"category","embeddable":true,"href":"https:\/\/noticiasemdestaque.com\/cd\/index.php?rest_route=%2Fwp%2Fv2%2Fcategories&post=15194"},{"taxonomy":"post_tag","embeddable":true,"href":"https:\/\/noticiasemdestaque.com\/cd\/index.php?rest_route=%2Fwp%2Fv2%2Ftags&post=15194"}],"curies":[{"name":"wp","href":"https:\/\/api.w.org\/{rel}","templated":true}]}}