{"id":15186,"date":"2019-01-30T07:31:38","date_gmt":"2019-01-30T10:31:38","guid":{"rendered":"http:\/\/noticiasemdestaque.com\/cd\/?p=15186"},"modified":"2019-01-30T07:31:38","modified_gmt":"2019-01-30T10:31:38","slug":"nesta-sexta-feira-sera-lancado-mais-medicos-para-a-prata","status":"publish","type":"post","link":"https:\/\/noticiasemdestaque.com\/cd\/?p=15186","title":{"rendered":"Nesta sexta-feira ser\u00e1 lan\u00e7ado \u201cMais M\u00e9dicos Para a Prata\u201d"},"content":{"rendered":"<p><a href=\"https:\/\/noticiasemdestaque.com\/cd\/wp-content\/uploads\/2019\/01\/foto-mais-medicos.jpg\"><img fetchpriority=\"high\" decoding=\"async\" class=\"alignnone size-full wp-image-14859\" src=\"https:\/\/noticiasemdestaque.com\/cd\/wp-content\/uploads\/2019\/01\/foto-mais-medicos.jpg\" alt=\"\" width=\"750\" height=\"400\" srcset=\"https:\/\/noticiasemdestaque.com\/cd\/wp-content\/uploads\/2019\/01\/foto-mais-medicos.jpg 750w, https:\/\/noticiasemdestaque.com\/cd\/wp-content\/uploads\/2019\/01\/foto-mais-medicos-300x160.jpg 300w\" sizes=\"(max-width: 750px) 100vw, 750px\" \/><\/a><\/p>\n<p>De forma in\u00e9dito e incentivadora, a Prefeitura de Prata ir\u00e1 implantar na pr\u00f3xima sexta-feira (01) o Programa Mais M\u00e9dicos Para a Prata que beneficiar\u00e1 alunos de medicina durante todo o curso.<\/p>\n<p>Segundo o prefeito J\u00fanior, o programa consiste em custear cinco alunos no curso de medicina, ajudando-os com uma bolsa de estudo. J\u00fanior explicou que os alunos, quando estiverem formados, ter\u00e3o que retribuir com seus servi\u00e7os profissionais, como forma de contrapartida, prestando servi\u00e7os aos pratenses.<\/p>\n<p>J\u00fanior disse que pensou o programa com dois objetivos, o primeiro em contribuir para a forma\u00e7\u00e3o desses jovens, e o segundo, melhorar e aumentar a oferta de m\u00e9dicos no munic\u00edpio, porque ser\u00e3o mais 05 m\u00e9dicos, no futuro bem pr\u00f3ximo, que estar\u00e3o prestando atendimento m\u00e9dico perto de casa, atendendo seus amigos, familiares, atendendo o povo de Prata.<\/p>\n<p>\u201cDurante o lan\u00e7amento, haver\u00e1 um jantar com os alunos contemplados com o programa e seus familiares, num momento de felicidade para todos n\u00f3s que fazemos a Gest\u00e3o Municipal\u201d, destacou o prefeito.<\/p>\n<p>O lan\u00e7amento do programa, al\u00e9m de contar com a presen\u00e7a do prefeito e sua esposa Maria Aparecida, tamb\u00e9m contar\u00e1 com a presen\u00e7a de secret\u00e1rios municipais, vereadores, autoridades locais, tanto pol\u00edticas como eclesi\u00e1sticas, gerentes regionais de Educa\u00e7\u00e3o (Ari Prata) e Sa\u00fade (Ravena Farias).<\/p>\n","protected":false},"excerpt":{"rendered":"<p>De forma in\u00e9dito e incentivadora, a Prefeitura de Prata ir\u00e1 implantar na pr\u00f3xima sexta-feira (01) o Programa Mais M\u00e9dicos Para a Prata que beneficiar\u00e1 alunos de medicina durante todo o curso. Segundo o prefeito J\u00fanior, o programa consiste em custear cinco alunos no curso de medicina, ajudando-os com uma bolsa de estudo. J\u00fanior explicou que os alunos, quando estiverem formados, ter\u00e3o que retribuir com seus servi\u00e7os profissionais, como forma de contrapartida, prestando servi\u00e7os aos pratenses. J\u00fanior disse que pensou o programa com dois objetivos, o primeiro em contribuir para a forma\u00e7\u00e3o desses jovens, e o segundo, melhorar e aumentar a oferta de m\u00e9dicos no munic\u00edpio, porque ser\u00e3o mais 05 m\u00e9dicos, no futuro bem pr\u00f3ximo, que estar\u00e3o prestando atendimento m\u00e9dico perto de casa, atendendo seus amigos, familiares, atendendo o povo de Prata. \u201cDurante o lan\u00e7amento, haver\u00e1 um jantar com os alunos contemplados com o programa e seus familiares, num momento de felicidade para todos n\u00f3s que fazemos a Gest\u00e3o Municipal\u201d, destacou o prefeito. O lan\u00e7amento do programa, al\u00e9m de contar com a presen\u00e7a do prefeito e sua esposa Maria Aparecida, tamb\u00e9m contar\u00e1 com a presen\u00e7a de secret\u00e1rios municipais, vereadores, autoridades locais, tanto pol\u00edticas como eclesi\u00e1sticas, gerentes regionais de Educa\u00e7\u00e3o (Ari Prata) e Sa\u00fade (Ravena Farias).<\/p>\n","protected":false},"author":2,"featured_media":14859,"comment_status":"closed","ping_status":"open","sticky":false,"template":"","format":"standard","meta":{"_eb_attr":"","_jetpack_memberships_contains_paid_content":false,"footnotes":""},"categories":[8],"tags":[],"class_list":["post-15186","post","type-post","status-publish","format-standard","has-post-thumbnail","hentry","category-saude"],"yoast_head":"<!-- This site is optimized with the Yoast SEO plugin v26.5 - https:\/\/yoast.com\/wordpress\/plugins\/seo\/ -->\n<title>Nesta sexta-feira ser\u00e1 lan\u00e7ado \u201cMais M\u00e9dicos Para a Prata\u201d - Not&iacute;cias em Destaque<\/title>\n<meta name=\"robots\" content=\"index, follow, max-snippet:-1, max-image-preview:large, max-video-preview:-1\" \/>\n<link rel=\"canonical\" href=\"https:\/\/noticiasemdestaque.com\/cd\/?p=15186\" \/>\n<meta property=\"og:locale\" content=\"pt_BR\" \/>\n<meta property=\"og:type\" content=\"article\" \/>\n<meta property=\"og:title\" content=\"Nesta sexta-feira ser\u00e1 lan\u00e7ado \u201cMais M\u00e9dicos Para a Prata\u201d - Not&iacute;cias em Destaque\" \/>\n<meta property=\"og:description\" content=\"De forma in\u00e9dito e incentivadora, a Prefeitura de Prata ir\u00e1 implantar na pr\u00f3xima sexta-feira (01) o Programa Mais M\u00e9dicos Para a Prata que beneficiar\u00e1 alunos de medicina durante todo o curso. Segundo o prefeito J\u00fanior, o programa consiste em custear cinco alunos no curso de medicina, ajudando-os com uma bolsa de estudo. J\u00fanior explicou que os alunos, quando estiverem formados, ter\u00e3o que retribuir com seus servi\u00e7os profissionais, como forma de contrapartida, prestando servi\u00e7os aos pratenses. J\u00fanior disse que pensou o programa com dois objetivos, o primeiro em contribuir para a forma\u00e7\u00e3o desses jovens, e o segundo, melhorar e aumentar a oferta de m\u00e9dicos no munic\u00edpio, porque ser\u00e3o mais 05 m\u00e9dicos, no futuro bem pr\u00f3ximo, que estar\u00e3o prestando atendimento m\u00e9dico perto de casa, atendendo seus amigos, familiares, atendendo o povo de Prata. \u201cDurante o lan\u00e7amento, haver\u00e1 um jantar com os alunos contemplados com o programa e seus familiares, num momento de felicidade para todos n\u00f3s que fazemos a Gest\u00e3o Municipal\u201d, destacou o prefeito. O lan\u00e7amento do programa, al\u00e9m de contar com a presen\u00e7a do prefeito e sua esposa Maria Aparecida, tamb\u00e9m contar\u00e1 com a presen\u00e7a de secret\u00e1rios municipais, vereadores, autoridades locais, tanto pol\u00edticas como eclesi\u00e1sticas, gerentes regionais de Educa\u00e7\u00e3o (Ari Prata) e Sa\u00fade (Ravena Farias).\" \/>\n<meta property=\"og:url\" content=\"https:\/\/noticiasemdestaque.com\/cd\/?p=15186\" \/>\n<meta property=\"og:site_name\" content=\"Not&iacute;cias em Destaque\" \/>\n<meta property=\"article:published_time\" content=\"2019-01-30T10:31:38+00:00\" \/>\n<meta property=\"og:image\" content=\"https:\/\/noticiasemdestaque.com\/cd\/wp-content\/uploads\/2019\/01\/foto-mais-medicos.jpg\" \/>\n\t<meta property=\"og:image:width\" content=\"750\" \/>\n\t<meta property=\"og:image:height\" content=\"400\" \/>\n\t<meta property=\"og:image:type\" content=\"image\/jpeg\" \/>\n<meta name=\"author\" content=\"Not\u00edcias em Destaque\" \/>\n<meta name=\"twitter:card\" content=\"summary_large_image\" \/>\n<meta name=\"twitter:label1\" content=\"Escrito por\" \/>\n\t<meta name=\"twitter:data1\" content=\"Not\u00edcias em Destaque\" \/>\n\t<meta name=\"twitter:label2\" content=\"Est. tempo de leitura\" \/>\n\t<meta name=\"twitter:data2\" content=\"1 minuto\" \/>\n<script type=\"application\/ld+json\" class=\"yoast-schema-graph\">{\"@context\":\"https:\/\/schema.org\",\"@graph\":[{\"@type\":\"Article\",\"@id\":\"https:\/\/noticiasemdestaque.com\/cd\/?p=15186#article\",\"isPartOf\":{\"@id\":\"https:\/\/noticiasemdestaque.com\/cd\/?p=15186\"},\"author\":{\"name\":\"Not\u00edcias em Destaque\",\"@id\":\"https:\/\/noticiasemdestaque.com\/cd\/#\/schema\/person\/4a81fb71f77579d059c3045891fa1786\"},\"headline\":\"Nesta sexta-feira ser\u00e1 lan\u00e7ado \u201cMais M\u00e9dicos Para a Prata\u201d\",\"datePublished\":\"2019-01-30T10:31:38+00:00\",\"mainEntityOfPage\":{\"@id\":\"https:\/\/noticiasemdestaque.com\/cd\/?p=15186\"},\"wordCount\":243,\"publisher\":{\"@id\":\"https:\/\/noticiasemdestaque.com\/cd\/#organization\"},\"image\":{\"@id\":\"https:\/\/noticiasemdestaque.com\/cd\/?p=15186#primaryimage\"},\"thumbnailUrl\":\"https:\/\/noticiasemdestaque.com\/cd\/wp-content\/uploads\/2019\/01\/foto-mais-medicos.jpg\",\"articleSection\":[\"Sa\u00fade\"],\"inLanguage\":\"pt-BR\"},{\"@type\":\"WebPage\",\"@id\":\"https:\/\/noticiasemdestaque.com\/cd\/?p=15186\",\"url\":\"https:\/\/noticiasemdestaque.com\/cd\/?p=15186\",\"name\":\"Nesta sexta-feira ser\u00e1 lan\u00e7ado \u201cMais M\u00e9dicos Para a Prata\u201d - Not&iacute;cias em Destaque\",\"isPartOf\":{\"@id\":\"https:\/\/noticiasemdestaque.com\/cd\/#website\"},\"primaryImageOfPage\":{\"@id\":\"https:\/\/noticiasemdestaque.com\/cd\/?p=15186#primaryimage\"},\"image\":{\"@id\":\"https:\/\/noticiasemdestaque.com\/cd\/?p=15186#primaryimage\"},\"thumbnailUrl\":\"https:\/\/noticiasemdestaque.com\/cd\/wp-content\/uploads\/2019\/01\/foto-mais-medicos.jpg\",\"datePublished\":\"2019-01-30T10:31:38+00:00\",\"breadcrumb\":{\"@id\":\"https:\/\/noticiasemdestaque.com\/cd\/?p=15186#breadcrumb\"},\"inLanguage\":\"pt-BR\",\"potentialAction\":[{\"@type\":\"ReadAction\",\"target\":[\"https:\/\/noticiasemdestaque.com\/cd\/?p=15186\"]}]},{\"@type\":\"ImageObject\",\"inLanguage\":\"pt-BR\",\"@id\":\"https:\/\/noticiasemdestaque.com\/cd\/?p=15186#primaryimage\",\"url\":\"https:\/\/noticiasemdestaque.com\/cd\/wp-content\/uploads\/2019\/01\/foto-mais-medicos.jpg\",\"contentUrl\":\"https:\/\/noticiasemdestaque.com\/cd\/wp-content\/uploads\/2019\/01\/foto-mais-medicos.jpg\",\"width\":750,\"height\":400},{\"@type\":\"BreadcrumbList\",\"@id\":\"https:\/\/noticiasemdestaque.com\/cd\/?p=15186#breadcrumb\",\"itemListElement\":[{\"@type\":\"ListItem\",\"position\":1,\"name\":\"In\u00edcio\",\"item\":\"https:\/\/noticiasemdestaque.com\/cd\/\"},{\"@type\":\"ListItem\",\"position\":2,\"name\":\"Nesta sexta-feira ser\u00e1 lan\u00e7ado \u201cMais M\u00e9dicos Para a Prata\u201d\"}]},{\"@type\":\"WebSite\",\"@id\":\"https:\/\/noticiasemdestaque.com\/cd\/#website\",\"url\":\"https:\/\/noticiasemdestaque.com\/cd\/\",\"name\":\"Not&iacute;cias em Destaque\",\"description\":\"\",\"publisher\":{\"@id\":\"https:\/\/noticiasemdestaque.com\/cd\/#organization\"},\"potentialAction\":[{\"@type\":\"SearchAction\",\"target\":{\"@type\":\"EntryPoint\",\"urlTemplate\":\"https:\/\/noticiasemdestaque.com\/cd\/?s={search_term_string}\"},\"query-input\":{\"@type\":\"PropertyValueSpecification\",\"valueRequired\":true,\"valueName\":\"search_term_string\"}}],\"inLanguage\":\"pt-BR\"},{\"@type\":\"Organization\",\"@id\":\"https:\/\/noticiasemdestaque.com\/cd\/#organization\",\"name\":\"Not\u00edcias em Destaque\",\"url\":\"https:\/\/noticiasemdestaque.com\/cd\/\",\"logo\":{\"@type\":\"ImageObject\",\"inLanguage\":\"pt-BR\",\"@id\":\"https:\/\/noticiasemdestaque.com\/cd\/#\/schema\/logo\/image\/\",\"url\":\"https:\/\/noticiasemdestaque.com\/cd\/wp-content\/uploads\/2022\/05\/imagem-base-noticiasemdestaque.png\",\"contentUrl\":\"https:\/\/noticiasemdestaque.com\/cd\/wp-content\/uploads\/2022\/05\/imagem-base-noticiasemdestaque.png\",\"width\":1200,\"height\":630,\"caption\":\"Not\u00edcias em Destaque\"},\"image\":{\"@id\":\"https:\/\/noticiasemdestaque.com\/cd\/#\/schema\/logo\/image\/\"}},{\"@type\":\"Person\",\"@id\":\"https:\/\/noticiasemdestaque.com\/cd\/#\/schema\/person\/4a81fb71f77579d059c3045891fa1786\",\"name\":\"Not\u00edcias em Destaque\",\"url\":\"https:\/\/noticiasemdestaque.com\/cd\/?author=2\"}]}<\/script>\n<!-- \/ Yoast SEO plugin. -->","yoast_head_json":{"title":"Nesta sexta-feira ser\u00e1 lan\u00e7ado \u201cMais M\u00e9dicos Para a Prata\u201d - Not&iacute;cias em Destaque","robots":{"index":"index","follow":"follow","max-snippet":"max-snippet:-1","max-image-preview":"max-image-preview:large","max-video-preview":"max-video-preview:-1"},"canonical":"https:\/\/noticiasemdestaque.com\/cd\/?p=15186","og_locale":"pt_BR","og_type":"article","og_title":"Nesta sexta-feira ser\u00e1 lan\u00e7ado \u201cMais M\u00e9dicos Para a Prata\u201d - Not&iacute;cias em Destaque","og_description":"De forma in\u00e9dito e incentivadora, a Prefeitura de Prata ir\u00e1 implantar na pr\u00f3xima sexta-feira (01) o Programa Mais M\u00e9dicos Para a Prata que beneficiar\u00e1 alunos de medicina durante todo o curso. Segundo o prefeito J\u00fanior, o programa consiste em custear cinco alunos no curso de medicina, ajudando-os com uma bolsa de estudo. J\u00fanior explicou que os alunos, quando estiverem formados, ter\u00e3o que retribuir com seus servi\u00e7os profissionais, como forma de contrapartida, prestando servi\u00e7os aos pratenses. J\u00fanior disse que pensou o programa com dois objetivos, o primeiro em contribuir para a forma\u00e7\u00e3o desses jovens, e o segundo, melhorar e aumentar a oferta de m\u00e9dicos no munic\u00edpio, porque ser\u00e3o mais 05 m\u00e9dicos, no futuro bem pr\u00f3ximo, que estar\u00e3o prestando atendimento m\u00e9dico perto de casa, atendendo seus amigos, familiares, atendendo o povo de Prata. \u201cDurante o lan\u00e7amento, haver\u00e1 um jantar com os alunos contemplados com o programa e seus familiares, num momento de felicidade para todos n\u00f3s que fazemos a Gest\u00e3o Municipal\u201d, destacou o prefeito. O lan\u00e7amento do programa, al\u00e9m de contar com a presen\u00e7a do prefeito e sua esposa Maria Aparecida, tamb\u00e9m contar\u00e1 com a presen\u00e7a de secret\u00e1rios municipais, vereadores, autoridades locais, tanto pol\u00edticas como eclesi\u00e1sticas, gerentes regionais de Educa\u00e7\u00e3o (Ari Prata) e Sa\u00fade (Ravena Farias).","og_url":"https:\/\/noticiasemdestaque.com\/cd\/?p=15186","og_site_name":"Not&iacute;cias em Destaque","article_published_time":"2019-01-30T10:31:38+00:00","og_image":[{"width":750,"height":400,"url":"https:\/\/noticiasemdestaque.com\/cd\/wp-content\/uploads\/2019\/01\/foto-mais-medicos.jpg","type":"image\/jpeg"}],"author":"Not\u00edcias em Destaque","twitter_card":"summary_large_image","twitter_misc":{"Escrito por":"Not\u00edcias em Destaque","Est. tempo de leitura":"1 minuto"},"schema":{"@context":"https:\/\/schema.org","@graph":[{"@type":"Article","@id":"https:\/\/noticiasemdestaque.com\/cd\/?p=15186#article","isPartOf":{"@id":"https:\/\/noticiasemdestaque.com\/cd\/?p=15186"},"author":{"name":"Not\u00edcias em Destaque","@id":"https:\/\/noticiasemdestaque.com\/cd\/#\/schema\/person\/4a81fb71f77579d059c3045891fa1786"},"headline":"Nesta sexta-feira ser\u00e1 lan\u00e7ado \u201cMais M\u00e9dicos Para a Prata\u201d","datePublished":"2019-01-30T10:31:38+00:00","mainEntityOfPage":{"@id":"https:\/\/noticiasemdestaque.com\/cd\/?p=15186"},"wordCount":243,"publisher":{"@id":"https:\/\/noticiasemdestaque.com\/cd\/#organization"},"image":{"@id":"https:\/\/noticiasemdestaque.com\/cd\/?p=15186#primaryimage"},"thumbnailUrl":"https:\/\/noticiasemdestaque.com\/cd\/wp-content\/uploads\/2019\/01\/foto-mais-medicos.jpg","articleSection":["Sa\u00fade"],"inLanguage":"pt-BR"},{"@type":"WebPage","@id":"https:\/\/noticiasemdestaque.com\/cd\/?p=15186","url":"https:\/\/noticiasemdestaque.com\/cd\/?p=15186","name":"Nesta sexta-feira ser\u00e1 lan\u00e7ado \u201cMais M\u00e9dicos Para a Prata\u201d - Not&iacute;cias em Destaque","isPartOf":{"@id":"https:\/\/noticiasemdestaque.com\/cd\/#website"},"primaryImageOfPage":{"@id":"https:\/\/noticiasemdestaque.com\/cd\/?p=15186#primaryimage"},"image":{"@id":"https:\/\/noticiasemdestaque.com\/cd\/?p=15186#primaryimage"},"thumbnailUrl":"https:\/\/noticiasemdestaque.com\/cd\/wp-content\/uploads\/2019\/01\/foto-mais-medicos.jpg","datePublished":"2019-01-30T10:31:38+00:00","breadcrumb":{"@id":"https:\/\/noticiasemdestaque.com\/cd\/?p=15186#breadcrumb"},"inLanguage":"pt-BR","potentialAction":[{"@type":"ReadAction","target":["https:\/\/noticiasemdestaque.com\/cd\/?p=15186"]}]},{"@type":"ImageObject","inLanguage":"pt-BR","@id":"https:\/\/noticiasemdestaque.com\/cd\/?p=15186#primaryimage","url":"https:\/\/noticiasemdestaque.com\/cd\/wp-content\/uploads\/2019\/01\/foto-mais-medicos.jpg","contentUrl":"https:\/\/noticiasemdestaque.com\/cd\/wp-content\/uploads\/2019\/01\/foto-mais-medicos.jpg","width":750,"height":400},{"@type":"BreadcrumbList","@id":"https:\/\/noticiasemdestaque.com\/cd\/?p=15186#breadcrumb","itemListElement":[{"@type":"ListItem","position":1,"name":"In\u00edcio","item":"https:\/\/noticiasemdestaque.com\/cd\/"},{"@type":"ListItem","position":2,"name":"Nesta sexta-feira ser\u00e1 lan\u00e7ado \u201cMais M\u00e9dicos Para a Prata\u201d"}]},{"@type":"WebSite","@id":"https:\/\/noticiasemdestaque.com\/cd\/#website","url":"https:\/\/noticiasemdestaque.com\/cd\/","name":"Not&iacute;cias em Destaque","description":"","publisher":{"@id":"https:\/\/noticiasemdestaque.com\/cd\/#organization"},"potentialAction":[{"@type":"SearchAction","target":{"@type":"EntryPoint","urlTemplate":"https:\/\/noticiasemdestaque.com\/cd\/?s={search_term_string}"},"query-input":{"@type":"PropertyValueSpecification","valueRequired":true,"valueName":"search_term_string"}}],"inLanguage":"pt-BR"},{"@type":"Organization","@id":"https:\/\/noticiasemdestaque.com\/cd\/#organization","name":"Not\u00edcias em Destaque","url":"https:\/\/noticiasemdestaque.com\/cd\/","logo":{"@type":"ImageObject","inLanguage":"pt-BR","@id":"https:\/\/noticiasemdestaque.com\/cd\/#\/schema\/logo\/image\/","url":"https:\/\/noticiasemdestaque.com\/cd\/wp-content\/uploads\/2022\/05\/imagem-base-noticiasemdestaque.png","contentUrl":"https:\/\/noticiasemdestaque.com\/cd\/wp-content\/uploads\/2022\/05\/imagem-base-noticiasemdestaque.png","width":1200,"height":630,"caption":"Not\u00edcias em Destaque"},"image":{"@id":"https:\/\/noticiasemdestaque.com\/cd\/#\/schema\/logo\/image\/"}},{"@type":"Person","@id":"https:\/\/noticiasemdestaque.com\/cd\/#\/schema\/person\/4a81fb71f77579d059c3045891fa1786","name":"Not\u00edcias em Destaque","url":"https:\/\/noticiasemdestaque.com\/cd\/?author=2"}]}},"jetpack_featured_media_url":"https:\/\/noticiasemdestaque.com\/cd\/wp-content\/uploads\/2019\/01\/foto-mais-medicos.jpg","jetpack_sharing_enabled":true,"_links":{"self":[{"href":"https:\/\/noticiasemdestaque.com\/cd\/index.php?rest_route=\/wp\/v2\/posts\/15186","targetHints":{"allow":["GET"]}}],"collection":[{"href":"https:\/\/noticiasemdestaque.com\/cd\/index.php?rest_route=\/wp\/v2\/posts"}],"about":[{"href":"https:\/\/noticiasemdestaque.com\/cd\/index.php?rest_route=\/wp\/v2\/types\/post"}],"author":[{"embeddable":true,"href":"https:\/\/noticiasemdestaque.com\/cd\/index.php?rest_route=\/wp\/v2\/users\/2"}],"replies":[{"embeddable":true,"href":"https:\/\/noticiasemdestaque.com\/cd\/index.php?rest_route=%2Fwp%2Fv2%2Fcomments&post=15186"}],"version-history":[{"count":1,"href":"https:\/\/noticiasemdestaque.com\/cd\/index.php?rest_route=\/wp\/v2\/posts\/15186\/revisions"}],"predecessor-version":[{"id":15189,"href":"https:\/\/noticiasemdestaque.com\/cd\/index.php?rest_route=\/wp\/v2\/posts\/15186\/revisions\/15189"}],"wp:featuredmedia":[{"embeddable":true,"href":"https:\/\/noticiasemdestaque.com\/cd\/index.php?rest_route=\/wp\/v2\/media\/14859"}],"wp:attachment":[{"href":"https:\/\/noticiasemdestaque.com\/cd\/index.php?rest_route=%2Fwp%2Fv2%2Fmedia&parent=15186"}],"wp:term":[{"taxonomy":"category","embeddable":true,"href":"https:\/\/noticiasemdestaque.com\/cd\/index.php?rest_route=%2Fwp%2Fv2%2Fcategories&post=15186"},{"taxonomy":"post_tag","embeddable":true,"href":"https:\/\/noticiasemdestaque.com\/cd\/index.php?rest_route=%2Fwp%2Fv2%2Ftags&post=15186"}],"curies":[{"name":"wp","href":"https:\/\/api.w.org\/{rel}","templated":true}]}}