{"id":1517,"date":"2017-07-09T11:45:44","date_gmt":"2017-07-09T14:45:44","guid":{"rendered":"http:\/\/caririemdestaque.com\/cd\/?p=1517"},"modified":"2017-07-09T11:45:44","modified_gmt":"2017-07-09T14:45:44","slug":"maranhao-aparece-com-cartaxo-e-minimiza-boatos-de-rompimento-com-oposicao","status":"publish","type":"post","link":"https:\/\/noticiasemdestaque.com\/cd\/?p=1517","title":{"rendered":"Maranh\u00e3o aparece com Cartaxo e minimiza boatos de rompimento com oposi\u00e7\u00e3o"},"content":{"rendered":"<p><a href=\"http:\/\/caririemdestaque.com\/cd\/wp-content\/uploads\/2017\/07\/201707091006020000005824.jpg\"><img fetchpriority=\"high\" decoding=\"async\" class=\"size-medium wp-image-1518 alignleft\" src=\"http:\/\/caririemdestaque.com\/cd\/wp-content\/uploads\/2017\/07\/201707091006020000005824-300x219.jpg\" alt=\"\" width=\"300\" height=\"219\" srcset=\"https:\/\/noticiasemdestaque.com\/cd\/wp-content\/uploads\/2017\/07\/201707091006020000005824-300x219.jpg 300w, https:\/\/noticiasemdestaque.com\/cd\/wp-content\/uploads\/2017\/07\/201707091006020000005824.jpg 480w\" sizes=\"(max-width: 300px) 100vw, 300px\" \/><\/a>O senador paraibano Jos\u00e9 Maranh\u00e3o foi fotografado neste s\u00e1bado (8) ao lado do prefeito e vice de Jo\u00e3o Pessoa, Luciano Cartaxo (PSD) e Manoel Jr (PMDB), respectivamente, durante festa de S\u00e3o Pedro do munic\u00edpio de Bel\u00e9m.<\/p>\n<p>O registro minimizou os boatos de que o peemedebista estaria rompendo com a oposi\u00e7\u00e3o para se aproximar do grupo do governador Ricardo Coutinho (PSB), alimentados ap\u00f3s a aus\u00eancia de Maranh\u00e3o em Campina Grande no \u00faltimo dia de junho, ocasi\u00e3o em que Cartaxo, Romero, C\u00e1ssio Cunha Lima, Manoel Jr e R\u00f4mulo Gouveia estiveram reunidos, refor\u00e7ando a unidade da oposi\u00e7\u00e3o.<\/p>\n<p>Cartaxo e Manoel Jr foram recebidos pela prefeita de Bel\u00e9m, Renata Cristianne e v\u00e1rios prefeitos da regi\u00e3o, como a prefeita da Serra da Raiz, Adailma Fernandes e o vice, Lu\u00eds Machado; Joyce Renale, Duas Estradas; Tiago Lisboa, Capim; Fabiano Pedro, Lagoa de Dentro e o vice, Leandro Vieira; Baia, Pedro Regis e Jair Magno de Cuit\u00e9 de Mamanguape.<\/p>\n<p><strong><em>Cariri em Destaque<\/em><\/strong><\/p>\n<p>Com WSCOM<\/p>\n","protected":false},"excerpt":{"rendered":"<p>O senador paraibano Jos\u00e9 Maranh\u00e3o foi fotografado neste s\u00e1bado (8) ao lado do prefeito e vice de Jo\u00e3o Pessoa, Luciano Cartaxo (PSD) e Manoel Jr (PMDB), respectivamente, durante festa de S\u00e3o Pedro do munic\u00edpio de Bel\u00e9m. O registro minimizou os boatos de que o peemedebista estaria rompendo com a oposi\u00e7\u00e3o para se aproximar do grupo do governador Ricardo Coutinho (PSB), alimentados ap\u00f3s a aus\u00eancia de Maranh\u00e3o em Campina Grande no \u00faltimo dia de junho, ocasi\u00e3o em que Cartaxo, Romero, C\u00e1ssio Cunha Lima, Manoel Jr e R\u00f4mulo Gouveia estiveram reunidos, refor\u00e7ando a unidade da oposi\u00e7\u00e3o. Cartaxo e Manoel Jr foram recebidos pela prefeita de Bel\u00e9m, Renata Cristianne e v\u00e1rios prefeitos da regi\u00e3o, como a prefeita da Serra da Raiz, Adailma Fernandes e o vice, Lu\u00eds Machado; Joyce Renale, Duas Estradas; Tiago Lisboa, Capim; Fabiano Pedro, Lagoa de Dentro e o vice, Leandro Vieira; Baia, Pedro Regis e Jair Magno de Cuit\u00e9 de Mamanguape. Cariri em Destaque Com WSCOM<\/p>\n","protected":false},"author":2,"featured_media":1518,"comment_status":"closed","ping_status":"open","sticky":false,"template":"","format":"standard","meta":{"_eb_attr":"","_jetpack_memberships_contains_paid_content":false,"footnotes":""},"categories":[4],"tags":[],"class_list":["post-1517","post","type-post","status-publish","format-standard","has-post-thumbnail","hentry","category-politica"],"yoast_head":"<!-- This site is optimized with the Yoast SEO plugin v26.5 - https:\/\/yoast.com\/wordpress\/plugins\/seo\/ -->\n<title>Maranh\u00e3o aparece com Cartaxo e minimiza boatos de rompimento com oposi\u00e7\u00e3o - Not&iacute;cias em Destaque<\/title>\n<meta name=\"robots\" content=\"index, follow, max-snippet:-1, max-image-preview:large, max-video-preview:-1\" \/>\n<link rel=\"canonical\" href=\"https:\/\/noticiasemdestaque.com\/cd\/?p=1517\" \/>\n<meta property=\"og:locale\" content=\"pt_BR\" \/>\n<meta property=\"og:type\" content=\"article\" \/>\n<meta property=\"og:title\" content=\"Maranh\u00e3o aparece com Cartaxo e minimiza boatos de rompimento com oposi\u00e7\u00e3o - Not&iacute;cias em Destaque\" \/>\n<meta property=\"og:description\" content=\"O senador paraibano Jos\u00e9 Maranh\u00e3o foi fotografado neste s\u00e1bado (8) ao lado do prefeito e vice de Jo\u00e3o Pessoa, Luciano Cartaxo (PSD) e Manoel Jr (PMDB), respectivamente, durante festa de S\u00e3o Pedro do munic\u00edpio de Bel\u00e9m. O registro minimizou os boatos de que o peemedebista estaria rompendo com a oposi\u00e7\u00e3o para se aproximar do grupo do governador Ricardo Coutinho (PSB), alimentados ap\u00f3s a aus\u00eancia de Maranh\u00e3o em Campina Grande no \u00faltimo dia de junho, ocasi\u00e3o em que Cartaxo, Romero, C\u00e1ssio Cunha Lima, Manoel Jr e R\u00f4mulo Gouveia estiveram reunidos, refor\u00e7ando a unidade da oposi\u00e7\u00e3o. Cartaxo e Manoel Jr foram recebidos pela prefeita de Bel\u00e9m, Renata Cristianne e v\u00e1rios prefeitos da regi\u00e3o, como a prefeita da Serra da Raiz, Adailma Fernandes e o vice, Lu\u00eds Machado; Joyce Renale, Duas Estradas; Tiago Lisboa, Capim; Fabiano Pedro, Lagoa de Dentro e o vice, Leandro Vieira; Baia, Pedro Regis e Jair Magno de Cuit\u00e9 de Mamanguape. Cariri em Destaque Com WSCOM\" \/>\n<meta property=\"og:url\" content=\"https:\/\/noticiasemdestaque.com\/cd\/?p=1517\" \/>\n<meta property=\"og:site_name\" content=\"Not&iacute;cias em Destaque\" \/>\n<meta property=\"article:published_time\" content=\"2017-07-09T14:45:44+00:00\" \/>\n<meta property=\"og:image\" content=\"https:\/\/noticiasemdestaque.com\/cd\/wp-content\/uploads\/2017\/07\/201707091006020000005824.jpg\" \/>\n\t<meta property=\"og:image:width\" content=\"480\" \/>\n\t<meta property=\"og:image:height\" content=\"350\" \/>\n\t<meta property=\"og:image:type\" content=\"image\/jpeg\" \/>\n<meta name=\"author\" content=\"Not\u00edcias em Destaque\" \/>\n<meta name=\"twitter:card\" content=\"summary_large_image\" \/>\n<meta name=\"twitter:label1\" content=\"Escrito por\" \/>\n\t<meta name=\"twitter:data1\" content=\"Not\u00edcias em Destaque\" \/>\n\t<meta name=\"twitter:label2\" content=\"Est. tempo de leitura\" \/>\n\t<meta name=\"twitter:data2\" content=\"1 minuto\" \/>\n<script type=\"application\/ld+json\" class=\"yoast-schema-graph\">{\"@context\":\"https:\/\/schema.org\",\"@graph\":[{\"@type\":\"Article\",\"@id\":\"https:\/\/noticiasemdestaque.com\/cd\/?p=1517#article\",\"isPartOf\":{\"@id\":\"https:\/\/noticiasemdestaque.com\/cd\/?p=1517\"},\"author\":{\"name\":\"Not\u00edcias em Destaque\",\"@id\":\"https:\/\/noticiasemdestaque.com\/cd\/#\/schema\/person\/4a81fb71f77579d059c3045891fa1786\"},\"headline\":\"Maranh\u00e3o aparece com Cartaxo e minimiza boatos de rompimento com oposi\u00e7\u00e3o\",\"datePublished\":\"2017-07-09T14:45:44+00:00\",\"mainEntityOfPage\":{\"@id\":\"https:\/\/noticiasemdestaque.com\/cd\/?p=1517\"},\"wordCount\":188,\"publisher\":{\"@id\":\"https:\/\/noticiasemdestaque.com\/cd\/#organization\"},\"image\":{\"@id\":\"https:\/\/noticiasemdestaque.com\/cd\/?p=1517#primaryimage\"},\"thumbnailUrl\":\"https:\/\/noticiasemdestaque.com\/cd\/wp-content\/uploads\/2017\/07\/201707091006020000005824.jpg\",\"articleSection\":[\"Pol\u00edtica\"],\"inLanguage\":\"pt-BR\"},{\"@type\":\"WebPage\",\"@id\":\"https:\/\/noticiasemdestaque.com\/cd\/?p=1517\",\"url\":\"https:\/\/noticiasemdestaque.com\/cd\/?p=1517\",\"name\":\"Maranh\u00e3o aparece com Cartaxo e minimiza boatos de rompimento com oposi\u00e7\u00e3o - Not&iacute;cias em Destaque\",\"isPartOf\":{\"@id\":\"https:\/\/noticiasemdestaque.com\/cd\/#website\"},\"primaryImageOfPage\":{\"@id\":\"https:\/\/noticiasemdestaque.com\/cd\/?p=1517#primaryimage\"},\"image\":{\"@id\":\"https:\/\/noticiasemdestaque.com\/cd\/?p=1517#primaryimage\"},\"thumbnailUrl\":\"https:\/\/noticiasemdestaque.com\/cd\/wp-content\/uploads\/2017\/07\/201707091006020000005824.jpg\",\"datePublished\":\"2017-07-09T14:45:44+00:00\",\"breadcrumb\":{\"@id\":\"https:\/\/noticiasemdestaque.com\/cd\/?p=1517#breadcrumb\"},\"inLanguage\":\"pt-BR\",\"potentialAction\":[{\"@type\":\"ReadAction\",\"target\":[\"https:\/\/noticiasemdestaque.com\/cd\/?p=1517\"]}]},{\"@type\":\"ImageObject\",\"inLanguage\":\"pt-BR\",\"@id\":\"https:\/\/noticiasemdestaque.com\/cd\/?p=1517#primaryimage\",\"url\":\"https:\/\/noticiasemdestaque.com\/cd\/wp-content\/uploads\/2017\/07\/201707091006020000005824.jpg\",\"contentUrl\":\"https:\/\/noticiasemdestaque.com\/cd\/wp-content\/uploads\/2017\/07\/201707091006020000005824.jpg\",\"width\":480,\"height\":350},{\"@type\":\"BreadcrumbList\",\"@id\":\"https:\/\/noticiasemdestaque.com\/cd\/?p=1517#breadcrumb\",\"itemListElement\":[{\"@type\":\"ListItem\",\"position\":1,\"name\":\"In\u00edcio\",\"item\":\"https:\/\/noticiasemdestaque.com\/cd\/\"},{\"@type\":\"ListItem\",\"position\":2,\"name\":\"Maranh\u00e3o aparece com Cartaxo e minimiza boatos de rompimento com oposi\u00e7\u00e3o\"}]},{\"@type\":\"WebSite\",\"@id\":\"https:\/\/noticiasemdestaque.com\/cd\/#website\",\"url\":\"https:\/\/noticiasemdestaque.com\/cd\/\",\"name\":\"Not&iacute;cias em Destaque\",\"description\":\"\",\"publisher\":{\"@id\":\"https:\/\/noticiasemdestaque.com\/cd\/#organization\"},\"potentialAction\":[{\"@type\":\"SearchAction\",\"target\":{\"@type\":\"EntryPoint\",\"urlTemplate\":\"https:\/\/noticiasemdestaque.com\/cd\/?s={search_term_string}\"},\"query-input\":{\"@type\":\"PropertyValueSpecification\",\"valueRequired\":true,\"valueName\":\"search_term_string\"}}],\"inLanguage\":\"pt-BR\"},{\"@type\":\"Organization\",\"@id\":\"https:\/\/noticiasemdestaque.com\/cd\/#organization\",\"name\":\"Not\u00edcias em Destaque\",\"url\":\"https:\/\/noticiasemdestaque.com\/cd\/\",\"logo\":{\"@type\":\"ImageObject\",\"inLanguage\":\"pt-BR\",\"@id\":\"https:\/\/noticiasemdestaque.com\/cd\/#\/schema\/logo\/image\/\",\"url\":\"https:\/\/noticiasemdestaque.com\/cd\/wp-content\/uploads\/2022\/05\/imagem-base-noticiasemdestaque.png\",\"contentUrl\":\"https:\/\/noticiasemdestaque.com\/cd\/wp-content\/uploads\/2022\/05\/imagem-base-noticiasemdestaque.png\",\"width\":1200,\"height\":630,\"caption\":\"Not\u00edcias em Destaque\"},\"image\":{\"@id\":\"https:\/\/noticiasemdestaque.com\/cd\/#\/schema\/logo\/image\/\"}},{\"@type\":\"Person\",\"@id\":\"https:\/\/noticiasemdestaque.com\/cd\/#\/schema\/person\/4a81fb71f77579d059c3045891fa1786\",\"name\":\"Not\u00edcias em Destaque\",\"url\":\"https:\/\/noticiasemdestaque.com\/cd\/?author=2\"}]}<\/script>\n<!-- \/ Yoast SEO plugin. -->","yoast_head_json":{"title":"Maranh\u00e3o aparece com Cartaxo e minimiza boatos de rompimento com oposi\u00e7\u00e3o - Not&iacute;cias em Destaque","robots":{"index":"index","follow":"follow","max-snippet":"max-snippet:-1","max-image-preview":"max-image-preview:large","max-video-preview":"max-video-preview:-1"},"canonical":"https:\/\/noticiasemdestaque.com\/cd\/?p=1517","og_locale":"pt_BR","og_type":"article","og_title":"Maranh\u00e3o aparece com Cartaxo e minimiza boatos de rompimento com oposi\u00e7\u00e3o - Not&iacute;cias em Destaque","og_description":"O senador paraibano Jos\u00e9 Maranh\u00e3o foi fotografado neste s\u00e1bado (8) ao lado do prefeito e vice de Jo\u00e3o Pessoa, Luciano Cartaxo (PSD) e Manoel Jr (PMDB), respectivamente, durante festa de S\u00e3o Pedro do munic\u00edpio de Bel\u00e9m. O registro minimizou os boatos de que o peemedebista estaria rompendo com a oposi\u00e7\u00e3o para se aproximar do grupo do governador Ricardo Coutinho (PSB), alimentados ap\u00f3s a aus\u00eancia de Maranh\u00e3o em Campina Grande no \u00faltimo dia de junho, ocasi\u00e3o em que Cartaxo, Romero, C\u00e1ssio Cunha Lima, Manoel Jr e R\u00f4mulo Gouveia estiveram reunidos, refor\u00e7ando a unidade da oposi\u00e7\u00e3o. Cartaxo e Manoel Jr foram recebidos pela prefeita de Bel\u00e9m, Renata Cristianne e v\u00e1rios prefeitos da regi\u00e3o, como a prefeita da Serra da Raiz, Adailma Fernandes e o vice, Lu\u00eds Machado; Joyce Renale, Duas Estradas; Tiago Lisboa, Capim; Fabiano Pedro, Lagoa de Dentro e o vice, Leandro Vieira; Baia, Pedro Regis e Jair Magno de Cuit\u00e9 de Mamanguape. Cariri em Destaque Com WSCOM","og_url":"https:\/\/noticiasemdestaque.com\/cd\/?p=1517","og_site_name":"Not&iacute;cias em Destaque","article_published_time":"2017-07-09T14:45:44+00:00","og_image":[{"width":480,"height":350,"url":"https:\/\/noticiasemdestaque.com\/cd\/wp-content\/uploads\/2017\/07\/201707091006020000005824.jpg","type":"image\/jpeg"}],"author":"Not\u00edcias em Destaque","twitter_card":"summary_large_image","twitter_misc":{"Escrito por":"Not\u00edcias em Destaque","Est. tempo de leitura":"1 minuto"},"schema":{"@context":"https:\/\/schema.org","@graph":[{"@type":"Article","@id":"https:\/\/noticiasemdestaque.com\/cd\/?p=1517#article","isPartOf":{"@id":"https:\/\/noticiasemdestaque.com\/cd\/?p=1517"},"author":{"name":"Not\u00edcias em Destaque","@id":"https:\/\/noticiasemdestaque.com\/cd\/#\/schema\/person\/4a81fb71f77579d059c3045891fa1786"},"headline":"Maranh\u00e3o aparece com Cartaxo e minimiza boatos de rompimento com oposi\u00e7\u00e3o","datePublished":"2017-07-09T14:45:44+00:00","mainEntityOfPage":{"@id":"https:\/\/noticiasemdestaque.com\/cd\/?p=1517"},"wordCount":188,"publisher":{"@id":"https:\/\/noticiasemdestaque.com\/cd\/#organization"},"image":{"@id":"https:\/\/noticiasemdestaque.com\/cd\/?p=1517#primaryimage"},"thumbnailUrl":"https:\/\/noticiasemdestaque.com\/cd\/wp-content\/uploads\/2017\/07\/201707091006020000005824.jpg","articleSection":["Pol\u00edtica"],"inLanguage":"pt-BR"},{"@type":"WebPage","@id":"https:\/\/noticiasemdestaque.com\/cd\/?p=1517","url":"https:\/\/noticiasemdestaque.com\/cd\/?p=1517","name":"Maranh\u00e3o aparece com Cartaxo e minimiza boatos de rompimento com oposi\u00e7\u00e3o - Not&iacute;cias em Destaque","isPartOf":{"@id":"https:\/\/noticiasemdestaque.com\/cd\/#website"},"primaryImageOfPage":{"@id":"https:\/\/noticiasemdestaque.com\/cd\/?p=1517#primaryimage"},"image":{"@id":"https:\/\/noticiasemdestaque.com\/cd\/?p=1517#primaryimage"},"thumbnailUrl":"https:\/\/noticiasemdestaque.com\/cd\/wp-content\/uploads\/2017\/07\/201707091006020000005824.jpg","datePublished":"2017-07-09T14:45:44+00:00","breadcrumb":{"@id":"https:\/\/noticiasemdestaque.com\/cd\/?p=1517#breadcrumb"},"inLanguage":"pt-BR","potentialAction":[{"@type":"ReadAction","target":["https:\/\/noticiasemdestaque.com\/cd\/?p=1517"]}]},{"@type":"ImageObject","inLanguage":"pt-BR","@id":"https:\/\/noticiasemdestaque.com\/cd\/?p=1517#primaryimage","url":"https:\/\/noticiasemdestaque.com\/cd\/wp-content\/uploads\/2017\/07\/201707091006020000005824.jpg","contentUrl":"https:\/\/noticiasemdestaque.com\/cd\/wp-content\/uploads\/2017\/07\/201707091006020000005824.jpg","width":480,"height":350},{"@type":"BreadcrumbList","@id":"https:\/\/noticiasemdestaque.com\/cd\/?p=1517#breadcrumb","itemListElement":[{"@type":"ListItem","position":1,"name":"In\u00edcio","item":"https:\/\/noticiasemdestaque.com\/cd\/"},{"@type":"ListItem","position":2,"name":"Maranh\u00e3o aparece com Cartaxo e minimiza boatos de rompimento com oposi\u00e7\u00e3o"}]},{"@type":"WebSite","@id":"https:\/\/noticiasemdestaque.com\/cd\/#website","url":"https:\/\/noticiasemdestaque.com\/cd\/","name":"Not&iacute;cias em Destaque","description":"","publisher":{"@id":"https:\/\/noticiasemdestaque.com\/cd\/#organization"},"potentialAction":[{"@type":"SearchAction","target":{"@type":"EntryPoint","urlTemplate":"https:\/\/noticiasemdestaque.com\/cd\/?s={search_term_string}"},"query-input":{"@type":"PropertyValueSpecification","valueRequired":true,"valueName":"search_term_string"}}],"inLanguage":"pt-BR"},{"@type":"Organization","@id":"https:\/\/noticiasemdestaque.com\/cd\/#organization","name":"Not\u00edcias em Destaque","url":"https:\/\/noticiasemdestaque.com\/cd\/","logo":{"@type":"ImageObject","inLanguage":"pt-BR","@id":"https:\/\/noticiasemdestaque.com\/cd\/#\/schema\/logo\/image\/","url":"https:\/\/noticiasemdestaque.com\/cd\/wp-content\/uploads\/2022\/05\/imagem-base-noticiasemdestaque.png","contentUrl":"https:\/\/noticiasemdestaque.com\/cd\/wp-content\/uploads\/2022\/05\/imagem-base-noticiasemdestaque.png","width":1200,"height":630,"caption":"Not\u00edcias em Destaque"},"image":{"@id":"https:\/\/noticiasemdestaque.com\/cd\/#\/schema\/logo\/image\/"}},{"@type":"Person","@id":"https:\/\/noticiasemdestaque.com\/cd\/#\/schema\/person\/4a81fb71f77579d059c3045891fa1786","name":"Not\u00edcias em Destaque","url":"https:\/\/noticiasemdestaque.com\/cd\/?author=2"}]}},"jetpack_featured_media_url":"https:\/\/noticiasemdestaque.com\/cd\/wp-content\/uploads\/2017\/07\/201707091006020000005824.jpg","jetpack_sharing_enabled":true,"_links":{"self":[{"href":"https:\/\/noticiasemdestaque.com\/cd\/index.php?rest_route=\/wp\/v2\/posts\/1517","targetHints":{"allow":["GET"]}}],"collection":[{"href":"https:\/\/noticiasemdestaque.com\/cd\/index.php?rest_route=\/wp\/v2\/posts"}],"about":[{"href":"https:\/\/noticiasemdestaque.com\/cd\/index.php?rest_route=\/wp\/v2\/types\/post"}],"author":[{"embeddable":true,"href":"https:\/\/noticiasemdestaque.com\/cd\/index.php?rest_route=\/wp\/v2\/users\/2"}],"replies":[{"embeddable":true,"href":"https:\/\/noticiasemdestaque.com\/cd\/index.php?rest_route=%2Fwp%2Fv2%2Fcomments&post=1517"}],"version-history":[{"count":1,"href":"https:\/\/noticiasemdestaque.com\/cd\/index.php?rest_route=\/wp\/v2\/posts\/1517\/revisions"}],"predecessor-version":[{"id":1519,"href":"https:\/\/noticiasemdestaque.com\/cd\/index.php?rest_route=\/wp\/v2\/posts\/1517\/revisions\/1519"}],"wp:featuredmedia":[{"embeddable":true,"href":"https:\/\/noticiasemdestaque.com\/cd\/index.php?rest_route=\/wp\/v2\/media\/1518"}],"wp:attachment":[{"href":"https:\/\/noticiasemdestaque.com\/cd\/index.php?rest_route=%2Fwp%2Fv2%2Fmedia&parent=1517"}],"wp:term":[{"taxonomy":"category","embeddable":true,"href":"https:\/\/noticiasemdestaque.com\/cd\/index.php?rest_route=%2Fwp%2Fv2%2Fcategories&post=1517"},{"taxonomy":"post_tag","embeddable":true,"href":"https:\/\/noticiasemdestaque.com\/cd\/index.php?rest_route=%2Fwp%2Fv2%2Ftags&post=1517"}],"curies":[{"name":"wp","href":"https:\/\/api.w.org\/{rel}","templated":true}]}}