{"id":15151,"date":"2019-01-29T16:54:25","date_gmt":"2019-01-29T19:54:25","guid":{"rendered":"http:\/\/noticiasemdestaque.com\/cd\/?p=15151"},"modified":"2019-01-29T16:54:25","modified_gmt":"2019-01-29T19:54:25","slug":"engenheiros-sao-presos-suspeitos-de-fraudarem-laudos-tecnicos-da-empresa-vale","status":"publish","type":"post","link":"https:\/\/noticiasemdestaque.com\/cd\/?p=15151","title":{"rendered":"Engenheiros s\u00e3o presos suspeitos de fraudarem laudos t\u00e9cnicos da empresa Vale"},"content":{"rendered":"<p><a href=\"https:\/\/noticiasemdestaque.com\/cd\/wp-content\/uploads\/2019\/01\/vale.jpg\"><img fetchpriority=\"high\" decoding=\"async\" class=\"alignnone size-full wp-image-15152\" src=\"https:\/\/noticiasemdestaque.com\/cd\/wp-content\/uploads\/2019\/01\/vale.jpg\" alt=\"\" width=\"770\" height=\"400\" srcset=\"https:\/\/noticiasemdestaque.com\/cd\/wp-content\/uploads\/2019\/01\/vale.jpg 770w, https:\/\/noticiasemdestaque.com\/cd\/wp-content\/uploads\/2019\/01\/vale-300x156.jpg 300w, https:\/\/noticiasemdestaque.com\/cd\/wp-content\/uploads\/2019\/01\/vale-768x399.jpg 768w\" sizes=\"(max-width: 770px) 100vw, 770px\" \/><\/a><\/p>\n<p>Cinco engenheiros, suspeitos de fraudarem laudos t\u00e9cnicos da empresa Vale, permitindo opera\u00e7\u00f5es na barragem da Mina C\u00f3rrego do Feij\u00e3o, em Brumadinho, nos arredores de Belo Horizonte, foram presos na manh\u00e3 de hoje (29).\u00a0Dois engenheiros da empresa T\u00dcV S\u00dcD que prestavam servi\u00e7o para a mineradora Vale foram presos em S\u00e3o Paulo, e em Minas, foram presos tr\u00eas engenheiros da Vale. A ordem de pris\u00e3o foi expedida pela Justi\u00e7a de Minas Gerais.<\/p>\n<p class=\" tm_nativeauto\">Segundo informa\u00e7\u00f5es preliminares, os pedidos de pris\u00e3o foram expedidos no fim\u00a0de semana.<\/p>\n<p class=\" aBigClassNameToAvoidCollisionInText\">A pris\u00e3o dos engenheiros Makoto Namba e Andr\u00e9 Yassuda em S\u00e3o Paulo ocorreu nos bairros de Moema e Vila Mariana, Zona Sul da cidade. Eles foram levados para a sede da Pol\u00edcia Civil e dever\u00e3o ser encaminhados em seguida para Minas Gerais, ap\u00f3s embarcarem no Aeroporto Campo de Marte, na Zona Norte.<\/p>\n<p>A for\u00e7a-tarefa envolve a Pol\u00edcia Federal, o Minist\u00e9rio P\u00fablico Estadual e Federal e a Pol\u00edcia Civil, al\u00e9m de policiais, promotores e procuradores de Minas.<\/p>\n<p>Segundo investigadores, os engenheiros presos em S\u00e3o Paulo participaram de forma direta e atestaram a seguran\u00e7a da barragem n\u00famero 1 da Mina do Feij\u00e3o, que se rompeu em Brumadinho.<\/p>\n<p>Na casa de Makoto Namba, chamou a aten\u00e7\u00e3o dos investigadores o fato de haver v\u00e1rios recortes de jornal com informa\u00e7\u00f5es sobre a trag\u00e9dia de 2015 de Mariana, da Samarco. Tamb\u00e9m foram identificados cart\u00f5es de cr\u00e9dito, computadores e extratos de contas banc\u00e1rias no exterior.<\/p>\n<p>Na regi\u00e3o metropolitana de Belo Horizonte, foram presos os engenheiros da Vale diretamente envolvidos e respons\u00e1veis pelo licenciamento do empreendimento miner\u00e1rio onde fica a barragem que se rompeu. Ele s\u00e3o Cesar Augusto Pauluni Grandchamp, Ricardo de Oliveira e Rodrigo Artur Gomes de Melo.<\/p>\n<p>As ordens da Justi\u00e7a s\u00e3o de pris\u00e3o tempor\u00e1ria, com validade de 30 dias, e foram expedidas pela Justi\u00e7a no domingo.<\/p>\n<p>Por meio de nota, a Vale informou que \u201cest\u00e1 colaborando plenamente com as autoridades\u201d. \u201cA Vale permanecer\u00e1 contribuindo com as investiga\u00e7\u00f5es para a apura\u00e7\u00e3o dos fatos, juntamente com o apoio incondicional \u00e0s fam\u00edlias atingidas\u201d, diz a nota divulgada ap\u00f3s a pris\u00e3o dos engenheiros.<\/p>\n<p>A Pol\u00edcia Federal em S\u00e3o Paulo tamb\u00e9m participa da opera\u00e7\u00e3o e cumpre, neste momento, dois mandados de busca e apreens\u00e3o em empresas que prestaram servi\u00e7os para a Vale. O nome das empresas ainda n\u00e3o foi divulgado.<\/p>\n<p>Toda a opera\u00e7\u00e3o \u00e9 coordenada por policiais, promotores e procuradores de Minas Gerais. A for\u00e7a-tarefa envolve a Pol\u00edcia Federal, o Minist\u00e9rio P\u00fablico Estadual e Federal e a Pol\u00edcia Civil.<\/p>\n<p>As a\u00e7\u00f5es em S\u00e3o Paulo s\u00e3o coordenadas por promotores do n\u00facleo da capital do Grupo de Atua\u00e7\u00e3o Especial de Combate ao Crime Organizado (Gaeco) do MP de S\u00e3o Paulo, e pelo Departamento de Capturas (Decade) da Pol\u00edcia Civil paulista.<\/p>\n<p>Fonte: G1<\/p>\n","protected":false},"excerpt":{"rendered":"<p>Cinco engenheiros, suspeitos de fraudarem laudos t\u00e9cnicos da empresa Vale, permitindo opera\u00e7\u00f5es na barragem da Mina C\u00f3rrego do Feij\u00e3o, em Brumadinho, nos arredores de Belo Horizonte, foram presos na manh\u00e3 de hoje (29).\u00a0Dois engenheiros da empresa T\u00dcV S\u00dcD que prestavam servi\u00e7o para a mineradora Vale foram presos em S\u00e3o Paulo, e em Minas, foram presos tr\u00eas engenheiros da Vale. A ordem de pris\u00e3o foi expedida pela Justi\u00e7a de Minas Gerais. Segundo informa\u00e7\u00f5es preliminares, os pedidos de pris\u00e3o foram expedidos no fim\u00a0de semana. A pris\u00e3o dos engenheiros Makoto Namba e Andr\u00e9 Yassuda em S\u00e3o Paulo ocorreu nos bairros de Moema e Vila Mariana, Zona Sul da cidade. Eles foram levados para a sede da Pol\u00edcia Civil e dever\u00e3o ser encaminhados em seguida para Minas Gerais, ap\u00f3s embarcarem no Aeroporto Campo de Marte, na Zona Norte. A for\u00e7a-tarefa envolve a Pol\u00edcia Federal, o Minist\u00e9rio P\u00fablico Estadual e Federal e a Pol\u00edcia Civil, al\u00e9m de policiais, promotores e procuradores de Minas. Segundo investigadores, os engenheiros presos em S\u00e3o Paulo participaram de forma direta e atestaram a seguran\u00e7a da barragem n\u00famero 1 da Mina do Feij\u00e3o, que se rompeu em Brumadinho. Na casa de Makoto Namba, chamou a aten\u00e7\u00e3o dos investigadores o fato de haver v\u00e1rios recortes de jornal com informa\u00e7\u00f5es sobre a trag\u00e9dia de 2015 de Mariana, da Samarco. Tamb\u00e9m foram identificados cart\u00f5es de cr\u00e9dito, computadores e extratos de contas banc\u00e1rias no exterior. Na regi\u00e3o metropolitana de Belo Horizonte, foram presos os engenheiros da Vale diretamente envolvidos e respons\u00e1veis pelo licenciamento do empreendimento miner\u00e1rio onde fica a barragem que se rompeu. Ele s\u00e3o Cesar Augusto Pauluni Grandchamp, Ricardo de Oliveira e Rodrigo Artur Gomes de Melo. As ordens da Justi\u00e7a s\u00e3o de pris\u00e3o tempor\u00e1ria, com validade de 30 dias, e foram expedidas pela Justi\u00e7a no domingo. Por meio de nota, a Vale informou que \u201cest\u00e1 colaborando plenamente com as autoridades\u201d. \u201cA Vale permanecer\u00e1 contribuindo com as investiga\u00e7\u00f5es para a apura\u00e7\u00e3o dos fatos, juntamente com o apoio incondicional \u00e0s fam\u00edlias atingidas\u201d, diz a nota divulgada ap\u00f3s a pris\u00e3o dos engenheiros. A Pol\u00edcia Federal em S\u00e3o Paulo tamb\u00e9m participa da opera\u00e7\u00e3o e cumpre, neste momento, dois mandados de busca e apreens\u00e3o em empresas que prestaram servi\u00e7os para a Vale. O nome das empresas ainda n\u00e3o foi divulgado. Toda a opera\u00e7\u00e3o \u00e9 coordenada por policiais, promotores e procuradores de Minas Gerais. A for\u00e7a-tarefa envolve a Pol\u00edcia Federal, o Minist\u00e9rio P\u00fablico Estadual e Federal e a Pol\u00edcia Civil. As a\u00e7\u00f5es em S\u00e3o Paulo s\u00e3o coordenadas por promotores do n\u00facleo da capital do Grupo de Atua\u00e7\u00e3o Especial de Combate ao Crime Organizado (Gaeco) do MP de S\u00e3o Paulo, e pelo Departamento de Capturas (Decade) da Pol\u00edcia Civil paulista. Fonte: G1<\/p>\n","protected":false},"author":2,"featured_media":15152,"comment_status":"closed","ping_status":"open","sticky":false,"template":"","format":"standard","meta":{"_eb_attr":"","_jetpack_memberships_contains_paid_content":false,"footnotes":""},"categories":[12],"tags":[],"class_list":["post-15151","post","type-post","status-publish","format-standard","has-post-thumbnail","hentry","category-geral"],"yoast_head":"<!-- This site is optimized with the Yoast SEO plugin v26.5 - https:\/\/yoast.com\/wordpress\/plugins\/seo\/ -->\n<title>Engenheiros s\u00e3o presos suspeitos de fraudarem laudos t\u00e9cnicos da empresa Vale - Not&iacute;cias em Destaque<\/title>\n<meta name=\"robots\" content=\"index, follow, max-snippet:-1, max-image-preview:large, max-video-preview:-1\" \/>\n<link rel=\"canonical\" href=\"https:\/\/noticiasemdestaque.com\/cd\/?p=15151\" \/>\n<meta property=\"og:locale\" content=\"pt_BR\" \/>\n<meta property=\"og:type\" content=\"article\" \/>\n<meta property=\"og:title\" content=\"Engenheiros s\u00e3o presos suspeitos de fraudarem laudos t\u00e9cnicos da empresa Vale - Not&iacute;cias em Destaque\" \/>\n<meta property=\"og:description\" content=\"Cinco engenheiros, suspeitos de fraudarem laudos t\u00e9cnicos da empresa Vale, permitindo opera\u00e7\u00f5es na barragem da Mina C\u00f3rrego do Feij\u00e3o, em Brumadinho, nos arredores de Belo Horizonte, foram presos na manh\u00e3 de hoje (29).\u00a0Dois engenheiros da empresa T\u00dcV S\u00dcD que prestavam servi\u00e7o para a mineradora Vale foram presos em S\u00e3o Paulo, e em Minas, foram presos tr\u00eas engenheiros da Vale. A ordem de pris\u00e3o foi expedida pela Justi\u00e7a de Minas Gerais. Segundo informa\u00e7\u00f5es preliminares, os pedidos de pris\u00e3o foram expedidos no fim\u00a0de semana. A pris\u00e3o dos engenheiros Makoto Namba e Andr\u00e9 Yassuda em S\u00e3o Paulo ocorreu nos bairros de Moema e Vila Mariana, Zona Sul da cidade. Eles foram levados para a sede da Pol\u00edcia Civil e dever\u00e3o ser encaminhados em seguida para Minas Gerais, ap\u00f3s embarcarem no Aeroporto Campo de Marte, na Zona Norte. A for\u00e7a-tarefa envolve a Pol\u00edcia Federal, o Minist\u00e9rio P\u00fablico Estadual e Federal e a Pol\u00edcia Civil, al\u00e9m de policiais, promotores e procuradores de Minas. Segundo investigadores, os engenheiros presos em S\u00e3o Paulo participaram de forma direta e atestaram a seguran\u00e7a da barragem n\u00famero 1 da Mina do Feij\u00e3o, que se rompeu em Brumadinho. Na casa de Makoto Namba, chamou a aten\u00e7\u00e3o dos investigadores o fato de haver v\u00e1rios recortes de jornal com informa\u00e7\u00f5es sobre a trag\u00e9dia de 2015 de Mariana, da Samarco. Tamb\u00e9m foram identificados cart\u00f5es de cr\u00e9dito, computadores e extratos de contas banc\u00e1rias no exterior. Na regi\u00e3o metropolitana de Belo Horizonte, foram presos os engenheiros da Vale diretamente envolvidos e respons\u00e1veis pelo licenciamento do empreendimento miner\u00e1rio onde fica a barragem que se rompeu. Ele s\u00e3o Cesar Augusto Pauluni Grandchamp, Ricardo de Oliveira e Rodrigo Artur Gomes de Melo. As ordens da Justi\u00e7a s\u00e3o de pris\u00e3o tempor\u00e1ria, com validade de 30 dias, e foram expedidas pela Justi\u00e7a no domingo. Por meio de nota, a Vale informou que \u201cest\u00e1 colaborando plenamente com as autoridades\u201d. \u201cA Vale permanecer\u00e1 contribuindo com as investiga\u00e7\u00f5es para a apura\u00e7\u00e3o dos fatos, juntamente com o apoio incondicional \u00e0s fam\u00edlias atingidas\u201d, diz a nota divulgada ap\u00f3s a pris\u00e3o dos engenheiros. A Pol\u00edcia Federal em S\u00e3o Paulo tamb\u00e9m participa da opera\u00e7\u00e3o e cumpre, neste momento, dois mandados de busca e apreens\u00e3o em empresas que prestaram servi\u00e7os para a Vale. O nome das empresas ainda n\u00e3o foi divulgado. Toda a opera\u00e7\u00e3o \u00e9 coordenada por policiais, promotores e procuradores de Minas Gerais. A for\u00e7a-tarefa envolve a Pol\u00edcia Federal, o Minist\u00e9rio P\u00fablico Estadual e Federal e a Pol\u00edcia Civil. As a\u00e7\u00f5es em S\u00e3o Paulo s\u00e3o coordenadas por promotores do n\u00facleo da capital do Grupo de Atua\u00e7\u00e3o Especial de Combate ao Crime Organizado (Gaeco) do MP de S\u00e3o Paulo, e pelo Departamento de Capturas (Decade) da Pol\u00edcia Civil paulista. Fonte: G1\" \/>\n<meta property=\"og:url\" content=\"https:\/\/noticiasemdestaque.com\/cd\/?p=15151\" \/>\n<meta property=\"og:site_name\" content=\"Not&iacute;cias em Destaque\" \/>\n<meta property=\"article:published_time\" content=\"2019-01-29T19:54:25+00:00\" \/>\n<meta property=\"og:image\" content=\"https:\/\/noticiasemdestaque.com\/cd\/wp-content\/uploads\/2019\/01\/vale.jpg\" \/>\n\t<meta property=\"og:image:width\" content=\"770\" \/>\n\t<meta property=\"og:image:height\" content=\"400\" \/>\n\t<meta property=\"og:image:type\" content=\"image\/jpeg\" \/>\n<meta name=\"author\" content=\"Not\u00edcias em Destaque\" \/>\n<meta name=\"twitter:card\" content=\"summary_large_image\" \/>\n<meta name=\"twitter:label1\" content=\"Escrito por\" \/>\n\t<meta name=\"twitter:data1\" content=\"Not\u00edcias em Destaque\" \/>\n\t<meta name=\"twitter:label2\" content=\"Est. tempo de leitura\" \/>\n\t<meta name=\"twitter:data2\" content=\"3 minutos\" \/>\n<script type=\"application\/ld+json\" class=\"yoast-schema-graph\">{\"@context\":\"https:\/\/schema.org\",\"@graph\":[{\"@type\":\"Article\",\"@id\":\"https:\/\/noticiasemdestaque.com\/cd\/?p=15151#article\",\"isPartOf\":{\"@id\":\"https:\/\/noticiasemdestaque.com\/cd\/?p=15151\"},\"author\":{\"name\":\"Not\u00edcias em Destaque\",\"@id\":\"https:\/\/noticiasemdestaque.com\/cd\/#\/schema\/person\/4a81fb71f77579d059c3045891fa1786\"},\"headline\":\"Engenheiros s\u00e3o presos suspeitos de fraudarem laudos t\u00e9cnicos da empresa Vale\",\"datePublished\":\"2019-01-29T19:54:25+00:00\",\"mainEntityOfPage\":{\"@id\":\"https:\/\/noticiasemdestaque.com\/cd\/?p=15151\"},\"wordCount\":522,\"publisher\":{\"@id\":\"https:\/\/noticiasemdestaque.com\/cd\/#organization\"},\"image\":{\"@id\":\"https:\/\/noticiasemdestaque.com\/cd\/?p=15151#primaryimage\"},\"thumbnailUrl\":\"https:\/\/noticiasemdestaque.com\/cd\/wp-content\/uploads\/2019\/01\/vale.jpg\",\"articleSection\":[\"Geral\"],\"inLanguage\":\"pt-BR\"},{\"@type\":\"WebPage\",\"@id\":\"https:\/\/noticiasemdestaque.com\/cd\/?p=15151\",\"url\":\"https:\/\/noticiasemdestaque.com\/cd\/?p=15151\",\"name\":\"Engenheiros s\u00e3o presos suspeitos de fraudarem laudos t\u00e9cnicos da empresa Vale - Not&iacute;cias em Destaque\",\"isPartOf\":{\"@id\":\"https:\/\/noticiasemdestaque.com\/cd\/#website\"},\"primaryImageOfPage\":{\"@id\":\"https:\/\/noticiasemdestaque.com\/cd\/?p=15151#primaryimage\"},\"image\":{\"@id\":\"https:\/\/noticiasemdestaque.com\/cd\/?p=15151#primaryimage\"},\"thumbnailUrl\":\"https:\/\/noticiasemdestaque.com\/cd\/wp-content\/uploads\/2019\/01\/vale.jpg\",\"datePublished\":\"2019-01-29T19:54:25+00:00\",\"breadcrumb\":{\"@id\":\"https:\/\/noticiasemdestaque.com\/cd\/?p=15151#breadcrumb\"},\"inLanguage\":\"pt-BR\",\"potentialAction\":[{\"@type\":\"ReadAction\",\"target\":[\"https:\/\/noticiasemdestaque.com\/cd\/?p=15151\"]}]},{\"@type\":\"ImageObject\",\"inLanguage\":\"pt-BR\",\"@id\":\"https:\/\/noticiasemdestaque.com\/cd\/?p=15151#primaryimage\",\"url\":\"https:\/\/noticiasemdestaque.com\/cd\/wp-content\/uploads\/2019\/01\/vale.jpg\",\"contentUrl\":\"https:\/\/noticiasemdestaque.com\/cd\/wp-content\/uploads\/2019\/01\/vale.jpg\",\"width\":770,\"height\":400},{\"@type\":\"BreadcrumbList\",\"@id\":\"https:\/\/noticiasemdestaque.com\/cd\/?p=15151#breadcrumb\",\"itemListElement\":[{\"@type\":\"ListItem\",\"position\":1,\"name\":\"In\u00edcio\",\"item\":\"https:\/\/noticiasemdestaque.com\/cd\/\"},{\"@type\":\"ListItem\",\"position\":2,\"name\":\"Engenheiros s\u00e3o presos suspeitos de fraudarem laudos t\u00e9cnicos da empresa Vale\"}]},{\"@type\":\"WebSite\",\"@id\":\"https:\/\/noticiasemdestaque.com\/cd\/#website\",\"url\":\"https:\/\/noticiasemdestaque.com\/cd\/\",\"name\":\"Not&iacute;cias em Destaque\",\"description\":\"\",\"publisher\":{\"@id\":\"https:\/\/noticiasemdestaque.com\/cd\/#organization\"},\"potentialAction\":[{\"@type\":\"SearchAction\",\"target\":{\"@type\":\"EntryPoint\",\"urlTemplate\":\"https:\/\/noticiasemdestaque.com\/cd\/?s={search_term_string}\"},\"query-input\":{\"@type\":\"PropertyValueSpecification\",\"valueRequired\":true,\"valueName\":\"search_term_string\"}}],\"inLanguage\":\"pt-BR\"},{\"@type\":\"Organization\",\"@id\":\"https:\/\/noticiasemdestaque.com\/cd\/#organization\",\"name\":\"Not\u00edcias em Destaque\",\"url\":\"https:\/\/noticiasemdestaque.com\/cd\/\",\"logo\":{\"@type\":\"ImageObject\",\"inLanguage\":\"pt-BR\",\"@id\":\"https:\/\/noticiasemdestaque.com\/cd\/#\/schema\/logo\/image\/\",\"url\":\"https:\/\/noticiasemdestaque.com\/cd\/wp-content\/uploads\/2022\/05\/imagem-base-noticiasemdestaque.png\",\"contentUrl\":\"https:\/\/noticiasemdestaque.com\/cd\/wp-content\/uploads\/2022\/05\/imagem-base-noticiasemdestaque.png\",\"width\":1200,\"height\":630,\"caption\":\"Not\u00edcias em Destaque\"},\"image\":{\"@id\":\"https:\/\/noticiasemdestaque.com\/cd\/#\/schema\/logo\/image\/\"}},{\"@type\":\"Person\",\"@id\":\"https:\/\/noticiasemdestaque.com\/cd\/#\/schema\/person\/4a81fb71f77579d059c3045891fa1786\",\"name\":\"Not\u00edcias em Destaque\",\"url\":\"https:\/\/noticiasemdestaque.com\/cd\/?author=2\"}]}<\/script>\n<!-- \/ Yoast SEO plugin. -->","yoast_head_json":{"title":"Engenheiros s\u00e3o presos suspeitos de fraudarem laudos t\u00e9cnicos da empresa Vale - Not&iacute;cias em Destaque","robots":{"index":"index","follow":"follow","max-snippet":"max-snippet:-1","max-image-preview":"max-image-preview:large","max-video-preview":"max-video-preview:-1"},"canonical":"https:\/\/noticiasemdestaque.com\/cd\/?p=15151","og_locale":"pt_BR","og_type":"article","og_title":"Engenheiros s\u00e3o presos suspeitos de fraudarem laudos t\u00e9cnicos da empresa Vale - Not&iacute;cias em Destaque","og_description":"Cinco engenheiros, suspeitos de fraudarem laudos t\u00e9cnicos da empresa Vale, permitindo opera\u00e7\u00f5es na barragem da Mina C\u00f3rrego do Feij\u00e3o, em Brumadinho, nos arredores de Belo Horizonte, foram presos na manh\u00e3 de hoje (29).\u00a0Dois engenheiros da empresa T\u00dcV S\u00dcD que prestavam servi\u00e7o para a mineradora Vale foram presos em S\u00e3o Paulo, e em Minas, foram presos tr\u00eas engenheiros da Vale. A ordem de pris\u00e3o foi expedida pela Justi\u00e7a de Minas Gerais. Segundo informa\u00e7\u00f5es preliminares, os pedidos de pris\u00e3o foram expedidos no fim\u00a0de semana. A pris\u00e3o dos engenheiros Makoto Namba e Andr\u00e9 Yassuda em S\u00e3o Paulo ocorreu nos bairros de Moema e Vila Mariana, Zona Sul da cidade. Eles foram levados para a sede da Pol\u00edcia Civil e dever\u00e3o ser encaminhados em seguida para Minas Gerais, ap\u00f3s embarcarem no Aeroporto Campo de Marte, na Zona Norte. A for\u00e7a-tarefa envolve a Pol\u00edcia Federal, o Minist\u00e9rio P\u00fablico Estadual e Federal e a Pol\u00edcia Civil, al\u00e9m de policiais, promotores e procuradores de Minas. Segundo investigadores, os engenheiros presos em S\u00e3o Paulo participaram de forma direta e atestaram a seguran\u00e7a da barragem n\u00famero 1 da Mina do Feij\u00e3o, que se rompeu em Brumadinho. Na casa de Makoto Namba, chamou a aten\u00e7\u00e3o dos investigadores o fato de haver v\u00e1rios recortes de jornal com informa\u00e7\u00f5es sobre a trag\u00e9dia de 2015 de Mariana, da Samarco. Tamb\u00e9m foram identificados cart\u00f5es de cr\u00e9dito, computadores e extratos de contas banc\u00e1rias no exterior. Na regi\u00e3o metropolitana de Belo Horizonte, foram presos os engenheiros da Vale diretamente envolvidos e respons\u00e1veis pelo licenciamento do empreendimento miner\u00e1rio onde fica a barragem que se rompeu. Ele s\u00e3o Cesar Augusto Pauluni Grandchamp, Ricardo de Oliveira e Rodrigo Artur Gomes de Melo. As ordens da Justi\u00e7a s\u00e3o de pris\u00e3o tempor\u00e1ria, com validade de 30 dias, e foram expedidas pela Justi\u00e7a no domingo. Por meio de nota, a Vale informou que \u201cest\u00e1 colaborando plenamente com as autoridades\u201d. \u201cA Vale permanecer\u00e1 contribuindo com as investiga\u00e7\u00f5es para a apura\u00e7\u00e3o dos fatos, juntamente com o apoio incondicional \u00e0s fam\u00edlias atingidas\u201d, diz a nota divulgada ap\u00f3s a pris\u00e3o dos engenheiros. A Pol\u00edcia Federal em S\u00e3o Paulo tamb\u00e9m participa da opera\u00e7\u00e3o e cumpre, neste momento, dois mandados de busca e apreens\u00e3o em empresas que prestaram servi\u00e7os para a Vale. O nome das empresas ainda n\u00e3o foi divulgado. Toda a opera\u00e7\u00e3o \u00e9 coordenada por policiais, promotores e procuradores de Minas Gerais. A for\u00e7a-tarefa envolve a Pol\u00edcia Federal, o Minist\u00e9rio P\u00fablico Estadual e Federal e a Pol\u00edcia Civil. As a\u00e7\u00f5es em S\u00e3o Paulo s\u00e3o coordenadas por promotores do n\u00facleo da capital do Grupo de Atua\u00e7\u00e3o Especial de Combate ao Crime Organizado (Gaeco) do MP de S\u00e3o Paulo, e pelo Departamento de Capturas (Decade) da Pol\u00edcia Civil paulista. Fonte: G1","og_url":"https:\/\/noticiasemdestaque.com\/cd\/?p=15151","og_site_name":"Not&iacute;cias em Destaque","article_published_time":"2019-01-29T19:54:25+00:00","og_image":[{"width":770,"height":400,"url":"https:\/\/noticiasemdestaque.com\/cd\/wp-content\/uploads\/2019\/01\/vale.jpg","type":"image\/jpeg"}],"author":"Not\u00edcias em Destaque","twitter_card":"summary_large_image","twitter_misc":{"Escrito por":"Not\u00edcias em Destaque","Est. tempo de leitura":"3 minutos"},"schema":{"@context":"https:\/\/schema.org","@graph":[{"@type":"Article","@id":"https:\/\/noticiasemdestaque.com\/cd\/?p=15151#article","isPartOf":{"@id":"https:\/\/noticiasemdestaque.com\/cd\/?p=15151"},"author":{"name":"Not\u00edcias em Destaque","@id":"https:\/\/noticiasemdestaque.com\/cd\/#\/schema\/person\/4a81fb71f77579d059c3045891fa1786"},"headline":"Engenheiros s\u00e3o presos suspeitos de fraudarem laudos t\u00e9cnicos da empresa Vale","datePublished":"2019-01-29T19:54:25+00:00","mainEntityOfPage":{"@id":"https:\/\/noticiasemdestaque.com\/cd\/?p=15151"},"wordCount":522,"publisher":{"@id":"https:\/\/noticiasemdestaque.com\/cd\/#organization"},"image":{"@id":"https:\/\/noticiasemdestaque.com\/cd\/?p=15151#primaryimage"},"thumbnailUrl":"https:\/\/noticiasemdestaque.com\/cd\/wp-content\/uploads\/2019\/01\/vale.jpg","articleSection":["Geral"],"inLanguage":"pt-BR"},{"@type":"WebPage","@id":"https:\/\/noticiasemdestaque.com\/cd\/?p=15151","url":"https:\/\/noticiasemdestaque.com\/cd\/?p=15151","name":"Engenheiros s\u00e3o presos suspeitos de fraudarem laudos t\u00e9cnicos da empresa Vale - Not&iacute;cias em Destaque","isPartOf":{"@id":"https:\/\/noticiasemdestaque.com\/cd\/#website"},"primaryImageOfPage":{"@id":"https:\/\/noticiasemdestaque.com\/cd\/?p=15151#primaryimage"},"image":{"@id":"https:\/\/noticiasemdestaque.com\/cd\/?p=15151#primaryimage"},"thumbnailUrl":"https:\/\/noticiasemdestaque.com\/cd\/wp-content\/uploads\/2019\/01\/vale.jpg","datePublished":"2019-01-29T19:54:25+00:00","breadcrumb":{"@id":"https:\/\/noticiasemdestaque.com\/cd\/?p=15151#breadcrumb"},"inLanguage":"pt-BR","potentialAction":[{"@type":"ReadAction","target":["https:\/\/noticiasemdestaque.com\/cd\/?p=15151"]}]},{"@type":"ImageObject","inLanguage":"pt-BR","@id":"https:\/\/noticiasemdestaque.com\/cd\/?p=15151#primaryimage","url":"https:\/\/noticiasemdestaque.com\/cd\/wp-content\/uploads\/2019\/01\/vale.jpg","contentUrl":"https:\/\/noticiasemdestaque.com\/cd\/wp-content\/uploads\/2019\/01\/vale.jpg","width":770,"height":400},{"@type":"BreadcrumbList","@id":"https:\/\/noticiasemdestaque.com\/cd\/?p=15151#breadcrumb","itemListElement":[{"@type":"ListItem","position":1,"name":"In\u00edcio","item":"https:\/\/noticiasemdestaque.com\/cd\/"},{"@type":"ListItem","position":2,"name":"Engenheiros s\u00e3o presos suspeitos de fraudarem laudos t\u00e9cnicos da empresa Vale"}]},{"@type":"WebSite","@id":"https:\/\/noticiasemdestaque.com\/cd\/#website","url":"https:\/\/noticiasemdestaque.com\/cd\/","name":"Not&iacute;cias em Destaque","description":"","publisher":{"@id":"https:\/\/noticiasemdestaque.com\/cd\/#organization"},"potentialAction":[{"@type":"SearchAction","target":{"@type":"EntryPoint","urlTemplate":"https:\/\/noticiasemdestaque.com\/cd\/?s={search_term_string}"},"query-input":{"@type":"PropertyValueSpecification","valueRequired":true,"valueName":"search_term_string"}}],"inLanguage":"pt-BR"},{"@type":"Organization","@id":"https:\/\/noticiasemdestaque.com\/cd\/#organization","name":"Not\u00edcias em Destaque","url":"https:\/\/noticiasemdestaque.com\/cd\/","logo":{"@type":"ImageObject","inLanguage":"pt-BR","@id":"https:\/\/noticiasemdestaque.com\/cd\/#\/schema\/logo\/image\/","url":"https:\/\/noticiasemdestaque.com\/cd\/wp-content\/uploads\/2022\/05\/imagem-base-noticiasemdestaque.png","contentUrl":"https:\/\/noticiasemdestaque.com\/cd\/wp-content\/uploads\/2022\/05\/imagem-base-noticiasemdestaque.png","width":1200,"height":630,"caption":"Not\u00edcias em Destaque"},"image":{"@id":"https:\/\/noticiasemdestaque.com\/cd\/#\/schema\/logo\/image\/"}},{"@type":"Person","@id":"https:\/\/noticiasemdestaque.com\/cd\/#\/schema\/person\/4a81fb71f77579d059c3045891fa1786","name":"Not\u00edcias em Destaque","url":"https:\/\/noticiasemdestaque.com\/cd\/?author=2"}]}},"jetpack_featured_media_url":"https:\/\/noticiasemdestaque.com\/cd\/wp-content\/uploads\/2019\/01\/vale.jpg","jetpack_sharing_enabled":true,"_links":{"self":[{"href":"https:\/\/noticiasemdestaque.com\/cd\/index.php?rest_route=\/wp\/v2\/posts\/15151","targetHints":{"allow":["GET"]}}],"collection":[{"href":"https:\/\/noticiasemdestaque.com\/cd\/index.php?rest_route=\/wp\/v2\/posts"}],"about":[{"href":"https:\/\/noticiasemdestaque.com\/cd\/index.php?rest_route=\/wp\/v2\/types\/post"}],"author":[{"embeddable":true,"href":"https:\/\/noticiasemdestaque.com\/cd\/index.php?rest_route=\/wp\/v2\/users\/2"}],"replies":[{"embeddable":true,"href":"https:\/\/noticiasemdestaque.com\/cd\/index.php?rest_route=%2Fwp%2Fv2%2Fcomments&post=15151"}],"version-history":[{"count":1,"href":"https:\/\/noticiasemdestaque.com\/cd\/index.php?rest_route=\/wp\/v2\/posts\/15151\/revisions"}],"predecessor-version":[{"id":15153,"href":"https:\/\/noticiasemdestaque.com\/cd\/index.php?rest_route=\/wp\/v2\/posts\/15151\/revisions\/15153"}],"wp:featuredmedia":[{"embeddable":true,"href":"https:\/\/noticiasemdestaque.com\/cd\/index.php?rest_route=\/wp\/v2\/media\/15152"}],"wp:attachment":[{"href":"https:\/\/noticiasemdestaque.com\/cd\/index.php?rest_route=%2Fwp%2Fv2%2Fmedia&parent=15151"}],"wp:term":[{"taxonomy":"category","embeddable":true,"href":"https:\/\/noticiasemdestaque.com\/cd\/index.php?rest_route=%2Fwp%2Fv2%2Fcategories&post=15151"},{"taxonomy":"post_tag","embeddable":true,"href":"https:\/\/noticiasemdestaque.com\/cd\/index.php?rest_route=%2Fwp%2Fv2%2Ftags&post=15151"}],"curies":[{"name":"wp","href":"https:\/\/api.w.org\/{rel}","templated":true}]}}