{"id":15146,"date":"2019-01-28T07:25:45","date_gmt":"2019-01-28T10:25:45","guid":{"rendered":"http:\/\/noticiasemdestaque.com\/cd\/?p=15146"},"modified":"2019-01-28T07:25:45","modified_gmt":"2019-01-28T10:25:45","slug":"ministerio-da-saude-quer-encarecer-preco-de-refrigerantes","status":"publish","type":"post","link":"https:\/\/noticiasemdestaque.com\/cd\/?p=15146","title":{"rendered":"Minist\u00e9rio da Sa\u00fade quer encarecer pre\u00e7o de refrigerantes"},"content":{"rendered":"<p><a href=\"https:\/\/noticiasemdestaque.com\/cd\/wp-content\/uploads\/2019\/01\/refri-4590788.jpg\"><img fetchpriority=\"high\" decoding=\"async\" class=\"wp-image-15147 aligncenter\" src=\"https:\/\/noticiasemdestaque.com\/cd\/wp-content\/uploads\/2019\/01\/refri-4590788.jpg\" alt=\"\" width=\"501\" height=\"397\" srcset=\"https:\/\/noticiasemdestaque.com\/cd\/wp-content\/uploads\/2019\/01\/refri-4590788.jpg 990w, https:\/\/noticiasemdestaque.com\/cd\/wp-content\/uploads\/2019\/01\/refri-4590788-300x238.jpg 300w, https:\/\/noticiasemdestaque.com\/cd\/wp-content\/uploads\/2019\/01\/refri-4590788-768x609.jpg 768w\" sizes=\"(max-width: 501px) 100vw, 501px\" \/><\/a><\/p>\n<p>O Minist\u00e9rio da Sa\u00fade (MS) pediu \u00e0 Receita Federal um aumento no imposto para taxar refrigerantes e outras bebidas doces. A medida, que est\u00e1 sob a an\u00e1lise do fisco, visa diminuir os percentuais de obesidade na popula\u00e7\u00e3o do pa\u00eds.<\/p>\n<p>A Organiza\u00e7\u00e3o Mundial de Sa\u00fade (OMS) recomenda que as bebidas fiquem 20% mais caras para desestimular o consumo, uma vez que a obesidade j\u00e1 est\u00e1 associada a v\u00e1rios tipos de doen\u00e7as como diabetes, c\u00e2ncer e problemas cardiovasculares. Se uma latinha de refrigerante custa R$ 4, com o aumenta da taxa ela passaria para R$ 4,80.<\/p>\n<p>A Coca-Cola, maior fabricante desse tipo de bebida no pa\u00eds, \u00e9 contra a medida. A empresa defende a ado\u00e7\u00e3o de outras medidas para a redu\u00e7\u00e3o da obesidade. A Associa\u00e7\u00e3o Brasileiras das Ind\u00fastrias de Refrigerantes (ABIR) tamb\u00e9m demonstrou ser desfavor\u00e1vel, alegando que \u201cimposto n\u00e3o fabrica sa\u00fade\u201d.<\/p>\n<p>J\u00e1 a Associa\u00e7\u00e3o dos Fabricantes de Refrigerantes do Brasil (Afrebras) disse ser favor\u00e1vel desde que a eleva\u00e7\u00e3o seja igual para todos, inclusive os que n\u00e3o recebem incentivos fiscais regionais.<\/p>\n<p>O pedido para o aumento tribut\u00e1rio das bebidas a\u00e7ucaradas, ou com ado\u00e7antes, foi feito ainda na gest\u00e3o do ex-ministro Ricardo Barros, e o atual ministro, Luiz Mandetta, j\u00e1 sinalizou que n\u00e3o\u00a0ir\u00e1 interferir em processos que est\u00e3o em andamento.<\/p>\n<p>Em 2017, a Receita deu sinal verde para um pedido semelhante, s\u00f3 que feito pelo Conselho Nacional da Sa\u00fade. O \u00f3rg\u00e3o concordou em aumentar a taxa para 10% e diminuir os incentivos fiscais. A decis\u00e3o sobre aumentar ou n\u00e3o o imposto\u00a0vai ficar a cargo do Minist\u00e9rio da Economia, que ainda n\u00e3o se manifestou a respeito.<\/p>\n<p>Fonte: Portal Uol<\/p>\n","protected":false},"excerpt":{"rendered":"<p>O Minist\u00e9rio da Sa\u00fade (MS) pediu \u00e0 Receita Federal um aumento no imposto para taxar refrigerantes e outras bebidas doces. A medida, que est\u00e1 sob a an\u00e1lise do fisco, visa diminuir os percentuais de obesidade na popula\u00e7\u00e3o do pa\u00eds. A Organiza\u00e7\u00e3o Mundial de Sa\u00fade (OMS) recomenda que as bebidas fiquem 20% mais caras para desestimular o consumo, uma vez que a obesidade j\u00e1 est\u00e1 associada a v\u00e1rios tipos de doen\u00e7as como diabetes, c\u00e2ncer e problemas cardiovasculares. Se uma latinha de refrigerante custa R$ 4, com o aumenta da taxa ela passaria para R$ 4,80. A Coca-Cola, maior fabricante desse tipo de bebida no pa\u00eds, \u00e9 contra a medida. A empresa defende a ado\u00e7\u00e3o de outras medidas para a redu\u00e7\u00e3o da obesidade. A Associa\u00e7\u00e3o Brasileiras das Ind\u00fastrias de Refrigerantes (ABIR) tamb\u00e9m demonstrou ser desfavor\u00e1vel, alegando que \u201cimposto n\u00e3o fabrica sa\u00fade\u201d. J\u00e1 a Associa\u00e7\u00e3o dos Fabricantes de Refrigerantes do Brasil (Afrebras) disse ser favor\u00e1vel desde que a eleva\u00e7\u00e3o seja igual para todos, inclusive os que n\u00e3o recebem incentivos fiscais regionais. O pedido para o aumento tribut\u00e1rio das bebidas a\u00e7ucaradas, ou com ado\u00e7antes, foi feito ainda na gest\u00e3o do ex-ministro Ricardo Barros, e o atual ministro, Luiz Mandetta, j\u00e1 sinalizou que n\u00e3o\u00a0ir\u00e1 interferir em processos que est\u00e3o em andamento. Em 2017, a Receita deu sinal verde para um pedido semelhante, s\u00f3 que feito pelo Conselho Nacional da Sa\u00fade. O \u00f3rg\u00e3o concordou em aumentar a taxa para 10% e diminuir os incentivos fiscais. A decis\u00e3o sobre aumentar ou n\u00e3o o imposto\u00a0vai ficar a cargo do Minist\u00e9rio da Economia, que ainda n\u00e3o se manifestou a respeito. Fonte: Portal Uol<\/p>\n","protected":false},"author":2,"featured_media":15147,"comment_status":"closed","ping_status":"open","sticky":false,"template":"","format":"standard","meta":{"_eb_attr":"","_jetpack_memberships_contains_paid_content":false,"footnotes":""},"categories":[8],"tags":[],"class_list":["post-15146","post","type-post","status-publish","format-standard","has-post-thumbnail","hentry","category-saude"],"yoast_head":"<!-- This site is optimized with the Yoast SEO plugin v26.5 - https:\/\/yoast.com\/wordpress\/plugins\/seo\/ -->\n<title>Minist\u00e9rio da Sa\u00fade quer encarecer pre\u00e7o de refrigerantes - Not&iacute;cias em Destaque<\/title>\n<meta name=\"robots\" content=\"index, follow, max-snippet:-1, max-image-preview:large, max-video-preview:-1\" \/>\n<link rel=\"canonical\" href=\"https:\/\/noticiasemdestaque.com\/cd\/?p=15146\" \/>\n<meta property=\"og:locale\" content=\"pt_BR\" \/>\n<meta property=\"og:type\" content=\"article\" \/>\n<meta property=\"og:title\" content=\"Minist\u00e9rio da Sa\u00fade quer encarecer pre\u00e7o de refrigerantes - Not&iacute;cias em Destaque\" \/>\n<meta property=\"og:description\" content=\"O Minist\u00e9rio da Sa\u00fade (MS) pediu \u00e0 Receita Federal um aumento no imposto para taxar refrigerantes e outras bebidas doces. A medida, que est\u00e1 sob a an\u00e1lise do fisco, visa diminuir os percentuais de obesidade na popula\u00e7\u00e3o do pa\u00eds. A Organiza\u00e7\u00e3o Mundial de Sa\u00fade (OMS) recomenda que as bebidas fiquem 20% mais caras para desestimular o consumo, uma vez que a obesidade j\u00e1 est\u00e1 associada a v\u00e1rios tipos de doen\u00e7as como diabetes, c\u00e2ncer e problemas cardiovasculares. Se uma latinha de refrigerante custa R$ 4, com o aumenta da taxa ela passaria para R$ 4,80. A Coca-Cola, maior fabricante desse tipo de bebida no pa\u00eds, \u00e9 contra a medida. A empresa defende a ado\u00e7\u00e3o de outras medidas para a redu\u00e7\u00e3o da obesidade. A Associa\u00e7\u00e3o Brasileiras das Ind\u00fastrias de Refrigerantes (ABIR) tamb\u00e9m demonstrou ser desfavor\u00e1vel, alegando que \u201cimposto n\u00e3o fabrica sa\u00fade\u201d. J\u00e1 a Associa\u00e7\u00e3o dos Fabricantes de Refrigerantes do Brasil (Afrebras) disse ser favor\u00e1vel desde que a eleva\u00e7\u00e3o seja igual para todos, inclusive os que n\u00e3o recebem incentivos fiscais regionais. O pedido para o aumento tribut\u00e1rio das bebidas a\u00e7ucaradas, ou com ado\u00e7antes, foi feito ainda na gest\u00e3o do ex-ministro Ricardo Barros, e o atual ministro, Luiz Mandetta, j\u00e1 sinalizou que n\u00e3o\u00a0ir\u00e1 interferir em processos que est\u00e3o em andamento. Em 2017, a Receita deu sinal verde para um pedido semelhante, s\u00f3 que feito pelo Conselho Nacional da Sa\u00fade. O \u00f3rg\u00e3o concordou em aumentar a taxa para 10% e diminuir os incentivos fiscais. A decis\u00e3o sobre aumentar ou n\u00e3o o imposto\u00a0vai ficar a cargo do Minist\u00e9rio da Economia, que ainda n\u00e3o se manifestou a respeito. Fonte: Portal Uol\" \/>\n<meta property=\"og:url\" content=\"https:\/\/noticiasemdestaque.com\/cd\/?p=15146\" \/>\n<meta property=\"og:site_name\" content=\"Not&iacute;cias em Destaque\" \/>\n<meta property=\"article:published_time\" content=\"2019-01-28T10:25:45+00:00\" \/>\n<meta property=\"og:image\" content=\"https:\/\/noticiasemdestaque.com\/cd\/wp-content\/uploads\/2019\/01\/refri-4590788.jpg\" \/>\n\t<meta property=\"og:image:width\" content=\"990\" \/>\n\t<meta property=\"og:image:height\" content=\"785\" \/>\n\t<meta property=\"og:image:type\" content=\"image\/jpeg\" \/>\n<meta name=\"author\" content=\"Not\u00edcias em Destaque\" \/>\n<meta name=\"twitter:card\" content=\"summary_large_image\" \/>\n<meta name=\"twitter:label1\" content=\"Escrito por\" \/>\n\t<meta name=\"twitter:data1\" content=\"Not\u00edcias em Destaque\" \/>\n\t<meta name=\"twitter:label2\" content=\"Est. tempo de leitura\" \/>\n\t<meta name=\"twitter:data2\" content=\"1 minuto\" \/>\n<script type=\"application\/ld+json\" class=\"yoast-schema-graph\">{\"@context\":\"https:\/\/schema.org\",\"@graph\":[{\"@type\":\"Article\",\"@id\":\"https:\/\/noticiasemdestaque.com\/cd\/?p=15146#article\",\"isPartOf\":{\"@id\":\"https:\/\/noticiasemdestaque.com\/cd\/?p=15146\"},\"author\":{\"name\":\"Not\u00edcias em Destaque\",\"@id\":\"https:\/\/noticiasemdestaque.com\/cd\/#\/schema\/person\/4a81fb71f77579d059c3045891fa1786\"},\"headline\":\"Minist\u00e9rio da Sa\u00fade quer encarecer pre\u00e7o de refrigerantes\",\"datePublished\":\"2019-01-28T10:25:45+00:00\",\"mainEntityOfPage\":{\"@id\":\"https:\/\/noticiasemdestaque.com\/cd\/?p=15146\"},\"wordCount\":305,\"publisher\":{\"@id\":\"https:\/\/noticiasemdestaque.com\/cd\/#organization\"},\"image\":{\"@id\":\"https:\/\/noticiasemdestaque.com\/cd\/?p=15146#primaryimage\"},\"thumbnailUrl\":\"https:\/\/noticiasemdestaque.com\/cd\/wp-content\/uploads\/2019\/01\/refri-4590788.jpg\",\"articleSection\":[\"Sa\u00fade\"],\"inLanguage\":\"pt-BR\"},{\"@type\":\"WebPage\",\"@id\":\"https:\/\/noticiasemdestaque.com\/cd\/?p=15146\",\"url\":\"https:\/\/noticiasemdestaque.com\/cd\/?p=15146\",\"name\":\"Minist\u00e9rio da Sa\u00fade quer encarecer pre\u00e7o de refrigerantes - Not&iacute;cias em Destaque\",\"isPartOf\":{\"@id\":\"https:\/\/noticiasemdestaque.com\/cd\/#website\"},\"primaryImageOfPage\":{\"@id\":\"https:\/\/noticiasemdestaque.com\/cd\/?p=15146#primaryimage\"},\"image\":{\"@id\":\"https:\/\/noticiasemdestaque.com\/cd\/?p=15146#primaryimage\"},\"thumbnailUrl\":\"https:\/\/noticiasemdestaque.com\/cd\/wp-content\/uploads\/2019\/01\/refri-4590788.jpg\",\"datePublished\":\"2019-01-28T10:25:45+00:00\",\"breadcrumb\":{\"@id\":\"https:\/\/noticiasemdestaque.com\/cd\/?p=15146#breadcrumb\"},\"inLanguage\":\"pt-BR\",\"potentialAction\":[{\"@type\":\"ReadAction\",\"target\":[\"https:\/\/noticiasemdestaque.com\/cd\/?p=15146\"]}]},{\"@type\":\"ImageObject\",\"inLanguage\":\"pt-BR\",\"@id\":\"https:\/\/noticiasemdestaque.com\/cd\/?p=15146#primaryimage\",\"url\":\"https:\/\/noticiasemdestaque.com\/cd\/wp-content\/uploads\/2019\/01\/refri-4590788.jpg\",\"contentUrl\":\"https:\/\/noticiasemdestaque.com\/cd\/wp-content\/uploads\/2019\/01\/refri-4590788.jpg\",\"width\":990,\"height\":785},{\"@type\":\"BreadcrumbList\",\"@id\":\"https:\/\/noticiasemdestaque.com\/cd\/?p=15146#breadcrumb\",\"itemListElement\":[{\"@type\":\"ListItem\",\"position\":1,\"name\":\"In\u00edcio\",\"item\":\"https:\/\/noticiasemdestaque.com\/cd\/\"},{\"@type\":\"ListItem\",\"position\":2,\"name\":\"Minist\u00e9rio da Sa\u00fade quer encarecer pre\u00e7o de refrigerantes\"}]},{\"@type\":\"WebSite\",\"@id\":\"https:\/\/noticiasemdestaque.com\/cd\/#website\",\"url\":\"https:\/\/noticiasemdestaque.com\/cd\/\",\"name\":\"Not&iacute;cias em Destaque\",\"description\":\"\",\"publisher\":{\"@id\":\"https:\/\/noticiasemdestaque.com\/cd\/#organization\"},\"potentialAction\":[{\"@type\":\"SearchAction\",\"target\":{\"@type\":\"EntryPoint\",\"urlTemplate\":\"https:\/\/noticiasemdestaque.com\/cd\/?s={search_term_string}\"},\"query-input\":{\"@type\":\"PropertyValueSpecification\",\"valueRequired\":true,\"valueName\":\"search_term_string\"}}],\"inLanguage\":\"pt-BR\"},{\"@type\":\"Organization\",\"@id\":\"https:\/\/noticiasemdestaque.com\/cd\/#organization\",\"name\":\"Not\u00edcias em Destaque\",\"url\":\"https:\/\/noticiasemdestaque.com\/cd\/\",\"logo\":{\"@type\":\"ImageObject\",\"inLanguage\":\"pt-BR\",\"@id\":\"https:\/\/noticiasemdestaque.com\/cd\/#\/schema\/logo\/image\/\",\"url\":\"https:\/\/noticiasemdestaque.com\/cd\/wp-content\/uploads\/2022\/05\/imagem-base-noticiasemdestaque.png\",\"contentUrl\":\"https:\/\/noticiasemdestaque.com\/cd\/wp-content\/uploads\/2022\/05\/imagem-base-noticiasemdestaque.png\",\"width\":1200,\"height\":630,\"caption\":\"Not\u00edcias em Destaque\"},\"image\":{\"@id\":\"https:\/\/noticiasemdestaque.com\/cd\/#\/schema\/logo\/image\/\"}},{\"@type\":\"Person\",\"@id\":\"https:\/\/noticiasemdestaque.com\/cd\/#\/schema\/person\/4a81fb71f77579d059c3045891fa1786\",\"name\":\"Not\u00edcias em Destaque\",\"url\":\"https:\/\/noticiasemdestaque.com\/cd\/?author=2\"}]}<\/script>\n<!-- \/ Yoast SEO plugin. -->","yoast_head_json":{"title":"Minist\u00e9rio da Sa\u00fade quer encarecer pre\u00e7o de refrigerantes - Not&iacute;cias em Destaque","robots":{"index":"index","follow":"follow","max-snippet":"max-snippet:-1","max-image-preview":"max-image-preview:large","max-video-preview":"max-video-preview:-1"},"canonical":"https:\/\/noticiasemdestaque.com\/cd\/?p=15146","og_locale":"pt_BR","og_type":"article","og_title":"Minist\u00e9rio da Sa\u00fade quer encarecer pre\u00e7o de refrigerantes - Not&iacute;cias em Destaque","og_description":"O Minist\u00e9rio da Sa\u00fade (MS) pediu \u00e0 Receita Federal um aumento no imposto para taxar refrigerantes e outras bebidas doces. A medida, que est\u00e1 sob a an\u00e1lise do fisco, visa diminuir os percentuais de obesidade na popula\u00e7\u00e3o do pa\u00eds. A Organiza\u00e7\u00e3o Mundial de Sa\u00fade (OMS) recomenda que as bebidas fiquem 20% mais caras para desestimular o consumo, uma vez que a obesidade j\u00e1 est\u00e1 associada a v\u00e1rios tipos de doen\u00e7as como diabetes, c\u00e2ncer e problemas cardiovasculares. Se uma latinha de refrigerante custa R$ 4, com o aumenta da taxa ela passaria para R$ 4,80. A Coca-Cola, maior fabricante desse tipo de bebida no pa\u00eds, \u00e9 contra a medida. A empresa defende a ado\u00e7\u00e3o de outras medidas para a redu\u00e7\u00e3o da obesidade. A Associa\u00e7\u00e3o Brasileiras das Ind\u00fastrias de Refrigerantes (ABIR) tamb\u00e9m demonstrou ser desfavor\u00e1vel, alegando que \u201cimposto n\u00e3o fabrica sa\u00fade\u201d. J\u00e1 a Associa\u00e7\u00e3o dos Fabricantes de Refrigerantes do Brasil (Afrebras) disse ser favor\u00e1vel desde que a eleva\u00e7\u00e3o seja igual para todos, inclusive os que n\u00e3o recebem incentivos fiscais regionais. O pedido para o aumento tribut\u00e1rio das bebidas a\u00e7ucaradas, ou com ado\u00e7antes, foi feito ainda na gest\u00e3o do ex-ministro Ricardo Barros, e o atual ministro, Luiz Mandetta, j\u00e1 sinalizou que n\u00e3o\u00a0ir\u00e1 interferir em processos que est\u00e3o em andamento. Em 2017, a Receita deu sinal verde para um pedido semelhante, s\u00f3 que feito pelo Conselho Nacional da Sa\u00fade. O \u00f3rg\u00e3o concordou em aumentar a taxa para 10% e diminuir os incentivos fiscais. A decis\u00e3o sobre aumentar ou n\u00e3o o imposto\u00a0vai ficar a cargo do Minist\u00e9rio da Economia, que ainda n\u00e3o se manifestou a respeito. Fonte: Portal Uol","og_url":"https:\/\/noticiasemdestaque.com\/cd\/?p=15146","og_site_name":"Not&iacute;cias em Destaque","article_published_time":"2019-01-28T10:25:45+00:00","og_image":[{"width":990,"height":785,"url":"https:\/\/noticiasemdestaque.com\/cd\/wp-content\/uploads\/2019\/01\/refri-4590788.jpg","type":"image\/jpeg"}],"author":"Not\u00edcias em Destaque","twitter_card":"summary_large_image","twitter_misc":{"Escrito por":"Not\u00edcias em Destaque","Est. tempo de leitura":"1 minuto"},"schema":{"@context":"https:\/\/schema.org","@graph":[{"@type":"Article","@id":"https:\/\/noticiasemdestaque.com\/cd\/?p=15146#article","isPartOf":{"@id":"https:\/\/noticiasemdestaque.com\/cd\/?p=15146"},"author":{"name":"Not\u00edcias em Destaque","@id":"https:\/\/noticiasemdestaque.com\/cd\/#\/schema\/person\/4a81fb71f77579d059c3045891fa1786"},"headline":"Minist\u00e9rio da Sa\u00fade quer encarecer pre\u00e7o de refrigerantes","datePublished":"2019-01-28T10:25:45+00:00","mainEntityOfPage":{"@id":"https:\/\/noticiasemdestaque.com\/cd\/?p=15146"},"wordCount":305,"publisher":{"@id":"https:\/\/noticiasemdestaque.com\/cd\/#organization"},"image":{"@id":"https:\/\/noticiasemdestaque.com\/cd\/?p=15146#primaryimage"},"thumbnailUrl":"https:\/\/noticiasemdestaque.com\/cd\/wp-content\/uploads\/2019\/01\/refri-4590788.jpg","articleSection":["Sa\u00fade"],"inLanguage":"pt-BR"},{"@type":"WebPage","@id":"https:\/\/noticiasemdestaque.com\/cd\/?p=15146","url":"https:\/\/noticiasemdestaque.com\/cd\/?p=15146","name":"Minist\u00e9rio da Sa\u00fade quer encarecer pre\u00e7o de refrigerantes - Not&iacute;cias em Destaque","isPartOf":{"@id":"https:\/\/noticiasemdestaque.com\/cd\/#website"},"primaryImageOfPage":{"@id":"https:\/\/noticiasemdestaque.com\/cd\/?p=15146#primaryimage"},"image":{"@id":"https:\/\/noticiasemdestaque.com\/cd\/?p=15146#primaryimage"},"thumbnailUrl":"https:\/\/noticiasemdestaque.com\/cd\/wp-content\/uploads\/2019\/01\/refri-4590788.jpg","datePublished":"2019-01-28T10:25:45+00:00","breadcrumb":{"@id":"https:\/\/noticiasemdestaque.com\/cd\/?p=15146#breadcrumb"},"inLanguage":"pt-BR","potentialAction":[{"@type":"ReadAction","target":["https:\/\/noticiasemdestaque.com\/cd\/?p=15146"]}]},{"@type":"ImageObject","inLanguage":"pt-BR","@id":"https:\/\/noticiasemdestaque.com\/cd\/?p=15146#primaryimage","url":"https:\/\/noticiasemdestaque.com\/cd\/wp-content\/uploads\/2019\/01\/refri-4590788.jpg","contentUrl":"https:\/\/noticiasemdestaque.com\/cd\/wp-content\/uploads\/2019\/01\/refri-4590788.jpg","width":990,"height":785},{"@type":"BreadcrumbList","@id":"https:\/\/noticiasemdestaque.com\/cd\/?p=15146#breadcrumb","itemListElement":[{"@type":"ListItem","position":1,"name":"In\u00edcio","item":"https:\/\/noticiasemdestaque.com\/cd\/"},{"@type":"ListItem","position":2,"name":"Minist\u00e9rio da Sa\u00fade quer encarecer pre\u00e7o de refrigerantes"}]},{"@type":"WebSite","@id":"https:\/\/noticiasemdestaque.com\/cd\/#website","url":"https:\/\/noticiasemdestaque.com\/cd\/","name":"Not&iacute;cias em Destaque","description":"","publisher":{"@id":"https:\/\/noticiasemdestaque.com\/cd\/#organization"},"potentialAction":[{"@type":"SearchAction","target":{"@type":"EntryPoint","urlTemplate":"https:\/\/noticiasemdestaque.com\/cd\/?s={search_term_string}"},"query-input":{"@type":"PropertyValueSpecification","valueRequired":true,"valueName":"search_term_string"}}],"inLanguage":"pt-BR"},{"@type":"Organization","@id":"https:\/\/noticiasemdestaque.com\/cd\/#organization","name":"Not\u00edcias em Destaque","url":"https:\/\/noticiasemdestaque.com\/cd\/","logo":{"@type":"ImageObject","inLanguage":"pt-BR","@id":"https:\/\/noticiasemdestaque.com\/cd\/#\/schema\/logo\/image\/","url":"https:\/\/noticiasemdestaque.com\/cd\/wp-content\/uploads\/2022\/05\/imagem-base-noticiasemdestaque.png","contentUrl":"https:\/\/noticiasemdestaque.com\/cd\/wp-content\/uploads\/2022\/05\/imagem-base-noticiasemdestaque.png","width":1200,"height":630,"caption":"Not\u00edcias em Destaque"},"image":{"@id":"https:\/\/noticiasemdestaque.com\/cd\/#\/schema\/logo\/image\/"}},{"@type":"Person","@id":"https:\/\/noticiasemdestaque.com\/cd\/#\/schema\/person\/4a81fb71f77579d059c3045891fa1786","name":"Not\u00edcias em Destaque","url":"https:\/\/noticiasemdestaque.com\/cd\/?author=2"}]}},"jetpack_featured_media_url":"https:\/\/noticiasemdestaque.com\/cd\/wp-content\/uploads\/2019\/01\/refri-4590788.jpg","jetpack_sharing_enabled":true,"_links":{"self":[{"href":"https:\/\/noticiasemdestaque.com\/cd\/index.php?rest_route=\/wp\/v2\/posts\/15146","targetHints":{"allow":["GET"]}}],"collection":[{"href":"https:\/\/noticiasemdestaque.com\/cd\/index.php?rest_route=\/wp\/v2\/posts"}],"about":[{"href":"https:\/\/noticiasemdestaque.com\/cd\/index.php?rest_route=\/wp\/v2\/types\/post"}],"author":[{"embeddable":true,"href":"https:\/\/noticiasemdestaque.com\/cd\/index.php?rest_route=\/wp\/v2\/users\/2"}],"replies":[{"embeddable":true,"href":"https:\/\/noticiasemdestaque.com\/cd\/index.php?rest_route=%2Fwp%2Fv2%2Fcomments&post=15146"}],"version-history":[{"count":1,"href":"https:\/\/noticiasemdestaque.com\/cd\/index.php?rest_route=\/wp\/v2\/posts\/15146\/revisions"}],"predecessor-version":[{"id":15148,"href":"https:\/\/noticiasemdestaque.com\/cd\/index.php?rest_route=\/wp\/v2\/posts\/15146\/revisions\/15148"}],"wp:featuredmedia":[{"embeddable":true,"href":"https:\/\/noticiasemdestaque.com\/cd\/index.php?rest_route=\/wp\/v2\/media\/15147"}],"wp:attachment":[{"href":"https:\/\/noticiasemdestaque.com\/cd\/index.php?rest_route=%2Fwp%2Fv2%2Fmedia&parent=15146"}],"wp:term":[{"taxonomy":"category","embeddable":true,"href":"https:\/\/noticiasemdestaque.com\/cd\/index.php?rest_route=%2Fwp%2Fv2%2Fcategories&post=15146"},{"taxonomy":"post_tag","embeddable":true,"href":"https:\/\/noticiasemdestaque.com\/cd\/index.php?rest_route=%2Fwp%2Fv2%2Ftags&post=15146"}],"curies":[{"name":"wp","href":"https:\/\/api.w.org\/{rel}","templated":true}]}}