{"id":15113,"date":"2019-01-25T21:08:14","date_gmt":"2019-01-26T00:08:14","guid":{"rendered":"http:\/\/noticiasemdestaque.com\/cd\/?p=15113"},"modified":"2019-01-25T21:08:14","modified_gmt":"2019-01-26T00:08:14","slug":"secretarias-de-saude-de-monteiro-e-eleita-presidente-da-cir-do-cariri-ocidental","status":"publish","type":"post","link":"https:\/\/noticiasemdestaque.com\/cd\/?p=15113","title":{"rendered":"Secret\u00e1rias de Sa\u00fade de Monteiro \u00e9 eleita Presidente da CIR do Cariri Ocidental"},"content":{"rendered":"<p><a href=\"https:\/\/noticiasemdestaque.com\/cd\/wp-content\/uploads\/2019\/01\/Eleitas.jpeg\"><img decoding=\"async\" class=\"size-full wp-image-15114 alignleft\" src=\"https:\/\/noticiasemdestaque.com\/cd\/wp-content\/uploads\/2019\/01\/Eleitas.jpeg\" alt=\"\" width=\"240\" height=\"197\" \/><\/a><\/p>\n<p>Os Secret\u00e1rios de Sa\u00fade do Cariri Ocidental participaram da elei\u00e7\u00e3o do CIR &#8211; Comiss\u00e3o Intergestora Regional\u00a0 elegendo Ana Paula Oliveira do munic\u00edpio de Monteiro como presidente.<\/p>\n<p>As CIR \u2013 Comiss\u00f5es Intergestores Regionais s\u00e3o tamb\u00e9m f\u00f3runs privilegiados para a negocia\u00e7\u00e3o, pactua\u00e7\u00e3o, planejamento e avalia\u00e7\u00e3o da Gest\u00e3o das Pol\u00edticas de Sa\u00fade no Estado entre as Secretarias Municipais de Sa\u00fade\/SMS, atrav\u00e9s de seus gestores municipais de sa\u00fade, e as Secretarias de Estado da Sa\u00fade.<\/p>\n<p>A 5\u00aa CIR \u2013 Comiss\u00e3o Intergestores Cariri Ocidental que \u00e9 composto por 17 munic\u00edpios da regi\u00e3o \u00e9 um \u00f3rg\u00e3o de instancia colegiada, n\u00e3o-partid\u00e1rio, cujas decis\u00f5es s\u00e3o tomadas por consenso, constituindo-se em um espa\u00e7o de planejamento e pactua\u00e7\u00e3o entre os gestores municipais de sa\u00fade.<\/p>\n<p>Compondo ainda a Comiss\u00e3o, para a vice-presid\u00eancia foi eleita Petrushka Bezerra que \u00e9 Secret\u00e1ria de Sa\u00fade do munic\u00edpio de S\u00e3o Jos\u00e9 dos Cordeiros.<\/p>\n<p>A elei\u00e7\u00e3o, aconteceu dentro da reuni\u00e3o dos secret\u00e1rios, realizada nessa quinta feira (24),na cidade de Monteiro.<\/p>\n<p>A CIR do Cariri Ocidental \u00e9 composta pelos munic\u00edpios de Amparo, Camala\u00fa, Cara\u00fabas, Congo, Coxixola, Gurj\u00e3o, Monteiro, Ouro Velho,Parari, Prata,\u00a0 S\u00e3o Jo\u00e3o do Cariri, S\u00e3o Jo\u00e3o do Tigre, S\u00e3o Jos\u00e9 dos Cordeiros, S\u00e3o Sebasti\u00e3o do Umbuzeiro, Serra Branca, Sum\u00e9 e Zabel\u00ea.<\/p>\n","protected":false},"excerpt":{"rendered":"<p>Os Secret\u00e1rios de Sa\u00fade do Cariri Ocidental participaram da elei\u00e7\u00e3o do CIR &#8211; Comiss\u00e3o Intergestora Regional\u00a0 elegendo Ana Paula Oliveira do munic\u00edpio de Monteiro como presidente. As CIR \u2013 Comiss\u00f5es Intergestores Regionais s\u00e3o tamb\u00e9m f\u00f3runs privilegiados para a negocia\u00e7\u00e3o, pactua\u00e7\u00e3o, planejamento e avalia\u00e7\u00e3o da Gest\u00e3o das Pol\u00edticas de Sa\u00fade no Estado entre as Secretarias Municipais de Sa\u00fade\/SMS, atrav\u00e9s de seus gestores municipais de sa\u00fade, e as Secretarias de Estado da Sa\u00fade. A 5\u00aa CIR \u2013 Comiss\u00e3o Intergestores Cariri Ocidental que \u00e9 composto por 17 munic\u00edpios da regi\u00e3o \u00e9 um \u00f3rg\u00e3o de instancia colegiada, n\u00e3o-partid\u00e1rio, cujas decis\u00f5es s\u00e3o tomadas por consenso, constituindo-se em um espa\u00e7o de planejamento e pactua\u00e7\u00e3o entre os gestores municipais de sa\u00fade. Compondo ainda a Comiss\u00e3o, para a vice-presid\u00eancia foi eleita Petrushka Bezerra que \u00e9 Secret\u00e1ria de Sa\u00fade do munic\u00edpio de S\u00e3o Jos\u00e9 dos Cordeiros. A elei\u00e7\u00e3o, aconteceu dentro da reuni\u00e3o dos secret\u00e1rios, realizada nessa quinta feira (24),na cidade de Monteiro. A CIR do Cariri Ocidental \u00e9 composta pelos munic\u00edpios de Amparo, Camala\u00fa, Cara\u00fabas, Congo, Coxixola, Gurj\u00e3o, Monteiro, Ouro Velho,Parari, Prata,\u00a0 S\u00e3o Jo\u00e3o do Cariri, S\u00e3o Jo\u00e3o do Tigre, S\u00e3o Jos\u00e9 dos Cordeiros, S\u00e3o Sebasti\u00e3o do Umbuzeiro, Serra Branca, Sum\u00e9 e Zabel\u00ea.<\/p>\n","protected":false},"author":2,"featured_media":15114,"comment_status":"closed","ping_status":"open","sticky":false,"template":"","format":"standard","meta":{"_eb_attr":"","_jetpack_memberships_contains_paid_content":false,"footnotes":""},"categories":[8],"tags":[],"class_list":["post-15113","post","type-post","status-publish","format-standard","has-post-thumbnail","hentry","category-saude"],"yoast_head":"<!-- This site is optimized with the Yoast SEO plugin v26.5 - https:\/\/yoast.com\/wordpress\/plugins\/seo\/ -->\n<title>Secret\u00e1rias de Sa\u00fade de Monteiro \u00e9 eleita Presidente da CIR do Cariri Ocidental - Not&iacute;cias em Destaque<\/title>\n<meta name=\"robots\" content=\"index, follow, max-snippet:-1, max-image-preview:large, max-video-preview:-1\" \/>\n<link rel=\"canonical\" href=\"https:\/\/noticiasemdestaque.com\/cd\/?p=15113\" \/>\n<meta property=\"og:locale\" content=\"pt_BR\" \/>\n<meta property=\"og:type\" content=\"article\" \/>\n<meta property=\"og:title\" content=\"Secret\u00e1rias de Sa\u00fade de Monteiro \u00e9 eleita Presidente da CIR do Cariri Ocidental - Not&iacute;cias em Destaque\" \/>\n<meta property=\"og:description\" content=\"Os Secret\u00e1rios de Sa\u00fade do Cariri Ocidental participaram da elei\u00e7\u00e3o do CIR &#8211; Comiss\u00e3o Intergestora Regional\u00a0 elegendo Ana Paula Oliveira do munic\u00edpio de Monteiro como presidente. As CIR \u2013 Comiss\u00f5es Intergestores Regionais s\u00e3o tamb\u00e9m f\u00f3runs privilegiados para a negocia\u00e7\u00e3o, pactua\u00e7\u00e3o, planejamento e avalia\u00e7\u00e3o da Gest\u00e3o das Pol\u00edticas de Sa\u00fade no Estado entre as Secretarias Municipais de Sa\u00fade\/SMS, atrav\u00e9s de seus gestores municipais de sa\u00fade, e as Secretarias de Estado da Sa\u00fade. A 5\u00aa CIR \u2013 Comiss\u00e3o Intergestores Cariri Ocidental que \u00e9 composto por 17 munic\u00edpios da regi\u00e3o \u00e9 um \u00f3rg\u00e3o de instancia colegiada, n\u00e3o-partid\u00e1rio, cujas decis\u00f5es s\u00e3o tomadas por consenso, constituindo-se em um espa\u00e7o de planejamento e pactua\u00e7\u00e3o entre os gestores municipais de sa\u00fade. Compondo ainda a Comiss\u00e3o, para a vice-presid\u00eancia foi eleita Petrushka Bezerra que \u00e9 Secret\u00e1ria de Sa\u00fade do munic\u00edpio de S\u00e3o Jos\u00e9 dos Cordeiros. A elei\u00e7\u00e3o, aconteceu dentro da reuni\u00e3o dos secret\u00e1rios, realizada nessa quinta feira (24),na cidade de Monteiro. A CIR do Cariri Ocidental \u00e9 composta pelos munic\u00edpios de Amparo, Camala\u00fa, Cara\u00fabas, Congo, Coxixola, Gurj\u00e3o, Monteiro, Ouro Velho,Parari, Prata,\u00a0 S\u00e3o Jo\u00e3o do Cariri, S\u00e3o Jo\u00e3o do Tigre, S\u00e3o Jos\u00e9 dos Cordeiros, S\u00e3o Sebasti\u00e3o do Umbuzeiro, Serra Branca, Sum\u00e9 e Zabel\u00ea.\" \/>\n<meta property=\"og:url\" content=\"https:\/\/noticiasemdestaque.com\/cd\/?p=15113\" \/>\n<meta property=\"og:site_name\" content=\"Not&iacute;cias em Destaque\" \/>\n<meta property=\"article:published_time\" content=\"2019-01-26T00:08:14+00:00\" \/>\n<meta property=\"og:image\" content=\"https:\/\/noticiasemdestaque.com\/cd\/wp-content\/uploads\/2019\/01\/Eleitas.jpeg\" \/>\n\t<meta property=\"og:image:width\" content=\"240\" \/>\n\t<meta property=\"og:image:height\" content=\"197\" \/>\n\t<meta property=\"og:image:type\" content=\"image\/jpeg\" \/>\n<meta name=\"author\" content=\"Not\u00edcias em Destaque\" \/>\n<meta name=\"twitter:card\" content=\"summary_large_image\" \/>\n<meta name=\"twitter:label1\" content=\"Escrito por\" \/>\n\t<meta name=\"twitter:data1\" content=\"Not\u00edcias em Destaque\" \/>\n\t<meta name=\"twitter:label2\" content=\"Est. tempo de leitura\" \/>\n\t<meta name=\"twitter:data2\" content=\"1 minuto\" \/>\n<script type=\"application\/ld+json\" class=\"yoast-schema-graph\">{\"@context\":\"https:\/\/schema.org\",\"@graph\":[{\"@type\":\"Article\",\"@id\":\"https:\/\/noticiasemdestaque.com\/cd\/?p=15113#article\",\"isPartOf\":{\"@id\":\"https:\/\/noticiasemdestaque.com\/cd\/?p=15113\"},\"author\":{\"name\":\"Not\u00edcias em Destaque\",\"@id\":\"https:\/\/noticiasemdestaque.com\/cd\/#\/schema\/person\/47f7d4f55eec17c6b2ca036c5500f6ce\"},\"headline\":\"Secret\u00e1rias de Sa\u00fade de Monteiro \u00e9 eleita Presidente da CIR do Cariri Ocidental\",\"datePublished\":\"2019-01-26T00:08:14+00:00\",\"mainEntityOfPage\":{\"@id\":\"https:\/\/noticiasemdestaque.com\/cd\/?p=15113\"},\"wordCount\":251,\"publisher\":{\"@id\":\"https:\/\/noticiasemdestaque.com\/cd\/#organization\"},\"image\":{\"@id\":\"https:\/\/noticiasemdestaque.com\/cd\/?p=15113#primaryimage\"},\"thumbnailUrl\":\"https:\/\/noticiasemdestaque.com\/cd\/wp-content\/uploads\/2019\/01\/Eleitas.jpeg\",\"articleSection\":[\"Sa\u00fade\"],\"inLanguage\":\"pt-BR\"},{\"@type\":\"WebPage\",\"@id\":\"https:\/\/noticiasemdestaque.com\/cd\/?p=15113\",\"url\":\"https:\/\/noticiasemdestaque.com\/cd\/?p=15113\",\"name\":\"Secret\u00e1rias de Sa\u00fade de Monteiro \u00e9 eleita Presidente da CIR do Cariri Ocidental - Not&iacute;cias em Destaque\",\"isPartOf\":{\"@id\":\"https:\/\/noticiasemdestaque.com\/cd\/#website\"},\"primaryImageOfPage\":{\"@id\":\"https:\/\/noticiasemdestaque.com\/cd\/?p=15113#primaryimage\"},\"image\":{\"@id\":\"https:\/\/noticiasemdestaque.com\/cd\/?p=15113#primaryimage\"},\"thumbnailUrl\":\"https:\/\/noticiasemdestaque.com\/cd\/wp-content\/uploads\/2019\/01\/Eleitas.jpeg\",\"datePublished\":\"2019-01-26T00:08:14+00:00\",\"breadcrumb\":{\"@id\":\"https:\/\/noticiasemdestaque.com\/cd\/?p=15113#breadcrumb\"},\"inLanguage\":\"pt-BR\",\"potentialAction\":[{\"@type\":\"ReadAction\",\"target\":[\"https:\/\/noticiasemdestaque.com\/cd\/?p=15113\"]}]},{\"@type\":\"ImageObject\",\"inLanguage\":\"pt-BR\",\"@id\":\"https:\/\/noticiasemdestaque.com\/cd\/?p=15113#primaryimage\",\"url\":\"https:\/\/noticiasemdestaque.com\/cd\/wp-content\/uploads\/2019\/01\/Eleitas.jpeg\",\"contentUrl\":\"https:\/\/noticiasemdestaque.com\/cd\/wp-content\/uploads\/2019\/01\/Eleitas.jpeg\",\"width\":240,\"height\":197},{\"@type\":\"BreadcrumbList\",\"@id\":\"https:\/\/noticiasemdestaque.com\/cd\/?p=15113#breadcrumb\",\"itemListElement\":[{\"@type\":\"ListItem\",\"position\":1,\"name\":\"In\u00edcio\",\"item\":\"https:\/\/noticiasemdestaque.com\/cd\/\"},{\"@type\":\"ListItem\",\"position\":2,\"name\":\"Secret\u00e1rias de Sa\u00fade de Monteiro \u00e9 eleita Presidente da CIR do Cariri Ocidental\"}]},{\"@type\":\"WebSite\",\"@id\":\"https:\/\/noticiasemdestaque.com\/cd\/#website\",\"url\":\"https:\/\/noticiasemdestaque.com\/cd\/\",\"name\":\"Not&iacute;cias em Destaque\",\"description\":\"\",\"publisher\":{\"@id\":\"https:\/\/noticiasemdestaque.com\/cd\/#organization\"},\"potentialAction\":[{\"@type\":\"SearchAction\",\"target\":{\"@type\":\"EntryPoint\",\"urlTemplate\":\"https:\/\/noticiasemdestaque.com\/cd\/?s={search_term_string}\"},\"query-input\":{\"@type\":\"PropertyValueSpecification\",\"valueRequired\":true,\"valueName\":\"search_term_string\"}}],\"inLanguage\":\"pt-BR\"},{\"@type\":\"Organization\",\"@id\":\"https:\/\/noticiasemdestaque.com\/cd\/#organization\",\"name\":\"Not\u00edcias em Destaque\",\"url\":\"https:\/\/noticiasemdestaque.com\/cd\/\",\"logo\":{\"@type\":\"ImageObject\",\"inLanguage\":\"pt-BR\",\"@id\":\"https:\/\/noticiasemdestaque.com\/cd\/#\/schema\/logo\/image\/\",\"url\":\"https:\/\/noticiasemdestaque.com\/cd\/wp-content\/uploads\/2022\/05\/imagem-base-noticiasemdestaque.png\",\"contentUrl\":\"https:\/\/noticiasemdestaque.com\/cd\/wp-content\/uploads\/2022\/05\/imagem-base-noticiasemdestaque.png\",\"width\":1200,\"height\":630,\"caption\":\"Not\u00edcias em Destaque\"},\"image\":{\"@id\":\"https:\/\/noticiasemdestaque.com\/cd\/#\/schema\/logo\/image\/\"}},{\"@type\":\"Person\",\"@id\":\"https:\/\/noticiasemdestaque.com\/cd\/#\/schema\/person\/47f7d4f55eec17c6b2ca036c5500f6ce\",\"name\":\"Not\u00edcias em Destaque\",\"url\":\"https:\/\/noticiasemdestaque.com\/cd\/?author=2\"}]}<\/script>\n<!-- \/ Yoast SEO plugin. -->","yoast_head_json":{"title":"Secret\u00e1rias de Sa\u00fade de Monteiro \u00e9 eleita Presidente da CIR do Cariri Ocidental - Not&iacute;cias em Destaque","robots":{"index":"index","follow":"follow","max-snippet":"max-snippet:-1","max-image-preview":"max-image-preview:large","max-video-preview":"max-video-preview:-1"},"canonical":"https:\/\/noticiasemdestaque.com\/cd\/?p=15113","og_locale":"pt_BR","og_type":"article","og_title":"Secret\u00e1rias de Sa\u00fade de Monteiro \u00e9 eleita Presidente da CIR do Cariri Ocidental - Not&iacute;cias em Destaque","og_description":"Os Secret\u00e1rios de Sa\u00fade do Cariri Ocidental participaram da elei\u00e7\u00e3o do CIR &#8211; Comiss\u00e3o Intergestora Regional\u00a0 elegendo Ana Paula Oliveira do munic\u00edpio de Monteiro como presidente. As CIR \u2013 Comiss\u00f5es Intergestores Regionais s\u00e3o tamb\u00e9m f\u00f3runs privilegiados para a negocia\u00e7\u00e3o, pactua\u00e7\u00e3o, planejamento e avalia\u00e7\u00e3o da Gest\u00e3o das Pol\u00edticas de Sa\u00fade no Estado entre as Secretarias Municipais de Sa\u00fade\/SMS, atrav\u00e9s de seus gestores municipais de sa\u00fade, e as Secretarias de Estado da Sa\u00fade. A 5\u00aa CIR \u2013 Comiss\u00e3o Intergestores Cariri Ocidental que \u00e9 composto por 17 munic\u00edpios da regi\u00e3o \u00e9 um \u00f3rg\u00e3o de instancia colegiada, n\u00e3o-partid\u00e1rio, cujas decis\u00f5es s\u00e3o tomadas por consenso, constituindo-se em um espa\u00e7o de planejamento e pactua\u00e7\u00e3o entre os gestores municipais de sa\u00fade. Compondo ainda a Comiss\u00e3o, para a vice-presid\u00eancia foi eleita Petrushka Bezerra que \u00e9 Secret\u00e1ria de Sa\u00fade do munic\u00edpio de S\u00e3o Jos\u00e9 dos Cordeiros. A elei\u00e7\u00e3o, aconteceu dentro da reuni\u00e3o dos secret\u00e1rios, realizada nessa quinta feira (24),na cidade de Monteiro. A CIR do Cariri Ocidental \u00e9 composta pelos munic\u00edpios de Amparo, Camala\u00fa, Cara\u00fabas, Congo, Coxixola, Gurj\u00e3o, Monteiro, Ouro Velho,Parari, Prata,\u00a0 S\u00e3o Jo\u00e3o do Cariri, S\u00e3o Jo\u00e3o do Tigre, S\u00e3o Jos\u00e9 dos Cordeiros, S\u00e3o Sebasti\u00e3o do Umbuzeiro, Serra Branca, Sum\u00e9 e Zabel\u00ea.","og_url":"https:\/\/noticiasemdestaque.com\/cd\/?p=15113","og_site_name":"Not&iacute;cias em Destaque","article_published_time":"2019-01-26T00:08:14+00:00","og_image":[{"width":240,"height":197,"url":"https:\/\/noticiasemdestaque.com\/cd\/wp-content\/uploads\/2019\/01\/Eleitas.jpeg","type":"image\/jpeg"}],"author":"Not\u00edcias em Destaque","twitter_card":"summary_large_image","twitter_misc":{"Escrito por":"Not\u00edcias em Destaque","Est. tempo de leitura":"1 minuto"},"schema":{"@context":"https:\/\/schema.org","@graph":[{"@type":"Article","@id":"https:\/\/noticiasemdestaque.com\/cd\/?p=15113#article","isPartOf":{"@id":"https:\/\/noticiasemdestaque.com\/cd\/?p=15113"},"author":{"name":"Not\u00edcias em Destaque","@id":"https:\/\/noticiasemdestaque.com\/cd\/#\/schema\/person\/47f7d4f55eec17c6b2ca036c5500f6ce"},"headline":"Secret\u00e1rias de Sa\u00fade de Monteiro \u00e9 eleita Presidente da CIR do Cariri Ocidental","datePublished":"2019-01-26T00:08:14+00:00","mainEntityOfPage":{"@id":"https:\/\/noticiasemdestaque.com\/cd\/?p=15113"},"wordCount":251,"publisher":{"@id":"https:\/\/noticiasemdestaque.com\/cd\/#organization"},"image":{"@id":"https:\/\/noticiasemdestaque.com\/cd\/?p=15113#primaryimage"},"thumbnailUrl":"https:\/\/noticiasemdestaque.com\/cd\/wp-content\/uploads\/2019\/01\/Eleitas.jpeg","articleSection":["Sa\u00fade"],"inLanguage":"pt-BR"},{"@type":"WebPage","@id":"https:\/\/noticiasemdestaque.com\/cd\/?p=15113","url":"https:\/\/noticiasemdestaque.com\/cd\/?p=15113","name":"Secret\u00e1rias de Sa\u00fade de Monteiro \u00e9 eleita Presidente da CIR do Cariri Ocidental - Not&iacute;cias em Destaque","isPartOf":{"@id":"https:\/\/noticiasemdestaque.com\/cd\/#website"},"primaryImageOfPage":{"@id":"https:\/\/noticiasemdestaque.com\/cd\/?p=15113#primaryimage"},"image":{"@id":"https:\/\/noticiasemdestaque.com\/cd\/?p=15113#primaryimage"},"thumbnailUrl":"https:\/\/noticiasemdestaque.com\/cd\/wp-content\/uploads\/2019\/01\/Eleitas.jpeg","datePublished":"2019-01-26T00:08:14+00:00","breadcrumb":{"@id":"https:\/\/noticiasemdestaque.com\/cd\/?p=15113#breadcrumb"},"inLanguage":"pt-BR","potentialAction":[{"@type":"ReadAction","target":["https:\/\/noticiasemdestaque.com\/cd\/?p=15113"]}]},{"@type":"ImageObject","inLanguage":"pt-BR","@id":"https:\/\/noticiasemdestaque.com\/cd\/?p=15113#primaryimage","url":"https:\/\/noticiasemdestaque.com\/cd\/wp-content\/uploads\/2019\/01\/Eleitas.jpeg","contentUrl":"https:\/\/noticiasemdestaque.com\/cd\/wp-content\/uploads\/2019\/01\/Eleitas.jpeg","width":240,"height":197},{"@type":"BreadcrumbList","@id":"https:\/\/noticiasemdestaque.com\/cd\/?p=15113#breadcrumb","itemListElement":[{"@type":"ListItem","position":1,"name":"In\u00edcio","item":"https:\/\/noticiasemdestaque.com\/cd\/"},{"@type":"ListItem","position":2,"name":"Secret\u00e1rias de Sa\u00fade de Monteiro \u00e9 eleita Presidente da CIR do Cariri Ocidental"}]},{"@type":"WebSite","@id":"https:\/\/noticiasemdestaque.com\/cd\/#website","url":"https:\/\/noticiasemdestaque.com\/cd\/","name":"Not&iacute;cias em Destaque","description":"","publisher":{"@id":"https:\/\/noticiasemdestaque.com\/cd\/#organization"},"potentialAction":[{"@type":"SearchAction","target":{"@type":"EntryPoint","urlTemplate":"https:\/\/noticiasemdestaque.com\/cd\/?s={search_term_string}"},"query-input":{"@type":"PropertyValueSpecification","valueRequired":true,"valueName":"search_term_string"}}],"inLanguage":"pt-BR"},{"@type":"Organization","@id":"https:\/\/noticiasemdestaque.com\/cd\/#organization","name":"Not\u00edcias em Destaque","url":"https:\/\/noticiasemdestaque.com\/cd\/","logo":{"@type":"ImageObject","inLanguage":"pt-BR","@id":"https:\/\/noticiasemdestaque.com\/cd\/#\/schema\/logo\/image\/","url":"https:\/\/noticiasemdestaque.com\/cd\/wp-content\/uploads\/2022\/05\/imagem-base-noticiasemdestaque.png","contentUrl":"https:\/\/noticiasemdestaque.com\/cd\/wp-content\/uploads\/2022\/05\/imagem-base-noticiasemdestaque.png","width":1200,"height":630,"caption":"Not\u00edcias em Destaque"},"image":{"@id":"https:\/\/noticiasemdestaque.com\/cd\/#\/schema\/logo\/image\/"}},{"@type":"Person","@id":"https:\/\/noticiasemdestaque.com\/cd\/#\/schema\/person\/47f7d4f55eec17c6b2ca036c5500f6ce","name":"Not\u00edcias em Destaque","url":"https:\/\/noticiasemdestaque.com\/cd\/?author=2"}]}},"jetpack_featured_media_url":"https:\/\/noticiasemdestaque.com\/cd\/wp-content\/uploads\/2019\/01\/Eleitas.jpeg","jetpack_sharing_enabled":true,"_links":{"self":[{"href":"https:\/\/noticiasemdestaque.com\/cd\/index.php?rest_route=\/wp\/v2\/posts\/15113","targetHints":{"allow":["GET"]}}],"collection":[{"href":"https:\/\/noticiasemdestaque.com\/cd\/index.php?rest_route=\/wp\/v2\/posts"}],"about":[{"href":"https:\/\/noticiasemdestaque.com\/cd\/index.php?rest_route=\/wp\/v2\/types\/post"}],"author":[{"embeddable":true,"href":"https:\/\/noticiasemdestaque.com\/cd\/index.php?rest_route=\/wp\/v2\/users\/2"}],"replies":[{"embeddable":true,"href":"https:\/\/noticiasemdestaque.com\/cd\/index.php?rest_route=%2Fwp%2Fv2%2Fcomments&post=15113"}],"version-history":[{"count":1,"href":"https:\/\/noticiasemdestaque.com\/cd\/index.php?rest_route=\/wp\/v2\/posts\/15113\/revisions"}],"predecessor-version":[{"id":15115,"href":"https:\/\/noticiasemdestaque.com\/cd\/index.php?rest_route=\/wp\/v2\/posts\/15113\/revisions\/15115"}],"wp:featuredmedia":[{"embeddable":true,"href":"https:\/\/noticiasemdestaque.com\/cd\/index.php?rest_route=\/wp\/v2\/media\/15114"}],"wp:attachment":[{"href":"https:\/\/noticiasemdestaque.com\/cd\/index.php?rest_route=%2Fwp%2Fv2%2Fmedia&parent=15113"}],"wp:term":[{"taxonomy":"category","embeddable":true,"href":"https:\/\/noticiasemdestaque.com\/cd\/index.php?rest_route=%2Fwp%2Fv2%2Fcategories&post=15113"},{"taxonomy":"post_tag","embeddable":true,"href":"https:\/\/noticiasemdestaque.com\/cd\/index.php?rest_route=%2Fwp%2Fv2%2Ftags&post=15113"}],"curies":[{"name":"wp","href":"https:\/\/api.w.org\/{rel}","templated":true}]}}