{"id":15110,"date":"2019-01-25T21:04:08","date_gmt":"2019-01-26T00:04:08","guid":{"rendered":"http:\/\/noticiasemdestaque.com\/cd\/?p=15110"},"modified":"2019-01-25T21:04:08","modified_gmt":"2019-01-26T00:04:08","slug":"prefeita-de-monteiro-equipe-de-governo-e-vereadores-participam-de-reuniao-na-zona-rural","status":"publish","type":"post","link":"https:\/\/noticiasemdestaque.com\/cd\/?p=15110","title":{"rendered":"Prefeita de Monteiro, equipe de governo e vereadores participam de reuni\u00e3o na zona rural"},"content":{"rendered":"<p><a href=\"https:\/\/noticiasemdestaque.com\/cd\/wp-content\/uploads\/2019\/01\/Reuni\u00e3o-zona-rural-1.jpeg\"><img fetchpriority=\"high\" decoding=\"async\" class=\"wp-image-15111 aligncenter\" src=\"https:\/\/noticiasemdestaque.com\/cd\/wp-content\/uploads\/2019\/01\/Reuni\u00e3o-zona-rural-1-1024x681.jpeg\" alt=\"\" width=\"502\" height=\"334\" srcset=\"https:\/\/noticiasemdestaque.com\/cd\/wp-content\/uploads\/2019\/01\/Reuni\u00e3o-zona-rural-1-1024x681.jpeg 1024w, https:\/\/noticiasemdestaque.com\/cd\/wp-content\/uploads\/2019\/01\/Reuni\u00e3o-zona-rural-1-300x199.jpeg 300w, https:\/\/noticiasemdestaque.com\/cd\/wp-content\/uploads\/2019\/01\/Reuni\u00e3o-zona-rural-1-768x511.jpeg 768w, https:\/\/noticiasemdestaque.com\/cd\/wp-content\/uploads\/2019\/01\/Reuni\u00e3o-zona-rural-1-480x320.jpeg 480w, https:\/\/noticiasemdestaque.com\/cd\/wp-content\/uploads\/2019\/01\/Reuni\u00e3o-zona-rural-1.jpeg 1280w\" sizes=\"(max-width: 502px) 100vw, 502px\" \/><\/a><\/p>\n<p>A prefeita do munic\u00edpio de Monteiro, Anna Lorena, juntamente com a equipe de secret\u00e1rios e vereadores, participou na noite da \u00faltima quarta-feira, 23, da continua\u00e7\u00e3o da rodada de reuni\u00f5es na zona rural.<\/p>\n<p>A associa\u00e7\u00e3o da comunidade escolhida para a a\u00e7\u00e3o foi o S\u00edtio Alagoa Grande. Na reuni\u00e3o, com massiva participa\u00e7\u00e3o da popula\u00e7\u00e3o do local e de comunidades adjacentes, os mun\u00edcipes puderam fazer suas solicita\u00e7\u00f5es e obter informa\u00e7\u00f5es a cerca dos servi\u00e7os da prestados pela Prefeitura.<\/p>\n<p>Cada secret\u00e1rio e vereador pode explanar sobre as solicita\u00e7\u00f5es onde a prefeita Anna Lorena de pronto fez quest\u00e3o de ouvir e falar sobre prazos e possibilidades de implanta\u00e7\u00e3o de alguns benef\u00edcios solicitados.<\/p>\n<p>Uma das solicita\u00e7\u00f5es mais enf\u00e1ticas foi sobre a constru\u00e7\u00e3o de barragens subterr\u00e2neas. Anna Lorena frisou que j\u00e1 est\u00e1 em seus planos o pedido junto ao Governo do Estado e ainda sobre o abastecimento, um dos projetos j\u00e1 est\u00e1 em fase de avalia\u00e7\u00e3o de viabilidade t\u00e9cnica. Ainda houve a informa\u00e7\u00e3o por parte da representante do PROCASE, que o munic\u00edpio havia sido beneficiado com 20 barragens subterr\u00e2neas, por\u00e9m, a execu\u00e7\u00e3o do servi\u00e7o n\u00e3o se deu devido a contrapartida municipal inexistente em gest\u00f5es passadas.<\/p>\n<p>Ainda na oportunidade houve solicita\u00e7\u00f5es com rela\u00e7\u00e3o a servi\u00e7os de sa\u00fade como mamografias, educa\u00e7\u00e3o, demandas de l\u00e2mpadas, passagens molhadas e estradas, tendo a gestora afirmado o seguinte: \u201c\u00c9 de muita import\u00e2ncia a participa\u00e7\u00e3o de todos,estamos aqui e fazemos quest\u00e3o de ouvir cada um e j\u00e1 agradecemos \u00e0 presen\u00e7a de Josiane que est\u00e1 representando o Governo do Estado, e vamos junto com a Secretaria de Planejamento fazer o poss\u00edvel\u00a0 para solucionar o m\u00e1ximo do que voc\u00eas nos pedem\u201d.<\/p>\n<p>As reuni\u00f5es com a presen\u00e7a da prefeita, equipe de governo e vereadores acontecem a cada 15 dias e a previs\u00e3o \u00e9 que at\u00e9 o final do ano todas as comunidades sejam visitadas e escutadas. \u201cEstamos fazendo uma esp\u00e9cie de Or\u00e7amento Democr\u00e1tico, onde o pleito da sociedade \u00e9 o mais importante, pois, a comunidade \u00e9 o real conhecedor da realidade do local\u201d, coloca Lorena.<\/p>\n<p>A prefeita finalizou dizendo \u201cO nosso empenho, ser\u00e1 pela manh\u00e3, tarde e noite para que os pleitos cheguem at\u00e9 voc\u00eas. N\u00e3o e f\u00e1cil, mas temos o intu\u00eddo de fazer sempre o melhor para cada cidad\u00e3o monteirense. Nosso lema \u00e9 um di\u00e1logo pr\u00f3ximo ao povo para a constru\u00e7\u00e3o de uma cidade cada vez melhor\u201d.<\/p>\n","protected":false},"excerpt":{"rendered":"<p>A prefeita do munic\u00edpio de Monteiro, Anna Lorena, juntamente com a equipe de secret\u00e1rios e vereadores, participou na noite da \u00faltima quarta-feira, 23, da continua\u00e7\u00e3o da rodada de reuni\u00f5es na zona rural. A associa\u00e7\u00e3o da comunidade escolhida para a a\u00e7\u00e3o foi o S\u00edtio Alagoa Grande. Na reuni\u00e3o, com massiva participa\u00e7\u00e3o da popula\u00e7\u00e3o do local e de comunidades adjacentes, os mun\u00edcipes puderam fazer suas solicita\u00e7\u00f5es e obter informa\u00e7\u00f5es a cerca dos servi\u00e7os da prestados pela Prefeitura. Cada secret\u00e1rio e vereador pode explanar sobre as solicita\u00e7\u00f5es onde a prefeita Anna Lorena de pronto fez quest\u00e3o de ouvir e falar sobre prazos e possibilidades de implanta\u00e7\u00e3o de alguns benef\u00edcios solicitados. Uma das solicita\u00e7\u00f5es mais enf\u00e1ticas foi sobre a constru\u00e7\u00e3o de barragens subterr\u00e2neas. Anna Lorena frisou que j\u00e1 est\u00e1 em seus planos o pedido junto ao Governo do Estado e ainda sobre o abastecimento, um dos projetos j\u00e1 est\u00e1 em fase de avalia\u00e7\u00e3o de viabilidade t\u00e9cnica. Ainda houve a informa\u00e7\u00e3o por parte da representante do PROCASE, que o munic\u00edpio havia sido beneficiado com 20 barragens subterr\u00e2neas, por\u00e9m, a execu\u00e7\u00e3o do servi\u00e7o n\u00e3o se deu devido a contrapartida municipal inexistente em gest\u00f5es passadas. Ainda na oportunidade houve solicita\u00e7\u00f5es com rela\u00e7\u00e3o a servi\u00e7os de sa\u00fade como mamografias, educa\u00e7\u00e3o, demandas de l\u00e2mpadas, passagens molhadas e estradas, tendo a gestora afirmado o seguinte: \u201c\u00c9 de muita import\u00e2ncia a participa\u00e7\u00e3o de todos,estamos aqui e fazemos quest\u00e3o de ouvir cada um e j\u00e1 agradecemos \u00e0 presen\u00e7a de Josiane que est\u00e1 representando o Governo do Estado, e vamos junto com a Secretaria de Planejamento fazer o poss\u00edvel\u00a0 para solucionar o m\u00e1ximo do que voc\u00eas nos pedem\u201d. As reuni\u00f5es com a presen\u00e7a da prefeita, equipe de governo e vereadores acontecem a cada 15 dias e a previs\u00e3o \u00e9 que at\u00e9 o final do ano todas as comunidades sejam visitadas e escutadas. \u201cEstamos fazendo uma esp\u00e9cie de Or\u00e7amento Democr\u00e1tico, onde o pleito da sociedade \u00e9 o mais importante, pois, a comunidade \u00e9 o real conhecedor da realidade do local\u201d, coloca Lorena. A prefeita finalizou dizendo \u201cO nosso empenho, ser\u00e1 pela manh\u00e3, tarde e noite para que os pleitos cheguem at\u00e9 voc\u00eas. N\u00e3o e f\u00e1cil, mas temos o intu\u00eddo de fazer sempre o melhor para cada cidad\u00e3o monteirense. Nosso lema \u00e9 um di\u00e1logo pr\u00f3ximo ao povo para a constru\u00e7\u00e3o de uma cidade cada vez melhor\u201d.<\/p>\n","protected":false},"author":2,"featured_media":15111,"comment_status":"closed","ping_status":"open","sticky":false,"template":"","format":"standard","meta":{"_eb_attr":"","_jetpack_memberships_contains_paid_content":false,"footnotes":""},"categories":[4],"tags":[],"class_list":["post-15110","post","type-post","status-publish","format-standard","has-post-thumbnail","hentry","category-politica"],"yoast_head":"<!-- This site is optimized with the Yoast SEO plugin v26.5 - https:\/\/yoast.com\/wordpress\/plugins\/seo\/ -->\n<title>Prefeita de Monteiro, equipe de governo e vereadores participam de reuni\u00e3o na zona rural - Not&iacute;cias em Destaque<\/title>\n<meta name=\"robots\" content=\"index, follow, max-snippet:-1, max-image-preview:large, max-video-preview:-1\" \/>\n<link rel=\"canonical\" href=\"https:\/\/noticiasemdestaque.com\/cd\/?p=15110\" \/>\n<meta property=\"og:locale\" content=\"pt_BR\" \/>\n<meta property=\"og:type\" content=\"article\" \/>\n<meta property=\"og:title\" content=\"Prefeita de Monteiro, equipe de governo e vereadores participam de reuni\u00e3o na zona rural - Not&iacute;cias em Destaque\" \/>\n<meta property=\"og:description\" content=\"A prefeita do munic\u00edpio de Monteiro, Anna Lorena, juntamente com a equipe de secret\u00e1rios e vereadores, participou na noite da \u00faltima quarta-feira, 23, da continua\u00e7\u00e3o da rodada de reuni\u00f5es na zona rural. A associa\u00e7\u00e3o da comunidade escolhida para a a\u00e7\u00e3o foi o S\u00edtio Alagoa Grande. Na reuni\u00e3o, com massiva participa\u00e7\u00e3o da popula\u00e7\u00e3o do local e de comunidades adjacentes, os mun\u00edcipes puderam fazer suas solicita\u00e7\u00f5es e obter informa\u00e7\u00f5es a cerca dos servi\u00e7os da prestados pela Prefeitura. Cada secret\u00e1rio e vereador pode explanar sobre as solicita\u00e7\u00f5es onde a prefeita Anna Lorena de pronto fez quest\u00e3o de ouvir e falar sobre prazos e possibilidades de implanta\u00e7\u00e3o de alguns benef\u00edcios solicitados. Uma das solicita\u00e7\u00f5es mais enf\u00e1ticas foi sobre a constru\u00e7\u00e3o de barragens subterr\u00e2neas. Anna Lorena frisou que j\u00e1 est\u00e1 em seus planos o pedido junto ao Governo do Estado e ainda sobre o abastecimento, um dos projetos j\u00e1 est\u00e1 em fase de avalia\u00e7\u00e3o de viabilidade t\u00e9cnica. Ainda houve a informa\u00e7\u00e3o por parte da representante do PROCASE, que o munic\u00edpio havia sido beneficiado com 20 barragens subterr\u00e2neas, por\u00e9m, a execu\u00e7\u00e3o do servi\u00e7o n\u00e3o se deu devido a contrapartida municipal inexistente em gest\u00f5es passadas. Ainda na oportunidade houve solicita\u00e7\u00f5es com rela\u00e7\u00e3o a servi\u00e7os de sa\u00fade como mamografias, educa\u00e7\u00e3o, demandas de l\u00e2mpadas, passagens molhadas e estradas, tendo a gestora afirmado o seguinte: \u201c\u00c9 de muita import\u00e2ncia a participa\u00e7\u00e3o de todos,estamos aqui e fazemos quest\u00e3o de ouvir cada um e j\u00e1 agradecemos \u00e0 presen\u00e7a de Josiane que est\u00e1 representando o Governo do Estado, e vamos junto com a Secretaria de Planejamento fazer o poss\u00edvel\u00a0 para solucionar o m\u00e1ximo do que voc\u00eas nos pedem\u201d. As reuni\u00f5es com a presen\u00e7a da prefeita, equipe de governo e vereadores acontecem a cada 15 dias e a previs\u00e3o \u00e9 que at\u00e9 o final do ano todas as comunidades sejam visitadas e escutadas. \u201cEstamos fazendo uma esp\u00e9cie de Or\u00e7amento Democr\u00e1tico, onde o pleito da sociedade \u00e9 o mais importante, pois, a comunidade \u00e9 o real conhecedor da realidade do local\u201d, coloca Lorena. A prefeita finalizou dizendo \u201cO nosso empenho, ser\u00e1 pela manh\u00e3, tarde e noite para que os pleitos cheguem at\u00e9 voc\u00eas. N\u00e3o e f\u00e1cil, mas temos o intu\u00eddo de fazer sempre o melhor para cada cidad\u00e3o monteirense. Nosso lema \u00e9 um di\u00e1logo pr\u00f3ximo ao povo para a constru\u00e7\u00e3o de uma cidade cada vez melhor\u201d.\" \/>\n<meta property=\"og:url\" content=\"https:\/\/noticiasemdestaque.com\/cd\/?p=15110\" \/>\n<meta property=\"og:site_name\" content=\"Not&iacute;cias em Destaque\" \/>\n<meta property=\"article:published_time\" content=\"2019-01-26T00:04:08+00:00\" \/>\n<meta property=\"og:image\" content=\"https:\/\/noticiasemdestaque.com\/cd\/wp-content\/uploads\/2019\/01\/Reuni\u00e3o-zona-rural-1.jpeg\" \/>\n\t<meta property=\"og:image:width\" content=\"1280\" \/>\n\t<meta property=\"og:image:height\" content=\"851\" \/>\n\t<meta property=\"og:image:type\" content=\"image\/jpeg\" \/>\n<meta name=\"author\" content=\"Not\u00edcias em Destaque\" \/>\n<meta name=\"twitter:card\" content=\"summary_large_image\" \/>\n<meta name=\"twitter:label1\" content=\"Escrito por\" \/>\n\t<meta name=\"twitter:data1\" content=\"Not\u00edcias em Destaque\" \/>\n\t<meta name=\"twitter:label2\" content=\"Est. tempo de leitura\" \/>\n\t<meta name=\"twitter:data2\" content=\"2 minutos\" \/>\n<script type=\"application\/ld+json\" class=\"yoast-schema-graph\">{\"@context\":\"https:\/\/schema.org\",\"@graph\":[{\"@type\":\"Article\",\"@id\":\"https:\/\/noticiasemdestaque.com\/cd\/?p=15110#article\",\"isPartOf\":{\"@id\":\"https:\/\/noticiasemdestaque.com\/cd\/?p=15110\"},\"author\":{\"name\":\"Not\u00edcias em Destaque\",\"@id\":\"https:\/\/noticiasemdestaque.com\/cd\/#\/schema\/person\/47f7d4f55eec17c6b2ca036c5500f6ce\"},\"headline\":\"Prefeita de Monteiro, equipe de governo e vereadores participam de reuni\u00e3o na zona rural\",\"datePublished\":\"2019-01-26T00:04:08+00:00\",\"mainEntityOfPage\":{\"@id\":\"https:\/\/noticiasemdestaque.com\/cd\/?p=15110\"},\"wordCount\":448,\"publisher\":{\"@id\":\"https:\/\/noticiasemdestaque.com\/cd\/#organization\"},\"image\":{\"@id\":\"https:\/\/noticiasemdestaque.com\/cd\/?p=15110#primaryimage\"},\"thumbnailUrl\":\"https:\/\/noticiasemdestaque.com\/cd\/wp-content\/uploads\/2019\/01\/Reuni\u00e3o-zona-rural-1.jpeg\",\"articleSection\":[\"Pol\u00edtica\"],\"inLanguage\":\"pt-BR\"},{\"@type\":\"WebPage\",\"@id\":\"https:\/\/noticiasemdestaque.com\/cd\/?p=15110\",\"url\":\"https:\/\/noticiasemdestaque.com\/cd\/?p=15110\",\"name\":\"Prefeita de Monteiro, equipe de governo e vereadores participam de reuni\u00e3o na zona rural - Not&iacute;cias em Destaque\",\"isPartOf\":{\"@id\":\"https:\/\/noticiasemdestaque.com\/cd\/#website\"},\"primaryImageOfPage\":{\"@id\":\"https:\/\/noticiasemdestaque.com\/cd\/?p=15110#primaryimage\"},\"image\":{\"@id\":\"https:\/\/noticiasemdestaque.com\/cd\/?p=15110#primaryimage\"},\"thumbnailUrl\":\"https:\/\/noticiasemdestaque.com\/cd\/wp-content\/uploads\/2019\/01\/Reuni\u00e3o-zona-rural-1.jpeg\",\"datePublished\":\"2019-01-26T00:04:08+00:00\",\"breadcrumb\":{\"@id\":\"https:\/\/noticiasemdestaque.com\/cd\/?p=15110#breadcrumb\"},\"inLanguage\":\"pt-BR\",\"potentialAction\":[{\"@type\":\"ReadAction\",\"target\":[\"https:\/\/noticiasemdestaque.com\/cd\/?p=15110\"]}]},{\"@type\":\"ImageObject\",\"inLanguage\":\"pt-BR\",\"@id\":\"https:\/\/noticiasemdestaque.com\/cd\/?p=15110#primaryimage\",\"url\":\"https:\/\/noticiasemdestaque.com\/cd\/wp-content\/uploads\/2019\/01\/Reuni\u00e3o-zona-rural-1.jpeg\",\"contentUrl\":\"https:\/\/noticiasemdestaque.com\/cd\/wp-content\/uploads\/2019\/01\/Reuni\u00e3o-zona-rural-1.jpeg\",\"width\":1280,\"height\":851},{\"@type\":\"BreadcrumbList\",\"@id\":\"https:\/\/noticiasemdestaque.com\/cd\/?p=15110#breadcrumb\",\"itemListElement\":[{\"@type\":\"ListItem\",\"position\":1,\"name\":\"In\u00edcio\",\"item\":\"https:\/\/noticiasemdestaque.com\/cd\/\"},{\"@type\":\"ListItem\",\"position\":2,\"name\":\"Prefeita de Monteiro, equipe de governo e vereadores participam de reuni\u00e3o na zona rural\"}]},{\"@type\":\"WebSite\",\"@id\":\"https:\/\/noticiasemdestaque.com\/cd\/#website\",\"url\":\"https:\/\/noticiasemdestaque.com\/cd\/\",\"name\":\"Not&iacute;cias em Destaque\",\"description\":\"\",\"publisher\":{\"@id\":\"https:\/\/noticiasemdestaque.com\/cd\/#organization\"},\"potentialAction\":[{\"@type\":\"SearchAction\",\"target\":{\"@type\":\"EntryPoint\",\"urlTemplate\":\"https:\/\/noticiasemdestaque.com\/cd\/?s={search_term_string}\"},\"query-input\":{\"@type\":\"PropertyValueSpecification\",\"valueRequired\":true,\"valueName\":\"search_term_string\"}}],\"inLanguage\":\"pt-BR\"},{\"@type\":\"Organization\",\"@id\":\"https:\/\/noticiasemdestaque.com\/cd\/#organization\",\"name\":\"Not\u00edcias em Destaque\",\"url\":\"https:\/\/noticiasemdestaque.com\/cd\/\",\"logo\":{\"@type\":\"ImageObject\",\"inLanguage\":\"pt-BR\",\"@id\":\"https:\/\/noticiasemdestaque.com\/cd\/#\/schema\/logo\/image\/\",\"url\":\"https:\/\/noticiasemdestaque.com\/cd\/wp-content\/uploads\/2022\/05\/imagem-base-noticiasemdestaque.png\",\"contentUrl\":\"https:\/\/noticiasemdestaque.com\/cd\/wp-content\/uploads\/2022\/05\/imagem-base-noticiasemdestaque.png\",\"width\":1200,\"height\":630,\"caption\":\"Not\u00edcias em Destaque\"},\"image\":{\"@id\":\"https:\/\/noticiasemdestaque.com\/cd\/#\/schema\/logo\/image\/\"}},{\"@type\":\"Person\",\"@id\":\"https:\/\/noticiasemdestaque.com\/cd\/#\/schema\/person\/47f7d4f55eec17c6b2ca036c5500f6ce\",\"name\":\"Not\u00edcias em Destaque\",\"url\":\"https:\/\/noticiasemdestaque.com\/cd\/?author=2\"}]}<\/script>\n<!-- \/ Yoast SEO plugin. -->","yoast_head_json":{"title":"Prefeita de Monteiro, equipe de governo e vereadores participam de reuni\u00e3o na zona rural - Not&iacute;cias em Destaque","robots":{"index":"index","follow":"follow","max-snippet":"max-snippet:-1","max-image-preview":"max-image-preview:large","max-video-preview":"max-video-preview:-1"},"canonical":"https:\/\/noticiasemdestaque.com\/cd\/?p=15110","og_locale":"pt_BR","og_type":"article","og_title":"Prefeita de Monteiro, equipe de governo e vereadores participam de reuni\u00e3o na zona rural - Not&iacute;cias em Destaque","og_description":"A prefeita do munic\u00edpio de Monteiro, Anna Lorena, juntamente com a equipe de secret\u00e1rios e vereadores, participou na noite da \u00faltima quarta-feira, 23, da continua\u00e7\u00e3o da rodada de reuni\u00f5es na zona rural. A associa\u00e7\u00e3o da comunidade escolhida para a a\u00e7\u00e3o foi o S\u00edtio Alagoa Grande. Na reuni\u00e3o, com massiva participa\u00e7\u00e3o da popula\u00e7\u00e3o do local e de comunidades adjacentes, os mun\u00edcipes puderam fazer suas solicita\u00e7\u00f5es e obter informa\u00e7\u00f5es a cerca dos servi\u00e7os da prestados pela Prefeitura. Cada secret\u00e1rio e vereador pode explanar sobre as solicita\u00e7\u00f5es onde a prefeita Anna Lorena de pronto fez quest\u00e3o de ouvir e falar sobre prazos e possibilidades de implanta\u00e7\u00e3o de alguns benef\u00edcios solicitados. Uma das solicita\u00e7\u00f5es mais enf\u00e1ticas foi sobre a constru\u00e7\u00e3o de barragens subterr\u00e2neas. Anna Lorena frisou que j\u00e1 est\u00e1 em seus planos o pedido junto ao Governo do Estado e ainda sobre o abastecimento, um dos projetos j\u00e1 est\u00e1 em fase de avalia\u00e7\u00e3o de viabilidade t\u00e9cnica. Ainda houve a informa\u00e7\u00e3o por parte da representante do PROCASE, que o munic\u00edpio havia sido beneficiado com 20 barragens subterr\u00e2neas, por\u00e9m, a execu\u00e7\u00e3o do servi\u00e7o n\u00e3o se deu devido a contrapartida municipal inexistente em gest\u00f5es passadas. Ainda na oportunidade houve solicita\u00e7\u00f5es com rela\u00e7\u00e3o a servi\u00e7os de sa\u00fade como mamografias, educa\u00e7\u00e3o, demandas de l\u00e2mpadas, passagens molhadas e estradas, tendo a gestora afirmado o seguinte: \u201c\u00c9 de muita import\u00e2ncia a participa\u00e7\u00e3o de todos,estamos aqui e fazemos quest\u00e3o de ouvir cada um e j\u00e1 agradecemos \u00e0 presen\u00e7a de Josiane que est\u00e1 representando o Governo do Estado, e vamos junto com a Secretaria de Planejamento fazer o poss\u00edvel\u00a0 para solucionar o m\u00e1ximo do que voc\u00eas nos pedem\u201d. As reuni\u00f5es com a presen\u00e7a da prefeita, equipe de governo e vereadores acontecem a cada 15 dias e a previs\u00e3o \u00e9 que at\u00e9 o final do ano todas as comunidades sejam visitadas e escutadas. \u201cEstamos fazendo uma esp\u00e9cie de Or\u00e7amento Democr\u00e1tico, onde o pleito da sociedade \u00e9 o mais importante, pois, a comunidade \u00e9 o real conhecedor da realidade do local\u201d, coloca Lorena. A prefeita finalizou dizendo \u201cO nosso empenho, ser\u00e1 pela manh\u00e3, tarde e noite para que os pleitos cheguem at\u00e9 voc\u00eas. N\u00e3o e f\u00e1cil, mas temos o intu\u00eddo de fazer sempre o melhor para cada cidad\u00e3o monteirense. Nosso lema \u00e9 um di\u00e1logo pr\u00f3ximo ao povo para a constru\u00e7\u00e3o de uma cidade cada vez melhor\u201d.","og_url":"https:\/\/noticiasemdestaque.com\/cd\/?p=15110","og_site_name":"Not&iacute;cias em Destaque","article_published_time":"2019-01-26T00:04:08+00:00","og_image":[{"width":1280,"height":851,"url":"https:\/\/noticiasemdestaque.com\/cd\/wp-content\/uploads\/2019\/01\/Reuni\u00e3o-zona-rural-1.jpeg","type":"image\/jpeg"}],"author":"Not\u00edcias em Destaque","twitter_card":"summary_large_image","twitter_misc":{"Escrito por":"Not\u00edcias em Destaque","Est. tempo de leitura":"2 minutos"},"schema":{"@context":"https:\/\/schema.org","@graph":[{"@type":"Article","@id":"https:\/\/noticiasemdestaque.com\/cd\/?p=15110#article","isPartOf":{"@id":"https:\/\/noticiasemdestaque.com\/cd\/?p=15110"},"author":{"name":"Not\u00edcias em Destaque","@id":"https:\/\/noticiasemdestaque.com\/cd\/#\/schema\/person\/47f7d4f55eec17c6b2ca036c5500f6ce"},"headline":"Prefeita de Monteiro, equipe de governo e vereadores participam de reuni\u00e3o na zona rural","datePublished":"2019-01-26T00:04:08+00:00","mainEntityOfPage":{"@id":"https:\/\/noticiasemdestaque.com\/cd\/?p=15110"},"wordCount":448,"publisher":{"@id":"https:\/\/noticiasemdestaque.com\/cd\/#organization"},"image":{"@id":"https:\/\/noticiasemdestaque.com\/cd\/?p=15110#primaryimage"},"thumbnailUrl":"https:\/\/noticiasemdestaque.com\/cd\/wp-content\/uploads\/2019\/01\/Reuni\u00e3o-zona-rural-1.jpeg","articleSection":["Pol\u00edtica"],"inLanguage":"pt-BR"},{"@type":"WebPage","@id":"https:\/\/noticiasemdestaque.com\/cd\/?p=15110","url":"https:\/\/noticiasemdestaque.com\/cd\/?p=15110","name":"Prefeita de Monteiro, equipe de governo e vereadores participam de reuni\u00e3o na zona rural - Not&iacute;cias em Destaque","isPartOf":{"@id":"https:\/\/noticiasemdestaque.com\/cd\/#website"},"primaryImageOfPage":{"@id":"https:\/\/noticiasemdestaque.com\/cd\/?p=15110#primaryimage"},"image":{"@id":"https:\/\/noticiasemdestaque.com\/cd\/?p=15110#primaryimage"},"thumbnailUrl":"https:\/\/noticiasemdestaque.com\/cd\/wp-content\/uploads\/2019\/01\/Reuni\u00e3o-zona-rural-1.jpeg","datePublished":"2019-01-26T00:04:08+00:00","breadcrumb":{"@id":"https:\/\/noticiasemdestaque.com\/cd\/?p=15110#breadcrumb"},"inLanguage":"pt-BR","potentialAction":[{"@type":"ReadAction","target":["https:\/\/noticiasemdestaque.com\/cd\/?p=15110"]}]},{"@type":"ImageObject","inLanguage":"pt-BR","@id":"https:\/\/noticiasemdestaque.com\/cd\/?p=15110#primaryimage","url":"https:\/\/noticiasemdestaque.com\/cd\/wp-content\/uploads\/2019\/01\/Reuni\u00e3o-zona-rural-1.jpeg","contentUrl":"https:\/\/noticiasemdestaque.com\/cd\/wp-content\/uploads\/2019\/01\/Reuni\u00e3o-zona-rural-1.jpeg","width":1280,"height":851},{"@type":"BreadcrumbList","@id":"https:\/\/noticiasemdestaque.com\/cd\/?p=15110#breadcrumb","itemListElement":[{"@type":"ListItem","position":1,"name":"In\u00edcio","item":"https:\/\/noticiasemdestaque.com\/cd\/"},{"@type":"ListItem","position":2,"name":"Prefeita de Monteiro, equipe de governo e vereadores participam de reuni\u00e3o na zona rural"}]},{"@type":"WebSite","@id":"https:\/\/noticiasemdestaque.com\/cd\/#website","url":"https:\/\/noticiasemdestaque.com\/cd\/","name":"Not&iacute;cias em Destaque","description":"","publisher":{"@id":"https:\/\/noticiasemdestaque.com\/cd\/#organization"},"potentialAction":[{"@type":"SearchAction","target":{"@type":"EntryPoint","urlTemplate":"https:\/\/noticiasemdestaque.com\/cd\/?s={search_term_string}"},"query-input":{"@type":"PropertyValueSpecification","valueRequired":true,"valueName":"search_term_string"}}],"inLanguage":"pt-BR"},{"@type":"Organization","@id":"https:\/\/noticiasemdestaque.com\/cd\/#organization","name":"Not\u00edcias em Destaque","url":"https:\/\/noticiasemdestaque.com\/cd\/","logo":{"@type":"ImageObject","inLanguage":"pt-BR","@id":"https:\/\/noticiasemdestaque.com\/cd\/#\/schema\/logo\/image\/","url":"https:\/\/noticiasemdestaque.com\/cd\/wp-content\/uploads\/2022\/05\/imagem-base-noticiasemdestaque.png","contentUrl":"https:\/\/noticiasemdestaque.com\/cd\/wp-content\/uploads\/2022\/05\/imagem-base-noticiasemdestaque.png","width":1200,"height":630,"caption":"Not\u00edcias em Destaque"},"image":{"@id":"https:\/\/noticiasemdestaque.com\/cd\/#\/schema\/logo\/image\/"}},{"@type":"Person","@id":"https:\/\/noticiasemdestaque.com\/cd\/#\/schema\/person\/47f7d4f55eec17c6b2ca036c5500f6ce","name":"Not\u00edcias em Destaque","url":"https:\/\/noticiasemdestaque.com\/cd\/?author=2"}]}},"jetpack_featured_media_url":"https:\/\/noticiasemdestaque.com\/cd\/wp-content\/uploads\/2019\/01\/Reuni\u00e3o-zona-rural-1.jpeg","jetpack_sharing_enabled":true,"_links":{"self":[{"href":"https:\/\/noticiasemdestaque.com\/cd\/index.php?rest_route=\/wp\/v2\/posts\/15110","targetHints":{"allow":["GET"]}}],"collection":[{"href":"https:\/\/noticiasemdestaque.com\/cd\/index.php?rest_route=\/wp\/v2\/posts"}],"about":[{"href":"https:\/\/noticiasemdestaque.com\/cd\/index.php?rest_route=\/wp\/v2\/types\/post"}],"author":[{"embeddable":true,"href":"https:\/\/noticiasemdestaque.com\/cd\/index.php?rest_route=\/wp\/v2\/users\/2"}],"replies":[{"embeddable":true,"href":"https:\/\/noticiasemdestaque.com\/cd\/index.php?rest_route=%2Fwp%2Fv2%2Fcomments&post=15110"}],"version-history":[{"count":1,"href":"https:\/\/noticiasemdestaque.com\/cd\/index.php?rest_route=\/wp\/v2\/posts\/15110\/revisions"}],"predecessor-version":[{"id":15112,"href":"https:\/\/noticiasemdestaque.com\/cd\/index.php?rest_route=\/wp\/v2\/posts\/15110\/revisions\/15112"}],"wp:featuredmedia":[{"embeddable":true,"href":"https:\/\/noticiasemdestaque.com\/cd\/index.php?rest_route=\/wp\/v2\/media\/15111"}],"wp:attachment":[{"href":"https:\/\/noticiasemdestaque.com\/cd\/index.php?rest_route=%2Fwp%2Fv2%2Fmedia&parent=15110"}],"wp:term":[{"taxonomy":"category","embeddable":true,"href":"https:\/\/noticiasemdestaque.com\/cd\/index.php?rest_route=%2Fwp%2Fv2%2Fcategories&post=15110"},{"taxonomy":"post_tag","embeddable":true,"href":"https:\/\/noticiasemdestaque.com\/cd\/index.php?rest_route=%2Fwp%2Fv2%2Ftags&post=15110"}],"curies":[{"name":"wp","href":"https:\/\/api.w.org\/{rel}","templated":true}]}}