{"id":15081,"date":"2019-01-24T16:29:25","date_gmt":"2019-01-24T19:29:25","guid":{"rendered":"http:\/\/noticiasemdestaque.com\/cd\/?p=15081"},"modified":"2019-01-24T16:29:25","modified_gmt":"2019-01-24T19:29:25","slug":"jean-wyllys-do-psol-desiste-de-mandato-e-deixa-o-brasil","status":"publish","type":"post","link":"https:\/\/noticiasemdestaque.com\/cd\/?p=15081","title":{"rendered":"Jean Wyllys, do PSol, desiste de mandato e deixa o Brasil"},"content":{"rendered":"<figure id=\"attachment_15082\" aria-describedby=\"caption-attachment-15082\" style=\"width: 501px\" class=\"wp-caption aligncenter\"><a href=\"https:\/\/noticiasemdestaque.com\/cd\/wp-content\/uploads\/2019\/01\/WD_Abertura_Semana_Anistia_24082015_001.jpg\"><img fetchpriority=\"high\" decoding=\"async\" class=\" wp-image-15082\" src=\"https:\/\/noticiasemdestaque.com\/cd\/wp-content\/uploads\/2019\/01\/WD_Abertura_Semana_Anistia_24082015_001.jpg\" alt=\"\" width=\"501\" height=\"335\" srcset=\"https:\/\/noticiasemdestaque.com\/cd\/wp-content\/uploads\/2019\/01\/WD_Abertura_Semana_Anistia_24082015_001.jpg 840w, https:\/\/noticiasemdestaque.com\/cd\/wp-content\/uploads\/2019\/01\/WD_Abertura_Semana_Anistia_24082015_001-300x200.jpg 300w, https:\/\/noticiasemdestaque.com\/cd\/wp-content\/uploads\/2019\/01\/WD_Abertura_Semana_Anistia_24082015_001-768x513.jpg 768w, https:\/\/noticiasemdestaque.com\/cd\/wp-content\/uploads\/2019\/01\/WD_Abertura_Semana_Anistia_24082015_001-480x320.jpg 480w\" sizes=\"(max-width: 501px) 100vw, 501px\" \/><\/a><figcaption id=\"caption-attachment-15082\" class=\"wp-caption-text\">O deputado Jean Wyllys e o presidente da Comiss\u00e3o de Anistia, Paulo Abr\u00e3o, participam da abertura da Semana da Anistia 2015 (Wilson Dias\/Ag\u00eancia Brasil)<\/figcaption><\/figure>\n<p>O deputado federal pelo PSol do Rio de Janeiro Jean Wyllys desistiu do mandato, para o qual tinha sido reeleito, e deixou o Brasil. A decis\u00e3o, segundo informou o pr\u00f3prio deputado em postagem nas redes sociais, foi tomada por medo de amea\u00e7as de morte, que teriam sido intensificadas nos \u00faltimos meses. A informa\u00e7\u00e3o de que ele abdicou do mandato foi confirmada pela assessoria de imprensa do partido na C\u00e2mara dos Deputados.<\/p>\n<p>O parlamentar, que est\u00e1 de f\u00e9rias no exterior, publicou uma mensagem de despedida nas redes sociais. \u201cPreservar a vida amea\u00e7ada \u00e9 tamb\u00e9m uma estrat\u00e9gia da luta por dias melhores\u201d, disse.<\/p>\n<p>Em entrevista ao jornal\u00a0<a href=\"https:\/\/www1.folha.uol.com.br\/poder\/2019\/01\/com-medo-de-ameacas-jean-wyllys-do-psol-desiste-de-mandato-e-deixa-o-brasil.shtml\" target=\"_blank\" rel=\"noopener\">Folha de S.Paulo<\/a>, o deputado justificou a decis\u00e3o. Afirmou viver sob escolta policial desde o assassinato da correligion\u00e1ria Marielle Franco, vereadora no Rio de Janeiro, em mar\u00e7o de 2018. De acordo com ele, as amea\u00e7as de morte aumentaram ap\u00f3s o crime.<\/p>\n<p>O l\u00edder do PSol na C\u00e2mara, deputado Ivan Valente (SP), informou que a decis\u00e3o do colega de partido j\u00e1 havia sido discutida com os demais integrantes da legenda.<\/p>\n<p>Mesmo com a sa\u00edda de Jean Wyllys, o partido continua com o mesmo n\u00famero de deputados, uma vez que o suplente David Miranda (PSol) vai assumir a vaga.<\/p>\n<p><strong>Local desconhecido<\/strong><\/p>\n<p>A assessoria de imprensa do deputado pelo Rio de Janeiro informou que ele j\u00e1 est\u00e1 fora do pa\u00eds, mas n\u00e3o revelou o local. De acordo com os auxiliares, por motivos de seguran\u00e7a pessoal, Wyllys prefere, por ora, n\u00e3o informar qual ser\u00e1 o seu paradeiro.<\/p>\n<p>A chegada de Jair Bolsonaro \u00e0 Presid\u00eancia da Rep\u00fablica (PSL) tamb\u00e9m teria rela\u00e7\u00e3o com a decis\u00e3o.\u00a0Em reiteradas ocasi\u00f5es, o deputado vinha afirmando que, ap\u00f3s a vit\u00f3ria do peesselista em outubro, ele passara a receber mais amea\u00e7as dos apoiadores do presidente.\u00a0Durante suas duas passagens pela C\u00e2mara dos Deputados, o parlamentar do PSol fez dura oposi\u00e7\u00e3o a Bolsonaro e chegou a cuspir no peesselista em 2016, durante a vota\u00e7\u00e3o do impeachment da ex-presidente Dilma Rousseff (PT).<\/p>\n<p><em><strong>Not\u00edcias em Destaque<\/strong><\/em><\/p>\n<p>Com Metr\u00f3poles<\/p>\n","protected":false},"excerpt":{"rendered":"<p>O deputado federal pelo PSol do Rio de Janeiro Jean Wyllys desistiu do mandato, para o qual tinha sido reeleito, e deixou o Brasil. A decis\u00e3o, segundo informou o pr\u00f3prio deputado em postagem nas redes sociais, foi tomada por medo de amea\u00e7as de morte, que teriam sido intensificadas nos \u00faltimos meses. A informa\u00e7\u00e3o de que ele abdicou do mandato foi confirmada pela assessoria de imprensa do partido na C\u00e2mara dos Deputados. O parlamentar, que est\u00e1 de f\u00e9rias no exterior, publicou uma mensagem de despedida nas redes sociais. \u201cPreservar a vida amea\u00e7ada \u00e9 tamb\u00e9m uma estrat\u00e9gia da luta por dias melhores\u201d, disse. Em entrevista ao jornal\u00a0Folha de S.Paulo, o deputado justificou a decis\u00e3o. Afirmou viver sob escolta policial desde o assassinato da correligion\u00e1ria Marielle Franco, vereadora no Rio de Janeiro, em mar\u00e7o de 2018. De acordo com ele, as amea\u00e7as de morte aumentaram ap\u00f3s o crime. O l\u00edder do PSol na C\u00e2mara, deputado Ivan Valente (SP), informou que a decis\u00e3o do colega de partido j\u00e1 havia sido discutida com os demais integrantes da legenda. Mesmo com a sa\u00edda de Jean Wyllys, o partido continua com o mesmo n\u00famero de deputados, uma vez que o suplente David Miranda (PSol) vai assumir a vaga. Local desconhecido A assessoria de imprensa do deputado pelo Rio de Janeiro informou que ele j\u00e1 est\u00e1 fora do pa\u00eds, mas n\u00e3o revelou o local. De acordo com os auxiliares, por motivos de seguran\u00e7a pessoal, Wyllys prefere, por ora, n\u00e3o informar qual ser\u00e1 o seu paradeiro. A chegada de Jair Bolsonaro \u00e0 Presid\u00eancia da Rep\u00fablica (PSL) tamb\u00e9m teria rela\u00e7\u00e3o com a decis\u00e3o.\u00a0Em reiteradas ocasi\u00f5es, o deputado vinha afirmando que, ap\u00f3s a vit\u00f3ria do peesselista em outubro, ele passara a receber mais amea\u00e7as dos apoiadores do presidente.\u00a0Durante suas duas passagens pela C\u00e2mara dos Deputados, o parlamentar do PSol fez dura oposi\u00e7\u00e3o a Bolsonaro e chegou a cuspir no peesselista em 2016, durante a vota\u00e7\u00e3o do impeachment da ex-presidente Dilma Rousseff (PT). Not\u00edcias em Destaque Com Metr\u00f3poles<\/p>\n","protected":false},"author":2,"featured_media":15082,"comment_status":"closed","ping_status":"open","sticky":false,"template":"","format":"standard","meta":{"_eb_attr":"","_jetpack_memberships_contains_paid_content":false,"footnotes":""},"categories":[12],"tags":[],"class_list":["post-15081","post","type-post","status-publish","format-standard","has-post-thumbnail","hentry","category-geral"],"yoast_head":"<!-- This site is optimized with the Yoast SEO plugin v26.5 - https:\/\/yoast.com\/wordpress\/plugins\/seo\/ -->\n<title>Jean Wyllys, do PSol, desiste de mandato e deixa o Brasil - Not&iacute;cias em Destaque<\/title>\n<meta name=\"robots\" content=\"index, follow, max-snippet:-1, max-image-preview:large, max-video-preview:-1\" \/>\n<link rel=\"canonical\" href=\"https:\/\/noticiasemdestaque.com\/cd\/?p=15081\" \/>\n<meta property=\"og:locale\" content=\"pt_BR\" \/>\n<meta property=\"og:type\" content=\"article\" \/>\n<meta property=\"og:title\" content=\"Jean Wyllys, do PSol, desiste de mandato e deixa o Brasil - Not&iacute;cias em Destaque\" \/>\n<meta property=\"og:description\" content=\"O deputado federal pelo PSol do Rio de Janeiro Jean Wyllys desistiu do mandato, para o qual tinha sido reeleito, e deixou o Brasil. A decis\u00e3o, segundo informou o pr\u00f3prio deputado em postagem nas redes sociais, foi tomada por medo de amea\u00e7as de morte, que teriam sido intensificadas nos \u00faltimos meses. A informa\u00e7\u00e3o de que ele abdicou do mandato foi confirmada pela assessoria de imprensa do partido na C\u00e2mara dos Deputados. O parlamentar, que est\u00e1 de f\u00e9rias no exterior, publicou uma mensagem de despedida nas redes sociais. \u201cPreservar a vida amea\u00e7ada \u00e9 tamb\u00e9m uma estrat\u00e9gia da luta por dias melhores\u201d, disse. Em entrevista ao jornal\u00a0Folha de S.Paulo, o deputado justificou a decis\u00e3o. Afirmou viver sob escolta policial desde o assassinato da correligion\u00e1ria Marielle Franco, vereadora no Rio de Janeiro, em mar\u00e7o de 2018. De acordo com ele, as amea\u00e7as de morte aumentaram ap\u00f3s o crime. O l\u00edder do PSol na C\u00e2mara, deputado Ivan Valente (SP), informou que a decis\u00e3o do colega de partido j\u00e1 havia sido discutida com os demais integrantes da legenda. Mesmo com a sa\u00edda de Jean Wyllys, o partido continua com o mesmo n\u00famero de deputados, uma vez que o suplente David Miranda (PSol) vai assumir a vaga. Local desconhecido A assessoria de imprensa do deputado pelo Rio de Janeiro informou que ele j\u00e1 est\u00e1 fora do pa\u00eds, mas n\u00e3o revelou o local. De acordo com os auxiliares, por motivos de seguran\u00e7a pessoal, Wyllys prefere, por ora, n\u00e3o informar qual ser\u00e1 o seu paradeiro. A chegada de Jair Bolsonaro \u00e0 Presid\u00eancia da Rep\u00fablica (PSL) tamb\u00e9m teria rela\u00e7\u00e3o com a decis\u00e3o.\u00a0Em reiteradas ocasi\u00f5es, o deputado vinha afirmando que, ap\u00f3s a vit\u00f3ria do peesselista em outubro, ele passara a receber mais amea\u00e7as dos apoiadores do presidente.\u00a0Durante suas duas passagens pela C\u00e2mara dos Deputados, o parlamentar do PSol fez dura oposi\u00e7\u00e3o a Bolsonaro e chegou a cuspir no peesselista em 2016, durante a vota\u00e7\u00e3o do impeachment da ex-presidente Dilma Rousseff (PT). Not\u00edcias em Destaque Com Metr\u00f3poles\" \/>\n<meta property=\"og:url\" content=\"https:\/\/noticiasemdestaque.com\/cd\/?p=15081\" \/>\n<meta property=\"og:site_name\" content=\"Not&iacute;cias em Destaque\" \/>\n<meta property=\"article:published_time\" content=\"2019-01-24T19:29:25+00:00\" \/>\n<meta property=\"og:image\" content=\"https:\/\/noticiasemdestaque.com\/cd\/wp-content\/uploads\/2019\/01\/WD_Abertura_Semana_Anistia_24082015_001.jpg\" \/>\n\t<meta property=\"og:image:width\" content=\"840\" \/>\n\t<meta property=\"og:image:height\" content=\"561\" \/>\n\t<meta property=\"og:image:type\" content=\"image\/jpeg\" \/>\n<meta name=\"author\" content=\"Not\u00edcias em Destaque\" \/>\n<meta name=\"twitter:card\" content=\"summary_large_image\" \/>\n<meta name=\"twitter:label1\" content=\"Escrito por\" \/>\n\t<meta name=\"twitter:data1\" content=\"Not\u00edcias em Destaque\" \/>\n\t<meta name=\"twitter:label2\" content=\"Est. tempo de leitura\" \/>\n\t<meta name=\"twitter:data2\" content=\"2 minutos\" \/>\n<script type=\"application\/ld+json\" class=\"yoast-schema-graph\">{\"@context\":\"https:\/\/schema.org\",\"@graph\":[{\"@type\":\"Article\",\"@id\":\"https:\/\/noticiasemdestaque.com\/cd\/?p=15081#article\",\"isPartOf\":{\"@id\":\"https:\/\/noticiasemdestaque.com\/cd\/?p=15081\"},\"author\":{\"name\":\"Not\u00edcias em Destaque\",\"@id\":\"https:\/\/noticiasemdestaque.com\/cd\/#\/schema\/person\/21320b03a7e8bb90128938dafc9b908a\"},\"headline\":\"Jean Wyllys, do PSol, desiste de mandato e deixa o Brasil\",\"datePublished\":\"2019-01-24T19:29:25+00:00\",\"mainEntityOfPage\":{\"@id\":\"https:\/\/noticiasemdestaque.com\/cd\/?p=15081\"},\"wordCount\":408,\"publisher\":{\"@id\":\"https:\/\/noticiasemdestaque.com\/cd\/#organization\"},\"image\":{\"@id\":\"https:\/\/noticiasemdestaque.com\/cd\/?p=15081#primaryimage\"},\"thumbnailUrl\":\"https:\/\/noticiasemdestaque.com\/cd\/wp-content\/uploads\/2019\/01\/WD_Abertura_Semana_Anistia_24082015_001.jpg\",\"articleSection\":[\"Geral\"],\"inLanguage\":\"pt-BR\"},{\"@type\":\"WebPage\",\"@id\":\"https:\/\/noticiasemdestaque.com\/cd\/?p=15081\",\"url\":\"https:\/\/noticiasemdestaque.com\/cd\/?p=15081\",\"name\":\"Jean Wyllys, do PSol, desiste de mandato e deixa o Brasil - Not&iacute;cias em Destaque\",\"isPartOf\":{\"@id\":\"https:\/\/noticiasemdestaque.com\/cd\/#website\"},\"primaryImageOfPage\":{\"@id\":\"https:\/\/noticiasemdestaque.com\/cd\/?p=15081#primaryimage\"},\"image\":{\"@id\":\"https:\/\/noticiasemdestaque.com\/cd\/?p=15081#primaryimage\"},\"thumbnailUrl\":\"https:\/\/noticiasemdestaque.com\/cd\/wp-content\/uploads\/2019\/01\/WD_Abertura_Semana_Anistia_24082015_001.jpg\",\"datePublished\":\"2019-01-24T19:29:25+00:00\",\"breadcrumb\":{\"@id\":\"https:\/\/noticiasemdestaque.com\/cd\/?p=15081#breadcrumb\"},\"inLanguage\":\"pt-BR\",\"potentialAction\":[{\"@type\":\"ReadAction\",\"target\":[\"https:\/\/noticiasemdestaque.com\/cd\/?p=15081\"]}]},{\"@type\":\"ImageObject\",\"inLanguage\":\"pt-BR\",\"@id\":\"https:\/\/noticiasemdestaque.com\/cd\/?p=15081#primaryimage\",\"url\":\"https:\/\/noticiasemdestaque.com\/cd\/wp-content\/uploads\/2019\/01\/WD_Abertura_Semana_Anistia_24082015_001.jpg\",\"contentUrl\":\"https:\/\/noticiasemdestaque.com\/cd\/wp-content\/uploads\/2019\/01\/WD_Abertura_Semana_Anistia_24082015_001.jpg\",\"width\":840,\"height\":561,\"caption\":\"O deputado Jean Wyllys e o presidente da Comiss\u00e3o de Anistia, Paulo Abr\u00e3o, participam da abertura da Semana da Anistia 2015 (Wilson Dias\/Ag\u00eancia Brasil)\"},{\"@type\":\"BreadcrumbList\",\"@id\":\"https:\/\/noticiasemdestaque.com\/cd\/?p=15081#breadcrumb\",\"itemListElement\":[{\"@type\":\"ListItem\",\"position\":1,\"name\":\"In\u00edcio\",\"item\":\"https:\/\/noticiasemdestaque.com\/cd\/\"},{\"@type\":\"ListItem\",\"position\":2,\"name\":\"Jean Wyllys, do PSol, desiste de mandato e deixa o Brasil\"}]},{\"@type\":\"WebSite\",\"@id\":\"https:\/\/noticiasemdestaque.com\/cd\/#website\",\"url\":\"https:\/\/noticiasemdestaque.com\/cd\/\",\"name\":\"Not&iacute;cias em Destaque\",\"description\":\"\",\"publisher\":{\"@id\":\"https:\/\/noticiasemdestaque.com\/cd\/#organization\"},\"potentialAction\":[{\"@type\":\"SearchAction\",\"target\":{\"@type\":\"EntryPoint\",\"urlTemplate\":\"https:\/\/noticiasemdestaque.com\/cd\/?s={search_term_string}\"},\"query-input\":{\"@type\":\"PropertyValueSpecification\",\"valueRequired\":true,\"valueName\":\"search_term_string\"}}],\"inLanguage\":\"pt-BR\"},{\"@type\":\"Organization\",\"@id\":\"https:\/\/noticiasemdestaque.com\/cd\/#organization\",\"name\":\"Not\u00edcias em Destaque\",\"url\":\"https:\/\/noticiasemdestaque.com\/cd\/\",\"logo\":{\"@type\":\"ImageObject\",\"inLanguage\":\"pt-BR\",\"@id\":\"https:\/\/noticiasemdestaque.com\/cd\/#\/schema\/logo\/image\/\",\"url\":\"https:\/\/noticiasemdestaque.com\/cd\/wp-content\/uploads\/2022\/05\/imagem-base-noticiasemdestaque.png\",\"contentUrl\":\"https:\/\/noticiasemdestaque.com\/cd\/wp-content\/uploads\/2022\/05\/imagem-base-noticiasemdestaque.png\",\"width\":1200,\"height\":630,\"caption\":\"Not\u00edcias em Destaque\"},\"image\":{\"@id\":\"https:\/\/noticiasemdestaque.com\/cd\/#\/schema\/logo\/image\/\"}},{\"@type\":\"Person\",\"@id\":\"https:\/\/noticiasemdestaque.com\/cd\/#\/schema\/person\/21320b03a7e8bb90128938dafc9b908a\",\"name\":\"Not\u00edcias em Destaque\",\"url\":\"https:\/\/noticiasemdestaque.com\/cd\/?author=2\"}]}<\/script>\n<!-- \/ Yoast SEO plugin. -->","yoast_head_json":{"title":"Jean Wyllys, do PSol, desiste de mandato e deixa o Brasil - Not&iacute;cias em Destaque","robots":{"index":"index","follow":"follow","max-snippet":"max-snippet:-1","max-image-preview":"max-image-preview:large","max-video-preview":"max-video-preview:-1"},"canonical":"https:\/\/noticiasemdestaque.com\/cd\/?p=15081","og_locale":"pt_BR","og_type":"article","og_title":"Jean Wyllys, do PSol, desiste de mandato e deixa o Brasil - Not&iacute;cias em Destaque","og_description":"O deputado federal pelo PSol do Rio de Janeiro Jean Wyllys desistiu do mandato, para o qual tinha sido reeleito, e deixou o Brasil. A decis\u00e3o, segundo informou o pr\u00f3prio deputado em postagem nas redes sociais, foi tomada por medo de amea\u00e7as de morte, que teriam sido intensificadas nos \u00faltimos meses. A informa\u00e7\u00e3o de que ele abdicou do mandato foi confirmada pela assessoria de imprensa do partido na C\u00e2mara dos Deputados. O parlamentar, que est\u00e1 de f\u00e9rias no exterior, publicou uma mensagem de despedida nas redes sociais. \u201cPreservar a vida amea\u00e7ada \u00e9 tamb\u00e9m uma estrat\u00e9gia da luta por dias melhores\u201d, disse. Em entrevista ao jornal\u00a0Folha de S.Paulo, o deputado justificou a decis\u00e3o. Afirmou viver sob escolta policial desde o assassinato da correligion\u00e1ria Marielle Franco, vereadora no Rio de Janeiro, em mar\u00e7o de 2018. De acordo com ele, as amea\u00e7as de morte aumentaram ap\u00f3s o crime. O l\u00edder do PSol na C\u00e2mara, deputado Ivan Valente (SP), informou que a decis\u00e3o do colega de partido j\u00e1 havia sido discutida com os demais integrantes da legenda. Mesmo com a sa\u00edda de Jean Wyllys, o partido continua com o mesmo n\u00famero de deputados, uma vez que o suplente David Miranda (PSol) vai assumir a vaga. Local desconhecido A assessoria de imprensa do deputado pelo Rio de Janeiro informou que ele j\u00e1 est\u00e1 fora do pa\u00eds, mas n\u00e3o revelou o local. De acordo com os auxiliares, por motivos de seguran\u00e7a pessoal, Wyllys prefere, por ora, n\u00e3o informar qual ser\u00e1 o seu paradeiro. A chegada de Jair Bolsonaro \u00e0 Presid\u00eancia da Rep\u00fablica (PSL) tamb\u00e9m teria rela\u00e7\u00e3o com a decis\u00e3o.\u00a0Em reiteradas ocasi\u00f5es, o deputado vinha afirmando que, ap\u00f3s a vit\u00f3ria do peesselista em outubro, ele passara a receber mais amea\u00e7as dos apoiadores do presidente.\u00a0Durante suas duas passagens pela C\u00e2mara dos Deputados, o parlamentar do PSol fez dura oposi\u00e7\u00e3o a Bolsonaro e chegou a cuspir no peesselista em 2016, durante a vota\u00e7\u00e3o do impeachment da ex-presidente Dilma Rousseff (PT). Not\u00edcias em Destaque Com Metr\u00f3poles","og_url":"https:\/\/noticiasemdestaque.com\/cd\/?p=15081","og_site_name":"Not&iacute;cias em Destaque","article_published_time":"2019-01-24T19:29:25+00:00","og_image":[{"width":840,"height":561,"url":"https:\/\/noticiasemdestaque.com\/cd\/wp-content\/uploads\/2019\/01\/WD_Abertura_Semana_Anistia_24082015_001.jpg","type":"image\/jpeg"}],"author":"Not\u00edcias em Destaque","twitter_card":"summary_large_image","twitter_misc":{"Escrito por":"Not\u00edcias em Destaque","Est. tempo de leitura":"2 minutos"},"schema":{"@context":"https:\/\/schema.org","@graph":[{"@type":"Article","@id":"https:\/\/noticiasemdestaque.com\/cd\/?p=15081#article","isPartOf":{"@id":"https:\/\/noticiasemdestaque.com\/cd\/?p=15081"},"author":{"name":"Not\u00edcias em Destaque","@id":"https:\/\/noticiasemdestaque.com\/cd\/#\/schema\/person\/21320b03a7e8bb90128938dafc9b908a"},"headline":"Jean Wyllys, do PSol, desiste de mandato e deixa o Brasil","datePublished":"2019-01-24T19:29:25+00:00","mainEntityOfPage":{"@id":"https:\/\/noticiasemdestaque.com\/cd\/?p=15081"},"wordCount":408,"publisher":{"@id":"https:\/\/noticiasemdestaque.com\/cd\/#organization"},"image":{"@id":"https:\/\/noticiasemdestaque.com\/cd\/?p=15081#primaryimage"},"thumbnailUrl":"https:\/\/noticiasemdestaque.com\/cd\/wp-content\/uploads\/2019\/01\/WD_Abertura_Semana_Anistia_24082015_001.jpg","articleSection":["Geral"],"inLanguage":"pt-BR"},{"@type":"WebPage","@id":"https:\/\/noticiasemdestaque.com\/cd\/?p=15081","url":"https:\/\/noticiasemdestaque.com\/cd\/?p=15081","name":"Jean Wyllys, do PSol, desiste de mandato e deixa o Brasil - Not&iacute;cias em Destaque","isPartOf":{"@id":"https:\/\/noticiasemdestaque.com\/cd\/#website"},"primaryImageOfPage":{"@id":"https:\/\/noticiasemdestaque.com\/cd\/?p=15081#primaryimage"},"image":{"@id":"https:\/\/noticiasemdestaque.com\/cd\/?p=15081#primaryimage"},"thumbnailUrl":"https:\/\/noticiasemdestaque.com\/cd\/wp-content\/uploads\/2019\/01\/WD_Abertura_Semana_Anistia_24082015_001.jpg","datePublished":"2019-01-24T19:29:25+00:00","breadcrumb":{"@id":"https:\/\/noticiasemdestaque.com\/cd\/?p=15081#breadcrumb"},"inLanguage":"pt-BR","potentialAction":[{"@type":"ReadAction","target":["https:\/\/noticiasemdestaque.com\/cd\/?p=15081"]}]},{"@type":"ImageObject","inLanguage":"pt-BR","@id":"https:\/\/noticiasemdestaque.com\/cd\/?p=15081#primaryimage","url":"https:\/\/noticiasemdestaque.com\/cd\/wp-content\/uploads\/2019\/01\/WD_Abertura_Semana_Anistia_24082015_001.jpg","contentUrl":"https:\/\/noticiasemdestaque.com\/cd\/wp-content\/uploads\/2019\/01\/WD_Abertura_Semana_Anistia_24082015_001.jpg","width":840,"height":561,"caption":"O deputado Jean Wyllys e o presidente da Comiss\u00e3o de Anistia, Paulo Abr\u00e3o, participam da abertura da Semana da Anistia 2015 (Wilson Dias\/Ag\u00eancia Brasil)"},{"@type":"BreadcrumbList","@id":"https:\/\/noticiasemdestaque.com\/cd\/?p=15081#breadcrumb","itemListElement":[{"@type":"ListItem","position":1,"name":"In\u00edcio","item":"https:\/\/noticiasemdestaque.com\/cd\/"},{"@type":"ListItem","position":2,"name":"Jean Wyllys, do PSol, desiste de mandato e deixa o Brasil"}]},{"@type":"WebSite","@id":"https:\/\/noticiasemdestaque.com\/cd\/#website","url":"https:\/\/noticiasemdestaque.com\/cd\/","name":"Not&iacute;cias em Destaque","description":"","publisher":{"@id":"https:\/\/noticiasemdestaque.com\/cd\/#organization"},"potentialAction":[{"@type":"SearchAction","target":{"@type":"EntryPoint","urlTemplate":"https:\/\/noticiasemdestaque.com\/cd\/?s={search_term_string}"},"query-input":{"@type":"PropertyValueSpecification","valueRequired":true,"valueName":"search_term_string"}}],"inLanguage":"pt-BR"},{"@type":"Organization","@id":"https:\/\/noticiasemdestaque.com\/cd\/#organization","name":"Not\u00edcias em Destaque","url":"https:\/\/noticiasemdestaque.com\/cd\/","logo":{"@type":"ImageObject","inLanguage":"pt-BR","@id":"https:\/\/noticiasemdestaque.com\/cd\/#\/schema\/logo\/image\/","url":"https:\/\/noticiasemdestaque.com\/cd\/wp-content\/uploads\/2022\/05\/imagem-base-noticiasemdestaque.png","contentUrl":"https:\/\/noticiasemdestaque.com\/cd\/wp-content\/uploads\/2022\/05\/imagem-base-noticiasemdestaque.png","width":1200,"height":630,"caption":"Not\u00edcias em Destaque"},"image":{"@id":"https:\/\/noticiasemdestaque.com\/cd\/#\/schema\/logo\/image\/"}},{"@type":"Person","@id":"https:\/\/noticiasemdestaque.com\/cd\/#\/schema\/person\/21320b03a7e8bb90128938dafc9b908a","name":"Not\u00edcias em Destaque","url":"https:\/\/noticiasemdestaque.com\/cd\/?author=2"}]}},"jetpack_featured_media_url":"https:\/\/noticiasemdestaque.com\/cd\/wp-content\/uploads\/2019\/01\/WD_Abertura_Semana_Anistia_24082015_001.jpg","jetpack_sharing_enabled":true,"_links":{"self":[{"href":"https:\/\/noticiasemdestaque.com\/cd\/index.php?rest_route=\/wp\/v2\/posts\/15081","targetHints":{"allow":["GET"]}}],"collection":[{"href":"https:\/\/noticiasemdestaque.com\/cd\/index.php?rest_route=\/wp\/v2\/posts"}],"about":[{"href":"https:\/\/noticiasemdestaque.com\/cd\/index.php?rest_route=\/wp\/v2\/types\/post"}],"author":[{"embeddable":true,"href":"https:\/\/noticiasemdestaque.com\/cd\/index.php?rest_route=\/wp\/v2\/users\/2"}],"replies":[{"embeddable":true,"href":"https:\/\/noticiasemdestaque.com\/cd\/index.php?rest_route=%2Fwp%2Fv2%2Fcomments&post=15081"}],"version-history":[{"count":1,"href":"https:\/\/noticiasemdestaque.com\/cd\/index.php?rest_route=\/wp\/v2\/posts\/15081\/revisions"}],"predecessor-version":[{"id":15083,"href":"https:\/\/noticiasemdestaque.com\/cd\/index.php?rest_route=\/wp\/v2\/posts\/15081\/revisions\/15083"}],"wp:featuredmedia":[{"embeddable":true,"href":"https:\/\/noticiasemdestaque.com\/cd\/index.php?rest_route=\/wp\/v2\/media\/15082"}],"wp:attachment":[{"href":"https:\/\/noticiasemdestaque.com\/cd\/index.php?rest_route=%2Fwp%2Fv2%2Fmedia&parent=15081"}],"wp:term":[{"taxonomy":"category","embeddable":true,"href":"https:\/\/noticiasemdestaque.com\/cd\/index.php?rest_route=%2Fwp%2Fv2%2Fcategories&post=15081"},{"taxonomy":"post_tag","embeddable":true,"href":"https:\/\/noticiasemdestaque.com\/cd\/index.php?rest_route=%2Fwp%2Fv2%2Ftags&post=15081"}],"curies":[{"name":"wp","href":"https:\/\/api.w.org\/{rel}","templated":true}]}}