{"id":15071,"date":"2019-01-24T11:12:32","date_gmt":"2019-01-24T14:12:32","guid":{"rendered":"http:\/\/noticiasemdestaque.com\/cd\/?p=15071"},"modified":"2019-01-24T11:12:32","modified_gmt":"2019-01-24T14:12:32","slug":"prefeitura-de-serra-branca-adquire-van-0-km-para-transporte-de-pacientes","status":"publish","type":"post","link":"https:\/\/noticiasemdestaque.com\/cd\/?p=15071","title":{"rendered":"Prefeitura de Serra Branca adquire Van 0 km para transporte de pacientes"},"content":{"rendered":"<p><a href=\"https:\/\/noticiasemdestaque.com\/cd\/wp-content\/uploads\/2019\/01\/jjjjjjjjjjj-600x454.jpg\"><img fetchpriority=\"high\" decoding=\"async\" class=\"alignnone size-full wp-image-15072\" src=\"https:\/\/noticiasemdestaque.com\/cd\/wp-content\/uploads\/2019\/01\/jjjjjjjjjjj-600x454.jpg\" alt=\"\" width=\"600\" height=\"454\" srcset=\"https:\/\/noticiasemdestaque.com\/cd\/wp-content\/uploads\/2019\/01\/jjjjjjjjjjj-600x454.jpg 600w, https:\/\/noticiasemdestaque.com\/cd\/wp-content\/uploads\/2019\/01\/jjjjjjjjjjj-600x454-300x227.jpg 300w\" sizes=\"(max-width: 600px) 100vw, 600px\" \/><\/a><\/p>\n<p>Levando mais melhorias para a \u00e1rea da sa\u00fade, a Prefeitura Municipal de Serra Branca foi contemplada na manh\u00e3 desta quarta-feira(23), com um novo\u00a0ve\u00edculo tipo VAN zero Km, com capacidade para 19 passageiros, destinado a Secretaria Municipal de Sa\u00fade.<\/p>\n<p>A conquista de mais um veiculo para a frota municipal, foi fruto de um recurso oriundo do Minist\u00e9rio da Sa\u00fade, atrav\u00e9s de uma emenda parlamentar do Deputado Federal Agnaldo Ribeiro para a cidade de Serra Branca.<\/p>\n<p>O prefeito Vicente Fialho (Sousinha) fez quest\u00e3o de ir receber a nova aquisi\u00e7\u00e3o para o munic\u00edpio. \u201c\u00c9 com imenso prazer que recebemos mais uma conquista para a \u00e1rea da sa\u00fade na nossa cidade. Com a aquisi\u00e7\u00e3o desse ve\u00edculo, os pacientes que necessitam de tratamento ter\u00e3o mais conforto e dignidade para realizarem seu tratamento, \u00e0s vezes tomamos medidas r\u00edgidas no sentido de conter gastos, mas a\u00ed est\u00e1 o retorno. Agradecemos o apoio e a parceria do Deputado Aguinaldo Ribeiro e seu compromisso com os serrabranquenses\u201d, agradeceu o prefeito Souzinha.<\/p>\n<p>Fonte: De Olho no Cariri<\/p>\n","protected":false},"excerpt":{"rendered":"<p>Levando mais melhorias para a \u00e1rea da sa\u00fade, a Prefeitura Municipal de Serra Branca foi contemplada na manh\u00e3 desta quarta-feira(23), com um novo\u00a0ve\u00edculo tipo VAN zero Km, com capacidade para 19 passageiros, destinado a Secretaria Municipal de Sa\u00fade. A conquista de mais um veiculo para a frota municipal, foi fruto de um recurso oriundo do Minist\u00e9rio da Sa\u00fade, atrav\u00e9s de uma emenda parlamentar do Deputado Federal Agnaldo Ribeiro para a cidade de Serra Branca. O prefeito Vicente Fialho (Sousinha) fez quest\u00e3o de ir receber a nova aquisi\u00e7\u00e3o para o munic\u00edpio. \u201c\u00c9 com imenso prazer que recebemos mais uma conquista para a \u00e1rea da sa\u00fade na nossa cidade. Com a aquisi\u00e7\u00e3o desse ve\u00edculo, os pacientes que necessitam de tratamento ter\u00e3o mais conforto e dignidade para realizarem seu tratamento, \u00e0s vezes tomamos medidas r\u00edgidas no sentido de conter gastos, mas a\u00ed est\u00e1 o retorno. Agradecemos o apoio e a parceria do Deputado Aguinaldo Ribeiro e seu compromisso com os serrabranquenses\u201d, agradeceu o prefeito Souzinha. Fonte: De Olho no Cariri<\/p>\n","protected":false},"author":2,"featured_media":15072,"comment_status":"closed","ping_status":"open","sticky":false,"template":"","format":"standard","meta":{"_eb_attr":"","_jetpack_memberships_contains_paid_content":false,"footnotes":""},"categories":[8],"tags":[],"class_list":["post-15071","post","type-post","status-publish","format-standard","has-post-thumbnail","hentry","category-saude"],"yoast_head":"<!-- This site is optimized with the Yoast SEO plugin v26.5 - https:\/\/yoast.com\/wordpress\/plugins\/seo\/ -->\n<title>Prefeitura de Serra Branca adquire Van 0 km para transporte de pacientes - Not&iacute;cias em Destaque<\/title>\n<meta name=\"robots\" content=\"index, follow, max-snippet:-1, max-image-preview:large, max-video-preview:-1\" \/>\n<link rel=\"canonical\" href=\"https:\/\/noticiasemdestaque.com\/cd\/?p=15071\" \/>\n<meta property=\"og:locale\" content=\"pt_BR\" \/>\n<meta property=\"og:type\" content=\"article\" \/>\n<meta property=\"og:title\" content=\"Prefeitura de Serra Branca adquire Van 0 km para transporte de pacientes - Not&iacute;cias em Destaque\" \/>\n<meta property=\"og:description\" content=\"Levando mais melhorias para a \u00e1rea da sa\u00fade, a Prefeitura Municipal de Serra Branca foi contemplada na manh\u00e3 desta quarta-feira(23), com um novo\u00a0ve\u00edculo tipo VAN zero Km, com capacidade para 19 passageiros, destinado a Secretaria Municipal de Sa\u00fade. A conquista de mais um veiculo para a frota municipal, foi fruto de um recurso oriundo do Minist\u00e9rio da Sa\u00fade, atrav\u00e9s de uma emenda parlamentar do Deputado Federal Agnaldo Ribeiro para a cidade de Serra Branca. O prefeito Vicente Fialho (Sousinha) fez quest\u00e3o de ir receber a nova aquisi\u00e7\u00e3o para o munic\u00edpio. \u201c\u00c9 com imenso prazer que recebemos mais uma conquista para a \u00e1rea da sa\u00fade na nossa cidade. Com a aquisi\u00e7\u00e3o desse ve\u00edculo, os pacientes que necessitam de tratamento ter\u00e3o mais conforto e dignidade para realizarem seu tratamento, \u00e0s vezes tomamos medidas r\u00edgidas no sentido de conter gastos, mas a\u00ed est\u00e1 o retorno. Agradecemos o apoio e a parceria do Deputado Aguinaldo Ribeiro e seu compromisso com os serrabranquenses\u201d, agradeceu o prefeito Souzinha. Fonte: De Olho no Cariri\" \/>\n<meta property=\"og:url\" content=\"https:\/\/noticiasemdestaque.com\/cd\/?p=15071\" \/>\n<meta property=\"og:site_name\" content=\"Not&iacute;cias em Destaque\" \/>\n<meta property=\"article:published_time\" content=\"2019-01-24T14:12:32+00:00\" \/>\n<meta property=\"og:image\" content=\"https:\/\/noticiasemdestaque.com\/cd\/wp-content\/uploads\/2019\/01\/jjjjjjjjjjj-600x454.jpg\" \/>\n\t<meta property=\"og:image:width\" content=\"600\" \/>\n\t<meta property=\"og:image:height\" content=\"454\" \/>\n\t<meta property=\"og:image:type\" content=\"image\/jpeg\" \/>\n<meta name=\"author\" content=\"Not\u00edcias em Destaque\" \/>\n<meta name=\"twitter:card\" content=\"summary_large_image\" \/>\n<meta name=\"twitter:label1\" content=\"Escrito por\" \/>\n\t<meta name=\"twitter:data1\" content=\"Not\u00edcias em Destaque\" \/>\n\t<meta name=\"twitter:label2\" content=\"Est. tempo de leitura\" \/>\n\t<meta name=\"twitter:data2\" content=\"1 minuto\" \/>\n<script type=\"application\/ld+json\" class=\"yoast-schema-graph\">{\"@context\":\"https:\/\/schema.org\",\"@graph\":[{\"@type\":\"Article\",\"@id\":\"https:\/\/noticiasemdestaque.com\/cd\/?p=15071#article\",\"isPartOf\":{\"@id\":\"https:\/\/noticiasemdestaque.com\/cd\/?p=15071\"},\"author\":{\"name\":\"Not\u00edcias em Destaque\",\"@id\":\"https:\/\/noticiasemdestaque.com\/cd\/#\/schema\/person\/47f7d4f55eec17c6b2ca036c5500f6ce\"},\"headline\":\"Prefeitura de Serra Branca adquire Van 0 km para transporte de pacientes\",\"datePublished\":\"2019-01-24T14:12:32+00:00\",\"mainEntityOfPage\":{\"@id\":\"https:\/\/noticiasemdestaque.com\/cd\/?p=15071\"},\"wordCount\":191,\"publisher\":{\"@id\":\"https:\/\/noticiasemdestaque.com\/cd\/#organization\"},\"image\":{\"@id\":\"https:\/\/noticiasemdestaque.com\/cd\/?p=15071#primaryimage\"},\"thumbnailUrl\":\"https:\/\/noticiasemdestaque.com\/cd\/wp-content\/uploads\/2019\/01\/jjjjjjjjjjj-600x454.jpg\",\"articleSection\":[\"Sa\u00fade\"],\"inLanguage\":\"pt-BR\"},{\"@type\":\"WebPage\",\"@id\":\"https:\/\/noticiasemdestaque.com\/cd\/?p=15071\",\"url\":\"https:\/\/noticiasemdestaque.com\/cd\/?p=15071\",\"name\":\"Prefeitura de Serra Branca adquire Van 0 km para transporte de pacientes - Not&iacute;cias em Destaque\",\"isPartOf\":{\"@id\":\"https:\/\/noticiasemdestaque.com\/cd\/#website\"},\"primaryImageOfPage\":{\"@id\":\"https:\/\/noticiasemdestaque.com\/cd\/?p=15071#primaryimage\"},\"image\":{\"@id\":\"https:\/\/noticiasemdestaque.com\/cd\/?p=15071#primaryimage\"},\"thumbnailUrl\":\"https:\/\/noticiasemdestaque.com\/cd\/wp-content\/uploads\/2019\/01\/jjjjjjjjjjj-600x454.jpg\",\"datePublished\":\"2019-01-24T14:12:32+00:00\",\"breadcrumb\":{\"@id\":\"https:\/\/noticiasemdestaque.com\/cd\/?p=15071#breadcrumb\"},\"inLanguage\":\"pt-BR\",\"potentialAction\":[{\"@type\":\"ReadAction\",\"target\":[\"https:\/\/noticiasemdestaque.com\/cd\/?p=15071\"]}]},{\"@type\":\"ImageObject\",\"inLanguage\":\"pt-BR\",\"@id\":\"https:\/\/noticiasemdestaque.com\/cd\/?p=15071#primaryimage\",\"url\":\"https:\/\/noticiasemdestaque.com\/cd\/wp-content\/uploads\/2019\/01\/jjjjjjjjjjj-600x454.jpg\",\"contentUrl\":\"https:\/\/noticiasemdestaque.com\/cd\/wp-content\/uploads\/2019\/01\/jjjjjjjjjjj-600x454.jpg\",\"width\":600,\"height\":454},{\"@type\":\"BreadcrumbList\",\"@id\":\"https:\/\/noticiasemdestaque.com\/cd\/?p=15071#breadcrumb\",\"itemListElement\":[{\"@type\":\"ListItem\",\"position\":1,\"name\":\"In\u00edcio\",\"item\":\"https:\/\/noticiasemdestaque.com\/cd\/\"},{\"@type\":\"ListItem\",\"position\":2,\"name\":\"Prefeitura de Serra Branca adquire Van 0 km para transporte de pacientes\"}]},{\"@type\":\"WebSite\",\"@id\":\"https:\/\/noticiasemdestaque.com\/cd\/#website\",\"url\":\"https:\/\/noticiasemdestaque.com\/cd\/\",\"name\":\"Not&iacute;cias em Destaque\",\"description\":\"\",\"publisher\":{\"@id\":\"https:\/\/noticiasemdestaque.com\/cd\/#organization\"},\"potentialAction\":[{\"@type\":\"SearchAction\",\"target\":{\"@type\":\"EntryPoint\",\"urlTemplate\":\"https:\/\/noticiasemdestaque.com\/cd\/?s={search_term_string}\"},\"query-input\":{\"@type\":\"PropertyValueSpecification\",\"valueRequired\":true,\"valueName\":\"search_term_string\"}}],\"inLanguage\":\"pt-BR\"},{\"@type\":\"Organization\",\"@id\":\"https:\/\/noticiasemdestaque.com\/cd\/#organization\",\"name\":\"Not\u00edcias em Destaque\",\"url\":\"https:\/\/noticiasemdestaque.com\/cd\/\",\"logo\":{\"@type\":\"ImageObject\",\"inLanguage\":\"pt-BR\",\"@id\":\"https:\/\/noticiasemdestaque.com\/cd\/#\/schema\/logo\/image\/\",\"url\":\"https:\/\/noticiasemdestaque.com\/cd\/wp-content\/uploads\/2022\/05\/imagem-base-noticiasemdestaque.png\",\"contentUrl\":\"https:\/\/noticiasemdestaque.com\/cd\/wp-content\/uploads\/2022\/05\/imagem-base-noticiasemdestaque.png\",\"width\":1200,\"height\":630,\"caption\":\"Not\u00edcias em Destaque\"},\"image\":{\"@id\":\"https:\/\/noticiasemdestaque.com\/cd\/#\/schema\/logo\/image\/\"}},{\"@type\":\"Person\",\"@id\":\"https:\/\/noticiasemdestaque.com\/cd\/#\/schema\/person\/47f7d4f55eec17c6b2ca036c5500f6ce\",\"name\":\"Not\u00edcias em Destaque\",\"url\":\"https:\/\/noticiasemdestaque.com\/cd\/?author=2\"}]}<\/script>\n<!-- \/ Yoast SEO plugin. -->","yoast_head_json":{"title":"Prefeitura de Serra Branca adquire Van 0 km para transporte de pacientes - Not&iacute;cias em Destaque","robots":{"index":"index","follow":"follow","max-snippet":"max-snippet:-1","max-image-preview":"max-image-preview:large","max-video-preview":"max-video-preview:-1"},"canonical":"https:\/\/noticiasemdestaque.com\/cd\/?p=15071","og_locale":"pt_BR","og_type":"article","og_title":"Prefeitura de Serra Branca adquire Van 0 km para transporte de pacientes - Not&iacute;cias em Destaque","og_description":"Levando mais melhorias para a \u00e1rea da sa\u00fade, a Prefeitura Municipal de Serra Branca foi contemplada na manh\u00e3 desta quarta-feira(23), com um novo\u00a0ve\u00edculo tipo VAN zero Km, com capacidade para 19 passageiros, destinado a Secretaria Municipal de Sa\u00fade. A conquista de mais um veiculo para a frota municipal, foi fruto de um recurso oriundo do Minist\u00e9rio da Sa\u00fade, atrav\u00e9s de uma emenda parlamentar do Deputado Federal Agnaldo Ribeiro para a cidade de Serra Branca. O prefeito Vicente Fialho (Sousinha) fez quest\u00e3o de ir receber a nova aquisi\u00e7\u00e3o para o munic\u00edpio. \u201c\u00c9 com imenso prazer que recebemos mais uma conquista para a \u00e1rea da sa\u00fade na nossa cidade. Com a aquisi\u00e7\u00e3o desse ve\u00edculo, os pacientes que necessitam de tratamento ter\u00e3o mais conforto e dignidade para realizarem seu tratamento, \u00e0s vezes tomamos medidas r\u00edgidas no sentido de conter gastos, mas a\u00ed est\u00e1 o retorno. Agradecemos o apoio e a parceria do Deputado Aguinaldo Ribeiro e seu compromisso com os serrabranquenses\u201d, agradeceu o prefeito Souzinha. Fonte: De Olho no Cariri","og_url":"https:\/\/noticiasemdestaque.com\/cd\/?p=15071","og_site_name":"Not&iacute;cias em Destaque","article_published_time":"2019-01-24T14:12:32+00:00","og_image":[{"width":600,"height":454,"url":"https:\/\/noticiasemdestaque.com\/cd\/wp-content\/uploads\/2019\/01\/jjjjjjjjjjj-600x454.jpg","type":"image\/jpeg"}],"author":"Not\u00edcias em Destaque","twitter_card":"summary_large_image","twitter_misc":{"Escrito por":"Not\u00edcias em Destaque","Est. tempo de leitura":"1 minuto"},"schema":{"@context":"https:\/\/schema.org","@graph":[{"@type":"Article","@id":"https:\/\/noticiasemdestaque.com\/cd\/?p=15071#article","isPartOf":{"@id":"https:\/\/noticiasemdestaque.com\/cd\/?p=15071"},"author":{"name":"Not\u00edcias em Destaque","@id":"https:\/\/noticiasemdestaque.com\/cd\/#\/schema\/person\/47f7d4f55eec17c6b2ca036c5500f6ce"},"headline":"Prefeitura de Serra Branca adquire Van 0 km para transporte de pacientes","datePublished":"2019-01-24T14:12:32+00:00","mainEntityOfPage":{"@id":"https:\/\/noticiasemdestaque.com\/cd\/?p=15071"},"wordCount":191,"publisher":{"@id":"https:\/\/noticiasemdestaque.com\/cd\/#organization"},"image":{"@id":"https:\/\/noticiasemdestaque.com\/cd\/?p=15071#primaryimage"},"thumbnailUrl":"https:\/\/noticiasemdestaque.com\/cd\/wp-content\/uploads\/2019\/01\/jjjjjjjjjjj-600x454.jpg","articleSection":["Sa\u00fade"],"inLanguage":"pt-BR"},{"@type":"WebPage","@id":"https:\/\/noticiasemdestaque.com\/cd\/?p=15071","url":"https:\/\/noticiasemdestaque.com\/cd\/?p=15071","name":"Prefeitura de Serra Branca adquire Van 0 km para transporte de pacientes - Not&iacute;cias em Destaque","isPartOf":{"@id":"https:\/\/noticiasemdestaque.com\/cd\/#website"},"primaryImageOfPage":{"@id":"https:\/\/noticiasemdestaque.com\/cd\/?p=15071#primaryimage"},"image":{"@id":"https:\/\/noticiasemdestaque.com\/cd\/?p=15071#primaryimage"},"thumbnailUrl":"https:\/\/noticiasemdestaque.com\/cd\/wp-content\/uploads\/2019\/01\/jjjjjjjjjjj-600x454.jpg","datePublished":"2019-01-24T14:12:32+00:00","breadcrumb":{"@id":"https:\/\/noticiasemdestaque.com\/cd\/?p=15071#breadcrumb"},"inLanguage":"pt-BR","potentialAction":[{"@type":"ReadAction","target":["https:\/\/noticiasemdestaque.com\/cd\/?p=15071"]}]},{"@type":"ImageObject","inLanguage":"pt-BR","@id":"https:\/\/noticiasemdestaque.com\/cd\/?p=15071#primaryimage","url":"https:\/\/noticiasemdestaque.com\/cd\/wp-content\/uploads\/2019\/01\/jjjjjjjjjjj-600x454.jpg","contentUrl":"https:\/\/noticiasemdestaque.com\/cd\/wp-content\/uploads\/2019\/01\/jjjjjjjjjjj-600x454.jpg","width":600,"height":454},{"@type":"BreadcrumbList","@id":"https:\/\/noticiasemdestaque.com\/cd\/?p=15071#breadcrumb","itemListElement":[{"@type":"ListItem","position":1,"name":"In\u00edcio","item":"https:\/\/noticiasemdestaque.com\/cd\/"},{"@type":"ListItem","position":2,"name":"Prefeitura de Serra Branca adquire Van 0 km para transporte de pacientes"}]},{"@type":"WebSite","@id":"https:\/\/noticiasemdestaque.com\/cd\/#website","url":"https:\/\/noticiasemdestaque.com\/cd\/","name":"Not&iacute;cias em Destaque","description":"","publisher":{"@id":"https:\/\/noticiasemdestaque.com\/cd\/#organization"},"potentialAction":[{"@type":"SearchAction","target":{"@type":"EntryPoint","urlTemplate":"https:\/\/noticiasemdestaque.com\/cd\/?s={search_term_string}"},"query-input":{"@type":"PropertyValueSpecification","valueRequired":true,"valueName":"search_term_string"}}],"inLanguage":"pt-BR"},{"@type":"Organization","@id":"https:\/\/noticiasemdestaque.com\/cd\/#organization","name":"Not\u00edcias em Destaque","url":"https:\/\/noticiasemdestaque.com\/cd\/","logo":{"@type":"ImageObject","inLanguage":"pt-BR","@id":"https:\/\/noticiasemdestaque.com\/cd\/#\/schema\/logo\/image\/","url":"https:\/\/noticiasemdestaque.com\/cd\/wp-content\/uploads\/2022\/05\/imagem-base-noticiasemdestaque.png","contentUrl":"https:\/\/noticiasemdestaque.com\/cd\/wp-content\/uploads\/2022\/05\/imagem-base-noticiasemdestaque.png","width":1200,"height":630,"caption":"Not\u00edcias em Destaque"},"image":{"@id":"https:\/\/noticiasemdestaque.com\/cd\/#\/schema\/logo\/image\/"}},{"@type":"Person","@id":"https:\/\/noticiasemdestaque.com\/cd\/#\/schema\/person\/47f7d4f55eec17c6b2ca036c5500f6ce","name":"Not\u00edcias em Destaque","url":"https:\/\/noticiasemdestaque.com\/cd\/?author=2"}]}},"jetpack_featured_media_url":"https:\/\/noticiasemdestaque.com\/cd\/wp-content\/uploads\/2019\/01\/jjjjjjjjjjj-600x454.jpg","jetpack_sharing_enabled":true,"_links":{"self":[{"href":"https:\/\/noticiasemdestaque.com\/cd\/index.php?rest_route=\/wp\/v2\/posts\/15071","targetHints":{"allow":["GET"]}}],"collection":[{"href":"https:\/\/noticiasemdestaque.com\/cd\/index.php?rest_route=\/wp\/v2\/posts"}],"about":[{"href":"https:\/\/noticiasemdestaque.com\/cd\/index.php?rest_route=\/wp\/v2\/types\/post"}],"author":[{"embeddable":true,"href":"https:\/\/noticiasemdestaque.com\/cd\/index.php?rest_route=\/wp\/v2\/users\/2"}],"replies":[{"embeddable":true,"href":"https:\/\/noticiasemdestaque.com\/cd\/index.php?rest_route=%2Fwp%2Fv2%2Fcomments&post=15071"}],"version-history":[{"count":1,"href":"https:\/\/noticiasemdestaque.com\/cd\/index.php?rest_route=\/wp\/v2\/posts\/15071\/revisions"}],"predecessor-version":[{"id":15073,"href":"https:\/\/noticiasemdestaque.com\/cd\/index.php?rest_route=\/wp\/v2\/posts\/15071\/revisions\/15073"}],"wp:featuredmedia":[{"embeddable":true,"href":"https:\/\/noticiasemdestaque.com\/cd\/index.php?rest_route=\/wp\/v2\/media\/15072"}],"wp:attachment":[{"href":"https:\/\/noticiasemdestaque.com\/cd\/index.php?rest_route=%2Fwp%2Fv2%2Fmedia&parent=15071"}],"wp:term":[{"taxonomy":"category","embeddable":true,"href":"https:\/\/noticiasemdestaque.com\/cd\/index.php?rest_route=%2Fwp%2Fv2%2Fcategories&post=15071"},{"taxonomy":"post_tag","embeddable":true,"href":"https:\/\/noticiasemdestaque.com\/cd\/index.php?rest_route=%2Fwp%2Fv2%2Ftags&post=15071"}],"curies":[{"name":"wp","href":"https:\/\/api.w.org\/{rel}","templated":true}]}}