{"id":15035,"date":"2019-01-22T21:12:32","date_gmt":"2019-01-23T00:12:32","guid":{"rendered":"http:\/\/noticiasemdestaque.com\/cd\/?p=15035"},"modified":"2019-01-22T21:12:32","modified_gmt":"2019-01-23T00:12:32","slug":"prefeito-eden-discute-projetos-de-lei-com-o-novo-presidente-do-legislativo-sumeense","status":"publish","type":"post","link":"https:\/\/noticiasemdestaque.com\/cd\/?p=15035","title":{"rendered":"Prefeito \u00c9den discute projetos de lei com o novo presidente do Legislativo sumeense"},"content":{"rendered":"<p><a href=\"https:\/\/noticiasemdestaque.com\/cd\/wp-content\/uploads\/2019\/01\/Pref-Eden-x-ver-Bomba.jpg\"><img fetchpriority=\"high\" decoding=\"async\" class=\"wp-image-15036 aligncenter\" src=\"https:\/\/noticiasemdestaque.com\/cd\/wp-content\/uploads\/2019\/01\/Pref-Eden-x-ver-Bomba-1024x768.jpg\" alt=\"\" width=\"498\" height=\"374\" srcset=\"https:\/\/noticiasemdestaque.com\/cd\/wp-content\/uploads\/2019\/01\/Pref-Eden-x-ver-Bomba.jpg 1024w, https:\/\/noticiasemdestaque.com\/cd\/wp-content\/uploads\/2019\/01\/Pref-Eden-x-ver-Bomba-300x225.jpg 300w, https:\/\/noticiasemdestaque.com\/cd\/wp-content\/uploads\/2019\/01\/Pref-Eden-x-ver-Bomba-768x576.jpg 768w, https:\/\/noticiasemdestaque.com\/cd\/wp-content\/uploads\/2019\/01\/Pref-Eden-x-ver-Bomba-640x480.jpg 640w\" sizes=\"(max-width: 498px) 100vw, 498px\" \/><\/a><\/p>\n<p>O prefeito \u00c9den Duarte esteve reunido na C\u00e2mara de Vereadores de Sum\u00e9, nessa segunda-feira (21), para conversar com o atual presidente do Legislativo sumeense, vereador Le\u00f4nidas Albino (Bomba). Al\u00e9m de uma visita de cortesia, o encontro serviu tamb\u00e9m para discutir projetos que ser\u00e3o apresentados visando o desenvolvimento do munic\u00edpio.<\/p>\n<p>O vereador Bomba era o l\u00edder do governo do prefeito \u00c9den antes de assumir a presid\u00eancia da C\u00e2mara. A partir desse m\u00eas de janeiro, ele deixou a fun\u00e7\u00e3o para se dedicar \u00e0 presid\u00eancia do Legislativo sumeense, cargo para o qual foi eleito para o bi\u00eanio 2019-2020.<\/p>\n<p>\u00c9den tratou com o presidente o projeto de lei do novo piso salarial dos Agentes Comunit\u00e1rios de Sa\u00fade e Agentes de Endemias. O prefeito j\u00e1 vinha conversando o assunto com alguns membros da categoria e com o vereador Ant\u00f4nio Carlos.<\/p>\n<p>O prefeito ainda falou sobre a adutora para o Assentamento Mandacaru que ele est\u00e1 pleiteando junto ao Governo do Estado e o projeto de lei de aumento para R$ 5 mil\/m\u00eas da bolsa dos alunos da Filarm\u00f4nica Maestro Ant\u00f4nio Josu\u00e9 de Lima, al\u00e9m de outras demandas que ser\u00e3o remetidas \u00e0 C\u00e2mara de Vereadores durante esse ano de 2019.<\/p>\n<p>Para \u00c9den, esse di\u00e1logo constante com o legislativo evidencia o princ\u00edpio da harmonia que h\u00e1 entre os poderes constitu\u00eddos do munic\u00edpio visando o bem-estar da popula\u00e7\u00e3o.<\/p>\n<p>Ascom PMS<\/p>\n","protected":false},"excerpt":{"rendered":"<p>O prefeito \u00c9den Duarte esteve reunido na C\u00e2mara de Vereadores de Sum\u00e9, nessa segunda-feira (21), para conversar com o atual presidente do Legislativo sumeense, vereador Le\u00f4nidas Albino (Bomba). Al\u00e9m de uma visita de cortesia, o encontro serviu tamb\u00e9m para discutir projetos que ser\u00e3o apresentados visando o desenvolvimento do munic\u00edpio. O vereador Bomba era o l\u00edder do governo do prefeito \u00c9den antes de assumir a presid\u00eancia da C\u00e2mara. A partir desse m\u00eas de janeiro, ele deixou a fun\u00e7\u00e3o para se dedicar \u00e0 presid\u00eancia do Legislativo sumeense, cargo para o qual foi eleito para o bi\u00eanio 2019-2020. \u00c9den tratou com o presidente o projeto de lei do novo piso salarial dos Agentes Comunit\u00e1rios de Sa\u00fade e Agentes de Endemias. O prefeito j\u00e1 vinha conversando o assunto com alguns membros da categoria e com o vereador Ant\u00f4nio Carlos. O prefeito ainda falou sobre a adutora para o Assentamento Mandacaru que ele est\u00e1 pleiteando junto ao Governo do Estado e o projeto de lei de aumento para R$ 5 mil\/m\u00eas da bolsa dos alunos da Filarm\u00f4nica Maestro Ant\u00f4nio Josu\u00e9 de Lima, al\u00e9m de outras demandas que ser\u00e3o remetidas \u00e0 C\u00e2mara de Vereadores durante esse ano de 2019. Para \u00c9den, esse di\u00e1logo constante com o legislativo evidencia o princ\u00edpio da harmonia que h\u00e1 entre os poderes constitu\u00eddos do munic\u00edpio visando o bem-estar da popula\u00e7\u00e3o. Ascom PMS<\/p>\n","protected":false},"author":2,"featured_media":15036,"comment_status":"closed","ping_status":"open","sticky":false,"template":"","format":"standard","meta":{"_eb_attr":"","_jetpack_memberships_contains_paid_content":false,"footnotes":""},"categories":[4],"tags":[],"class_list":["post-15035","post","type-post","status-publish","format-standard","has-post-thumbnail","hentry","category-politica"],"yoast_head":"<!-- This site is optimized with the Yoast SEO plugin v26.5 - https:\/\/yoast.com\/wordpress\/plugins\/seo\/ -->\n<title>Prefeito \u00c9den discute projetos de lei com o novo presidente do Legislativo sumeense - Not&iacute;cias em Destaque<\/title>\n<meta name=\"robots\" content=\"index, follow, max-snippet:-1, max-image-preview:large, max-video-preview:-1\" \/>\n<link rel=\"canonical\" href=\"https:\/\/noticiasemdestaque.com\/cd\/?p=15035\" \/>\n<meta property=\"og:locale\" content=\"pt_BR\" \/>\n<meta property=\"og:type\" content=\"article\" \/>\n<meta property=\"og:title\" content=\"Prefeito \u00c9den discute projetos de lei com o novo presidente do Legislativo sumeense - Not&iacute;cias em Destaque\" \/>\n<meta property=\"og:description\" content=\"O prefeito \u00c9den Duarte esteve reunido na C\u00e2mara de Vereadores de Sum\u00e9, nessa segunda-feira (21), para conversar com o atual presidente do Legislativo sumeense, vereador Le\u00f4nidas Albino (Bomba). Al\u00e9m de uma visita de cortesia, o encontro serviu tamb\u00e9m para discutir projetos que ser\u00e3o apresentados visando o desenvolvimento do munic\u00edpio. O vereador Bomba era o l\u00edder do governo do prefeito \u00c9den antes de assumir a presid\u00eancia da C\u00e2mara. A partir desse m\u00eas de janeiro, ele deixou a fun\u00e7\u00e3o para se dedicar \u00e0 presid\u00eancia do Legislativo sumeense, cargo para o qual foi eleito para o bi\u00eanio 2019-2020. \u00c9den tratou com o presidente o projeto de lei do novo piso salarial dos Agentes Comunit\u00e1rios de Sa\u00fade e Agentes de Endemias. O prefeito j\u00e1 vinha conversando o assunto com alguns membros da categoria e com o vereador Ant\u00f4nio Carlos. O prefeito ainda falou sobre a adutora para o Assentamento Mandacaru que ele est\u00e1 pleiteando junto ao Governo do Estado e o projeto de lei de aumento para R$ 5 mil\/m\u00eas da bolsa dos alunos da Filarm\u00f4nica Maestro Ant\u00f4nio Josu\u00e9 de Lima, al\u00e9m de outras demandas que ser\u00e3o remetidas \u00e0 C\u00e2mara de Vereadores durante esse ano de 2019. Para \u00c9den, esse di\u00e1logo constante com o legislativo evidencia o princ\u00edpio da harmonia que h\u00e1 entre os poderes constitu\u00eddos do munic\u00edpio visando o bem-estar da popula\u00e7\u00e3o. Ascom PMS\" \/>\n<meta property=\"og:url\" content=\"https:\/\/noticiasemdestaque.com\/cd\/?p=15035\" \/>\n<meta property=\"og:site_name\" content=\"Not&iacute;cias em Destaque\" \/>\n<meta property=\"article:published_time\" content=\"2019-01-23T00:12:32+00:00\" \/>\n<meta property=\"og:image\" content=\"https:\/\/noticiasemdestaque.com\/cd\/wp-content\/uploads\/2019\/01\/Pref-Eden-x-ver-Bomba.jpg\" \/>\n\t<meta property=\"og:image:width\" content=\"1024\" \/>\n\t<meta property=\"og:image:height\" content=\"768\" \/>\n\t<meta property=\"og:image:type\" content=\"image\/jpeg\" \/>\n<meta name=\"author\" content=\"Not\u00edcias em Destaque\" \/>\n<meta name=\"twitter:card\" content=\"summary_large_image\" \/>\n<meta name=\"twitter:label1\" content=\"Escrito por\" \/>\n\t<meta name=\"twitter:data1\" content=\"Not\u00edcias em Destaque\" \/>\n\t<meta name=\"twitter:label2\" content=\"Est. tempo de leitura\" \/>\n\t<meta name=\"twitter:data2\" content=\"1 minuto\" \/>\n<script type=\"application\/ld+json\" class=\"yoast-schema-graph\">{\"@context\":\"https:\/\/schema.org\",\"@graph\":[{\"@type\":\"Article\",\"@id\":\"https:\/\/noticiasemdestaque.com\/cd\/?p=15035#article\",\"isPartOf\":{\"@id\":\"https:\/\/noticiasemdestaque.com\/cd\/?p=15035\"},\"author\":{\"name\":\"Not\u00edcias em Destaque\",\"@id\":\"https:\/\/noticiasemdestaque.com\/cd\/#\/schema\/person\/47f7d4f55eec17c6b2ca036c5500f6ce\"},\"headline\":\"Prefeito \u00c9den discute projetos de lei com o novo presidente do Legislativo sumeense\",\"datePublished\":\"2019-01-23T00:12:32+00:00\",\"mainEntityOfPage\":{\"@id\":\"https:\/\/noticiasemdestaque.com\/cd\/?p=15035\"},\"wordCount\":257,\"publisher\":{\"@id\":\"https:\/\/noticiasemdestaque.com\/cd\/#organization\"},\"image\":{\"@id\":\"https:\/\/noticiasemdestaque.com\/cd\/?p=15035#primaryimage\"},\"thumbnailUrl\":\"https:\/\/noticiasemdestaque.com\/cd\/wp-content\/uploads\/2019\/01\/Pref-Eden-x-ver-Bomba.jpg\",\"articleSection\":[\"Pol\u00edtica\"],\"inLanguage\":\"pt-BR\"},{\"@type\":\"WebPage\",\"@id\":\"https:\/\/noticiasemdestaque.com\/cd\/?p=15035\",\"url\":\"https:\/\/noticiasemdestaque.com\/cd\/?p=15035\",\"name\":\"Prefeito \u00c9den discute projetos de lei com o novo presidente do Legislativo sumeense - Not&iacute;cias em Destaque\",\"isPartOf\":{\"@id\":\"https:\/\/noticiasemdestaque.com\/cd\/#website\"},\"primaryImageOfPage\":{\"@id\":\"https:\/\/noticiasemdestaque.com\/cd\/?p=15035#primaryimage\"},\"image\":{\"@id\":\"https:\/\/noticiasemdestaque.com\/cd\/?p=15035#primaryimage\"},\"thumbnailUrl\":\"https:\/\/noticiasemdestaque.com\/cd\/wp-content\/uploads\/2019\/01\/Pref-Eden-x-ver-Bomba.jpg\",\"datePublished\":\"2019-01-23T00:12:32+00:00\",\"breadcrumb\":{\"@id\":\"https:\/\/noticiasemdestaque.com\/cd\/?p=15035#breadcrumb\"},\"inLanguage\":\"pt-BR\",\"potentialAction\":[{\"@type\":\"ReadAction\",\"target\":[\"https:\/\/noticiasemdestaque.com\/cd\/?p=15035\"]}]},{\"@type\":\"ImageObject\",\"inLanguage\":\"pt-BR\",\"@id\":\"https:\/\/noticiasemdestaque.com\/cd\/?p=15035#primaryimage\",\"url\":\"https:\/\/noticiasemdestaque.com\/cd\/wp-content\/uploads\/2019\/01\/Pref-Eden-x-ver-Bomba.jpg\",\"contentUrl\":\"https:\/\/noticiasemdestaque.com\/cd\/wp-content\/uploads\/2019\/01\/Pref-Eden-x-ver-Bomba.jpg\",\"width\":1024,\"height\":768},{\"@type\":\"BreadcrumbList\",\"@id\":\"https:\/\/noticiasemdestaque.com\/cd\/?p=15035#breadcrumb\",\"itemListElement\":[{\"@type\":\"ListItem\",\"position\":1,\"name\":\"In\u00edcio\",\"item\":\"https:\/\/noticiasemdestaque.com\/cd\/\"},{\"@type\":\"ListItem\",\"position\":2,\"name\":\"Prefeito \u00c9den discute projetos de lei com o novo presidente do Legislativo sumeense\"}]},{\"@type\":\"WebSite\",\"@id\":\"https:\/\/noticiasemdestaque.com\/cd\/#website\",\"url\":\"https:\/\/noticiasemdestaque.com\/cd\/\",\"name\":\"Not&iacute;cias em Destaque\",\"description\":\"\",\"publisher\":{\"@id\":\"https:\/\/noticiasemdestaque.com\/cd\/#organization\"},\"potentialAction\":[{\"@type\":\"SearchAction\",\"target\":{\"@type\":\"EntryPoint\",\"urlTemplate\":\"https:\/\/noticiasemdestaque.com\/cd\/?s={search_term_string}\"},\"query-input\":{\"@type\":\"PropertyValueSpecification\",\"valueRequired\":true,\"valueName\":\"search_term_string\"}}],\"inLanguage\":\"pt-BR\"},{\"@type\":\"Organization\",\"@id\":\"https:\/\/noticiasemdestaque.com\/cd\/#organization\",\"name\":\"Not\u00edcias em Destaque\",\"url\":\"https:\/\/noticiasemdestaque.com\/cd\/\",\"logo\":{\"@type\":\"ImageObject\",\"inLanguage\":\"pt-BR\",\"@id\":\"https:\/\/noticiasemdestaque.com\/cd\/#\/schema\/logo\/image\/\",\"url\":\"https:\/\/noticiasemdestaque.com\/cd\/wp-content\/uploads\/2022\/05\/imagem-base-noticiasemdestaque.png\",\"contentUrl\":\"https:\/\/noticiasemdestaque.com\/cd\/wp-content\/uploads\/2022\/05\/imagem-base-noticiasemdestaque.png\",\"width\":1200,\"height\":630,\"caption\":\"Not\u00edcias em Destaque\"},\"image\":{\"@id\":\"https:\/\/noticiasemdestaque.com\/cd\/#\/schema\/logo\/image\/\"}},{\"@type\":\"Person\",\"@id\":\"https:\/\/noticiasemdestaque.com\/cd\/#\/schema\/person\/47f7d4f55eec17c6b2ca036c5500f6ce\",\"name\":\"Not\u00edcias em Destaque\",\"url\":\"https:\/\/noticiasemdestaque.com\/cd\/?author=2\"}]}<\/script>\n<!-- \/ Yoast SEO plugin. -->","yoast_head_json":{"title":"Prefeito \u00c9den discute projetos de lei com o novo presidente do Legislativo sumeense - Not&iacute;cias em Destaque","robots":{"index":"index","follow":"follow","max-snippet":"max-snippet:-1","max-image-preview":"max-image-preview:large","max-video-preview":"max-video-preview:-1"},"canonical":"https:\/\/noticiasemdestaque.com\/cd\/?p=15035","og_locale":"pt_BR","og_type":"article","og_title":"Prefeito \u00c9den discute projetos de lei com o novo presidente do Legislativo sumeense - Not&iacute;cias em Destaque","og_description":"O prefeito \u00c9den Duarte esteve reunido na C\u00e2mara de Vereadores de Sum\u00e9, nessa segunda-feira (21), para conversar com o atual presidente do Legislativo sumeense, vereador Le\u00f4nidas Albino (Bomba). Al\u00e9m de uma visita de cortesia, o encontro serviu tamb\u00e9m para discutir projetos que ser\u00e3o apresentados visando o desenvolvimento do munic\u00edpio. O vereador Bomba era o l\u00edder do governo do prefeito \u00c9den antes de assumir a presid\u00eancia da C\u00e2mara. A partir desse m\u00eas de janeiro, ele deixou a fun\u00e7\u00e3o para se dedicar \u00e0 presid\u00eancia do Legislativo sumeense, cargo para o qual foi eleito para o bi\u00eanio 2019-2020. \u00c9den tratou com o presidente o projeto de lei do novo piso salarial dos Agentes Comunit\u00e1rios de Sa\u00fade e Agentes de Endemias. O prefeito j\u00e1 vinha conversando o assunto com alguns membros da categoria e com o vereador Ant\u00f4nio Carlos. O prefeito ainda falou sobre a adutora para o Assentamento Mandacaru que ele est\u00e1 pleiteando junto ao Governo do Estado e o projeto de lei de aumento para R$ 5 mil\/m\u00eas da bolsa dos alunos da Filarm\u00f4nica Maestro Ant\u00f4nio Josu\u00e9 de Lima, al\u00e9m de outras demandas que ser\u00e3o remetidas \u00e0 C\u00e2mara de Vereadores durante esse ano de 2019. Para \u00c9den, esse di\u00e1logo constante com o legislativo evidencia o princ\u00edpio da harmonia que h\u00e1 entre os poderes constitu\u00eddos do munic\u00edpio visando o bem-estar da popula\u00e7\u00e3o. Ascom PMS","og_url":"https:\/\/noticiasemdestaque.com\/cd\/?p=15035","og_site_name":"Not&iacute;cias em Destaque","article_published_time":"2019-01-23T00:12:32+00:00","og_image":[{"width":1024,"height":768,"url":"https:\/\/noticiasemdestaque.com\/cd\/wp-content\/uploads\/2019\/01\/Pref-Eden-x-ver-Bomba.jpg","type":"image\/jpeg"}],"author":"Not\u00edcias em Destaque","twitter_card":"summary_large_image","twitter_misc":{"Escrito por":"Not\u00edcias em Destaque","Est. tempo de leitura":"1 minuto"},"schema":{"@context":"https:\/\/schema.org","@graph":[{"@type":"Article","@id":"https:\/\/noticiasemdestaque.com\/cd\/?p=15035#article","isPartOf":{"@id":"https:\/\/noticiasemdestaque.com\/cd\/?p=15035"},"author":{"name":"Not\u00edcias em Destaque","@id":"https:\/\/noticiasemdestaque.com\/cd\/#\/schema\/person\/47f7d4f55eec17c6b2ca036c5500f6ce"},"headline":"Prefeito \u00c9den discute projetos de lei com o novo presidente do Legislativo sumeense","datePublished":"2019-01-23T00:12:32+00:00","mainEntityOfPage":{"@id":"https:\/\/noticiasemdestaque.com\/cd\/?p=15035"},"wordCount":257,"publisher":{"@id":"https:\/\/noticiasemdestaque.com\/cd\/#organization"},"image":{"@id":"https:\/\/noticiasemdestaque.com\/cd\/?p=15035#primaryimage"},"thumbnailUrl":"https:\/\/noticiasemdestaque.com\/cd\/wp-content\/uploads\/2019\/01\/Pref-Eden-x-ver-Bomba.jpg","articleSection":["Pol\u00edtica"],"inLanguage":"pt-BR"},{"@type":"WebPage","@id":"https:\/\/noticiasemdestaque.com\/cd\/?p=15035","url":"https:\/\/noticiasemdestaque.com\/cd\/?p=15035","name":"Prefeito \u00c9den discute projetos de lei com o novo presidente do Legislativo sumeense - Not&iacute;cias em Destaque","isPartOf":{"@id":"https:\/\/noticiasemdestaque.com\/cd\/#website"},"primaryImageOfPage":{"@id":"https:\/\/noticiasemdestaque.com\/cd\/?p=15035#primaryimage"},"image":{"@id":"https:\/\/noticiasemdestaque.com\/cd\/?p=15035#primaryimage"},"thumbnailUrl":"https:\/\/noticiasemdestaque.com\/cd\/wp-content\/uploads\/2019\/01\/Pref-Eden-x-ver-Bomba.jpg","datePublished":"2019-01-23T00:12:32+00:00","breadcrumb":{"@id":"https:\/\/noticiasemdestaque.com\/cd\/?p=15035#breadcrumb"},"inLanguage":"pt-BR","potentialAction":[{"@type":"ReadAction","target":["https:\/\/noticiasemdestaque.com\/cd\/?p=15035"]}]},{"@type":"ImageObject","inLanguage":"pt-BR","@id":"https:\/\/noticiasemdestaque.com\/cd\/?p=15035#primaryimage","url":"https:\/\/noticiasemdestaque.com\/cd\/wp-content\/uploads\/2019\/01\/Pref-Eden-x-ver-Bomba.jpg","contentUrl":"https:\/\/noticiasemdestaque.com\/cd\/wp-content\/uploads\/2019\/01\/Pref-Eden-x-ver-Bomba.jpg","width":1024,"height":768},{"@type":"BreadcrumbList","@id":"https:\/\/noticiasemdestaque.com\/cd\/?p=15035#breadcrumb","itemListElement":[{"@type":"ListItem","position":1,"name":"In\u00edcio","item":"https:\/\/noticiasemdestaque.com\/cd\/"},{"@type":"ListItem","position":2,"name":"Prefeito \u00c9den discute projetos de lei com o novo presidente do Legislativo sumeense"}]},{"@type":"WebSite","@id":"https:\/\/noticiasemdestaque.com\/cd\/#website","url":"https:\/\/noticiasemdestaque.com\/cd\/","name":"Not&iacute;cias em Destaque","description":"","publisher":{"@id":"https:\/\/noticiasemdestaque.com\/cd\/#organization"},"potentialAction":[{"@type":"SearchAction","target":{"@type":"EntryPoint","urlTemplate":"https:\/\/noticiasemdestaque.com\/cd\/?s={search_term_string}"},"query-input":{"@type":"PropertyValueSpecification","valueRequired":true,"valueName":"search_term_string"}}],"inLanguage":"pt-BR"},{"@type":"Organization","@id":"https:\/\/noticiasemdestaque.com\/cd\/#organization","name":"Not\u00edcias em Destaque","url":"https:\/\/noticiasemdestaque.com\/cd\/","logo":{"@type":"ImageObject","inLanguage":"pt-BR","@id":"https:\/\/noticiasemdestaque.com\/cd\/#\/schema\/logo\/image\/","url":"https:\/\/noticiasemdestaque.com\/cd\/wp-content\/uploads\/2022\/05\/imagem-base-noticiasemdestaque.png","contentUrl":"https:\/\/noticiasemdestaque.com\/cd\/wp-content\/uploads\/2022\/05\/imagem-base-noticiasemdestaque.png","width":1200,"height":630,"caption":"Not\u00edcias em Destaque"},"image":{"@id":"https:\/\/noticiasemdestaque.com\/cd\/#\/schema\/logo\/image\/"}},{"@type":"Person","@id":"https:\/\/noticiasemdestaque.com\/cd\/#\/schema\/person\/47f7d4f55eec17c6b2ca036c5500f6ce","name":"Not\u00edcias em Destaque","url":"https:\/\/noticiasemdestaque.com\/cd\/?author=2"}]}},"jetpack_featured_media_url":"https:\/\/noticiasemdestaque.com\/cd\/wp-content\/uploads\/2019\/01\/Pref-Eden-x-ver-Bomba.jpg","jetpack_sharing_enabled":true,"_links":{"self":[{"href":"https:\/\/noticiasemdestaque.com\/cd\/index.php?rest_route=\/wp\/v2\/posts\/15035","targetHints":{"allow":["GET"]}}],"collection":[{"href":"https:\/\/noticiasemdestaque.com\/cd\/index.php?rest_route=\/wp\/v2\/posts"}],"about":[{"href":"https:\/\/noticiasemdestaque.com\/cd\/index.php?rest_route=\/wp\/v2\/types\/post"}],"author":[{"embeddable":true,"href":"https:\/\/noticiasemdestaque.com\/cd\/index.php?rest_route=\/wp\/v2\/users\/2"}],"replies":[{"embeddable":true,"href":"https:\/\/noticiasemdestaque.com\/cd\/index.php?rest_route=%2Fwp%2Fv2%2Fcomments&post=15035"}],"version-history":[{"count":1,"href":"https:\/\/noticiasemdestaque.com\/cd\/index.php?rest_route=\/wp\/v2\/posts\/15035\/revisions"}],"predecessor-version":[{"id":15037,"href":"https:\/\/noticiasemdestaque.com\/cd\/index.php?rest_route=\/wp\/v2\/posts\/15035\/revisions\/15037"}],"wp:featuredmedia":[{"embeddable":true,"href":"https:\/\/noticiasemdestaque.com\/cd\/index.php?rest_route=\/wp\/v2\/media\/15036"}],"wp:attachment":[{"href":"https:\/\/noticiasemdestaque.com\/cd\/index.php?rest_route=%2Fwp%2Fv2%2Fmedia&parent=15035"}],"wp:term":[{"taxonomy":"category","embeddable":true,"href":"https:\/\/noticiasemdestaque.com\/cd\/index.php?rest_route=%2Fwp%2Fv2%2Fcategories&post=15035"},{"taxonomy":"post_tag","embeddable":true,"href":"https:\/\/noticiasemdestaque.com\/cd\/index.php?rest_route=%2Fwp%2Fv2%2Ftags&post=15035"}],"curies":[{"name":"wp","href":"https:\/\/api.w.org\/{rel}","templated":true}]}}