{"id":15032,"date":"2019-01-22T21:08:02","date_gmt":"2019-01-23T00:08:02","guid":{"rendered":"http:\/\/noticiasemdestaque.com\/cd\/?p=15032"},"modified":"2019-01-22T21:08:02","modified_gmt":"2019-01-23T00:08:02","slug":"apos-sucesso-e-grande-procura-desenvolvimento-social-oferece-novas-vagas-para-o-curso-de-cuidador-de-idosos","status":"publish","type":"post","link":"https:\/\/noticiasemdestaque.com\/cd\/?p=15032","title":{"rendered":"Ap\u00f3s sucesso e grande procura, Desenvolvimento Social oferece novas vagas para o curso de Cuidador de Idosos"},"content":{"rendered":"<p><a href=\"https:\/\/noticiasemdestaque.com\/cd\/wp-content\/uploads\/2019\/01\/cuidador.jpg\"><img fetchpriority=\"high\" decoding=\"async\" class=\"size-full wp-image-15033 aligncenter\" src=\"https:\/\/noticiasemdestaque.com\/cd\/wp-content\/uploads\/2019\/01\/cuidador.jpg\" alt=\"\" width=\"633\" height=\"470\" srcset=\"https:\/\/noticiasemdestaque.com\/cd\/wp-content\/uploads\/2019\/01\/cuidador.jpg 633w, https:\/\/noticiasemdestaque.com\/cd\/wp-content\/uploads\/2019\/01\/cuidador-300x223.jpg 300w\" sizes=\"(max-width: 633px) 100vw, 633px\" \/><\/a><\/p>\n<p>\u00c9 percept\u00edvel o aumento da expectativa de vida no pa\u00eds, e na cidade de Monteiro, a profiss\u00e3o de cuidador de idosos \u00e9 cada vez mais requisitada pelas fam\u00edlias e institui\u00e7\u00f5es. A partir disto, a Secretaria de Desenvolvimento Social da cidade do munic\u00edpio de Monteiro abriu uma turma no \u00faltimo semestre de 2018, e devido ao grande sucesso obtido no curso e pelos alunos, a Prefeitura abriu novas vagas para 2019.<\/p>\n<p>As inscri\u00e7\u00f5es para esta pr\u00f3xima turma podem ser feitas at\u00e9 a pr\u00f3xima quinta-feira, 24. Est\u00e3o sendo ofertadas 20 vagas.\u00a0 O curso b\u00e1sico de Cuidador de Idoso como op\u00e7\u00e3o de capacita\u00e7\u00e3o profissional \u00e9 totalmente gratuito, devendo o interessado procurar a Secretaria de Desenvolvimento Social.<\/p>\n<p>O curso de Cuidador de Idosos oferece aulas te\u00f3ricas e pr\u00e1ticas, com no\u00e7\u00f5es de anatomia e fisiologia humana; altera\u00e7\u00f5es fisiol\u00f3gicas do envelhecimento; doen\u00e7as; como administrar medica\u00e7\u00f5es; alimenta\u00e7\u00e3o; est\u00edmulo \u00e0 mobilidade e a cogni\u00e7\u00e3o; banho e higiene e preven\u00e7\u00e3o de quedas.<\/p>\n<p>COMO PROCEDER<\/p>\n<p>Inscri\u00e7\u00f5es para nova turma Curso de Cuidador de Idosos \u2013de 21 a 24 de janeiro de 2019<\/p>\n<p>Os interessados em participar devem comparecer a sede da Secretaria de Desenvolvimento Social, localizada na Rua Professora Maria da Salete, 267 \u2013 Alto de S\u00e3o Vicente, portando RG e CPF e possuir o Cadastro \u00danico, de segunda a sexta-feira, das 07h:30 \u00e0s 13h:00 ou obterem informa\u00e7\u00f5es atrav\u00e9s do telefone 3351.1810.<\/p>\n<p>Comece a atuar numa das profiss\u00f5es de maior demanda fazendo um futuro cada vez melhor.<\/p>\n","protected":false},"excerpt":{"rendered":"<p>\u00c9 percept\u00edvel o aumento da expectativa de vida no pa\u00eds, e na cidade de Monteiro, a profiss\u00e3o de cuidador de idosos \u00e9 cada vez mais requisitada pelas fam\u00edlias e institui\u00e7\u00f5es. A partir disto, a Secretaria de Desenvolvimento Social da cidade do munic\u00edpio de Monteiro abriu uma turma no \u00faltimo semestre de 2018, e devido ao grande sucesso obtido no curso e pelos alunos, a Prefeitura abriu novas vagas para 2019. As inscri\u00e7\u00f5es para esta pr\u00f3xima turma podem ser feitas at\u00e9 a pr\u00f3xima quinta-feira, 24. Est\u00e3o sendo ofertadas 20 vagas.\u00a0 O curso b\u00e1sico de Cuidador de Idoso como op\u00e7\u00e3o de capacita\u00e7\u00e3o profissional \u00e9 totalmente gratuito, devendo o interessado procurar a Secretaria de Desenvolvimento Social. O curso de Cuidador de Idosos oferece aulas te\u00f3ricas e pr\u00e1ticas, com no\u00e7\u00f5es de anatomia e fisiologia humana; altera\u00e7\u00f5es fisiol\u00f3gicas do envelhecimento; doen\u00e7as; como administrar medica\u00e7\u00f5es; alimenta\u00e7\u00e3o; est\u00edmulo \u00e0 mobilidade e a cogni\u00e7\u00e3o; banho e higiene e preven\u00e7\u00e3o de quedas. COMO PROCEDER Inscri\u00e7\u00f5es para nova turma Curso de Cuidador de Idosos \u2013de 21 a 24 de janeiro de 2019 Os interessados em participar devem comparecer a sede da Secretaria de Desenvolvimento Social, localizada na Rua Professora Maria da Salete, 267 \u2013 Alto de S\u00e3o Vicente, portando RG e CPF e possuir o Cadastro \u00danico, de segunda a sexta-feira, das 07h:30 \u00e0s 13h:00 ou obterem informa\u00e7\u00f5es atrav\u00e9s do telefone 3351.1810. Comece a atuar numa das profiss\u00f5es de maior demanda fazendo um futuro cada vez melhor.<\/p>\n","protected":false},"author":2,"featured_media":15033,"comment_status":"closed","ping_status":"open","sticky":false,"template":"","format":"standard","meta":{"_eb_attr":"","_jetpack_memberships_contains_paid_content":false,"footnotes":""},"categories":[3],"tags":[],"class_list":["post-15032","post","type-post","status-publish","format-standard","has-post-thumbnail","hentry","category-cidades"],"yoast_head":"<!-- This site is optimized with the Yoast SEO plugin v26.5 - https:\/\/yoast.com\/wordpress\/plugins\/seo\/ -->\n<title>Ap\u00f3s sucesso e grande procura, Desenvolvimento Social oferece novas vagas para o curso de Cuidador de Idosos - Not&iacute;cias em Destaque<\/title>\n<meta name=\"robots\" content=\"index, follow, max-snippet:-1, max-image-preview:large, max-video-preview:-1\" \/>\n<link rel=\"canonical\" href=\"https:\/\/noticiasemdestaque.com\/cd\/?p=15032\" \/>\n<meta property=\"og:locale\" content=\"pt_BR\" \/>\n<meta property=\"og:type\" content=\"article\" \/>\n<meta property=\"og:title\" content=\"Ap\u00f3s sucesso e grande procura, Desenvolvimento Social oferece novas vagas para o curso de Cuidador de Idosos - Not&iacute;cias em Destaque\" \/>\n<meta property=\"og:description\" content=\"\u00c9 percept\u00edvel o aumento da expectativa de vida no pa\u00eds, e na cidade de Monteiro, a profiss\u00e3o de cuidador de idosos \u00e9 cada vez mais requisitada pelas fam\u00edlias e institui\u00e7\u00f5es. A partir disto, a Secretaria de Desenvolvimento Social da cidade do munic\u00edpio de Monteiro abriu uma turma no \u00faltimo semestre de 2018, e devido ao grande sucesso obtido no curso e pelos alunos, a Prefeitura abriu novas vagas para 2019. As inscri\u00e7\u00f5es para esta pr\u00f3xima turma podem ser feitas at\u00e9 a pr\u00f3xima quinta-feira, 24. Est\u00e3o sendo ofertadas 20 vagas.\u00a0 O curso b\u00e1sico de Cuidador de Idoso como op\u00e7\u00e3o de capacita\u00e7\u00e3o profissional \u00e9 totalmente gratuito, devendo o interessado procurar a Secretaria de Desenvolvimento Social. O curso de Cuidador de Idosos oferece aulas te\u00f3ricas e pr\u00e1ticas, com no\u00e7\u00f5es de anatomia e fisiologia humana; altera\u00e7\u00f5es fisiol\u00f3gicas do envelhecimento; doen\u00e7as; como administrar medica\u00e7\u00f5es; alimenta\u00e7\u00e3o; est\u00edmulo \u00e0 mobilidade e a cogni\u00e7\u00e3o; banho e higiene e preven\u00e7\u00e3o de quedas. COMO PROCEDER Inscri\u00e7\u00f5es para nova turma Curso de Cuidador de Idosos \u2013de 21 a 24 de janeiro de 2019 Os interessados em participar devem comparecer a sede da Secretaria de Desenvolvimento Social, localizada na Rua Professora Maria da Salete, 267 \u2013 Alto de S\u00e3o Vicente, portando RG e CPF e possuir o Cadastro \u00danico, de segunda a sexta-feira, das 07h:30 \u00e0s 13h:00 ou obterem informa\u00e7\u00f5es atrav\u00e9s do telefone 3351.1810. Comece a atuar numa das profiss\u00f5es de maior demanda fazendo um futuro cada vez melhor.\" \/>\n<meta property=\"og:url\" content=\"https:\/\/noticiasemdestaque.com\/cd\/?p=15032\" \/>\n<meta property=\"og:site_name\" content=\"Not&iacute;cias em Destaque\" \/>\n<meta property=\"article:published_time\" content=\"2019-01-23T00:08:02+00:00\" \/>\n<meta property=\"og:image\" content=\"https:\/\/noticiasemdestaque.com\/cd\/wp-content\/uploads\/2019\/01\/cuidador.jpg\" \/>\n\t<meta property=\"og:image:width\" content=\"633\" \/>\n\t<meta property=\"og:image:height\" content=\"470\" \/>\n\t<meta property=\"og:image:type\" content=\"image\/jpeg\" \/>\n<meta name=\"author\" content=\"Not\u00edcias em Destaque\" \/>\n<meta name=\"twitter:card\" content=\"summary_large_image\" \/>\n<meta name=\"twitter:label1\" content=\"Escrito por\" \/>\n\t<meta name=\"twitter:data1\" content=\"Not\u00edcias em Destaque\" \/>\n\t<meta name=\"twitter:label2\" content=\"Est. tempo de leitura\" \/>\n\t<meta name=\"twitter:data2\" content=\"1 minuto\" \/>\n<script type=\"application\/ld+json\" class=\"yoast-schema-graph\">{\"@context\":\"https:\/\/schema.org\",\"@graph\":[{\"@type\":\"Article\",\"@id\":\"https:\/\/noticiasemdestaque.com\/cd\/?p=15032#article\",\"isPartOf\":{\"@id\":\"https:\/\/noticiasemdestaque.com\/cd\/?p=15032\"},\"author\":{\"name\":\"Not\u00edcias em Destaque\",\"@id\":\"https:\/\/noticiasemdestaque.com\/cd\/#\/schema\/person\/47f7d4f55eec17c6b2ca036c5500f6ce\"},\"headline\":\"Ap\u00f3s sucesso e grande procura, Desenvolvimento Social oferece novas vagas para o curso de Cuidador de Idosos\",\"datePublished\":\"2019-01-23T00:08:02+00:00\",\"mainEntityOfPage\":{\"@id\":\"https:\/\/noticiasemdestaque.com\/cd\/?p=15032\"},\"wordCount\":270,\"publisher\":{\"@id\":\"https:\/\/noticiasemdestaque.com\/cd\/#organization\"},\"image\":{\"@id\":\"https:\/\/noticiasemdestaque.com\/cd\/?p=15032#primaryimage\"},\"thumbnailUrl\":\"https:\/\/noticiasemdestaque.com\/cd\/wp-content\/uploads\/2019\/01\/cuidador.jpg\",\"articleSection\":[\"Cidades\"],\"inLanguage\":\"pt-BR\"},{\"@type\":\"WebPage\",\"@id\":\"https:\/\/noticiasemdestaque.com\/cd\/?p=15032\",\"url\":\"https:\/\/noticiasemdestaque.com\/cd\/?p=15032\",\"name\":\"Ap\u00f3s sucesso e grande procura, Desenvolvimento Social oferece novas vagas para o curso de Cuidador de Idosos - Not&iacute;cias em Destaque\",\"isPartOf\":{\"@id\":\"https:\/\/noticiasemdestaque.com\/cd\/#website\"},\"primaryImageOfPage\":{\"@id\":\"https:\/\/noticiasemdestaque.com\/cd\/?p=15032#primaryimage\"},\"image\":{\"@id\":\"https:\/\/noticiasemdestaque.com\/cd\/?p=15032#primaryimage\"},\"thumbnailUrl\":\"https:\/\/noticiasemdestaque.com\/cd\/wp-content\/uploads\/2019\/01\/cuidador.jpg\",\"datePublished\":\"2019-01-23T00:08:02+00:00\",\"breadcrumb\":{\"@id\":\"https:\/\/noticiasemdestaque.com\/cd\/?p=15032#breadcrumb\"},\"inLanguage\":\"pt-BR\",\"potentialAction\":[{\"@type\":\"ReadAction\",\"target\":[\"https:\/\/noticiasemdestaque.com\/cd\/?p=15032\"]}]},{\"@type\":\"ImageObject\",\"inLanguage\":\"pt-BR\",\"@id\":\"https:\/\/noticiasemdestaque.com\/cd\/?p=15032#primaryimage\",\"url\":\"https:\/\/noticiasemdestaque.com\/cd\/wp-content\/uploads\/2019\/01\/cuidador.jpg\",\"contentUrl\":\"https:\/\/noticiasemdestaque.com\/cd\/wp-content\/uploads\/2019\/01\/cuidador.jpg\",\"width\":633,\"height\":470},{\"@type\":\"BreadcrumbList\",\"@id\":\"https:\/\/noticiasemdestaque.com\/cd\/?p=15032#breadcrumb\",\"itemListElement\":[{\"@type\":\"ListItem\",\"position\":1,\"name\":\"In\u00edcio\",\"item\":\"https:\/\/noticiasemdestaque.com\/cd\/\"},{\"@type\":\"ListItem\",\"position\":2,\"name\":\"Ap\u00f3s sucesso e grande procura, Desenvolvimento Social oferece novas vagas para o curso de Cuidador de Idosos\"}]},{\"@type\":\"WebSite\",\"@id\":\"https:\/\/noticiasemdestaque.com\/cd\/#website\",\"url\":\"https:\/\/noticiasemdestaque.com\/cd\/\",\"name\":\"Not&iacute;cias em Destaque\",\"description\":\"\",\"publisher\":{\"@id\":\"https:\/\/noticiasemdestaque.com\/cd\/#organization\"},\"potentialAction\":[{\"@type\":\"SearchAction\",\"target\":{\"@type\":\"EntryPoint\",\"urlTemplate\":\"https:\/\/noticiasemdestaque.com\/cd\/?s={search_term_string}\"},\"query-input\":{\"@type\":\"PropertyValueSpecification\",\"valueRequired\":true,\"valueName\":\"search_term_string\"}}],\"inLanguage\":\"pt-BR\"},{\"@type\":\"Organization\",\"@id\":\"https:\/\/noticiasemdestaque.com\/cd\/#organization\",\"name\":\"Not\u00edcias em Destaque\",\"url\":\"https:\/\/noticiasemdestaque.com\/cd\/\",\"logo\":{\"@type\":\"ImageObject\",\"inLanguage\":\"pt-BR\",\"@id\":\"https:\/\/noticiasemdestaque.com\/cd\/#\/schema\/logo\/image\/\",\"url\":\"https:\/\/noticiasemdestaque.com\/cd\/wp-content\/uploads\/2022\/05\/imagem-base-noticiasemdestaque.png\",\"contentUrl\":\"https:\/\/noticiasemdestaque.com\/cd\/wp-content\/uploads\/2022\/05\/imagem-base-noticiasemdestaque.png\",\"width\":1200,\"height\":630,\"caption\":\"Not\u00edcias em Destaque\"},\"image\":{\"@id\":\"https:\/\/noticiasemdestaque.com\/cd\/#\/schema\/logo\/image\/\"}},{\"@type\":\"Person\",\"@id\":\"https:\/\/noticiasemdestaque.com\/cd\/#\/schema\/person\/47f7d4f55eec17c6b2ca036c5500f6ce\",\"name\":\"Not\u00edcias em Destaque\",\"url\":\"https:\/\/noticiasemdestaque.com\/cd\/?author=2\"}]}<\/script>\n<!-- \/ Yoast SEO plugin. -->","yoast_head_json":{"title":"Ap\u00f3s sucesso e grande procura, Desenvolvimento Social oferece novas vagas para o curso de Cuidador de Idosos - Not&iacute;cias em Destaque","robots":{"index":"index","follow":"follow","max-snippet":"max-snippet:-1","max-image-preview":"max-image-preview:large","max-video-preview":"max-video-preview:-1"},"canonical":"https:\/\/noticiasemdestaque.com\/cd\/?p=15032","og_locale":"pt_BR","og_type":"article","og_title":"Ap\u00f3s sucesso e grande procura, Desenvolvimento Social oferece novas vagas para o curso de Cuidador de Idosos - Not&iacute;cias em Destaque","og_description":"\u00c9 percept\u00edvel o aumento da expectativa de vida no pa\u00eds, e na cidade de Monteiro, a profiss\u00e3o de cuidador de idosos \u00e9 cada vez mais requisitada pelas fam\u00edlias e institui\u00e7\u00f5es. A partir disto, a Secretaria de Desenvolvimento Social da cidade do munic\u00edpio de Monteiro abriu uma turma no \u00faltimo semestre de 2018, e devido ao grande sucesso obtido no curso e pelos alunos, a Prefeitura abriu novas vagas para 2019. As inscri\u00e7\u00f5es para esta pr\u00f3xima turma podem ser feitas at\u00e9 a pr\u00f3xima quinta-feira, 24. Est\u00e3o sendo ofertadas 20 vagas.\u00a0 O curso b\u00e1sico de Cuidador de Idoso como op\u00e7\u00e3o de capacita\u00e7\u00e3o profissional \u00e9 totalmente gratuito, devendo o interessado procurar a Secretaria de Desenvolvimento Social. O curso de Cuidador de Idosos oferece aulas te\u00f3ricas e pr\u00e1ticas, com no\u00e7\u00f5es de anatomia e fisiologia humana; altera\u00e7\u00f5es fisiol\u00f3gicas do envelhecimento; doen\u00e7as; como administrar medica\u00e7\u00f5es; alimenta\u00e7\u00e3o; est\u00edmulo \u00e0 mobilidade e a cogni\u00e7\u00e3o; banho e higiene e preven\u00e7\u00e3o de quedas. COMO PROCEDER Inscri\u00e7\u00f5es para nova turma Curso de Cuidador de Idosos \u2013de 21 a 24 de janeiro de 2019 Os interessados em participar devem comparecer a sede da Secretaria de Desenvolvimento Social, localizada na Rua Professora Maria da Salete, 267 \u2013 Alto de S\u00e3o Vicente, portando RG e CPF e possuir o Cadastro \u00danico, de segunda a sexta-feira, das 07h:30 \u00e0s 13h:00 ou obterem informa\u00e7\u00f5es atrav\u00e9s do telefone 3351.1810. Comece a atuar numa das profiss\u00f5es de maior demanda fazendo um futuro cada vez melhor.","og_url":"https:\/\/noticiasemdestaque.com\/cd\/?p=15032","og_site_name":"Not&iacute;cias em Destaque","article_published_time":"2019-01-23T00:08:02+00:00","og_image":[{"width":633,"height":470,"url":"https:\/\/noticiasemdestaque.com\/cd\/wp-content\/uploads\/2019\/01\/cuidador.jpg","type":"image\/jpeg"}],"author":"Not\u00edcias em Destaque","twitter_card":"summary_large_image","twitter_misc":{"Escrito por":"Not\u00edcias em Destaque","Est. tempo de leitura":"1 minuto"},"schema":{"@context":"https:\/\/schema.org","@graph":[{"@type":"Article","@id":"https:\/\/noticiasemdestaque.com\/cd\/?p=15032#article","isPartOf":{"@id":"https:\/\/noticiasemdestaque.com\/cd\/?p=15032"},"author":{"name":"Not\u00edcias em Destaque","@id":"https:\/\/noticiasemdestaque.com\/cd\/#\/schema\/person\/47f7d4f55eec17c6b2ca036c5500f6ce"},"headline":"Ap\u00f3s sucesso e grande procura, Desenvolvimento Social oferece novas vagas para o curso de Cuidador de Idosos","datePublished":"2019-01-23T00:08:02+00:00","mainEntityOfPage":{"@id":"https:\/\/noticiasemdestaque.com\/cd\/?p=15032"},"wordCount":270,"publisher":{"@id":"https:\/\/noticiasemdestaque.com\/cd\/#organization"},"image":{"@id":"https:\/\/noticiasemdestaque.com\/cd\/?p=15032#primaryimage"},"thumbnailUrl":"https:\/\/noticiasemdestaque.com\/cd\/wp-content\/uploads\/2019\/01\/cuidador.jpg","articleSection":["Cidades"],"inLanguage":"pt-BR"},{"@type":"WebPage","@id":"https:\/\/noticiasemdestaque.com\/cd\/?p=15032","url":"https:\/\/noticiasemdestaque.com\/cd\/?p=15032","name":"Ap\u00f3s sucesso e grande procura, Desenvolvimento Social oferece novas vagas para o curso de Cuidador de Idosos - Not&iacute;cias em Destaque","isPartOf":{"@id":"https:\/\/noticiasemdestaque.com\/cd\/#website"},"primaryImageOfPage":{"@id":"https:\/\/noticiasemdestaque.com\/cd\/?p=15032#primaryimage"},"image":{"@id":"https:\/\/noticiasemdestaque.com\/cd\/?p=15032#primaryimage"},"thumbnailUrl":"https:\/\/noticiasemdestaque.com\/cd\/wp-content\/uploads\/2019\/01\/cuidador.jpg","datePublished":"2019-01-23T00:08:02+00:00","breadcrumb":{"@id":"https:\/\/noticiasemdestaque.com\/cd\/?p=15032#breadcrumb"},"inLanguage":"pt-BR","potentialAction":[{"@type":"ReadAction","target":["https:\/\/noticiasemdestaque.com\/cd\/?p=15032"]}]},{"@type":"ImageObject","inLanguage":"pt-BR","@id":"https:\/\/noticiasemdestaque.com\/cd\/?p=15032#primaryimage","url":"https:\/\/noticiasemdestaque.com\/cd\/wp-content\/uploads\/2019\/01\/cuidador.jpg","contentUrl":"https:\/\/noticiasemdestaque.com\/cd\/wp-content\/uploads\/2019\/01\/cuidador.jpg","width":633,"height":470},{"@type":"BreadcrumbList","@id":"https:\/\/noticiasemdestaque.com\/cd\/?p=15032#breadcrumb","itemListElement":[{"@type":"ListItem","position":1,"name":"In\u00edcio","item":"https:\/\/noticiasemdestaque.com\/cd\/"},{"@type":"ListItem","position":2,"name":"Ap\u00f3s sucesso e grande procura, Desenvolvimento Social oferece novas vagas para o curso de Cuidador de Idosos"}]},{"@type":"WebSite","@id":"https:\/\/noticiasemdestaque.com\/cd\/#website","url":"https:\/\/noticiasemdestaque.com\/cd\/","name":"Not&iacute;cias em Destaque","description":"","publisher":{"@id":"https:\/\/noticiasemdestaque.com\/cd\/#organization"},"potentialAction":[{"@type":"SearchAction","target":{"@type":"EntryPoint","urlTemplate":"https:\/\/noticiasemdestaque.com\/cd\/?s={search_term_string}"},"query-input":{"@type":"PropertyValueSpecification","valueRequired":true,"valueName":"search_term_string"}}],"inLanguage":"pt-BR"},{"@type":"Organization","@id":"https:\/\/noticiasemdestaque.com\/cd\/#organization","name":"Not\u00edcias em Destaque","url":"https:\/\/noticiasemdestaque.com\/cd\/","logo":{"@type":"ImageObject","inLanguage":"pt-BR","@id":"https:\/\/noticiasemdestaque.com\/cd\/#\/schema\/logo\/image\/","url":"https:\/\/noticiasemdestaque.com\/cd\/wp-content\/uploads\/2022\/05\/imagem-base-noticiasemdestaque.png","contentUrl":"https:\/\/noticiasemdestaque.com\/cd\/wp-content\/uploads\/2022\/05\/imagem-base-noticiasemdestaque.png","width":1200,"height":630,"caption":"Not\u00edcias em Destaque"},"image":{"@id":"https:\/\/noticiasemdestaque.com\/cd\/#\/schema\/logo\/image\/"}},{"@type":"Person","@id":"https:\/\/noticiasemdestaque.com\/cd\/#\/schema\/person\/47f7d4f55eec17c6b2ca036c5500f6ce","name":"Not\u00edcias em Destaque","url":"https:\/\/noticiasemdestaque.com\/cd\/?author=2"}]}},"jetpack_featured_media_url":"https:\/\/noticiasemdestaque.com\/cd\/wp-content\/uploads\/2019\/01\/cuidador.jpg","jetpack_sharing_enabled":true,"_links":{"self":[{"href":"https:\/\/noticiasemdestaque.com\/cd\/index.php?rest_route=\/wp\/v2\/posts\/15032","targetHints":{"allow":["GET"]}}],"collection":[{"href":"https:\/\/noticiasemdestaque.com\/cd\/index.php?rest_route=\/wp\/v2\/posts"}],"about":[{"href":"https:\/\/noticiasemdestaque.com\/cd\/index.php?rest_route=\/wp\/v2\/types\/post"}],"author":[{"embeddable":true,"href":"https:\/\/noticiasemdestaque.com\/cd\/index.php?rest_route=\/wp\/v2\/users\/2"}],"replies":[{"embeddable":true,"href":"https:\/\/noticiasemdestaque.com\/cd\/index.php?rest_route=%2Fwp%2Fv2%2Fcomments&post=15032"}],"version-history":[{"count":1,"href":"https:\/\/noticiasemdestaque.com\/cd\/index.php?rest_route=\/wp\/v2\/posts\/15032\/revisions"}],"predecessor-version":[{"id":15034,"href":"https:\/\/noticiasemdestaque.com\/cd\/index.php?rest_route=\/wp\/v2\/posts\/15032\/revisions\/15034"}],"wp:featuredmedia":[{"embeddable":true,"href":"https:\/\/noticiasemdestaque.com\/cd\/index.php?rest_route=\/wp\/v2\/media\/15033"}],"wp:attachment":[{"href":"https:\/\/noticiasemdestaque.com\/cd\/index.php?rest_route=%2Fwp%2Fv2%2Fmedia&parent=15032"}],"wp:term":[{"taxonomy":"category","embeddable":true,"href":"https:\/\/noticiasemdestaque.com\/cd\/index.php?rest_route=%2Fwp%2Fv2%2Fcategories&post=15032"},{"taxonomy":"post_tag","embeddable":true,"href":"https:\/\/noticiasemdestaque.com\/cd\/index.php?rest_route=%2Fwp%2Fv2%2Ftags&post=15032"}],"curies":[{"name":"wp","href":"https:\/\/api.w.org\/{rel}","templated":true}]}}