{"id":15029,"date":"2019-01-22T21:02:42","date_gmt":"2019-01-23T00:02:42","guid":{"rendered":"http:\/\/noticiasemdestaque.com\/cd\/?p=15029"},"modified":"2019-01-22T21:02:42","modified_gmt":"2019-01-23T00:02:42","slug":"secretarias-de-desenvolvimento-social-de-monteiro-participam-de-reuniao-na-capital","status":"publish","type":"post","link":"https:\/\/noticiasemdestaque.com\/cd\/?p=15029","title":{"rendered":"Secret\u00e1rias de Desenvolvimento Social de Monteiro participam de reuni\u00e3o na Capital"},"content":{"rendered":"<p><a href=\"https:\/\/noticiasemdestaque.com\/cd\/wp-content\/uploads\/2019\/01\/Reuni\u00e3o-em-JP-SMDS1.jpeg\"><img fetchpriority=\"high\" decoding=\"async\" class=\"wp-image-15030 aligncenter\" src=\"https:\/\/noticiasemdestaque.com\/cd\/wp-content\/uploads\/2019\/01\/Reuni\u00e3o-em-JP-SMDS1.jpeg\" alt=\"\" width=\"504\" height=\"504\" srcset=\"https:\/\/noticiasemdestaque.com\/cd\/wp-content\/uploads\/2019\/01\/Reuni\u00e3o-em-JP-SMDS1.jpeg 720w, https:\/\/noticiasemdestaque.com\/cd\/wp-content\/uploads\/2019\/01\/Reuni\u00e3o-em-JP-SMDS1-150x150.jpeg 150w, https:\/\/noticiasemdestaque.com\/cd\/wp-content\/uploads\/2019\/01\/Reuni\u00e3o-em-JP-SMDS1-300x300.jpeg 300w\" sizes=\"(max-width: 504px) 100vw, 504px\" \/><\/a><\/p>\n<p>Continuando os esfor\u00e7os para proporcionar pol\u00edticas p\u00fablicas que continuem beneficiando a popula\u00e7\u00e3o de Monteiro, as secret\u00e1rias Rosa Aleixo e Silv\u00e2nia Mayer, estiveram reunidas recentemente com a secret\u00e1ria de Desenvolvimento Social do Estado, Gilvaneide Nunes.<\/p>\n<p>Buscando aprimorar e fortalecer a assist\u00eancia Social no munic\u00edpio, as gestoras discutiram v\u00e1rias pautas como Programas de Seguran\u00e7a Alimentar e Nutricional, Programa Cidad\u00e3o, e Fortalecimento da Ger\u00eancia de Assist\u00eancia Social no Cariri.<\/p>\n<p>Aprofundando os temas, a Casa da Cidadania e parceria com o SINE e a implanta\u00e7\u00e3o do Conselho da Juventude, a\u00e7\u00f5es de protagonismo juvenil, empreendedorismo e forma\u00e7\u00e3o foram tratados como de maior prioridade.<\/p>\n<p>A secret\u00e1ria Rosa Aleixo falou sobre a reuni\u00e3o e disse que existe sempre a busca por a\u00e7\u00f5es voltadas diretamente pra os jovens do campo e demais programas que venham a beneficiar a popula\u00e7\u00e3o de Monteiro e complementou: \u201c\u00c9 uma preocupa\u00e7\u00e3o constante que temos, junto com a prefeita Anna Lorena, em buscar o maior desenvolvimento da cidade, levando sempre em conta a popula\u00e7\u00e3o menos favorecida, que s\u00e3o nosso alvo principal\u201d.<\/p>\n","protected":false},"excerpt":{"rendered":"<p>Continuando os esfor\u00e7os para proporcionar pol\u00edticas p\u00fablicas que continuem beneficiando a popula\u00e7\u00e3o de Monteiro, as secret\u00e1rias Rosa Aleixo e Silv\u00e2nia Mayer, estiveram reunidas recentemente com a secret\u00e1ria de Desenvolvimento Social do Estado, Gilvaneide Nunes. Buscando aprimorar e fortalecer a assist\u00eancia Social no munic\u00edpio, as gestoras discutiram v\u00e1rias pautas como Programas de Seguran\u00e7a Alimentar e Nutricional, Programa Cidad\u00e3o, e Fortalecimento da Ger\u00eancia de Assist\u00eancia Social no Cariri. Aprofundando os temas, a Casa da Cidadania e parceria com o SINE e a implanta\u00e7\u00e3o do Conselho da Juventude, a\u00e7\u00f5es de protagonismo juvenil, empreendedorismo e forma\u00e7\u00e3o foram tratados como de maior prioridade. A secret\u00e1ria Rosa Aleixo falou sobre a reuni\u00e3o e disse que existe sempre a busca por a\u00e7\u00f5es voltadas diretamente pra os jovens do campo e demais programas que venham a beneficiar a popula\u00e7\u00e3o de Monteiro e complementou: \u201c\u00c9 uma preocupa\u00e7\u00e3o constante que temos, junto com a prefeita Anna Lorena, em buscar o maior desenvolvimento da cidade, levando sempre em conta a popula\u00e7\u00e3o menos favorecida, que s\u00e3o nosso alvo principal\u201d.<\/p>\n","protected":false},"author":2,"featured_media":15030,"comment_status":"closed","ping_status":"open","sticky":false,"template":"","format":"standard","meta":{"_eb_attr":"","_jetpack_memberships_contains_paid_content":false,"footnotes":""},"categories":[12],"tags":[],"class_list":["post-15029","post","type-post","status-publish","format-standard","has-post-thumbnail","hentry","category-geral"],"yoast_head":"<!-- This site is optimized with the Yoast SEO plugin v26.5 - https:\/\/yoast.com\/wordpress\/plugins\/seo\/ -->\n<title>Secret\u00e1rias de Desenvolvimento Social de Monteiro participam de reuni\u00e3o na Capital - Not&iacute;cias em Destaque<\/title>\n<meta name=\"robots\" content=\"index, follow, max-snippet:-1, max-image-preview:large, max-video-preview:-1\" \/>\n<link rel=\"canonical\" href=\"https:\/\/noticiasemdestaque.com\/cd\/?p=15029\" \/>\n<meta property=\"og:locale\" content=\"pt_BR\" \/>\n<meta property=\"og:type\" content=\"article\" \/>\n<meta property=\"og:title\" content=\"Secret\u00e1rias de Desenvolvimento Social de Monteiro participam de reuni\u00e3o na Capital - Not&iacute;cias em Destaque\" \/>\n<meta property=\"og:description\" content=\"Continuando os esfor\u00e7os para proporcionar pol\u00edticas p\u00fablicas que continuem beneficiando a popula\u00e7\u00e3o de Monteiro, as secret\u00e1rias Rosa Aleixo e Silv\u00e2nia Mayer, estiveram reunidas recentemente com a secret\u00e1ria de Desenvolvimento Social do Estado, Gilvaneide Nunes. Buscando aprimorar e fortalecer a assist\u00eancia Social no munic\u00edpio, as gestoras discutiram v\u00e1rias pautas como Programas de Seguran\u00e7a Alimentar e Nutricional, Programa Cidad\u00e3o, e Fortalecimento da Ger\u00eancia de Assist\u00eancia Social no Cariri. Aprofundando os temas, a Casa da Cidadania e parceria com o SINE e a implanta\u00e7\u00e3o do Conselho da Juventude, a\u00e7\u00f5es de protagonismo juvenil, empreendedorismo e forma\u00e7\u00e3o foram tratados como de maior prioridade. A secret\u00e1ria Rosa Aleixo falou sobre a reuni\u00e3o e disse que existe sempre a busca por a\u00e7\u00f5es voltadas diretamente pra os jovens do campo e demais programas que venham a beneficiar a popula\u00e7\u00e3o de Monteiro e complementou: \u201c\u00c9 uma preocupa\u00e7\u00e3o constante que temos, junto com a prefeita Anna Lorena, em buscar o maior desenvolvimento da cidade, levando sempre em conta a popula\u00e7\u00e3o menos favorecida, que s\u00e3o nosso alvo principal\u201d.\" \/>\n<meta property=\"og:url\" content=\"https:\/\/noticiasemdestaque.com\/cd\/?p=15029\" \/>\n<meta property=\"og:site_name\" content=\"Not&iacute;cias em Destaque\" \/>\n<meta property=\"article:published_time\" content=\"2019-01-23T00:02:42+00:00\" \/>\n<meta property=\"og:image\" content=\"https:\/\/noticiasemdestaque.com\/cd\/wp-content\/uploads\/2019\/01\/Reuni\u00e3o-em-JP-SMDS1.jpeg\" \/>\n\t<meta property=\"og:image:width\" content=\"720\" \/>\n\t<meta property=\"og:image:height\" content=\"720\" \/>\n\t<meta property=\"og:image:type\" content=\"image\/jpeg\" \/>\n<meta name=\"author\" content=\"Not\u00edcias em Destaque\" \/>\n<meta name=\"twitter:card\" content=\"summary_large_image\" \/>\n<meta name=\"twitter:label1\" content=\"Escrito por\" \/>\n\t<meta name=\"twitter:data1\" content=\"Not\u00edcias em Destaque\" \/>\n\t<meta name=\"twitter:label2\" content=\"Est. tempo de leitura\" \/>\n\t<meta name=\"twitter:data2\" content=\"1 minuto\" \/>\n<script type=\"application\/ld+json\" class=\"yoast-schema-graph\">{\"@context\":\"https:\/\/schema.org\",\"@graph\":[{\"@type\":\"Article\",\"@id\":\"https:\/\/noticiasemdestaque.com\/cd\/?p=15029#article\",\"isPartOf\":{\"@id\":\"https:\/\/noticiasemdestaque.com\/cd\/?p=15029\"},\"author\":{\"name\":\"Not\u00edcias em Destaque\",\"@id\":\"https:\/\/noticiasemdestaque.com\/cd\/#\/schema\/person\/47f7d4f55eec17c6b2ca036c5500f6ce\"},\"headline\":\"Secret\u00e1rias de Desenvolvimento Social de Monteiro participam de reuni\u00e3o na Capital\",\"datePublished\":\"2019-01-23T00:02:42+00:00\",\"mainEntityOfPage\":{\"@id\":\"https:\/\/noticiasemdestaque.com\/cd\/?p=15029\"},\"wordCount\":203,\"publisher\":{\"@id\":\"https:\/\/noticiasemdestaque.com\/cd\/#organization\"},\"image\":{\"@id\":\"https:\/\/noticiasemdestaque.com\/cd\/?p=15029#primaryimage\"},\"thumbnailUrl\":\"https:\/\/noticiasemdestaque.com\/cd\/wp-content\/uploads\/2019\/01\/Reuni\u00e3o-em-JP-SMDS1.jpeg\",\"articleSection\":[\"Geral\"],\"inLanguage\":\"pt-BR\"},{\"@type\":\"WebPage\",\"@id\":\"https:\/\/noticiasemdestaque.com\/cd\/?p=15029\",\"url\":\"https:\/\/noticiasemdestaque.com\/cd\/?p=15029\",\"name\":\"Secret\u00e1rias de Desenvolvimento Social de Monteiro participam de reuni\u00e3o na Capital - Not&iacute;cias em Destaque\",\"isPartOf\":{\"@id\":\"https:\/\/noticiasemdestaque.com\/cd\/#website\"},\"primaryImageOfPage\":{\"@id\":\"https:\/\/noticiasemdestaque.com\/cd\/?p=15029#primaryimage\"},\"image\":{\"@id\":\"https:\/\/noticiasemdestaque.com\/cd\/?p=15029#primaryimage\"},\"thumbnailUrl\":\"https:\/\/noticiasemdestaque.com\/cd\/wp-content\/uploads\/2019\/01\/Reuni\u00e3o-em-JP-SMDS1.jpeg\",\"datePublished\":\"2019-01-23T00:02:42+00:00\",\"breadcrumb\":{\"@id\":\"https:\/\/noticiasemdestaque.com\/cd\/?p=15029#breadcrumb\"},\"inLanguage\":\"pt-BR\",\"potentialAction\":[{\"@type\":\"ReadAction\",\"target\":[\"https:\/\/noticiasemdestaque.com\/cd\/?p=15029\"]}]},{\"@type\":\"ImageObject\",\"inLanguage\":\"pt-BR\",\"@id\":\"https:\/\/noticiasemdestaque.com\/cd\/?p=15029#primaryimage\",\"url\":\"https:\/\/noticiasemdestaque.com\/cd\/wp-content\/uploads\/2019\/01\/Reuni\u00e3o-em-JP-SMDS1.jpeg\",\"contentUrl\":\"https:\/\/noticiasemdestaque.com\/cd\/wp-content\/uploads\/2019\/01\/Reuni\u00e3o-em-JP-SMDS1.jpeg\",\"width\":720,\"height\":720},{\"@type\":\"BreadcrumbList\",\"@id\":\"https:\/\/noticiasemdestaque.com\/cd\/?p=15029#breadcrumb\",\"itemListElement\":[{\"@type\":\"ListItem\",\"position\":1,\"name\":\"In\u00edcio\",\"item\":\"https:\/\/noticiasemdestaque.com\/cd\/\"},{\"@type\":\"ListItem\",\"position\":2,\"name\":\"Secret\u00e1rias de Desenvolvimento Social de Monteiro participam de reuni\u00e3o na Capital\"}]},{\"@type\":\"WebSite\",\"@id\":\"https:\/\/noticiasemdestaque.com\/cd\/#website\",\"url\":\"https:\/\/noticiasemdestaque.com\/cd\/\",\"name\":\"Not&iacute;cias em Destaque\",\"description\":\"\",\"publisher\":{\"@id\":\"https:\/\/noticiasemdestaque.com\/cd\/#organization\"},\"potentialAction\":[{\"@type\":\"SearchAction\",\"target\":{\"@type\":\"EntryPoint\",\"urlTemplate\":\"https:\/\/noticiasemdestaque.com\/cd\/?s={search_term_string}\"},\"query-input\":{\"@type\":\"PropertyValueSpecification\",\"valueRequired\":true,\"valueName\":\"search_term_string\"}}],\"inLanguage\":\"pt-BR\"},{\"@type\":\"Organization\",\"@id\":\"https:\/\/noticiasemdestaque.com\/cd\/#organization\",\"name\":\"Not\u00edcias em Destaque\",\"url\":\"https:\/\/noticiasemdestaque.com\/cd\/\",\"logo\":{\"@type\":\"ImageObject\",\"inLanguage\":\"pt-BR\",\"@id\":\"https:\/\/noticiasemdestaque.com\/cd\/#\/schema\/logo\/image\/\",\"url\":\"https:\/\/noticiasemdestaque.com\/cd\/wp-content\/uploads\/2022\/05\/imagem-base-noticiasemdestaque.png\",\"contentUrl\":\"https:\/\/noticiasemdestaque.com\/cd\/wp-content\/uploads\/2022\/05\/imagem-base-noticiasemdestaque.png\",\"width\":1200,\"height\":630,\"caption\":\"Not\u00edcias em Destaque\"},\"image\":{\"@id\":\"https:\/\/noticiasemdestaque.com\/cd\/#\/schema\/logo\/image\/\"}},{\"@type\":\"Person\",\"@id\":\"https:\/\/noticiasemdestaque.com\/cd\/#\/schema\/person\/47f7d4f55eec17c6b2ca036c5500f6ce\",\"name\":\"Not\u00edcias em Destaque\",\"url\":\"https:\/\/noticiasemdestaque.com\/cd\/?author=2\"}]}<\/script>\n<!-- \/ Yoast SEO plugin. -->","yoast_head_json":{"title":"Secret\u00e1rias de Desenvolvimento Social de Monteiro participam de reuni\u00e3o na Capital - Not&iacute;cias em Destaque","robots":{"index":"index","follow":"follow","max-snippet":"max-snippet:-1","max-image-preview":"max-image-preview:large","max-video-preview":"max-video-preview:-1"},"canonical":"https:\/\/noticiasemdestaque.com\/cd\/?p=15029","og_locale":"pt_BR","og_type":"article","og_title":"Secret\u00e1rias de Desenvolvimento Social de Monteiro participam de reuni\u00e3o na Capital - Not&iacute;cias em Destaque","og_description":"Continuando os esfor\u00e7os para proporcionar pol\u00edticas p\u00fablicas que continuem beneficiando a popula\u00e7\u00e3o de Monteiro, as secret\u00e1rias Rosa Aleixo e Silv\u00e2nia Mayer, estiveram reunidas recentemente com a secret\u00e1ria de Desenvolvimento Social do Estado, Gilvaneide Nunes. Buscando aprimorar e fortalecer a assist\u00eancia Social no munic\u00edpio, as gestoras discutiram v\u00e1rias pautas como Programas de Seguran\u00e7a Alimentar e Nutricional, Programa Cidad\u00e3o, e Fortalecimento da Ger\u00eancia de Assist\u00eancia Social no Cariri. Aprofundando os temas, a Casa da Cidadania e parceria com o SINE e a implanta\u00e7\u00e3o do Conselho da Juventude, a\u00e7\u00f5es de protagonismo juvenil, empreendedorismo e forma\u00e7\u00e3o foram tratados como de maior prioridade. A secret\u00e1ria Rosa Aleixo falou sobre a reuni\u00e3o e disse que existe sempre a busca por a\u00e7\u00f5es voltadas diretamente pra os jovens do campo e demais programas que venham a beneficiar a popula\u00e7\u00e3o de Monteiro e complementou: \u201c\u00c9 uma preocupa\u00e7\u00e3o constante que temos, junto com a prefeita Anna Lorena, em buscar o maior desenvolvimento da cidade, levando sempre em conta a popula\u00e7\u00e3o menos favorecida, que s\u00e3o nosso alvo principal\u201d.","og_url":"https:\/\/noticiasemdestaque.com\/cd\/?p=15029","og_site_name":"Not&iacute;cias em Destaque","article_published_time":"2019-01-23T00:02:42+00:00","og_image":[{"width":720,"height":720,"url":"https:\/\/noticiasemdestaque.com\/cd\/wp-content\/uploads\/2019\/01\/Reuni\u00e3o-em-JP-SMDS1.jpeg","type":"image\/jpeg"}],"author":"Not\u00edcias em Destaque","twitter_card":"summary_large_image","twitter_misc":{"Escrito por":"Not\u00edcias em Destaque","Est. tempo de leitura":"1 minuto"},"schema":{"@context":"https:\/\/schema.org","@graph":[{"@type":"Article","@id":"https:\/\/noticiasemdestaque.com\/cd\/?p=15029#article","isPartOf":{"@id":"https:\/\/noticiasemdestaque.com\/cd\/?p=15029"},"author":{"name":"Not\u00edcias em Destaque","@id":"https:\/\/noticiasemdestaque.com\/cd\/#\/schema\/person\/47f7d4f55eec17c6b2ca036c5500f6ce"},"headline":"Secret\u00e1rias de Desenvolvimento Social de Monteiro participam de reuni\u00e3o na Capital","datePublished":"2019-01-23T00:02:42+00:00","mainEntityOfPage":{"@id":"https:\/\/noticiasemdestaque.com\/cd\/?p=15029"},"wordCount":203,"publisher":{"@id":"https:\/\/noticiasemdestaque.com\/cd\/#organization"},"image":{"@id":"https:\/\/noticiasemdestaque.com\/cd\/?p=15029#primaryimage"},"thumbnailUrl":"https:\/\/noticiasemdestaque.com\/cd\/wp-content\/uploads\/2019\/01\/Reuni\u00e3o-em-JP-SMDS1.jpeg","articleSection":["Geral"],"inLanguage":"pt-BR"},{"@type":"WebPage","@id":"https:\/\/noticiasemdestaque.com\/cd\/?p=15029","url":"https:\/\/noticiasemdestaque.com\/cd\/?p=15029","name":"Secret\u00e1rias de Desenvolvimento Social de Monteiro participam de reuni\u00e3o na Capital - Not&iacute;cias em Destaque","isPartOf":{"@id":"https:\/\/noticiasemdestaque.com\/cd\/#website"},"primaryImageOfPage":{"@id":"https:\/\/noticiasemdestaque.com\/cd\/?p=15029#primaryimage"},"image":{"@id":"https:\/\/noticiasemdestaque.com\/cd\/?p=15029#primaryimage"},"thumbnailUrl":"https:\/\/noticiasemdestaque.com\/cd\/wp-content\/uploads\/2019\/01\/Reuni\u00e3o-em-JP-SMDS1.jpeg","datePublished":"2019-01-23T00:02:42+00:00","breadcrumb":{"@id":"https:\/\/noticiasemdestaque.com\/cd\/?p=15029#breadcrumb"},"inLanguage":"pt-BR","potentialAction":[{"@type":"ReadAction","target":["https:\/\/noticiasemdestaque.com\/cd\/?p=15029"]}]},{"@type":"ImageObject","inLanguage":"pt-BR","@id":"https:\/\/noticiasemdestaque.com\/cd\/?p=15029#primaryimage","url":"https:\/\/noticiasemdestaque.com\/cd\/wp-content\/uploads\/2019\/01\/Reuni\u00e3o-em-JP-SMDS1.jpeg","contentUrl":"https:\/\/noticiasemdestaque.com\/cd\/wp-content\/uploads\/2019\/01\/Reuni\u00e3o-em-JP-SMDS1.jpeg","width":720,"height":720},{"@type":"BreadcrumbList","@id":"https:\/\/noticiasemdestaque.com\/cd\/?p=15029#breadcrumb","itemListElement":[{"@type":"ListItem","position":1,"name":"In\u00edcio","item":"https:\/\/noticiasemdestaque.com\/cd\/"},{"@type":"ListItem","position":2,"name":"Secret\u00e1rias de Desenvolvimento Social de Monteiro participam de reuni\u00e3o na Capital"}]},{"@type":"WebSite","@id":"https:\/\/noticiasemdestaque.com\/cd\/#website","url":"https:\/\/noticiasemdestaque.com\/cd\/","name":"Not&iacute;cias em Destaque","description":"","publisher":{"@id":"https:\/\/noticiasemdestaque.com\/cd\/#organization"},"potentialAction":[{"@type":"SearchAction","target":{"@type":"EntryPoint","urlTemplate":"https:\/\/noticiasemdestaque.com\/cd\/?s={search_term_string}"},"query-input":{"@type":"PropertyValueSpecification","valueRequired":true,"valueName":"search_term_string"}}],"inLanguage":"pt-BR"},{"@type":"Organization","@id":"https:\/\/noticiasemdestaque.com\/cd\/#organization","name":"Not\u00edcias em Destaque","url":"https:\/\/noticiasemdestaque.com\/cd\/","logo":{"@type":"ImageObject","inLanguage":"pt-BR","@id":"https:\/\/noticiasemdestaque.com\/cd\/#\/schema\/logo\/image\/","url":"https:\/\/noticiasemdestaque.com\/cd\/wp-content\/uploads\/2022\/05\/imagem-base-noticiasemdestaque.png","contentUrl":"https:\/\/noticiasemdestaque.com\/cd\/wp-content\/uploads\/2022\/05\/imagem-base-noticiasemdestaque.png","width":1200,"height":630,"caption":"Not\u00edcias em Destaque"},"image":{"@id":"https:\/\/noticiasemdestaque.com\/cd\/#\/schema\/logo\/image\/"}},{"@type":"Person","@id":"https:\/\/noticiasemdestaque.com\/cd\/#\/schema\/person\/47f7d4f55eec17c6b2ca036c5500f6ce","name":"Not\u00edcias em Destaque","url":"https:\/\/noticiasemdestaque.com\/cd\/?author=2"}]}},"jetpack_featured_media_url":"https:\/\/noticiasemdestaque.com\/cd\/wp-content\/uploads\/2019\/01\/Reuni\u00e3o-em-JP-SMDS1.jpeg","jetpack_sharing_enabled":true,"_links":{"self":[{"href":"https:\/\/noticiasemdestaque.com\/cd\/index.php?rest_route=\/wp\/v2\/posts\/15029","targetHints":{"allow":["GET"]}}],"collection":[{"href":"https:\/\/noticiasemdestaque.com\/cd\/index.php?rest_route=\/wp\/v2\/posts"}],"about":[{"href":"https:\/\/noticiasemdestaque.com\/cd\/index.php?rest_route=\/wp\/v2\/types\/post"}],"author":[{"embeddable":true,"href":"https:\/\/noticiasemdestaque.com\/cd\/index.php?rest_route=\/wp\/v2\/users\/2"}],"replies":[{"embeddable":true,"href":"https:\/\/noticiasemdestaque.com\/cd\/index.php?rest_route=%2Fwp%2Fv2%2Fcomments&post=15029"}],"version-history":[{"count":1,"href":"https:\/\/noticiasemdestaque.com\/cd\/index.php?rest_route=\/wp\/v2\/posts\/15029\/revisions"}],"predecessor-version":[{"id":15031,"href":"https:\/\/noticiasemdestaque.com\/cd\/index.php?rest_route=\/wp\/v2\/posts\/15029\/revisions\/15031"}],"wp:featuredmedia":[{"embeddable":true,"href":"https:\/\/noticiasemdestaque.com\/cd\/index.php?rest_route=\/wp\/v2\/media\/15030"}],"wp:attachment":[{"href":"https:\/\/noticiasemdestaque.com\/cd\/index.php?rest_route=%2Fwp%2Fv2%2Fmedia&parent=15029"}],"wp:term":[{"taxonomy":"category","embeddable":true,"href":"https:\/\/noticiasemdestaque.com\/cd\/index.php?rest_route=%2Fwp%2Fv2%2Fcategories&post=15029"},{"taxonomy":"post_tag","embeddable":true,"href":"https:\/\/noticiasemdestaque.com\/cd\/index.php?rest_route=%2Fwp%2Fv2%2Ftags&post=15029"}],"curies":[{"name":"wp","href":"https:\/\/api.w.org\/{rel}","templated":true}]}}