{"id":14985,"date":"2019-01-21T07:25:30","date_gmt":"2019-01-21T10:25:30","guid":{"rendered":"http:\/\/noticiasemdestaque.com\/cd\/?p=14985"},"modified":"2019-01-21T07:25:30","modified_gmt":"2019-01-21T10:25:30","slug":"igreja-catolica-na-paraiba-e-condenada-a-pagar-indenizacao-de-r-12-milhoes-por-exploracao-sexual","status":"publish","type":"post","link":"https:\/\/noticiasemdestaque.com\/cd\/?p=14985","title":{"rendered":"Igreja Cat\u00f3lica na Para\u00edba \u00e9 condenada a pagar indeniza\u00e7\u00e3o de R$ 12 milh\u00f5es por explora\u00e7\u00e3o sexual"},"content":{"rendered":"<p><a href=\"https:\/\/noticiasemdestaque.com\/cd\/wp-content\/uploads\/2019\/01\/timthumb.jpg\"><img fetchpriority=\"high\" decoding=\"async\" class=\"alignnone size-full wp-image-14986\" src=\"https:\/\/noticiasemdestaque.com\/cd\/wp-content\/uploads\/2019\/01\/timthumb.jpg\" alt=\"\" width=\"547\" height=\"398\" srcset=\"https:\/\/noticiasemdestaque.com\/cd\/wp-content\/uploads\/2019\/01\/timthumb.jpg 547w, https:\/\/noticiasemdestaque.com\/cd\/wp-content\/uploads\/2019\/01\/timthumb-300x218.jpg 300w\" sizes=\"(max-width: 547px) 100vw, 547px\" \/><\/a><\/p>\n<p>A Justi\u00e7a do Trabalho condenou a Arquidiocese da Para\u00edba a pagar uma indeniza\u00e7\u00e3o de R$ 12 milh\u00f5es por casos de explora\u00e7\u00e3o sexual contra menores de idade. O crime foi praticado por padres e at\u00e9 o arcebispo em\u00e9rito do estado est\u00e3o envolvidos no esc\u00e2ndalo.<\/p>\n<p>O Fant\u00e1stico ouviu um rapaz que foi assistente de missa e seminarista. Ele preferiu n\u00e3o ser identificado.<\/p>\n<p><strong>Rep\u00f3rter:<\/strong>\u00a0Que idade voc\u00ea tinha?<\/p>\n<p><strong>Ex-seminarista:<\/strong>\u00a0Eu tinha 17 anos e meio ano.<\/p>\n<p><strong>Rep\u00f3rter:<\/strong>\u00a0O que voc\u00ea encontrou no semin\u00e1rio era como voc\u00ea esperava?<\/p>\n<p><strong>Ex-seminarista:<\/strong>\u00a0N\u00e3o, n\u00e9? A gente espera uma coisa e de repente se depara com outra, n\u00e9? \u00c0s vezes de ass\u00e9dio relacionado a ass\u00e9dios sexuais por parte dos padres, por parte de muito dos seminaristas.<\/p>\n<p><strong>Rep\u00f3rter:<\/strong>\u00a0De que tipo?<\/p>\n<p><strong>Ex-seminarista:<\/strong>\u00a0Atrav\u00e9s de palavras, de atos, pegava nas minhas partes sexuais, n\u00e9?<\/p>\n<p>Foi na Justi\u00e7a Trabalhista que o processo avan\u00e7ou. \u201cO ato \u00e9 grav\u00edssimo. S\u00e3o adolescentes que acreditaram naquela institui\u00e7\u00e3o a representa\u00e7\u00e3o de Deus\u201d, afirmou o procurador do Trabalho, Eduardo Varandas.<\/p>\n<p>Tudo come\u00e7ou em 2014, a partir de uma carta. A autora ouviu coment\u00e1rios de que algo errado estava acontecendo na Igreja Cat\u00f3lica da Para\u00edba e, a partir da\u00ed, fez uma den\u00fancia por carta, para ficar dentro da Igreja. Por\u00e9m, isso acabou resultando na situa\u00e7\u00e3o atual. Uma den\u00fancia que era s\u00f3 para a Igreja, que tomou uma dimens\u00e3o imensa.<\/p>\n<p><strong>Rep\u00f3rter:<\/strong>\u00a0Por que a senhora decidiu escrever a carta?<\/p>\n<p><strong>Testemunha:<\/strong>\u00a0Porque eu fiquei incomodada diante de tantas coisas a\u00ed eu me incomodei muito por ser cat\u00f3lica. N\u00e3o aguentei mais diante de tanta coisa e eu terminei tendo essa vontade de fazer tudo isso.<\/p>\n<p><strong>Rep\u00f3rter:<\/strong>\u00a0A senhora era amiga de jovens homossexuais frequentadores da igreja?<\/p>\n<p><strong>Testemunha:<\/strong>\u00a0Isso. A gente ia pra anivers\u00e1rio, a gente sa\u00eda, ia na praia \u00e0 noite. Nessas sa\u00eddas nossa a\u00ed come\u00e7ou a surgir conversas que n\u00e3o tava me agradando.<\/p>\n<p><strong>Rep\u00f3rter:<\/strong>\u00a0Tipo o qu\u00ea?<\/p>\n<p><strong>Testemunha:<\/strong>\u00a0Apelidos muito feios com padres da nossa igreja. Monja Vanessa. Louca da Diocese. Ligava pra pessoa e falava \u201coi, louca da Diocese\u201d?<\/p>\n<p><strong>Rep\u00f3rter:<\/strong>\u00a0Na verdade a senhora descobriu depois que quem tava do outro lado da linha eram padres?<\/p>\n<p><strong>Testemunha:<\/strong>\u00a0Eram padres.<\/p>\n<p>A mulher contou tudo para um padre de confian\u00e7a. Ela explicou que ele redigiu a carta e disse que o documento ficaria dentro da Igreja. Mas o texto vazou e virou not\u00edcia. A partir da\u00ed, o Minist\u00e9rio P\u00fablico do Trabalho come\u00e7ou a investigar.<\/p>\n<p>\u201cNa verdade, o que foi apurado, o que foi denunciado na imprensa, apurado pelo Minist\u00e9rio P\u00fablico do Trabalho, foi de que havia inserido dentro da sistem\u00e1tica cat\u00f3lica um grupo de sacerdotes de forma habitual que pagavam por sexo a flanelinhas, a coroinhas e tamb\u00e9m a seminaristas\u201d, explicou o procurador Varandas.<\/p>\n<p>O crime foi definido como explora\u00e7\u00e3o sexual. No entanto, ele ressaltou que, como o processo est\u00e1 em segredo de justi\u00e7a, ele est\u00e1 impedido de revelar alguns elementos concretos e o que ocorreu na instru\u00e7\u00e3o do processo.<\/p>\n<p>Segundo Varadas, a caracter\u00edstica da explora\u00e7\u00e3o sexual \u00e9 a aus\u00eancia da vontade livre para praticar o ato. Nesse caso, o pagamento \u00e0s v\u00edtimas podia ser feito em dinheiro ou at\u00e9 em comida.<\/p>\n<p>\u201cAlgo que tenha submiss\u00e3o ou algo que fa\u00e7a com que um estado de necessidade leve a crian\u00e7a ou adolescente a praticar esses atos. Que estado de necessidade \u00e9 esse? \u00c9 a mis\u00e9ria, \u00e9 a fome, \u00e9 a prote\u00e7\u00e3o do estado, \u00e9 a aus\u00eancia de pol\u00edticas p\u00fablicas. No caso de menores de 18 anos, independente da vontade deles, tanto o Estatuto da Crian\u00e7a do Adolescente, como o C\u00f3digo Penal consideram a explora\u00e7\u00e3o sexual exatamente porque eles n\u00e3o t\u00eam a vontade validada pelo direito pra praticar um ato dessa natureza\u201d, explicou o procurador.<\/p>\n<p>O ex-seminarista conta que cedeu \u00e0s investidas pela vontade de se tornar padre.<\/p>\n<p>\u201cPorque at\u00e9 ent\u00e3o a palavra de ordem seria \u2018passando por esse processo voc\u00ea vai conseguir chegar a ser padre\u2019. Meio que uma troca de, n\u00e3o sei se a palavra certa \u00e9 troca de favores. \u00c0s vezes uma conversa, um abra\u00e7o no p\u00e9 do ouvido, n\u00e9? \u2018Ele voc\u00ea t\u00e1 muito cheiroso, vc t\u00e1 muito lindo, muito gostoso, n\u00e9? Voc\u00ea deve malhar muito, n\u00e3o sei como voc\u00ea faz isso, mas voc\u00ea tem um peitoral muito gostoso, n\u00e9?\u2019\u201d, disse.<\/p>\n<p>A v\u00edtima afirmou que havia rela\u00e7\u00f5es sexuais e que se envolveu com tr\u00eas padres. Os nomes dos tr\u00eas sacerdotes aparecem em v\u00e1rios depoimentos: Jaelson Alves de Andrade, Ednaldo Ara\u00fajo dos Santos e Severino Melo. Os padres estariam afastados de suas fun\u00e7\u00f5es.<\/p>\n<p>Nem o ex-seminarista, nem a autora da carta, que deu origem \u00e0s investiga\u00e7\u00f5es, quiseram se identificar. E eles t\u00eam suas raz\u00f5es.<\/p>\n<p><strong>\u201cEles diziam que ou eu calava com isso ou a minha vida tava por um fio\u201d, afirmou a mulher.<\/strong><\/p>\n<p><strong>\u201cEles diziam que eu tivesse cuidado por onde andava, porque eu n\u00e3o sabia quem tava atr\u00e1s de mim, nem na minha frente, nem ao meu lado\u201d, contou a v\u00edtima.<\/strong><\/p>\n<p>Por press\u00e3o psicol\u00f3gica, duas testemunhas importantes que tinham marcado entrevista com o Fant\u00e1stico desistiram de falar. Mas, \u00e0 Justi\u00e7a, elas falaram.<\/p>\n<p>Um deles \u00e9 um empres\u00e1rio, dono de um restaurante, at\u00e9 hoje muito cat\u00f3lico. Ele frequentava a igreja do padre Jaelson e dep\u00f4s contra aquilo que ele achava que era um desvirtuamento da Igreja Cat\u00f3lica.<\/p>\n<p>\u201cAntes dele, a gente tinha meninas e meninos como coroinhas, mas depois que ele assumiu passou a s\u00f3 admitir coroinhas homens. Um dia dois deles me procuraram. O primeiro falou comigo chorando, contou que tinha decidido sair da igreja porque um dia tava na casa paroquial e o padre Jaelson pediu que o menino passasse \u00f3leo nele durante o banho. O garoto tinha entre 14 e 15 anos. O outro coroinha que veio falar comigo disse que teve um relacionamento com o padre dos 14 at\u00e9 os 21 anos\u201d, disse em depoimento.<\/p>\n<p>Outra testemunha \u00e9 um funcion\u00e1rio da Catedral, que trabalhou l\u00e1 por mais de 30 anos e conhecia como ningu\u00e9m os bastidores do que acontecia l\u00e1 dentro.<\/p>\n<p>\u201cPassaram tr\u00eas bispos e cinco padres no tempo que eu estive l\u00e1. Um desses padres, padre Jaelson, levava coroinhas e outros meninos, todos menores de idade, para dormir com ele nos quartos que ficam atr\u00e1s da igreja. Os meninos iam embora de manh\u00e3 cedo. Ele pagava lanches para os meninos e tamb\u00e9m dava roupas para eles como um agrado. Eu j\u00e1 cheguei a pegar padre Jaelson tendo rela\u00e7\u00e3o sexual com menor de idade dentro da igreja. Tamb\u00e9m trabalhei com o padre Ednaldo. Ele costumava sair com os meninos que olhavam os carros na porta da Catedral. Costumava ir com eles no Bar da P\u00f3lvora. Eram todos menores de idade e o padre dava dinheiro pra eles\u201d, afirmou em depoimento.<\/p>\n<p>Foi decisivo o depoimento de um desses jovens, que quando era menor de idade trabalhava como flanelinha no entorno da Catedral, e disse que, na \u00e9poca, teve rela\u00e7\u00f5es com o padre Ednaldo. Ele contou tudo, mas n\u00e3o p\u00f4de ver a conclus\u00e3o do processo porque foi assassinado em dezembro de 2016. A pol\u00edcia chegou a investigar a possibilidade de queima de arquivo, mas nada ficou comprovado.<\/p>\n<p>O ex-funcion\u00e1rio citou tamb\u00e9m um quarto padre: Rui da Silva Braga. O padre Rui tamb\u00e9m levava meninos para a casa dele.<\/p>\n<p>Uma particularidade do caso \u00e9 que n\u00e3o s\u00f3 padres foram acusados de crimes sexuais. Segundo o Minist\u00e9rio P\u00fablico, havia o envolvimento direto do ent\u00e3o arcebispo, dom Aldo Pagotto. Ele \u00e9 suspeito de acobertar os crimes dos sacerdotes e tamb\u00e9m de ter tido rela\u00e7\u00f5es sexuais com jovens da cidade.<\/p>\n<p><strong>\u201cNuma determinada conversa, ele chegou a realmente a passar a m\u00e3o no meu peito e dizer \u2018por que n\u00e3o aproveitamos que estamos aqui n\u00f3s dois e vamos realizar aquilo que \u00e9 melhor pra n\u00f3s dois?\u2019\u201d, afirmou o ex-seminarista.<\/strong><\/p>\n<p>\u00c0 Justi\u00e7a, a v\u00edtima disse que tinha sido s\u00f3 assediado pelo ent\u00e3o arcebispo. Mas, ao Fant\u00e1stico, ele foi al\u00e9m:<\/p>\n<p><strong>\u201cA gente chegou a ter rela\u00e7\u00f5es sexuais, sim\u201d, denunciou.<\/strong><\/p>\n<p>Sem saber do envolvimento do arcebispo, o empres\u00e1rio chegou a pedir que ele tomasse provid\u00eancias sobre o problema.<\/p>\n<p>\u201cEle chegou a chorar e disse que ia tentar resolver a situa\u00e7\u00e3o. disse que ia procurar que padre Jaelson fizesse um tratamento para parar com essas coisas. Isso foi em 2009 e nada foi feito. Quero deixar bem claro que sou cat\u00f3lico, continuo frequentando a igreja e n\u00e3o tenho a inten\u00e7\u00e3o de prejudicar nenhum padre. S\u00f3 quero que a verdade venha \u00e0 tona pela dignidade da igreja\u201d, disse o empres\u00e1rio \u00e0 Justi\u00e7a.<\/p>\n<p>Em 2002, quando era bispo de Sobral, no Cear\u00e1, dom Aldo foi denunciado por supostamente tentar acobertar casos de abuso sexual de um padre contra 21 meninas. Mas o Tribunal de Justi\u00e7a cearense arquivou o caso. Em 2004, ele se tornou arcebispo da Para\u00edba. Ficou na posi\u00e7\u00e3o at\u00e9 2016, quando renunciou ao cargo, em meio \u00e0s den\u00fancias de esc\u00e2ndalos sexuais envolvendo padres.<\/p>\n<p>Na carta de ren\u00fancia, ele se referiu a \u201cegressos\u201d, ou seja padres e seminaristas afastados de outras dioceses, e que ele acolheu: \u201cAcolhi padres e seminaristas no intuito de lhes oferecer novas chances na vida. Entre outros alguns egressos posteriormente suspeitos de cometer graves defec\u00e7\u00f5es, contr\u00e1rias \u00e0 idoneidade exigida no sagrado minist\u00e9rio\u201d.<\/p>\n<p>Dom Aldo vive agora em Fortaleza. Teve c\u00e2ncer de pr\u00f3stata. Na p\u00e1scoa de 2018, divulgou um v\u00eddeo em que aparece debilitado. O Fant\u00e1stico ligou tr\u00eas vezes para o celular dele, e tamb\u00e9m para o telefone fixo da casa onde vive. N\u00e3o atendeu, nem respondeu \u00e0s mensagens de texto. Mandou um e-mail curto:<\/p>\n<p>\u201cN\u00e3o participo desse tipo de reportagem. Esclare\u00e7o que aos 8.11.2017 os padres suspeitos em envolvimento com menores foram inocentados por unanimidade\u201d.<\/p>\n<p>Mas os sacerdotes n\u00e3o foram exatamente inocentados. A data citada por dom Aldo coincide com o arquivamento do caso na Justi\u00e7a comum. O Minist\u00e9rio P\u00fablico Estadual considerou que os crimes j\u00e1 tinham prescrito, ou seja, pela lei, eram antigos, e n\u00e3o podiam mais ser julgados.<\/p>\n<p>O procurador estadual Francisco Sagres Vieira afirmou que tinha convic\u00e7\u00e3o de que o crime aconteceu, de que \u201cos fatos se verificaram, tinha motivo suficiente para promo\u00e7\u00e3o da den\u00fancia crime\u201d. Por\u00e9m, estava de \u201cm\u00e3os atadas porque havia prescri\u00e7\u00e3o\u201d.<\/p>\n<p>Mas na Justi\u00e7a do Trabalho houve condena\u00e7\u00e3o, por explora\u00e7\u00e3o sexual. Indeniza\u00e7\u00e3o de R$ 12 milh\u00f5es, R$ 1 milh\u00e3o para cada ano de dom Aldo Pagotto \u00e0 frente da Arquidiocese. O dinheiro deve ter uso social.<\/p>\n<p>\u201cEsses R$ 12 milh\u00f5es objeto a condena\u00e7\u00e3o ser\u00e3o revertidos para o fundo da inf\u00e2ncia, da adolesc\u00eancia e institui\u00e7\u00f5es cong\u00eaneres que trabalham com crian\u00e7as sexualmente exploradas e atuam na recupera\u00e7\u00e3o psic\u00f3loga, na reinser\u00e7\u00e3o social\u201d, explicou o procurador do Trabalho Eduardo Varandas.<\/p>\n<p>A Diocese de Jo\u00e3o Pessoa foi procurada, para que a entidade e os padres acusados pudessem se manifestar. Mas ningu\u00e9m quis dar entrevista. Em nota, a Igreja Cat\u00f3lica da Para\u00edba afirmou apenas que \u201cn\u00e3o se manifestar\u00e1 sobre os fatos e aspectos relacionados ao processo judicial em virtude da tramita\u00e7\u00e3o do caso em segredo de justi\u00e7a\u201d.<\/p>\n<p>Todos os religiosos citados na a\u00e7\u00e3o negaram \u00e0 Justi\u00e7a envolvimento com os jovens. A Igreja ainda pode recorrer da senten\u00e7a.<\/p>\n<p>\u201cIsso precisa ser passado a limpo pela sociedade. A Igreja, a meu ver, deve essa explica\u00e7\u00e3o ao mundo. Agora, independentemente do fator de quem causou isso ou aquilo a grande preocupa\u00e7\u00e3o do Minist\u00e9rio P\u00fablico \u00e9 evitar que danos como esse continue sendo uma rotina na vida de crian\u00e7as e adolescentes\u201d, afirmou o procurador.<\/p>\n<p>O ex-seminarista, hoje com 27 anos, se formou em administra\u00e7\u00e3o e direito. Ele saiu do semin\u00e1rio por medo de se tornar um padre abusador.<\/p>\n<p><strong>\u201cEu tinha muito medo de me tornar aquilo que fizeram comigo\u201d, disse.<\/strong><\/p>\n<p><strong>Rep\u00f3rter:<\/strong>\u00a0Vou te fazer uma \u00faltima pergunta: o que voc\u00ea gostaria que acontecesse com os padres e com o bispo que abusaram de voc\u00ea?<\/p>\n<p><strong>Ex-seminarista:<\/strong>\u00a0Olha, sinceramente, que a Igreja cuidasse deles, n\u00e9? Que a Justi\u00e7a realmente fosse feita, eu sei que eu sou mais um. Mas eu acredito que a Igreja deveria, como institui\u00e7\u00e3o, cuidar neurologicamente dos padres e construtivamente, a n\u00edvel de sociedade, a Justi\u00e7a fosse feita.<\/p>\n<p>A autora da carta de den\u00fancia, que deu origem a toda investiga\u00e7\u00e3o, diz que continua cat\u00f3lica, confiando numa Igreja que saiba se purificar.<\/p>\n<p>\u201cEu queria que a igreja se limpasse. Eu n\u00e3o denunciei a Igreja, eu apenas fiz um pedido de socorro, acode a nossa Igreja, a Igreja t\u00e1 sofrendo. Eu queria que limpasse, mas eu queria que limpasse dentro da igreja, fechada e n\u00e3o para o mundo porque a nossa Igreja \u00e9 santa, nossa Igreja n\u00e3o merece isso que t\u00e1 acontecendo\u201d, lamentou.<\/p>\n<p>&nbsp;<\/p>\n","protected":false},"excerpt":{"rendered":"<p>A Justi\u00e7a do Trabalho condenou a Arquidiocese da Para\u00edba a pagar uma indeniza\u00e7\u00e3o de R$ 12 milh\u00f5es por casos de explora\u00e7\u00e3o sexual contra menores de idade. O crime foi praticado por padres e at\u00e9 o arcebispo em\u00e9rito do estado est\u00e3o envolvidos no esc\u00e2ndalo. O Fant\u00e1stico ouviu um rapaz que foi assistente de missa e seminarista. Ele preferiu n\u00e3o ser identificado. Rep\u00f3rter:\u00a0Que idade voc\u00ea tinha? Ex-seminarista:\u00a0Eu tinha 17 anos e meio ano. Rep\u00f3rter:\u00a0O que voc\u00ea encontrou no semin\u00e1rio era como voc\u00ea esperava? Ex-seminarista:\u00a0N\u00e3o, n\u00e9? A gente espera uma coisa e de repente se depara com outra, n\u00e9? \u00c0s vezes de ass\u00e9dio relacionado a ass\u00e9dios sexuais por parte dos padres, por parte de muito dos seminaristas. Rep\u00f3rter:\u00a0De que tipo? Ex-seminarista:\u00a0Atrav\u00e9s de palavras, de atos, pegava nas minhas partes sexuais, n\u00e9? Foi na Justi\u00e7a Trabalhista que o processo avan\u00e7ou. \u201cO ato \u00e9 grav\u00edssimo. S\u00e3o adolescentes que acreditaram naquela institui\u00e7\u00e3o a representa\u00e7\u00e3o de Deus\u201d, afirmou o procurador do Trabalho, Eduardo Varandas. Tudo come\u00e7ou em 2014, a partir de uma carta. A autora ouviu coment\u00e1rios de que algo errado estava acontecendo na Igreja Cat\u00f3lica da Para\u00edba e, a partir da\u00ed, fez uma den\u00fancia por carta, para ficar dentro da Igreja. Por\u00e9m, isso acabou resultando na situa\u00e7\u00e3o atual. Uma den\u00fancia que era s\u00f3 para a Igreja, que tomou uma dimens\u00e3o imensa. Rep\u00f3rter:\u00a0Por que a senhora decidiu escrever a carta? Testemunha:\u00a0Porque eu fiquei incomodada diante de tantas coisas a\u00ed eu me incomodei muito por ser cat\u00f3lica. N\u00e3o aguentei mais diante de tanta coisa e eu terminei tendo essa vontade de fazer tudo isso. Rep\u00f3rter:\u00a0A senhora era amiga de jovens homossexuais frequentadores da igreja? Testemunha:\u00a0Isso. A gente ia pra anivers\u00e1rio, a gente sa\u00eda, ia na praia \u00e0 noite. Nessas sa\u00eddas nossa a\u00ed come\u00e7ou a surgir conversas que n\u00e3o tava me agradando. Rep\u00f3rter:\u00a0Tipo o qu\u00ea? Testemunha:\u00a0Apelidos muito feios com padres da nossa igreja. Monja Vanessa. Louca da Diocese. Ligava pra pessoa e falava \u201coi, louca da Diocese\u201d? Rep\u00f3rter:\u00a0Na verdade a senhora descobriu depois que quem tava do outro lado da linha eram padres? Testemunha:\u00a0Eram padres. A mulher contou tudo para um padre de confian\u00e7a. Ela explicou que ele redigiu a carta e disse que o documento ficaria dentro da Igreja. Mas o texto vazou e virou not\u00edcia. A partir da\u00ed, o Minist\u00e9rio P\u00fablico do Trabalho come\u00e7ou a investigar. \u201cNa verdade, o que foi apurado, o que foi denunciado na imprensa, apurado pelo Minist\u00e9rio P\u00fablico do Trabalho, foi de que havia inserido dentro da sistem\u00e1tica cat\u00f3lica um grupo de sacerdotes de forma habitual que pagavam por sexo a flanelinhas, a coroinhas e tamb\u00e9m a seminaristas\u201d, explicou o procurador Varandas. O crime foi definido como explora\u00e7\u00e3o sexual. No entanto, ele ressaltou que, como o processo est\u00e1 em segredo de justi\u00e7a, ele est\u00e1 impedido de revelar alguns elementos concretos e o que ocorreu na instru\u00e7\u00e3o do processo. Segundo Varadas, a caracter\u00edstica da explora\u00e7\u00e3o sexual \u00e9 a aus\u00eancia da vontade livre para praticar o ato. Nesse caso, o pagamento \u00e0s v\u00edtimas podia ser feito em dinheiro ou at\u00e9 em comida. \u201cAlgo que tenha submiss\u00e3o ou algo que fa\u00e7a com que um estado de necessidade leve a crian\u00e7a ou adolescente a praticar esses atos. Que estado de necessidade \u00e9 esse? \u00c9 a mis\u00e9ria, \u00e9 a fome, \u00e9 a prote\u00e7\u00e3o do estado, \u00e9 a aus\u00eancia de pol\u00edticas p\u00fablicas. No caso de menores de 18 anos, independente da vontade deles, tanto o Estatuto da Crian\u00e7a do Adolescente, como o C\u00f3digo Penal consideram a explora\u00e7\u00e3o sexual exatamente porque eles n\u00e3o t\u00eam a vontade validada pelo direito pra praticar um ato dessa natureza\u201d, explicou o procurador. O ex-seminarista conta que cedeu \u00e0s investidas pela vontade de se tornar padre. \u201cPorque at\u00e9 ent\u00e3o a palavra de ordem seria \u2018passando por esse processo voc\u00ea vai conseguir chegar a ser padre\u2019. Meio que uma troca de, n\u00e3o sei se a palavra certa \u00e9 troca de favores. \u00c0s vezes uma conversa, um abra\u00e7o no p\u00e9 do ouvido, n\u00e9? \u2018Ele voc\u00ea t\u00e1 muito cheiroso, vc t\u00e1 muito lindo, muito gostoso, n\u00e9? Voc\u00ea deve malhar muito, n\u00e3o sei como voc\u00ea faz isso, mas voc\u00ea tem um peitoral muito gostoso, n\u00e9?\u2019\u201d, disse. A v\u00edtima afirmou que havia rela\u00e7\u00f5es sexuais e que se envolveu com tr\u00eas padres. Os nomes dos tr\u00eas sacerdotes aparecem em v\u00e1rios depoimentos: Jaelson Alves de Andrade, Ednaldo Ara\u00fajo dos Santos e Severino Melo. Os padres estariam afastados de suas fun\u00e7\u00f5es. Nem o ex-seminarista, nem a autora da carta, que deu origem \u00e0s investiga\u00e7\u00f5es, quiseram se identificar. E eles t\u00eam suas raz\u00f5es. \u201cEles diziam que ou eu calava com isso ou a minha vida tava por um fio\u201d, afirmou a mulher. \u201cEles diziam que eu tivesse cuidado por onde andava, porque eu n\u00e3o sabia quem tava atr\u00e1s de mim, nem na minha frente, nem ao meu lado\u201d, contou a v\u00edtima. Por press\u00e3o psicol\u00f3gica, duas testemunhas importantes que tinham marcado entrevista com o Fant\u00e1stico desistiram de falar. Mas, \u00e0 Justi\u00e7a, elas falaram. Um deles \u00e9 um empres\u00e1rio, dono de um restaurante, at\u00e9 hoje muito cat\u00f3lico. Ele frequentava a igreja do padre Jaelson e dep\u00f4s contra aquilo que ele achava que era um desvirtuamento da Igreja Cat\u00f3lica. \u201cAntes dele, a gente tinha meninas e meninos como coroinhas, mas depois que ele assumiu passou a s\u00f3 admitir coroinhas homens. Um dia dois deles me procuraram. O primeiro falou comigo chorando, contou que tinha decidido sair da igreja porque um dia tava na casa paroquial e o padre Jaelson pediu que o menino passasse \u00f3leo nele durante o banho. O garoto tinha entre 14 e 15 anos. O outro coroinha que veio falar comigo disse que teve um relacionamento com o padre dos 14 at\u00e9 os 21 anos\u201d, disse em depoimento. Outra testemunha \u00e9 um funcion\u00e1rio da Catedral, que trabalhou l\u00e1 por mais de 30 anos e conhecia como ningu\u00e9m os bastidores do que acontecia l\u00e1 dentro. \u201cPassaram tr\u00eas bispos e cinco padres no tempo que eu estive l\u00e1. Um desses padres, padre Jaelson, levava coroinhas e outros meninos, todos menores de idade, para dormir com ele nos quartos que ficam atr\u00e1s da igreja. Os meninos<\/p>\n","protected":false},"author":2,"featured_media":14986,"comment_status":"closed","ping_status":"open","sticky":false,"template":"","format":"standard","meta":{"_eb_attr":"","_jetpack_memberships_contains_paid_content":false,"footnotes":""},"categories":[12],"tags":[],"class_list":["post-14985","post","type-post","status-publish","format-standard","has-post-thumbnail","hentry","category-geral"],"yoast_head":"<!-- This site is optimized with the Yoast SEO plugin v26.5 - https:\/\/yoast.com\/wordpress\/plugins\/seo\/ -->\n<title>Igreja Cat\u00f3lica na Para\u00edba \u00e9 condenada a pagar indeniza\u00e7\u00e3o de R$ 12 milh\u00f5es por explora\u00e7\u00e3o sexual - Not&iacute;cias em Destaque<\/title>\n<meta name=\"robots\" content=\"index, follow, max-snippet:-1, max-image-preview:large, max-video-preview:-1\" \/>\n<link rel=\"canonical\" href=\"https:\/\/noticiasemdestaque.com\/cd\/?p=14985\" \/>\n<meta property=\"og:locale\" content=\"pt_BR\" \/>\n<meta property=\"og:type\" content=\"article\" \/>\n<meta property=\"og:title\" content=\"Igreja Cat\u00f3lica na Para\u00edba \u00e9 condenada a pagar indeniza\u00e7\u00e3o de R$ 12 milh\u00f5es por explora\u00e7\u00e3o sexual - Not&iacute;cias em Destaque\" \/>\n<meta property=\"og:description\" content=\"A Justi\u00e7a do Trabalho condenou a Arquidiocese da Para\u00edba a pagar uma indeniza\u00e7\u00e3o de R$ 12 milh\u00f5es por casos de explora\u00e7\u00e3o sexual contra menores de idade. O crime foi praticado por padres e at\u00e9 o arcebispo em\u00e9rito do estado est\u00e3o envolvidos no esc\u00e2ndalo. O Fant\u00e1stico ouviu um rapaz que foi assistente de missa e seminarista. Ele preferiu n\u00e3o ser identificado. Rep\u00f3rter:\u00a0Que idade voc\u00ea tinha? Ex-seminarista:\u00a0Eu tinha 17 anos e meio ano. Rep\u00f3rter:\u00a0O que voc\u00ea encontrou no semin\u00e1rio era como voc\u00ea esperava? Ex-seminarista:\u00a0N\u00e3o, n\u00e9? A gente espera uma coisa e de repente se depara com outra, n\u00e9? \u00c0s vezes de ass\u00e9dio relacionado a ass\u00e9dios sexuais por parte dos padres, por parte de muito dos seminaristas. Rep\u00f3rter:\u00a0De que tipo? Ex-seminarista:\u00a0Atrav\u00e9s de palavras, de atos, pegava nas minhas partes sexuais, n\u00e9? Foi na Justi\u00e7a Trabalhista que o processo avan\u00e7ou. \u201cO ato \u00e9 grav\u00edssimo. S\u00e3o adolescentes que acreditaram naquela institui\u00e7\u00e3o a representa\u00e7\u00e3o de Deus\u201d, afirmou o procurador do Trabalho, Eduardo Varandas. Tudo come\u00e7ou em 2014, a partir de uma carta. A autora ouviu coment\u00e1rios de que algo errado estava acontecendo na Igreja Cat\u00f3lica da Para\u00edba e, a partir da\u00ed, fez uma den\u00fancia por carta, para ficar dentro da Igreja. Por\u00e9m, isso acabou resultando na situa\u00e7\u00e3o atual. Uma den\u00fancia que era s\u00f3 para a Igreja, que tomou uma dimens\u00e3o imensa. Rep\u00f3rter:\u00a0Por que a senhora decidiu escrever a carta? Testemunha:\u00a0Porque eu fiquei incomodada diante de tantas coisas a\u00ed eu me incomodei muito por ser cat\u00f3lica. N\u00e3o aguentei mais diante de tanta coisa e eu terminei tendo essa vontade de fazer tudo isso. Rep\u00f3rter:\u00a0A senhora era amiga de jovens homossexuais frequentadores da igreja? Testemunha:\u00a0Isso. A gente ia pra anivers\u00e1rio, a gente sa\u00eda, ia na praia \u00e0 noite. Nessas sa\u00eddas nossa a\u00ed come\u00e7ou a surgir conversas que n\u00e3o tava me agradando. Rep\u00f3rter:\u00a0Tipo o qu\u00ea? Testemunha:\u00a0Apelidos muito feios com padres da nossa igreja. Monja Vanessa. Louca da Diocese. Ligava pra pessoa e falava \u201coi, louca da Diocese\u201d? Rep\u00f3rter:\u00a0Na verdade a senhora descobriu depois que quem tava do outro lado da linha eram padres? Testemunha:\u00a0Eram padres. A mulher contou tudo para um padre de confian\u00e7a. Ela explicou que ele redigiu a carta e disse que o documento ficaria dentro da Igreja. Mas o texto vazou e virou not\u00edcia. A partir da\u00ed, o Minist\u00e9rio P\u00fablico do Trabalho come\u00e7ou a investigar. \u201cNa verdade, o que foi apurado, o que foi denunciado na imprensa, apurado pelo Minist\u00e9rio P\u00fablico do Trabalho, foi de que havia inserido dentro da sistem\u00e1tica cat\u00f3lica um grupo de sacerdotes de forma habitual que pagavam por sexo a flanelinhas, a coroinhas e tamb\u00e9m a seminaristas\u201d, explicou o procurador Varandas. O crime foi definido como explora\u00e7\u00e3o sexual. No entanto, ele ressaltou que, como o processo est\u00e1 em segredo de justi\u00e7a, ele est\u00e1 impedido de revelar alguns elementos concretos e o que ocorreu na instru\u00e7\u00e3o do processo. Segundo Varadas, a caracter\u00edstica da explora\u00e7\u00e3o sexual \u00e9 a aus\u00eancia da vontade livre para praticar o ato. Nesse caso, o pagamento \u00e0s v\u00edtimas podia ser feito em dinheiro ou at\u00e9 em comida. \u201cAlgo que tenha submiss\u00e3o ou algo que fa\u00e7a com que um estado de necessidade leve a crian\u00e7a ou adolescente a praticar esses atos. Que estado de necessidade \u00e9 esse? \u00c9 a mis\u00e9ria, \u00e9 a fome, \u00e9 a prote\u00e7\u00e3o do estado, \u00e9 a aus\u00eancia de pol\u00edticas p\u00fablicas. No caso de menores de 18 anos, independente da vontade deles, tanto o Estatuto da Crian\u00e7a do Adolescente, como o C\u00f3digo Penal consideram a explora\u00e7\u00e3o sexual exatamente porque eles n\u00e3o t\u00eam a vontade validada pelo direito pra praticar um ato dessa natureza\u201d, explicou o procurador. O ex-seminarista conta que cedeu \u00e0s investidas pela vontade de se tornar padre. \u201cPorque at\u00e9 ent\u00e3o a palavra de ordem seria \u2018passando por esse processo voc\u00ea vai conseguir chegar a ser padre\u2019. Meio que uma troca de, n\u00e3o sei se a palavra certa \u00e9 troca de favores. \u00c0s vezes uma conversa, um abra\u00e7o no p\u00e9 do ouvido, n\u00e9? \u2018Ele voc\u00ea t\u00e1 muito cheiroso, vc t\u00e1 muito lindo, muito gostoso, n\u00e9? Voc\u00ea deve malhar muito, n\u00e3o sei como voc\u00ea faz isso, mas voc\u00ea tem um peitoral muito gostoso, n\u00e9?\u2019\u201d, disse. A v\u00edtima afirmou que havia rela\u00e7\u00f5es sexuais e que se envolveu com tr\u00eas padres. Os nomes dos tr\u00eas sacerdotes aparecem em v\u00e1rios depoimentos: Jaelson Alves de Andrade, Ednaldo Ara\u00fajo dos Santos e Severino Melo. Os padres estariam afastados de suas fun\u00e7\u00f5es. Nem o ex-seminarista, nem a autora da carta, que deu origem \u00e0s investiga\u00e7\u00f5es, quiseram se identificar. E eles t\u00eam suas raz\u00f5es. \u201cEles diziam que ou eu calava com isso ou a minha vida tava por um fio\u201d, afirmou a mulher. \u201cEles diziam que eu tivesse cuidado por onde andava, porque eu n\u00e3o sabia quem tava atr\u00e1s de mim, nem na minha frente, nem ao meu lado\u201d, contou a v\u00edtima. Por press\u00e3o psicol\u00f3gica, duas testemunhas importantes que tinham marcado entrevista com o Fant\u00e1stico desistiram de falar. Mas, \u00e0 Justi\u00e7a, elas falaram. Um deles \u00e9 um empres\u00e1rio, dono de um restaurante, at\u00e9 hoje muito cat\u00f3lico. Ele frequentava a igreja do padre Jaelson e dep\u00f4s contra aquilo que ele achava que era um desvirtuamento da Igreja Cat\u00f3lica. \u201cAntes dele, a gente tinha meninas e meninos como coroinhas, mas depois que ele assumiu passou a s\u00f3 admitir coroinhas homens. Um dia dois deles me procuraram. O primeiro falou comigo chorando, contou que tinha decidido sair da igreja porque um dia tava na casa paroquial e o padre Jaelson pediu que o menino passasse \u00f3leo nele durante o banho. O garoto tinha entre 14 e 15 anos. O outro coroinha que veio falar comigo disse que teve um relacionamento com o padre dos 14 at\u00e9 os 21 anos\u201d, disse em depoimento. Outra testemunha \u00e9 um funcion\u00e1rio da Catedral, que trabalhou l\u00e1 por mais de 30 anos e conhecia como ningu\u00e9m os bastidores do que acontecia l\u00e1 dentro. \u201cPassaram tr\u00eas bispos e cinco padres no tempo que eu estive l\u00e1. Um desses padres, padre Jaelson, levava coroinhas e outros meninos, todos menores de idade, para dormir com ele nos quartos que ficam atr\u00e1s da igreja. Os meninos\" \/>\n<meta property=\"og:url\" content=\"https:\/\/noticiasemdestaque.com\/cd\/?p=14985\" \/>\n<meta property=\"og:site_name\" content=\"Not&iacute;cias em Destaque\" \/>\n<meta property=\"article:published_time\" content=\"2019-01-21T10:25:30+00:00\" \/>\n<meta property=\"og:image\" content=\"https:\/\/noticiasemdestaque.com\/cd\/wp-content\/uploads\/2019\/01\/timthumb.jpg\" \/>\n\t<meta property=\"og:image:width\" content=\"547\" \/>\n\t<meta property=\"og:image:height\" content=\"398\" \/>\n\t<meta property=\"og:image:type\" content=\"image\/jpeg\" \/>\n<meta name=\"author\" content=\"Not\u00edcias em Destaque\" \/>\n<meta name=\"twitter:card\" content=\"summary_large_image\" \/>\n<meta name=\"twitter:label1\" content=\"Escrito por\" \/>\n\t<meta name=\"twitter:data1\" content=\"Not\u00edcias em Destaque\" \/>\n\t<meta name=\"twitter:label2\" content=\"Est. tempo de leitura\" \/>\n\t<meta name=\"twitter:data2\" content=\"11 minutos\" \/>\n<script type=\"application\/ld+json\" class=\"yoast-schema-graph\">{\"@context\":\"https:\/\/schema.org\",\"@graph\":[{\"@type\":\"Article\",\"@id\":\"https:\/\/noticiasemdestaque.com\/cd\/?p=14985#article\",\"isPartOf\":{\"@id\":\"https:\/\/noticiasemdestaque.com\/cd\/?p=14985\"},\"author\":{\"name\":\"Not\u00edcias em Destaque\",\"@id\":\"https:\/\/noticiasemdestaque.com\/cd\/#\/schema\/person\/21320b03a7e8bb90128938dafc9b908a\"},\"headline\":\"Igreja Cat\u00f3lica na Para\u00edba \u00e9 condenada a pagar indeniza\u00e7\u00e3o de R$ 12 milh\u00f5es por explora\u00e7\u00e3o sexual\",\"datePublished\":\"2019-01-21T10:25:30+00:00\",\"mainEntityOfPage\":{\"@id\":\"https:\/\/noticiasemdestaque.com\/cd\/?p=14985\"},\"wordCount\":2233,\"publisher\":{\"@id\":\"https:\/\/noticiasemdestaque.com\/cd\/#organization\"},\"image\":{\"@id\":\"https:\/\/noticiasemdestaque.com\/cd\/?p=14985#primaryimage\"},\"thumbnailUrl\":\"https:\/\/noticiasemdestaque.com\/cd\/wp-content\/uploads\/2019\/01\/timthumb.jpg\",\"articleSection\":[\"Geral\"],\"inLanguage\":\"pt-BR\"},{\"@type\":\"WebPage\",\"@id\":\"https:\/\/noticiasemdestaque.com\/cd\/?p=14985\",\"url\":\"https:\/\/noticiasemdestaque.com\/cd\/?p=14985\",\"name\":\"Igreja Cat\u00f3lica na Para\u00edba \u00e9 condenada a pagar indeniza\u00e7\u00e3o de R$ 12 milh\u00f5es por explora\u00e7\u00e3o sexual - Not&iacute;cias em Destaque\",\"isPartOf\":{\"@id\":\"https:\/\/noticiasemdestaque.com\/cd\/#website\"},\"primaryImageOfPage\":{\"@id\":\"https:\/\/noticiasemdestaque.com\/cd\/?p=14985#primaryimage\"},\"image\":{\"@id\":\"https:\/\/noticiasemdestaque.com\/cd\/?p=14985#primaryimage\"},\"thumbnailUrl\":\"https:\/\/noticiasemdestaque.com\/cd\/wp-content\/uploads\/2019\/01\/timthumb.jpg\",\"datePublished\":\"2019-01-21T10:25:30+00:00\",\"breadcrumb\":{\"@id\":\"https:\/\/noticiasemdestaque.com\/cd\/?p=14985#breadcrumb\"},\"inLanguage\":\"pt-BR\",\"potentialAction\":[{\"@type\":\"ReadAction\",\"target\":[\"https:\/\/noticiasemdestaque.com\/cd\/?p=14985\"]}]},{\"@type\":\"ImageObject\",\"inLanguage\":\"pt-BR\",\"@id\":\"https:\/\/noticiasemdestaque.com\/cd\/?p=14985#primaryimage\",\"url\":\"https:\/\/noticiasemdestaque.com\/cd\/wp-content\/uploads\/2019\/01\/timthumb.jpg\",\"contentUrl\":\"https:\/\/noticiasemdestaque.com\/cd\/wp-content\/uploads\/2019\/01\/timthumb.jpg\",\"width\":547,\"height\":398},{\"@type\":\"BreadcrumbList\",\"@id\":\"https:\/\/noticiasemdestaque.com\/cd\/?p=14985#breadcrumb\",\"itemListElement\":[{\"@type\":\"ListItem\",\"position\":1,\"name\":\"In\u00edcio\",\"item\":\"https:\/\/noticiasemdestaque.com\/cd\/\"},{\"@type\":\"ListItem\",\"position\":2,\"name\":\"Igreja Cat\u00f3lica na Para\u00edba \u00e9 condenada a pagar indeniza\u00e7\u00e3o de R$ 12 milh\u00f5es por explora\u00e7\u00e3o sexual\"}]},{\"@type\":\"WebSite\",\"@id\":\"https:\/\/noticiasemdestaque.com\/cd\/#website\",\"url\":\"https:\/\/noticiasemdestaque.com\/cd\/\",\"name\":\"Not&iacute;cias em Destaque\",\"description\":\"\",\"publisher\":{\"@id\":\"https:\/\/noticiasemdestaque.com\/cd\/#organization\"},\"potentialAction\":[{\"@type\":\"SearchAction\",\"target\":{\"@type\":\"EntryPoint\",\"urlTemplate\":\"https:\/\/noticiasemdestaque.com\/cd\/?s={search_term_string}\"},\"query-input\":{\"@type\":\"PropertyValueSpecification\",\"valueRequired\":true,\"valueName\":\"search_term_string\"}}],\"inLanguage\":\"pt-BR\"},{\"@type\":\"Organization\",\"@id\":\"https:\/\/noticiasemdestaque.com\/cd\/#organization\",\"name\":\"Not\u00edcias em Destaque\",\"url\":\"https:\/\/noticiasemdestaque.com\/cd\/\",\"logo\":{\"@type\":\"ImageObject\",\"inLanguage\":\"pt-BR\",\"@id\":\"https:\/\/noticiasemdestaque.com\/cd\/#\/schema\/logo\/image\/\",\"url\":\"https:\/\/noticiasemdestaque.com\/cd\/wp-content\/uploads\/2022\/05\/imagem-base-noticiasemdestaque.png\",\"contentUrl\":\"https:\/\/noticiasemdestaque.com\/cd\/wp-content\/uploads\/2022\/05\/imagem-base-noticiasemdestaque.png\",\"width\":1200,\"height\":630,\"caption\":\"Not\u00edcias em Destaque\"},\"image\":{\"@id\":\"https:\/\/noticiasemdestaque.com\/cd\/#\/schema\/logo\/image\/\"}},{\"@type\":\"Person\",\"@id\":\"https:\/\/noticiasemdestaque.com\/cd\/#\/schema\/person\/21320b03a7e8bb90128938dafc9b908a\",\"name\":\"Not\u00edcias em Destaque\",\"url\":\"https:\/\/noticiasemdestaque.com\/cd\/?author=2\"}]}<\/script>\n<!-- \/ Yoast SEO plugin. -->","yoast_head_json":{"title":"Igreja Cat\u00f3lica na Para\u00edba \u00e9 condenada a pagar indeniza\u00e7\u00e3o de R$ 12 milh\u00f5es por explora\u00e7\u00e3o sexual - Not&iacute;cias em Destaque","robots":{"index":"index","follow":"follow","max-snippet":"max-snippet:-1","max-image-preview":"max-image-preview:large","max-video-preview":"max-video-preview:-1"},"canonical":"https:\/\/noticiasemdestaque.com\/cd\/?p=14985","og_locale":"pt_BR","og_type":"article","og_title":"Igreja Cat\u00f3lica na Para\u00edba \u00e9 condenada a pagar indeniza\u00e7\u00e3o de R$ 12 milh\u00f5es por explora\u00e7\u00e3o sexual - Not&iacute;cias em Destaque","og_description":"A Justi\u00e7a do Trabalho condenou a Arquidiocese da Para\u00edba a pagar uma indeniza\u00e7\u00e3o de R$ 12 milh\u00f5es por casos de explora\u00e7\u00e3o sexual contra menores de idade. O crime foi praticado por padres e at\u00e9 o arcebispo em\u00e9rito do estado est\u00e3o envolvidos no esc\u00e2ndalo. O Fant\u00e1stico ouviu um rapaz que foi assistente de missa e seminarista. Ele preferiu n\u00e3o ser identificado. Rep\u00f3rter:\u00a0Que idade voc\u00ea tinha? Ex-seminarista:\u00a0Eu tinha 17 anos e meio ano. Rep\u00f3rter:\u00a0O que voc\u00ea encontrou no semin\u00e1rio era como voc\u00ea esperava? Ex-seminarista:\u00a0N\u00e3o, n\u00e9? A gente espera uma coisa e de repente se depara com outra, n\u00e9? \u00c0s vezes de ass\u00e9dio relacionado a ass\u00e9dios sexuais por parte dos padres, por parte de muito dos seminaristas. Rep\u00f3rter:\u00a0De que tipo? Ex-seminarista:\u00a0Atrav\u00e9s de palavras, de atos, pegava nas minhas partes sexuais, n\u00e9? Foi na Justi\u00e7a Trabalhista que o processo avan\u00e7ou. \u201cO ato \u00e9 grav\u00edssimo. S\u00e3o adolescentes que acreditaram naquela institui\u00e7\u00e3o a representa\u00e7\u00e3o de Deus\u201d, afirmou o procurador do Trabalho, Eduardo Varandas. Tudo come\u00e7ou em 2014, a partir de uma carta. A autora ouviu coment\u00e1rios de que algo errado estava acontecendo na Igreja Cat\u00f3lica da Para\u00edba e, a partir da\u00ed, fez uma den\u00fancia por carta, para ficar dentro da Igreja. Por\u00e9m, isso acabou resultando na situa\u00e7\u00e3o atual. Uma den\u00fancia que era s\u00f3 para a Igreja, que tomou uma dimens\u00e3o imensa. Rep\u00f3rter:\u00a0Por que a senhora decidiu escrever a carta? Testemunha:\u00a0Porque eu fiquei incomodada diante de tantas coisas a\u00ed eu me incomodei muito por ser cat\u00f3lica. N\u00e3o aguentei mais diante de tanta coisa e eu terminei tendo essa vontade de fazer tudo isso. Rep\u00f3rter:\u00a0A senhora era amiga de jovens homossexuais frequentadores da igreja? Testemunha:\u00a0Isso. A gente ia pra anivers\u00e1rio, a gente sa\u00eda, ia na praia \u00e0 noite. Nessas sa\u00eddas nossa a\u00ed come\u00e7ou a surgir conversas que n\u00e3o tava me agradando. Rep\u00f3rter:\u00a0Tipo o qu\u00ea? Testemunha:\u00a0Apelidos muito feios com padres da nossa igreja. Monja Vanessa. Louca da Diocese. Ligava pra pessoa e falava \u201coi, louca da Diocese\u201d? Rep\u00f3rter:\u00a0Na verdade a senhora descobriu depois que quem tava do outro lado da linha eram padres? Testemunha:\u00a0Eram padres. A mulher contou tudo para um padre de confian\u00e7a. Ela explicou que ele redigiu a carta e disse que o documento ficaria dentro da Igreja. Mas o texto vazou e virou not\u00edcia. A partir da\u00ed, o Minist\u00e9rio P\u00fablico do Trabalho come\u00e7ou a investigar. \u201cNa verdade, o que foi apurado, o que foi denunciado na imprensa, apurado pelo Minist\u00e9rio P\u00fablico do Trabalho, foi de que havia inserido dentro da sistem\u00e1tica cat\u00f3lica um grupo de sacerdotes de forma habitual que pagavam por sexo a flanelinhas, a coroinhas e tamb\u00e9m a seminaristas\u201d, explicou o procurador Varandas. O crime foi definido como explora\u00e7\u00e3o sexual. No entanto, ele ressaltou que, como o processo est\u00e1 em segredo de justi\u00e7a, ele est\u00e1 impedido de revelar alguns elementos concretos e o que ocorreu na instru\u00e7\u00e3o do processo. Segundo Varadas, a caracter\u00edstica da explora\u00e7\u00e3o sexual \u00e9 a aus\u00eancia da vontade livre para praticar o ato. Nesse caso, o pagamento \u00e0s v\u00edtimas podia ser feito em dinheiro ou at\u00e9 em comida. \u201cAlgo que tenha submiss\u00e3o ou algo que fa\u00e7a com que um estado de necessidade leve a crian\u00e7a ou adolescente a praticar esses atos. Que estado de necessidade \u00e9 esse? \u00c9 a mis\u00e9ria, \u00e9 a fome, \u00e9 a prote\u00e7\u00e3o do estado, \u00e9 a aus\u00eancia de pol\u00edticas p\u00fablicas. No caso de menores de 18 anos, independente da vontade deles, tanto o Estatuto da Crian\u00e7a do Adolescente, como o C\u00f3digo Penal consideram a explora\u00e7\u00e3o sexual exatamente porque eles n\u00e3o t\u00eam a vontade validada pelo direito pra praticar um ato dessa natureza\u201d, explicou o procurador. O ex-seminarista conta que cedeu \u00e0s investidas pela vontade de se tornar padre. \u201cPorque at\u00e9 ent\u00e3o a palavra de ordem seria \u2018passando por esse processo voc\u00ea vai conseguir chegar a ser padre\u2019. Meio que uma troca de, n\u00e3o sei se a palavra certa \u00e9 troca de favores. \u00c0s vezes uma conversa, um abra\u00e7o no p\u00e9 do ouvido, n\u00e9? \u2018Ele voc\u00ea t\u00e1 muito cheiroso, vc t\u00e1 muito lindo, muito gostoso, n\u00e9? Voc\u00ea deve malhar muito, n\u00e3o sei como voc\u00ea faz isso, mas voc\u00ea tem um peitoral muito gostoso, n\u00e9?\u2019\u201d, disse. A v\u00edtima afirmou que havia rela\u00e7\u00f5es sexuais e que se envolveu com tr\u00eas padres. Os nomes dos tr\u00eas sacerdotes aparecem em v\u00e1rios depoimentos: Jaelson Alves de Andrade, Ednaldo Ara\u00fajo dos Santos e Severino Melo. Os padres estariam afastados de suas fun\u00e7\u00f5es. Nem o ex-seminarista, nem a autora da carta, que deu origem \u00e0s investiga\u00e7\u00f5es, quiseram se identificar. E eles t\u00eam suas raz\u00f5es. \u201cEles diziam que ou eu calava com isso ou a minha vida tava por um fio\u201d, afirmou a mulher. \u201cEles diziam que eu tivesse cuidado por onde andava, porque eu n\u00e3o sabia quem tava atr\u00e1s de mim, nem na minha frente, nem ao meu lado\u201d, contou a v\u00edtima. Por press\u00e3o psicol\u00f3gica, duas testemunhas importantes que tinham marcado entrevista com o Fant\u00e1stico desistiram de falar. Mas, \u00e0 Justi\u00e7a, elas falaram. Um deles \u00e9 um empres\u00e1rio, dono de um restaurante, at\u00e9 hoje muito cat\u00f3lico. Ele frequentava a igreja do padre Jaelson e dep\u00f4s contra aquilo que ele achava que era um desvirtuamento da Igreja Cat\u00f3lica. \u201cAntes dele, a gente tinha meninas e meninos como coroinhas, mas depois que ele assumiu passou a s\u00f3 admitir coroinhas homens. Um dia dois deles me procuraram. O primeiro falou comigo chorando, contou que tinha decidido sair da igreja porque um dia tava na casa paroquial e o padre Jaelson pediu que o menino passasse \u00f3leo nele durante o banho. O garoto tinha entre 14 e 15 anos. O outro coroinha que veio falar comigo disse que teve um relacionamento com o padre dos 14 at\u00e9 os 21 anos\u201d, disse em depoimento. Outra testemunha \u00e9 um funcion\u00e1rio da Catedral, que trabalhou l\u00e1 por mais de 30 anos e conhecia como ningu\u00e9m os bastidores do que acontecia l\u00e1 dentro. \u201cPassaram tr\u00eas bispos e cinco padres no tempo que eu estive l\u00e1. Um desses padres, padre Jaelson, levava coroinhas e outros meninos, todos menores de idade, para dormir com ele nos quartos que ficam atr\u00e1s da igreja. Os meninos","og_url":"https:\/\/noticiasemdestaque.com\/cd\/?p=14985","og_site_name":"Not&iacute;cias em Destaque","article_published_time":"2019-01-21T10:25:30+00:00","og_image":[{"width":547,"height":398,"url":"https:\/\/noticiasemdestaque.com\/cd\/wp-content\/uploads\/2019\/01\/timthumb.jpg","type":"image\/jpeg"}],"author":"Not\u00edcias em Destaque","twitter_card":"summary_large_image","twitter_misc":{"Escrito por":"Not\u00edcias em Destaque","Est. tempo de leitura":"11 minutos"},"schema":{"@context":"https:\/\/schema.org","@graph":[{"@type":"Article","@id":"https:\/\/noticiasemdestaque.com\/cd\/?p=14985#article","isPartOf":{"@id":"https:\/\/noticiasemdestaque.com\/cd\/?p=14985"},"author":{"name":"Not\u00edcias em Destaque","@id":"https:\/\/noticiasemdestaque.com\/cd\/#\/schema\/person\/21320b03a7e8bb90128938dafc9b908a"},"headline":"Igreja Cat\u00f3lica na Para\u00edba \u00e9 condenada a pagar indeniza\u00e7\u00e3o de R$ 12 milh\u00f5es por explora\u00e7\u00e3o sexual","datePublished":"2019-01-21T10:25:30+00:00","mainEntityOfPage":{"@id":"https:\/\/noticiasemdestaque.com\/cd\/?p=14985"},"wordCount":2233,"publisher":{"@id":"https:\/\/noticiasemdestaque.com\/cd\/#organization"},"image":{"@id":"https:\/\/noticiasemdestaque.com\/cd\/?p=14985#primaryimage"},"thumbnailUrl":"https:\/\/noticiasemdestaque.com\/cd\/wp-content\/uploads\/2019\/01\/timthumb.jpg","articleSection":["Geral"],"inLanguage":"pt-BR"},{"@type":"WebPage","@id":"https:\/\/noticiasemdestaque.com\/cd\/?p=14985","url":"https:\/\/noticiasemdestaque.com\/cd\/?p=14985","name":"Igreja Cat\u00f3lica na Para\u00edba \u00e9 condenada a pagar indeniza\u00e7\u00e3o de R$ 12 milh\u00f5es por explora\u00e7\u00e3o sexual - Not&iacute;cias em Destaque","isPartOf":{"@id":"https:\/\/noticiasemdestaque.com\/cd\/#website"},"primaryImageOfPage":{"@id":"https:\/\/noticiasemdestaque.com\/cd\/?p=14985#primaryimage"},"image":{"@id":"https:\/\/noticiasemdestaque.com\/cd\/?p=14985#primaryimage"},"thumbnailUrl":"https:\/\/noticiasemdestaque.com\/cd\/wp-content\/uploads\/2019\/01\/timthumb.jpg","datePublished":"2019-01-21T10:25:30+00:00","breadcrumb":{"@id":"https:\/\/noticiasemdestaque.com\/cd\/?p=14985#breadcrumb"},"inLanguage":"pt-BR","potentialAction":[{"@type":"ReadAction","target":["https:\/\/noticiasemdestaque.com\/cd\/?p=14985"]}]},{"@type":"ImageObject","inLanguage":"pt-BR","@id":"https:\/\/noticiasemdestaque.com\/cd\/?p=14985#primaryimage","url":"https:\/\/noticiasemdestaque.com\/cd\/wp-content\/uploads\/2019\/01\/timthumb.jpg","contentUrl":"https:\/\/noticiasemdestaque.com\/cd\/wp-content\/uploads\/2019\/01\/timthumb.jpg","width":547,"height":398},{"@type":"BreadcrumbList","@id":"https:\/\/noticiasemdestaque.com\/cd\/?p=14985#breadcrumb","itemListElement":[{"@type":"ListItem","position":1,"name":"In\u00edcio","item":"https:\/\/noticiasemdestaque.com\/cd\/"},{"@type":"ListItem","position":2,"name":"Igreja Cat\u00f3lica na Para\u00edba \u00e9 condenada a pagar indeniza\u00e7\u00e3o de R$ 12 milh\u00f5es por explora\u00e7\u00e3o sexual"}]},{"@type":"WebSite","@id":"https:\/\/noticiasemdestaque.com\/cd\/#website","url":"https:\/\/noticiasemdestaque.com\/cd\/","name":"Not&iacute;cias em Destaque","description":"","publisher":{"@id":"https:\/\/noticiasemdestaque.com\/cd\/#organization"},"potentialAction":[{"@type":"SearchAction","target":{"@type":"EntryPoint","urlTemplate":"https:\/\/noticiasemdestaque.com\/cd\/?s={search_term_string}"},"query-input":{"@type":"PropertyValueSpecification","valueRequired":true,"valueName":"search_term_string"}}],"inLanguage":"pt-BR"},{"@type":"Organization","@id":"https:\/\/noticiasemdestaque.com\/cd\/#organization","name":"Not\u00edcias em Destaque","url":"https:\/\/noticiasemdestaque.com\/cd\/","logo":{"@type":"ImageObject","inLanguage":"pt-BR","@id":"https:\/\/noticiasemdestaque.com\/cd\/#\/schema\/logo\/image\/","url":"https:\/\/noticiasemdestaque.com\/cd\/wp-content\/uploads\/2022\/05\/imagem-base-noticiasemdestaque.png","contentUrl":"https:\/\/noticiasemdestaque.com\/cd\/wp-content\/uploads\/2022\/05\/imagem-base-noticiasemdestaque.png","width":1200,"height":630,"caption":"Not\u00edcias em Destaque"},"image":{"@id":"https:\/\/noticiasemdestaque.com\/cd\/#\/schema\/logo\/image\/"}},{"@type":"Person","@id":"https:\/\/noticiasemdestaque.com\/cd\/#\/schema\/person\/21320b03a7e8bb90128938dafc9b908a","name":"Not\u00edcias em Destaque","url":"https:\/\/noticiasemdestaque.com\/cd\/?author=2"}]}},"jetpack_featured_media_url":"https:\/\/noticiasemdestaque.com\/cd\/wp-content\/uploads\/2019\/01\/timthumb.jpg","jetpack_sharing_enabled":true,"_links":{"self":[{"href":"https:\/\/noticiasemdestaque.com\/cd\/index.php?rest_route=\/wp\/v2\/posts\/14985","targetHints":{"allow":["GET"]}}],"collection":[{"href":"https:\/\/noticiasemdestaque.com\/cd\/index.php?rest_route=\/wp\/v2\/posts"}],"about":[{"href":"https:\/\/noticiasemdestaque.com\/cd\/index.php?rest_route=\/wp\/v2\/types\/post"}],"author":[{"embeddable":true,"href":"https:\/\/noticiasemdestaque.com\/cd\/index.php?rest_route=\/wp\/v2\/users\/2"}],"replies":[{"embeddable":true,"href":"https:\/\/noticiasemdestaque.com\/cd\/index.php?rest_route=%2Fwp%2Fv2%2Fcomments&post=14985"}],"version-history":[{"count":1,"href":"https:\/\/noticiasemdestaque.com\/cd\/index.php?rest_route=\/wp\/v2\/posts\/14985\/revisions"}],"predecessor-version":[{"id":14987,"href":"https:\/\/noticiasemdestaque.com\/cd\/index.php?rest_route=\/wp\/v2\/posts\/14985\/revisions\/14987"}],"wp:featuredmedia":[{"embeddable":true,"href":"https:\/\/noticiasemdestaque.com\/cd\/index.php?rest_route=\/wp\/v2\/media\/14986"}],"wp:attachment":[{"href":"https:\/\/noticiasemdestaque.com\/cd\/index.php?rest_route=%2Fwp%2Fv2%2Fmedia&parent=14985"}],"wp:term":[{"taxonomy":"category","embeddable":true,"href":"https:\/\/noticiasemdestaque.com\/cd\/index.php?rest_route=%2Fwp%2Fv2%2Fcategories&post=14985"},{"taxonomy":"post_tag","embeddable":true,"href":"https:\/\/noticiasemdestaque.com\/cd\/index.php?rest_route=%2Fwp%2Fv2%2Ftags&post=14985"}],"curies":[{"name":"wp","href":"https:\/\/api.w.org\/{rel}","templated":true}]}}