{"id":14929,"date":"2019-01-19T19:35:28","date_gmt":"2019-01-19T22:35:28","guid":{"rendered":"http:\/\/noticiasemdestaque.com\/cd\/?p=14929"},"modified":"2019-01-19T19:35:28","modified_gmt":"2019-01-19T22:35:28","slug":"karkara-batista-lima-e-alisson-levado-serao-atracoes-deste-sabado-na-festa-de-sao-sebastiao-em-amparo","status":"publish","type":"post","link":"https:\/\/noticiasemdestaque.com\/cd\/?p=14929","title":{"rendered":"Karkar\u00e1, Batista Lima e Alisson Levado ser\u00e3o atra\u00e7\u00f5es deste s\u00e1bado na Festa de S\u00e3o Sebasti\u00e3o em Amparo"},"content":{"rendered":"<p><a href=\"https:\/\/noticiasemdestaque.com\/cd\/wp-content\/uploads\/2019\/01\/50503849_731274180605849_1380917635901816832_n.jpg\"><img fetchpriority=\"high\" decoding=\"async\" class=\"wp-image-14930 aligncenter\" src=\"https:\/\/noticiasemdestaque.com\/cd\/wp-content\/uploads\/2019\/01\/50503849_731274180605849_1380917635901816832_n.jpg\" alt=\"\" width=\"512\" height=\"512\" srcset=\"https:\/\/noticiasemdestaque.com\/cd\/wp-content\/uploads\/2019\/01\/50503849_731274180605849_1380917635901816832_n.jpg 960w, https:\/\/noticiasemdestaque.com\/cd\/wp-content\/uploads\/2019\/01\/50503849_731274180605849_1380917635901816832_n-150x150.jpg 150w, https:\/\/noticiasemdestaque.com\/cd\/wp-content\/uploads\/2019\/01\/50503849_731274180605849_1380917635901816832_n-300x300.jpg 300w, https:\/\/noticiasemdestaque.com\/cd\/wp-content\/uploads\/2019\/01\/50503849_731274180605849_1380917635901816832_n-768x768.jpg 768w\" sizes=\"(max-width: 512px) 100vw, 512px\" \/><\/a><\/p>\n<p>Dando continuidade as festividades da Tradicional Festa de Janeiro de Amparo, neste s\u00e1bado- (19), se apresentam em Pra\u00e7a P\u00fablica as seguintes atra\u00e7\u00f5es:<\/p>\n<p><strong><u>S\u00c1BADO DIA 19\/01\/2019<\/u><\/strong><\/p>\n<p>22h-Karkar\u00e1<\/p>\n<p>00h30-Batista lima e na seq\u00fc\u00eancia Forr\u00f3 levado<\/p>\n<p>De acordo com o prefeito In\u00e1cio N\u00f3brega, mesmo diante da crise financeira vivenciada pelo Brasil, a gest\u00e3o inovando para crescer realiza a festa com grandes atra\u00e7\u00f5es, mantendo a tradi\u00e7\u00e3o no munic\u00edpio e contribuindo para o aquecimento da economia local.<\/p>\n<p><em><strong>Not\u00edcias em Destaque<\/strong><\/em><\/p>\n","protected":false},"excerpt":{"rendered":"<p>Dando continuidade as festividades da Tradicional Festa de Janeiro de Amparo, neste s\u00e1bado- (19), se apresentam em Pra\u00e7a P\u00fablica as seguintes atra\u00e7\u00f5es: S\u00c1BADO DIA 19\/01\/2019 22h-Karkar\u00e1 00h30-Batista lima e na seq\u00fc\u00eancia Forr\u00f3 levado De acordo com o prefeito In\u00e1cio N\u00f3brega, mesmo diante da crise financeira vivenciada pelo Brasil, a gest\u00e3o inovando para crescer realiza a festa com grandes atra\u00e7\u00f5es, mantendo a tradi\u00e7\u00e3o no munic\u00edpio e contribuindo para o aquecimento da economia local. Not\u00edcias em Destaque<\/p>\n","protected":false},"author":2,"featured_media":14930,"comment_status":"closed","ping_status":"open","sticky":false,"template":"","format":"standard","meta":{"_eb_attr":"","_jetpack_memberships_contains_paid_content":false,"footnotes":""},"categories":[3],"tags":[],"class_list":["post-14929","post","type-post","status-publish","format-standard","has-post-thumbnail","hentry","category-cidades"],"yoast_head":"<!-- This site is optimized with the Yoast SEO plugin v26.5 - https:\/\/yoast.com\/wordpress\/plugins\/seo\/ -->\n<title>Karkar\u00e1, Batista Lima e Alisson Levado ser\u00e3o atra\u00e7\u00f5es deste s\u00e1bado na Festa de S\u00e3o Sebasti\u00e3o em Amparo - Not&iacute;cias em Destaque<\/title>\n<meta name=\"robots\" content=\"index, follow, max-snippet:-1, max-image-preview:large, max-video-preview:-1\" \/>\n<link rel=\"canonical\" href=\"https:\/\/noticiasemdestaque.com\/cd\/?p=14929\" \/>\n<meta property=\"og:locale\" content=\"pt_BR\" \/>\n<meta property=\"og:type\" content=\"article\" \/>\n<meta property=\"og:title\" content=\"Karkar\u00e1, Batista Lima e Alisson Levado ser\u00e3o atra\u00e7\u00f5es deste s\u00e1bado na Festa de S\u00e3o Sebasti\u00e3o em Amparo - Not&iacute;cias em Destaque\" \/>\n<meta property=\"og:description\" content=\"Dando continuidade as festividades da Tradicional Festa de Janeiro de Amparo, neste s\u00e1bado- (19), se apresentam em Pra\u00e7a P\u00fablica as seguintes atra\u00e7\u00f5es: S\u00c1BADO DIA 19\/01\/2019 22h-Karkar\u00e1 00h30-Batista lima e na seq\u00fc\u00eancia Forr\u00f3 levado De acordo com o prefeito In\u00e1cio N\u00f3brega, mesmo diante da crise financeira vivenciada pelo Brasil, a gest\u00e3o inovando para crescer realiza a festa com grandes atra\u00e7\u00f5es, mantendo a tradi\u00e7\u00e3o no munic\u00edpio e contribuindo para o aquecimento da economia local. Not\u00edcias em Destaque\" \/>\n<meta property=\"og:url\" content=\"https:\/\/noticiasemdestaque.com\/cd\/?p=14929\" \/>\n<meta property=\"og:site_name\" content=\"Not&iacute;cias em Destaque\" \/>\n<meta property=\"article:published_time\" content=\"2019-01-19T22:35:28+00:00\" \/>\n<meta property=\"og:image\" content=\"https:\/\/noticiasemdestaque.com\/cd\/wp-content\/uploads\/2019\/01\/50503849_731274180605849_1380917635901816832_n.jpg\" \/>\n\t<meta property=\"og:image:width\" content=\"960\" \/>\n\t<meta property=\"og:image:height\" content=\"960\" \/>\n\t<meta property=\"og:image:type\" content=\"image\/jpeg\" \/>\n<meta name=\"author\" content=\"Not\u00edcias em Destaque\" \/>\n<meta name=\"twitter:card\" content=\"summary_large_image\" \/>\n<meta name=\"twitter:label1\" content=\"Escrito por\" \/>\n\t<meta name=\"twitter:data1\" content=\"Not\u00edcias em Destaque\" \/>\n<script type=\"application\/ld+json\" class=\"yoast-schema-graph\">{\"@context\":\"https:\/\/schema.org\",\"@graph\":[{\"@type\":\"Article\",\"@id\":\"https:\/\/noticiasemdestaque.com\/cd\/?p=14929#article\",\"isPartOf\":{\"@id\":\"https:\/\/noticiasemdestaque.com\/cd\/?p=14929\"},\"author\":{\"name\":\"Not\u00edcias em Destaque\",\"@id\":\"https:\/\/noticiasemdestaque.com\/cd\/#\/schema\/person\/4a81fb71f77579d059c3045891fa1786\"},\"headline\":\"Karkar\u00e1, Batista Lima e Alisson Levado ser\u00e3o atra\u00e7\u00f5es deste s\u00e1bado na Festa de S\u00e3o Sebasti\u00e3o em Amparo\",\"datePublished\":\"2019-01-19T22:35:28+00:00\",\"mainEntityOfPage\":{\"@id\":\"https:\/\/noticiasemdestaque.com\/cd\/?p=14929\"},\"wordCount\":109,\"publisher\":{\"@id\":\"https:\/\/noticiasemdestaque.com\/cd\/#organization\"},\"image\":{\"@id\":\"https:\/\/noticiasemdestaque.com\/cd\/?p=14929#primaryimage\"},\"thumbnailUrl\":\"https:\/\/noticiasemdestaque.com\/cd\/wp-content\/uploads\/2019\/01\/50503849_731274180605849_1380917635901816832_n.jpg\",\"articleSection\":[\"Cidades\"],\"inLanguage\":\"pt-BR\"},{\"@type\":\"WebPage\",\"@id\":\"https:\/\/noticiasemdestaque.com\/cd\/?p=14929\",\"url\":\"https:\/\/noticiasemdestaque.com\/cd\/?p=14929\",\"name\":\"Karkar\u00e1, Batista Lima e Alisson Levado ser\u00e3o atra\u00e7\u00f5es deste s\u00e1bado na Festa de S\u00e3o Sebasti\u00e3o em Amparo - Not&iacute;cias em Destaque\",\"isPartOf\":{\"@id\":\"https:\/\/noticiasemdestaque.com\/cd\/#website\"},\"primaryImageOfPage\":{\"@id\":\"https:\/\/noticiasemdestaque.com\/cd\/?p=14929#primaryimage\"},\"image\":{\"@id\":\"https:\/\/noticiasemdestaque.com\/cd\/?p=14929#primaryimage\"},\"thumbnailUrl\":\"https:\/\/noticiasemdestaque.com\/cd\/wp-content\/uploads\/2019\/01\/50503849_731274180605849_1380917635901816832_n.jpg\",\"datePublished\":\"2019-01-19T22:35:28+00:00\",\"breadcrumb\":{\"@id\":\"https:\/\/noticiasemdestaque.com\/cd\/?p=14929#breadcrumb\"},\"inLanguage\":\"pt-BR\",\"potentialAction\":[{\"@type\":\"ReadAction\",\"target\":[\"https:\/\/noticiasemdestaque.com\/cd\/?p=14929\"]}]},{\"@type\":\"ImageObject\",\"inLanguage\":\"pt-BR\",\"@id\":\"https:\/\/noticiasemdestaque.com\/cd\/?p=14929#primaryimage\",\"url\":\"https:\/\/noticiasemdestaque.com\/cd\/wp-content\/uploads\/2019\/01\/50503849_731274180605849_1380917635901816832_n.jpg\",\"contentUrl\":\"https:\/\/noticiasemdestaque.com\/cd\/wp-content\/uploads\/2019\/01\/50503849_731274180605849_1380917635901816832_n.jpg\",\"width\":960,\"height\":960},{\"@type\":\"BreadcrumbList\",\"@id\":\"https:\/\/noticiasemdestaque.com\/cd\/?p=14929#breadcrumb\",\"itemListElement\":[{\"@type\":\"ListItem\",\"position\":1,\"name\":\"In\u00edcio\",\"item\":\"https:\/\/noticiasemdestaque.com\/cd\/\"},{\"@type\":\"ListItem\",\"position\":2,\"name\":\"Karkar\u00e1, Batista Lima e Alisson Levado ser\u00e3o atra\u00e7\u00f5es deste s\u00e1bado na Festa de S\u00e3o Sebasti\u00e3o em Amparo\"}]},{\"@type\":\"WebSite\",\"@id\":\"https:\/\/noticiasemdestaque.com\/cd\/#website\",\"url\":\"https:\/\/noticiasemdestaque.com\/cd\/\",\"name\":\"Not&iacute;cias em Destaque\",\"description\":\"\",\"publisher\":{\"@id\":\"https:\/\/noticiasemdestaque.com\/cd\/#organization\"},\"potentialAction\":[{\"@type\":\"SearchAction\",\"target\":{\"@type\":\"EntryPoint\",\"urlTemplate\":\"https:\/\/noticiasemdestaque.com\/cd\/?s={search_term_string}\"},\"query-input\":{\"@type\":\"PropertyValueSpecification\",\"valueRequired\":true,\"valueName\":\"search_term_string\"}}],\"inLanguage\":\"pt-BR\"},{\"@type\":\"Organization\",\"@id\":\"https:\/\/noticiasemdestaque.com\/cd\/#organization\",\"name\":\"Not\u00edcias em Destaque\",\"url\":\"https:\/\/noticiasemdestaque.com\/cd\/\",\"logo\":{\"@type\":\"ImageObject\",\"inLanguage\":\"pt-BR\",\"@id\":\"https:\/\/noticiasemdestaque.com\/cd\/#\/schema\/logo\/image\/\",\"url\":\"https:\/\/noticiasemdestaque.com\/cd\/wp-content\/uploads\/2022\/05\/imagem-base-noticiasemdestaque.png\",\"contentUrl\":\"https:\/\/noticiasemdestaque.com\/cd\/wp-content\/uploads\/2022\/05\/imagem-base-noticiasemdestaque.png\",\"width\":1200,\"height\":630,\"caption\":\"Not\u00edcias em Destaque\"},\"image\":{\"@id\":\"https:\/\/noticiasemdestaque.com\/cd\/#\/schema\/logo\/image\/\"}},{\"@type\":\"Person\",\"@id\":\"https:\/\/noticiasemdestaque.com\/cd\/#\/schema\/person\/4a81fb71f77579d059c3045891fa1786\",\"name\":\"Not\u00edcias em Destaque\",\"url\":\"https:\/\/noticiasemdestaque.com\/cd\/?author=2\"}]}<\/script>\n<!-- \/ Yoast SEO plugin. -->","yoast_head_json":{"title":"Karkar\u00e1, Batista Lima e Alisson Levado ser\u00e3o atra\u00e7\u00f5es deste s\u00e1bado na Festa de S\u00e3o Sebasti\u00e3o em Amparo - Not&iacute;cias em Destaque","robots":{"index":"index","follow":"follow","max-snippet":"max-snippet:-1","max-image-preview":"max-image-preview:large","max-video-preview":"max-video-preview:-1"},"canonical":"https:\/\/noticiasemdestaque.com\/cd\/?p=14929","og_locale":"pt_BR","og_type":"article","og_title":"Karkar\u00e1, Batista Lima e Alisson Levado ser\u00e3o atra\u00e7\u00f5es deste s\u00e1bado na Festa de S\u00e3o Sebasti\u00e3o em Amparo - Not&iacute;cias em Destaque","og_description":"Dando continuidade as festividades da Tradicional Festa de Janeiro de Amparo, neste s\u00e1bado- (19), se apresentam em Pra\u00e7a P\u00fablica as seguintes atra\u00e7\u00f5es: S\u00c1BADO DIA 19\/01\/2019 22h-Karkar\u00e1 00h30-Batista lima e na seq\u00fc\u00eancia Forr\u00f3 levado De acordo com o prefeito In\u00e1cio N\u00f3brega, mesmo diante da crise financeira vivenciada pelo Brasil, a gest\u00e3o inovando para crescer realiza a festa com grandes atra\u00e7\u00f5es, mantendo a tradi\u00e7\u00e3o no munic\u00edpio e contribuindo para o aquecimento da economia local. Not\u00edcias em Destaque","og_url":"https:\/\/noticiasemdestaque.com\/cd\/?p=14929","og_site_name":"Not&iacute;cias em Destaque","article_published_time":"2019-01-19T22:35:28+00:00","og_image":[{"width":960,"height":960,"url":"https:\/\/noticiasemdestaque.com\/cd\/wp-content\/uploads\/2019\/01\/50503849_731274180605849_1380917635901816832_n.jpg","type":"image\/jpeg"}],"author":"Not\u00edcias em Destaque","twitter_card":"summary_large_image","twitter_misc":{"Escrito por":"Not\u00edcias em Destaque"},"schema":{"@context":"https:\/\/schema.org","@graph":[{"@type":"Article","@id":"https:\/\/noticiasemdestaque.com\/cd\/?p=14929#article","isPartOf":{"@id":"https:\/\/noticiasemdestaque.com\/cd\/?p=14929"},"author":{"name":"Not\u00edcias em Destaque","@id":"https:\/\/noticiasemdestaque.com\/cd\/#\/schema\/person\/4a81fb71f77579d059c3045891fa1786"},"headline":"Karkar\u00e1, Batista Lima e Alisson Levado ser\u00e3o atra\u00e7\u00f5es deste s\u00e1bado na Festa de S\u00e3o Sebasti\u00e3o em Amparo","datePublished":"2019-01-19T22:35:28+00:00","mainEntityOfPage":{"@id":"https:\/\/noticiasemdestaque.com\/cd\/?p=14929"},"wordCount":109,"publisher":{"@id":"https:\/\/noticiasemdestaque.com\/cd\/#organization"},"image":{"@id":"https:\/\/noticiasemdestaque.com\/cd\/?p=14929#primaryimage"},"thumbnailUrl":"https:\/\/noticiasemdestaque.com\/cd\/wp-content\/uploads\/2019\/01\/50503849_731274180605849_1380917635901816832_n.jpg","articleSection":["Cidades"],"inLanguage":"pt-BR"},{"@type":"WebPage","@id":"https:\/\/noticiasemdestaque.com\/cd\/?p=14929","url":"https:\/\/noticiasemdestaque.com\/cd\/?p=14929","name":"Karkar\u00e1, Batista Lima e Alisson Levado ser\u00e3o atra\u00e7\u00f5es deste s\u00e1bado na Festa de S\u00e3o Sebasti\u00e3o em Amparo - Not&iacute;cias em Destaque","isPartOf":{"@id":"https:\/\/noticiasemdestaque.com\/cd\/#website"},"primaryImageOfPage":{"@id":"https:\/\/noticiasemdestaque.com\/cd\/?p=14929#primaryimage"},"image":{"@id":"https:\/\/noticiasemdestaque.com\/cd\/?p=14929#primaryimage"},"thumbnailUrl":"https:\/\/noticiasemdestaque.com\/cd\/wp-content\/uploads\/2019\/01\/50503849_731274180605849_1380917635901816832_n.jpg","datePublished":"2019-01-19T22:35:28+00:00","breadcrumb":{"@id":"https:\/\/noticiasemdestaque.com\/cd\/?p=14929#breadcrumb"},"inLanguage":"pt-BR","potentialAction":[{"@type":"ReadAction","target":["https:\/\/noticiasemdestaque.com\/cd\/?p=14929"]}]},{"@type":"ImageObject","inLanguage":"pt-BR","@id":"https:\/\/noticiasemdestaque.com\/cd\/?p=14929#primaryimage","url":"https:\/\/noticiasemdestaque.com\/cd\/wp-content\/uploads\/2019\/01\/50503849_731274180605849_1380917635901816832_n.jpg","contentUrl":"https:\/\/noticiasemdestaque.com\/cd\/wp-content\/uploads\/2019\/01\/50503849_731274180605849_1380917635901816832_n.jpg","width":960,"height":960},{"@type":"BreadcrumbList","@id":"https:\/\/noticiasemdestaque.com\/cd\/?p=14929#breadcrumb","itemListElement":[{"@type":"ListItem","position":1,"name":"In\u00edcio","item":"https:\/\/noticiasemdestaque.com\/cd\/"},{"@type":"ListItem","position":2,"name":"Karkar\u00e1, Batista Lima e Alisson Levado ser\u00e3o atra\u00e7\u00f5es deste s\u00e1bado na Festa de S\u00e3o Sebasti\u00e3o em Amparo"}]},{"@type":"WebSite","@id":"https:\/\/noticiasemdestaque.com\/cd\/#website","url":"https:\/\/noticiasemdestaque.com\/cd\/","name":"Not&iacute;cias em Destaque","description":"","publisher":{"@id":"https:\/\/noticiasemdestaque.com\/cd\/#organization"},"potentialAction":[{"@type":"SearchAction","target":{"@type":"EntryPoint","urlTemplate":"https:\/\/noticiasemdestaque.com\/cd\/?s={search_term_string}"},"query-input":{"@type":"PropertyValueSpecification","valueRequired":true,"valueName":"search_term_string"}}],"inLanguage":"pt-BR"},{"@type":"Organization","@id":"https:\/\/noticiasemdestaque.com\/cd\/#organization","name":"Not\u00edcias em Destaque","url":"https:\/\/noticiasemdestaque.com\/cd\/","logo":{"@type":"ImageObject","inLanguage":"pt-BR","@id":"https:\/\/noticiasemdestaque.com\/cd\/#\/schema\/logo\/image\/","url":"https:\/\/noticiasemdestaque.com\/cd\/wp-content\/uploads\/2022\/05\/imagem-base-noticiasemdestaque.png","contentUrl":"https:\/\/noticiasemdestaque.com\/cd\/wp-content\/uploads\/2022\/05\/imagem-base-noticiasemdestaque.png","width":1200,"height":630,"caption":"Not\u00edcias em Destaque"},"image":{"@id":"https:\/\/noticiasemdestaque.com\/cd\/#\/schema\/logo\/image\/"}},{"@type":"Person","@id":"https:\/\/noticiasemdestaque.com\/cd\/#\/schema\/person\/4a81fb71f77579d059c3045891fa1786","name":"Not\u00edcias em Destaque","url":"https:\/\/noticiasemdestaque.com\/cd\/?author=2"}]}},"jetpack_featured_media_url":"https:\/\/noticiasemdestaque.com\/cd\/wp-content\/uploads\/2019\/01\/50503849_731274180605849_1380917635901816832_n.jpg","jetpack_sharing_enabled":true,"_links":{"self":[{"href":"https:\/\/noticiasemdestaque.com\/cd\/index.php?rest_route=\/wp\/v2\/posts\/14929","targetHints":{"allow":["GET"]}}],"collection":[{"href":"https:\/\/noticiasemdestaque.com\/cd\/index.php?rest_route=\/wp\/v2\/posts"}],"about":[{"href":"https:\/\/noticiasemdestaque.com\/cd\/index.php?rest_route=\/wp\/v2\/types\/post"}],"author":[{"embeddable":true,"href":"https:\/\/noticiasemdestaque.com\/cd\/index.php?rest_route=\/wp\/v2\/users\/2"}],"replies":[{"embeddable":true,"href":"https:\/\/noticiasemdestaque.com\/cd\/index.php?rest_route=%2Fwp%2Fv2%2Fcomments&post=14929"}],"version-history":[{"count":1,"href":"https:\/\/noticiasemdestaque.com\/cd\/index.php?rest_route=\/wp\/v2\/posts\/14929\/revisions"}],"predecessor-version":[{"id":14931,"href":"https:\/\/noticiasemdestaque.com\/cd\/index.php?rest_route=\/wp\/v2\/posts\/14929\/revisions\/14931"}],"wp:featuredmedia":[{"embeddable":true,"href":"https:\/\/noticiasemdestaque.com\/cd\/index.php?rest_route=\/wp\/v2\/media\/14930"}],"wp:attachment":[{"href":"https:\/\/noticiasemdestaque.com\/cd\/index.php?rest_route=%2Fwp%2Fv2%2Fmedia&parent=14929"}],"wp:term":[{"taxonomy":"category","embeddable":true,"href":"https:\/\/noticiasemdestaque.com\/cd\/index.php?rest_route=%2Fwp%2Fv2%2Fcategories&post=14929"},{"taxonomy":"post_tag","embeddable":true,"href":"https:\/\/noticiasemdestaque.com\/cd\/index.php?rest_route=%2Fwp%2Fv2%2Ftags&post=14929"}],"curies":[{"name":"wp","href":"https:\/\/api.w.org\/{rel}","templated":true}]}}