{"id":14924,"date":"2019-01-19T09:13:38","date_gmt":"2019-01-19T12:13:38","guid":{"rendered":"http:\/\/noticiasemdestaque.com\/cd\/?p=14924"},"modified":"2019-01-19T09:13:38","modified_gmt":"2019-01-19T12:13:38","slug":"tradicional-festa-de-amparo-gente-boa-cavalo-de-pau-e-guilherme-topado-se-apresentaram","status":"publish","type":"post","link":"https:\/\/noticiasemdestaque.com\/cd\/?p=14924","title":{"rendered":"Tradicional Festa de Amparo: Gente Boa, Cavalo de Pau e Guilherme Topado se apresentaram"},"content":{"rendered":"<p><a href=\"https:\/\/noticiasemdestaque.com\/cd\/wp-content\/uploads\/2019\/01\/50589459_1484079715058887_6693320623709487104_n.jpg\"><img fetchpriority=\"high\" decoding=\"async\" class=\"alignnone size-full wp-image-14925\" src=\"https:\/\/noticiasemdestaque.com\/cd\/wp-content\/uploads\/2019\/01\/50589459_1484079715058887_6693320623709487104_n.jpg\" alt=\"\" width=\"800\" height=\"533\" srcset=\"https:\/\/noticiasemdestaque.com\/cd\/wp-content\/uploads\/2019\/01\/50589459_1484079715058887_6693320623709487104_n.jpg 800w, https:\/\/noticiasemdestaque.com\/cd\/wp-content\/uploads\/2019\/01\/50589459_1484079715058887_6693320623709487104_n-300x200.jpg 300w, https:\/\/noticiasemdestaque.com\/cd\/wp-content\/uploads\/2019\/01\/50589459_1484079715058887_6693320623709487104_n-768x512.jpg 768w, https:\/\/noticiasemdestaque.com\/cd\/wp-content\/uploads\/2019\/01\/50589459_1484079715058887_6693320623709487104_n-480x320.jpg 480w\" sizes=\"(max-width: 800px) 100vw, 800px\" \/><\/a><\/p>\n<p>Na noite dessa sexta-feira (18\/01) caririzeiros foram at\u00e9 o Munic\u00edpio de Amparo para prestigiar a tradicional Festa de Janeiro, m\u00eas dedicado tamb\u00e9m ao Padroeiro S\u00e3o Sebasti\u00e3o. O prefeito In\u00e1cio N\u00f3brega juntamente com o vice Fl\u00e1vio Messias e seus secretariados subiram ao palco para d\u00e1 as boas vindas a multid\u00e3o que participou do evento.<\/p>\n<p>Iniciando ao som de Forr\u00f3 Gente Boa, depois foi a de vez de Cavalo de Pau e encerrando teve Guilherme Topado.<\/p>\n<p>Hoje tem show de Forroz\u00e3o Karkar\u00e1 \u00e0s 22h, Batista Lima \u00e0s 00h30 e Alison Levado fazendo o encerramento da Festa.<\/p>\n<p>Veja as fotos e v\u00eddeos na p\u00e1gina do<a href=\"https:\/\/www.facebook.com\/noticiasemdestaqueND\/?ref=bookmarks\"> Not\u00edcias em Destaques<\/a>.<\/p>\n<p>https:\/\/www.facebook.com\/media\/set\/?set=a.1484077095059149&#038;type=3&#038;__xts__%5B0%5D=68.ARAQ73cw2tt0JDHO5oP6DDQS9ko3JbVUkAR7FVIA3QCmmwGiJliqcG-e1i7yeoNyvhwu6-bDL4dGlQKGj1HgQrkU_9bJjeYpVj73MGtkh2vwU7tTR9z97-9urqBfpEAIdRMgQyFe97X828kvYRf64m-jLJaG63PfoRXpahkcF7MyYEuqoh2YGuHwb4vEqeD1esOtbM-mLFukw1KKpdmT8rBGEen-UeSdO8Q87O_Uhoct6Vdh4png7nOjVpS1hCdJ1PyF_u4MbLIiPdsR1nw3MFrloYkLGaNI3T7enlkKKKQbNovhzen_SEzWSt49YmPPihCVE_CzUG67y354JJROHbiofVdDRCH5lmsD9bIsMEO_WTfsAPNGf22gA4Jrysfdy1zyuknVRV_GTcPzBQheIVcRFtsh01yDjwS8lxCo0OkA58WJ3i1NO_F6VfgudVN87G9v14nGmByFepWy2KEL_8xFBw&#038;__tn__=-UC-R<\/p>\n<p><strong>Not\u00edcias em Destaque<\/strong><\/p>\n<p>&nbsp;<\/p>\n","protected":false},"excerpt":{"rendered":"<p>Na noite dessa sexta-feira (18\/01) caririzeiros foram at\u00e9 o Munic\u00edpio de Amparo para prestigiar a tradicional Festa de Janeiro, m\u00eas dedicado tamb\u00e9m ao Padroeiro S\u00e3o Sebasti\u00e3o. O prefeito In\u00e1cio N\u00f3brega juntamente com o vice Fl\u00e1vio Messias e seus secretariados subiram ao palco para d\u00e1 as boas vindas a multid\u00e3o que participou do evento. Iniciando ao som de Forr\u00f3 Gente Boa, depois foi a de vez de Cavalo de Pau e encerrando teve Guilherme Topado. Hoje tem show de Forroz\u00e3o Karkar\u00e1 \u00e0s 22h, Batista Lima \u00e0s 00h30 e Alison Levado fazendo o encerramento da Festa. Veja as fotos e v\u00eddeos na p\u00e1gina do Not\u00edcias em Destaques. https:\/\/www.facebook.com\/media\/set\/?set=a.1484077095059149&#038;type=3&#038;__xts__%5B0%5D=68.ARAQ73cw2tt0JDHO5oP6DDQS9ko3JbVUkAR7FVIA3QCmmwGiJliqcG-e1i7yeoNyvhwu6-bDL4dGlQKGj1HgQrkU_9bJjeYpVj73MGtkh2vwU7tTR9z97-9urqBfpEAIdRMgQyFe97X828kvYRf64m-jLJaG63PfoRXpahkcF7MyYEuqoh2YGuHwb4vEqeD1esOtbM-mLFukw1KKpdmT8rBGEen-UeSdO8Q87O_Uhoct6Vdh4png7nOjVpS1hCdJ1PyF_u4MbLIiPdsR1nw3MFrloYkLGaNI3T7enlkKKKQbNovhzen_SEzWSt49YmPPihCVE_CzUG67y354JJROHbiofVdDRCH5lmsD9bIsMEO_WTfsAPNGf22gA4Jrysfdy1zyuknVRV_GTcPzBQheIVcRFtsh01yDjwS8lxCo0OkA58WJ3i1NO_F6VfgudVN87G9v14nGmByFepWy2KEL_8xFBw&#038;__tn__=-UC-R Not\u00edcias em Destaque &nbsp;<\/p>\n","protected":false},"author":2,"featured_media":14925,"comment_status":"closed","ping_status":"open","sticky":false,"template":"","format":"standard","meta":{"_eb_attr":"","_jetpack_memberships_contains_paid_content":false,"footnotes":""},"categories":[3],"tags":[],"class_list":["post-14924","post","type-post","status-publish","format-standard","has-post-thumbnail","hentry","category-cidades"],"yoast_head":"<!-- This site is optimized with the Yoast SEO plugin v26.5 - https:\/\/yoast.com\/wordpress\/plugins\/seo\/ -->\n<title>Tradicional Festa de Amparo: Gente Boa, Cavalo de Pau e Guilherme Topado se apresentaram - Not&iacute;cias em Destaque<\/title>\n<meta name=\"robots\" content=\"index, follow, max-snippet:-1, max-image-preview:large, max-video-preview:-1\" \/>\n<link rel=\"canonical\" href=\"https:\/\/noticiasemdestaque.com\/cd\/?p=14924\" \/>\n<meta property=\"og:locale\" content=\"pt_BR\" \/>\n<meta property=\"og:type\" content=\"article\" \/>\n<meta property=\"og:title\" content=\"Tradicional Festa de Amparo: Gente Boa, Cavalo de Pau e Guilherme Topado se apresentaram - Not&iacute;cias em Destaque\" \/>\n<meta property=\"og:description\" content=\"Na noite dessa sexta-feira (18\/01) caririzeiros foram at\u00e9 o Munic\u00edpio de Amparo para prestigiar a tradicional Festa de Janeiro, m\u00eas dedicado tamb\u00e9m ao Padroeiro S\u00e3o Sebasti\u00e3o. O prefeito In\u00e1cio N\u00f3brega juntamente com o vice Fl\u00e1vio Messias e seus secretariados subiram ao palco para d\u00e1 as boas vindas a multid\u00e3o que participou do evento. Iniciando ao som de Forr\u00f3 Gente Boa, depois foi a de vez de Cavalo de Pau e encerrando teve Guilherme Topado. Hoje tem show de Forroz\u00e3o Karkar\u00e1 \u00e0s 22h, Batista Lima \u00e0s 00h30 e Alison Levado fazendo o encerramento da Festa. Veja as fotos e v\u00eddeos na p\u00e1gina do Not\u00edcias em Destaques. https:\/\/www.facebook.com\/media\/set\/?set=a.1484077095059149&#038;type=3&#038;__xts__%5B0%5D=68.ARAQ73cw2tt0JDHO5oP6DDQS9ko3JbVUkAR7FVIA3QCmmwGiJliqcG-e1i7yeoNyvhwu6-bDL4dGlQKGj1HgQrkU_9bJjeYpVj73MGtkh2vwU7tTR9z97-9urqBfpEAIdRMgQyFe97X828kvYRf64m-jLJaG63PfoRXpahkcF7MyYEuqoh2YGuHwb4vEqeD1esOtbM-mLFukw1KKpdmT8rBGEen-UeSdO8Q87O_Uhoct6Vdh4png7nOjVpS1hCdJ1PyF_u4MbLIiPdsR1nw3MFrloYkLGaNI3T7enlkKKKQbNovhzen_SEzWSt49YmPPihCVE_CzUG67y354JJROHbiofVdDRCH5lmsD9bIsMEO_WTfsAPNGf22gA4Jrysfdy1zyuknVRV_GTcPzBQheIVcRFtsh01yDjwS8lxCo0OkA58WJ3i1NO_F6VfgudVN87G9v14nGmByFepWy2KEL_8xFBw&#038;__tn__=-UC-R Not\u00edcias em Destaque &nbsp;\" \/>\n<meta property=\"og:url\" content=\"https:\/\/noticiasemdestaque.com\/cd\/?p=14924\" \/>\n<meta property=\"og:site_name\" content=\"Not&iacute;cias em Destaque\" \/>\n<meta property=\"article:published_time\" content=\"2019-01-19T12:13:38+00:00\" \/>\n<meta property=\"og:image\" content=\"https:\/\/noticiasemdestaque.com\/cd\/wp-content\/uploads\/2019\/01\/50589459_1484079715058887_6693320623709487104_n.jpg\" \/>\n\t<meta property=\"og:image:width\" content=\"800\" \/>\n\t<meta property=\"og:image:height\" content=\"533\" \/>\n\t<meta property=\"og:image:type\" content=\"image\/jpeg\" \/>\n<meta name=\"author\" content=\"Not\u00edcias em Destaque\" \/>\n<meta name=\"twitter:card\" content=\"summary_large_image\" \/>\n<meta name=\"twitter:label1\" content=\"Escrito por\" \/>\n\t<meta name=\"twitter:data1\" content=\"Not\u00edcias em Destaque\" \/>\n\t<meta name=\"twitter:label2\" content=\"Est. tempo de leitura\" \/>\n\t<meta name=\"twitter:data2\" content=\"1 minuto\" \/>\n<script type=\"application\/ld+json\" class=\"yoast-schema-graph\">{\"@context\":\"https:\/\/schema.org\",\"@graph\":[{\"@type\":\"Article\",\"@id\":\"https:\/\/noticiasemdestaque.com\/cd\/?p=14924#article\",\"isPartOf\":{\"@id\":\"https:\/\/noticiasemdestaque.com\/cd\/?p=14924\"},\"author\":{\"name\":\"Not\u00edcias em Destaque\",\"@id\":\"https:\/\/noticiasemdestaque.com\/cd\/#\/schema\/person\/21320b03a7e8bb90128938dafc9b908a\"},\"headline\":\"Tradicional Festa de Amparo: Gente Boa, Cavalo de Pau e Guilherme Topado se apresentaram\",\"datePublished\":\"2019-01-19T12:13:38+00:00\",\"mainEntityOfPage\":{\"@id\":\"https:\/\/noticiasemdestaque.com\/cd\/?p=14924\"},\"wordCount\":224,\"publisher\":{\"@id\":\"https:\/\/noticiasemdestaque.com\/cd\/#organization\"},\"image\":{\"@id\":\"https:\/\/noticiasemdestaque.com\/cd\/?p=14924#primaryimage\"},\"thumbnailUrl\":\"https:\/\/noticiasemdestaque.com\/cd\/wp-content\/uploads\/2019\/01\/50589459_1484079715058887_6693320623709487104_n.jpg\",\"articleSection\":[\"Cidades\"],\"inLanguage\":\"pt-BR\"},{\"@type\":\"WebPage\",\"@id\":\"https:\/\/noticiasemdestaque.com\/cd\/?p=14924\",\"url\":\"https:\/\/noticiasemdestaque.com\/cd\/?p=14924\",\"name\":\"Tradicional Festa de Amparo: Gente Boa, Cavalo de Pau e Guilherme Topado se apresentaram - Not&iacute;cias em Destaque\",\"isPartOf\":{\"@id\":\"https:\/\/noticiasemdestaque.com\/cd\/#website\"},\"primaryImageOfPage\":{\"@id\":\"https:\/\/noticiasemdestaque.com\/cd\/?p=14924#primaryimage\"},\"image\":{\"@id\":\"https:\/\/noticiasemdestaque.com\/cd\/?p=14924#primaryimage\"},\"thumbnailUrl\":\"https:\/\/noticiasemdestaque.com\/cd\/wp-content\/uploads\/2019\/01\/50589459_1484079715058887_6693320623709487104_n.jpg\",\"datePublished\":\"2019-01-19T12:13:38+00:00\",\"breadcrumb\":{\"@id\":\"https:\/\/noticiasemdestaque.com\/cd\/?p=14924#breadcrumb\"},\"inLanguage\":\"pt-BR\",\"potentialAction\":[{\"@type\":\"ReadAction\",\"target\":[\"https:\/\/noticiasemdestaque.com\/cd\/?p=14924\"]}]},{\"@type\":\"ImageObject\",\"inLanguage\":\"pt-BR\",\"@id\":\"https:\/\/noticiasemdestaque.com\/cd\/?p=14924#primaryimage\",\"url\":\"https:\/\/noticiasemdestaque.com\/cd\/wp-content\/uploads\/2019\/01\/50589459_1484079715058887_6693320623709487104_n.jpg\",\"contentUrl\":\"https:\/\/noticiasemdestaque.com\/cd\/wp-content\/uploads\/2019\/01\/50589459_1484079715058887_6693320623709487104_n.jpg\",\"width\":800,\"height\":533},{\"@type\":\"BreadcrumbList\",\"@id\":\"https:\/\/noticiasemdestaque.com\/cd\/?p=14924#breadcrumb\",\"itemListElement\":[{\"@type\":\"ListItem\",\"position\":1,\"name\":\"In\u00edcio\",\"item\":\"https:\/\/noticiasemdestaque.com\/cd\/\"},{\"@type\":\"ListItem\",\"position\":2,\"name\":\"Tradicional Festa de Amparo: Gente Boa, Cavalo de Pau e Guilherme Topado se apresentaram\"}]},{\"@type\":\"WebSite\",\"@id\":\"https:\/\/noticiasemdestaque.com\/cd\/#website\",\"url\":\"https:\/\/noticiasemdestaque.com\/cd\/\",\"name\":\"Not&iacute;cias em Destaque\",\"description\":\"\",\"publisher\":{\"@id\":\"https:\/\/noticiasemdestaque.com\/cd\/#organization\"},\"potentialAction\":[{\"@type\":\"SearchAction\",\"target\":{\"@type\":\"EntryPoint\",\"urlTemplate\":\"https:\/\/noticiasemdestaque.com\/cd\/?s={search_term_string}\"},\"query-input\":{\"@type\":\"PropertyValueSpecification\",\"valueRequired\":true,\"valueName\":\"search_term_string\"}}],\"inLanguage\":\"pt-BR\"},{\"@type\":\"Organization\",\"@id\":\"https:\/\/noticiasemdestaque.com\/cd\/#organization\",\"name\":\"Not\u00edcias em Destaque\",\"url\":\"https:\/\/noticiasemdestaque.com\/cd\/\",\"logo\":{\"@type\":\"ImageObject\",\"inLanguage\":\"pt-BR\",\"@id\":\"https:\/\/noticiasemdestaque.com\/cd\/#\/schema\/logo\/image\/\",\"url\":\"https:\/\/noticiasemdestaque.com\/cd\/wp-content\/uploads\/2022\/05\/imagem-base-noticiasemdestaque.png\",\"contentUrl\":\"https:\/\/noticiasemdestaque.com\/cd\/wp-content\/uploads\/2022\/05\/imagem-base-noticiasemdestaque.png\",\"width\":1200,\"height\":630,\"caption\":\"Not\u00edcias em Destaque\"},\"image\":{\"@id\":\"https:\/\/noticiasemdestaque.com\/cd\/#\/schema\/logo\/image\/\"}},{\"@type\":\"Person\",\"@id\":\"https:\/\/noticiasemdestaque.com\/cd\/#\/schema\/person\/21320b03a7e8bb90128938dafc9b908a\",\"name\":\"Not\u00edcias em Destaque\",\"url\":\"https:\/\/noticiasemdestaque.com\/cd\/?author=2\"}]}<\/script>\n<!-- \/ Yoast SEO plugin. -->","yoast_head_json":{"title":"Tradicional Festa de Amparo: Gente Boa, Cavalo de Pau e Guilherme Topado se apresentaram - Not&iacute;cias em Destaque","robots":{"index":"index","follow":"follow","max-snippet":"max-snippet:-1","max-image-preview":"max-image-preview:large","max-video-preview":"max-video-preview:-1"},"canonical":"https:\/\/noticiasemdestaque.com\/cd\/?p=14924","og_locale":"pt_BR","og_type":"article","og_title":"Tradicional Festa de Amparo: Gente Boa, Cavalo de Pau e Guilherme Topado se apresentaram - Not&iacute;cias em Destaque","og_description":"Na noite dessa sexta-feira (18\/01) caririzeiros foram at\u00e9 o Munic\u00edpio de Amparo para prestigiar a tradicional Festa de Janeiro, m\u00eas dedicado tamb\u00e9m ao Padroeiro S\u00e3o Sebasti\u00e3o. O prefeito In\u00e1cio N\u00f3brega juntamente com o vice Fl\u00e1vio Messias e seus secretariados subiram ao palco para d\u00e1 as boas vindas a multid\u00e3o que participou do evento. Iniciando ao som de Forr\u00f3 Gente Boa, depois foi a de vez de Cavalo de Pau e encerrando teve Guilherme Topado. Hoje tem show de Forroz\u00e3o Karkar\u00e1 \u00e0s 22h, Batista Lima \u00e0s 00h30 e Alison Levado fazendo o encerramento da Festa. Veja as fotos e v\u00eddeos na p\u00e1gina do Not\u00edcias em Destaques. https:\/\/www.facebook.com\/media\/set\/?set=a.1484077095059149&#038;type=3&#038;__xts__%5B0%5D=68.ARAQ73cw2tt0JDHO5oP6DDQS9ko3JbVUkAR7FVIA3QCmmwGiJliqcG-e1i7yeoNyvhwu6-bDL4dGlQKGj1HgQrkU_9bJjeYpVj73MGtkh2vwU7tTR9z97-9urqBfpEAIdRMgQyFe97X828kvYRf64m-jLJaG63PfoRXpahkcF7MyYEuqoh2YGuHwb4vEqeD1esOtbM-mLFukw1KKpdmT8rBGEen-UeSdO8Q87O_Uhoct6Vdh4png7nOjVpS1hCdJ1PyF_u4MbLIiPdsR1nw3MFrloYkLGaNI3T7enlkKKKQbNovhzen_SEzWSt49YmPPihCVE_CzUG67y354JJROHbiofVdDRCH5lmsD9bIsMEO_WTfsAPNGf22gA4Jrysfdy1zyuknVRV_GTcPzBQheIVcRFtsh01yDjwS8lxCo0OkA58WJ3i1NO_F6VfgudVN87G9v14nGmByFepWy2KEL_8xFBw&#038;__tn__=-UC-R Not\u00edcias em Destaque &nbsp;","og_url":"https:\/\/noticiasemdestaque.com\/cd\/?p=14924","og_site_name":"Not&iacute;cias em Destaque","article_published_time":"2019-01-19T12:13:38+00:00","og_image":[{"width":800,"height":533,"url":"https:\/\/noticiasemdestaque.com\/cd\/wp-content\/uploads\/2019\/01\/50589459_1484079715058887_6693320623709487104_n.jpg","type":"image\/jpeg"}],"author":"Not\u00edcias em Destaque","twitter_card":"summary_large_image","twitter_misc":{"Escrito por":"Not\u00edcias em Destaque","Est. tempo de leitura":"1 minuto"},"schema":{"@context":"https:\/\/schema.org","@graph":[{"@type":"Article","@id":"https:\/\/noticiasemdestaque.com\/cd\/?p=14924#article","isPartOf":{"@id":"https:\/\/noticiasemdestaque.com\/cd\/?p=14924"},"author":{"name":"Not\u00edcias em Destaque","@id":"https:\/\/noticiasemdestaque.com\/cd\/#\/schema\/person\/21320b03a7e8bb90128938dafc9b908a"},"headline":"Tradicional Festa de Amparo: Gente Boa, Cavalo de Pau e Guilherme Topado se apresentaram","datePublished":"2019-01-19T12:13:38+00:00","mainEntityOfPage":{"@id":"https:\/\/noticiasemdestaque.com\/cd\/?p=14924"},"wordCount":224,"publisher":{"@id":"https:\/\/noticiasemdestaque.com\/cd\/#organization"},"image":{"@id":"https:\/\/noticiasemdestaque.com\/cd\/?p=14924#primaryimage"},"thumbnailUrl":"https:\/\/noticiasemdestaque.com\/cd\/wp-content\/uploads\/2019\/01\/50589459_1484079715058887_6693320623709487104_n.jpg","articleSection":["Cidades"],"inLanguage":"pt-BR"},{"@type":"WebPage","@id":"https:\/\/noticiasemdestaque.com\/cd\/?p=14924","url":"https:\/\/noticiasemdestaque.com\/cd\/?p=14924","name":"Tradicional Festa de Amparo: Gente Boa, Cavalo de Pau e Guilherme Topado se apresentaram - Not&iacute;cias em Destaque","isPartOf":{"@id":"https:\/\/noticiasemdestaque.com\/cd\/#website"},"primaryImageOfPage":{"@id":"https:\/\/noticiasemdestaque.com\/cd\/?p=14924#primaryimage"},"image":{"@id":"https:\/\/noticiasemdestaque.com\/cd\/?p=14924#primaryimage"},"thumbnailUrl":"https:\/\/noticiasemdestaque.com\/cd\/wp-content\/uploads\/2019\/01\/50589459_1484079715058887_6693320623709487104_n.jpg","datePublished":"2019-01-19T12:13:38+00:00","breadcrumb":{"@id":"https:\/\/noticiasemdestaque.com\/cd\/?p=14924#breadcrumb"},"inLanguage":"pt-BR","potentialAction":[{"@type":"ReadAction","target":["https:\/\/noticiasemdestaque.com\/cd\/?p=14924"]}]},{"@type":"ImageObject","inLanguage":"pt-BR","@id":"https:\/\/noticiasemdestaque.com\/cd\/?p=14924#primaryimage","url":"https:\/\/noticiasemdestaque.com\/cd\/wp-content\/uploads\/2019\/01\/50589459_1484079715058887_6693320623709487104_n.jpg","contentUrl":"https:\/\/noticiasemdestaque.com\/cd\/wp-content\/uploads\/2019\/01\/50589459_1484079715058887_6693320623709487104_n.jpg","width":800,"height":533},{"@type":"BreadcrumbList","@id":"https:\/\/noticiasemdestaque.com\/cd\/?p=14924#breadcrumb","itemListElement":[{"@type":"ListItem","position":1,"name":"In\u00edcio","item":"https:\/\/noticiasemdestaque.com\/cd\/"},{"@type":"ListItem","position":2,"name":"Tradicional Festa de Amparo: Gente Boa, Cavalo de Pau e Guilherme Topado se apresentaram"}]},{"@type":"WebSite","@id":"https:\/\/noticiasemdestaque.com\/cd\/#website","url":"https:\/\/noticiasemdestaque.com\/cd\/","name":"Not&iacute;cias em Destaque","description":"","publisher":{"@id":"https:\/\/noticiasemdestaque.com\/cd\/#organization"},"potentialAction":[{"@type":"SearchAction","target":{"@type":"EntryPoint","urlTemplate":"https:\/\/noticiasemdestaque.com\/cd\/?s={search_term_string}"},"query-input":{"@type":"PropertyValueSpecification","valueRequired":true,"valueName":"search_term_string"}}],"inLanguage":"pt-BR"},{"@type":"Organization","@id":"https:\/\/noticiasemdestaque.com\/cd\/#organization","name":"Not\u00edcias em Destaque","url":"https:\/\/noticiasemdestaque.com\/cd\/","logo":{"@type":"ImageObject","inLanguage":"pt-BR","@id":"https:\/\/noticiasemdestaque.com\/cd\/#\/schema\/logo\/image\/","url":"https:\/\/noticiasemdestaque.com\/cd\/wp-content\/uploads\/2022\/05\/imagem-base-noticiasemdestaque.png","contentUrl":"https:\/\/noticiasemdestaque.com\/cd\/wp-content\/uploads\/2022\/05\/imagem-base-noticiasemdestaque.png","width":1200,"height":630,"caption":"Not\u00edcias em Destaque"},"image":{"@id":"https:\/\/noticiasemdestaque.com\/cd\/#\/schema\/logo\/image\/"}},{"@type":"Person","@id":"https:\/\/noticiasemdestaque.com\/cd\/#\/schema\/person\/21320b03a7e8bb90128938dafc9b908a","name":"Not\u00edcias em Destaque","url":"https:\/\/noticiasemdestaque.com\/cd\/?author=2"}]}},"jetpack_featured_media_url":"https:\/\/noticiasemdestaque.com\/cd\/wp-content\/uploads\/2019\/01\/50589459_1484079715058887_6693320623709487104_n.jpg","jetpack_sharing_enabled":true,"_links":{"self":[{"href":"https:\/\/noticiasemdestaque.com\/cd\/index.php?rest_route=\/wp\/v2\/posts\/14924","targetHints":{"allow":["GET"]}}],"collection":[{"href":"https:\/\/noticiasemdestaque.com\/cd\/index.php?rest_route=\/wp\/v2\/posts"}],"about":[{"href":"https:\/\/noticiasemdestaque.com\/cd\/index.php?rest_route=\/wp\/v2\/types\/post"}],"author":[{"embeddable":true,"href":"https:\/\/noticiasemdestaque.com\/cd\/index.php?rest_route=\/wp\/v2\/users\/2"}],"replies":[{"embeddable":true,"href":"https:\/\/noticiasemdestaque.com\/cd\/index.php?rest_route=%2Fwp%2Fv2%2Fcomments&post=14924"}],"version-history":[{"count":2,"href":"https:\/\/noticiasemdestaque.com\/cd\/index.php?rest_route=\/wp\/v2\/posts\/14924\/revisions"}],"predecessor-version":[{"id":14927,"href":"https:\/\/noticiasemdestaque.com\/cd\/index.php?rest_route=\/wp\/v2\/posts\/14924\/revisions\/14927"}],"wp:featuredmedia":[{"embeddable":true,"href":"https:\/\/noticiasemdestaque.com\/cd\/index.php?rest_route=\/wp\/v2\/media\/14925"}],"wp:attachment":[{"href":"https:\/\/noticiasemdestaque.com\/cd\/index.php?rest_route=%2Fwp%2Fv2%2Fmedia&parent=14924"}],"wp:term":[{"taxonomy":"category","embeddable":true,"href":"https:\/\/noticiasemdestaque.com\/cd\/index.php?rest_route=%2Fwp%2Fv2%2Fcategories&post=14924"},{"taxonomy":"post_tag","embeddable":true,"href":"https:\/\/noticiasemdestaque.com\/cd\/index.php?rest_route=%2Fwp%2Fv2%2Ftags&post=14924"}],"curies":[{"name":"wp","href":"https:\/\/api.w.org\/{rel}","templated":true}]}}