{"id":14920,"date":"2019-01-18T18:52:09","date_gmt":"2019-01-18T21:52:09","guid":{"rendered":"http:\/\/noticiasemdestaque.com\/cd\/?p=14920"},"modified":"2019-01-18T18:52:09","modified_gmt":"2019-01-18T21:52:09","slug":"prefeito-paraibano-diz-que-vem-recebendo-ameacas-de-morte","status":"publish","type":"post","link":"https:\/\/noticiasemdestaque.com\/cd\/?p=14920","title":{"rendered":"Prefeito paraibano diz que vem recebendo amea\u00e7as de morte"},"content":{"rendered":"<p><a href=\"https:\/\/noticiasemdestaque.com\/cd\/wp-content\/uploads\/2019\/01\/Prefeito1-696x1237.jpeg\"><img fetchpriority=\"high\" decoding=\"async\" class=\"size-large wp-image-14921 aligncenter\" src=\"https:\/\/noticiasemdestaque.com\/cd\/wp-content\/uploads\/2019\/01\/Prefeito1-696x1237-576x1024.jpeg\" alt=\"\" width=\"576\" height=\"1024\" srcset=\"https:\/\/noticiasemdestaque.com\/cd\/wp-content\/uploads\/2019\/01\/Prefeito1-696x1237-576x1024.jpeg 576w, https:\/\/noticiasemdestaque.com\/cd\/wp-content\/uploads\/2019\/01\/Prefeito1-696x1237-169x300.jpeg 169w, https:\/\/noticiasemdestaque.com\/cd\/wp-content\/uploads\/2019\/01\/Prefeito1-696x1237.jpeg 696w\" sizes=\"(max-width: 576px) 100vw, 576px\" \/><\/a><\/p>\n<p>O prefeito de S\u00e3o Mamede, localizada no Sert\u00e3o paraibano, est\u00e1 sendo amea\u00e7ado de morte. Em entrevista ao Correio, Jefferson Morais (DEM) disse que h\u00e1 algumas semanas tem recebido cr\u00edticas agressivas na sua p\u00e1gina, mas na quarta-feira (16) se deparou com uma intimida\u00e7\u00e3o ainda mais violenta contra ele e sua fam\u00edlia. \u201cIremos iniciar o ano de luto. A cidade de S\u00e3o Mamede est\u00e1 enlutada com o assassinato do prefeito e toda sua fam\u00edlia\u201d, dizia uma das mensagens.<\/p>\n<p>O gestor explicou como come\u00e7aram estas amea\u00e7as. \u201cA gente j\u00e1 vinha recebendo ataques pessoais, mas agora tivemos o \u00e1pice, com amea\u00e7a pessoal e \u00e0 fam\u00edlia, pela rede social. A amea\u00e7a veio de um tal de Carlos Daniel, que acreditamos ser algum \u2018fake\u2019 (um usu\u00e1rio falso). J\u00e1 tomamos as provid\u00eancias, fizemos Boletim de Ocorr\u00eancia e acionamos a Pol\u00edcia Federal, que est\u00e1 tentando descobrir de onde partiu a amea\u00e7a\u201d, disse o prefeito.<\/p>\n<p>At\u00e9 o momento n\u00e3o h\u00e1 suspeitos, mas o prefeito acredita que as mensagens tenham motiva\u00e7\u00e3o pol\u00edtica. \u201cToda figura p\u00fablica est\u00e1 sujeita as cr\u00edticas, enquanto ficar s\u00f3 na cr\u00edtica, mas isso ultrapassou essa linha. Por isso tomamos as provid\u00eancias. Quando assumimos a gest\u00e3o tivemos que tomar algumas atitudes no in\u00edcio do governo para colocar nossa forma administrativa em funcionamento. Os interesses pessoais de algumas pessoas foram contrariados, em detrimento da coletividade, e isso incomodou\u201d, disse Jefferson Morais.<\/p>\n<p>Em outra mensagem, o agressor diz: \u201cPodem colocar seguran\u00e7a, alarme. N\u00e3o adiantar\u00e1 nada\u201d. Apesar das amea\u00e7as, o gestor disse que n\u00e3o ir\u00e1 interromper as a\u00e7\u00f5es administrativas que tem executado. \u201cEstamos tomando as provid\u00eancias e tendo certas precau\u00e7\u00f5es, mas quero que a popula\u00e7\u00e3o de S\u00e3o Mamede saiba que a gest\u00e3o continuar\u00e1, a administra\u00e7\u00e3o continuar\u00e1, isso n\u00e3o ir\u00e1 nos inibir. Pelo contr\u00e1rio: queremos mostrar a popula\u00e7\u00e3o que iremos continuar trabalhando em prol da coletividade\u201d.<\/p>\n<p><em><strong>*Texto de Beto Pessoa, do jornal CORREIO<\/strong><\/em><\/p>\n","protected":false},"excerpt":{"rendered":"<p>O prefeito de S\u00e3o Mamede, localizada no Sert\u00e3o paraibano, est\u00e1 sendo amea\u00e7ado de morte. Em entrevista ao Correio, Jefferson Morais (DEM) disse que h\u00e1 algumas semanas tem recebido cr\u00edticas agressivas na sua p\u00e1gina, mas na quarta-feira (16) se deparou com uma intimida\u00e7\u00e3o ainda mais violenta contra ele e sua fam\u00edlia. \u201cIremos iniciar o ano de luto. A cidade de S\u00e3o Mamede est\u00e1 enlutada com o assassinato do prefeito e toda sua fam\u00edlia\u201d, dizia uma das mensagens. O gestor explicou como come\u00e7aram estas amea\u00e7as. \u201cA gente j\u00e1 vinha recebendo ataques pessoais, mas agora tivemos o \u00e1pice, com amea\u00e7a pessoal e \u00e0 fam\u00edlia, pela rede social. A amea\u00e7a veio de um tal de Carlos Daniel, que acreditamos ser algum \u2018fake\u2019 (um usu\u00e1rio falso). J\u00e1 tomamos as provid\u00eancias, fizemos Boletim de Ocorr\u00eancia e acionamos a Pol\u00edcia Federal, que est\u00e1 tentando descobrir de onde partiu a amea\u00e7a\u201d, disse o prefeito. At\u00e9 o momento n\u00e3o h\u00e1 suspeitos, mas o prefeito acredita que as mensagens tenham motiva\u00e7\u00e3o pol\u00edtica. \u201cToda figura p\u00fablica est\u00e1 sujeita as cr\u00edticas, enquanto ficar s\u00f3 na cr\u00edtica, mas isso ultrapassou essa linha. Por isso tomamos as provid\u00eancias. Quando assumimos a gest\u00e3o tivemos que tomar algumas atitudes no in\u00edcio do governo para colocar nossa forma administrativa em funcionamento. Os interesses pessoais de algumas pessoas foram contrariados, em detrimento da coletividade, e isso incomodou\u201d, disse Jefferson Morais. Em outra mensagem, o agressor diz: \u201cPodem colocar seguran\u00e7a, alarme. N\u00e3o adiantar\u00e1 nada\u201d. Apesar das amea\u00e7as, o gestor disse que n\u00e3o ir\u00e1 interromper as a\u00e7\u00f5es administrativas que tem executado. \u201cEstamos tomando as provid\u00eancias e tendo certas precau\u00e7\u00f5es, mas quero que a popula\u00e7\u00e3o de S\u00e3o Mamede saiba que a gest\u00e3o continuar\u00e1, a administra\u00e7\u00e3o continuar\u00e1, isso n\u00e3o ir\u00e1 nos inibir. Pelo contr\u00e1rio: queremos mostrar a popula\u00e7\u00e3o que iremos continuar trabalhando em prol da coletividade\u201d. *Texto de Beto Pessoa, do jornal CORREIO<\/p>\n","protected":false},"author":2,"featured_media":14921,"comment_status":"closed","ping_status":"open","sticky":false,"template":"","format":"standard","meta":{"_eb_attr":"","_jetpack_memberships_contains_paid_content":false,"footnotes":""},"categories":[4],"tags":[],"class_list":["post-14920","post","type-post","status-publish","format-standard","has-post-thumbnail","hentry","category-politica"],"yoast_head":"<!-- This site is optimized with the Yoast SEO plugin v26.5 - https:\/\/yoast.com\/wordpress\/plugins\/seo\/ -->\n<title>Prefeito paraibano diz que vem recebendo amea\u00e7as de morte - Not&iacute;cias em Destaque<\/title>\n<meta name=\"robots\" content=\"index, follow, max-snippet:-1, max-image-preview:large, max-video-preview:-1\" \/>\n<link rel=\"canonical\" href=\"https:\/\/noticiasemdestaque.com\/cd\/?p=14920\" \/>\n<meta property=\"og:locale\" content=\"pt_BR\" \/>\n<meta property=\"og:type\" content=\"article\" \/>\n<meta property=\"og:title\" content=\"Prefeito paraibano diz que vem recebendo amea\u00e7as de morte - Not&iacute;cias em Destaque\" \/>\n<meta property=\"og:description\" content=\"O prefeito de S\u00e3o Mamede, localizada no Sert\u00e3o paraibano, est\u00e1 sendo amea\u00e7ado de morte. Em entrevista ao Correio, Jefferson Morais (DEM) disse que h\u00e1 algumas semanas tem recebido cr\u00edticas agressivas na sua p\u00e1gina, mas na quarta-feira (16) se deparou com uma intimida\u00e7\u00e3o ainda mais violenta contra ele e sua fam\u00edlia. \u201cIremos iniciar o ano de luto. A cidade de S\u00e3o Mamede est\u00e1 enlutada com o assassinato do prefeito e toda sua fam\u00edlia\u201d, dizia uma das mensagens. O gestor explicou como come\u00e7aram estas amea\u00e7as. \u201cA gente j\u00e1 vinha recebendo ataques pessoais, mas agora tivemos o \u00e1pice, com amea\u00e7a pessoal e \u00e0 fam\u00edlia, pela rede social. A amea\u00e7a veio de um tal de Carlos Daniel, que acreditamos ser algum \u2018fake\u2019 (um usu\u00e1rio falso). J\u00e1 tomamos as provid\u00eancias, fizemos Boletim de Ocorr\u00eancia e acionamos a Pol\u00edcia Federal, que est\u00e1 tentando descobrir de onde partiu a amea\u00e7a\u201d, disse o prefeito. At\u00e9 o momento n\u00e3o h\u00e1 suspeitos, mas o prefeito acredita que as mensagens tenham motiva\u00e7\u00e3o pol\u00edtica. \u201cToda figura p\u00fablica est\u00e1 sujeita as cr\u00edticas, enquanto ficar s\u00f3 na cr\u00edtica, mas isso ultrapassou essa linha. Por isso tomamos as provid\u00eancias. Quando assumimos a gest\u00e3o tivemos que tomar algumas atitudes no in\u00edcio do governo para colocar nossa forma administrativa em funcionamento. Os interesses pessoais de algumas pessoas foram contrariados, em detrimento da coletividade, e isso incomodou\u201d, disse Jefferson Morais. Em outra mensagem, o agressor diz: \u201cPodem colocar seguran\u00e7a, alarme. N\u00e3o adiantar\u00e1 nada\u201d. Apesar das amea\u00e7as, o gestor disse que n\u00e3o ir\u00e1 interromper as a\u00e7\u00f5es administrativas que tem executado. \u201cEstamos tomando as provid\u00eancias e tendo certas precau\u00e7\u00f5es, mas quero que a popula\u00e7\u00e3o de S\u00e3o Mamede saiba que a gest\u00e3o continuar\u00e1, a administra\u00e7\u00e3o continuar\u00e1, isso n\u00e3o ir\u00e1 nos inibir. Pelo contr\u00e1rio: queremos mostrar a popula\u00e7\u00e3o que iremos continuar trabalhando em prol da coletividade\u201d. *Texto de Beto Pessoa, do jornal CORREIO\" \/>\n<meta property=\"og:url\" content=\"https:\/\/noticiasemdestaque.com\/cd\/?p=14920\" \/>\n<meta property=\"og:site_name\" content=\"Not&iacute;cias em Destaque\" \/>\n<meta property=\"article:published_time\" content=\"2019-01-18T21:52:09+00:00\" \/>\n<meta property=\"og:image\" content=\"https:\/\/noticiasemdestaque.com\/cd\/wp-content\/uploads\/2019\/01\/Prefeito1-696x1237.jpeg\" \/>\n\t<meta property=\"og:image:width\" content=\"696\" \/>\n\t<meta property=\"og:image:height\" content=\"1237\" \/>\n\t<meta property=\"og:image:type\" content=\"image\/jpeg\" \/>\n<meta name=\"author\" content=\"Not\u00edcias em Destaque\" \/>\n<meta name=\"twitter:card\" content=\"summary_large_image\" \/>\n<meta name=\"twitter:label1\" content=\"Escrito por\" \/>\n\t<meta name=\"twitter:data1\" content=\"Not\u00edcias em Destaque\" \/>\n\t<meta name=\"twitter:label2\" content=\"Est. tempo de leitura\" \/>\n\t<meta name=\"twitter:data2\" content=\"2 minutos\" \/>\n<script type=\"application\/ld+json\" class=\"yoast-schema-graph\">{\"@context\":\"https:\/\/schema.org\",\"@graph\":[{\"@type\":\"Article\",\"@id\":\"https:\/\/noticiasemdestaque.com\/cd\/?p=14920#article\",\"isPartOf\":{\"@id\":\"https:\/\/noticiasemdestaque.com\/cd\/?p=14920\"},\"author\":{\"name\":\"Not\u00edcias em Destaque\",\"@id\":\"https:\/\/noticiasemdestaque.com\/cd\/#\/schema\/person\/21320b03a7e8bb90128938dafc9b908a\"},\"headline\":\"Prefeito paraibano diz que vem recebendo amea\u00e7as de morte\",\"datePublished\":\"2019-01-18T21:52:09+00:00\",\"mainEntityOfPage\":{\"@id\":\"https:\/\/noticiasemdestaque.com\/cd\/?p=14920\"},\"wordCount\":351,\"publisher\":{\"@id\":\"https:\/\/noticiasemdestaque.com\/cd\/#organization\"},\"image\":{\"@id\":\"https:\/\/noticiasemdestaque.com\/cd\/?p=14920#primaryimage\"},\"thumbnailUrl\":\"https:\/\/noticiasemdestaque.com\/cd\/wp-content\/uploads\/2019\/01\/Prefeito1-696x1237.jpeg\",\"articleSection\":[\"Pol\u00edtica\"],\"inLanguage\":\"pt-BR\"},{\"@type\":\"WebPage\",\"@id\":\"https:\/\/noticiasemdestaque.com\/cd\/?p=14920\",\"url\":\"https:\/\/noticiasemdestaque.com\/cd\/?p=14920\",\"name\":\"Prefeito paraibano diz que vem recebendo amea\u00e7as de morte - Not&iacute;cias em Destaque\",\"isPartOf\":{\"@id\":\"https:\/\/noticiasemdestaque.com\/cd\/#website\"},\"primaryImageOfPage\":{\"@id\":\"https:\/\/noticiasemdestaque.com\/cd\/?p=14920#primaryimage\"},\"image\":{\"@id\":\"https:\/\/noticiasemdestaque.com\/cd\/?p=14920#primaryimage\"},\"thumbnailUrl\":\"https:\/\/noticiasemdestaque.com\/cd\/wp-content\/uploads\/2019\/01\/Prefeito1-696x1237.jpeg\",\"datePublished\":\"2019-01-18T21:52:09+00:00\",\"breadcrumb\":{\"@id\":\"https:\/\/noticiasemdestaque.com\/cd\/?p=14920#breadcrumb\"},\"inLanguage\":\"pt-BR\",\"potentialAction\":[{\"@type\":\"ReadAction\",\"target\":[\"https:\/\/noticiasemdestaque.com\/cd\/?p=14920\"]}]},{\"@type\":\"ImageObject\",\"inLanguage\":\"pt-BR\",\"@id\":\"https:\/\/noticiasemdestaque.com\/cd\/?p=14920#primaryimage\",\"url\":\"https:\/\/noticiasemdestaque.com\/cd\/wp-content\/uploads\/2019\/01\/Prefeito1-696x1237.jpeg\",\"contentUrl\":\"https:\/\/noticiasemdestaque.com\/cd\/wp-content\/uploads\/2019\/01\/Prefeito1-696x1237.jpeg\",\"width\":696,\"height\":1237},{\"@type\":\"BreadcrumbList\",\"@id\":\"https:\/\/noticiasemdestaque.com\/cd\/?p=14920#breadcrumb\",\"itemListElement\":[{\"@type\":\"ListItem\",\"position\":1,\"name\":\"In\u00edcio\",\"item\":\"https:\/\/noticiasemdestaque.com\/cd\/\"},{\"@type\":\"ListItem\",\"position\":2,\"name\":\"Prefeito paraibano diz que vem recebendo amea\u00e7as de morte\"}]},{\"@type\":\"WebSite\",\"@id\":\"https:\/\/noticiasemdestaque.com\/cd\/#website\",\"url\":\"https:\/\/noticiasemdestaque.com\/cd\/\",\"name\":\"Not&iacute;cias em Destaque\",\"description\":\"\",\"publisher\":{\"@id\":\"https:\/\/noticiasemdestaque.com\/cd\/#organization\"},\"potentialAction\":[{\"@type\":\"SearchAction\",\"target\":{\"@type\":\"EntryPoint\",\"urlTemplate\":\"https:\/\/noticiasemdestaque.com\/cd\/?s={search_term_string}\"},\"query-input\":{\"@type\":\"PropertyValueSpecification\",\"valueRequired\":true,\"valueName\":\"search_term_string\"}}],\"inLanguage\":\"pt-BR\"},{\"@type\":\"Organization\",\"@id\":\"https:\/\/noticiasemdestaque.com\/cd\/#organization\",\"name\":\"Not\u00edcias em Destaque\",\"url\":\"https:\/\/noticiasemdestaque.com\/cd\/\",\"logo\":{\"@type\":\"ImageObject\",\"inLanguage\":\"pt-BR\",\"@id\":\"https:\/\/noticiasemdestaque.com\/cd\/#\/schema\/logo\/image\/\",\"url\":\"https:\/\/noticiasemdestaque.com\/cd\/wp-content\/uploads\/2022\/05\/imagem-base-noticiasemdestaque.png\",\"contentUrl\":\"https:\/\/noticiasemdestaque.com\/cd\/wp-content\/uploads\/2022\/05\/imagem-base-noticiasemdestaque.png\",\"width\":1200,\"height\":630,\"caption\":\"Not\u00edcias em Destaque\"},\"image\":{\"@id\":\"https:\/\/noticiasemdestaque.com\/cd\/#\/schema\/logo\/image\/\"}},{\"@type\":\"Person\",\"@id\":\"https:\/\/noticiasemdestaque.com\/cd\/#\/schema\/person\/21320b03a7e8bb90128938dafc9b908a\",\"name\":\"Not\u00edcias em Destaque\",\"url\":\"https:\/\/noticiasemdestaque.com\/cd\/?author=2\"}]}<\/script>\n<!-- \/ Yoast SEO plugin. -->","yoast_head_json":{"title":"Prefeito paraibano diz que vem recebendo amea\u00e7as de morte - Not&iacute;cias em Destaque","robots":{"index":"index","follow":"follow","max-snippet":"max-snippet:-1","max-image-preview":"max-image-preview:large","max-video-preview":"max-video-preview:-1"},"canonical":"https:\/\/noticiasemdestaque.com\/cd\/?p=14920","og_locale":"pt_BR","og_type":"article","og_title":"Prefeito paraibano diz que vem recebendo amea\u00e7as de morte - Not&iacute;cias em Destaque","og_description":"O prefeito de S\u00e3o Mamede, localizada no Sert\u00e3o paraibano, est\u00e1 sendo amea\u00e7ado de morte. Em entrevista ao Correio, Jefferson Morais (DEM) disse que h\u00e1 algumas semanas tem recebido cr\u00edticas agressivas na sua p\u00e1gina, mas na quarta-feira (16) se deparou com uma intimida\u00e7\u00e3o ainda mais violenta contra ele e sua fam\u00edlia. \u201cIremos iniciar o ano de luto. A cidade de S\u00e3o Mamede est\u00e1 enlutada com o assassinato do prefeito e toda sua fam\u00edlia\u201d, dizia uma das mensagens. O gestor explicou como come\u00e7aram estas amea\u00e7as. \u201cA gente j\u00e1 vinha recebendo ataques pessoais, mas agora tivemos o \u00e1pice, com amea\u00e7a pessoal e \u00e0 fam\u00edlia, pela rede social. A amea\u00e7a veio de um tal de Carlos Daniel, que acreditamos ser algum \u2018fake\u2019 (um usu\u00e1rio falso). J\u00e1 tomamos as provid\u00eancias, fizemos Boletim de Ocorr\u00eancia e acionamos a Pol\u00edcia Federal, que est\u00e1 tentando descobrir de onde partiu a amea\u00e7a\u201d, disse o prefeito. At\u00e9 o momento n\u00e3o h\u00e1 suspeitos, mas o prefeito acredita que as mensagens tenham motiva\u00e7\u00e3o pol\u00edtica. \u201cToda figura p\u00fablica est\u00e1 sujeita as cr\u00edticas, enquanto ficar s\u00f3 na cr\u00edtica, mas isso ultrapassou essa linha. Por isso tomamos as provid\u00eancias. Quando assumimos a gest\u00e3o tivemos que tomar algumas atitudes no in\u00edcio do governo para colocar nossa forma administrativa em funcionamento. Os interesses pessoais de algumas pessoas foram contrariados, em detrimento da coletividade, e isso incomodou\u201d, disse Jefferson Morais. Em outra mensagem, o agressor diz: \u201cPodem colocar seguran\u00e7a, alarme. N\u00e3o adiantar\u00e1 nada\u201d. Apesar das amea\u00e7as, o gestor disse que n\u00e3o ir\u00e1 interromper as a\u00e7\u00f5es administrativas que tem executado. \u201cEstamos tomando as provid\u00eancias e tendo certas precau\u00e7\u00f5es, mas quero que a popula\u00e7\u00e3o de S\u00e3o Mamede saiba que a gest\u00e3o continuar\u00e1, a administra\u00e7\u00e3o continuar\u00e1, isso n\u00e3o ir\u00e1 nos inibir. Pelo contr\u00e1rio: queremos mostrar a popula\u00e7\u00e3o que iremos continuar trabalhando em prol da coletividade\u201d. *Texto de Beto Pessoa, do jornal CORREIO","og_url":"https:\/\/noticiasemdestaque.com\/cd\/?p=14920","og_site_name":"Not&iacute;cias em Destaque","article_published_time":"2019-01-18T21:52:09+00:00","og_image":[{"width":696,"height":1237,"url":"https:\/\/noticiasemdestaque.com\/cd\/wp-content\/uploads\/2019\/01\/Prefeito1-696x1237.jpeg","type":"image\/jpeg"}],"author":"Not\u00edcias em Destaque","twitter_card":"summary_large_image","twitter_misc":{"Escrito por":"Not\u00edcias em Destaque","Est. tempo de leitura":"2 minutos"},"schema":{"@context":"https:\/\/schema.org","@graph":[{"@type":"Article","@id":"https:\/\/noticiasemdestaque.com\/cd\/?p=14920#article","isPartOf":{"@id":"https:\/\/noticiasemdestaque.com\/cd\/?p=14920"},"author":{"name":"Not\u00edcias em Destaque","@id":"https:\/\/noticiasemdestaque.com\/cd\/#\/schema\/person\/21320b03a7e8bb90128938dafc9b908a"},"headline":"Prefeito paraibano diz que vem recebendo amea\u00e7as de morte","datePublished":"2019-01-18T21:52:09+00:00","mainEntityOfPage":{"@id":"https:\/\/noticiasemdestaque.com\/cd\/?p=14920"},"wordCount":351,"publisher":{"@id":"https:\/\/noticiasemdestaque.com\/cd\/#organization"},"image":{"@id":"https:\/\/noticiasemdestaque.com\/cd\/?p=14920#primaryimage"},"thumbnailUrl":"https:\/\/noticiasemdestaque.com\/cd\/wp-content\/uploads\/2019\/01\/Prefeito1-696x1237.jpeg","articleSection":["Pol\u00edtica"],"inLanguage":"pt-BR"},{"@type":"WebPage","@id":"https:\/\/noticiasemdestaque.com\/cd\/?p=14920","url":"https:\/\/noticiasemdestaque.com\/cd\/?p=14920","name":"Prefeito paraibano diz que vem recebendo amea\u00e7as de morte - Not&iacute;cias em Destaque","isPartOf":{"@id":"https:\/\/noticiasemdestaque.com\/cd\/#website"},"primaryImageOfPage":{"@id":"https:\/\/noticiasemdestaque.com\/cd\/?p=14920#primaryimage"},"image":{"@id":"https:\/\/noticiasemdestaque.com\/cd\/?p=14920#primaryimage"},"thumbnailUrl":"https:\/\/noticiasemdestaque.com\/cd\/wp-content\/uploads\/2019\/01\/Prefeito1-696x1237.jpeg","datePublished":"2019-01-18T21:52:09+00:00","breadcrumb":{"@id":"https:\/\/noticiasemdestaque.com\/cd\/?p=14920#breadcrumb"},"inLanguage":"pt-BR","potentialAction":[{"@type":"ReadAction","target":["https:\/\/noticiasemdestaque.com\/cd\/?p=14920"]}]},{"@type":"ImageObject","inLanguage":"pt-BR","@id":"https:\/\/noticiasemdestaque.com\/cd\/?p=14920#primaryimage","url":"https:\/\/noticiasemdestaque.com\/cd\/wp-content\/uploads\/2019\/01\/Prefeito1-696x1237.jpeg","contentUrl":"https:\/\/noticiasemdestaque.com\/cd\/wp-content\/uploads\/2019\/01\/Prefeito1-696x1237.jpeg","width":696,"height":1237},{"@type":"BreadcrumbList","@id":"https:\/\/noticiasemdestaque.com\/cd\/?p=14920#breadcrumb","itemListElement":[{"@type":"ListItem","position":1,"name":"In\u00edcio","item":"https:\/\/noticiasemdestaque.com\/cd\/"},{"@type":"ListItem","position":2,"name":"Prefeito paraibano diz que vem recebendo amea\u00e7as de morte"}]},{"@type":"WebSite","@id":"https:\/\/noticiasemdestaque.com\/cd\/#website","url":"https:\/\/noticiasemdestaque.com\/cd\/","name":"Not&iacute;cias em Destaque","description":"","publisher":{"@id":"https:\/\/noticiasemdestaque.com\/cd\/#organization"},"potentialAction":[{"@type":"SearchAction","target":{"@type":"EntryPoint","urlTemplate":"https:\/\/noticiasemdestaque.com\/cd\/?s={search_term_string}"},"query-input":{"@type":"PropertyValueSpecification","valueRequired":true,"valueName":"search_term_string"}}],"inLanguage":"pt-BR"},{"@type":"Organization","@id":"https:\/\/noticiasemdestaque.com\/cd\/#organization","name":"Not\u00edcias em Destaque","url":"https:\/\/noticiasemdestaque.com\/cd\/","logo":{"@type":"ImageObject","inLanguage":"pt-BR","@id":"https:\/\/noticiasemdestaque.com\/cd\/#\/schema\/logo\/image\/","url":"https:\/\/noticiasemdestaque.com\/cd\/wp-content\/uploads\/2022\/05\/imagem-base-noticiasemdestaque.png","contentUrl":"https:\/\/noticiasemdestaque.com\/cd\/wp-content\/uploads\/2022\/05\/imagem-base-noticiasemdestaque.png","width":1200,"height":630,"caption":"Not\u00edcias em Destaque"},"image":{"@id":"https:\/\/noticiasemdestaque.com\/cd\/#\/schema\/logo\/image\/"}},{"@type":"Person","@id":"https:\/\/noticiasemdestaque.com\/cd\/#\/schema\/person\/21320b03a7e8bb90128938dafc9b908a","name":"Not\u00edcias em Destaque","url":"https:\/\/noticiasemdestaque.com\/cd\/?author=2"}]}},"jetpack_featured_media_url":"https:\/\/noticiasemdestaque.com\/cd\/wp-content\/uploads\/2019\/01\/Prefeito1-696x1237.jpeg","jetpack_sharing_enabled":true,"_links":{"self":[{"href":"https:\/\/noticiasemdestaque.com\/cd\/index.php?rest_route=\/wp\/v2\/posts\/14920","targetHints":{"allow":["GET"]}}],"collection":[{"href":"https:\/\/noticiasemdestaque.com\/cd\/index.php?rest_route=\/wp\/v2\/posts"}],"about":[{"href":"https:\/\/noticiasemdestaque.com\/cd\/index.php?rest_route=\/wp\/v2\/types\/post"}],"author":[{"embeddable":true,"href":"https:\/\/noticiasemdestaque.com\/cd\/index.php?rest_route=\/wp\/v2\/users\/2"}],"replies":[{"embeddable":true,"href":"https:\/\/noticiasemdestaque.com\/cd\/index.php?rest_route=%2Fwp%2Fv2%2Fcomments&post=14920"}],"version-history":[{"count":2,"href":"https:\/\/noticiasemdestaque.com\/cd\/index.php?rest_route=\/wp\/v2\/posts\/14920\/revisions"}],"predecessor-version":[{"id":14923,"href":"https:\/\/noticiasemdestaque.com\/cd\/index.php?rest_route=\/wp\/v2\/posts\/14920\/revisions\/14923"}],"wp:featuredmedia":[{"embeddable":true,"href":"https:\/\/noticiasemdestaque.com\/cd\/index.php?rest_route=\/wp\/v2\/media\/14921"}],"wp:attachment":[{"href":"https:\/\/noticiasemdestaque.com\/cd\/index.php?rest_route=%2Fwp%2Fv2%2Fmedia&parent=14920"}],"wp:term":[{"taxonomy":"category","embeddable":true,"href":"https:\/\/noticiasemdestaque.com\/cd\/index.php?rest_route=%2Fwp%2Fv2%2Fcategories&post=14920"},{"taxonomy":"post_tag","embeddable":true,"href":"https:\/\/noticiasemdestaque.com\/cd\/index.php?rest_route=%2Fwp%2Fv2%2Ftags&post=14920"}],"curies":[{"name":"wp","href":"https:\/\/api.w.org\/{rel}","templated":true}]}}