{"id":14914,"date":"2019-01-18T18:43:10","date_gmt":"2019-01-18T21:43:10","guid":{"rendered":"http:\/\/noticiasemdestaque.com\/cd\/?p=14914"},"modified":"2019-01-18T18:43:10","modified_gmt":"2019-01-18T21:43:10","slug":"prefeita-anna-lorena-recebe-apoio-de-lideranca-politica-do-psb","status":"publish","type":"post","link":"https:\/\/noticiasemdestaque.com\/cd\/?p=14914","title":{"rendered":"Prefeita Anna Lorena recebe apoio de lideran\u00e7a pol\u00edtica do PSB"},"content":{"rendered":"<p><a href=\"https:\/\/noticiasemdestaque.com\/cd\/wp-content\/uploads\/2019\/01\/pol\u00edtica.jpeg\"><img fetchpriority=\"high\" decoding=\"async\" class=\" wp-image-14915 aligncenter\" src=\"https:\/\/noticiasemdestaque.com\/cd\/wp-content\/uploads\/2019\/01\/pol\u00edtica.jpeg\" alt=\"\" width=\"469\" height=\"341\" srcset=\"https:\/\/noticiasemdestaque.com\/cd\/wp-content\/uploads\/2019\/01\/pol\u00edtica.jpeg 547w, https:\/\/noticiasemdestaque.com\/cd\/wp-content\/uploads\/2019\/01\/pol\u00edtica-300x218.jpeg 300w\" sizes=\"(max-width: 469px) 100vw, 469px\" \/><\/a><\/p>\n<p>A prefeita Anna Lorena recebeu na \u00faltima quarta-feira (16) a visita do suplente de vereador Carlos Alberto Alves, Carlos Enfermeiro, do PSB, que parabenizou a gestora pela forma como vem conduzindo a administra\u00e7\u00e3o municipal, principalmente pelo di\u00e1logo que os mais variados setores da sociedade monteirense.<\/p>\n<p>Durante o encontro que aconteceu no gabinete da prefeita, Carlos enfermeiro anunciou apoio a reelei\u00e7\u00e3o de Anna Lorena, afirmando que estar\u00e1 ao seu lado nas elei\u00e7\u00f5es municipais de 2020.<\/p>\n<p>Nas \u00faltimas elei\u00e7\u00f5es municipais Carlos Enfermeiro obteve 234 votos para vereador e com o trabalho que vem realizando no munic\u00edpio, principalmente na \u00e1rea de sa\u00fade, ele acredita que nas elei\u00e7\u00f5es de 2020 ter\u00e1 um melhor desempenho e buscar\u00e1 novamente uma vaga na C\u00e2mara Municipal.<\/p>\n<p><em>Com Vitrine do Cariri<\/em><\/p>\n","protected":false},"excerpt":{"rendered":"<p>A prefeita Anna Lorena recebeu na \u00faltima quarta-feira (16) a visita do suplente de vereador Carlos Alberto Alves, Carlos Enfermeiro, do PSB, que parabenizou a gestora pela forma como vem conduzindo a administra\u00e7\u00e3o municipal, principalmente pelo di\u00e1logo que os mais variados setores da sociedade monteirense. Durante o encontro que aconteceu no gabinete da prefeita, Carlos enfermeiro anunciou apoio a reelei\u00e7\u00e3o de Anna Lorena, afirmando que estar\u00e1 ao seu lado nas elei\u00e7\u00f5es municipais de 2020. Nas \u00faltimas elei\u00e7\u00f5es municipais Carlos Enfermeiro obteve 234 votos para vereador e com o trabalho que vem realizando no munic\u00edpio, principalmente na \u00e1rea de sa\u00fade, ele acredita que nas elei\u00e7\u00f5es de 2020 ter\u00e1 um melhor desempenho e buscar\u00e1 novamente uma vaga na C\u00e2mara Municipal. Com Vitrine do Cariri<\/p>\n","protected":false},"author":2,"featured_media":14915,"comment_status":"closed","ping_status":"open","sticky":false,"template":"","format":"standard","meta":{"_eb_attr":"","_jetpack_memberships_contains_paid_content":false,"footnotes":""},"categories":[4],"tags":[],"class_list":["post-14914","post","type-post","status-publish","format-standard","has-post-thumbnail","hentry","category-politica"],"yoast_head":"<!-- This site is optimized with the Yoast SEO plugin v26.5 - https:\/\/yoast.com\/wordpress\/plugins\/seo\/ -->\n<title>Prefeita Anna Lorena recebe apoio de lideran\u00e7a pol\u00edtica do PSB - Not&iacute;cias em Destaque<\/title>\n<meta name=\"robots\" content=\"index, follow, max-snippet:-1, max-image-preview:large, max-video-preview:-1\" \/>\n<link rel=\"canonical\" href=\"https:\/\/noticiasemdestaque.com\/cd\/?p=14914\" \/>\n<meta property=\"og:locale\" content=\"pt_BR\" \/>\n<meta property=\"og:type\" content=\"article\" \/>\n<meta property=\"og:title\" content=\"Prefeita Anna Lorena recebe apoio de lideran\u00e7a pol\u00edtica do PSB - Not&iacute;cias em Destaque\" \/>\n<meta property=\"og:description\" content=\"A prefeita Anna Lorena recebeu na \u00faltima quarta-feira (16) a visita do suplente de vereador Carlos Alberto Alves, Carlos Enfermeiro, do PSB, que parabenizou a gestora pela forma como vem conduzindo a administra\u00e7\u00e3o municipal, principalmente pelo di\u00e1logo que os mais variados setores da sociedade monteirense. Durante o encontro que aconteceu no gabinete da prefeita, Carlos enfermeiro anunciou apoio a reelei\u00e7\u00e3o de Anna Lorena, afirmando que estar\u00e1 ao seu lado nas elei\u00e7\u00f5es municipais de 2020. Nas \u00faltimas elei\u00e7\u00f5es municipais Carlos Enfermeiro obteve 234 votos para vereador e com o trabalho que vem realizando no munic\u00edpio, principalmente na \u00e1rea de sa\u00fade, ele acredita que nas elei\u00e7\u00f5es de 2020 ter\u00e1 um melhor desempenho e buscar\u00e1 novamente uma vaga na C\u00e2mara Municipal. Com Vitrine do Cariri\" \/>\n<meta property=\"og:url\" content=\"https:\/\/noticiasemdestaque.com\/cd\/?p=14914\" \/>\n<meta property=\"og:site_name\" content=\"Not&iacute;cias em Destaque\" \/>\n<meta property=\"article:published_time\" content=\"2019-01-18T21:43:10+00:00\" \/>\n<meta property=\"og:image\" content=\"https:\/\/noticiasemdestaque.com\/cd\/wp-content\/uploads\/2019\/01\/pol\u00edtica.jpeg\" \/>\n\t<meta property=\"og:image:width\" content=\"547\" \/>\n\t<meta property=\"og:image:height\" content=\"398\" \/>\n\t<meta property=\"og:image:type\" content=\"image\/jpeg\" \/>\n<meta name=\"author\" content=\"Not\u00edcias em Destaque\" \/>\n<meta name=\"twitter:card\" content=\"summary_large_image\" \/>\n<meta name=\"twitter:label1\" content=\"Escrito por\" \/>\n\t<meta name=\"twitter:data1\" content=\"Not\u00edcias em Destaque\" \/>\n\t<meta name=\"twitter:label2\" content=\"Est. tempo de leitura\" \/>\n\t<meta name=\"twitter:data2\" content=\"1 minuto\" \/>\n<script type=\"application\/ld+json\" class=\"yoast-schema-graph\">{\"@context\":\"https:\/\/schema.org\",\"@graph\":[{\"@type\":\"Article\",\"@id\":\"https:\/\/noticiasemdestaque.com\/cd\/?p=14914#article\",\"isPartOf\":{\"@id\":\"https:\/\/noticiasemdestaque.com\/cd\/?p=14914\"},\"author\":{\"name\":\"Not\u00edcias em Destaque\",\"@id\":\"https:\/\/noticiasemdestaque.com\/cd\/#\/schema\/person\/21320b03a7e8bb90128938dafc9b908a\"},\"headline\":\"Prefeita Anna Lorena recebe apoio de lideran\u00e7a pol\u00edtica do PSB\",\"datePublished\":\"2019-01-18T21:43:10+00:00\",\"mainEntityOfPage\":{\"@id\":\"https:\/\/noticiasemdestaque.com\/cd\/?p=14914\"},\"wordCount\":139,\"publisher\":{\"@id\":\"https:\/\/noticiasemdestaque.com\/cd\/#organization\"},\"image\":{\"@id\":\"https:\/\/noticiasemdestaque.com\/cd\/?p=14914#primaryimage\"},\"thumbnailUrl\":\"https:\/\/noticiasemdestaque.com\/cd\/wp-content\/uploads\/2019\/01\/pol\u00edtica.jpeg\",\"articleSection\":[\"Pol\u00edtica\"],\"inLanguage\":\"pt-BR\"},{\"@type\":\"WebPage\",\"@id\":\"https:\/\/noticiasemdestaque.com\/cd\/?p=14914\",\"url\":\"https:\/\/noticiasemdestaque.com\/cd\/?p=14914\",\"name\":\"Prefeita Anna Lorena recebe apoio de lideran\u00e7a pol\u00edtica do PSB - Not&iacute;cias em Destaque\",\"isPartOf\":{\"@id\":\"https:\/\/noticiasemdestaque.com\/cd\/#website\"},\"primaryImageOfPage\":{\"@id\":\"https:\/\/noticiasemdestaque.com\/cd\/?p=14914#primaryimage\"},\"image\":{\"@id\":\"https:\/\/noticiasemdestaque.com\/cd\/?p=14914#primaryimage\"},\"thumbnailUrl\":\"https:\/\/noticiasemdestaque.com\/cd\/wp-content\/uploads\/2019\/01\/pol\u00edtica.jpeg\",\"datePublished\":\"2019-01-18T21:43:10+00:00\",\"breadcrumb\":{\"@id\":\"https:\/\/noticiasemdestaque.com\/cd\/?p=14914#breadcrumb\"},\"inLanguage\":\"pt-BR\",\"potentialAction\":[{\"@type\":\"ReadAction\",\"target\":[\"https:\/\/noticiasemdestaque.com\/cd\/?p=14914\"]}]},{\"@type\":\"ImageObject\",\"inLanguage\":\"pt-BR\",\"@id\":\"https:\/\/noticiasemdestaque.com\/cd\/?p=14914#primaryimage\",\"url\":\"https:\/\/noticiasemdestaque.com\/cd\/wp-content\/uploads\/2019\/01\/pol\u00edtica.jpeg\",\"contentUrl\":\"https:\/\/noticiasemdestaque.com\/cd\/wp-content\/uploads\/2019\/01\/pol\u00edtica.jpeg\",\"width\":547,\"height\":398},{\"@type\":\"BreadcrumbList\",\"@id\":\"https:\/\/noticiasemdestaque.com\/cd\/?p=14914#breadcrumb\",\"itemListElement\":[{\"@type\":\"ListItem\",\"position\":1,\"name\":\"In\u00edcio\",\"item\":\"https:\/\/noticiasemdestaque.com\/cd\/\"},{\"@type\":\"ListItem\",\"position\":2,\"name\":\"Prefeita Anna Lorena recebe apoio de lideran\u00e7a pol\u00edtica do PSB\"}]},{\"@type\":\"WebSite\",\"@id\":\"https:\/\/noticiasemdestaque.com\/cd\/#website\",\"url\":\"https:\/\/noticiasemdestaque.com\/cd\/\",\"name\":\"Not&iacute;cias em Destaque\",\"description\":\"\",\"publisher\":{\"@id\":\"https:\/\/noticiasemdestaque.com\/cd\/#organization\"},\"potentialAction\":[{\"@type\":\"SearchAction\",\"target\":{\"@type\":\"EntryPoint\",\"urlTemplate\":\"https:\/\/noticiasemdestaque.com\/cd\/?s={search_term_string}\"},\"query-input\":{\"@type\":\"PropertyValueSpecification\",\"valueRequired\":true,\"valueName\":\"search_term_string\"}}],\"inLanguage\":\"pt-BR\"},{\"@type\":\"Organization\",\"@id\":\"https:\/\/noticiasemdestaque.com\/cd\/#organization\",\"name\":\"Not\u00edcias em Destaque\",\"url\":\"https:\/\/noticiasemdestaque.com\/cd\/\",\"logo\":{\"@type\":\"ImageObject\",\"inLanguage\":\"pt-BR\",\"@id\":\"https:\/\/noticiasemdestaque.com\/cd\/#\/schema\/logo\/image\/\",\"url\":\"https:\/\/noticiasemdestaque.com\/cd\/wp-content\/uploads\/2022\/05\/imagem-base-noticiasemdestaque.png\",\"contentUrl\":\"https:\/\/noticiasemdestaque.com\/cd\/wp-content\/uploads\/2022\/05\/imagem-base-noticiasemdestaque.png\",\"width\":1200,\"height\":630,\"caption\":\"Not\u00edcias em Destaque\"},\"image\":{\"@id\":\"https:\/\/noticiasemdestaque.com\/cd\/#\/schema\/logo\/image\/\"}},{\"@type\":\"Person\",\"@id\":\"https:\/\/noticiasemdestaque.com\/cd\/#\/schema\/person\/21320b03a7e8bb90128938dafc9b908a\",\"name\":\"Not\u00edcias em Destaque\",\"url\":\"https:\/\/noticiasemdestaque.com\/cd\/?author=2\"}]}<\/script>\n<!-- \/ Yoast SEO plugin. -->","yoast_head_json":{"title":"Prefeita Anna Lorena recebe apoio de lideran\u00e7a pol\u00edtica do PSB - Not&iacute;cias em Destaque","robots":{"index":"index","follow":"follow","max-snippet":"max-snippet:-1","max-image-preview":"max-image-preview:large","max-video-preview":"max-video-preview:-1"},"canonical":"https:\/\/noticiasemdestaque.com\/cd\/?p=14914","og_locale":"pt_BR","og_type":"article","og_title":"Prefeita Anna Lorena recebe apoio de lideran\u00e7a pol\u00edtica do PSB - Not&iacute;cias em Destaque","og_description":"A prefeita Anna Lorena recebeu na \u00faltima quarta-feira (16) a visita do suplente de vereador Carlos Alberto Alves, Carlos Enfermeiro, do PSB, que parabenizou a gestora pela forma como vem conduzindo a administra\u00e7\u00e3o municipal, principalmente pelo di\u00e1logo que os mais variados setores da sociedade monteirense. Durante o encontro que aconteceu no gabinete da prefeita, Carlos enfermeiro anunciou apoio a reelei\u00e7\u00e3o de Anna Lorena, afirmando que estar\u00e1 ao seu lado nas elei\u00e7\u00f5es municipais de 2020. Nas \u00faltimas elei\u00e7\u00f5es municipais Carlos Enfermeiro obteve 234 votos para vereador e com o trabalho que vem realizando no munic\u00edpio, principalmente na \u00e1rea de sa\u00fade, ele acredita que nas elei\u00e7\u00f5es de 2020 ter\u00e1 um melhor desempenho e buscar\u00e1 novamente uma vaga na C\u00e2mara Municipal. Com Vitrine do Cariri","og_url":"https:\/\/noticiasemdestaque.com\/cd\/?p=14914","og_site_name":"Not&iacute;cias em Destaque","article_published_time":"2019-01-18T21:43:10+00:00","og_image":[{"width":547,"height":398,"url":"https:\/\/noticiasemdestaque.com\/cd\/wp-content\/uploads\/2019\/01\/pol\u00edtica.jpeg","type":"image\/jpeg"}],"author":"Not\u00edcias em Destaque","twitter_card":"summary_large_image","twitter_misc":{"Escrito por":"Not\u00edcias em Destaque","Est. tempo de leitura":"1 minuto"},"schema":{"@context":"https:\/\/schema.org","@graph":[{"@type":"Article","@id":"https:\/\/noticiasemdestaque.com\/cd\/?p=14914#article","isPartOf":{"@id":"https:\/\/noticiasemdestaque.com\/cd\/?p=14914"},"author":{"name":"Not\u00edcias em Destaque","@id":"https:\/\/noticiasemdestaque.com\/cd\/#\/schema\/person\/21320b03a7e8bb90128938dafc9b908a"},"headline":"Prefeita Anna Lorena recebe apoio de lideran\u00e7a pol\u00edtica do PSB","datePublished":"2019-01-18T21:43:10+00:00","mainEntityOfPage":{"@id":"https:\/\/noticiasemdestaque.com\/cd\/?p=14914"},"wordCount":139,"publisher":{"@id":"https:\/\/noticiasemdestaque.com\/cd\/#organization"},"image":{"@id":"https:\/\/noticiasemdestaque.com\/cd\/?p=14914#primaryimage"},"thumbnailUrl":"https:\/\/noticiasemdestaque.com\/cd\/wp-content\/uploads\/2019\/01\/pol\u00edtica.jpeg","articleSection":["Pol\u00edtica"],"inLanguage":"pt-BR"},{"@type":"WebPage","@id":"https:\/\/noticiasemdestaque.com\/cd\/?p=14914","url":"https:\/\/noticiasemdestaque.com\/cd\/?p=14914","name":"Prefeita Anna Lorena recebe apoio de lideran\u00e7a pol\u00edtica do PSB - Not&iacute;cias em Destaque","isPartOf":{"@id":"https:\/\/noticiasemdestaque.com\/cd\/#website"},"primaryImageOfPage":{"@id":"https:\/\/noticiasemdestaque.com\/cd\/?p=14914#primaryimage"},"image":{"@id":"https:\/\/noticiasemdestaque.com\/cd\/?p=14914#primaryimage"},"thumbnailUrl":"https:\/\/noticiasemdestaque.com\/cd\/wp-content\/uploads\/2019\/01\/pol\u00edtica.jpeg","datePublished":"2019-01-18T21:43:10+00:00","breadcrumb":{"@id":"https:\/\/noticiasemdestaque.com\/cd\/?p=14914#breadcrumb"},"inLanguage":"pt-BR","potentialAction":[{"@type":"ReadAction","target":["https:\/\/noticiasemdestaque.com\/cd\/?p=14914"]}]},{"@type":"ImageObject","inLanguage":"pt-BR","@id":"https:\/\/noticiasemdestaque.com\/cd\/?p=14914#primaryimage","url":"https:\/\/noticiasemdestaque.com\/cd\/wp-content\/uploads\/2019\/01\/pol\u00edtica.jpeg","contentUrl":"https:\/\/noticiasemdestaque.com\/cd\/wp-content\/uploads\/2019\/01\/pol\u00edtica.jpeg","width":547,"height":398},{"@type":"BreadcrumbList","@id":"https:\/\/noticiasemdestaque.com\/cd\/?p=14914#breadcrumb","itemListElement":[{"@type":"ListItem","position":1,"name":"In\u00edcio","item":"https:\/\/noticiasemdestaque.com\/cd\/"},{"@type":"ListItem","position":2,"name":"Prefeita Anna Lorena recebe apoio de lideran\u00e7a pol\u00edtica do PSB"}]},{"@type":"WebSite","@id":"https:\/\/noticiasemdestaque.com\/cd\/#website","url":"https:\/\/noticiasemdestaque.com\/cd\/","name":"Not&iacute;cias em Destaque","description":"","publisher":{"@id":"https:\/\/noticiasemdestaque.com\/cd\/#organization"},"potentialAction":[{"@type":"SearchAction","target":{"@type":"EntryPoint","urlTemplate":"https:\/\/noticiasemdestaque.com\/cd\/?s={search_term_string}"},"query-input":{"@type":"PropertyValueSpecification","valueRequired":true,"valueName":"search_term_string"}}],"inLanguage":"pt-BR"},{"@type":"Organization","@id":"https:\/\/noticiasemdestaque.com\/cd\/#organization","name":"Not\u00edcias em Destaque","url":"https:\/\/noticiasemdestaque.com\/cd\/","logo":{"@type":"ImageObject","inLanguage":"pt-BR","@id":"https:\/\/noticiasemdestaque.com\/cd\/#\/schema\/logo\/image\/","url":"https:\/\/noticiasemdestaque.com\/cd\/wp-content\/uploads\/2022\/05\/imagem-base-noticiasemdestaque.png","contentUrl":"https:\/\/noticiasemdestaque.com\/cd\/wp-content\/uploads\/2022\/05\/imagem-base-noticiasemdestaque.png","width":1200,"height":630,"caption":"Not\u00edcias em Destaque"},"image":{"@id":"https:\/\/noticiasemdestaque.com\/cd\/#\/schema\/logo\/image\/"}},{"@type":"Person","@id":"https:\/\/noticiasemdestaque.com\/cd\/#\/schema\/person\/21320b03a7e8bb90128938dafc9b908a","name":"Not\u00edcias em Destaque","url":"https:\/\/noticiasemdestaque.com\/cd\/?author=2"}]}},"jetpack_featured_media_url":"https:\/\/noticiasemdestaque.com\/cd\/wp-content\/uploads\/2019\/01\/pol\u00edtica.jpeg","jetpack_sharing_enabled":true,"_links":{"self":[{"href":"https:\/\/noticiasemdestaque.com\/cd\/index.php?rest_route=\/wp\/v2\/posts\/14914","targetHints":{"allow":["GET"]}}],"collection":[{"href":"https:\/\/noticiasemdestaque.com\/cd\/index.php?rest_route=\/wp\/v2\/posts"}],"about":[{"href":"https:\/\/noticiasemdestaque.com\/cd\/index.php?rest_route=\/wp\/v2\/types\/post"}],"author":[{"embeddable":true,"href":"https:\/\/noticiasemdestaque.com\/cd\/index.php?rest_route=\/wp\/v2\/users\/2"}],"replies":[{"embeddable":true,"href":"https:\/\/noticiasemdestaque.com\/cd\/index.php?rest_route=%2Fwp%2Fv2%2Fcomments&post=14914"}],"version-history":[{"count":1,"href":"https:\/\/noticiasemdestaque.com\/cd\/index.php?rest_route=\/wp\/v2\/posts\/14914\/revisions"}],"predecessor-version":[{"id":14916,"href":"https:\/\/noticiasemdestaque.com\/cd\/index.php?rest_route=\/wp\/v2\/posts\/14914\/revisions\/14916"}],"wp:featuredmedia":[{"embeddable":true,"href":"https:\/\/noticiasemdestaque.com\/cd\/index.php?rest_route=\/wp\/v2\/media\/14915"}],"wp:attachment":[{"href":"https:\/\/noticiasemdestaque.com\/cd\/index.php?rest_route=%2Fwp%2Fv2%2Fmedia&parent=14914"}],"wp:term":[{"taxonomy":"category","embeddable":true,"href":"https:\/\/noticiasemdestaque.com\/cd\/index.php?rest_route=%2Fwp%2Fv2%2Fcategories&post=14914"},{"taxonomy":"post_tag","embeddable":true,"href":"https:\/\/noticiasemdestaque.com\/cd\/index.php?rest_route=%2Fwp%2Fv2%2Ftags&post=14914"}],"curies":[{"name":"wp","href":"https:\/\/api.w.org\/{rel}","templated":true}]}}