{"id":14761,"date":"2019-01-04T12:33:29","date_gmt":"2019-01-04T15:33:29","guid":{"rendered":"http:\/\/noticiasemdestaque.com\/cd\/?p=14761"},"modified":"2019-01-04T12:33:29","modified_gmt":"2019-01-04T15:33:29","slug":"mundo-registrou-30-casos-de-polio-em-2018-diz-oms","status":"publish","type":"post","link":"https:\/\/noticiasemdestaque.com\/cd\/?p=14761","title":{"rendered":"Mundo registrou 30 casos de p\u00f3lio em 2018, diz OMS"},"content":{"rendered":"<p><a href=\"https:\/\/noticiasemdestaque.com\/cd\/wp-content\/uploads\/2019\/01\/1_17_02_2018_vacinao_praca_simon_bolivar_foto_andrezza_mariot_60_-5903467.jpg\"><img fetchpriority=\"high\" decoding=\"async\" class=\"wp-image-14762 aligncenter\" src=\"https:\/\/noticiasemdestaque.com\/cd\/wp-content\/uploads\/2019\/01\/1_17_02_2018_vacinao_praca_simon_bolivar_foto_andrezza_mariot_60_-5903467.jpg\" alt=\"\" width=\"506\" height=\"340\" srcset=\"https:\/\/noticiasemdestaque.com\/cd\/wp-content\/uploads\/2019\/01\/1_17_02_2018_vacinao_praca_simon_bolivar_foto_andrezza_mariot_60_-5903467.jpg 700w, https:\/\/noticiasemdestaque.com\/cd\/wp-content\/uploads\/2019\/01\/1_17_02_2018_vacinao_praca_simon_bolivar_foto_andrezza_mariot_60_-5903467-300x201.jpg 300w\" sizes=\"(max-width: 506px) 100vw, 506px\" \/><\/a><\/p>\n<p>H\u00e1 30 anos, o v\u00edrus selvagem da poliomielite paralisava cerca de 350 mil crian\u00e7as em mais de 125 pa\u00edses todos os anos. Dados divulgados hoje (4) pela Organiza\u00e7\u00e3o Mundial da Sa\u00fade (OMS) mostram que, em 2018, apenas 30 casos da doen\u00e7a foram notificados em dois pa\u00edses \u2013 Afeganist\u00e3o e Paquist\u00e3o. O mundo, segundo a entidade, est\u00e1 \u00e0 beira de um sucesso sem precedentes na sa\u00fade p\u00fablica: a erradica\u00e7\u00e3o global da doen\u00e7a.<\/p>\n<p>\u201cA OMS e seus parceiros da Iniciativa Global para Erradica\u00e7\u00e3o da P\u00f3lio se comprometem a apoiar integralmente os governos do Afeganist\u00e3o e do Paquist\u00e3o para combater a doen\u00e7a em seus \u00faltimos redutos e livrar-se dessa doen\u00e7a debilitante de uma vez por todas\u201d, destacou a organiza\u00e7\u00e3o, por meio de comunicado.<\/p>\n<p>De acordo com a nota, a erradica\u00e7\u00e3o da p\u00f3lio exige altas coberturas vacinais em todo o planeta para que se consiga bloquear a transmiss\u00e3o de um v\u00edrus extremamente contagioso. Infelizmente, segundo a OMS, algumas crian\u00e7as permanecem sem acesso \u00e0s doses adequadas por motivos diversos, incluindo falta de infraestrutura, localidades remotas, migra\u00e7\u00e3o, conflitos, inseguran\u00e7a e resist\u00eancia \u00e0 vacina\u00e7\u00e3o.<\/p>\n<p>\u201cA meta das equipes em solo no Afeganist\u00e3o e no Paquist\u00e3o \u00e9 muito clara: localizar e vacinar todas as crian\u00e7as antes que o v\u00edrus chegue at\u00e9 elas. Esses pa\u00edses alcan\u00e7aram enorme progresso. H\u00e1 20 anos o poliov\u00edrus paralisava mais de 340 mil crian\u00e7as em todo o Paquist\u00e3o. Em 2018, apenas oito casos foram reportados em alguns distritos.\u201d<\/p>\n<p>A OMS destacou, entretanto, que o processo de erradica\u00e7\u00e3o da p\u00f3lio deve ser um esfor\u00e7o no sentido \u201ctudo ou nada\u201d e que uma poss\u00edvel falha em acabar com esses \u00faltimos redutos poderia resultar no ressurgimento da doen\u00e7a, chegando a at\u00e9 200 mil novos casos em todo o mundo num prazo de dez anos.<\/p>\n<p>\u201cEstamos no caminho certo para alcan\u00e7ar o sucesso. Um Paquist\u00e3o e um Afeganist\u00e3o livres da p\u00f3lio significam um mundo livre da p\u00f3lio\u201d, concluiu a organiza\u00e7\u00e3o, citando que a erradica\u00e7\u00e3o da doen\u00e7a poderia economizar entre US$ 40 bilh\u00f5es e US$ 50 bilh\u00f5es, sendo a maioria em pa\u00edses de baixa renda. \u201cE os benef\u00edcios humanit\u00e1rios ser\u00e3o sustentados para as gera\u00e7\u00f5es futuras: nenhuma crian\u00e7a jamais seria afetada novamente por essa terr\u00edvel doen\u00e7a\u201d.<\/p>\n<p><em><strong>Not\u00edcias em Destaque<\/strong><\/em><\/p>\n<p>Com EBC<\/p>\n","protected":false},"excerpt":{"rendered":"<p>H\u00e1 30 anos, o v\u00edrus selvagem da poliomielite paralisava cerca de 350 mil crian\u00e7as em mais de 125 pa\u00edses todos os anos. Dados divulgados hoje (4) pela Organiza\u00e7\u00e3o Mundial da Sa\u00fade (OMS) mostram que, em 2018, apenas 30 casos da doen\u00e7a foram notificados em dois pa\u00edses \u2013 Afeganist\u00e3o e Paquist\u00e3o. O mundo, segundo a entidade, est\u00e1 \u00e0 beira de um sucesso sem precedentes na sa\u00fade p\u00fablica: a erradica\u00e7\u00e3o global da doen\u00e7a. \u201cA OMS e seus parceiros da Iniciativa Global para Erradica\u00e7\u00e3o da P\u00f3lio se comprometem a apoiar integralmente os governos do Afeganist\u00e3o e do Paquist\u00e3o para combater a doen\u00e7a em seus \u00faltimos redutos e livrar-se dessa doen\u00e7a debilitante de uma vez por todas\u201d, destacou a organiza\u00e7\u00e3o, por meio de comunicado. De acordo com a nota, a erradica\u00e7\u00e3o da p\u00f3lio exige altas coberturas vacinais em todo o planeta para que se consiga bloquear a transmiss\u00e3o de um v\u00edrus extremamente contagioso. Infelizmente, segundo a OMS, algumas crian\u00e7as permanecem sem acesso \u00e0s doses adequadas por motivos diversos, incluindo falta de infraestrutura, localidades remotas, migra\u00e7\u00e3o, conflitos, inseguran\u00e7a e resist\u00eancia \u00e0 vacina\u00e7\u00e3o. \u201cA meta das equipes em solo no Afeganist\u00e3o e no Paquist\u00e3o \u00e9 muito clara: localizar e vacinar todas as crian\u00e7as antes que o v\u00edrus chegue at\u00e9 elas. Esses pa\u00edses alcan\u00e7aram enorme progresso. H\u00e1 20 anos o poliov\u00edrus paralisava mais de 340 mil crian\u00e7as em todo o Paquist\u00e3o. Em 2018, apenas oito casos foram reportados em alguns distritos.\u201d A OMS destacou, entretanto, que o processo de erradica\u00e7\u00e3o da p\u00f3lio deve ser um esfor\u00e7o no sentido \u201ctudo ou nada\u201d e que uma poss\u00edvel falha em acabar com esses \u00faltimos redutos poderia resultar no ressurgimento da doen\u00e7a, chegando a at\u00e9 200 mil novos casos em todo o mundo num prazo de dez anos. \u201cEstamos no caminho certo para alcan\u00e7ar o sucesso. Um Paquist\u00e3o e um Afeganist\u00e3o livres da p\u00f3lio significam um mundo livre da p\u00f3lio\u201d, concluiu a organiza\u00e7\u00e3o, citando que a erradica\u00e7\u00e3o da doen\u00e7a poderia economizar entre US$ 40 bilh\u00f5es e US$ 50 bilh\u00f5es, sendo a maioria em pa\u00edses de baixa renda. \u201cE os benef\u00edcios humanit\u00e1rios ser\u00e3o sustentados para as gera\u00e7\u00f5es futuras: nenhuma crian\u00e7a jamais seria afetada novamente por essa terr\u00edvel doen\u00e7a\u201d. Not\u00edcias em Destaque Com EBC<\/p>\n","protected":false},"author":2,"featured_media":14762,"comment_status":"closed","ping_status":"open","sticky":false,"template":"","format":"standard","meta":{"_eb_attr":"","_jetpack_memberships_contains_paid_content":false,"footnotes":""},"categories":[8],"tags":[],"class_list":["post-14761","post","type-post","status-publish","format-standard","has-post-thumbnail","hentry","category-saude"],"yoast_head":"<!-- This site is optimized with the Yoast SEO plugin v26.5 - https:\/\/yoast.com\/wordpress\/plugins\/seo\/ -->\n<title>Mundo registrou 30 casos de p\u00f3lio em 2018, diz OMS - Not&iacute;cias em Destaque<\/title>\n<meta name=\"robots\" content=\"index, follow, max-snippet:-1, max-image-preview:large, max-video-preview:-1\" \/>\n<link rel=\"canonical\" href=\"https:\/\/noticiasemdestaque.com\/cd\/?p=14761\" \/>\n<meta property=\"og:locale\" content=\"pt_BR\" \/>\n<meta property=\"og:type\" content=\"article\" \/>\n<meta property=\"og:title\" content=\"Mundo registrou 30 casos de p\u00f3lio em 2018, diz OMS - Not&iacute;cias em Destaque\" \/>\n<meta property=\"og:description\" content=\"H\u00e1 30 anos, o v\u00edrus selvagem da poliomielite paralisava cerca de 350 mil crian\u00e7as em mais de 125 pa\u00edses todos os anos. Dados divulgados hoje (4) pela Organiza\u00e7\u00e3o Mundial da Sa\u00fade (OMS) mostram que, em 2018, apenas 30 casos da doen\u00e7a foram notificados em dois pa\u00edses \u2013 Afeganist\u00e3o e Paquist\u00e3o. O mundo, segundo a entidade, est\u00e1 \u00e0 beira de um sucesso sem precedentes na sa\u00fade p\u00fablica: a erradica\u00e7\u00e3o global da doen\u00e7a. \u201cA OMS e seus parceiros da Iniciativa Global para Erradica\u00e7\u00e3o da P\u00f3lio se comprometem a apoiar integralmente os governos do Afeganist\u00e3o e do Paquist\u00e3o para combater a doen\u00e7a em seus \u00faltimos redutos e livrar-se dessa doen\u00e7a debilitante de uma vez por todas\u201d, destacou a organiza\u00e7\u00e3o, por meio de comunicado. De acordo com a nota, a erradica\u00e7\u00e3o da p\u00f3lio exige altas coberturas vacinais em todo o planeta para que se consiga bloquear a transmiss\u00e3o de um v\u00edrus extremamente contagioso. Infelizmente, segundo a OMS, algumas crian\u00e7as permanecem sem acesso \u00e0s doses adequadas por motivos diversos, incluindo falta de infraestrutura, localidades remotas, migra\u00e7\u00e3o, conflitos, inseguran\u00e7a e resist\u00eancia \u00e0 vacina\u00e7\u00e3o. \u201cA meta das equipes em solo no Afeganist\u00e3o e no Paquist\u00e3o \u00e9 muito clara: localizar e vacinar todas as crian\u00e7as antes que o v\u00edrus chegue at\u00e9 elas. Esses pa\u00edses alcan\u00e7aram enorme progresso. H\u00e1 20 anos o poliov\u00edrus paralisava mais de 340 mil crian\u00e7as em todo o Paquist\u00e3o. Em 2018, apenas oito casos foram reportados em alguns distritos.\u201d A OMS destacou, entretanto, que o processo de erradica\u00e7\u00e3o da p\u00f3lio deve ser um esfor\u00e7o no sentido \u201ctudo ou nada\u201d e que uma poss\u00edvel falha em acabar com esses \u00faltimos redutos poderia resultar no ressurgimento da doen\u00e7a, chegando a at\u00e9 200 mil novos casos em todo o mundo num prazo de dez anos. \u201cEstamos no caminho certo para alcan\u00e7ar o sucesso. Um Paquist\u00e3o e um Afeganist\u00e3o livres da p\u00f3lio significam um mundo livre da p\u00f3lio\u201d, concluiu a organiza\u00e7\u00e3o, citando que a erradica\u00e7\u00e3o da doen\u00e7a poderia economizar entre US$ 40 bilh\u00f5es e US$ 50 bilh\u00f5es, sendo a maioria em pa\u00edses de baixa renda. \u201cE os benef\u00edcios humanit\u00e1rios ser\u00e3o sustentados para as gera\u00e7\u00f5es futuras: nenhuma crian\u00e7a jamais seria afetada novamente por essa terr\u00edvel doen\u00e7a\u201d. Not\u00edcias em Destaque Com EBC\" \/>\n<meta property=\"og:url\" content=\"https:\/\/noticiasemdestaque.com\/cd\/?p=14761\" \/>\n<meta property=\"og:site_name\" content=\"Not&iacute;cias em Destaque\" \/>\n<meta property=\"article:published_time\" content=\"2019-01-04T15:33:29+00:00\" \/>\n<meta property=\"og:image\" content=\"https:\/\/noticiasemdestaque.com\/cd\/wp-content\/uploads\/2019\/01\/1_17_02_2018_vacinao_praca_simon_bolivar_foto_andrezza_mariot_60_-5903467.jpg\" \/>\n\t<meta property=\"og:image:width\" content=\"700\" \/>\n\t<meta property=\"og:image:height\" content=\"470\" \/>\n\t<meta property=\"og:image:type\" content=\"image\/jpeg\" \/>\n<meta name=\"author\" content=\"Not\u00edcias em Destaque\" \/>\n<meta name=\"twitter:card\" content=\"summary_large_image\" \/>\n<meta name=\"twitter:label1\" content=\"Escrito por\" \/>\n\t<meta name=\"twitter:data1\" content=\"Not\u00edcias em Destaque\" \/>\n\t<meta name=\"twitter:label2\" content=\"Est. tempo de leitura\" \/>\n\t<meta name=\"twitter:data2\" content=\"2 minutos\" \/>\n<script type=\"application\/ld+json\" class=\"yoast-schema-graph\">{\"@context\":\"https:\/\/schema.org\",\"@graph\":[{\"@type\":\"Article\",\"@id\":\"https:\/\/noticiasemdestaque.com\/cd\/?p=14761#article\",\"isPartOf\":{\"@id\":\"https:\/\/noticiasemdestaque.com\/cd\/?p=14761\"},\"author\":{\"name\":\"Not\u00edcias em Destaque\",\"@id\":\"https:\/\/noticiasemdestaque.com\/cd\/#\/schema\/person\/47f7d4f55eec17c6b2ca036c5500f6ce\"},\"headline\":\"Mundo registrou 30 casos de p\u00f3lio em 2018, diz OMS\",\"datePublished\":\"2019-01-04T15:33:29+00:00\",\"mainEntityOfPage\":{\"@id\":\"https:\/\/noticiasemdestaque.com\/cd\/?p=14761\"},\"wordCount\":416,\"publisher\":{\"@id\":\"https:\/\/noticiasemdestaque.com\/cd\/#organization\"},\"image\":{\"@id\":\"https:\/\/noticiasemdestaque.com\/cd\/?p=14761#primaryimage\"},\"thumbnailUrl\":\"https:\/\/noticiasemdestaque.com\/cd\/wp-content\/uploads\/2019\/01\/1_17_02_2018_vacinao_praca_simon_bolivar_foto_andrezza_mariot_60_-5903467.jpg\",\"articleSection\":[\"Sa\u00fade\"],\"inLanguage\":\"pt-BR\"},{\"@type\":\"WebPage\",\"@id\":\"https:\/\/noticiasemdestaque.com\/cd\/?p=14761\",\"url\":\"https:\/\/noticiasemdestaque.com\/cd\/?p=14761\",\"name\":\"Mundo registrou 30 casos de p\u00f3lio em 2018, diz OMS - Not&iacute;cias em Destaque\",\"isPartOf\":{\"@id\":\"https:\/\/noticiasemdestaque.com\/cd\/#website\"},\"primaryImageOfPage\":{\"@id\":\"https:\/\/noticiasemdestaque.com\/cd\/?p=14761#primaryimage\"},\"image\":{\"@id\":\"https:\/\/noticiasemdestaque.com\/cd\/?p=14761#primaryimage\"},\"thumbnailUrl\":\"https:\/\/noticiasemdestaque.com\/cd\/wp-content\/uploads\/2019\/01\/1_17_02_2018_vacinao_praca_simon_bolivar_foto_andrezza_mariot_60_-5903467.jpg\",\"datePublished\":\"2019-01-04T15:33:29+00:00\",\"breadcrumb\":{\"@id\":\"https:\/\/noticiasemdestaque.com\/cd\/?p=14761#breadcrumb\"},\"inLanguage\":\"pt-BR\",\"potentialAction\":[{\"@type\":\"ReadAction\",\"target\":[\"https:\/\/noticiasemdestaque.com\/cd\/?p=14761\"]}]},{\"@type\":\"ImageObject\",\"inLanguage\":\"pt-BR\",\"@id\":\"https:\/\/noticiasemdestaque.com\/cd\/?p=14761#primaryimage\",\"url\":\"https:\/\/noticiasemdestaque.com\/cd\/wp-content\/uploads\/2019\/01\/1_17_02_2018_vacinao_praca_simon_bolivar_foto_andrezza_mariot_60_-5903467.jpg\",\"contentUrl\":\"https:\/\/noticiasemdestaque.com\/cd\/wp-content\/uploads\/2019\/01\/1_17_02_2018_vacinao_praca_simon_bolivar_foto_andrezza_mariot_60_-5903467.jpg\",\"width\":700,\"height\":470},{\"@type\":\"BreadcrumbList\",\"@id\":\"https:\/\/noticiasemdestaque.com\/cd\/?p=14761#breadcrumb\",\"itemListElement\":[{\"@type\":\"ListItem\",\"position\":1,\"name\":\"In\u00edcio\",\"item\":\"https:\/\/noticiasemdestaque.com\/cd\/\"},{\"@type\":\"ListItem\",\"position\":2,\"name\":\"Mundo registrou 30 casos de p\u00f3lio em 2018, diz OMS\"}]},{\"@type\":\"WebSite\",\"@id\":\"https:\/\/noticiasemdestaque.com\/cd\/#website\",\"url\":\"https:\/\/noticiasemdestaque.com\/cd\/\",\"name\":\"Not&iacute;cias em Destaque\",\"description\":\"\",\"publisher\":{\"@id\":\"https:\/\/noticiasemdestaque.com\/cd\/#organization\"},\"potentialAction\":[{\"@type\":\"SearchAction\",\"target\":{\"@type\":\"EntryPoint\",\"urlTemplate\":\"https:\/\/noticiasemdestaque.com\/cd\/?s={search_term_string}\"},\"query-input\":{\"@type\":\"PropertyValueSpecification\",\"valueRequired\":true,\"valueName\":\"search_term_string\"}}],\"inLanguage\":\"pt-BR\"},{\"@type\":\"Organization\",\"@id\":\"https:\/\/noticiasemdestaque.com\/cd\/#organization\",\"name\":\"Not\u00edcias em Destaque\",\"url\":\"https:\/\/noticiasemdestaque.com\/cd\/\",\"logo\":{\"@type\":\"ImageObject\",\"inLanguage\":\"pt-BR\",\"@id\":\"https:\/\/noticiasemdestaque.com\/cd\/#\/schema\/logo\/image\/\",\"url\":\"https:\/\/noticiasemdestaque.com\/cd\/wp-content\/uploads\/2022\/05\/imagem-base-noticiasemdestaque.png\",\"contentUrl\":\"https:\/\/noticiasemdestaque.com\/cd\/wp-content\/uploads\/2022\/05\/imagem-base-noticiasemdestaque.png\",\"width\":1200,\"height\":630,\"caption\":\"Not\u00edcias em Destaque\"},\"image\":{\"@id\":\"https:\/\/noticiasemdestaque.com\/cd\/#\/schema\/logo\/image\/\"}},{\"@type\":\"Person\",\"@id\":\"https:\/\/noticiasemdestaque.com\/cd\/#\/schema\/person\/47f7d4f55eec17c6b2ca036c5500f6ce\",\"name\":\"Not\u00edcias em Destaque\",\"url\":\"https:\/\/noticiasemdestaque.com\/cd\/?author=2\"}]}<\/script>\n<!-- \/ Yoast SEO plugin. -->","yoast_head_json":{"title":"Mundo registrou 30 casos de p\u00f3lio em 2018, diz OMS - Not&iacute;cias em Destaque","robots":{"index":"index","follow":"follow","max-snippet":"max-snippet:-1","max-image-preview":"max-image-preview:large","max-video-preview":"max-video-preview:-1"},"canonical":"https:\/\/noticiasemdestaque.com\/cd\/?p=14761","og_locale":"pt_BR","og_type":"article","og_title":"Mundo registrou 30 casos de p\u00f3lio em 2018, diz OMS - Not&iacute;cias em Destaque","og_description":"H\u00e1 30 anos, o v\u00edrus selvagem da poliomielite paralisava cerca de 350 mil crian\u00e7as em mais de 125 pa\u00edses todos os anos. Dados divulgados hoje (4) pela Organiza\u00e7\u00e3o Mundial da Sa\u00fade (OMS) mostram que, em 2018, apenas 30 casos da doen\u00e7a foram notificados em dois pa\u00edses \u2013 Afeganist\u00e3o e Paquist\u00e3o. O mundo, segundo a entidade, est\u00e1 \u00e0 beira de um sucesso sem precedentes na sa\u00fade p\u00fablica: a erradica\u00e7\u00e3o global da doen\u00e7a. \u201cA OMS e seus parceiros da Iniciativa Global para Erradica\u00e7\u00e3o da P\u00f3lio se comprometem a apoiar integralmente os governos do Afeganist\u00e3o e do Paquist\u00e3o para combater a doen\u00e7a em seus \u00faltimos redutos e livrar-se dessa doen\u00e7a debilitante de uma vez por todas\u201d, destacou a organiza\u00e7\u00e3o, por meio de comunicado. De acordo com a nota, a erradica\u00e7\u00e3o da p\u00f3lio exige altas coberturas vacinais em todo o planeta para que se consiga bloquear a transmiss\u00e3o de um v\u00edrus extremamente contagioso. Infelizmente, segundo a OMS, algumas crian\u00e7as permanecem sem acesso \u00e0s doses adequadas por motivos diversos, incluindo falta de infraestrutura, localidades remotas, migra\u00e7\u00e3o, conflitos, inseguran\u00e7a e resist\u00eancia \u00e0 vacina\u00e7\u00e3o. \u201cA meta das equipes em solo no Afeganist\u00e3o e no Paquist\u00e3o \u00e9 muito clara: localizar e vacinar todas as crian\u00e7as antes que o v\u00edrus chegue at\u00e9 elas. Esses pa\u00edses alcan\u00e7aram enorme progresso. H\u00e1 20 anos o poliov\u00edrus paralisava mais de 340 mil crian\u00e7as em todo o Paquist\u00e3o. Em 2018, apenas oito casos foram reportados em alguns distritos.\u201d A OMS destacou, entretanto, que o processo de erradica\u00e7\u00e3o da p\u00f3lio deve ser um esfor\u00e7o no sentido \u201ctudo ou nada\u201d e que uma poss\u00edvel falha em acabar com esses \u00faltimos redutos poderia resultar no ressurgimento da doen\u00e7a, chegando a at\u00e9 200 mil novos casos em todo o mundo num prazo de dez anos. \u201cEstamos no caminho certo para alcan\u00e7ar o sucesso. Um Paquist\u00e3o e um Afeganist\u00e3o livres da p\u00f3lio significam um mundo livre da p\u00f3lio\u201d, concluiu a organiza\u00e7\u00e3o, citando que a erradica\u00e7\u00e3o da doen\u00e7a poderia economizar entre US$ 40 bilh\u00f5es e US$ 50 bilh\u00f5es, sendo a maioria em pa\u00edses de baixa renda. \u201cE os benef\u00edcios humanit\u00e1rios ser\u00e3o sustentados para as gera\u00e7\u00f5es futuras: nenhuma crian\u00e7a jamais seria afetada novamente por essa terr\u00edvel doen\u00e7a\u201d. Not\u00edcias em Destaque Com EBC","og_url":"https:\/\/noticiasemdestaque.com\/cd\/?p=14761","og_site_name":"Not&iacute;cias em Destaque","article_published_time":"2019-01-04T15:33:29+00:00","og_image":[{"width":700,"height":470,"url":"https:\/\/noticiasemdestaque.com\/cd\/wp-content\/uploads\/2019\/01\/1_17_02_2018_vacinao_praca_simon_bolivar_foto_andrezza_mariot_60_-5903467.jpg","type":"image\/jpeg"}],"author":"Not\u00edcias em Destaque","twitter_card":"summary_large_image","twitter_misc":{"Escrito por":"Not\u00edcias em Destaque","Est. tempo de leitura":"2 minutos"},"schema":{"@context":"https:\/\/schema.org","@graph":[{"@type":"Article","@id":"https:\/\/noticiasemdestaque.com\/cd\/?p=14761#article","isPartOf":{"@id":"https:\/\/noticiasemdestaque.com\/cd\/?p=14761"},"author":{"name":"Not\u00edcias em Destaque","@id":"https:\/\/noticiasemdestaque.com\/cd\/#\/schema\/person\/47f7d4f55eec17c6b2ca036c5500f6ce"},"headline":"Mundo registrou 30 casos de p\u00f3lio em 2018, diz OMS","datePublished":"2019-01-04T15:33:29+00:00","mainEntityOfPage":{"@id":"https:\/\/noticiasemdestaque.com\/cd\/?p=14761"},"wordCount":416,"publisher":{"@id":"https:\/\/noticiasemdestaque.com\/cd\/#organization"},"image":{"@id":"https:\/\/noticiasemdestaque.com\/cd\/?p=14761#primaryimage"},"thumbnailUrl":"https:\/\/noticiasemdestaque.com\/cd\/wp-content\/uploads\/2019\/01\/1_17_02_2018_vacinao_praca_simon_bolivar_foto_andrezza_mariot_60_-5903467.jpg","articleSection":["Sa\u00fade"],"inLanguage":"pt-BR"},{"@type":"WebPage","@id":"https:\/\/noticiasemdestaque.com\/cd\/?p=14761","url":"https:\/\/noticiasemdestaque.com\/cd\/?p=14761","name":"Mundo registrou 30 casos de p\u00f3lio em 2018, diz OMS - Not&iacute;cias em Destaque","isPartOf":{"@id":"https:\/\/noticiasemdestaque.com\/cd\/#website"},"primaryImageOfPage":{"@id":"https:\/\/noticiasemdestaque.com\/cd\/?p=14761#primaryimage"},"image":{"@id":"https:\/\/noticiasemdestaque.com\/cd\/?p=14761#primaryimage"},"thumbnailUrl":"https:\/\/noticiasemdestaque.com\/cd\/wp-content\/uploads\/2019\/01\/1_17_02_2018_vacinao_praca_simon_bolivar_foto_andrezza_mariot_60_-5903467.jpg","datePublished":"2019-01-04T15:33:29+00:00","breadcrumb":{"@id":"https:\/\/noticiasemdestaque.com\/cd\/?p=14761#breadcrumb"},"inLanguage":"pt-BR","potentialAction":[{"@type":"ReadAction","target":["https:\/\/noticiasemdestaque.com\/cd\/?p=14761"]}]},{"@type":"ImageObject","inLanguage":"pt-BR","@id":"https:\/\/noticiasemdestaque.com\/cd\/?p=14761#primaryimage","url":"https:\/\/noticiasemdestaque.com\/cd\/wp-content\/uploads\/2019\/01\/1_17_02_2018_vacinao_praca_simon_bolivar_foto_andrezza_mariot_60_-5903467.jpg","contentUrl":"https:\/\/noticiasemdestaque.com\/cd\/wp-content\/uploads\/2019\/01\/1_17_02_2018_vacinao_praca_simon_bolivar_foto_andrezza_mariot_60_-5903467.jpg","width":700,"height":470},{"@type":"BreadcrumbList","@id":"https:\/\/noticiasemdestaque.com\/cd\/?p=14761#breadcrumb","itemListElement":[{"@type":"ListItem","position":1,"name":"In\u00edcio","item":"https:\/\/noticiasemdestaque.com\/cd\/"},{"@type":"ListItem","position":2,"name":"Mundo registrou 30 casos de p\u00f3lio em 2018, diz OMS"}]},{"@type":"WebSite","@id":"https:\/\/noticiasemdestaque.com\/cd\/#website","url":"https:\/\/noticiasemdestaque.com\/cd\/","name":"Not&iacute;cias em Destaque","description":"","publisher":{"@id":"https:\/\/noticiasemdestaque.com\/cd\/#organization"},"potentialAction":[{"@type":"SearchAction","target":{"@type":"EntryPoint","urlTemplate":"https:\/\/noticiasemdestaque.com\/cd\/?s={search_term_string}"},"query-input":{"@type":"PropertyValueSpecification","valueRequired":true,"valueName":"search_term_string"}}],"inLanguage":"pt-BR"},{"@type":"Organization","@id":"https:\/\/noticiasemdestaque.com\/cd\/#organization","name":"Not\u00edcias em Destaque","url":"https:\/\/noticiasemdestaque.com\/cd\/","logo":{"@type":"ImageObject","inLanguage":"pt-BR","@id":"https:\/\/noticiasemdestaque.com\/cd\/#\/schema\/logo\/image\/","url":"https:\/\/noticiasemdestaque.com\/cd\/wp-content\/uploads\/2022\/05\/imagem-base-noticiasemdestaque.png","contentUrl":"https:\/\/noticiasemdestaque.com\/cd\/wp-content\/uploads\/2022\/05\/imagem-base-noticiasemdestaque.png","width":1200,"height":630,"caption":"Not\u00edcias em Destaque"},"image":{"@id":"https:\/\/noticiasemdestaque.com\/cd\/#\/schema\/logo\/image\/"}},{"@type":"Person","@id":"https:\/\/noticiasemdestaque.com\/cd\/#\/schema\/person\/47f7d4f55eec17c6b2ca036c5500f6ce","name":"Not\u00edcias em Destaque","url":"https:\/\/noticiasemdestaque.com\/cd\/?author=2"}]}},"jetpack_featured_media_url":"https:\/\/noticiasemdestaque.com\/cd\/wp-content\/uploads\/2019\/01\/1_17_02_2018_vacinao_praca_simon_bolivar_foto_andrezza_mariot_60_-5903467.jpg","jetpack_sharing_enabled":true,"_links":{"self":[{"href":"https:\/\/noticiasemdestaque.com\/cd\/index.php?rest_route=\/wp\/v2\/posts\/14761","targetHints":{"allow":["GET"]}}],"collection":[{"href":"https:\/\/noticiasemdestaque.com\/cd\/index.php?rest_route=\/wp\/v2\/posts"}],"about":[{"href":"https:\/\/noticiasemdestaque.com\/cd\/index.php?rest_route=\/wp\/v2\/types\/post"}],"author":[{"embeddable":true,"href":"https:\/\/noticiasemdestaque.com\/cd\/index.php?rest_route=\/wp\/v2\/users\/2"}],"replies":[{"embeddable":true,"href":"https:\/\/noticiasemdestaque.com\/cd\/index.php?rest_route=%2Fwp%2Fv2%2Fcomments&post=14761"}],"version-history":[{"count":1,"href":"https:\/\/noticiasemdestaque.com\/cd\/index.php?rest_route=\/wp\/v2\/posts\/14761\/revisions"}],"predecessor-version":[{"id":14763,"href":"https:\/\/noticiasemdestaque.com\/cd\/index.php?rest_route=\/wp\/v2\/posts\/14761\/revisions\/14763"}],"wp:featuredmedia":[{"embeddable":true,"href":"https:\/\/noticiasemdestaque.com\/cd\/index.php?rest_route=\/wp\/v2\/media\/14762"}],"wp:attachment":[{"href":"https:\/\/noticiasemdestaque.com\/cd\/index.php?rest_route=%2Fwp%2Fv2%2Fmedia&parent=14761"}],"wp:term":[{"taxonomy":"category","embeddable":true,"href":"https:\/\/noticiasemdestaque.com\/cd\/index.php?rest_route=%2Fwp%2Fv2%2Fcategories&post=14761"},{"taxonomy":"post_tag","embeddable":true,"href":"https:\/\/noticiasemdestaque.com\/cd\/index.php?rest_route=%2Fwp%2Fv2%2Ftags&post=14761"}],"curies":[{"name":"wp","href":"https:\/\/api.w.org\/{rel}","templated":true}]}}